{"id":53772,"date":"2019-06-26T19:50:49","date_gmt":"2019-06-26T22:50:49","guid":{"rendered":"http:\/\/diariotextual.com\/inicio\/?p=53772"},"modified":"2019-06-27T12:47:55","modified_gmt":"2019-06-27T15:47:55","slug":"femicidio-valeria-la-confesion-enzo-gauna-fue-filmada-la-comisaria","status":"publish","type":"post","link":"https:\/\/diariotextual.com\/inicio\/index.php\/2019\/06\/26\/femicidio-valeria-la-confesion-enzo-gauna-fue-filmada-la-comisaria\/","title":{"rendered":"El femicidio de Valeria: la confesi\u00f3n de Enzo Gauna fue filmada en la comisar\u00eda"},"content":{"rendered":"<p>El caso<a href=\"http:\/\/diariotextual.com\/inicio\/index.php\/2019\/06\/25\/femicidio-general-pico\/\" target=\"_blank\" rel=\"noopener\"><strong> del femicidio de Valeria Coggiola (35 a\u00f1os)<\/strong><\/a>, de Pico, est\u00e1 \u00abpr\u00e1cticamente resuelto\u00bb, coincidieron este mi\u00e9rcoles fuentes judiciales y policiales. <strong>Enzo Gauna (27 a\u00f1os)<\/strong>, el changar\u00edn y boxeador de Catril\u00f3, no declar\u00f3 cuando estuvo frente a los fiscales, pero <strong>confes\u00f3 el brutal asesinato, con lujo de detalles, a sus amigos, a su expareja y hasta los polic\u00edas y testigos presenciales en la comisar\u00eda de Catril\u00f3<\/strong>, pudo saber <strong>Diario Textual<\/strong> de fuentes ligadas a la investigaci\u00f3n.<\/p>\n<p><img fetchpriority=\"high\" decoding=\"async\" class=\"alignnone wp-image-53564 size-full\" src=\"http:\/\/diariotextual.com\/inicio\/wp-content\/uploads\/2019\/06\/gaunaenzodeencion2019-2.jpg\" alt=\"\" width=\"680\" height=\"423\" srcset=\"https:\/\/diariotextual.com\/inicio\/wp-content\/uploads\/2019\/06\/gaunaenzodeencion2019-2.jpg 680w, https:\/\/diariotextual.com\/inicio\/wp-content\/uploads\/2019\/06\/gaunaenzodeencion2019-2-300x187.jpg 300w, https:\/\/diariotextual.com\/inicio\/wp-content\/uploads\/2019\/06\/gaunaenzodeencion2019-2-585x364.jpg 585w\" sizes=\"(max-width: 680px) 100vw, 680px\" \/><\/p>\n<p>\u00abIncluso <strong>revel\u00f3 &#8216;los motivos&#8217; por los cuales la asesin\u00f3\u00bb, dijeron los informantes<\/strong>. Todo eso las autoridades se cuidan de contar p\u00fablicamente, por el momento, pero se conocer\u00e1 una vez que comiencen a desfilar, para declarar, los testigos que escucharon la confesi\u00f3n de Gauna. Lo har\u00e1n desde este viernes.<\/p>\n<p>\u00bfQu\u00e9 se conoce p\u00fablicamente hasta ahora? Que Gauna estaba de novio o en pareja con Valeria desde noviembre de 2018. <strong>Nunca hubo denuncias por violencia de g\u00e9nero en esa relaci\u00f3n. Tampoco los familiares o amigos de Valeria mencionaron que hayan observado situaciones de violencia entre ellos.<\/strong><\/p>\n<p>Gauna es de Catril\u00f3, donde hace changas. El lunes 24 viaj\u00f3 desde su pueblo a Pico a visitar a Valeria, quien era mam\u00e1 de tres nenes de entre 3 y 13 a\u00f1os, de otra relaci\u00f3n.<\/p>\n<p>Estuvo desde las 9 horas de la ma\u00f1ana de ese lunes hasta las 5 de la madrugada del martes, minutos despu\u00e9s de cometer el asesinato, en la casa de la calle 106 entre 23 y 25, en el barrio <strong>El Molino<\/strong>.<\/p>\n<p><strong>Le dio unas 20 pu\u00f1aladas, con una cuchilla de cocina:<\/strong> 16 en el cuello, dos en el torso y dos en el abdomen. \u00abFue de una sa\u00f1a indescriptible\u00bb, dijeron investigadores.<\/p>\n<p>En la casa estaban dos de los tres hijos de Valeria. Se encontraban durmiendo en una habitaci\u00f3n contigua.<\/p>\n<p><strong>Gauna huy\u00f3 del lugar. Cerr\u00f3 la puerta de ingreso y dej\u00f3 la llave fuera.<\/strong> Tom\u00f3<strong> la moto de Valeria, con la que se traslad\u00f3 a la terminal de \u00f3mnibus.<\/strong> Desde all\u00ed <strong>se comunic\u00f3, por tel\u00e9fono, con un \u00abconocido o amigo\u00bb de Catril\u00f3<\/strong>.<strong> Le confes\u00f3 el asesinato y le pidi\u00f3 que lo fuera a buscar a Quem\u00fa<\/strong>.<\/p>\n<p>Gauna tom\u00f3 un rem\u00eds, con el que lleg\u00f3 a Quem\u00fa. All\u00ed lo esper\u00f3 su amigo, con el que se traslad\u00f3 en esos 45 kil\u00f3metros a Catril\u00f3.<\/p>\n<p><strong>Lo llev\u00f3 a la casa de la expareja de Gauna.<\/strong> Tienen, en com\u00fan, un nene de 7 a\u00f1os.<strong> All\u00ed se sac\u00f3 la ropa que ten\u00eda rastros de sangre, se ba\u00f1\u00f3 y tambi\u00e9n le cont\u00f3 a su ex que hab\u00eda asesinado a Valeria<\/strong>.<\/p>\n<p><strong>\u00abHubo varias personas a las que le cont\u00f3 que cometi\u00f3 el crimen y tambi\u00e9n intent\u00f3 dar sus motivos\u00bb<\/strong>, dijeron los investigadores a Diario Textual.<\/p>\n<p>Finalmente fue detenido por la Polic\u00eda. <strong>All\u00ed, tambi\u00e9n frente a los uniformados, comenz\u00f3 a contar c\u00f3mo hab\u00eda cometido el crimen. Las autoridades policiales se comunicaron con el fiscal Armando Ag\u00fcero. Se decidi\u00f3 filmar su relato.<\/strong><\/p>\n<p>Paralelamente, Ag\u00fcero y otras autoridades judiciales y policiales concurrieron a la casa de Valeria para verificar el relato de Gauna.<\/p>\n<p><img decoding=\"async\" class=\"alignnone wp-image-53623 \" src=\"http:\/\/diariotextual.com\/inicio\/wp-content\/uploads\/2019\/06\/coggiolavaleria33.jpg\" alt=\"\" width=\"660\" height=\"442\" srcset=\"https:\/\/diariotextual.com\/inicio\/wp-content\/uploads\/2019\/06\/coggiolavaleria33.jpg 951w, https:\/\/diariotextual.com\/inicio\/wp-content\/uploads\/2019\/06\/coggiolavaleria33-300x201.jpg 300w, https:\/\/diariotextual.com\/inicio\/wp-content\/uploads\/2019\/06\/coggiolavaleria33-768x514.jpg 768w, https:\/\/diariotextual.com\/inicio\/wp-content\/uploads\/2019\/06\/coggiolavaleria33-585x392.jpg 585w, https:\/\/diariotextual.com\/inicio\/wp-content\/uploads\/2019\/06\/coggiolavaleria33-263x175.jpg 263w\" sizes=\"(max-width: 660px) 100vw, 660px\" \/><\/p>\n<p>Ni bien llegaron, y mientras esperaban a personal de la Agencia de Investigaci\u00f3n Cient\u00edfica, escucharon llantos y gritos:<strong> eran los dos nenes, que se hab\u00edan despertado y hab\u00edan visto a su mam\u00e1 muerta.<\/strong> Abrieron la puerta y los retiraron.<\/p>\n<p>El imputado <strong>no estaba ni borracho ni drogado.<\/strong> Fue trasladado a Pico. El lunes, a las 20 horas, estuvo frente a los fiscales en los Tribunales<strong>. Se neg\u00f3 a declarar.<\/strong><\/p>\n<p>Unos minutos despu\u00e9s fue llevado a<strong> una audiencia de formalizaci\u00f3n<\/strong>. All\u00ed, frente al juez\u00a0de control Alejandro Gilardenghi,\u00a0los fiscales Ivana Hern\u00e1ndez, Guillermo Komarofky y Armando Ag\u00fcero relataron c\u00f3mo hab\u00eda sido el crimen y de qu\u00e9 delito se lo acusa:<strong> de\u00a0homicidio agravado por haber sido cometido contra una pareja o ex pareja y mediado violencia de g\u00e9nero, con una pena en expectativa de unos 35 a\u00f1os de prisi\u00f3n<\/strong>.<\/p>\n<p>Gauna, en la audiencia, se mantuvo imperturbable. A su lado estuvo el\u00a0abogado defensor Walter Vaccaro.<\/p>\n<p>&nbsp;<\/p>\n<p>&nbsp;<\/p>\n","protected":false},"excerpt":{"rendered":"<p>El caso del femicidio de Valeria Coggiola (35 a\u00f1os), de Pico, est\u00e1 \u00abpr\u00e1cticamente resuelto\u00bb, coincidieron este mi\u00e9rcoles fuentes judiciales y policiales. Enzo Gauna (27 a\u00f1os), el changar\u00edn y boxeador de&hellip;<\/p>\n","protected":false},"author":3,"featured_media":53551,"comment_status":"closed","ping_status":"open","sticky":false,"template":"","format":"standard","meta":{"_acf_changed":false,"footnotes":""},"categories":[11,319,12],"tags":[755,2049],"class_list":["post-53772","post","type-post","status-publish","format-standard","has-post-thumbnail","hentry","category-que-pasa","category-a-temporales","category-sociedad","tag-femicidio","tag-gauna"],"acf":[],"yoast_head":"<!-- This site is optimized with the Yoast SEO plugin v27.5 - https:\/\/yoast.com\/product\/yoast-seo-wordpress\/ -->\n<title>El femicidio de Valeria: la confesi\u00f3n de Enzo Gauna fue filmada en la comisar\u00eda - Diario Textual<\/title>\n<meta name=\"robots\" content=\"index, follow, max-snippet:-1, max-image-preview:large, max-video-preview:-1\" \/>\n<link rel=\"canonical\" href=\"https:\/\/diariotextual.com\/inicio\/index.php\/2019\/06\/26\/femicidio-valeria-la-confesion-enzo-gauna-fue-filmada-la-comisaria\/\" \/>\n<meta property=\"og:locale\" content=\"es_ES\" \/>\n<meta property=\"og:type\" content=\"article\" \/>\n<meta property=\"og:title\" content=\"El femicidio de Valeria: la confesi\u00f3n de Enzo Gauna fue filmada en la comisar\u00eda - Diario Textual\" \/>\n<meta property=\"og:description\" content=\"El caso del femicidio de Valeria Coggiola (35 a\u00f1os), de Pico, est\u00e1 \u00abpr\u00e1cticamente resuelto\u00bb, coincidieron este mi\u00e9rcoles fuentes judiciales y policiales. Enzo Gauna (27 a\u00f1os), el changar\u00edn y boxeador de&hellip;\" \/>\n<meta property=\"og:url\" content=\"https:\/\/diariotextual.com\/inicio\/index.php\/2019\/06\/26\/femicidio-valeria-la-confesion-enzo-gauna-fue-filmada-la-comisaria\/\" \/>\n<meta property=\"og:site_name\" content=\"Diario Textual\" \/>\n<meta property=\"article:publisher\" content=\"https:\/\/www.facebook.com\/eltextual\" \/>\n<meta property=\"article:published_time\" content=\"2019-06-26T22:50:49+00:00\" \/>\n<meta property=\"article:modified_time\" content=\"2019-06-27T15:47:55+00:00\" \/>\n<meta property=\"og:image\" content=\"https:\/\/diariotextual.com\/inicio\/wp-content\/uploads\/2019\/06\/gauna.jpg\" \/>\n\t<meta property=\"og:image:width\" content=\"960\" \/>\n\t<meta property=\"og:image:height\" content=\"720\" \/>\n\t<meta property=\"og:image:type\" content=\"image\/jpeg\" \/>\n<meta name=\"author\" content=\"Diario1 Diario1\" \/>\n<meta name=\"twitter:card\" content=\"summary_large_image\" \/>\n<meta name=\"twitter:creator\" content=\"@eltextual\" \/>\n<meta name=\"twitter:site\" content=\"@eltextual\" \/>\n<meta name=\"twitter:label1\" content=\"Escrito por\" \/>\n\t<meta name=\"twitter:data1\" content=\"Diario1 Diario1\" \/>\n\t<meta name=\"twitter:label2\" content=\"Tiempo de lectura\" \/>\n\t<meta name=\"twitter:data2\" content=\"3 minutos\" \/>\n<script type=\"application\/ld+json\" class=\"yoast-schema-graph\">{\"@context\":\"https:\\\/\\\/schema.org\",\"@graph\":[{\"@type\":\"Article\",\"@id\":\"https:\\\/\\\/diariotextual.com\\\/inicio\\\/index.php\\\/2019\\\/06\\\/26\\\/femicidio-valeria-la-confesion-enzo-gauna-fue-filmada-la-comisaria\\\/#article\",\"isPartOf\":{\"@id\":\"https:\\\/\\\/diariotextual.com\\\/inicio\\\/index.php\\\/2019\\\/06\\\/26\\\/femicidio-valeria-la-confesion-enzo-gauna-fue-filmada-la-comisaria\\\/\"},\"author\":{\"name\":\"Diario1 Diario1\",\"@id\":\"https:\\\/\\\/diariotextual.com\\\/inicio\\\/#\\\/schema\\\/person\\\/418fc4093c33e86ed41562db3508f958\"},\"headline\":\"El femicidio de Valeria: la confesi\u00f3n de Enzo Gauna fue filmada en la comisar\u00eda\",\"datePublished\":\"2019-06-26T22:50:49+00:00\",\"dateModified\":\"2019-06-27T15:47:55+00:00\",\"mainEntityOfPage\":{\"@id\":\"https:\\\/\\\/diariotextual.com\\\/inicio\\\/index.php\\\/2019\\\/06\\\/26\\\/femicidio-valeria-la-confesion-enzo-gauna-fue-filmada-la-comisaria\\\/\"},\"wordCount\":701,\"publisher\":{\"@id\":\"https:\\\/\\\/diariotextual.com\\\/inicio\\\/#organization\"},\"image\":{\"@id\":\"https:\\\/\\\/diariotextual.com\\\/inicio\\\/index.php\\\/2019\\\/06\\\/26\\\/femicidio-valeria-la-confesion-enzo-gauna-fue-filmada-la-comisaria\\\/#primaryimage\"},\"thumbnailUrl\":\"https:\\\/\\\/diariotextual.com\\\/inicio\\\/wp-content\\\/uploads\\\/2019\\\/06\\\/gauna.jpg\",\"keywords\":[\"femicidio\",\"gauna\"],\"articleSection\":[\"A - QUE PASA (al costado)\",\"A - TEMPORALES\",\"SOCIEDAD\"],\"inLanguage\":\"es\"},{\"@type\":\"WebPage\",\"@id\":\"https:\\\/\\\/diariotextual.com\\\/inicio\\\/index.php\\\/2019\\\/06\\\/26\\\/femicidio-valeria-la-confesion-enzo-gauna-fue-filmada-la-comisaria\\\/\",\"url\":\"https:\\\/\\\/diariotextual.com\\\/inicio\\\/index.php\\\/2019\\\/06\\\/26\\\/femicidio-valeria-la-confesion-enzo-gauna-fue-filmada-la-comisaria\\\/\",\"name\":\"El femicidio de Valeria: la confesi\u00f3n de Enzo Gauna fue filmada en la comisar\u00eda - Diario Textual\",\"isPartOf\":{\"@id\":\"https:\\\/\\\/diariotextual.com\\\/inicio\\\/#website\"},\"primaryImageOfPage\":{\"@id\":\"https:\\\/\\\/diariotextual.com\\\/inicio\\\/index.php\\\/2019\\\/06\\\/26\\\/femicidio-valeria-la-confesion-enzo-gauna-fue-filmada-la-comisaria\\\/#primaryimage\"},\"image\":{\"@id\":\"https:\\\/\\\/diariotextual.com\\\/inicio\\\/index.php\\\/2019\\\/06\\\/26\\\/femicidio-valeria-la-confesion-enzo-gauna-fue-filmada-la-comisaria\\\/#primaryimage\"},\"thumbnailUrl\":\"https:\\\/\\\/diariotextual.com\\\/inicio\\\/wp-content\\\/uploads\\\/2019\\\/06\\\/gauna.jpg\",\"datePublished\":\"2019-06-26T22:50:49+00:00\",\"dateModified\":\"2019-06-27T15:47:55+00:00\",\"breadcrumb\":{\"@id\":\"https:\\\/\\\/diariotextual.com\\\/inicio\\\/index.php\\\/2019\\\/06\\\/26\\\/femicidio-valeria-la-confesion-enzo-gauna-fue-filmada-la-comisaria\\\/#breadcrumb\"},\"inLanguage\":\"es\",\"potentialAction\":[{\"@type\":\"ReadAction\",\"target\":[\"https:\\\/\\\/diariotextual.com\\\/inicio\\\/index.php\\\/2019\\\/06\\\/26\\\/femicidio-valeria-la-confesion-enzo-gauna-fue-filmada-la-comisaria\\\/\"]}]},{\"@type\":\"ImageObject\",\"inLanguage\":\"es\",\"@id\":\"https:\\\/\\\/diariotextual.com\\\/inicio\\\/index.php\\\/2019\\\/06\\\/26\\\/femicidio-valeria-la-confesion-enzo-gauna-fue-filmada-la-comisaria\\\/#primaryimage\",\"url\":\"https:\\\/\\\/diariotextual.com\\\/inicio\\\/wp-content\\\/uploads\\\/2019\\\/06\\\/gauna.jpg\",\"contentUrl\":\"https:\\\/\\\/diariotextual.com\\\/inicio\\\/wp-content\\\/uploads\\\/2019\\\/06\\\/gauna.jpg\",\"width\":960,\"height\":720},{\"@type\":\"BreadcrumbList\",\"@id\":\"https:\\\/\\\/diariotextual.com\\\/inicio\\\/index.php\\\/2019\\\/06\\\/26\\\/femicidio-valeria-la-confesion-enzo-gauna-fue-filmada-la-comisaria\\\/#breadcrumb\",\"itemListElement\":[{\"@type\":\"ListItem\",\"position\":1,\"name\":\"Portada\",\"item\":\"https:\\\/\\\/diariotextual.com\\\/inicio\\\/\"},{\"@type\":\"ListItem\",\"position\":2,\"name\":\"El femicidio de Valeria: la confesi\u00f3n de Enzo Gauna fue filmada en la comisar\u00eda\"}]},{\"@type\":\"WebSite\",\"@id\":\"https:\\\/\\\/diariotextual.com\\\/inicio\\\/#website\",\"url\":\"https:\\\/\\\/diariotextual.com\\\/inicio\\\/\",\"name\":\"Diario Textual\",\"description\":\"\",\"publisher\":{\"@id\":\"https:\\\/\\\/diariotextual.com\\\/inicio\\\/#organization\"},\"potentialAction\":[{\"@type\":\"SearchAction\",\"target\":{\"@type\":\"EntryPoint\",\"urlTemplate\":\"https:\\\/\\\/diariotextual.com\\\/inicio\\\/?s={search_term_string}\"},\"query-input\":{\"@type\":\"PropertyValueSpecification\",\"valueRequired\":true,\"valueName\":\"search_term_string\"}}],\"inLanguage\":\"es\"},{\"@type\":\"Organization\",\"@id\":\"https:\\\/\\\/diariotextual.com\\\/inicio\\\/#organization\",\"name\":\"Diario Textual\",\"url\":\"https:\\\/\\\/diariotextual.com\\\/inicio\\\/\",\"logo\":{\"@type\":\"ImageObject\",\"inLanguage\":\"es\",\"@id\":\"https:\\\/\\\/diariotextual.com\\\/inicio\\\/#\\\/schema\\\/logo\\\/image\\\/\",\"url\":\"https:\\\/\\\/diariotextual.com\\\/inicio\\\/wp-content\\\/uploads\\\/2023\\\/05\\\/logotextual1.jpg\",\"contentUrl\":\"https:\\\/\\\/diariotextual.com\\\/inicio\\\/wp-content\\\/uploads\\\/2023\\\/05\\\/logotextual1.jpg\",\"width\":516,\"height\":76,\"caption\":\"Diario Textual\"},\"image\":{\"@id\":\"https:\\\/\\\/diariotextual.com\\\/inicio\\\/#\\\/schema\\\/logo\\\/image\\\/\"},\"sameAs\":[\"https:\\\/\\\/www.facebook.com\\\/eltextual\",\"https:\\\/\\\/x.com\\\/eltextual\",\"http:\\\/\\\/www.instagram.com\\\/eltextual\"]},{\"@type\":\"Person\",\"@id\":\"https:\\\/\\\/diariotextual.com\\\/inicio\\\/#\\\/schema\\\/person\\\/418fc4093c33e86ed41562db3508f958\",\"name\":\"Diario1 Diario1\",\"image\":{\"@type\":\"ImageObject\",\"inLanguage\":\"es\",\"@id\":\"https:\\\/\\\/secure.gravatar.com\\\/avatar\\\/9167d280179c85bc18be67aa7eda765854300033af4896dd779b608640f2ef7a?s=96&d=mm&r=g\",\"url\":\"https:\\\/\\\/secure.gravatar.com\\\/avatar\\\/9167d280179c85bc18be67aa7eda765854300033af4896dd779b608640f2ef7a?s=96&d=mm&r=g\",\"contentUrl\":\"https:\\\/\\\/secure.gravatar.com\\\/avatar\\\/9167d280179c85bc18be67aa7eda765854300033af4896dd779b608640f2ef7a?s=96&d=mm&r=g\",\"caption\":\"Diario1 Diario1\"},\"url\":\"https:\\\/\\\/diariotextual.com\\\/inicio\\\/index.php\\\/author\\\/diario1\\\/\"}]}<\/script>\n<!-- \/ Yoast SEO plugin. -->","yoast_head_json":{"title":"El femicidio de Valeria: la confesi\u00f3n de Enzo Gauna fue filmada en la comisar\u00eda - Diario Textual","robots":{"index":"index","follow":"follow","max-snippet":"max-snippet:-1","max-image-preview":"max-image-preview:large","max-video-preview":"max-video-preview:-1"},"canonical":"https:\/\/diariotextual.com\/inicio\/index.php\/2019\/06\/26\/femicidio-valeria-la-confesion-enzo-gauna-fue-filmada-la-comisaria\/","og_locale":"es_ES","og_type":"article","og_title":"El femicidio de Valeria: la confesi\u00f3n de Enzo Gauna fue filmada en la comisar\u00eda - Diario Textual","og_description":"El caso del femicidio de Valeria Coggiola (35 a\u00f1os), de Pico, est\u00e1 \u00abpr\u00e1cticamente resuelto\u00bb, coincidieron este mi\u00e9rcoles fuentes judiciales y policiales. Enzo Gauna (27 a\u00f1os), el changar\u00edn y boxeador de&hellip;","og_url":"https:\/\/diariotextual.com\/inicio\/index.php\/2019\/06\/26\/femicidio-valeria-la-confesion-enzo-gauna-fue-filmada-la-comisaria\/","og_site_name":"Diario Textual","article_publisher":"https:\/\/www.facebook.com\/eltextual","article_published_time":"2019-06-26T22:50:49+00:00","article_modified_time":"2019-06-27T15:47:55+00:00","og_image":[{"width":960,"height":720,"url":"https:\/\/diariotextual.com\/inicio\/wp-content\/uploads\/2019\/06\/gauna.jpg","type":"image\/jpeg"}],"author":"Diario1 Diario1","twitter_card":"summary_large_image","twitter_creator":"@eltextual","twitter_site":"@eltextual","twitter_misc":{"Escrito por":"Diario1 Diario1","Tiempo de lectura":"3 minutos"},"schema":{"@context":"https:\/\/schema.org","@graph":[{"@type":"Article","@id":"https:\/\/diariotextual.com\/inicio\/index.php\/2019\/06\/26\/femicidio-valeria-la-confesion-enzo-gauna-fue-filmada-la-comisaria\/#article","isPartOf":{"@id":"https:\/\/diariotextual.com\/inicio\/index.php\/2019\/06\/26\/femicidio-valeria-la-confesion-enzo-gauna-fue-filmada-la-comisaria\/"},"author":{"name":"Diario1 Diario1","@id":"https:\/\/diariotextual.com\/inicio\/#\/schema\/person\/418fc4093c33e86ed41562db3508f958"},"headline":"El femicidio de Valeria: la confesi\u00f3n de Enzo Gauna fue filmada en la comisar\u00eda","datePublished":"2019-06-26T22:50:49+00:00","dateModified":"2019-06-27T15:47:55+00:00","mainEntityOfPage":{"@id":"https:\/\/diariotextual.com\/inicio\/index.php\/2019\/06\/26\/femicidio-valeria-la-confesion-enzo-gauna-fue-filmada-la-comisaria\/"},"wordCount":701,"publisher":{"@id":"https:\/\/diariotextual.com\/inicio\/#organization"},"image":{"@id":"https:\/\/diariotextual.com\/inicio\/index.php\/2019\/06\/26\/femicidio-valeria-la-confesion-enzo-gauna-fue-filmada-la-comisaria\/#primaryimage"},"thumbnailUrl":"https:\/\/diariotextual.com\/inicio\/wp-content\/uploads\/2019\/06\/gauna.jpg","keywords":["femicidio","gauna"],"articleSection":["A - QUE PASA (al costado)","A - TEMPORALES","SOCIEDAD"],"inLanguage":"es"},{"@type":"WebPage","@id":"https:\/\/diariotextual.com\/inicio\/index.php\/2019\/06\/26\/femicidio-valeria-la-confesion-enzo-gauna-fue-filmada-la-comisaria\/","url":"https:\/\/diariotextual.com\/inicio\/index.php\/2019\/06\/26\/femicidio-valeria-la-confesion-enzo-gauna-fue-filmada-la-comisaria\/","name":"El femicidio de Valeria: la confesi\u00f3n de Enzo Gauna fue filmada en la comisar\u00eda - Diario Textual","isPartOf":{"@id":"https:\/\/diariotextual.com\/inicio\/#website"},"primaryImageOfPage":{"@id":"https:\/\/diariotextual.com\/inicio\/index.php\/2019\/06\/26\/femicidio-valeria-la-confesion-enzo-gauna-fue-filmada-la-comisaria\/#primaryimage"},"image":{"@id":"https:\/\/diariotextual.com\/inicio\/index.php\/2019\/06\/26\/femicidio-valeria-la-confesion-enzo-gauna-fue-filmada-la-comisaria\/#primaryimage"},"thumbnailUrl":"https:\/\/diariotextual.com\/inicio\/wp-content\/uploads\/2019\/06\/gauna.jpg","datePublished":"2019-06-26T22:50:49+00:00","dateModified":"2019-06-27T15:47:55+00:00","breadcrumb":{"@id":"https:\/\/diariotextual.com\/inicio\/index.php\/2019\/06\/26\/femicidio-valeria-la-confesion-enzo-gauna-fue-filmada-la-comisaria\/#breadcrumb"},"inLanguage":"es","potentialAction":[{"@type":"ReadAction","target":["https:\/\/diariotextual.com\/inicio\/index.php\/2019\/06\/26\/femicidio-valeria-la-confesion-enzo-gauna-fue-filmada-la-comisaria\/"]}]},{"@type":"ImageObject","inLanguage":"es","@id":"https:\/\/diariotextual.com\/inicio\/index.php\/2019\/06\/26\/femicidio-valeria-la-confesion-enzo-gauna-fue-filmada-la-comisaria\/#primaryimage","url":"https:\/\/diariotextual.com\/inicio\/wp-content\/uploads\/2019\/06\/gauna.jpg","contentUrl":"https:\/\/diariotextual.com\/inicio\/wp-content\/uploads\/2019\/06\/gauna.jpg","width":960,"height":720},{"@type":"BreadcrumbList","@id":"https:\/\/diariotextual.com\/inicio\/index.php\/2019\/06\/26\/femicidio-valeria-la-confesion-enzo-gauna-fue-filmada-la-comisaria\/#breadcrumb","itemListElement":[{"@type":"ListItem","position":1,"name":"Portada","item":"https:\/\/diariotextual.com\/inicio\/"},{"@type":"ListItem","position":2,"name":"El femicidio de Valeria: la confesi\u00f3n de Enzo Gauna fue filmada en la comisar\u00eda"}]},{"@type":"WebSite","@id":"https:\/\/diariotextual.com\/inicio\/#website","url":"https:\/\/diariotextual.com\/inicio\/","name":"Diario Textual","description":"","publisher":{"@id":"https:\/\/diariotextual.com\/inicio\/#organization"},"potentialAction":[{"@type":"SearchAction","target":{"@type":"EntryPoint","urlTemplate":"https:\/\/diariotextual.com\/inicio\/?s={search_term_string}"},"query-input":{"@type":"PropertyValueSpecification","valueRequired":true,"valueName":"search_term_string"}}],"inLanguage":"es"},{"@type":"Organization","@id":"https:\/\/diariotextual.com\/inicio\/#organization","name":"Diario Textual","url":"https:\/\/diariotextual.com\/inicio\/","logo":{"@type":"ImageObject","inLanguage":"es","@id":"https:\/\/diariotextual.com\/inicio\/#\/schema\/logo\/image\/","url":"https:\/\/diariotextual.com\/inicio\/wp-content\/uploads\/2023\/05\/logotextual1.jpg","contentUrl":"https:\/\/diariotextual.com\/inicio\/wp-content\/uploads\/2023\/05\/logotextual1.jpg","width":516,"height":76,"caption":"Diario Textual"},"image":{"@id":"https:\/\/diariotextual.com\/inicio\/#\/schema\/logo\/image\/"},"sameAs":["https:\/\/www.facebook.com\/eltextual","https:\/\/x.com\/eltextual","http:\/\/www.instagram.com\/eltextual"]},{"@type":"Person","@id":"https:\/\/diariotextual.com\/inicio\/#\/schema\/person\/418fc4093c33e86ed41562db3508f958","name":"Diario1 Diario1","image":{"@type":"ImageObject","inLanguage":"es","@id":"https:\/\/secure.gravatar.com\/avatar\/9167d280179c85bc18be67aa7eda765854300033af4896dd779b608640f2ef7a?s=96&d=mm&r=g","url":"https:\/\/secure.gravatar.com\/avatar\/9167d280179c85bc18be67aa7eda765854300033af4896dd779b608640f2ef7a?s=96&d=mm&r=g","contentUrl":"https:\/\/secure.gravatar.com\/avatar\/9167d280179c85bc18be67aa7eda765854300033af4896dd779b608640f2ef7a?s=96&d=mm&r=g","caption":"Diario1 Diario1"},"url":"https:\/\/diariotextual.com\/inicio\/index.php\/author\/diario1\/"}]}},"_links":{"self":[{"href":"https:\/\/diariotextual.com\/inicio\/index.php\/wp-json\/wp\/v2\/posts\/53772","targetHints":{"allow":["GET"]}}],"collection":[{"href":"https:\/\/diariotextual.com\/inicio\/index.php\/wp-json\/wp\/v2\/posts"}],"about":[{"href":"https:\/\/diariotextual.com\/inicio\/index.php\/wp-json\/wp\/v2\/types\/post"}],"author":[{"embeddable":true,"href":"https:\/\/diariotextual.com\/inicio\/index.php\/wp-json\/wp\/v2\/users\/3"}],"replies":[{"embeddable":true,"href":"https:\/\/diariotextual.com\/inicio\/index.php\/wp-json\/wp\/v2\/comments?post=53772"}],"version-history":[{"count":7,"href":"https:\/\/diariotextual.com\/inicio\/index.php\/wp-json\/wp\/v2\/posts\/53772\/revisions"}],"predecessor-version":[{"id":53806,"href":"https:\/\/diariotextual.com\/inicio\/index.php\/wp-json\/wp\/v2\/posts\/53772\/revisions\/53806"}],"wp:featuredmedia":[{"embeddable":true,"href":"https:\/\/diariotextual.com\/inicio\/index.php\/wp-json\/wp\/v2\/media\/53551"}],"wp:attachment":[{"href":"https:\/\/diariotextual.com\/inicio\/index.php\/wp-json\/wp\/v2\/media?parent=53772"}],"wp:term":[{"taxonomy":"category","embeddable":true,"href":"https:\/\/diariotextual.com\/inicio\/index.php\/wp-json\/wp\/v2\/categories?post=53772"},{"taxonomy":"post_tag","embeddable":true,"href":"https:\/\/diariotextual.com\/inicio\/index.php\/wp-json\/wp\/v2\/tags?post=53772"}],"curies":[{"name":"wp","href":"https:\/\/api.w.org\/{rel}","templated":true}]}}