{"id":53788,"date":"2019-06-26T19:58:44","date_gmt":"2019-06-26T22:58:44","guid":{"rendered":"http:\/\/diariotextual.com\/inicio\/?p=53788"},"modified":"2019-06-27T10:17:00","modified_gmt":"2019-06-27T13:17:00","slug":"verna-ziliotto-se-reunieron-cfk-alberto-fernandez","status":"publish","type":"post","link":"https:\/\/diariotextual.com\/inicio\/index.php\/2019\/06\/26\/verna-ziliotto-se-reunieron-cfk-alberto-fernandez\/","title":{"rendered":"Cumbre en el Instituto Patria: Verna y Ziliotto se reunieron con CFK y Alberto"},"content":{"rendered":"<p>Hubo <strong>cumbre<\/strong> en el <strong>Instituto Patria<\/strong>. El gobernador pampeano<strong> Carlos Verna<\/strong>, el flamante mandatario electo <strong>Sergio Ziliotto<\/strong>\u00a0y los candidatos a diputados nacionales titulares del Frente de Todos, <strong>Hern\u00e1n P\u00e9rez Araujo <\/strong>y <strong>Carmina Besga<\/strong>, participaron en la tarde de hoy de una reuni\u00f3n con la f\u00f3rmula presidencial integrada por <strong>Alberto Fern\u00e1ndez<\/strong> y Cristina <strong>Fern\u00e1ndez de Kirchner.<\/strong><\/p>\n<p>&nbsp;<\/p>\n<p><img fetchpriority=\"high\" decoding=\"async\" class=\"alignnone wp-image-53790 size-large\" src=\"http:\/\/diariotextual.com\/inicio\/wp-content\/uploads\/2019\/06\/IMG-20190626-WA0029-1024x677.jpg\" alt=\"\" width=\"1024\" height=\"677\" srcset=\"https:\/\/diariotextual.com\/inicio\/wp-content\/uploads\/2019\/06\/IMG-20190626-WA0029-1024x677.jpg 1024w, https:\/\/diariotextual.com\/inicio\/wp-content\/uploads\/2019\/06\/IMG-20190626-WA0029-300x198.jpg 300w, https:\/\/diariotextual.com\/inicio\/wp-content\/uploads\/2019\/06\/IMG-20190626-WA0029-768x508.jpg 768w, https:\/\/diariotextual.com\/inicio\/wp-content\/uploads\/2019\/06\/IMG-20190626-WA0029-1170x773.jpg 1170w, https:\/\/diariotextual.com\/inicio\/wp-content\/uploads\/2019\/06\/IMG-20190626-WA0029-780x516.jpg 780w, https:\/\/diariotextual.com\/inicio\/wp-content\/uploads\/2019\/06\/IMG-20190626-WA0029-585x387.jpg 585w, https:\/\/diariotextual.com\/inicio\/wp-content\/uploads\/2019\/06\/IMG-20190626-WA0029-263x175.jpg 263w, https:\/\/diariotextual.com\/inicio\/wp-content\/uploads\/2019\/06\/IMG-20190626-WA0029.jpg 1280w\" sizes=\"(max-width: 1024px) 100vw, 1024px\" \/><\/p>\n<p>&nbsp;<\/p>\n<p>Se encontraron, informaron desde el PJ pampeano, para<strong> analizar la coyuntura pol\u00edtica argentina<\/strong> con vistas a las pr\u00f3ximas PASO nacionales. <strong>Coincidieron en que Argentina y La Pampa no resisten cuatro a\u00f1os m\u00e1s de Mauricio Macri<\/strong>.<\/p>\n<p>\u00abLo central de las conversaciones gir\u00f3 en torno de la coordinaci\u00f3n de futuras acciones con el Gobierno Provincial si a la f\u00f3rmula Fern\u00e1ndez-Fern\u00e1ndez le corresponde hacerse cargo del Ejecutivo Nacional este a\u00f1o, con temas espec\u00edficos y sensibles de inter\u00e9s para todos los pampeanos\u00bb, dijeron informantes del encuentro.<\/p>\n<p>&nbsp;<\/p>\n<p>&nbsp;<\/p>\n<p>&nbsp;<\/p>\n<p>&nbsp;<\/p>\n","protected":false},"excerpt":{"rendered":"<p>Hubo cumbre en el Instituto Patria. El gobernador pampeano Carlos Verna, el flamante mandatario electo Sergio Ziliotto\u00a0y los candidatos a diputados nacionales titulares del Frente de Todos, Hern\u00e1n P\u00e9rez Araujo&hellip;<\/p>\n","protected":false},"author":3,"featured_media":53794,"comment_status":"closed","ping_status":"open","sticky":false,"template":"","format":"standard","meta":{"_acf_changed":false,"footnotes":""},"categories":[11,319,8],"tags":[31,2052,424],"class_list":["post-53788","post","type-post","status-publish","format-standard","has-post-thumbnail","hentry","category-que-pasa","category-a-temporales","category-politica","tag-cristina","tag-sergio","tag-ziliotto"],"acf":[],"yoast_head":"<!-- This site is optimized with the Yoast SEO plugin v27.5 - https:\/\/yoast.com\/product\/yoast-seo-wordpress\/ -->\n<title>Cumbre en el Instituto Patria: Verna y Ziliotto se reunieron con CFK y Alberto - Diario Textual<\/title>\n<meta name=\"robots\" content=\"index, follow, max-snippet:-1, max-image-preview:large, max-video-preview:-1\" \/>\n<link rel=\"canonical\" href=\"https:\/\/diariotextual.com\/inicio\/index.php\/2019\/06\/26\/verna-ziliotto-se-reunieron-cfk-alberto-fernandez\/\" \/>\n<meta property=\"og:locale\" content=\"es_ES\" \/>\n<meta property=\"og:type\" content=\"article\" \/>\n<meta property=\"og:title\" content=\"Cumbre en el Instituto Patria: Verna y Ziliotto se reunieron con CFK y Alberto - Diario Textual\" \/>\n<meta property=\"og:description\" content=\"Hubo cumbre en el Instituto Patria. El gobernador pampeano Carlos Verna, el flamante mandatario electo Sergio Ziliotto\u00a0y los candidatos a diputados nacionales titulares del Frente de Todos, Hern\u00e1n P\u00e9rez Araujo&hellip;\" \/>\n<meta property=\"og:url\" content=\"https:\/\/diariotextual.com\/inicio\/index.php\/2019\/06\/26\/verna-ziliotto-se-reunieron-cfk-alberto-fernandez\/\" \/>\n<meta property=\"og:site_name\" content=\"Diario Textual\" \/>\n<meta property=\"article:publisher\" content=\"https:\/\/www.facebook.com\/eltextual\" \/>\n<meta property=\"article:published_time\" content=\"2019-06-26T22:58:44+00:00\" \/>\n<meta property=\"article:modified_time\" content=\"2019-06-27T13:17:00+00:00\" \/>\n<meta property=\"og:image\" content=\"https:\/\/diariotextual.com\/inicio\/wp-content\/uploads\/2019\/06\/ziliottovernacristinaalbertofernandez2019-1.jpg\" \/>\n\t<meta property=\"og:image:width\" content=\"1159\" \/>\n\t<meta property=\"og:image:height\" content=\"769\" \/>\n\t<meta property=\"og:image:type\" content=\"image\/jpeg\" \/>\n<meta name=\"author\" content=\"Diario1 Diario1\" \/>\n<meta name=\"twitter:card\" content=\"summary_large_image\" \/>\n<meta name=\"twitter:creator\" content=\"@eltextual\" \/>\n<meta name=\"twitter:site\" content=\"@eltextual\" \/>\n<meta name=\"twitter:label1\" content=\"Escrito por\" \/>\n\t<meta name=\"twitter:data1\" content=\"Diario1 Diario1\" \/>\n\t<meta name=\"twitter:label2\" content=\"Tiempo de lectura\" \/>\n\t<meta name=\"twitter:data2\" content=\"1 minuto\" \/>\n<script type=\"application\/ld+json\" class=\"yoast-schema-graph\">{\"@context\":\"https:\\\/\\\/schema.org\",\"@graph\":[{\"@type\":\"Article\",\"@id\":\"https:\\\/\\\/diariotextual.com\\\/inicio\\\/index.php\\\/2019\\\/06\\\/26\\\/verna-ziliotto-se-reunieron-cfk-alberto-fernandez\\\/#article\",\"isPartOf\":{\"@id\":\"https:\\\/\\\/diariotextual.com\\\/inicio\\\/index.php\\\/2019\\\/06\\\/26\\\/verna-ziliotto-se-reunieron-cfk-alberto-fernandez\\\/\"},\"author\":{\"name\":\"Diario1 Diario1\",\"@id\":\"https:\\\/\\\/diariotextual.com\\\/inicio\\\/#\\\/schema\\\/person\\\/418fc4093c33e86ed41562db3508f958\"},\"headline\":\"Cumbre en el Instituto Patria: Verna y Ziliotto se reunieron con CFK y Alberto\",\"datePublished\":\"2019-06-26T22:58:44+00:00\",\"dateModified\":\"2019-06-27T13:17:00+00:00\",\"mainEntityOfPage\":{\"@id\":\"https:\\\/\\\/diariotextual.com\\\/inicio\\\/index.php\\\/2019\\\/06\\\/26\\\/verna-ziliotto-se-reunieron-cfk-alberto-fernandez\\\/\"},\"wordCount\":175,\"publisher\":{\"@id\":\"https:\\\/\\\/diariotextual.com\\\/inicio\\\/#organization\"},\"image\":{\"@id\":\"https:\\\/\\\/diariotextual.com\\\/inicio\\\/index.php\\\/2019\\\/06\\\/26\\\/verna-ziliotto-se-reunieron-cfk-alberto-fernandez\\\/#primaryimage\"},\"thumbnailUrl\":\"https:\\\/\\\/diariotextual.com\\\/inicio\\\/wp-content\\\/uploads\\\/2019\\\/06\\\/ziliottovernacristinaalbertofernandez2019-1.jpg\",\"keywords\":[\"cristina\",\"sergio\",\"ziliotto\"],\"articleSection\":[\"A - QUE PASA (al costado)\",\"A - TEMPORALES\",\"POLITICA\"],\"inLanguage\":\"es\"},{\"@type\":\"WebPage\",\"@id\":\"https:\\\/\\\/diariotextual.com\\\/inicio\\\/index.php\\\/2019\\\/06\\\/26\\\/verna-ziliotto-se-reunieron-cfk-alberto-fernandez\\\/\",\"url\":\"https:\\\/\\\/diariotextual.com\\\/inicio\\\/index.php\\\/2019\\\/06\\\/26\\\/verna-ziliotto-se-reunieron-cfk-alberto-fernandez\\\/\",\"name\":\"Cumbre en el Instituto Patria: Verna y Ziliotto se reunieron con CFK y Alberto - Diario Textual\",\"isPartOf\":{\"@id\":\"https:\\\/\\\/diariotextual.com\\\/inicio\\\/#website\"},\"primaryImageOfPage\":{\"@id\":\"https:\\\/\\\/diariotextual.com\\\/inicio\\\/index.php\\\/2019\\\/06\\\/26\\\/verna-ziliotto-se-reunieron-cfk-alberto-fernandez\\\/#primaryimage\"},\"image\":{\"@id\":\"https:\\\/\\\/diariotextual.com\\\/inicio\\\/index.php\\\/2019\\\/06\\\/26\\\/verna-ziliotto-se-reunieron-cfk-alberto-fernandez\\\/#primaryimage\"},\"thumbnailUrl\":\"https:\\\/\\\/diariotextual.com\\\/inicio\\\/wp-content\\\/uploads\\\/2019\\\/06\\\/ziliottovernacristinaalbertofernandez2019-1.jpg\",\"datePublished\":\"2019-06-26T22:58:44+00:00\",\"dateModified\":\"2019-06-27T13:17:00+00:00\",\"breadcrumb\":{\"@id\":\"https:\\\/\\\/diariotextual.com\\\/inicio\\\/index.php\\\/2019\\\/06\\\/26\\\/verna-ziliotto-se-reunieron-cfk-alberto-fernandez\\\/#breadcrumb\"},\"inLanguage\":\"es\",\"potentialAction\":[{\"@type\":\"ReadAction\",\"target\":[\"https:\\\/\\\/diariotextual.com\\\/inicio\\\/index.php\\\/2019\\\/06\\\/26\\\/verna-ziliotto-se-reunieron-cfk-alberto-fernandez\\\/\"]}]},{\"@type\":\"ImageObject\",\"inLanguage\":\"es\",\"@id\":\"https:\\\/\\\/diariotextual.com\\\/inicio\\\/index.php\\\/2019\\\/06\\\/26\\\/verna-ziliotto-se-reunieron-cfk-alberto-fernandez\\\/#primaryimage\",\"url\":\"https:\\\/\\\/diariotextual.com\\\/inicio\\\/wp-content\\\/uploads\\\/2019\\\/06\\\/ziliottovernacristinaalbertofernandez2019-1.jpg\",\"contentUrl\":\"https:\\\/\\\/diariotextual.com\\\/inicio\\\/wp-content\\\/uploads\\\/2019\\\/06\\\/ziliottovernacristinaalbertofernandez2019-1.jpg\",\"width\":1159,\"height\":769},{\"@type\":\"BreadcrumbList\",\"@id\":\"https:\\\/\\\/diariotextual.com\\\/inicio\\\/index.php\\\/2019\\\/06\\\/26\\\/verna-ziliotto-se-reunieron-cfk-alberto-fernandez\\\/#breadcrumb\",\"itemListElement\":[{\"@type\":\"ListItem\",\"position\":1,\"name\":\"Portada\",\"item\":\"https:\\\/\\\/diariotextual.com\\\/inicio\\\/\"},{\"@type\":\"ListItem\",\"position\":2,\"name\":\"Cumbre en el Instituto Patria: Verna y Ziliotto se reunieron con CFK y Alberto\"}]},{\"@type\":\"WebSite\",\"@id\":\"https:\\\/\\\/diariotextual.com\\\/inicio\\\/#website\",\"url\":\"https:\\\/\\\/diariotextual.com\\\/inicio\\\/\",\"name\":\"Diario Textual\",\"description\":\"\",\"publisher\":{\"@id\":\"https:\\\/\\\/diariotextual.com\\\/inicio\\\/#organization\"},\"potentialAction\":[{\"@type\":\"SearchAction\",\"target\":{\"@type\":\"EntryPoint\",\"urlTemplate\":\"https:\\\/\\\/diariotextual.com\\\/inicio\\\/?s={search_term_string}\"},\"query-input\":{\"@type\":\"PropertyValueSpecification\",\"valueRequired\":true,\"valueName\":\"search_term_string\"}}],\"inLanguage\":\"es\"},{\"@type\":\"Organization\",\"@id\":\"https:\\\/\\\/diariotextual.com\\\/inicio\\\/#organization\",\"name\":\"Diario Textual\",\"url\":\"https:\\\/\\\/diariotextual.com\\\/inicio\\\/\",\"logo\":{\"@type\":\"ImageObject\",\"inLanguage\":\"es\",\"@id\":\"https:\\\/\\\/diariotextual.com\\\/inicio\\\/#\\\/schema\\\/logo\\\/image\\\/\",\"url\":\"https:\\\/\\\/diariotextual.com\\\/inicio\\\/wp-content\\\/uploads\\\/2023\\\/05\\\/logotextual1.jpg\",\"contentUrl\":\"https:\\\/\\\/diariotextual.com\\\/inicio\\\/wp-content\\\/uploads\\\/2023\\\/05\\\/logotextual1.jpg\",\"width\":516,\"height\":76,\"caption\":\"Diario Textual\"},\"image\":{\"@id\":\"https:\\\/\\\/diariotextual.com\\\/inicio\\\/#\\\/schema\\\/logo\\\/image\\\/\"},\"sameAs\":[\"https:\\\/\\\/www.facebook.com\\\/eltextual\",\"https:\\\/\\\/x.com\\\/eltextual\",\"http:\\\/\\\/www.instagram.com\\\/eltextual\"]},{\"@type\":\"Person\",\"@id\":\"https:\\\/\\\/diariotextual.com\\\/inicio\\\/#\\\/schema\\\/person\\\/418fc4093c33e86ed41562db3508f958\",\"name\":\"Diario1 Diario1\",\"image\":{\"@type\":\"ImageObject\",\"inLanguage\":\"es\",\"@id\":\"https:\\\/\\\/secure.gravatar.com\\\/avatar\\\/9167d280179c85bc18be67aa7eda765854300033af4896dd779b608640f2ef7a?s=96&d=mm&r=g\",\"url\":\"https:\\\/\\\/secure.gravatar.com\\\/avatar\\\/9167d280179c85bc18be67aa7eda765854300033af4896dd779b608640f2ef7a?s=96&d=mm&r=g\",\"contentUrl\":\"https:\\\/\\\/secure.gravatar.com\\\/avatar\\\/9167d280179c85bc18be67aa7eda765854300033af4896dd779b608640f2ef7a?s=96&d=mm&r=g\",\"caption\":\"Diario1 Diario1\"},\"url\":\"https:\\\/\\\/diariotextual.com\\\/inicio\\\/index.php\\\/author\\\/diario1\\\/\"}]}<\/script>\n<!-- \/ Yoast SEO plugin. -->","yoast_head_json":{"title":"Cumbre en el Instituto Patria: Verna y Ziliotto se reunieron con CFK y Alberto - Diario Textual","robots":{"index":"index","follow":"follow","max-snippet":"max-snippet:-1","max-image-preview":"max-image-preview:large","max-video-preview":"max-video-preview:-1"},"canonical":"https:\/\/diariotextual.com\/inicio\/index.php\/2019\/06\/26\/verna-ziliotto-se-reunieron-cfk-alberto-fernandez\/","og_locale":"es_ES","og_type":"article","og_title":"Cumbre en el Instituto Patria: Verna y Ziliotto se reunieron con CFK y Alberto - Diario Textual","og_description":"Hubo cumbre en el Instituto Patria. El gobernador pampeano Carlos Verna, el flamante mandatario electo Sergio Ziliotto\u00a0y los candidatos a diputados nacionales titulares del Frente de Todos, Hern\u00e1n P\u00e9rez Araujo&hellip;","og_url":"https:\/\/diariotextual.com\/inicio\/index.php\/2019\/06\/26\/verna-ziliotto-se-reunieron-cfk-alberto-fernandez\/","og_site_name":"Diario Textual","article_publisher":"https:\/\/www.facebook.com\/eltextual","article_published_time":"2019-06-26T22:58:44+00:00","article_modified_time":"2019-06-27T13:17:00+00:00","og_image":[{"width":1159,"height":769,"url":"https:\/\/diariotextual.com\/inicio\/wp-content\/uploads\/2019\/06\/ziliottovernacristinaalbertofernandez2019-1.jpg","type":"image\/jpeg"}],"author":"Diario1 Diario1","twitter_card":"summary_large_image","twitter_creator":"@eltextual","twitter_site":"@eltextual","twitter_misc":{"Escrito por":"Diario1 Diario1","Tiempo de lectura":"1 minuto"},"schema":{"@context":"https:\/\/schema.org","@graph":[{"@type":"Article","@id":"https:\/\/diariotextual.com\/inicio\/index.php\/2019\/06\/26\/verna-ziliotto-se-reunieron-cfk-alberto-fernandez\/#article","isPartOf":{"@id":"https:\/\/diariotextual.com\/inicio\/index.php\/2019\/06\/26\/verna-ziliotto-se-reunieron-cfk-alberto-fernandez\/"},"author":{"name":"Diario1 Diario1","@id":"https:\/\/diariotextual.com\/inicio\/#\/schema\/person\/418fc4093c33e86ed41562db3508f958"},"headline":"Cumbre en el Instituto Patria: Verna y Ziliotto se reunieron con CFK y Alberto","datePublished":"2019-06-26T22:58:44+00:00","dateModified":"2019-06-27T13:17:00+00:00","mainEntityOfPage":{"@id":"https:\/\/diariotextual.com\/inicio\/index.php\/2019\/06\/26\/verna-ziliotto-se-reunieron-cfk-alberto-fernandez\/"},"wordCount":175,"publisher":{"@id":"https:\/\/diariotextual.com\/inicio\/#organization"},"image":{"@id":"https:\/\/diariotextual.com\/inicio\/index.php\/2019\/06\/26\/verna-ziliotto-se-reunieron-cfk-alberto-fernandez\/#primaryimage"},"thumbnailUrl":"https:\/\/diariotextual.com\/inicio\/wp-content\/uploads\/2019\/06\/ziliottovernacristinaalbertofernandez2019-1.jpg","keywords":["cristina","sergio","ziliotto"],"articleSection":["A - QUE PASA (al costado)","A - TEMPORALES","POLITICA"],"inLanguage":"es"},{"@type":"WebPage","@id":"https:\/\/diariotextual.com\/inicio\/index.php\/2019\/06\/26\/verna-ziliotto-se-reunieron-cfk-alberto-fernandez\/","url":"https:\/\/diariotextual.com\/inicio\/index.php\/2019\/06\/26\/verna-ziliotto-se-reunieron-cfk-alberto-fernandez\/","name":"Cumbre en el Instituto Patria: Verna y Ziliotto se reunieron con CFK y Alberto - Diario Textual","isPartOf":{"@id":"https:\/\/diariotextual.com\/inicio\/#website"},"primaryImageOfPage":{"@id":"https:\/\/diariotextual.com\/inicio\/index.php\/2019\/06\/26\/verna-ziliotto-se-reunieron-cfk-alberto-fernandez\/#primaryimage"},"image":{"@id":"https:\/\/diariotextual.com\/inicio\/index.php\/2019\/06\/26\/verna-ziliotto-se-reunieron-cfk-alberto-fernandez\/#primaryimage"},"thumbnailUrl":"https:\/\/diariotextual.com\/inicio\/wp-content\/uploads\/2019\/06\/ziliottovernacristinaalbertofernandez2019-1.jpg","datePublished":"2019-06-26T22:58:44+00:00","dateModified":"2019-06-27T13:17:00+00:00","breadcrumb":{"@id":"https:\/\/diariotextual.com\/inicio\/index.php\/2019\/06\/26\/verna-ziliotto-se-reunieron-cfk-alberto-fernandez\/#breadcrumb"},"inLanguage":"es","potentialAction":[{"@type":"ReadAction","target":["https:\/\/diariotextual.com\/inicio\/index.php\/2019\/06\/26\/verna-ziliotto-se-reunieron-cfk-alberto-fernandez\/"]}]},{"@type":"ImageObject","inLanguage":"es","@id":"https:\/\/diariotextual.com\/inicio\/index.php\/2019\/06\/26\/verna-ziliotto-se-reunieron-cfk-alberto-fernandez\/#primaryimage","url":"https:\/\/diariotextual.com\/inicio\/wp-content\/uploads\/2019\/06\/ziliottovernacristinaalbertofernandez2019-1.jpg","contentUrl":"https:\/\/diariotextual.com\/inicio\/wp-content\/uploads\/2019\/06\/ziliottovernacristinaalbertofernandez2019-1.jpg","width":1159,"height":769},{"@type":"BreadcrumbList","@id":"https:\/\/diariotextual.com\/inicio\/index.php\/2019\/06\/26\/verna-ziliotto-se-reunieron-cfk-alberto-fernandez\/#breadcrumb","itemListElement":[{"@type":"ListItem","position":1,"name":"Portada","item":"https:\/\/diariotextual.com\/inicio\/"},{"@type":"ListItem","position":2,"name":"Cumbre en el Instituto Patria: Verna y Ziliotto se reunieron con CFK y Alberto"}]},{"@type":"WebSite","@id":"https:\/\/diariotextual.com\/inicio\/#website","url":"https:\/\/diariotextual.com\/inicio\/","name":"Diario Textual","description":"","publisher":{"@id":"https:\/\/diariotextual.com\/inicio\/#organization"},"potentialAction":[{"@type":"SearchAction","target":{"@type":"EntryPoint","urlTemplate":"https:\/\/diariotextual.com\/inicio\/?s={search_term_string}"},"query-input":{"@type":"PropertyValueSpecification","valueRequired":true,"valueName":"search_term_string"}}],"inLanguage":"es"},{"@type":"Organization","@id":"https:\/\/diariotextual.com\/inicio\/#organization","name":"Diario Textual","url":"https:\/\/diariotextual.com\/inicio\/","logo":{"@type":"ImageObject","inLanguage":"es","@id":"https:\/\/diariotextual.com\/inicio\/#\/schema\/logo\/image\/","url":"https:\/\/diariotextual.com\/inicio\/wp-content\/uploads\/2023\/05\/logotextual1.jpg","contentUrl":"https:\/\/diariotextual.com\/inicio\/wp-content\/uploads\/2023\/05\/logotextual1.jpg","width":516,"height":76,"caption":"Diario Textual"},"image":{"@id":"https:\/\/diariotextual.com\/inicio\/#\/schema\/logo\/image\/"},"sameAs":["https:\/\/www.facebook.com\/eltextual","https:\/\/x.com\/eltextual","http:\/\/www.instagram.com\/eltextual"]},{"@type":"Person","@id":"https:\/\/diariotextual.com\/inicio\/#\/schema\/person\/418fc4093c33e86ed41562db3508f958","name":"Diario1 Diario1","image":{"@type":"ImageObject","inLanguage":"es","@id":"https:\/\/secure.gravatar.com\/avatar\/9167d280179c85bc18be67aa7eda765854300033af4896dd779b608640f2ef7a?s=96&d=mm&r=g","url":"https:\/\/secure.gravatar.com\/avatar\/9167d280179c85bc18be67aa7eda765854300033af4896dd779b608640f2ef7a?s=96&d=mm&r=g","contentUrl":"https:\/\/secure.gravatar.com\/avatar\/9167d280179c85bc18be67aa7eda765854300033af4896dd779b608640f2ef7a?s=96&d=mm&r=g","caption":"Diario1 Diario1"},"url":"https:\/\/diariotextual.com\/inicio\/index.php\/author\/diario1\/"}]}},"_links":{"self":[{"href":"https:\/\/diariotextual.com\/inicio\/index.php\/wp-json\/wp\/v2\/posts\/53788","targetHints":{"allow":["GET"]}}],"collection":[{"href":"https:\/\/diariotextual.com\/inicio\/index.php\/wp-json\/wp\/v2\/posts"}],"about":[{"href":"https:\/\/diariotextual.com\/inicio\/index.php\/wp-json\/wp\/v2\/types\/post"}],"author":[{"embeddable":true,"href":"https:\/\/diariotextual.com\/inicio\/index.php\/wp-json\/wp\/v2\/users\/3"}],"replies":[{"embeddable":true,"href":"https:\/\/diariotextual.com\/inicio\/index.php\/wp-json\/wp\/v2\/comments?post=53788"}],"version-history":[{"count":3,"href":"https:\/\/diariotextual.com\/inicio\/index.php\/wp-json\/wp\/v2\/posts\/53788\/revisions"}],"predecessor-version":[{"id":53793,"href":"https:\/\/diariotextual.com\/inicio\/index.php\/wp-json\/wp\/v2\/posts\/53788\/revisions\/53793"}],"wp:featuredmedia":[{"embeddable":true,"href":"https:\/\/diariotextual.com\/inicio\/index.php\/wp-json\/wp\/v2\/media\/53794"}],"wp:attachment":[{"href":"https:\/\/diariotextual.com\/inicio\/index.php\/wp-json\/wp\/v2\/media?parent=53788"}],"wp:term":[{"taxonomy":"category","embeddable":true,"href":"https:\/\/diariotextual.com\/inicio\/index.php\/wp-json\/wp\/v2\/categories?post=53788"},{"taxonomy":"post_tag","embeddable":true,"href":"https:\/\/diariotextual.com\/inicio\/index.php\/wp-json\/wp\/v2\/tags?post=53788"}],"curies":[{"name":"wp","href":"https:\/\/api.w.org\/{rel}","templated":true}]}}