{"id":53840,"date":"2019-06-27T11:51:56","date_gmt":"2019-06-27T14:51:56","guid":{"rendered":"http:\/\/diariotextual.com\/inicio\/?p=53840"},"modified":"2019-06-28T05:43:56","modified_gmt":"2019-06-28T08:43:56","slug":"la-historia-detras-la-dramatica-foto-del-migrante-hija-muertos-estados-unidos","status":"publish","type":"post","link":"https:\/\/diariotextual.com\/inicio\/index.php\/2019\/06\/27\/la-historia-detras-la-dramatica-foto-del-migrante-hija-muertos-estados-unidos\/","title":{"rendered":"La historia detr\u00e1s de la dram\u00e1tica foto del migrante y su hija muertos en Estados Unidos"},"content":{"rendered":"<p>Una imagen que le est\u00e1 dando la vuelta al mundo ilustra la dureza de la crisis migratoria: un hombre y su hija ahogados en el r\u00edo Bravo.<\/p>\n<p>\u00d3scar Alberto Mart\u00ednez Ram\u00edrez, de 25 a\u00f1os, y su hija Angie Valeria Mart\u00ednez \u00c1valos, de 23 meses, ven\u00edan de El Salvador y trataban de llegar a Estados Unidos.<\/p>\n<p>Rosa Mar\u00eda Ram\u00edrez recuerda con dolor c\u00f3mo fue la despedida de su hijo cuando emprendi\u00f3 el mismo camino que recorren miles de migrantes centroamericanos en busca del \u00absue\u00f1o americano\u00bb.<\/p>\n<p>\u00abYo llor\u00e9 bastante cuando nos despedimos. Yo sent\u00eda en mi coraz\u00f3n que era la \u00faltima vez que lo abrazaba. Le dije que lo amaba mucho, que se cuidara. Igual, \u00e9l me dijo que me amaba y que, primero Dios, \u00e9l iba a pasar y que \u00e9l quer\u00eda ayudarnos a nosotros tambi\u00e9n, a la familia\u00bb, le dijo Ram\u00edrez a la BBC.<\/p>\n<p>&nbsp;<\/p>\n<p>&nbsp;<\/p>\n<p>&nbsp;<\/p>\n<p>&nbsp;<\/p>\n<p>&nbsp;<\/p>\n<p>&nbsp;<\/p>\n","protected":false},"excerpt":{"rendered":"<p>Una imagen que le est\u00e1 dando la vuelta al mundo ilustra la dureza de la crisis migratoria: un hombre y su hija ahogados en el r\u00edo Bravo. \u00d3scar Alberto Mart\u00ednez&hellip;<\/p>\n","protected":false},"author":3,"featured_media":53843,"comment_status":"closed","ping_status":"open","sticky":false,"template":"","format":"standard","meta":{"_acf_changed":false,"footnotes":""},"categories":[319,7],"tags":[],"class_list":["post-53840","post","type-post","status-publish","format-standard","has-post-thumbnail","hentry","category-a-temporales","category-mundo"],"acf":[],"yoast_head":"<!-- This site is optimized with the Yoast SEO plugin v27.4 - https:\/\/yoast.com\/product\/yoast-seo-wordpress\/ -->\n<title>La historia detr\u00e1s de la dram\u00e1tica foto del migrante y su hija muertos en Estados Unidos - Diario Textual<\/title>\n<meta name=\"robots\" content=\"index, follow, max-snippet:-1, max-image-preview:large, max-video-preview:-1\" \/>\n<link rel=\"canonical\" href=\"https:\/\/diariotextual.com\/inicio\/index.php\/2019\/06\/27\/la-historia-detras-la-dramatica-foto-del-migrante-hija-muertos-estados-unidos\/\" \/>\n<meta property=\"og:locale\" content=\"es_ES\" \/>\n<meta property=\"og:type\" content=\"article\" \/>\n<meta property=\"og:title\" content=\"La historia detr\u00e1s de la dram\u00e1tica foto del migrante y su hija muertos en Estados Unidos - Diario Textual\" \/>\n<meta property=\"og:description\" content=\"Una imagen que le est\u00e1 dando la vuelta al mundo ilustra la dureza de la crisis migratoria: un hombre y su hija ahogados en el r\u00edo Bravo. \u00d3scar Alberto Mart\u00ednez&hellip;\" \/>\n<meta property=\"og:url\" content=\"https:\/\/diariotextual.com\/inicio\/index.php\/2019\/06\/27\/la-historia-detras-la-dramatica-foto-del-migrante-hija-muertos-estados-unidos\/\" \/>\n<meta property=\"og:site_name\" content=\"Diario Textual\" \/>\n<meta property=\"article:publisher\" content=\"https:\/\/www.facebook.com\/eltextual\" \/>\n<meta property=\"article:published_time\" content=\"2019-06-27T14:51:56+00:00\" \/>\n<meta property=\"article:modified_time\" content=\"2019-06-28T08:43:56+00:00\" \/>\n<meta property=\"og:image\" content=\"https:\/\/diariotextual.com\/inicio\/wp-content\/uploads\/2019\/06\/migrantemuertoriobravo2019-1.jpg\" \/>\n\t<meta property=\"og:image:width\" content=\"1050\" \/>\n\t<meta property=\"og:image:height\" content=\"700\" \/>\n\t<meta property=\"og:image:type\" content=\"image\/jpeg\" \/>\n<meta name=\"author\" content=\"Diario1 Diario1\" \/>\n<meta name=\"twitter:card\" content=\"summary_large_image\" \/>\n<meta name=\"twitter:creator\" content=\"@eltextual\" \/>\n<meta name=\"twitter:site\" content=\"@eltextual\" \/>\n<meta name=\"twitter:label1\" content=\"Escrito por\" \/>\n\t<meta name=\"twitter:data1\" content=\"Diario1 Diario1\" \/>\n\t<meta name=\"twitter:label2\" content=\"Tiempo de lectura\" \/>\n\t<meta name=\"twitter:data2\" content=\"1 minuto\" \/>\n<script type=\"application\/ld+json\" class=\"yoast-schema-graph\">{\"@context\":\"https:\\\/\\\/schema.org\",\"@graph\":[{\"@type\":\"Article\",\"@id\":\"https:\\\/\\\/diariotextual.com\\\/inicio\\\/index.php\\\/2019\\\/06\\\/27\\\/la-historia-detras-la-dramatica-foto-del-migrante-hija-muertos-estados-unidos\\\/#article\",\"isPartOf\":{\"@id\":\"https:\\\/\\\/diariotextual.com\\\/inicio\\\/index.php\\\/2019\\\/06\\\/27\\\/la-historia-detras-la-dramatica-foto-del-migrante-hija-muertos-estados-unidos\\\/\"},\"author\":{\"name\":\"Diario1 Diario1\",\"@id\":\"https:\\\/\\\/diariotextual.com\\\/inicio\\\/#\\\/schema\\\/person\\\/418fc4093c33e86ed41562db3508f958\"},\"headline\":\"La historia detr\u00e1s de la dram\u00e1tica foto del migrante y su hija muertos en Estados Unidos\",\"datePublished\":\"2019-06-27T14:51:56+00:00\",\"dateModified\":\"2019-06-28T08:43:56+00:00\",\"mainEntityOfPage\":{\"@id\":\"https:\\\/\\\/diariotextual.com\\\/inicio\\\/index.php\\\/2019\\\/06\\\/27\\\/la-historia-detras-la-dramatica-foto-del-migrante-hija-muertos-estados-unidos\\\/\"},\"wordCount\":181,\"publisher\":{\"@id\":\"https:\\\/\\\/diariotextual.com\\\/inicio\\\/#organization\"},\"image\":{\"@id\":\"https:\\\/\\\/diariotextual.com\\\/inicio\\\/index.php\\\/2019\\\/06\\\/27\\\/la-historia-detras-la-dramatica-foto-del-migrante-hija-muertos-estados-unidos\\\/#primaryimage\"},\"thumbnailUrl\":\"https:\\\/\\\/diariotextual.com\\\/inicio\\\/wp-content\\\/uploads\\\/2019\\\/06\\\/migrantemuertoriobravo2019-1.jpg\",\"articleSection\":[\"A - TEMPORALES\",\"MUNDO\"],\"inLanguage\":\"es\"},{\"@type\":\"WebPage\",\"@id\":\"https:\\\/\\\/diariotextual.com\\\/inicio\\\/index.php\\\/2019\\\/06\\\/27\\\/la-historia-detras-la-dramatica-foto-del-migrante-hija-muertos-estados-unidos\\\/\",\"url\":\"https:\\\/\\\/diariotextual.com\\\/inicio\\\/index.php\\\/2019\\\/06\\\/27\\\/la-historia-detras-la-dramatica-foto-del-migrante-hija-muertos-estados-unidos\\\/\",\"name\":\"La historia detr\u00e1s de la dram\u00e1tica foto del migrante y su hija muertos en Estados Unidos - Diario Textual\",\"isPartOf\":{\"@id\":\"https:\\\/\\\/diariotextual.com\\\/inicio\\\/#website\"},\"primaryImageOfPage\":{\"@id\":\"https:\\\/\\\/diariotextual.com\\\/inicio\\\/index.php\\\/2019\\\/06\\\/27\\\/la-historia-detras-la-dramatica-foto-del-migrante-hija-muertos-estados-unidos\\\/#primaryimage\"},\"image\":{\"@id\":\"https:\\\/\\\/diariotextual.com\\\/inicio\\\/index.php\\\/2019\\\/06\\\/27\\\/la-historia-detras-la-dramatica-foto-del-migrante-hija-muertos-estados-unidos\\\/#primaryimage\"},\"thumbnailUrl\":\"https:\\\/\\\/diariotextual.com\\\/inicio\\\/wp-content\\\/uploads\\\/2019\\\/06\\\/migrantemuertoriobravo2019-1.jpg\",\"datePublished\":\"2019-06-27T14:51:56+00:00\",\"dateModified\":\"2019-06-28T08:43:56+00:00\",\"breadcrumb\":{\"@id\":\"https:\\\/\\\/diariotextual.com\\\/inicio\\\/index.php\\\/2019\\\/06\\\/27\\\/la-historia-detras-la-dramatica-foto-del-migrante-hija-muertos-estados-unidos\\\/#breadcrumb\"},\"inLanguage\":\"es\",\"potentialAction\":[{\"@type\":\"ReadAction\",\"target\":[\"https:\\\/\\\/diariotextual.com\\\/inicio\\\/index.php\\\/2019\\\/06\\\/27\\\/la-historia-detras-la-dramatica-foto-del-migrante-hija-muertos-estados-unidos\\\/\"]}]},{\"@type\":\"ImageObject\",\"inLanguage\":\"es\",\"@id\":\"https:\\\/\\\/diariotextual.com\\\/inicio\\\/index.php\\\/2019\\\/06\\\/27\\\/la-historia-detras-la-dramatica-foto-del-migrante-hija-muertos-estados-unidos\\\/#primaryimage\",\"url\":\"https:\\\/\\\/diariotextual.com\\\/inicio\\\/wp-content\\\/uploads\\\/2019\\\/06\\\/migrantemuertoriobravo2019-1.jpg\",\"contentUrl\":\"https:\\\/\\\/diariotextual.com\\\/inicio\\\/wp-content\\\/uploads\\\/2019\\\/06\\\/migrantemuertoriobravo2019-1.jpg\",\"width\":1050,\"height\":700},{\"@type\":\"BreadcrumbList\",\"@id\":\"https:\\\/\\\/diariotextual.com\\\/inicio\\\/index.php\\\/2019\\\/06\\\/27\\\/la-historia-detras-la-dramatica-foto-del-migrante-hija-muertos-estados-unidos\\\/#breadcrumb\",\"itemListElement\":[{\"@type\":\"ListItem\",\"position\":1,\"name\":\"Portada\",\"item\":\"https:\\\/\\\/diariotextual.com\\\/inicio\\\/\"},{\"@type\":\"ListItem\",\"position\":2,\"name\":\"La historia detr\u00e1s de la dram\u00e1tica foto del migrante y su hija muertos en Estados Unidos\"}]},{\"@type\":\"WebSite\",\"@id\":\"https:\\\/\\\/diariotextual.com\\\/inicio\\\/#website\",\"url\":\"https:\\\/\\\/diariotextual.com\\\/inicio\\\/\",\"name\":\"Diario Textual\",\"description\":\"\",\"publisher\":{\"@id\":\"https:\\\/\\\/diariotextual.com\\\/inicio\\\/#organization\"},\"potentialAction\":[{\"@type\":\"SearchAction\",\"target\":{\"@type\":\"EntryPoint\",\"urlTemplate\":\"https:\\\/\\\/diariotextual.com\\\/inicio\\\/?s={search_term_string}\"},\"query-input\":{\"@type\":\"PropertyValueSpecification\",\"valueRequired\":true,\"valueName\":\"search_term_string\"}}],\"inLanguage\":\"es\"},{\"@type\":\"Organization\",\"@id\":\"https:\\\/\\\/diariotextual.com\\\/inicio\\\/#organization\",\"name\":\"Diario Textual\",\"url\":\"https:\\\/\\\/diariotextual.com\\\/inicio\\\/\",\"logo\":{\"@type\":\"ImageObject\",\"inLanguage\":\"es\",\"@id\":\"https:\\\/\\\/diariotextual.com\\\/inicio\\\/#\\\/schema\\\/logo\\\/image\\\/\",\"url\":\"https:\\\/\\\/diariotextual.com\\\/inicio\\\/wp-content\\\/uploads\\\/2023\\\/05\\\/logotextual1.jpg\",\"contentUrl\":\"https:\\\/\\\/diariotextual.com\\\/inicio\\\/wp-content\\\/uploads\\\/2023\\\/05\\\/logotextual1.jpg\",\"width\":516,\"height\":76,\"caption\":\"Diario Textual\"},\"image\":{\"@id\":\"https:\\\/\\\/diariotextual.com\\\/inicio\\\/#\\\/schema\\\/logo\\\/image\\\/\"},\"sameAs\":[\"https:\\\/\\\/www.facebook.com\\\/eltextual\",\"https:\\\/\\\/x.com\\\/eltextual\",\"http:\\\/\\\/www.instagram.com\\\/eltextual\"]},{\"@type\":\"Person\",\"@id\":\"https:\\\/\\\/diariotextual.com\\\/inicio\\\/#\\\/schema\\\/person\\\/418fc4093c33e86ed41562db3508f958\",\"name\":\"Diario1 Diario1\",\"image\":{\"@type\":\"ImageObject\",\"inLanguage\":\"es\",\"@id\":\"https:\\\/\\\/secure.gravatar.com\\\/avatar\\\/9167d280179c85bc18be67aa7eda765854300033af4896dd779b608640f2ef7a?s=96&d=mm&r=g\",\"url\":\"https:\\\/\\\/secure.gravatar.com\\\/avatar\\\/9167d280179c85bc18be67aa7eda765854300033af4896dd779b608640f2ef7a?s=96&d=mm&r=g\",\"contentUrl\":\"https:\\\/\\\/secure.gravatar.com\\\/avatar\\\/9167d280179c85bc18be67aa7eda765854300033af4896dd779b608640f2ef7a?s=96&d=mm&r=g\",\"caption\":\"Diario1 Diario1\"},\"url\":\"https:\\\/\\\/diariotextual.com\\\/inicio\\\/index.php\\\/author\\\/diario1\\\/\"}]}<\/script>\n<!-- \/ Yoast SEO plugin. -->","yoast_head_json":{"title":"La historia detr\u00e1s de la dram\u00e1tica foto del migrante y su hija muertos en Estados Unidos - Diario Textual","robots":{"index":"index","follow":"follow","max-snippet":"max-snippet:-1","max-image-preview":"max-image-preview:large","max-video-preview":"max-video-preview:-1"},"canonical":"https:\/\/diariotextual.com\/inicio\/index.php\/2019\/06\/27\/la-historia-detras-la-dramatica-foto-del-migrante-hija-muertos-estados-unidos\/","og_locale":"es_ES","og_type":"article","og_title":"La historia detr\u00e1s de la dram\u00e1tica foto del migrante y su hija muertos en Estados Unidos - Diario Textual","og_description":"Una imagen que le est\u00e1 dando la vuelta al mundo ilustra la dureza de la crisis migratoria: un hombre y su hija ahogados en el r\u00edo Bravo. \u00d3scar Alberto Mart\u00ednez&hellip;","og_url":"https:\/\/diariotextual.com\/inicio\/index.php\/2019\/06\/27\/la-historia-detras-la-dramatica-foto-del-migrante-hija-muertos-estados-unidos\/","og_site_name":"Diario Textual","article_publisher":"https:\/\/www.facebook.com\/eltextual","article_published_time":"2019-06-27T14:51:56+00:00","article_modified_time":"2019-06-28T08:43:56+00:00","og_image":[{"width":1050,"height":700,"url":"https:\/\/diariotextual.com\/inicio\/wp-content\/uploads\/2019\/06\/migrantemuertoriobravo2019-1.jpg","type":"image\/jpeg"}],"author":"Diario1 Diario1","twitter_card":"summary_large_image","twitter_creator":"@eltextual","twitter_site":"@eltextual","twitter_misc":{"Escrito por":"Diario1 Diario1","Tiempo de lectura":"1 minuto"},"schema":{"@context":"https:\/\/schema.org","@graph":[{"@type":"Article","@id":"https:\/\/diariotextual.com\/inicio\/index.php\/2019\/06\/27\/la-historia-detras-la-dramatica-foto-del-migrante-hija-muertos-estados-unidos\/#article","isPartOf":{"@id":"https:\/\/diariotextual.com\/inicio\/index.php\/2019\/06\/27\/la-historia-detras-la-dramatica-foto-del-migrante-hija-muertos-estados-unidos\/"},"author":{"name":"Diario1 Diario1","@id":"https:\/\/diariotextual.com\/inicio\/#\/schema\/person\/418fc4093c33e86ed41562db3508f958"},"headline":"La historia detr\u00e1s de la dram\u00e1tica foto del migrante y su hija muertos en Estados Unidos","datePublished":"2019-06-27T14:51:56+00:00","dateModified":"2019-06-28T08:43:56+00:00","mainEntityOfPage":{"@id":"https:\/\/diariotextual.com\/inicio\/index.php\/2019\/06\/27\/la-historia-detras-la-dramatica-foto-del-migrante-hija-muertos-estados-unidos\/"},"wordCount":181,"publisher":{"@id":"https:\/\/diariotextual.com\/inicio\/#organization"},"image":{"@id":"https:\/\/diariotextual.com\/inicio\/index.php\/2019\/06\/27\/la-historia-detras-la-dramatica-foto-del-migrante-hija-muertos-estados-unidos\/#primaryimage"},"thumbnailUrl":"https:\/\/diariotextual.com\/inicio\/wp-content\/uploads\/2019\/06\/migrantemuertoriobravo2019-1.jpg","articleSection":["A - TEMPORALES","MUNDO"],"inLanguage":"es"},{"@type":"WebPage","@id":"https:\/\/diariotextual.com\/inicio\/index.php\/2019\/06\/27\/la-historia-detras-la-dramatica-foto-del-migrante-hija-muertos-estados-unidos\/","url":"https:\/\/diariotextual.com\/inicio\/index.php\/2019\/06\/27\/la-historia-detras-la-dramatica-foto-del-migrante-hija-muertos-estados-unidos\/","name":"La historia detr\u00e1s de la dram\u00e1tica foto del migrante y su hija muertos en Estados Unidos - Diario Textual","isPartOf":{"@id":"https:\/\/diariotextual.com\/inicio\/#website"},"primaryImageOfPage":{"@id":"https:\/\/diariotextual.com\/inicio\/index.php\/2019\/06\/27\/la-historia-detras-la-dramatica-foto-del-migrante-hija-muertos-estados-unidos\/#primaryimage"},"image":{"@id":"https:\/\/diariotextual.com\/inicio\/index.php\/2019\/06\/27\/la-historia-detras-la-dramatica-foto-del-migrante-hija-muertos-estados-unidos\/#primaryimage"},"thumbnailUrl":"https:\/\/diariotextual.com\/inicio\/wp-content\/uploads\/2019\/06\/migrantemuertoriobravo2019-1.jpg","datePublished":"2019-06-27T14:51:56+00:00","dateModified":"2019-06-28T08:43:56+00:00","breadcrumb":{"@id":"https:\/\/diariotextual.com\/inicio\/index.php\/2019\/06\/27\/la-historia-detras-la-dramatica-foto-del-migrante-hija-muertos-estados-unidos\/#breadcrumb"},"inLanguage":"es","potentialAction":[{"@type":"ReadAction","target":["https:\/\/diariotextual.com\/inicio\/index.php\/2019\/06\/27\/la-historia-detras-la-dramatica-foto-del-migrante-hija-muertos-estados-unidos\/"]}]},{"@type":"ImageObject","inLanguage":"es","@id":"https:\/\/diariotextual.com\/inicio\/index.php\/2019\/06\/27\/la-historia-detras-la-dramatica-foto-del-migrante-hija-muertos-estados-unidos\/#primaryimage","url":"https:\/\/diariotextual.com\/inicio\/wp-content\/uploads\/2019\/06\/migrantemuertoriobravo2019-1.jpg","contentUrl":"https:\/\/diariotextual.com\/inicio\/wp-content\/uploads\/2019\/06\/migrantemuertoriobravo2019-1.jpg","width":1050,"height":700},{"@type":"BreadcrumbList","@id":"https:\/\/diariotextual.com\/inicio\/index.php\/2019\/06\/27\/la-historia-detras-la-dramatica-foto-del-migrante-hija-muertos-estados-unidos\/#breadcrumb","itemListElement":[{"@type":"ListItem","position":1,"name":"Portada","item":"https:\/\/diariotextual.com\/inicio\/"},{"@type":"ListItem","position":2,"name":"La historia detr\u00e1s de la dram\u00e1tica foto del migrante y su hija muertos en Estados Unidos"}]},{"@type":"WebSite","@id":"https:\/\/diariotextual.com\/inicio\/#website","url":"https:\/\/diariotextual.com\/inicio\/","name":"Diario Textual","description":"","publisher":{"@id":"https:\/\/diariotextual.com\/inicio\/#organization"},"potentialAction":[{"@type":"SearchAction","target":{"@type":"EntryPoint","urlTemplate":"https:\/\/diariotextual.com\/inicio\/?s={search_term_string}"},"query-input":{"@type":"PropertyValueSpecification","valueRequired":true,"valueName":"search_term_string"}}],"inLanguage":"es"},{"@type":"Organization","@id":"https:\/\/diariotextual.com\/inicio\/#organization","name":"Diario Textual","url":"https:\/\/diariotextual.com\/inicio\/","logo":{"@type":"ImageObject","inLanguage":"es","@id":"https:\/\/diariotextual.com\/inicio\/#\/schema\/logo\/image\/","url":"https:\/\/diariotextual.com\/inicio\/wp-content\/uploads\/2023\/05\/logotextual1.jpg","contentUrl":"https:\/\/diariotextual.com\/inicio\/wp-content\/uploads\/2023\/05\/logotextual1.jpg","width":516,"height":76,"caption":"Diario Textual"},"image":{"@id":"https:\/\/diariotextual.com\/inicio\/#\/schema\/logo\/image\/"},"sameAs":["https:\/\/www.facebook.com\/eltextual","https:\/\/x.com\/eltextual","http:\/\/www.instagram.com\/eltextual"]},{"@type":"Person","@id":"https:\/\/diariotextual.com\/inicio\/#\/schema\/person\/418fc4093c33e86ed41562db3508f958","name":"Diario1 Diario1","image":{"@type":"ImageObject","inLanguage":"es","@id":"https:\/\/secure.gravatar.com\/avatar\/9167d280179c85bc18be67aa7eda765854300033af4896dd779b608640f2ef7a?s=96&d=mm&r=g","url":"https:\/\/secure.gravatar.com\/avatar\/9167d280179c85bc18be67aa7eda765854300033af4896dd779b608640f2ef7a?s=96&d=mm&r=g","contentUrl":"https:\/\/secure.gravatar.com\/avatar\/9167d280179c85bc18be67aa7eda765854300033af4896dd779b608640f2ef7a?s=96&d=mm&r=g","caption":"Diario1 Diario1"},"url":"https:\/\/diariotextual.com\/inicio\/index.php\/author\/diario1\/"}]}},"_links":{"self":[{"href":"https:\/\/diariotextual.com\/inicio\/index.php\/wp-json\/wp\/v2\/posts\/53840","targetHints":{"allow":["GET"]}}],"collection":[{"href":"https:\/\/diariotextual.com\/inicio\/index.php\/wp-json\/wp\/v2\/posts"}],"about":[{"href":"https:\/\/diariotextual.com\/inicio\/index.php\/wp-json\/wp\/v2\/types\/post"}],"author":[{"embeddable":true,"href":"https:\/\/diariotextual.com\/inicio\/index.php\/wp-json\/wp\/v2\/users\/3"}],"replies":[{"embeddable":true,"href":"https:\/\/diariotextual.com\/inicio\/index.php\/wp-json\/wp\/v2\/comments?post=53840"}],"version-history":[{"count":2,"href":"https:\/\/diariotextual.com\/inicio\/index.php\/wp-json\/wp\/v2\/posts\/53840\/revisions"}],"predecessor-version":[{"id":53842,"href":"https:\/\/diariotextual.com\/inicio\/index.php\/wp-json\/wp\/v2\/posts\/53840\/revisions\/53842"}],"wp:featuredmedia":[{"embeddable":true,"href":"https:\/\/diariotextual.com\/inicio\/index.php\/wp-json\/wp\/v2\/media\/53843"}],"wp:attachment":[{"href":"https:\/\/diariotextual.com\/inicio\/index.php\/wp-json\/wp\/v2\/media?parent=53840"}],"wp:term":[{"taxonomy":"category","embeddable":true,"href":"https:\/\/diariotextual.com\/inicio\/index.php\/wp-json\/wp\/v2\/categories?post=53840"},{"taxonomy":"post_tag","embeddable":true,"href":"https:\/\/diariotextual.com\/inicio\/index.php\/wp-json\/wp\/v2\/tags?post=53840"}],"curies":[{"name":"wp","href":"https:\/\/api.w.org\/{rel}","templated":true}]}}