{"id":53851,"date":"2019-06-27T14:25:49","date_gmt":"2019-06-27T17:25:49","guid":{"rendered":"http:\/\/diariotextual.com\/inicio\/?p=53851"},"modified":"2019-06-28T06:02:58","modified_gmt":"2019-06-28T09:02:58","slug":"solo-telen-intendente-les-regalos-cumple-las-abuelas-abuelos","status":"publish","type":"post","link":"https:\/\/diariotextual.com\/inicio\/index.php\/2019\/06\/27\/solo-telen-intendente-les-regalos-cumple-las-abuelas-abuelos\/","title":{"rendered":"Tel\u00e9n: el intendente que les hace regalos de cumple a las personas de 75 o m\u00e1s a\u00f1os"},"content":{"rendered":"<p>En<strong> el pueblo de Tel\u00e9n<\/strong> ya se ha hecho una costumbre:<strong> el poblador que tiene 75 o m\u00e1s a\u00f1os recibe, de parte de la municipalidad, un regalo en el d\u00eda de su cumplea\u00f1os<\/strong>. La intendencia\u00a0<strong>prepara unos 12 regalos por mes<\/strong>.<\/p>\n<p>La iniciativa es del intendente<strong> Sa\u00fal Echeveste<\/strong> (PJ). \u201cComenc\u00e9 en 2017 porque, la verdad, siempre tuve buena onda con los abuelos. Me encantan y me ayudan mucho en la gesti\u00f3n\u201d, dice a <strong>Diario Textual<\/strong>. \u201cM\u00e1s all\u00e1 de su experiencia de vida, me ayudan a recuperar el sentido de pertenencia e identidad de los telenenses. Ellos me permiten recuperar nuestra historia y yo mantenerla viva para las generaciones presentes y futuras\u201d, sostiene.<\/p>\n<p>&nbsp;<\/p>\n<div id=\"attachment_53854\" style=\"width: 636px\" class=\"wp-caption alignnone\"><img fetchpriority=\"high\" decoding=\"async\" aria-describedby=\"caption-attachment-53854\" class=\"wp-image-53854\" src=\"http:\/\/diariotextual.com\/inicio\/wp-content\/uploads\/2019\/06\/cumpletelen2019-1.jpg\" alt=\"\" width=\"626\" height=\"469\" srcset=\"https:\/\/diariotextual.com\/inicio\/wp-content\/uploads\/2019\/06\/cumpletelen2019-1.jpg 750w, https:\/\/diariotextual.com\/inicio\/wp-content\/uploads\/2019\/06\/cumpletelen2019-1-300x225.jpg 300w, https:\/\/diariotextual.com\/inicio\/wp-content\/uploads\/2019\/06\/cumpletelen2019-1-585x438.jpg 585w\" sizes=\"(max-width: 626px) 100vw, 626px\" \/><p id=\"caption-attachment-53854\" class=\"wp-caption-text\">Este jueves 27 hubo festejos por un cumple. \u00abHoy pasamos a saludar a do\u00f1a Deidamia Yolanda \u201cMonona\u201d Acu\u00f1a en sus 79 a\u00f1os\u00bb, escribi\u00f3 el intendente, con foto de la cumplea\u00f1era y un colaborador de la municipalidad.<\/p><\/div>\n<p>&nbsp;<\/p>\n<p>En Tel\u00e9n, con una poblaci\u00f3n de unos <strong>1500 vecinos<\/strong>, hay<strong> 145 personas con 75 o mas a\u00f1os<\/strong>. Los presentes son solventados con fondos comunales. <strong>\u00abLes llevamos un desayuno o una merienda. Salvo algunas excepciones: hay algunos abuelos a los que les gusta el vinito y a ellos les llevo una picada\u00bb<\/strong>, dice.<\/p>\n<p>Todos los cumplea\u00f1eros esperan el regalo. Y <strong>no hay distinci\u00f3n de situaci\u00f3n econ\u00f3mica: desde el que est\u00e1 en una precaria casa hasta un estanciero recibe su presente<\/strong>.<\/p>\n<p>\u201cEs cierto que todos los abuelos lo est\u00e1n esperando.<strong> A veces, en la ma\u00f1ana no puedo ir por el trabajo y piensan que me olvid\u00e9 y me llaman sus hijos\u2026\u201d<\/strong>, cuenta. <strong>\u201c\u00a1Hay que tener en cuenta que ese d\u00eda, desde temprano, ya se preparan para la foto!\u201d.<\/strong><\/p>\n<p>La iniciativa se agrandar\u00e1 desde 2020. \u201cSaludamos a los abuelos desde los 75 a\u00f1os en adelante, pero a partir del a\u00f1o que viene lo voy a hacer desde los 70\u201d, adelanta Echeveste a Diario Textual.<\/p>\n<p>Echeveste -militante de la agrupaci\u00f3n La C\u00e1mpora- asumi\u00f3 el cargo con solo 27 a\u00f1os de edad y fue considerado el intendente m\u00e1s joven del pa\u00eds. \u00a0\u201cJuro por Per\u00f3n, Evita, N\u00e9stor, Cristina y mi abuelo Bernardo\u201d, dijo el 10 de diciembre de 2015, al tomar posesi\u00f3n de la intendencia. Recientemente logr\u00f3 la reelecci\u00f3n, con un aplastante triunfo.<\/p>\n<p>&nbsp;<\/p>\n<div id=\"attachment_53860\" style=\"width: 970px\" class=\"wp-caption alignnone\"><img decoding=\"async\" aria-describedby=\"caption-attachment-53860\" class=\"wp-image-53860 size-full\" src=\"http:\/\/diariotextual.com\/inicio\/wp-content\/uploads\/2019\/06\/cumpletelen2019-3.jpg\" alt=\"\" width=\"960\" height=\"720\" srcset=\"https:\/\/diariotextual.com\/inicio\/wp-content\/uploads\/2019\/06\/cumpletelen2019-3.jpg 960w, https:\/\/diariotextual.com\/inicio\/wp-content\/uploads\/2019\/06\/cumpletelen2019-3-300x225.jpg 300w, https:\/\/diariotextual.com\/inicio\/wp-content\/uploads\/2019\/06\/cumpletelen2019-3-768x576.jpg 768w, https:\/\/diariotextual.com\/inicio\/wp-content\/uploads\/2019\/06\/cumpletelen2019-3-585x439.jpg 585w\" sizes=\"(max-width: 960px) 100vw, 960px\" \/><p id=\"caption-attachment-53860\" class=\"wp-caption-text\">El 1\u00b0 de mayo, D\u00eda del Trabajador y festejo de cumplea\u00f1os de \u00abLalo\u00bb L\u00f3pez. Cumpli\u00f3 sus 81 a\u00f1os.<\/p><\/div>\n<p>&nbsp;<\/p>\n","protected":false},"excerpt":{"rendered":"<p>En el pueblo de Tel\u00e9n ya se ha hecho una costumbre: el poblador que tiene 75 o m\u00e1s a\u00f1os recibe, de parte de la municipalidad, un regalo en el d\u00eda&hellip;<\/p>\n","protected":false},"author":3,"featured_media":53858,"comment_status":"closed","ping_status":"open","sticky":false,"template":"","format":"standard","meta":{"_acf_changed":false,"footnotes":""},"categories":[11,319,12],"tags":[2053,1292],"class_list":["post-53851","post","type-post","status-publish","format-standard","has-post-thumbnail","hentry","category-que-pasa","category-a-temporales","category-sociedad","tag-cumpleanos","tag-telen"],"acf":[],"yoast_head":"<!-- This site is optimized with the Yoast SEO plugin v27.5 - https:\/\/yoast.com\/product\/yoast-seo-wordpress\/ -->\n<title>Tel\u00e9n: el intendente que les hace regalos de cumple a las personas de 75 o m\u00e1s a\u00f1os - Diario Textual<\/title>\n<meta name=\"robots\" content=\"index, follow, max-snippet:-1, max-image-preview:large, max-video-preview:-1\" \/>\n<link rel=\"canonical\" href=\"https:\/\/diariotextual.com\/inicio\/index.php\/2019\/06\/27\/solo-telen-intendente-les-regalos-cumple-las-abuelas-abuelos\/\" \/>\n<meta property=\"og:locale\" content=\"es_ES\" \/>\n<meta property=\"og:type\" content=\"article\" \/>\n<meta property=\"og:title\" content=\"Tel\u00e9n: el intendente que les hace regalos de cumple a las personas de 75 o m\u00e1s a\u00f1os - Diario Textual\" \/>\n<meta property=\"og:description\" content=\"En el pueblo de Tel\u00e9n ya se ha hecho una costumbre: el poblador que tiene 75 o m\u00e1s a\u00f1os recibe, de parte de la municipalidad, un regalo en el d\u00eda&hellip;\" \/>\n<meta property=\"og:url\" content=\"https:\/\/diariotextual.com\/inicio\/index.php\/2019\/06\/27\/solo-telen-intendente-les-regalos-cumple-las-abuelas-abuelos\/\" \/>\n<meta property=\"og:site_name\" content=\"Diario Textual\" \/>\n<meta property=\"article:publisher\" content=\"https:\/\/www.facebook.com\/eltextual\" \/>\n<meta property=\"article:published_time\" content=\"2019-06-27T17:25:49+00:00\" \/>\n<meta property=\"article:modified_time\" content=\"2019-06-28T09:02:58+00:00\" \/>\n<meta property=\"og:image\" content=\"https:\/\/diariotextual.com\/inicio\/wp-content\/uploads\/2019\/06\/cumpletelen2019-2.jpg\" \/>\n\t<meta property=\"og:image:width\" content=\"960\" \/>\n\t<meta property=\"og:image:height\" content=\"754\" \/>\n\t<meta property=\"og:image:type\" content=\"image\/jpeg\" \/>\n<meta name=\"author\" content=\"Diario1 Diario1\" \/>\n<meta name=\"twitter:card\" content=\"summary_large_image\" \/>\n<meta name=\"twitter:creator\" content=\"@eltextual\" \/>\n<meta name=\"twitter:site\" content=\"@eltextual\" \/>\n<meta name=\"twitter:label1\" content=\"Escrito por\" \/>\n\t<meta name=\"twitter:data1\" content=\"Diario1 Diario1\" \/>\n\t<meta name=\"twitter:label2\" content=\"Tiempo de lectura\" \/>\n\t<meta name=\"twitter:data2\" content=\"2 minutos\" \/>\n<script type=\"application\/ld+json\" class=\"yoast-schema-graph\">{\"@context\":\"https:\\\/\\\/schema.org\",\"@graph\":[{\"@type\":\"Article\",\"@id\":\"https:\\\/\\\/diariotextual.com\\\/inicio\\\/index.php\\\/2019\\\/06\\\/27\\\/solo-telen-intendente-les-regalos-cumple-las-abuelas-abuelos\\\/#article\",\"isPartOf\":{\"@id\":\"https:\\\/\\\/diariotextual.com\\\/inicio\\\/index.php\\\/2019\\\/06\\\/27\\\/solo-telen-intendente-les-regalos-cumple-las-abuelas-abuelos\\\/\"},\"author\":{\"name\":\"Diario1 Diario1\",\"@id\":\"https:\\\/\\\/diariotextual.com\\\/inicio\\\/#\\\/schema\\\/person\\\/418fc4093c33e86ed41562db3508f958\"},\"headline\":\"Tel\u00e9n: el intendente que les hace regalos de cumple a las personas de 75 o m\u00e1s a\u00f1os\",\"datePublished\":\"2019-06-27T17:25:49+00:00\",\"dateModified\":\"2019-06-28T09:02:58+00:00\",\"mainEntityOfPage\":{\"@id\":\"https:\\\/\\\/diariotextual.com\\\/inicio\\\/index.php\\\/2019\\\/06\\\/27\\\/solo-telen-intendente-les-regalos-cumple-las-abuelas-abuelos\\\/\"},\"wordCount\":441,\"publisher\":{\"@id\":\"https:\\\/\\\/diariotextual.com\\\/inicio\\\/#organization\"},\"image\":{\"@id\":\"https:\\\/\\\/diariotextual.com\\\/inicio\\\/index.php\\\/2019\\\/06\\\/27\\\/solo-telen-intendente-les-regalos-cumple-las-abuelas-abuelos\\\/#primaryimage\"},\"thumbnailUrl\":\"https:\\\/\\\/diariotextual.com\\\/inicio\\\/wp-content\\\/uploads\\\/2019\\\/06\\\/cumpletelen2019-2.jpg\",\"keywords\":[\"cumplea\u00f1os\",\"Tel\u00e9n\"],\"articleSection\":[\"A - QUE PASA (al costado)\",\"A - TEMPORALES\",\"SOCIEDAD\"],\"inLanguage\":\"es\"},{\"@type\":\"WebPage\",\"@id\":\"https:\\\/\\\/diariotextual.com\\\/inicio\\\/index.php\\\/2019\\\/06\\\/27\\\/solo-telen-intendente-les-regalos-cumple-las-abuelas-abuelos\\\/\",\"url\":\"https:\\\/\\\/diariotextual.com\\\/inicio\\\/index.php\\\/2019\\\/06\\\/27\\\/solo-telen-intendente-les-regalos-cumple-las-abuelas-abuelos\\\/\",\"name\":\"Tel\u00e9n: el intendente que les hace regalos de cumple a las personas de 75 o m\u00e1s a\u00f1os - Diario Textual\",\"isPartOf\":{\"@id\":\"https:\\\/\\\/diariotextual.com\\\/inicio\\\/#website\"},\"primaryImageOfPage\":{\"@id\":\"https:\\\/\\\/diariotextual.com\\\/inicio\\\/index.php\\\/2019\\\/06\\\/27\\\/solo-telen-intendente-les-regalos-cumple-las-abuelas-abuelos\\\/#primaryimage\"},\"image\":{\"@id\":\"https:\\\/\\\/diariotextual.com\\\/inicio\\\/index.php\\\/2019\\\/06\\\/27\\\/solo-telen-intendente-les-regalos-cumple-las-abuelas-abuelos\\\/#primaryimage\"},\"thumbnailUrl\":\"https:\\\/\\\/diariotextual.com\\\/inicio\\\/wp-content\\\/uploads\\\/2019\\\/06\\\/cumpletelen2019-2.jpg\",\"datePublished\":\"2019-06-27T17:25:49+00:00\",\"dateModified\":\"2019-06-28T09:02:58+00:00\",\"breadcrumb\":{\"@id\":\"https:\\\/\\\/diariotextual.com\\\/inicio\\\/index.php\\\/2019\\\/06\\\/27\\\/solo-telen-intendente-les-regalos-cumple-las-abuelas-abuelos\\\/#breadcrumb\"},\"inLanguage\":\"es\",\"potentialAction\":[{\"@type\":\"ReadAction\",\"target\":[\"https:\\\/\\\/diariotextual.com\\\/inicio\\\/index.php\\\/2019\\\/06\\\/27\\\/solo-telen-intendente-les-regalos-cumple-las-abuelas-abuelos\\\/\"]}]},{\"@type\":\"ImageObject\",\"inLanguage\":\"es\",\"@id\":\"https:\\\/\\\/diariotextual.com\\\/inicio\\\/index.php\\\/2019\\\/06\\\/27\\\/solo-telen-intendente-les-regalos-cumple-las-abuelas-abuelos\\\/#primaryimage\",\"url\":\"https:\\\/\\\/diariotextual.com\\\/inicio\\\/wp-content\\\/uploads\\\/2019\\\/06\\\/cumpletelen2019-2.jpg\",\"contentUrl\":\"https:\\\/\\\/diariotextual.com\\\/inicio\\\/wp-content\\\/uploads\\\/2019\\\/06\\\/cumpletelen2019-2.jpg\",\"width\":960,\"height\":754},{\"@type\":\"BreadcrumbList\",\"@id\":\"https:\\\/\\\/diariotextual.com\\\/inicio\\\/index.php\\\/2019\\\/06\\\/27\\\/solo-telen-intendente-les-regalos-cumple-las-abuelas-abuelos\\\/#breadcrumb\",\"itemListElement\":[{\"@type\":\"ListItem\",\"position\":1,\"name\":\"Portada\",\"item\":\"https:\\\/\\\/diariotextual.com\\\/inicio\\\/\"},{\"@type\":\"ListItem\",\"position\":2,\"name\":\"Tel\u00e9n: el intendente que les hace regalos de cumple a las personas de 75 o m\u00e1s a\u00f1os\"}]},{\"@type\":\"WebSite\",\"@id\":\"https:\\\/\\\/diariotextual.com\\\/inicio\\\/#website\",\"url\":\"https:\\\/\\\/diariotextual.com\\\/inicio\\\/\",\"name\":\"Diario Textual\",\"description\":\"\",\"publisher\":{\"@id\":\"https:\\\/\\\/diariotextual.com\\\/inicio\\\/#organization\"},\"potentialAction\":[{\"@type\":\"SearchAction\",\"target\":{\"@type\":\"EntryPoint\",\"urlTemplate\":\"https:\\\/\\\/diariotextual.com\\\/inicio\\\/?s={search_term_string}\"},\"query-input\":{\"@type\":\"PropertyValueSpecification\",\"valueRequired\":true,\"valueName\":\"search_term_string\"}}],\"inLanguage\":\"es\"},{\"@type\":\"Organization\",\"@id\":\"https:\\\/\\\/diariotextual.com\\\/inicio\\\/#organization\",\"name\":\"Diario Textual\",\"url\":\"https:\\\/\\\/diariotextual.com\\\/inicio\\\/\",\"logo\":{\"@type\":\"ImageObject\",\"inLanguage\":\"es\",\"@id\":\"https:\\\/\\\/diariotextual.com\\\/inicio\\\/#\\\/schema\\\/logo\\\/image\\\/\",\"url\":\"https:\\\/\\\/diariotextual.com\\\/inicio\\\/wp-content\\\/uploads\\\/2023\\\/05\\\/logotextual1.jpg\",\"contentUrl\":\"https:\\\/\\\/diariotextual.com\\\/inicio\\\/wp-content\\\/uploads\\\/2023\\\/05\\\/logotextual1.jpg\",\"width\":516,\"height\":76,\"caption\":\"Diario Textual\"},\"image\":{\"@id\":\"https:\\\/\\\/diariotextual.com\\\/inicio\\\/#\\\/schema\\\/logo\\\/image\\\/\"},\"sameAs\":[\"https:\\\/\\\/www.facebook.com\\\/eltextual\",\"https:\\\/\\\/x.com\\\/eltextual\",\"http:\\\/\\\/www.instagram.com\\\/eltextual\"]},{\"@type\":\"Person\",\"@id\":\"https:\\\/\\\/diariotextual.com\\\/inicio\\\/#\\\/schema\\\/person\\\/418fc4093c33e86ed41562db3508f958\",\"name\":\"Diario1 Diario1\",\"image\":{\"@type\":\"ImageObject\",\"inLanguage\":\"es\",\"@id\":\"https:\\\/\\\/secure.gravatar.com\\\/avatar\\\/9167d280179c85bc18be67aa7eda765854300033af4896dd779b608640f2ef7a?s=96&d=mm&r=g\",\"url\":\"https:\\\/\\\/secure.gravatar.com\\\/avatar\\\/9167d280179c85bc18be67aa7eda765854300033af4896dd779b608640f2ef7a?s=96&d=mm&r=g\",\"contentUrl\":\"https:\\\/\\\/secure.gravatar.com\\\/avatar\\\/9167d280179c85bc18be67aa7eda765854300033af4896dd779b608640f2ef7a?s=96&d=mm&r=g\",\"caption\":\"Diario1 Diario1\"},\"url\":\"https:\\\/\\\/diariotextual.com\\\/inicio\\\/index.php\\\/author\\\/diario1\\\/\"}]}<\/script>\n<!-- \/ Yoast SEO plugin. -->","yoast_head_json":{"title":"Tel\u00e9n: el intendente que les hace regalos de cumple a las personas de 75 o m\u00e1s a\u00f1os - Diario Textual","robots":{"index":"index","follow":"follow","max-snippet":"max-snippet:-1","max-image-preview":"max-image-preview:large","max-video-preview":"max-video-preview:-1"},"canonical":"https:\/\/diariotextual.com\/inicio\/index.php\/2019\/06\/27\/solo-telen-intendente-les-regalos-cumple-las-abuelas-abuelos\/","og_locale":"es_ES","og_type":"article","og_title":"Tel\u00e9n: el intendente que les hace regalos de cumple a las personas de 75 o m\u00e1s a\u00f1os - Diario Textual","og_description":"En el pueblo de Tel\u00e9n ya se ha hecho una costumbre: el poblador que tiene 75 o m\u00e1s a\u00f1os recibe, de parte de la municipalidad, un regalo en el d\u00eda&hellip;","og_url":"https:\/\/diariotextual.com\/inicio\/index.php\/2019\/06\/27\/solo-telen-intendente-les-regalos-cumple-las-abuelas-abuelos\/","og_site_name":"Diario Textual","article_publisher":"https:\/\/www.facebook.com\/eltextual","article_published_time":"2019-06-27T17:25:49+00:00","article_modified_time":"2019-06-28T09:02:58+00:00","og_image":[{"width":960,"height":754,"url":"https:\/\/diariotextual.com\/inicio\/wp-content\/uploads\/2019\/06\/cumpletelen2019-2.jpg","type":"image\/jpeg"}],"author":"Diario1 Diario1","twitter_card":"summary_large_image","twitter_creator":"@eltextual","twitter_site":"@eltextual","twitter_misc":{"Escrito por":"Diario1 Diario1","Tiempo de lectura":"2 minutos"},"schema":{"@context":"https:\/\/schema.org","@graph":[{"@type":"Article","@id":"https:\/\/diariotextual.com\/inicio\/index.php\/2019\/06\/27\/solo-telen-intendente-les-regalos-cumple-las-abuelas-abuelos\/#article","isPartOf":{"@id":"https:\/\/diariotextual.com\/inicio\/index.php\/2019\/06\/27\/solo-telen-intendente-les-regalos-cumple-las-abuelas-abuelos\/"},"author":{"name":"Diario1 Diario1","@id":"https:\/\/diariotextual.com\/inicio\/#\/schema\/person\/418fc4093c33e86ed41562db3508f958"},"headline":"Tel\u00e9n: el intendente que les hace regalos de cumple a las personas de 75 o m\u00e1s a\u00f1os","datePublished":"2019-06-27T17:25:49+00:00","dateModified":"2019-06-28T09:02:58+00:00","mainEntityOfPage":{"@id":"https:\/\/diariotextual.com\/inicio\/index.php\/2019\/06\/27\/solo-telen-intendente-les-regalos-cumple-las-abuelas-abuelos\/"},"wordCount":441,"publisher":{"@id":"https:\/\/diariotextual.com\/inicio\/#organization"},"image":{"@id":"https:\/\/diariotextual.com\/inicio\/index.php\/2019\/06\/27\/solo-telen-intendente-les-regalos-cumple-las-abuelas-abuelos\/#primaryimage"},"thumbnailUrl":"https:\/\/diariotextual.com\/inicio\/wp-content\/uploads\/2019\/06\/cumpletelen2019-2.jpg","keywords":["cumplea\u00f1os","Tel\u00e9n"],"articleSection":["A - QUE PASA (al costado)","A - TEMPORALES","SOCIEDAD"],"inLanguage":"es"},{"@type":"WebPage","@id":"https:\/\/diariotextual.com\/inicio\/index.php\/2019\/06\/27\/solo-telen-intendente-les-regalos-cumple-las-abuelas-abuelos\/","url":"https:\/\/diariotextual.com\/inicio\/index.php\/2019\/06\/27\/solo-telen-intendente-les-regalos-cumple-las-abuelas-abuelos\/","name":"Tel\u00e9n: el intendente que les hace regalos de cumple a las personas de 75 o m\u00e1s a\u00f1os - Diario Textual","isPartOf":{"@id":"https:\/\/diariotextual.com\/inicio\/#website"},"primaryImageOfPage":{"@id":"https:\/\/diariotextual.com\/inicio\/index.php\/2019\/06\/27\/solo-telen-intendente-les-regalos-cumple-las-abuelas-abuelos\/#primaryimage"},"image":{"@id":"https:\/\/diariotextual.com\/inicio\/index.php\/2019\/06\/27\/solo-telen-intendente-les-regalos-cumple-las-abuelas-abuelos\/#primaryimage"},"thumbnailUrl":"https:\/\/diariotextual.com\/inicio\/wp-content\/uploads\/2019\/06\/cumpletelen2019-2.jpg","datePublished":"2019-06-27T17:25:49+00:00","dateModified":"2019-06-28T09:02:58+00:00","breadcrumb":{"@id":"https:\/\/diariotextual.com\/inicio\/index.php\/2019\/06\/27\/solo-telen-intendente-les-regalos-cumple-las-abuelas-abuelos\/#breadcrumb"},"inLanguage":"es","potentialAction":[{"@type":"ReadAction","target":["https:\/\/diariotextual.com\/inicio\/index.php\/2019\/06\/27\/solo-telen-intendente-les-regalos-cumple-las-abuelas-abuelos\/"]}]},{"@type":"ImageObject","inLanguage":"es","@id":"https:\/\/diariotextual.com\/inicio\/index.php\/2019\/06\/27\/solo-telen-intendente-les-regalos-cumple-las-abuelas-abuelos\/#primaryimage","url":"https:\/\/diariotextual.com\/inicio\/wp-content\/uploads\/2019\/06\/cumpletelen2019-2.jpg","contentUrl":"https:\/\/diariotextual.com\/inicio\/wp-content\/uploads\/2019\/06\/cumpletelen2019-2.jpg","width":960,"height":754},{"@type":"BreadcrumbList","@id":"https:\/\/diariotextual.com\/inicio\/index.php\/2019\/06\/27\/solo-telen-intendente-les-regalos-cumple-las-abuelas-abuelos\/#breadcrumb","itemListElement":[{"@type":"ListItem","position":1,"name":"Portada","item":"https:\/\/diariotextual.com\/inicio\/"},{"@type":"ListItem","position":2,"name":"Tel\u00e9n: el intendente que les hace regalos de cumple a las personas de 75 o m\u00e1s a\u00f1os"}]},{"@type":"WebSite","@id":"https:\/\/diariotextual.com\/inicio\/#website","url":"https:\/\/diariotextual.com\/inicio\/","name":"Diario Textual","description":"","publisher":{"@id":"https:\/\/diariotextual.com\/inicio\/#organization"},"potentialAction":[{"@type":"SearchAction","target":{"@type":"EntryPoint","urlTemplate":"https:\/\/diariotextual.com\/inicio\/?s={search_term_string}"},"query-input":{"@type":"PropertyValueSpecification","valueRequired":true,"valueName":"search_term_string"}}],"inLanguage":"es"},{"@type":"Organization","@id":"https:\/\/diariotextual.com\/inicio\/#organization","name":"Diario Textual","url":"https:\/\/diariotextual.com\/inicio\/","logo":{"@type":"ImageObject","inLanguage":"es","@id":"https:\/\/diariotextual.com\/inicio\/#\/schema\/logo\/image\/","url":"https:\/\/diariotextual.com\/inicio\/wp-content\/uploads\/2023\/05\/logotextual1.jpg","contentUrl":"https:\/\/diariotextual.com\/inicio\/wp-content\/uploads\/2023\/05\/logotextual1.jpg","width":516,"height":76,"caption":"Diario Textual"},"image":{"@id":"https:\/\/diariotextual.com\/inicio\/#\/schema\/logo\/image\/"},"sameAs":["https:\/\/www.facebook.com\/eltextual","https:\/\/x.com\/eltextual","http:\/\/www.instagram.com\/eltextual"]},{"@type":"Person","@id":"https:\/\/diariotextual.com\/inicio\/#\/schema\/person\/418fc4093c33e86ed41562db3508f958","name":"Diario1 Diario1","image":{"@type":"ImageObject","inLanguage":"es","@id":"https:\/\/secure.gravatar.com\/avatar\/9167d280179c85bc18be67aa7eda765854300033af4896dd779b608640f2ef7a?s=96&d=mm&r=g","url":"https:\/\/secure.gravatar.com\/avatar\/9167d280179c85bc18be67aa7eda765854300033af4896dd779b608640f2ef7a?s=96&d=mm&r=g","contentUrl":"https:\/\/secure.gravatar.com\/avatar\/9167d280179c85bc18be67aa7eda765854300033af4896dd779b608640f2ef7a?s=96&d=mm&r=g","caption":"Diario1 Diario1"},"url":"https:\/\/diariotextual.com\/inicio\/index.php\/author\/diario1\/"}]}},"_links":{"self":[{"href":"https:\/\/diariotextual.com\/inicio\/index.php\/wp-json\/wp\/v2\/posts\/53851","targetHints":{"allow":["GET"]}}],"collection":[{"href":"https:\/\/diariotextual.com\/inicio\/index.php\/wp-json\/wp\/v2\/posts"}],"about":[{"href":"https:\/\/diariotextual.com\/inicio\/index.php\/wp-json\/wp\/v2\/types\/post"}],"author":[{"embeddable":true,"href":"https:\/\/diariotextual.com\/inicio\/index.php\/wp-json\/wp\/v2\/users\/3"}],"replies":[{"embeddable":true,"href":"https:\/\/diariotextual.com\/inicio\/index.php\/wp-json\/wp\/v2\/comments?post=53851"}],"version-history":[{"count":11,"href":"https:\/\/diariotextual.com\/inicio\/index.php\/wp-json\/wp\/v2\/posts\/53851\/revisions"}],"predecessor-version":[{"id":53913,"href":"https:\/\/diariotextual.com\/inicio\/index.php\/wp-json\/wp\/v2\/posts\/53851\/revisions\/53913"}],"wp:featuredmedia":[{"embeddable":true,"href":"https:\/\/diariotextual.com\/inicio\/index.php\/wp-json\/wp\/v2\/media\/53858"}],"wp:attachment":[{"href":"https:\/\/diariotextual.com\/inicio\/index.php\/wp-json\/wp\/v2\/media?parent=53851"}],"wp:term":[{"taxonomy":"category","embeddable":true,"href":"https:\/\/diariotextual.com\/inicio\/index.php\/wp-json\/wp\/v2\/categories?post=53851"},{"taxonomy":"post_tag","embeddable":true,"href":"https:\/\/diariotextual.com\/inicio\/index.php\/wp-json\/wp\/v2\/tags?post=53851"}],"curies":[{"name":"wp","href":"https:\/\/api.w.org\/{rel}","templated":true}]}}