{"id":53893,"date":"2019-06-27T18:48:32","date_gmt":"2019-06-27T21:48:32","guid":{"rendered":"http:\/\/diariotextual.com\/inicio\/?p=53893"},"modified":"2019-06-28T07:42:15","modified_gmt":"2019-06-28T10:42:15","slug":"verna-necesitamos-alberto-cfk-lleguen-la-presidencia","status":"publish","type":"post","link":"https:\/\/diariotextual.com\/inicio\/index.php\/2019\/06\/27\/verna-necesitamos-alberto-cfk-lleguen-la-presidencia\/","title":{"rendered":"Verna: \u00abNecesitamos que Alberto y CFK lleguen a la Presidencia\u00bb"},"content":{"rendered":"<p>El gobernador pampeano Carlos Verna ratific\u00f3 su respaldo a la f\u00f3rmula presidencial Alberto Fern\u00e1ndez &#8211; Cristina Fern\u00e1ndez, reiter\u00f3 que \u00abLa Pampa no resiste otro Gobierno de Macri\u00bb y adelant\u00f3 que, adem\u00e1s de los pedidos de obras, en la charla que mantuvieron en el Instituto Patria en la Ciudad de Buenos Aires hablaron de la deuda que Naci\u00f3n tiene con nuestra provincia.<\/p>\n<p>El mandatario sostuvo que \u00abno resistimos m\u00e1s las pol\u00edticas de Macri\u00bb pese a haber mantenido una defensa de la Provincia ante las pol\u00edticas neoliberales del Gobierno de Cambiemos.<\/p>\n<p>\u00abCon Alberto y Cristina empezamos a hablar de los juicios que ganamos a Naci\u00f3n y de lo que nos deben. Necesitamos que lleguen a la presidencia\u00bb, expres\u00f3 Verna a trav\u00e9s de Twitter.<\/p>\n<blockquote class=\"twitter-tweet\" data-lang=\"es\">\n<p dir=\"ltr\" lang=\"es\">Defender a La Pampa nos hizo una de las provincias fuertes del pa\u00eds, pero no resistimos m\u00e1s las pol\u00edticas de Macri. Con Alberto y Cristina ya empezamos a hablar de los juicios que ganamos a Naci\u00f3n y de lo que nos deben. Necesitamos que lleguen a la presidencia. <a href=\"https:\/\/twitter.com\/hashtag\/EsConTodos?src=hash&amp;ref_src=twsrc%5Etfw\">#EsConTodos<\/a> <a href=\"https:\/\/t.co\/du1jgQfeWE\">pic.twitter.com\/du1jgQfeWE<\/a><\/p>\n<p>\u2014 Carlos Verna (@VernaGobernador) <a href=\"https:\/\/twitter.com\/VernaGobernador\/status\/1144349479803531269?ref_src=twsrc%5Etfw\">27 de junio de 2019<\/a><\/p><\/blockquote>\n<p><script async src=\"https:\/\/platform.twitter.com\/widgets.js\" charset=\"utf-8\"><\/script><\/p>\n<blockquote class=\"wp-embedded-content\" data-secret=\"dcHJDT1kOM\"><p><a href=\"http:\/\/diariotextual.com\/inicio\/index.php\/2019\/06\/27\/verna-revelo-obras-les-pidio-alberto-fernandez-cfk\/\">Verna revel\u00f3 qu\u00e9 obras les pidi\u00f3 a Alberto Fern\u00e1ndez y CFK<\/a><\/p><\/blockquote>\n<p><iframe class=\"wp-embedded-content\" sandbox=\"allow-scripts\" security=\"restricted\" style=\"position: absolute; clip: rect(1px, 1px, 1px, 1px);\" src=\"http:\/\/diariotextual.com\/inicio\/index.php\/2019\/06\/27\/verna-revelo-obras-les-pidio-alberto-fernandez-cfk\/embed\/#?secret=dcHJDT1kOM\" data-secret=\"dcHJDT1kOM\" width=\"600\" height=\"338\" title=\"&#171;Verna revel\u00f3 qu\u00e9 obras les pidi\u00f3 a Alberto Fern\u00e1ndez y CFK&#187; &#8212; Diario Textual\" frameborder=\"0\" marginwidth=\"0\" marginheight=\"0\" scrolling=\"no\"><\/iframe><\/p>\n<p>&nbsp;<\/p>\n<p>&nbsp;<\/p>\n<p>&nbsp;<\/p>\n<p>&nbsp;<\/p>\n<p>&nbsp;<\/p>\n","protected":false},"excerpt":{"rendered":"<p>El gobernador pampeano Carlos Verna ratific\u00f3 su respaldo a la f\u00f3rmula presidencial Alberto Fern\u00e1ndez &#8211; Cristina Fern\u00e1ndez, reiter\u00f3 que \u00abLa Pampa no resiste otro Gobierno de Macri\u00bb y adelant\u00f3 que,&hellip;<\/p>\n","protected":false},"author":3,"featured_media":51712,"comment_status":"closed","ping_status":"open","sticky":false,"template":"","format":"standard","meta":{"_acf_changed":false,"footnotes":""},"categories":[11,319,8],"tags":[],"class_list":["post-53893","post","type-post","status-publish","format-standard","has-post-thumbnail","hentry","category-que-pasa","category-a-temporales","category-politica"],"acf":[],"yoast_head":"<!-- This site is optimized with the Yoast SEO plugin v27.5 - https:\/\/yoast.com\/product\/yoast-seo-wordpress\/ -->\n<title>Verna: &quot;Necesitamos que Alberto y CFK lleguen a la Presidencia&quot; - Diario Textual<\/title>\n<meta name=\"robots\" content=\"index, follow, max-snippet:-1, max-image-preview:large, max-video-preview:-1\" \/>\n<link rel=\"canonical\" href=\"https:\/\/diariotextual.com\/inicio\/index.php\/2019\/06\/27\/verna-necesitamos-alberto-cfk-lleguen-la-presidencia\/\" \/>\n<meta property=\"og:locale\" content=\"es_ES\" \/>\n<meta property=\"og:type\" content=\"article\" \/>\n<meta property=\"og:title\" content=\"Verna: &quot;Necesitamos que Alberto y CFK lleguen a la Presidencia&quot; - Diario Textual\" \/>\n<meta property=\"og:description\" content=\"El gobernador pampeano Carlos Verna ratific\u00f3 su respaldo a la f\u00f3rmula presidencial Alberto Fern\u00e1ndez &#8211; Cristina Fern\u00e1ndez, reiter\u00f3 que \u00abLa Pampa no resiste otro Gobierno de Macri\u00bb y adelant\u00f3 que,&hellip;\" \/>\n<meta property=\"og:url\" content=\"https:\/\/diariotextual.com\/inicio\/index.php\/2019\/06\/27\/verna-necesitamos-alberto-cfk-lleguen-la-presidencia\/\" \/>\n<meta property=\"og:site_name\" content=\"Diario Textual\" \/>\n<meta property=\"article:publisher\" content=\"https:\/\/www.facebook.com\/eltextual\" \/>\n<meta property=\"article:published_time\" content=\"2019-06-27T21:48:32+00:00\" \/>\n<meta property=\"article:modified_time\" content=\"2019-06-28T10:42:15+00:00\" \/>\n<meta property=\"og:image\" content=\"https:\/\/diariotextual.com\/inicio\/wp-content\/uploads\/2019\/06\/vernacarlosdespacho2019-78.jpg\" \/>\n\t<meta property=\"og:image:width\" content=\"1000\" \/>\n\t<meta property=\"og:image:height\" content=\"655\" \/>\n\t<meta property=\"og:image:type\" content=\"image\/jpeg\" \/>\n<meta name=\"author\" content=\"Diario1 Diario1\" \/>\n<meta name=\"twitter:card\" content=\"summary_large_image\" \/>\n<meta name=\"twitter:creator\" content=\"@eltextual\" \/>\n<meta name=\"twitter:site\" content=\"@eltextual\" \/>\n<meta name=\"twitter:label1\" content=\"Escrito por\" \/>\n\t<meta name=\"twitter:data1\" content=\"Diario1 Diario1\" \/>\n\t<meta name=\"twitter:label2\" content=\"Tiempo de lectura\" \/>\n\t<meta name=\"twitter:data2\" content=\"1 minuto\" \/>\n<script type=\"application\/ld+json\" class=\"yoast-schema-graph\">{\"@context\":\"https:\\\/\\\/schema.org\",\"@graph\":[{\"@type\":\"Article\",\"@id\":\"https:\\\/\\\/diariotextual.com\\\/inicio\\\/index.php\\\/2019\\\/06\\\/27\\\/verna-necesitamos-alberto-cfk-lleguen-la-presidencia\\\/#article\",\"isPartOf\":{\"@id\":\"https:\\\/\\\/diariotextual.com\\\/inicio\\\/index.php\\\/2019\\\/06\\\/27\\\/verna-necesitamos-alberto-cfk-lleguen-la-presidencia\\\/\"},\"author\":{\"name\":\"Diario1 Diario1\",\"@id\":\"https:\\\/\\\/diariotextual.com\\\/inicio\\\/#\\\/schema\\\/person\\\/418fc4093c33e86ed41562db3508f958\"},\"headline\":\"Verna: \u00abNecesitamos que Alberto y CFK lleguen a la Presidencia\u00bb\",\"datePublished\":\"2019-06-27T21:48:32+00:00\",\"dateModified\":\"2019-06-28T10:42:15+00:00\",\"mainEntityOfPage\":{\"@id\":\"https:\\\/\\\/diariotextual.com\\\/inicio\\\/index.php\\\/2019\\\/06\\\/27\\\/verna-necesitamos-alberto-cfk-lleguen-la-presidencia\\\/\"},\"wordCount\":217,\"publisher\":{\"@id\":\"https:\\\/\\\/diariotextual.com\\\/inicio\\\/#organization\"},\"image\":{\"@id\":\"https:\\\/\\\/diariotextual.com\\\/inicio\\\/index.php\\\/2019\\\/06\\\/27\\\/verna-necesitamos-alberto-cfk-lleguen-la-presidencia\\\/#primaryimage\"},\"thumbnailUrl\":\"https:\\\/\\\/diariotextual.com\\\/inicio\\\/wp-content\\\/uploads\\\/2019\\\/06\\\/vernacarlosdespacho2019-78.jpg\",\"articleSection\":[\"A - QUE PASA (al costado)\",\"A - TEMPORALES\",\"POLITICA\"],\"inLanguage\":\"es\"},{\"@type\":\"WebPage\",\"@id\":\"https:\\\/\\\/diariotextual.com\\\/inicio\\\/index.php\\\/2019\\\/06\\\/27\\\/verna-necesitamos-alberto-cfk-lleguen-la-presidencia\\\/\",\"url\":\"https:\\\/\\\/diariotextual.com\\\/inicio\\\/index.php\\\/2019\\\/06\\\/27\\\/verna-necesitamos-alberto-cfk-lleguen-la-presidencia\\\/\",\"name\":\"Verna: \\\"Necesitamos que Alberto y CFK lleguen a la Presidencia\\\" - Diario Textual\",\"isPartOf\":{\"@id\":\"https:\\\/\\\/diariotextual.com\\\/inicio\\\/#website\"},\"primaryImageOfPage\":{\"@id\":\"https:\\\/\\\/diariotextual.com\\\/inicio\\\/index.php\\\/2019\\\/06\\\/27\\\/verna-necesitamos-alberto-cfk-lleguen-la-presidencia\\\/#primaryimage\"},\"image\":{\"@id\":\"https:\\\/\\\/diariotextual.com\\\/inicio\\\/index.php\\\/2019\\\/06\\\/27\\\/verna-necesitamos-alberto-cfk-lleguen-la-presidencia\\\/#primaryimage\"},\"thumbnailUrl\":\"https:\\\/\\\/diariotextual.com\\\/inicio\\\/wp-content\\\/uploads\\\/2019\\\/06\\\/vernacarlosdespacho2019-78.jpg\",\"datePublished\":\"2019-06-27T21:48:32+00:00\",\"dateModified\":\"2019-06-28T10:42:15+00:00\",\"breadcrumb\":{\"@id\":\"https:\\\/\\\/diariotextual.com\\\/inicio\\\/index.php\\\/2019\\\/06\\\/27\\\/verna-necesitamos-alberto-cfk-lleguen-la-presidencia\\\/#breadcrumb\"},\"inLanguage\":\"es\",\"potentialAction\":[{\"@type\":\"ReadAction\",\"target\":[\"https:\\\/\\\/diariotextual.com\\\/inicio\\\/index.php\\\/2019\\\/06\\\/27\\\/verna-necesitamos-alberto-cfk-lleguen-la-presidencia\\\/\"]}]},{\"@type\":\"ImageObject\",\"inLanguage\":\"es\",\"@id\":\"https:\\\/\\\/diariotextual.com\\\/inicio\\\/index.php\\\/2019\\\/06\\\/27\\\/verna-necesitamos-alberto-cfk-lleguen-la-presidencia\\\/#primaryimage\",\"url\":\"https:\\\/\\\/diariotextual.com\\\/inicio\\\/wp-content\\\/uploads\\\/2019\\\/06\\\/vernacarlosdespacho2019-78.jpg\",\"contentUrl\":\"https:\\\/\\\/diariotextual.com\\\/inicio\\\/wp-content\\\/uploads\\\/2019\\\/06\\\/vernacarlosdespacho2019-78.jpg\",\"width\":1000,\"height\":655},{\"@type\":\"BreadcrumbList\",\"@id\":\"https:\\\/\\\/diariotextual.com\\\/inicio\\\/index.php\\\/2019\\\/06\\\/27\\\/verna-necesitamos-alberto-cfk-lleguen-la-presidencia\\\/#breadcrumb\",\"itemListElement\":[{\"@type\":\"ListItem\",\"position\":1,\"name\":\"Portada\",\"item\":\"https:\\\/\\\/diariotextual.com\\\/inicio\\\/\"},{\"@type\":\"ListItem\",\"position\":2,\"name\":\"Verna: \u00abNecesitamos que Alberto y CFK lleguen a la Presidencia\u00bb\"}]},{\"@type\":\"WebSite\",\"@id\":\"https:\\\/\\\/diariotextual.com\\\/inicio\\\/#website\",\"url\":\"https:\\\/\\\/diariotextual.com\\\/inicio\\\/\",\"name\":\"Diario Textual\",\"description\":\"\",\"publisher\":{\"@id\":\"https:\\\/\\\/diariotextual.com\\\/inicio\\\/#organization\"},\"potentialAction\":[{\"@type\":\"SearchAction\",\"target\":{\"@type\":\"EntryPoint\",\"urlTemplate\":\"https:\\\/\\\/diariotextual.com\\\/inicio\\\/?s={search_term_string}\"},\"query-input\":{\"@type\":\"PropertyValueSpecification\",\"valueRequired\":true,\"valueName\":\"search_term_string\"}}],\"inLanguage\":\"es\"},{\"@type\":\"Organization\",\"@id\":\"https:\\\/\\\/diariotextual.com\\\/inicio\\\/#organization\",\"name\":\"Diario Textual\",\"url\":\"https:\\\/\\\/diariotextual.com\\\/inicio\\\/\",\"logo\":{\"@type\":\"ImageObject\",\"inLanguage\":\"es\",\"@id\":\"https:\\\/\\\/diariotextual.com\\\/inicio\\\/#\\\/schema\\\/logo\\\/image\\\/\",\"url\":\"https:\\\/\\\/diariotextual.com\\\/inicio\\\/wp-content\\\/uploads\\\/2023\\\/05\\\/logotextual1.jpg\",\"contentUrl\":\"https:\\\/\\\/diariotextual.com\\\/inicio\\\/wp-content\\\/uploads\\\/2023\\\/05\\\/logotextual1.jpg\",\"width\":516,\"height\":76,\"caption\":\"Diario Textual\"},\"image\":{\"@id\":\"https:\\\/\\\/diariotextual.com\\\/inicio\\\/#\\\/schema\\\/logo\\\/image\\\/\"},\"sameAs\":[\"https:\\\/\\\/www.facebook.com\\\/eltextual\",\"https:\\\/\\\/x.com\\\/eltextual\",\"http:\\\/\\\/www.instagram.com\\\/eltextual\"]},{\"@type\":\"Person\",\"@id\":\"https:\\\/\\\/diariotextual.com\\\/inicio\\\/#\\\/schema\\\/person\\\/418fc4093c33e86ed41562db3508f958\",\"name\":\"Diario1 Diario1\",\"image\":{\"@type\":\"ImageObject\",\"inLanguage\":\"es\",\"@id\":\"https:\\\/\\\/secure.gravatar.com\\\/avatar\\\/9167d280179c85bc18be67aa7eda765854300033af4896dd779b608640f2ef7a?s=96&d=mm&r=g\",\"url\":\"https:\\\/\\\/secure.gravatar.com\\\/avatar\\\/9167d280179c85bc18be67aa7eda765854300033af4896dd779b608640f2ef7a?s=96&d=mm&r=g\",\"contentUrl\":\"https:\\\/\\\/secure.gravatar.com\\\/avatar\\\/9167d280179c85bc18be67aa7eda765854300033af4896dd779b608640f2ef7a?s=96&d=mm&r=g\",\"caption\":\"Diario1 Diario1\"},\"url\":\"https:\\\/\\\/diariotextual.com\\\/inicio\\\/index.php\\\/author\\\/diario1\\\/\"}]}<\/script>\n<!-- \/ Yoast SEO plugin. -->","yoast_head_json":{"title":"Verna: \"Necesitamos que Alberto y CFK lleguen a la Presidencia\" - Diario Textual","robots":{"index":"index","follow":"follow","max-snippet":"max-snippet:-1","max-image-preview":"max-image-preview:large","max-video-preview":"max-video-preview:-1"},"canonical":"https:\/\/diariotextual.com\/inicio\/index.php\/2019\/06\/27\/verna-necesitamos-alberto-cfk-lleguen-la-presidencia\/","og_locale":"es_ES","og_type":"article","og_title":"Verna: \"Necesitamos que Alberto y CFK lleguen a la Presidencia\" - Diario Textual","og_description":"El gobernador pampeano Carlos Verna ratific\u00f3 su respaldo a la f\u00f3rmula presidencial Alberto Fern\u00e1ndez &#8211; Cristina Fern\u00e1ndez, reiter\u00f3 que \u00abLa Pampa no resiste otro Gobierno de Macri\u00bb y adelant\u00f3 que,&hellip;","og_url":"https:\/\/diariotextual.com\/inicio\/index.php\/2019\/06\/27\/verna-necesitamos-alberto-cfk-lleguen-la-presidencia\/","og_site_name":"Diario Textual","article_publisher":"https:\/\/www.facebook.com\/eltextual","article_published_time":"2019-06-27T21:48:32+00:00","article_modified_time":"2019-06-28T10:42:15+00:00","og_image":[{"width":1000,"height":655,"url":"https:\/\/diariotextual.com\/inicio\/wp-content\/uploads\/2019\/06\/vernacarlosdespacho2019-78.jpg","type":"image\/jpeg"}],"author":"Diario1 Diario1","twitter_card":"summary_large_image","twitter_creator":"@eltextual","twitter_site":"@eltextual","twitter_misc":{"Escrito por":"Diario1 Diario1","Tiempo de lectura":"1 minuto"},"schema":{"@context":"https:\/\/schema.org","@graph":[{"@type":"Article","@id":"https:\/\/diariotextual.com\/inicio\/index.php\/2019\/06\/27\/verna-necesitamos-alberto-cfk-lleguen-la-presidencia\/#article","isPartOf":{"@id":"https:\/\/diariotextual.com\/inicio\/index.php\/2019\/06\/27\/verna-necesitamos-alberto-cfk-lleguen-la-presidencia\/"},"author":{"name":"Diario1 Diario1","@id":"https:\/\/diariotextual.com\/inicio\/#\/schema\/person\/418fc4093c33e86ed41562db3508f958"},"headline":"Verna: \u00abNecesitamos que Alberto y CFK lleguen a la Presidencia\u00bb","datePublished":"2019-06-27T21:48:32+00:00","dateModified":"2019-06-28T10:42:15+00:00","mainEntityOfPage":{"@id":"https:\/\/diariotextual.com\/inicio\/index.php\/2019\/06\/27\/verna-necesitamos-alberto-cfk-lleguen-la-presidencia\/"},"wordCount":217,"publisher":{"@id":"https:\/\/diariotextual.com\/inicio\/#organization"},"image":{"@id":"https:\/\/diariotextual.com\/inicio\/index.php\/2019\/06\/27\/verna-necesitamos-alberto-cfk-lleguen-la-presidencia\/#primaryimage"},"thumbnailUrl":"https:\/\/diariotextual.com\/inicio\/wp-content\/uploads\/2019\/06\/vernacarlosdespacho2019-78.jpg","articleSection":["A - QUE PASA (al costado)","A - TEMPORALES","POLITICA"],"inLanguage":"es"},{"@type":"WebPage","@id":"https:\/\/diariotextual.com\/inicio\/index.php\/2019\/06\/27\/verna-necesitamos-alberto-cfk-lleguen-la-presidencia\/","url":"https:\/\/diariotextual.com\/inicio\/index.php\/2019\/06\/27\/verna-necesitamos-alberto-cfk-lleguen-la-presidencia\/","name":"Verna: \"Necesitamos que Alberto y CFK lleguen a la Presidencia\" - Diario Textual","isPartOf":{"@id":"https:\/\/diariotextual.com\/inicio\/#website"},"primaryImageOfPage":{"@id":"https:\/\/diariotextual.com\/inicio\/index.php\/2019\/06\/27\/verna-necesitamos-alberto-cfk-lleguen-la-presidencia\/#primaryimage"},"image":{"@id":"https:\/\/diariotextual.com\/inicio\/index.php\/2019\/06\/27\/verna-necesitamos-alberto-cfk-lleguen-la-presidencia\/#primaryimage"},"thumbnailUrl":"https:\/\/diariotextual.com\/inicio\/wp-content\/uploads\/2019\/06\/vernacarlosdespacho2019-78.jpg","datePublished":"2019-06-27T21:48:32+00:00","dateModified":"2019-06-28T10:42:15+00:00","breadcrumb":{"@id":"https:\/\/diariotextual.com\/inicio\/index.php\/2019\/06\/27\/verna-necesitamos-alberto-cfk-lleguen-la-presidencia\/#breadcrumb"},"inLanguage":"es","potentialAction":[{"@type":"ReadAction","target":["https:\/\/diariotextual.com\/inicio\/index.php\/2019\/06\/27\/verna-necesitamos-alberto-cfk-lleguen-la-presidencia\/"]}]},{"@type":"ImageObject","inLanguage":"es","@id":"https:\/\/diariotextual.com\/inicio\/index.php\/2019\/06\/27\/verna-necesitamos-alberto-cfk-lleguen-la-presidencia\/#primaryimage","url":"https:\/\/diariotextual.com\/inicio\/wp-content\/uploads\/2019\/06\/vernacarlosdespacho2019-78.jpg","contentUrl":"https:\/\/diariotextual.com\/inicio\/wp-content\/uploads\/2019\/06\/vernacarlosdespacho2019-78.jpg","width":1000,"height":655},{"@type":"BreadcrumbList","@id":"https:\/\/diariotextual.com\/inicio\/index.php\/2019\/06\/27\/verna-necesitamos-alberto-cfk-lleguen-la-presidencia\/#breadcrumb","itemListElement":[{"@type":"ListItem","position":1,"name":"Portada","item":"https:\/\/diariotextual.com\/inicio\/"},{"@type":"ListItem","position":2,"name":"Verna: \u00abNecesitamos que Alberto y CFK lleguen a la Presidencia\u00bb"}]},{"@type":"WebSite","@id":"https:\/\/diariotextual.com\/inicio\/#website","url":"https:\/\/diariotextual.com\/inicio\/","name":"Diario Textual","description":"","publisher":{"@id":"https:\/\/diariotextual.com\/inicio\/#organization"},"potentialAction":[{"@type":"SearchAction","target":{"@type":"EntryPoint","urlTemplate":"https:\/\/diariotextual.com\/inicio\/?s={search_term_string}"},"query-input":{"@type":"PropertyValueSpecification","valueRequired":true,"valueName":"search_term_string"}}],"inLanguage":"es"},{"@type":"Organization","@id":"https:\/\/diariotextual.com\/inicio\/#organization","name":"Diario Textual","url":"https:\/\/diariotextual.com\/inicio\/","logo":{"@type":"ImageObject","inLanguage":"es","@id":"https:\/\/diariotextual.com\/inicio\/#\/schema\/logo\/image\/","url":"https:\/\/diariotextual.com\/inicio\/wp-content\/uploads\/2023\/05\/logotextual1.jpg","contentUrl":"https:\/\/diariotextual.com\/inicio\/wp-content\/uploads\/2023\/05\/logotextual1.jpg","width":516,"height":76,"caption":"Diario Textual"},"image":{"@id":"https:\/\/diariotextual.com\/inicio\/#\/schema\/logo\/image\/"},"sameAs":["https:\/\/www.facebook.com\/eltextual","https:\/\/x.com\/eltextual","http:\/\/www.instagram.com\/eltextual"]},{"@type":"Person","@id":"https:\/\/diariotextual.com\/inicio\/#\/schema\/person\/418fc4093c33e86ed41562db3508f958","name":"Diario1 Diario1","image":{"@type":"ImageObject","inLanguage":"es","@id":"https:\/\/secure.gravatar.com\/avatar\/9167d280179c85bc18be67aa7eda765854300033af4896dd779b608640f2ef7a?s=96&d=mm&r=g","url":"https:\/\/secure.gravatar.com\/avatar\/9167d280179c85bc18be67aa7eda765854300033af4896dd779b608640f2ef7a?s=96&d=mm&r=g","contentUrl":"https:\/\/secure.gravatar.com\/avatar\/9167d280179c85bc18be67aa7eda765854300033af4896dd779b608640f2ef7a?s=96&d=mm&r=g","caption":"Diario1 Diario1"},"url":"https:\/\/diariotextual.com\/inicio\/index.php\/author\/diario1\/"}]}},"_links":{"self":[{"href":"https:\/\/diariotextual.com\/inicio\/index.php\/wp-json\/wp\/v2\/posts\/53893","targetHints":{"allow":["GET"]}}],"collection":[{"href":"https:\/\/diariotextual.com\/inicio\/index.php\/wp-json\/wp\/v2\/posts"}],"about":[{"href":"https:\/\/diariotextual.com\/inicio\/index.php\/wp-json\/wp\/v2\/types\/post"}],"author":[{"embeddable":true,"href":"https:\/\/diariotextual.com\/inicio\/index.php\/wp-json\/wp\/v2\/users\/3"}],"replies":[{"embeddable":true,"href":"https:\/\/diariotextual.com\/inicio\/index.php\/wp-json\/wp\/v2\/comments?post=53893"}],"version-history":[{"count":3,"href":"https:\/\/diariotextual.com\/inicio\/index.php\/wp-json\/wp\/v2\/posts\/53893\/revisions"}],"predecessor-version":[{"id":53896,"href":"https:\/\/diariotextual.com\/inicio\/index.php\/wp-json\/wp\/v2\/posts\/53893\/revisions\/53896"}],"wp:featuredmedia":[{"embeddable":true,"href":"https:\/\/diariotextual.com\/inicio\/index.php\/wp-json\/wp\/v2\/media\/51712"}],"wp:attachment":[{"href":"https:\/\/diariotextual.com\/inicio\/index.php\/wp-json\/wp\/v2\/media?parent=53893"}],"wp:term":[{"taxonomy":"category","embeddable":true,"href":"https:\/\/diariotextual.com\/inicio\/index.php\/wp-json\/wp\/v2\/categories?post=53893"},{"taxonomy":"post_tag","embeddable":true,"href":"https:\/\/diariotextual.com\/inicio\/index.php\/wp-json\/wp\/v2\/tags?post=53893"}],"curies":[{"name":"wp","href":"https:\/\/api.w.org\/{rel}","templated":true}]}}