{"id":53952,"date":"2019-06-28T10:04:54","date_gmt":"2019-06-28T13:04:54","guid":{"rendered":"http:\/\/diariotextual.com\/inicio\/?p=53952"},"modified":"2019-06-28T14:26:45","modified_gmt":"2019-06-28T17:26:45","slug":"tavella-nacion-deberia-intervenir-frenar-aumento-los-medicamentos","status":"publish","type":"post","link":"https:\/\/diariotextual.com\/inicio\/index.php\/2019\/06\/28\/tavella-nacion-deberia-intervenir-frenar-aumento-los-medicamentos\/","title":{"rendered":"Tavella: \u00abNaci\u00f3n deber\u00eda intervenir y frenar el aumento en los medicamentos\u00bb"},"content":{"rendered":"<p>El presidente del Instituto de Seguridad Social de La Pampa,\u00a0<strong>Miguel Tavella,<\/strong> dijo que el Estado nacional deber\u00eda \u00abintervenir para controlar el aumento\u00bb en los precios de los medicamentos. \u00abEl aumento en los precios es tremendo. La soluci\u00f3n ser\u00eda que el Estado nacional meta mano en el asunto y controle un poco los precios\u00bb, consider\u00f3.<\/p>\n<p>Tavella se encuentra reunido con el\u00a0presidente del Consejo de Obras y Sociales Sociales Provinciales de la Rep\u00fablica Argentina (Cosspra), Mart\u00edn Baccaro, y representantes de otras diecisiete obras sociales provinciales.<\/p>\n<p>\u201cEl precio de los medicamentos se va para arriba. Es tremendo el aumento que hay. Los n\u00fameros oficiales dicen que los medicamentos en los \u00faltimos meses subieron el 36%, lo que no dicen esos datos las bonificaciones que bajaron los laboratorios que eso no se refleja en el \u00edndice pero s\u00ed en el bolsillo. E<strong>s lo m\u00e1s delicado que hay. La soluci\u00f3n ser\u00eda que el Estado nacional meta mano un poco en el asunto y controle un poco los precios\u201d<\/strong>, expres\u00f3.<\/p>\n<p>Dijo que el Sempre \u201cest\u00e1 bien\u201d sin negarle servicios a los afiliados. \u201cNo tiramos manteca al techo. Tenemos un equipo muy profesional, austero y comprometido que cuida la obra social sin que eso signifique negarle cosas al afiliado. Se cuida todo lo que se puede, pero hay una administraci\u00f3n bastante austera y r\u00edgida. Estamos tranquilos\u201d, asegur\u00f3.<\/p>\n<p>Reconoci\u00f3 que uno de los temas \u201cpreocupantes\u201d tiene que ver con la judicializaci\u00f3n que tienen algunas obras sociales por la no cobertura a afiliados.\u00a0 \u201cEso es muy preocupante. Hoy vamos a tener una importante autoridad judicial en este encuentro y es relevante ya que muchas veces los jueces fallan sin saber o ante la presi\u00f3n social\u201d, sostuvo.<\/p>\n<p>\u00abEste tema inquieta en todo el pa\u00eds, sobre todo con el tema discapacidad. Nosotros tratamos de no llegar a ninguna cuesti\u00f3n judicial pero a veces es inevitable\u00bb, reconoci\u00f3 Tavella.<\/p>\n<p>&nbsp;<\/p>\n<p>&nbsp;<\/p>\n","protected":false},"excerpt":{"rendered":"<p>El presidente del Instituto de Seguridad Social de La Pampa,\u00a0Miguel Tavella, dijo que el Estado nacional deber\u00eda \u00abintervenir para controlar el aumento\u00bb en los precios de los medicamentos. \u00abEl aumento&hellip;<\/p>\n","protected":false},"author":4,"featured_media":5607,"comment_status":"closed","ping_status":"open","sticky":false,"template":"","format":"standard","meta":{"_acf_changed":false,"footnotes":""},"categories":[11,319,8],"tags":[],"class_list":["post-53952","post","type-post","status-publish","format-standard","has-post-thumbnail","hentry","category-que-pasa","category-a-temporales","category-politica"],"acf":[],"yoast_head":"<!-- This site is optimized with the Yoast SEO plugin v27.5 - https:\/\/yoast.com\/product\/yoast-seo-wordpress\/ -->\n<title>Tavella: &quot;Naci\u00f3n deber\u00eda intervenir y frenar el aumento en los medicamentos&quot; - Diario Textual<\/title>\n<meta name=\"robots\" content=\"index, follow, max-snippet:-1, max-image-preview:large, max-video-preview:-1\" \/>\n<link rel=\"canonical\" href=\"https:\/\/diariotextual.com\/inicio\/index.php\/2019\/06\/28\/tavella-nacion-deberia-intervenir-frenar-aumento-los-medicamentos\/\" \/>\n<meta property=\"og:locale\" content=\"es_ES\" \/>\n<meta property=\"og:type\" content=\"article\" \/>\n<meta property=\"og:title\" content=\"Tavella: &quot;Naci\u00f3n deber\u00eda intervenir y frenar el aumento en los medicamentos&quot; - Diario Textual\" \/>\n<meta property=\"og:description\" content=\"El presidente del Instituto de Seguridad Social de La Pampa,\u00a0Miguel Tavella, dijo que el Estado nacional deber\u00eda \u00abintervenir para controlar el aumento\u00bb en los precios de los medicamentos. \u00abEl aumento&hellip;\" \/>\n<meta property=\"og:url\" content=\"https:\/\/diariotextual.com\/inicio\/index.php\/2019\/06\/28\/tavella-nacion-deberia-intervenir-frenar-aumento-los-medicamentos\/\" \/>\n<meta property=\"og:site_name\" content=\"Diario Textual\" \/>\n<meta property=\"article:publisher\" content=\"https:\/\/www.facebook.com\/eltextual\" \/>\n<meta property=\"article:published_time\" content=\"2019-06-28T13:04:54+00:00\" \/>\n<meta property=\"article:modified_time\" content=\"2019-06-28T17:26:45+00:00\" \/>\n<meta property=\"og:image\" content=\"https:\/\/diariotextual.com\/inicio\/wp-content\/uploads\/2018\/04\/tavellamiguel999912122.jpg\" \/>\n\t<meta property=\"og:image:width\" content=\"1112\" \/>\n\t<meta property=\"og:image:height\" content=\"751\" \/>\n\t<meta property=\"og:image:type\" content=\"image\/jpeg\" \/>\n<meta name=\"author\" content=\"diario2\" \/>\n<meta name=\"twitter:card\" content=\"summary_large_image\" \/>\n<meta name=\"twitter:creator\" content=\"@eltextual\" \/>\n<meta name=\"twitter:site\" content=\"@eltextual\" \/>\n<meta name=\"twitter:label1\" content=\"Escrito por\" \/>\n\t<meta name=\"twitter:data1\" content=\"diario2\" \/>\n\t<meta name=\"twitter:label2\" content=\"Tiempo de lectura\" \/>\n\t<meta name=\"twitter:data2\" content=\"2 minutos\" \/>\n<script type=\"application\/ld+json\" class=\"yoast-schema-graph\">{\"@context\":\"https:\\\/\\\/schema.org\",\"@graph\":[{\"@type\":\"Article\",\"@id\":\"https:\\\/\\\/diariotextual.com\\\/inicio\\\/index.php\\\/2019\\\/06\\\/28\\\/tavella-nacion-deberia-intervenir-frenar-aumento-los-medicamentos\\\/#article\",\"isPartOf\":{\"@id\":\"https:\\\/\\\/diariotextual.com\\\/inicio\\\/index.php\\\/2019\\\/06\\\/28\\\/tavella-nacion-deberia-intervenir-frenar-aumento-los-medicamentos\\\/\"},\"author\":{\"name\":\"diario2\",\"@id\":\"https:\\\/\\\/diariotextual.com\\\/inicio\\\/#\\\/schema\\\/person\\\/694f60677f23c4a530867a98f22b3768\"},\"headline\":\"Tavella: \u00abNaci\u00f3n deber\u00eda intervenir y frenar el aumento en los medicamentos\u00bb\",\"datePublished\":\"2019-06-28T13:04:54+00:00\",\"dateModified\":\"2019-06-28T17:26:45+00:00\",\"mainEntityOfPage\":{\"@id\":\"https:\\\/\\\/diariotextual.com\\\/inicio\\\/index.php\\\/2019\\\/06\\\/28\\\/tavella-nacion-deberia-intervenir-frenar-aumento-los-medicamentos\\\/\"},\"wordCount\":337,\"publisher\":{\"@id\":\"https:\\\/\\\/diariotextual.com\\\/inicio\\\/#organization\"},\"image\":{\"@id\":\"https:\\\/\\\/diariotextual.com\\\/inicio\\\/index.php\\\/2019\\\/06\\\/28\\\/tavella-nacion-deberia-intervenir-frenar-aumento-los-medicamentos\\\/#primaryimage\"},\"thumbnailUrl\":\"https:\\\/\\\/diariotextual.com\\\/inicio\\\/wp-content\\\/uploads\\\/2018\\\/04\\\/tavellamiguel999912122.jpg\",\"articleSection\":[\"A - QUE PASA (al costado)\",\"A - TEMPORALES\",\"POLITICA\"],\"inLanguage\":\"es\"},{\"@type\":\"WebPage\",\"@id\":\"https:\\\/\\\/diariotextual.com\\\/inicio\\\/index.php\\\/2019\\\/06\\\/28\\\/tavella-nacion-deberia-intervenir-frenar-aumento-los-medicamentos\\\/\",\"url\":\"https:\\\/\\\/diariotextual.com\\\/inicio\\\/index.php\\\/2019\\\/06\\\/28\\\/tavella-nacion-deberia-intervenir-frenar-aumento-los-medicamentos\\\/\",\"name\":\"Tavella: \\\"Naci\u00f3n deber\u00eda intervenir y frenar el aumento en los medicamentos\\\" - Diario Textual\",\"isPartOf\":{\"@id\":\"https:\\\/\\\/diariotextual.com\\\/inicio\\\/#website\"},\"primaryImageOfPage\":{\"@id\":\"https:\\\/\\\/diariotextual.com\\\/inicio\\\/index.php\\\/2019\\\/06\\\/28\\\/tavella-nacion-deberia-intervenir-frenar-aumento-los-medicamentos\\\/#primaryimage\"},\"image\":{\"@id\":\"https:\\\/\\\/diariotextual.com\\\/inicio\\\/index.php\\\/2019\\\/06\\\/28\\\/tavella-nacion-deberia-intervenir-frenar-aumento-los-medicamentos\\\/#primaryimage\"},\"thumbnailUrl\":\"https:\\\/\\\/diariotextual.com\\\/inicio\\\/wp-content\\\/uploads\\\/2018\\\/04\\\/tavellamiguel999912122.jpg\",\"datePublished\":\"2019-06-28T13:04:54+00:00\",\"dateModified\":\"2019-06-28T17:26:45+00:00\",\"breadcrumb\":{\"@id\":\"https:\\\/\\\/diariotextual.com\\\/inicio\\\/index.php\\\/2019\\\/06\\\/28\\\/tavella-nacion-deberia-intervenir-frenar-aumento-los-medicamentos\\\/#breadcrumb\"},\"inLanguage\":\"es\",\"potentialAction\":[{\"@type\":\"ReadAction\",\"target\":[\"https:\\\/\\\/diariotextual.com\\\/inicio\\\/index.php\\\/2019\\\/06\\\/28\\\/tavella-nacion-deberia-intervenir-frenar-aumento-los-medicamentos\\\/\"]}]},{\"@type\":\"ImageObject\",\"inLanguage\":\"es\",\"@id\":\"https:\\\/\\\/diariotextual.com\\\/inicio\\\/index.php\\\/2019\\\/06\\\/28\\\/tavella-nacion-deberia-intervenir-frenar-aumento-los-medicamentos\\\/#primaryimage\",\"url\":\"https:\\\/\\\/diariotextual.com\\\/inicio\\\/wp-content\\\/uploads\\\/2018\\\/04\\\/tavellamiguel999912122.jpg\",\"contentUrl\":\"https:\\\/\\\/diariotextual.com\\\/inicio\\\/wp-content\\\/uploads\\\/2018\\\/04\\\/tavellamiguel999912122.jpg\",\"width\":1112,\"height\":751},{\"@type\":\"BreadcrumbList\",\"@id\":\"https:\\\/\\\/diariotextual.com\\\/inicio\\\/index.php\\\/2019\\\/06\\\/28\\\/tavella-nacion-deberia-intervenir-frenar-aumento-los-medicamentos\\\/#breadcrumb\",\"itemListElement\":[{\"@type\":\"ListItem\",\"position\":1,\"name\":\"Portada\",\"item\":\"https:\\\/\\\/diariotextual.com\\\/inicio\\\/\"},{\"@type\":\"ListItem\",\"position\":2,\"name\":\"Tavella: \u00abNaci\u00f3n deber\u00eda intervenir y frenar el aumento en los medicamentos\u00bb\"}]},{\"@type\":\"WebSite\",\"@id\":\"https:\\\/\\\/diariotextual.com\\\/inicio\\\/#website\",\"url\":\"https:\\\/\\\/diariotextual.com\\\/inicio\\\/\",\"name\":\"Diario Textual\",\"description\":\"\",\"publisher\":{\"@id\":\"https:\\\/\\\/diariotextual.com\\\/inicio\\\/#organization\"},\"potentialAction\":[{\"@type\":\"SearchAction\",\"target\":{\"@type\":\"EntryPoint\",\"urlTemplate\":\"https:\\\/\\\/diariotextual.com\\\/inicio\\\/?s={search_term_string}\"},\"query-input\":{\"@type\":\"PropertyValueSpecification\",\"valueRequired\":true,\"valueName\":\"search_term_string\"}}],\"inLanguage\":\"es\"},{\"@type\":\"Organization\",\"@id\":\"https:\\\/\\\/diariotextual.com\\\/inicio\\\/#organization\",\"name\":\"Diario Textual\",\"url\":\"https:\\\/\\\/diariotextual.com\\\/inicio\\\/\",\"logo\":{\"@type\":\"ImageObject\",\"inLanguage\":\"es\",\"@id\":\"https:\\\/\\\/diariotextual.com\\\/inicio\\\/#\\\/schema\\\/logo\\\/image\\\/\",\"url\":\"https:\\\/\\\/diariotextual.com\\\/inicio\\\/wp-content\\\/uploads\\\/2023\\\/05\\\/logotextual1.jpg\",\"contentUrl\":\"https:\\\/\\\/diariotextual.com\\\/inicio\\\/wp-content\\\/uploads\\\/2023\\\/05\\\/logotextual1.jpg\",\"width\":516,\"height\":76,\"caption\":\"Diario Textual\"},\"image\":{\"@id\":\"https:\\\/\\\/diariotextual.com\\\/inicio\\\/#\\\/schema\\\/logo\\\/image\\\/\"},\"sameAs\":[\"https:\\\/\\\/www.facebook.com\\\/eltextual\",\"https:\\\/\\\/x.com\\\/eltextual\",\"http:\\\/\\\/www.instagram.com\\\/eltextual\"]},{\"@type\":\"Person\",\"@id\":\"https:\\\/\\\/diariotextual.com\\\/inicio\\\/#\\\/schema\\\/person\\\/694f60677f23c4a530867a98f22b3768\",\"name\":\"diario2\",\"image\":{\"@type\":\"ImageObject\",\"inLanguage\":\"es\",\"@id\":\"https:\\\/\\\/secure.gravatar.com\\\/avatar\\\/5a2567495ba16b852fcd8f1ed006a2e24fcace936018ed8237e95f488ad6e0a7?s=96&d=mm&r=g\",\"url\":\"https:\\\/\\\/secure.gravatar.com\\\/avatar\\\/5a2567495ba16b852fcd8f1ed006a2e24fcace936018ed8237e95f488ad6e0a7?s=96&d=mm&r=g\",\"contentUrl\":\"https:\\\/\\\/secure.gravatar.com\\\/avatar\\\/5a2567495ba16b852fcd8f1ed006a2e24fcace936018ed8237e95f488ad6e0a7?s=96&d=mm&r=g\",\"caption\":\"diario2\"},\"url\":\"https:\\\/\\\/diariotextual.com\\\/inicio\\\/index.php\\\/author\\\/diario2\\\/\"}]}<\/script>\n<!-- \/ Yoast SEO plugin. -->","yoast_head_json":{"title":"Tavella: \"Naci\u00f3n deber\u00eda intervenir y frenar el aumento en los medicamentos\" - Diario Textual","robots":{"index":"index","follow":"follow","max-snippet":"max-snippet:-1","max-image-preview":"max-image-preview:large","max-video-preview":"max-video-preview:-1"},"canonical":"https:\/\/diariotextual.com\/inicio\/index.php\/2019\/06\/28\/tavella-nacion-deberia-intervenir-frenar-aumento-los-medicamentos\/","og_locale":"es_ES","og_type":"article","og_title":"Tavella: \"Naci\u00f3n deber\u00eda intervenir y frenar el aumento en los medicamentos\" - Diario Textual","og_description":"El presidente del Instituto de Seguridad Social de La Pampa,\u00a0Miguel Tavella, dijo que el Estado nacional deber\u00eda \u00abintervenir para controlar el aumento\u00bb en los precios de los medicamentos. \u00abEl aumento&hellip;","og_url":"https:\/\/diariotextual.com\/inicio\/index.php\/2019\/06\/28\/tavella-nacion-deberia-intervenir-frenar-aumento-los-medicamentos\/","og_site_name":"Diario Textual","article_publisher":"https:\/\/www.facebook.com\/eltextual","article_published_time":"2019-06-28T13:04:54+00:00","article_modified_time":"2019-06-28T17:26:45+00:00","og_image":[{"width":1112,"height":751,"url":"https:\/\/diariotextual.com\/inicio\/wp-content\/uploads\/2018\/04\/tavellamiguel999912122.jpg","type":"image\/jpeg"}],"author":"diario2","twitter_card":"summary_large_image","twitter_creator":"@eltextual","twitter_site":"@eltextual","twitter_misc":{"Escrito por":"diario2","Tiempo de lectura":"2 minutos"},"schema":{"@context":"https:\/\/schema.org","@graph":[{"@type":"Article","@id":"https:\/\/diariotextual.com\/inicio\/index.php\/2019\/06\/28\/tavella-nacion-deberia-intervenir-frenar-aumento-los-medicamentos\/#article","isPartOf":{"@id":"https:\/\/diariotextual.com\/inicio\/index.php\/2019\/06\/28\/tavella-nacion-deberia-intervenir-frenar-aumento-los-medicamentos\/"},"author":{"name":"diario2","@id":"https:\/\/diariotextual.com\/inicio\/#\/schema\/person\/694f60677f23c4a530867a98f22b3768"},"headline":"Tavella: \u00abNaci\u00f3n deber\u00eda intervenir y frenar el aumento en los medicamentos\u00bb","datePublished":"2019-06-28T13:04:54+00:00","dateModified":"2019-06-28T17:26:45+00:00","mainEntityOfPage":{"@id":"https:\/\/diariotextual.com\/inicio\/index.php\/2019\/06\/28\/tavella-nacion-deberia-intervenir-frenar-aumento-los-medicamentos\/"},"wordCount":337,"publisher":{"@id":"https:\/\/diariotextual.com\/inicio\/#organization"},"image":{"@id":"https:\/\/diariotextual.com\/inicio\/index.php\/2019\/06\/28\/tavella-nacion-deberia-intervenir-frenar-aumento-los-medicamentos\/#primaryimage"},"thumbnailUrl":"https:\/\/diariotextual.com\/inicio\/wp-content\/uploads\/2018\/04\/tavellamiguel999912122.jpg","articleSection":["A - QUE PASA (al costado)","A - TEMPORALES","POLITICA"],"inLanguage":"es"},{"@type":"WebPage","@id":"https:\/\/diariotextual.com\/inicio\/index.php\/2019\/06\/28\/tavella-nacion-deberia-intervenir-frenar-aumento-los-medicamentos\/","url":"https:\/\/diariotextual.com\/inicio\/index.php\/2019\/06\/28\/tavella-nacion-deberia-intervenir-frenar-aumento-los-medicamentos\/","name":"Tavella: \"Naci\u00f3n deber\u00eda intervenir y frenar el aumento en los medicamentos\" - Diario Textual","isPartOf":{"@id":"https:\/\/diariotextual.com\/inicio\/#website"},"primaryImageOfPage":{"@id":"https:\/\/diariotextual.com\/inicio\/index.php\/2019\/06\/28\/tavella-nacion-deberia-intervenir-frenar-aumento-los-medicamentos\/#primaryimage"},"image":{"@id":"https:\/\/diariotextual.com\/inicio\/index.php\/2019\/06\/28\/tavella-nacion-deberia-intervenir-frenar-aumento-los-medicamentos\/#primaryimage"},"thumbnailUrl":"https:\/\/diariotextual.com\/inicio\/wp-content\/uploads\/2018\/04\/tavellamiguel999912122.jpg","datePublished":"2019-06-28T13:04:54+00:00","dateModified":"2019-06-28T17:26:45+00:00","breadcrumb":{"@id":"https:\/\/diariotextual.com\/inicio\/index.php\/2019\/06\/28\/tavella-nacion-deberia-intervenir-frenar-aumento-los-medicamentos\/#breadcrumb"},"inLanguage":"es","potentialAction":[{"@type":"ReadAction","target":["https:\/\/diariotextual.com\/inicio\/index.php\/2019\/06\/28\/tavella-nacion-deberia-intervenir-frenar-aumento-los-medicamentos\/"]}]},{"@type":"ImageObject","inLanguage":"es","@id":"https:\/\/diariotextual.com\/inicio\/index.php\/2019\/06\/28\/tavella-nacion-deberia-intervenir-frenar-aumento-los-medicamentos\/#primaryimage","url":"https:\/\/diariotextual.com\/inicio\/wp-content\/uploads\/2018\/04\/tavellamiguel999912122.jpg","contentUrl":"https:\/\/diariotextual.com\/inicio\/wp-content\/uploads\/2018\/04\/tavellamiguel999912122.jpg","width":1112,"height":751},{"@type":"BreadcrumbList","@id":"https:\/\/diariotextual.com\/inicio\/index.php\/2019\/06\/28\/tavella-nacion-deberia-intervenir-frenar-aumento-los-medicamentos\/#breadcrumb","itemListElement":[{"@type":"ListItem","position":1,"name":"Portada","item":"https:\/\/diariotextual.com\/inicio\/"},{"@type":"ListItem","position":2,"name":"Tavella: \u00abNaci\u00f3n deber\u00eda intervenir y frenar el aumento en los medicamentos\u00bb"}]},{"@type":"WebSite","@id":"https:\/\/diariotextual.com\/inicio\/#website","url":"https:\/\/diariotextual.com\/inicio\/","name":"Diario Textual","description":"","publisher":{"@id":"https:\/\/diariotextual.com\/inicio\/#organization"},"potentialAction":[{"@type":"SearchAction","target":{"@type":"EntryPoint","urlTemplate":"https:\/\/diariotextual.com\/inicio\/?s={search_term_string}"},"query-input":{"@type":"PropertyValueSpecification","valueRequired":true,"valueName":"search_term_string"}}],"inLanguage":"es"},{"@type":"Organization","@id":"https:\/\/diariotextual.com\/inicio\/#organization","name":"Diario Textual","url":"https:\/\/diariotextual.com\/inicio\/","logo":{"@type":"ImageObject","inLanguage":"es","@id":"https:\/\/diariotextual.com\/inicio\/#\/schema\/logo\/image\/","url":"https:\/\/diariotextual.com\/inicio\/wp-content\/uploads\/2023\/05\/logotextual1.jpg","contentUrl":"https:\/\/diariotextual.com\/inicio\/wp-content\/uploads\/2023\/05\/logotextual1.jpg","width":516,"height":76,"caption":"Diario Textual"},"image":{"@id":"https:\/\/diariotextual.com\/inicio\/#\/schema\/logo\/image\/"},"sameAs":["https:\/\/www.facebook.com\/eltextual","https:\/\/x.com\/eltextual","http:\/\/www.instagram.com\/eltextual"]},{"@type":"Person","@id":"https:\/\/diariotextual.com\/inicio\/#\/schema\/person\/694f60677f23c4a530867a98f22b3768","name":"diario2","image":{"@type":"ImageObject","inLanguage":"es","@id":"https:\/\/secure.gravatar.com\/avatar\/5a2567495ba16b852fcd8f1ed006a2e24fcace936018ed8237e95f488ad6e0a7?s=96&d=mm&r=g","url":"https:\/\/secure.gravatar.com\/avatar\/5a2567495ba16b852fcd8f1ed006a2e24fcace936018ed8237e95f488ad6e0a7?s=96&d=mm&r=g","contentUrl":"https:\/\/secure.gravatar.com\/avatar\/5a2567495ba16b852fcd8f1ed006a2e24fcace936018ed8237e95f488ad6e0a7?s=96&d=mm&r=g","caption":"diario2"},"url":"https:\/\/diariotextual.com\/inicio\/index.php\/author\/diario2\/"}]}},"_links":{"self":[{"href":"https:\/\/diariotextual.com\/inicio\/index.php\/wp-json\/wp\/v2\/posts\/53952","targetHints":{"allow":["GET"]}}],"collection":[{"href":"https:\/\/diariotextual.com\/inicio\/index.php\/wp-json\/wp\/v2\/posts"}],"about":[{"href":"https:\/\/diariotextual.com\/inicio\/index.php\/wp-json\/wp\/v2\/types\/post"}],"author":[{"embeddable":true,"href":"https:\/\/diariotextual.com\/inicio\/index.php\/wp-json\/wp\/v2\/users\/4"}],"replies":[{"embeddable":true,"href":"https:\/\/diariotextual.com\/inicio\/index.php\/wp-json\/wp\/v2\/comments?post=53952"}],"version-history":[{"count":4,"href":"https:\/\/diariotextual.com\/inicio\/index.php\/wp-json\/wp\/v2\/posts\/53952\/revisions"}],"predecessor-version":[{"id":53956,"href":"https:\/\/diariotextual.com\/inicio\/index.php\/wp-json\/wp\/v2\/posts\/53952\/revisions\/53956"}],"wp:featuredmedia":[{"embeddable":true,"href":"https:\/\/diariotextual.com\/inicio\/index.php\/wp-json\/wp\/v2\/media\/5607"}],"wp:attachment":[{"href":"https:\/\/diariotextual.com\/inicio\/index.php\/wp-json\/wp\/v2\/media?parent=53952"}],"wp:term":[{"taxonomy":"category","embeddable":true,"href":"https:\/\/diariotextual.com\/inicio\/index.php\/wp-json\/wp\/v2\/categories?post=53952"},{"taxonomy":"post_tag","embeddable":true,"href":"https:\/\/diariotextual.com\/inicio\/index.php\/wp-json\/wp\/v2\/tags?post=53952"}],"curies":[{"name":"wp","href":"https:\/\/api.w.org\/{rel}","templated":true}]}}