{"id":53957,"date":"2019-06-28T10:37:50","date_gmt":"2019-06-28T13:37:50","guid":{"rendered":"http:\/\/diariotextual.com\/inicio\/?p=53957"},"modified":"2019-06-28T10:37:50","modified_gmt":"2019-06-28T13:37:50","slug":"concentracion-santa-rosa-general-pico-femicidio-valeria-coggiola","status":"publish","type":"post","link":"https:\/\/diariotextual.com\/inicio\/index.php\/2019\/06\/28\/concentracion-santa-rosa-general-pico-femicidio-valeria-coggiola\/","title":{"rendered":"Concentraci\u00f3n en Santa Rosa y General Pico por el femicidio de Valeria Coggiola"},"content":{"rendered":"<p>Organizaciones feministas convocaron a concentrase este viernes en General Pico y Santa Rosa por el femicidio de Valeria Coggiola, de 35 a\u00f1os.<\/p>\n<p>En General Pico, la concentraci\u00f3n ser\u00e1 en la Plaza Seca desde las 19, seg\u00fan convoc\u00f3 la Asamblea de Mujeres. En Santa Rosa, en tanto, se reunir\u00e1n desde las 18.30 en la plaza San Mart\u00edn.\u00a0\u201cExigimos Justicia por Valeria. C\u00e1rcel al femicida Enzo Gauna\u201d, expresaron las organizadoras.<\/p>\n<p>Valeria Coggiola fue asesinada a\u00a0<strong>cuchillazos<\/strong>\u00a0por\u00a0<strong>Enzo Gauna<\/strong>, un changar\u00edn y boxeador de Catril\u00f3.\u00a0<strong>Dos de los nenes estaban en un dormitorio contiguo, durmiendo<\/strong>.<\/p>\n<p>El brutal asesinato ocurri\u00f3 en una vivienda ubicada sobre calle 106 entre 23 y 25, en el barrio El Molino.\u00a0<strong>All\u00ed viv\u00eda Valeria con sus tres nenes, de 13, 12 y 3 a\u00f1os.<\/strong><\/p>\n<p>De acuerdo a lo informado por fuentes policiales y judiciales, el hecho ocurri\u00f3 alrededor de las 4 de este martes. En ese momento,\u00a0<strong>en la casa estaban dos de los tres nenes<\/strong>.<\/p>\n<p>Gauna hab\u00eda llegado a la vivienda de Coggiola alrededor de las 9 horas del lunes. Pas\u00f3 todo el d\u00eda y la madrugada en esa casa.<\/p>\n<p>Seg\u00fan dijeron los investigadores,\u00a0<strong>el crimen ocurri\u00f3 alrededor de las 4 de la madrugada<\/strong>. \u201cEl asesinato fue cometido mientras<strong>\u00a0los nenes dorm\u00edan<\/strong>. El femicida se retir\u00f3 a las 5 horas y el cuerpo fue encontrado alrededor de las 8 de la ma\u00f1ana\u201d, dijo el fiscal Armando Ag\u00fcero a Diario Textual.<\/p>\n<p>El cuchillo fue hallado en la escena del crimen. \u201cEs una cuchilla tipo carnicero\u201d, cont\u00f3 el fiscal. \u201cMuri\u00f3 por las m\u00faltiples heridas\u201d, dijo.<\/p>\n<blockquote class=\"wp-embedded-content\" data-secret=\"okpK2F65yh\"><p><a href=\"http:\/\/diariotextual.com\/inicio\/index.php\/2019\/06\/25\/asesino-valeria-se-nego-declarar\/\">Enzo Gauna asesin\u00f3 de 20 pu\u00f1aladas a Valeria<\/a><\/p><\/blockquote>\n<p><iframe class=\"wp-embedded-content\" sandbox=\"allow-scripts\" security=\"restricted\" style=\"position: absolute; clip: rect(1px, 1px, 1px, 1px);\" src=\"http:\/\/diariotextual.com\/inicio\/index.php\/2019\/06\/25\/asesino-valeria-se-nego-declarar\/embed\/#?secret=okpK2F65yh\" data-secret=\"okpK2F65yh\" width=\"600\" height=\"338\" title=\"&#171;Enzo Gauna asesin\u00f3 de 20 pu\u00f1aladas a Valeria&#187; &#8212; Diario Textual\" frameborder=\"0\" marginwidth=\"0\" marginheight=\"0\" scrolling=\"no\"><\/iframe><\/p>\n","protected":false},"excerpt":{"rendered":"<p>Organizaciones feministas convocaron a concentrase este viernes en General Pico y Santa Rosa por el femicidio de Valeria Coggiola, de 35 a\u00f1os. En General Pico, la concentraci\u00f3n ser\u00e1 en la&hellip;<\/p>\n","protected":false},"author":4,"featured_media":35842,"comment_status":"closed","ping_status":"open","sticky":false,"template":"","format":"standard","meta":{"_acf_changed":false,"footnotes":""},"categories":[11,12],"tags":[],"class_list":["post-53957","post","type-post","status-publish","format-standard","has-post-thumbnail","hentry","category-que-pasa","category-sociedad"],"acf":[],"yoast_head":"<!-- This site is optimized with the Yoast SEO plugin v27.5 - https:\/\/yoast.com\/product\/yoast-seo-wordpress\/ -->\n<title>Concentraci\u00f3n en Santa Rosa y General Pico por el femicidio de Valeria Coggiola - Diario Textual<\/title>\n<meta name=\"robots\" content=\"index, follow, max-snippet:-1, max-image-preview:large, max-video-preview:-1\" \/>\n<link rel=\"canonical\" href=\"https:\/\/diariotextual.com\/inicio\/index.php\/2019\/06\/28\/concentracion-santa-rosa-general-pico-femicidio-valeria-coggiola\/\" \/>\n<meta property=\"og:locale\" content=\"es_ES\" \/>\n<meta property=\"og:type\" content=\"article\" \/>\n<meta property=\"og:title\" content=\"Concentraci\u00f3n en Santa Rosa y General Pico por el femicidio de Valeria Coggiola - Diario Textual\" \/>\n<meta property=\"og:description\" content=\"Organizaciones feministas convocaron a concentrase este viernes en General Pico y Santa Rosa por el femicidio de Valeria Coggiola, de 35 a\u00f1os. En General Pico, la concentraci\u00f3n ser\u00e1 en la&hellip;\" \/>\n<meta property=\"og:url\" content=\"https:\/\/diariotextual.com\/inicio\/index.php\/2019\/06\/28\/concentracion-santa-rosa-general-pico-femicidio-valeria-coggiola\/\" \/>\n<meta property=\"og:site_name\" content=\"Diario Textual\" \/>\n<meta property=\"article:publisher\" content=\"https:\/\/www.facebook.com\/eltextual\" \/>\n<meta property=\"article:published_time\" content=\"2019-06-28T13:37:50+00:00\" \/>\n<meta property=\"og:image\" content=\"https:\/\/diariotextual.com\/inicio\/wp-content\/uploads\/2019\/01\/niunamenostelam00000.jpg\" \/>\n\t<meta property=\"og:image:width\" content=\"2598\" \/>\n\t<meta property=\"og:image:height\" content=\"1772\" \/>\n\t<meta property=\"og:image:type\" content=\"image\/jpeg\" \/>\n<meta name=\"author\" content=\"diario2\" \/>\n<meta name=\"twitter:card\" content=\"summary_large_image\" \/>\n<meta name=\"twitter:creator\" content=\"@eltextual\" \/>\n<meta name=\"twitter:site\" content=\"@eltextual\" \/>\n<meta name=\"twitter:label1\" content=\"Escrito por\" \/>\n\t<meta name=\"twitter:data1\" content=\"diario2\" \/>\n\t<meta name=\"twitter:label2\" content=\"Tiempo de lectura\" \/>\n\t<meta name=\"twitter:data2\" content=\"1 minuto\" \/>\n<script type=\"application\/ld+json\" class=\"yoast-schema-graph\">{\"@context\":\"https:\\\/\\\/schema.org\",\"@graph\":[{\"@type\":\"Article\",\"@id\":\"https:\\\/\\\/diariotextual.com\\\/inicio\\\/index.php\\\/2019\\\/06\\\/28\\\/concentracion-santa-rosa-general-pico-femicidio-valeria-coggiola\\\/#article\",\"isPartOf\":{\"@id\":\"https:\\\/\\\/diariotextual.com\\\/inicio\\\/index.php\\\/2019\\\/06\\\/28\\\/concentracion-santa-rosa-general-pico-femicidio-valeria-coggiola\\\/\"},\"author\":{\"name\":\"diario2\",\"@id\":\"https:\\\/\\\/diariotextual.com\\\/inicio\\\/#\\\/schema\\\/person\\\/694f60677f23c4a530867a98f22b3768\"},\"headline\":\"Concentraci\u00f3n en Santa Rosa y General Pico por el femicidio de Valeria Coggiola\",\"datePublished\":\"2019-06-28T13:37:50+00:00\",\"mainEntityOfPage\":{\"@id\":\"https:\\\/\\\/diariotextual.com\\\/inicio\\\/index.php\\\/2019\\\/06\\\/28\\\/concentracion-santa-rosa-general-pico-femicidio-valeria-coggiola\\\/\"},\"wordCount\":279,\"publisher\":{\"@id\":\"https:\\\/\\\/diariotextual.com\\\/inicio\\\/#organization\"},\"image\":{\"@id\":\"https:\\\/\\\/diariotextual.com\\\/inicio\\\/index.php\\\/2019\\\/06\\\/28\\\/concentracion-santa-rosa-general-pico-femicidio-valeria-coggiola\\\/#primaryimage\"},\"thumbnailUrl\":\"https:\\\/\\\/diariotextual.com\\\/inicio\\\/wp-content\\\/uploads\\\/2019\\\/01\\\/niunamenostelam00000.jpg\",\"articleSection\":[\"A - QUE PASA (al costado)\",\"SOCIEDAD\"],\"inLanguage\":\"es\"},{\"@type\":\"WebPage\",\"@id\":\"https:\\\/\\\/diariotextual.com\\\/inicio\\\/index.php\\\/2019\\\/06\\\/28\\\/concentracion-santa-rosa-general-pico-femicidio-valeria-coggiola\\\/\",\"url\":\"https:\\\/\\\/diariotextual.com\\\/inicio\\\/index.php\\\/2019\\\/06\\\/28\\\/concentracion-santa-rosa-general-pico-femicidio-valeria-coggiola\\\/\",\"name\":\"Concentraci\u00f3n en Santa Rosa y General Pico por el femicidio de Valeria Coggiola - Diario Textual\",\"isPartOf\":{\"@id\":\"https:\\\/\\\/diariotextual.com\\\/inicio\\\/#website\"},\"primaryImageOfPage\":{\"@id\":\"https:\\\/\\\/diariotextual.com\\\/inicio\\\/index.php\\\/2019\\\/06\\\/28\\\/concentracion-santa-rosa-general-pico-femicidio-valeria-coggiola\\\/#primaryimage\"},\"image\":{\"@id\":\"https:\\\/\\\/diariotextual.com\\\/inicio\\\/index.php\\\/2019\\\/06\\\/28\\\/concentracion-santa-rosa-general-pico-femicidio-valeria-coggiola\\\/#primaryimage\"},\"thumbnailUrl\":\"https:\\\/\\\/diariotextual.com\\\/inicio\\\/wp-content\\\/uploads\\\/2019\\\/01\\\/niunamenostelam00000.jpg\",\"datePublished\":\"2019-06-28T13:37:50+00:00\",\"breadcrumb\":{\"@id\":\"https:\\\/\\\/diariotextual.com\\\/inicio\\\/index.php\\\/2019\\\/06\\\/28\\\/concentracion-santa-rosa-general-pico-femicidio-valeria-coggiola\\\/#breadcrumb\"},\"inLanguage\":\"es\",\"potentialAction\":[{\"@type\":\"ReadAction\",\"target\":[\"https:\\\/\\\/diariotextual.com\\\/inicio\\\/index.php\\\/2019\\\/06\\\/28\\\/concentracion-santa-rosa-general-pico-femicidio-valeria-coggiola\\\/\"]}]},{\"@type\":\"ImageObject\",\"inLanguage\":\"es\",\"@id\":\"https:\\\/\\\/diariotextual.com\\\/inicio\\\/index.php\\\/2019\\\/06\\\/28\\\/concentracion-santa-rosa-general-pico-femicidio-valeria-coggiola\\\/#primaryimage\",\"url\":\"https:\\\/\\\/diariotextual.com\\\/inicio\\\/wp-content\\\/uploads\\\/2019\\\/01\\\/niunamenostelam00000.jpg\",\"contentUrl\":\"https:\\\/\\\/diariotextual.com\\\/inicio\\\/wp-content\\\/uploads\\\/2019\\\/01\\\/niunamenostelam00000.jpg\",\"width\":2598,\"height\":1772},{\"@type\":\"BreadcrumbList\",\"@id\":\"https:\\\/\\\/diariotextual.com\\\/inicio\\\/index.php\\\/2019\\\/06\\\/28\\\/concentracion-santa-rosa-general-pico-femicidio-valeria-coggiola\\\/#breadcrumb\",\"itemListElement\":[{\"@type\":\"ListItem\",\"position\":1,\"name\":\"Portada\",\"item\":\"https:\\\/\\\/diariotextual.com\\\/inicio\\\/\"},{\"@type\":\"ListItem\",\"position\":2,\"name\":\"Concentraci\u00f3n en Santa Rosa y General Pico por el femicidio de Valeria Coggiola\"}]},{\"@type\":\"WebSite\",\"@id\":\"https:\\\/\\\/diariotextual.com\\\/inicio\\\/#website\",\"url\":\"https:\\\/\\\/diariotextual.com\\\/inicio\\\/\",\"name\":\"Diario Textual\",\"description\":\"\",\"publisher\":{\"@id\":\"https:\\\/\\\/diariotextual.com\\\/inicio\\\/#organization\"},\"potentialAction\":[{\"@type\":\"SearchAction\",\"target\":{\"@type\":\"EntryPoint\",\"urlTemplate\":\"https:\\\/\\\/diariotextual.com\\\/inicio\\\/?s={search_term_string}\"},\"query-input\":{\"@type\":\"PropertyValueSpecification\",\"valueRequired\":true,\"valueName\":\"search_term_string\"}}],\"inLanguage\":\"es\"},{\"@type\":\"Organization\",\"@id\":\"https:\\\/\\\/diariotextual.com\\\/inicio\\\/#organization\",\"name\":\"Diario Textual\",\"url\":\"https:\\\/\\\/diariotextual.com\\\/inicio\\\/\",\"logo\":{\"@type\":\"ImageObject\",\"inLanguage\":\"es\",\"@id\":\"https:\\\/\\\/diariotextual.com\\\/inicio\\\/#\\\/schema\\\/logo\\\/image\\\/\",\"url\":\"https:\\\/\\\/diariotextual.com\\\/inicio\\\/wp-content\\\/uploads\\\/2023\\\/05\\\/logotextual1.jpg\",\"contentUrl\":\"https:\\\/\\\/diariotextual.com\\\/inicio\\\/wp-content\\\/uploads\\\/2023\\\/05\\\/logotextual1.jpg\",\"width\":516,\"height\":76,\"caption\":\"Diario Textual\"},\"image\":{\"@id\":\"https:\\\/\\\/diariotextual.com\\\/inicio\\\/#\\\/schema\\\/logo\\\/image\\\/\"},\"sameAs\":[\"https:\\\/\\\/www.facebook.com\\\/eltextual\",\"https:\\\/\\\/x.com\\\/eltextual\",\"http:\\\/\\\/www.instagram.com\\\/eltextual\"]},{\"@type\":\"Person\",\"@id\":\"https:\\\/\\\/diariotextual.com\\\/inicio\\\/#\\\/schema\\\/person\\\/694f60677f23c4a530867a98f22b3768\",\"name\":\"diario2\",\"image\":{\"@type\":\"ImageObject\",\"inLanguage\":\"es\",\"@id\":\"https:\\\/\\\/secure.gravatar.com\\\/avatar\\\/5a2567495ba16b852fcd8f1ed006a2e24fcace936018ed8237e95f488ad6e0a7?s=96&d=mm&r=g\",\"url\":\"https:\\\/\\\/secure.gravatar.com\\\/avatar\\\/5a2567495ba16b852fcd8f1ed006a2e24fcace936018ed8237e95f488ad6e0a7?s=96&d=mm&r=g\",\"contentUrl\":\"https:\\\/\\\/secure.gravatar.com\\\/avatar\\\/5a2567495ba16b852fcd8f1ed006a2e24fcace936018ed8237e95f488ad6e0a7?s=96&d=mm&r=g\",\"caption\":\"diario2\"},\"url\":\"https:\\\/\\\/diariotextual.com\\\/inicio\\\/index.php\\\/author\\\/diario2\\\/\"}]}<\/script>\n<!-- \/ Yoast SEO plugin. -->","yoast_head_json":{"title":"Concentraci\u00f3n en Santa Rosa y General Pico por el femicidio de Valeria Coggiola - Diario Textual","robots":{"index":"index","follow":"follow","max-snippet":"max-snippet:-1","max-image-preview":"max-image-preview:large","max-video-preview":"max-video-preview:-1"},"canonical":"https:\/\/diariotextual.com\/inicio\/index.php\/2019\/06\/28\/concentracion-santa-rosa-general-pico-femicidio-valeria-coggiola\/","og_locale":"es_ES","og_type":"article","og_title":"Concentraci\u00f3n en Santa Rosa y General Pico por el femicidio de Valeria Coggiola - Diario Textual","og_description":"Organizaciones feministas convocaron a concentrase este viernes en General Pico y Santa Rosa por el femicidio de Valeria Coggiola, de 35 a\u00f1os. En General Pico, la concentraci\u00f3n ser\u00e1 en la&hellip;","og_url":"https:\/\/diariotextual.com\/inicio\/index.php\/2019\/06\/28\/concentracion-santa-rosa-general-pico-femicidio-valeria-coggiola\/","og_site_name":"Diario Textual","article_publisher":"https:\/\/www.facebook.com\/eltextual","article_published_time":"2019-06-28T13:37:50+00:00","og_image":[{"width":2598,"height":1772,"url":"https:\/\/diariotextual.com\/inicio\/wp-content\/uploads\/2019\/01\/niunamenostelam00000.jpg","type":"image\/jpeg"}],"author":"diario2","twitter_card":"summary_large_image","twitter_creator":"@eltextual","twitter_site":"@eltextual","twitter_misc":{"Escrito por":"diario2","Tiempo de lectura":"1 minuto"},"schema":{"@context":"https:\/\/schema.org","@graph":[{"@type":"Article","@id":"https:\/\/diariotextual.com\/inicio\/index.php\/2019\/06\/28\/concentracion-santa-rosa-general-pico-femicidio-valeria-coggiola\/#article","isPartOf":{"@id":"https:\/\/diariotextual.com\/inicio\/index.php\/2019\/06\/28\/concentracion-santa-rosa-general-pico-femicidio-valeria-coggiola\/"},"author":{"name":"diario2","@id":"https:\/\/diariotextual.com\/inicio\/#\/schema\/person\/694f60677f23c4a530867a98f22b3768"},"headline":"Concentraci\u00f3n en Santa Rosa y General Pico por el femicidio de Valeria Coggiola","datePublished":"2019-06-28T13:37:50+00:00","mainEntityOfPage":{"@id":"https:\/\/diariotextual.com\/inicio\/index.php\/2019\/06\/28\/concentracion-santa-rosa-general-pico-femicidio-valeria-coggiola\/"},"wordCount":279,"publisher":{"@id":"https:\/\/diariotextual.com\/inicio\/#organization"},"image":{"@id":"https:\/\/diariotextual.com\/inicio\/index.php\/2019\/06\/28\/concentracion-santa-rosa-general-pico-femicidio-valeria-coggiola\/#primaryimage"},"thumbnailUrl":"https:\/\/diariotextual.com\/inicio\/wp-content\/uploads\/2019\/01\/niunamenostelam00000.jpg","articleSection":["A - QUE PASA (al costado)","SOCIEDAD"],"inLanguage":"es"},{"@type":"WebPage","@id":"https:\/\/diariotextual.com\/inicio\/index.php\/2019\/06\/28\/concentracion-santa-rosa-general-pico-femicidio-valeria-coggiola\/","url":"https:\/\/diariotextual.com\/inicio\/index.php\/2019\/06\/28\/concentracion-santa-rosa-general-pico-femicidio-valeria-coggiola\/","name":"Concentraci\u00f3n en Santa Rosa y General Pico por el femicidio de Valeria Coggiola - Diario Textual","isPartOf":{"@id":"https:\/\/diariotextual.com\/inicio\/#website"},"primaryImageOfPage":{"@id":"https:\/\/diariotextual.com\/inicio\/index.php\/2019\/06\/28\/concentracion-santa-rosa-general-pico-femicidio-valeria-coggiola\/#primaryimage"},"image":{"@id":"https:\/\/diariotextual.com\/inicio\/index.php\/2019\/06\/28\/concentracion-santa-rosa-general-pico-femicidio-valeria-coggiola\/#primaryimage"},"thumbnailUrl":"https:\/\/diariotextual.com\/inicio\/wp-content\/uploads\/2019\/01\/niunamenostelam00000.jpg","datePublished":"2019-06-28T13:37:50+00:00","breadcrumb":{"@id":"https:\/\/diariotextual.com\/inicio\/index.php\/2019\/06\/28\/concentracion-santa-rosa-general-pico-femicidio-valeria-coggiola\/#breadcrumb"},"inLanguage":"es","potentialAction":[{"@type":"ReadAction","target":["https:\/\/diariotextual.com\/inicio\/index.php\/2019\/06\/28\/concentracion-santa-rosa-general-pico-femicidio-valeria-coggiola\/"]}]},{"@type":"ImageObject","inLanguage":"es","@id":"https:\/\/diariotextual.com\/inicio\/index.php\/2019\/06\/28\/concentracion-santa-rosa-general-pico-femicidio-valeria-coggiola\/#primaryimage","url":"https:\/\/diariotextual.com\/inicio\/wp-content\/uploads\/2019\/01\/niunamenostelam00000.jpg","contentUrl":"https:\/\/diariotextual.com\/inicio\/wp-content\/uploads\/2019\/01\/niunamenostelam00000.jpg","width":2598,"height":1772},{"@type":"BreadcrumbList","@id":"https:\/\/diariotextual.com\/inicio\/index.php\/2019\/06\/28\/concentracion-santa-rosa-general-pico-femicidio-valeria-coggiola\/#breadcrumb","itemListElement":[{"@type":"ListItem","position":1,"name":"Portada","item":"https:\/\/diariotextual.com\/inicio\/"},{"@type":"ListItem","position":2,"name":"Concentraci\u00f3n en Santa Rosa y General Pico por el femicidio de Valeria Coggiola"}]},{"@type":"WebSite","@id":"https:\/\/diariotextual.com\/inicio\/#website","url":"https:\/\/diariotextual.com\/inicio\/","name":"Diario Textual","description":"","publisher":{"@id":"https:\/\/diariotextual.com\/inicio\/#organization"},"potentialAction":[{"@type":"SearchAction","target":{"@type":"EntryPoint","urlTemplate":"https:\/\/diariotextual.com\/inicio\/?s={search_term_string}"},"query-input":{"@type":"PropertyValueSpecification","valueRequired":true,"valueName":"search_term_string"}}],"inLanguage":"es"},{"@type":"Organization","@id":"https:\/\/diariotextual.com\/inicio\/#organization","name":"Diario Textual","url":"https:\/\/diariotextual.com\/inicio\/","logo":{"@type":"ImageObject","inLanguage":"es","@id":"https:\/\/diariotextual.com\/inicio\/#\/schema\/logo\/image\/","url":"https:\/\/diariotextual.com\/inicio\/wp-content\/uploads\/2023\/05\/logotextual1.jpg","contentUrl":"https:\/\/diariotextual.com\/inicio\/wp-content\/uploads\/2023\/05\/logotextual1.jpg","width":516,"height":76,"caption":"Diario Textual"},"image":{"@id":"https:\/\/diariotextual.com\/inicio\/#\/schema\/logo\/image\/"},"sameAs":["https:\/\/www.facebook.com\/eltextual","https:\/\/x.com\/eltextual","http:\/\/www.instagram.com\/eltextual"]},{"@type":"Person","@id":"https:\/\/diariotextual.com\/inicio\/#\/schema\/person\/694f60677f23c4a530867a98f22b3768","name":"diario2","image":{"@type":"ImageObject","inLanguage":"es","@id":"https:\/\/secure.gravatar.com\/avatar\/5a2567495ba16b852fcd8f1ed006a2e24fcace936018ed8237e95f488ad6e0a7?s=96&d=mm&r=g","url":"https:\/\/secure.gravatar.com\/avatar\/5a2567495ba16b852fcd8f1ed006a2e24fcace936018ed8237e95f488ad6e0a7?s=96&d=mm&r=g","contentUrl":"https:\/\/secure.gravatar.com\/avatar\/5a2567495ba16b852fcd8f1ed006a2e24fcace936018ed8237e95f488ad6e0a7?s=96&d=mm&r=g","caption":"diario2"},"url":"https:\/\/diariotextual.com\/inicio\/index.php\/author\/diario2\/"}]}},"_links":{"self":[{"href":"https:\/\/diariotextual.com\/inicio\/index.php\/wp-json\/wp\/v2\/posts\/53957","targetHints":{"allow":["GET"]}}],"collection":[{"href":"https:\/\/diariotextual.com\/inicio\/index.php\/wp-json\/wp\/v2\/posts"}],"about":[{"href":"https:\/\/diariotextual.com\/inicio\/index.php\/wp-json\/wp\/v2\/types\/post"}],"author":[{"embeddable":true,"href":"https:\/\/diariotextual.com\/inicio\/index.php\/wp-json\/wp\/v2\/users\/4"}],"replies":[{"embeddable":true,"href":"https:\/\/diariotextual.com\/inicio\/index.php\/wp-json\/wp\/v2\/comments?post=53957"}],"version-history":[{"count":1,"href":"https:\/\/diariotextual.com\/inicio\/index.php\/wp-json\/wp\/v2\/posts\/53957\/revisions"}],"predecessor-version":[{"id":53967,"href":"https:\/\/diariotextual.com\/inicio\/index.php\/wp-json\/wp\/v2\/posts\/53957\/revisions\/53967"}],"wp:featuredmedia":[{"embeddable":true,"href":"https:\/\/diariotextual.com\/inicio\/index.php\/wp-json\/wp\/v2\/media\/35842"}],"wp:attachment":[{"href":"https:\/\/diariotextual.com\/inicio\/index.php\/wp-json\/wp\/v2\/media?parent=53957"}],"wp:term":[{"taxonomy":"category","embeddable":true,"href":"https:\/\/diariotextual.com\/inicio\/index.php\/wp-json\/wp\/v2\/categories?post=53957"},{"taxonomy":"post_tag","embeddable":true,"href":"https:\/\/diariotextual.com\/inicio\/index.php\/wp-json\/wp\/v2\/tags?post=53957"}],"curies":[{"name":"wp","href":"https:\/\/api.w.org\/{rel}","templated":true}]}}