{"id":53988,"date":"2019-06-28T13:56:59","date_gmt":"2019-06-28T16:56:59","guid":{"rendered":"http:\/\/diariotextual.com\/inicio\/?p=53988"},"modified":"2019-06-28T20:37:54","modified_gmt":"2019-06-28T23:37:54","slug":"dia-del-orgullo-lgbtiq-condenaron-una-joven-besar-esposa","status":"publish","type":"post","link":"https:\/\/diariotextual.com\/inicio\/index.php\/2019\/06\/28\/dia-del-orgullo-lgbtiq-condenaron-una-joven-besar-esposa\/","title":{"rendered":"En el d\u00eda del Orgullo LGBTIQ, condenaron a una joven por besar a su esposa"},"content":{"rendered":"<p>Un\u00a0 fallo para la verg\u00fcenza. Este viernes 28 de junio<strong>\u00a0Mariana G\u00f3mez fue condenada a un a\u00f1o de prisi\u00f3n<\/strong>\u00a0en suspenso en la causa en la que se la acusaba por \u201cresistencia a la autoridad\u201d cuando fue detenida por besar a su esposa, Roc\u00edo Girat, en la estaci\u00f3n Constituci\u00f3n en octubre de 2017.\u00a0La fecha que eligi\u00f3 parece una provocaci\u00f3n ya que\u00a0<strong>hoy se conmemora el D\u00eda del Orgullo LGBT.<\/strong><\/p>\n<p>Partidos de izquierda, organizaciones de Derechos Humanos y referentes de la comunidad LGBT acompa\u00f1aron a la j\u00f3venes judicializadas por su identidad sexual. Tras escuchar la condena<strong>, Mariana G\u00f3mez se desmay\u00f3 a la salida de los tribunales.<\/strong>\u00a0Seg\u00fan contaron sus allegados, la joven habr\u00eda sufrido un ataque de nervios.<\/p>\n<p>En la audiencia del mi\u00e9rcoles, la fiscal\u00a0<strong>Diana Goral\u00a0<\/strong>y el abogado defensor,\u00a0<strong>Lisandro Teszkiewicz,<\/strong>expusieron sus alegatos. Goral solicit\u00f3 una pena de dos a\u00f1os de prisi\u00f3n para G\u00f3mez por el \u201cdelito de resistencia a la autoridad en concurso real con el de lesiones graves\u00bb, mientras que la defensa de la joven pidi\u00f3 la absoluci\u00f3n.<\/p>\n<p>El 2 de octubre de 2017 pasado el mediod\u00eda, G\u00f3mez y Girat estaban bajo el domo que se encuentra frente a la estaci\u00f3n de trenes de Constituci\u00f3n. Durante el juicio, Girat cont\u00f3 que ella y su esposa \u201cestaban tranquilas\u201d, conversando y fumando, cuando un empleado de Metrov\u00edas,\u00a0<strong>Jos\u00e9 Mar\u00eda P\u00e9rez,<\/strong>\u00a0se acerc\u00f3 a G\u00f3mez para pedirle que deje de fumar. Cuando la acusada respondi\u00f3 que no hab\u00eda carteler\u00eda que indicara que estaba prohibido fumar en ese espacio -y que hab\u00eda otras personas fumando en el lugar-, P\u00e9rez llam\u00f3 a un oficial de la Polic\u00eda de la Ciudad,<strong>\u00a0Jonatan Maximiliano Rojo\u00a0<\/strong>, quien le dijo a G\u00f3mez, \u201cche pibe, apag\u00e1 el cigarrillo\u201d.<\/p>\n<p>En su declaraci\u00f3n ante la jueza, G\u00f3mez asegur\u00f3 que ella intent\u00f3 irse del lugar, pero que Rojo \u201cme pon\u00eda la mano en el pecho y me dec\u00eda \u2018quedate ac\u00e1 que vas a ser detenido\u2019\u201d y comenz\u00f3 un forcejeo entre ambos. Seg\u00fan el relato de la acusada, el oficial llam\u00f3 por handy a una compa\u00f1era, Karen Villarreal, y, en medio del forcejeo, \u201cRojo me tuerce el brazo y me tira para atr\u00e1s\u201d, por lo que G\u00f3mez agarr\u00f3 del pelo a Villarreal \u201cpara no caer\u201d y, en el proceso, le arranc\u00f3 parte del cabello. Los dos agentes la redujeron, la esposaron y la trasladaron a la estaci\u00f3n policial que est\u00e1 en la estaci\u00f3n Boedo de la L\u00ednea E. Horas despu\u00e9s fue liberada.<\/p>\n<p>&nbsp;<\/p>\n<p>&nbsp;<\/p>\n<p>&nbsp;<\/p>\n","protected":false},"excerpt":{"rendered":"<p>Un\u00a0 fallo para la verg\u00fcenza. Este viernes 28 de junio\u00a0Mariana G\u00f3mez fue condenada a un a\u00f1o de prisi\u00f3n\u00a0en suspenso en la causa en la que se la acusaba por \u201cresistencia&hellip;<\/p>\n","protected":false},"author":3,"featured_media":53990,"comment_status":"closed","ping_status":"open","sticky":false,"template":"","format":"standard","meta":{"_acf_changed":false,"footnotes":""},"categories":[11,319,12],"tags":[],"class_list":["post-53988","post","type-post","status-publish","format-standard","has-post-thumbnail","hentry","category-que-pasa","category-a-temporales","category-sociedad"],"acf":[],"yoast_head":"<!-- This site is optimized with the Yoast SEO plugin v27.5 - https:\/\/yoast.com\/product\/yoast-seo-wordpress\/ -->\n<title>En el d\u00eda del Orgullo LGBTIQ, condenaron a una joven por besar a su esposa - Diario Textual<\/title>\n<meta name=\"robots\" content=\"index, follow, max-snippet:-1, max-image-preview:large, max-video-preview:-1\" \/>\n<link rel=\"canonical\" href=\"https:\/\/diariotextual.com\/inicio\/index.php\/2019\/06\/28\/dia-del-orgullo-lgbtiq-condenaron-una-joven-besar-esposa\/\" \/>\n<meta property=\"og:locale\" content=\"es_ES\" \/>\n<meta property=\"og:type\" content=\"article\" \/>\n<meta property=\"og:title\" content=\"En el d\u00eda del Orgullo LGBTIQ, condenaron a una joven por besar a su esposa - Diario Textual\" \/>\n<meta property=\"og:description\" content=\"Un\u00a0 fallo para la verg\u00fcenza. Este viernes 28 de junio\u00a0Mariana G\u00f3mez fue condenada a un a\u00f1o de prisi\u00f3n\u00a0en suspenso en la causa en la que se la acusaba por \u201cresistencia&hellip;\" \/>\n<meta property=\"og:url\" content=\"https:\/\/diariotextual.com\/inicio\/index.php\/2019\/06\/28\/dia-del-orgullo-lgbtiq-condenaron-una-joven-besar-esposa\/\" \/>\n<meta property=\"og:site_name\" content=\"Diario Textual\" \/>\n<meta property=\"article:publisher\" content=\"https:\/\/www.facebook.com\/eltextual\" \/>\n<meta property=\"article:published_time\" content=\"2019-06-28T16:56:59+00:00\" \/>\n<meta property=\"article:modified_time\" content=\"2019-06-28T23:37:54+00:00\" \/>\n<meta property=\"og:image\" content=\"https:\/\/diariotextual.com\/inicio\/wp-content\/uploads\/2019\/06\/gomezmarianalgtbbesosubte2019-1.jpg\" \/>\n\t<meta property=\"og:image:width\" content=\"1500\" \/>\n\t<meta property=\"og:image:height\" content=\"843\" \/>\n\t<meta property=\"og:image:type\" content=\"image\/jpeg\" \/>\n<meta name=\"author\" content=\"Diario1 Diario1\" \/>\n<meta name=\"twitter:card\" content=\"summary_large_image\" \/>\n<meta name=\"twitter:creator\" content=\"@eltextual\" \/>\n<meta name=\"twitter:site\" content=\"@eltextual\" \/>\n<meta name=\"twitter:label1\" content=\"Escrito por\" \/>\n\t<meta name=\"twitter:data1\" content=\"Diario1 Diario1\" \/>\n\t<meta name=\"twitter:label2\" content=\"Tiempo de lectura\" \/>\n\t<meta name=\"twitter:data2\" content=\"2 minutos\" \/>\n<script type=\"application\/ld+json\" class=\"yoast-schema-graph\">{\"@context\":\"https:\\\/\\\/schema.org\",\"@graph\":[{\"@type\":\"Article\",\"@id\":\"https:\\\/\\\/diariotextual.com\\\/inicio\\\/index.php\\\/2019\\\/06\\\/28\\\/dia-del-orgullo-lgbtiq-condenaron-una-joven-besar-esposa\\\/#article\",\"isPartOf\":{\"@id\":\"https:\\\/\\\/diariotextual.com\\\/inicio\\\/index.php\\\/2019\\\/06\\\/28\\\/dia-del-orgullo-lgbtiq-condenaron-una-joven-besar-esposa\\\/\"},\"author\":{\"name\":\"Diario1 Diario1\",\"@id\":\"https:\\\/\\\/diariotextual.com\\\/inicio\\\/#\\\/schema\\\/person\\\/418fc4093c33e86ed41562db3508f958\"},\"headline\":\"En el d\u00eda del Orgullo LGBTIQ, condenaron a una joven por besar a su esposa\",\"datePublished\":\"2019-06-28T16:56:59+00:00\",\"dateModified\":\"2019-06-28T23:37:54+00:00\",\"mainEntityOfPage\":{\"@id\":\"https:\\\/\\\/diariotextual.com\\\/inicio\\\/index.php\\\/2019\\\/06\\\/28\\\/dia-del-orgullo-lgbtiq-condenaron-una-joven-besar-esposa\\\/\"},\"wordCount\":463,\"publisher\":{\"@id\":\"https:\\\/\\\/diariotextual.com\\\/inicio\\\/#organization\"},\"image\":{\"@id\":\"https:\\\/\\\/diariotextual.com\\\/inicio\\\/index.php\\\/2019\\\/06\\\/28\\\/dia-del-orgullo-lgbtiq-condenaron-una-joven-besar-esposa\\\/#primaryimage\"},\"thumbnailUrl\":\"https:\\\/\\\/diariotextual.com\\\/inicio\\\/wp-content\\\/uploads\\\/2019\\\/06\\\/gomezmarianalgtbbesosubte2019-1.jpg\",\"articleSection\":[\"A - QUE PASA (al costado)\",\"A - TEMPORALES\",\"SOCIEDAD\"],\"inLanguage\":\"es\"},{\"@type\":\"WebPage\",\"@id\":\"https:\\\/\\\/diariotextual.com\\\/inicio\\\/index.php\\\/2019\\\/06\\\/28\\\/dia-del-orgullo-lgbtiq-condenaron-una-joven-besar-esposa\\\/\",\"url\":\"https:\\\/\\\/diariotextual.com\\\/inicio\\\/index.php\\\/2019\\\/06\\\/28\\\/dia-del-orgullo-lgbtiq-condenaron-una-joven-besar-esposa\\\/\",\"name\":\"En el d\u00eda del Orgullo LGBTIQ, condenaron a una joven por besar a su esposa - Diario Textual\",\"isPartOf\":{\"@id\":\"https:\\\/\\\/diariotextual.com\\\/inicio\\\/#website\"},\"primaryImageOfPage\":{\"@id\":\"https:\\\/\\\/diariotextual.com\\\/inicio\\\/index.php\\\/2019\\\/06\\\/28\\\/dia-del-orgullo-lgbtiq-condenaron-una-joven-besar-esposa\\\/#primaryimage\"},\"image\":{\"@id\":\"https:\\\/\\\/diariotextual.com\\\/inicio\\\/index.php\\\/2019\\\/06\\\/28\\\/dia-del-orgullo-lgbtiq-condenaron-una-joven-besar-esposa\\\/#primaryimage\"},\"thumbnailUrl\":\"https:\\\/\\\/diariotextual.com\\\/inicio\\\/wp-content\\\/uploads\\\/2019\\\/06\\\/gomezmarianalgtbbesosubte2019-1.jpg\",\"datePublished\":\"2019-06-28T16:56:59+00:00\",\"dateModified\":\"2019-06-28T23:37:54+00:00\",\"breadcrumb\":{\"@id\":\"https:\\\/\\\/diariotextual.com\\\/inicio\\\/index.php\\\/2019\\\/06\\\/28\\\/dia-del-orgullo-lgbtiq-condenaron-una-joven-besar-esposa\\\/#breadcrumb\"},\"inLanguage\":\"es\",\"potentialAction\":[{\"@type\":\"ReadAction\",\"target\":[\"https:\\\/\\\/diariotextual.com\\\/inicio\\\/index.php\\\/2019\\\/06\\\/28\\\/dia-del-orgullo-lgbtiq-condenaron-una-joven-besar-esposa\\\/\"]}]},{\"@type\":\"ImageObject\",\"inLanguage\":\"es\",\"@id\":\"https:\\\/\\\/diariotextual.com\\\/inicio\\\/index.php\\\/2019\\\/06\\\/28\\\/dia-del-orgullo-lgbtiq-condenaron-una-joven-besar-esposa\\\/#primaryimage\",\"url\":\"https:\\\/\\\/diariotextual.com\\\/inicio\\\/wp-content\\\/uploads\\\/2019\\\/06\\\/gomezmarianalgtbbesosubte2019-1.jpg\",\"contentUrl\":\"https:\\\/\\\/diariotextual.com\\\/inicio\\\/wp-content\\\/uploads\\\/2019\\\/06\\\/gomezmarianalgtbbesosubte2019-1.jpg\",\"width\":1500,\"height\":843},{\"@type\":\"BreadcrumbList\",\"@id\":\"https:\\\/\\\/diariotextual.com\\\/inicio\\\/index.php\\\/2019\\\/06\\\/28\\\/dia-del-orgullo-lgbtiq-condenaron-una-joven-besar-esposa\\\/#breadcrumb\",\"itemListElement\":[{\"@type\":\"ListItem\",\"position\":1,\"name\":\"Portada\",\"item\":\"https:\\\/\\\/diariotextual.com\\\/inicio\\\/\"},{\"@type\":\"ListItem\",\"position\":2,\"name\":\"En el d\u00eda del Orgullo LGBTIQ, condenaron a una joven por besar a su esposa\"}]},{\"@type\":\"WebSite\",\"@id\":\"https:\\\/\\\/diariotextual.com\\\/inicio\\\/#website\",\"url\":\"https:\\\/\\\/diariotextual.com\\\/inicio\\\/\",\"name\":\"Diario Textual\",\"description\":\"\",\"publisher\":{\"@id\":\"https:\\\/\\\/diariotextual.com\\\/inicio\\\/#organization\"},\"potentialAction\":[{\"@type\":\"SearchAction\",\"target\":{\"@type\":\"EntryPoint\",\"urlTemplate\":\"https:\\\/\\\/diariotextual.com\\\/inicio\\\/?s={search_term_string}\"},\"query-input\":{\"@type\":\"PropertyValueSpecification\",\"valueRequired\":true,\"valueName\":\"search_term_string\"}}],\"inLanguage\":\"es\"},{\"@type\":\"Organization\",\"@id\":\"https:\\\/\\\/diariotextual.com\\\/inicio\\\/#organization\",\"name\":\"Diario Textual\",\"url\":\"https:\\\/\\\/diariotextual.com\\\/inicio\\\/\",\"logo\":{\"@type\":\"ImageObject\",\"inLanguage\":\"es\",\"@id\":\"https:\\\/\\\/diariotextual.com\\\/inicio\\\/#\\\/schema\\\/logo\\\/image\\\/\",\"url\":\"https:\\\/\\\/diariotextual.com\\\/inicio\\\/wp-content\\\/uploads\\\/2023\\\/05\\\/logotextual1.jpg\",\"contentUrl\":\"https:\\\/\\\/diariotextual.com\\\/inicio\\\/wp-content\\\/uploads\\\/2023\\\/05\\\/logotextual1.jpg\",\"width\":516,\"height\":76,\"caption\":\"Diario Textual\"},\"image\":{\"@id\":\"https:\\\/\\\/diariotextual.com\\\/inicio\\\/#\\\/schema\\\/logo\\\/image\\\/\"},\"sameAs\":[\"https:\\\/\\\/www.facebook.com\\\/eltextual\",\"https:\\\/\\\/x.com\\\/eltextual\",\"http:\\\/\\\/www.instagram.com\\\/eltextual\"]},{\"@type\":\"Person\",\"@id\":\"https:\\\/\\\/diariotextual.com\\\/inicio\\\/#\\\/schema\\\/person\\\/418fc4093c33e86ed41562db3508f958\",\"name\":\"Diario1 Diario1\",\"image\":{\"@type\":\"ImageObject\",\"inLanguage\":\"es\",\"@id\":\"https:\\\/\\\/secure.gravatar.com\\\/avatar\\\/9167d280179c85bc18be67aa7eda765854300033af4896dd779b608640f2ef7a?s=96&d=mm&r=g\",\"url\":\"https:\\\/\\\/secure.gravatar.com\\\/avatar\\\/9167d280179c85bc18be67aa7eda765854300033af4896dd779b608640f2ef7a?s=96&d=mm&r=g\",\"contentUrl\":\"https:\\\/\\\/secure.gravatar.com\\\/avatar\\\/9167d280179c85bc18be67aa7eda765854300033af4896dd779b608640f2ef7a?s=96&d=mm&r=g\",\"caption\":\"Diario1 Diario1\"},\"url\":\"https:\\\/\\\/diariotextual.com\\\/inicio\\\/index.php\\\/author\\\/diario1\\\/\"}]}<\/script>\n<!-- \/ Yoast SEO plugin. -->","yoast_head_json":{"title":"En el d\u00eda del Orgullo LGBTIQ, condenaron a una joven por besar a su esposa - Diario Textual","robots":{"index":"index","follow":"follow","max-snippet":"max-snippet:-1","max-image-preview":"max-image-preview:large","max-video-preview":"max-video-preview:-1"},"canonical":"https:\/\/diariotextual.com\/inicio\/index.php\/2019\/06\/28\/dia-del-orgullo-lgbtiq-condenaron-una-joven-besar-esposa\/","og_locale":"es_ES","og_type":"article","og_title":"En el d\u00eda del Orgullo LGBTIQ, condenaron a una joven por besar a su esposa - Diario Textual","og_description":"Un\u00a0 fallo para la verg\u00fcenza. Este viernes 28 de junio\u00a0Mariana G\u00f3mez fue condenada a un a\u00f1o de prisi\u00f3n\u00a0en suspenso en la causa en la que se la acusaba por \u201cresistencia&hellip;","og_url":"https:\/\/diariotextual.com\/inicio\/index.php\/2019\/06\/28\/dia-del-orgullo-lgbtiq-condenaron-una-joven-besar-esposa\/","og_site_name":"Diario Textual","article_publisher":"https:\/\/www.facebook.com\/eltextual","article_published_time":"2019-06-28T16:56:59+00:00","article_modified_time":"2019-06-28T23:37:54+00:00","og_image":[{"width":1500,"height":843,"url":"https:\/\/diariotextual.com\/inicio\/wp-content\/uploads\/2019\/06\/gomezmarianalgtbbesosubte2019-1.jpg","type":"image\/jpeg"}],"author":"Diario1 Diario1","twitter_card":"summary_large_image","twitter_creator":"@eltextual","twitter_site":"@eltextual","twitter_misc":{"Escrito por":"Diario1 Diario1","Tiempo de lectura":"2 minutos"},"schema":{"@context":"https:\/\/schema.org","@graph":[{"@type":"Article","@id":"https:\/\/diariotextual.com\/inicio\/index.php\/2019\/06\/28\/dia-del-orgullo-lgbtiq-condenaron-una-joven-besar-esposa\/#article","isPartOf":{"@id":"https:\/\/diariotextual.com\/inicio\/index.php\/2019\/06\/28\/dia-del-orgullo-lgbtiq-condenaron-una-joven-besar-esposa\/"},"author":{"name":"Diario1 Diario1","@id":"https:\/\/diariotextual.com\/inicio\/#\/schema\/person\/418fc4093c33e86ed41562db3508f958"},"headline":"En el d\u00eda del Orgullo LGBTIQ, condenaron a una joven por besar a su esposa","datePublished":"2019-06-28T16:56:59+00:00","dateModified":"2019-06-28T23:37:54+00:00","mainEntityOfPage":{"@id":"https:\/\/diariotextual.com\/inicio\/index.php\/2019\/06\/28\/dia-del-orgullo-lgbtiq-condenaron-una-joven-besar-esposa\/"},"wordCount":463,"publisher":{"@id":"https:\/\/diariotextual.com\/inicio\/#organization"},"image":{"@id":"https:\/\/diariotextual.com\/inicio\/index.php\/2019\/06\/28\/dia-del-orgullo-lgbtiq-condenaron-una-joven-besar-esposa\/#primaryimage"},"thumbnailUrl":"https:\/\/diariotextual.com\/inicio\/wp-content\/uploads\/2019\/06\/gomezmarianalgtbbesosubte2019-1.jpg","articleSection":["A - QUE PASA (al costado)","A - TEMPORALES","SOCIEDAD"],"inLanguage":"es"},{"@type":"WebPage","@id":"https:\/\/diariotextual.com\/inicio\/index.php\/2019\/06\/28\/dia-del-orgullo-lgbtiq-condenaron-una-joven-besar-esposa\/","url":"https:\/\/diariotextual.com\/inicio\/index.php\/2019\/06\/28\/dia-del-orgullo-lgbtiq-condenaron-una-joven-besar-esposa\/","name":"En el d\u00eda del Orgullo LGBTIQ, condenaron a una joven por besar a su esposa - Diario Textual","isPartOf":{"@id":"https:\/\/diariotextual.com\/inicio\/#website"},"primaryImageOfPage":{"@id":"https:\/\/diariotextual.com\/inicio\/index.php\/2019\/06\/28\/dia-del-orgullo-lgbtiq-condenaron-una-joven-besar-esposa\/#primaryimage"},"image":{"@id":"https:\/\/diariotextual.com\/inicio\/index.php\/2019\/06\/28\/dia-del-orgullo-lgbtiq-condenaron-una-joven-besar-esposa\/#primaryimage"},"thumbnailUrl":"https:\/\/diariotextual.com\/inicio\/wp-content\/uploads\/2019\/06\/gomezmarianalgtbbesosubte2019-1.jpg","datePublished":"2019-06-28T16:56:59+00:00","dateModified":"2019-06-28T23:37:54+00:00","breadcrumb":{"@id":"https:\/\/diariotextual.com\/inicio\/index.php\/2019\/06\/28\/dia-del-orgullo-lgbtiq-condenaron-una-joven-besar-esposa\/#breadcrumb"},"inLanguage":"es","potentialAction":[{"@type":"ReadAction","target":["https:\/\/diariotextual.com\/inicio\/index.php\/2019\/06\/28\/dia-del-orgullo-lgbtiq-condenaron-una-joven-besar-esposa\/"]}]},{"@type":"ImageObject","inLanguage":"es","@id":"https:\/\/diariotextual.com\/inicio\/index.php\/2019\/06\/28\/dia-del-orgullo-lgbtiq-condenaron-una-joven-besar-esposa\/#primaryimage","url":"https:\/\/diariotextual.com\/inicio\/wp-content\/uploads\/2019\/06\/gomezmarianalgtbbesosubte2019-1.jpg","contentUrl":"https:\/\/diariotextual.com\/inicio\/wp-content\/uploads\/2019\/06\/gomezmarianalgtbbesosubte2019-1.jpg","width":1500,"height":843},{"@type":"BreadcrumbList","@id":"https:\/\/diariotextual.com\/inicio\/index.php\/2019\/06\/28\/dia-del-orgullo-lgbtiq-condenaron-una-joven-besar-esposa\/#breadcrumb","itemListElement":[{"@type":"ListItem","position":1,"name":"Portada","item":"https:\/\/diariotextual.com\/inicio\/"},{"@type":"ListItem","position":2,"name":"En el d\u00eda del Orgullo LGBTIQ, condenaron a una joven por besar a su esposa"}]},{"@type":"WebSite","@id":"https:\/\/diariotextual.com\/inicio\/#website","url":"https:\/\/diariotextual.com\/inicio\/","name":"Diario Textual","description":"","publisher":{"@id":"https:\/\/diariotextual.com\/inicio\/#organization"},"potentialAction":[{"@type":"SearchAction","target":{"@type":"EntryPoint","urlTemplate":"https:\/\/diariotextual.com\/inicio\/?s={search_term_string}"},"query-input":{"@type":"PropertyValueSpecification","valueRequired":true,"valueName":"search_term_string"}}],"inLanguage":"es"},{"@type":"Organization","@id":"https:\/\/diariotextual.com\/inicio\/#organization","name":"Diario Textual","url":"https:\/\/diariotextual.com\/inicio\/","logo":{"@type":"ImageObject","inLanguage":"es","@id":"https:\/\/diariotextual.com\/inicio\/#\/schema\/logo\/image\/","url":"https:\/\/diariotextual.com\/inicio\/wp-content\/uploads\/2023\/05\/logotextual1.jpg","contentUrl":"https:\/\/diariotextual.com\/inicio\/wp-content\/uploads\/2023\/05\/logotextual1.jpg","width":516,"height":76,"caption":"Diario Textual"},"image":{"@id":"https:\/\/diariotextual.com\/inicio\/#\/schema\/logo\/image\/"},"sameAs":["https:\/\/www.facebook.com\/eltextual","https:\/\/x.com\/eltextual","http:\/\/www.instagram.com\/eltextual"]},{"@type":"Person","@id":"https:\/\/diariotextual.com\/inicio\/#\/schema\/person\/418fc4093c33e86ed41562db3508f958","name":"Diario1 Diario1","image":{"@type":"ImageObject","inLanguage":"es","@id":"https:\/\/secure.gravatar.com\/avatar\/9167d280179c85bc18be67aa7eda765854300033af4896dd779b608640f2ef7a?s=96&d=mm&r=g","url":"https:\/\/secure.gravatar.com\/avatar\/9167d280179c85bc18be67aa7eda765854300033af4896dd779b608640f2ef7a?s=96&d=mm&r=g","contentUrl":"https:\/\/secure.gravatar.com\/avatar\/9167d280179c85bc18be67aa7eda765854300033af4896dd779b608640f2ef7a?s=96&d=mm&r=g","caption":"Diario1 Diario1"},"url":"https:\/\/diariotextual.com\/inicio\/index.php\/author\/diario1\/"}]}},"_links":{"self":[{"href":"https:\/\/diariotextual.com\/inicio\/index.php\/wp-json\/wp\/v2\/posts\/53988","targetHints":{"allow":["GET"]}}],"collection":[{"href":"https:\/\/diariotextual.com\/inicio\/index.php\/wp-json\/wp\/v2\/posts"}],"about":[{"href":"https:\/\/diariotextual.com\/inicio\/index.php\/wp-json\/wp\/v2\/types\/post"}],"author":[{"embeddable":true,"href":"https:\/\/diariotextual.com\/inicio\/index.php\/wp-json\/wp\/v2\/users\/3"}],"replies":[{"embeddable":true,"href":"https:\/\/diariotextual.com\/inicio\/index.php\/wp-json\/wp\/v2\/comments?post=53988"}],"version-history":[{"count":1,"href":"https:\/\/diariotextual.com\/inicio\/index.php\/wp-json\/wp\/v2\/posts\/53988\/revisions"}],"predecessor-version":[{"id":53989,"href":"https:\/\/diariotextual.com\/inicio\/index.php\/wp-json\/wp\/v2\/posts\/53988\/revisions\/53989"}],"wp:featuredmedia":[{"embeddable":true,"href":"https:\/\/diariotextual.com\/inicio\/index.php\/wp-json\/wp\/v2\/media\/53990"}],"wp:attachment":[{"href":"https:\/\/diariotextual.com\/inicio\/index.php\/wp-json\/wp\/v2\/media?parent=53988"}],"wp:term":[{"taxonomy":"category","embeddable":true,"href":"https:\/\/diariotextual.com\/inicio\/index.php\/wp-json\/wp\/v2\/categories?post=53988"},{"taxonomy":"post_tag","embeddable":true,"href":"https:\/\/diariotextual.com\/inicio\/index.php\/wp-json\/wp\/v2\/tags?post=53988"}],"curies":[{"name":"wp","href":"https:\/\/api.w.org\/{rel}","templated":true}]}}