{"id":54008,"date":"2019-06-28T15:34:39","date_gmt":"2019-06-28T18:34:39","guid":{"rendered":"http:\/\/diariotextual.com\/inicio\/?p=54008"},"modified":"2019-06-28T20:44:02","modified_gmt":"2019-06-28T23:44:02","slug":"cuantos-casos-femicidio-se-registrado-la-pampa","status":"publish","type":"post","link":"https:\/\/diariotextual.com\/inicio\/index.php\/2019\/06\/28\/cuantos-casos-femicidio-se-registrado-la-pampa\/","title":{"rendered":"Cu\u00e1ntos casos de femicidio se han registrado en La Pampa"},"content":{"rendered":"<p>\u00bfCu\u00e1ntos femicidios se han registrado en los \u00faltimos diez a\u00f1os en La Pampa? El <strong>Superior Tribunal de Justicia<\/strong> inform\u00f3 que, desde que la figura de femicidio fue incorporada al C\u00f3digo Penal, a fines de 2012, en La Pampa, son unos siete. Cinco de ellos fueron calificados como \u00abfemicidio\u00bb y hay otros dos casos -el \u00faltimo cometido en Pico hace tres d\u00edas, contra Valeria Coggiola-, no tienen condena a\u00fan por ese delito.<\/p>\n<p>Sin embargo, organizaciones feministas resaltan que son mucho m\u00e1s casos. Incluso su listado se eleva a dos docenas en la \u00faltima d\u00e9cada.<\/p>\n<p>Seg\u00fan diversas organizaciones feministas, en el listado de femicidios figuran -entre otras- las siguientes v\u00edctimas en La Pampa: Neri Nieves Arguindeguy de Gonzani (31\/1\/1969); Sara Rosa Zabala (7\/8\/1969); Ver\u00f3nica Feraude (10\/11\/1996); Gladys Ester Avenda\u00f1o (1997); Nilda Graciela Flores (1997); M\u00f3nica Villalabeit\u00eda (30\/1\/2004); Andrea L\u00f3pez (10\/2\/2004); Mar\u00eda Ang\u00e9lica Gandi (17\/3\/2004); Rosa Barrionuevo (31\/6\/2007); Luciana Ocampo (noviembre 2007); Andrea Aguerre (2008); Yolanda Luna (18\/12\/2008); Mar\u00eda Jos\u00e9 Stella (1\/4\/2009); Soledad Mu\u00f1oz (8\/5\/2009); Patricia Ponce (5\/6\/2009); Miriam Flores (1\/6\/2010); Mar\u00eda Estefan\u00eda Malsam (20\/6\/2010); Verina Peiretti (21\/9\/2010); Daniela Villalba (2\/12\/2010) Gladys Wilberger (21\/2\/2011); Claudia Gonz\u00e1lez (19\/10\/2011); Mar\u00eda del Carmen Paredes (15\/11\/2011); Carla Figueroa (10\/12\/2011); Sof\u00eda Viale (31\/8\/2012); Brenda Italo Andrada (4\/12\/2012); Claudia Goncalvez (6\/2\/2014); Guillermina Fortes Alvarez (24\/8\/2014); Martina Saez (22\/11\/2014); Maria Zulema Liek (14\/12\/2014); N\u00e9lida Elizabet Mend\u00eda (12\/07\/2015), Mar\u00eda Guadalupe Puebla (18\/08\/2014), Mirta Sonia Alvarado (22\/11\/2016), Flavia Fern\u00e1ndez (05\/09\/2018) y Valeria Coggiola (25\/06\/2019).<\/p>\n<blockquote class=\"wp-embedded-content\" data-secret=\"d0wiUI0La5\"><p><a href=\"http:\/\/diariotextual.com\/inicio\/index.php\/2019\/06\/28\/concentracion-santa-rosa-general-pico-femicidio-valeria-coggiola\/\">Concentraci\u00f3n en Santa Rosa y General Pico por el femicidio de Valeria Coggiola<\/a><\/p><\/blockquote>\n<p><iframe class=\"wp-embedded-content\" sandbox=\"allow-scripts\" security=\"restricted\" style=\"position: absolute; clip: rect(1px, 1px, 1px, 1px);\" src=\"http:\/\/diariotextual.com\/inicio\/index.php\/2019\/06\/28\/concentracion-santa-rosa-general-pico-femicidio-valeria-coggiola\/embed\/#?secret=d0wiUI0La5\" data-secret=\"d0wiUI0La5\" width=\"600\" height=\"338\" title=\"&#171;Concentraci\u00f3n en Santa Rosa y General Pico por el femicidio de Valeria Coggiola&#187; &#8212; Diario Textual\" frameborder=\"0\" marginwidth=\"0\" marginheight=\"0\" scrolling=\"no\"><\/iframe><\/p>\n<p>El 11 de diciembre de 2012 se promulg\u00f3 la ley 26.791, que introdujo modificaciones a cuatro incisos del art\u00edculo 80 del C.P. A partir de esos cambios se estableci\u00f3 como homicidios calificados, con la imposici\u00f3n de penas de prisi\u00f3n perpetua, a aquellas muertes que vinculan a sujetos en funci\u00f3n del parentesco, sea consangu\u00edneo o simplemente relacional, y\/o que se cometan \u201cpor odio de g\u00e9nero o a la orientaci\u00f3n sexual, o a la identidad de g\u00e9nero o su expresi\u00f3n\u201d. Tambi\u00e9n cuando la v\u00edctima sea mujer y el hecho lo perpetre un hombre, mediando violencia de g\u00e9nero, y\/o \u201ccon el prop\u00f3sito de causar sufrimiento a una persona con la que se mantiene o ha mantenido una relaci\u00f3n\u201d.<\/p>\n<p>En ese nuevo contexto legal, en 2014 hubo dos femicidios en la provincia, seg\u00fan los datos recolectados por la Oficina de la Mujer y Violencia Dom\u00e9stica, creada en 2015 y dependiente del Superior Tribunal de Justicia.<\/p>\n<p>Esa oficina es la que le brinda anualmente los datos oficiales de La Pampa a la Corte Suprema de Justicia de la Naci\u00f3n, para que redacte los registros nacionales anuales de Femicidios de la Justicia Argentina.<\/p>\n<p>&nbsp;<\/p>\n<p><strong>Los cinco casos<\/strong><\/p>\n<p>El 6 de febrero de 2014, Jos\u00e9 Orlando Salinas, de 60 a\u00f1os, mat\u00f3 a Claudia Alicia Goncalvez, de 35. Ambos cuerpos fueron hallados sin vida, en el interior de un Fiat Duna, en Alicia Moreau de Justo y Pestalozzi, en Santa Rosa. El arma utilizada fue una carabina calibre 22.<\/p>\n<p>El 14 de septiembre de ese a\u00f1o, tambi\u00e9n en Santa Rosa, Horacio Juan Braum mat\u00f3 a su ex mujer, Zulema Mar\u00eda Lieck, y luego se peg\u00f3 un tiro. Ocurri\u00f3 en el barrio N\u00e9stor Kirchner.<\/p>\n<p>Al a\u00f1o siguiente se produjo un solo caso. Fue el 12 de julio a la madrugada en Ceballos. Ra\u00fal Osvaldo Coronel, de 55 a\u00f1os, mat\u00f3 a su exesposa, N\u00e9lida Elizabet Mend\u00eda, de 49, y a la pareja de ella, Carlos Alberto Montes (55), cuando ambos estaban en una casa de la calle Ram\u00f3n Castro. Minutos despu\u00e9s, Coronel se quit\u00f3 la vida con un arma de pu\u00f1o en el and\u00e9n de la estaci\u00f3n de trenes.<\/p>\n<p>El 22 de noviembre de 2016, Marcelo Antonio P\u00e9rez \u2013en ese momento de 50 a\u00f1os\u2013 mat\u00f3 a Mirta Sonia Alvarado (44). As\u00ed qued\u00f3 acreditado cuando el 2 de octubre del a\u00f1o siguiente, la Audiencia de General Pico, compuesta por los jueces Marcelo Luis Pagano, Carlos Federico Pellegrino y Alicia Paola Loscertales lo conden\u00f3 a prisi\u00f3n perpetua como autor de los delitos de lesiones leves agravadas por haber sido cometidas contra la persona con quien mantiene una relaci\u00f3n de pareja, amenazas simples y tenencia de arma de fuego de uso civil sin la debida autorizaci\u00f3n, y homicidio doblemente agravado por ser cometido contra la persona con quien ha mantenido una relaci\u00f3n de pareja y por ser perpetrado por un hombre contra una mujer, mediando violencia de g\u00e9nero, y desobediencia civil. Ese fallo fue ratificado por el Tribunal de Impugnaci\u00f3n Penal y el Superior Tribunal de Justicia.<\/p>\n<p>Los jueces dieron por probado que aquel d\u00eda, \u201cdesobedeciendo la prohibici\u00f3n de acercamiento y de todo tipo de contacto y comunicaci\u00f3n para con Alvarado, que le hab\u00eda impuesto la jueza de control, Mar\u00eda Jimena Cardoso el 23 de agosto\u201d, P\u00e9rez ingres\u00f3 a la casa donde viv\u00eda la v\u00edctima, en Trenel, y tras una discusi\u00f3n, la asesin\u00f3 con un cuchillo y luego intent\u00f3 quitarse la vida.<\/p>\n<p>El a\u00f1o pasado se produjo el \u00faltimo femicidio. El 5 de septiembre de 2018, Facundo Nicol\u00e1s P\u00e9rez mat\u00f3 a su exnovia, Flavia Fern\u00e1ndez (22), en la casa de ella, cuando tras una discusi\u00f3n le dio varias pu\u00f1aladas. P\u00e9rez (20) lleg\u00f3 a ser formalizado por homicidio doblemente calificado, por haber sido cometido contra una expareja y de un hombre hacia una mujer en un contexto de violencia de g\u00e9nero. Cuatro d\u00edas despu\u00e9s apareci\u00f3 muerto, en una celda de la alcaid\u00eda: fue asesinado. El juez de control, Carlos Chapalcaz, lo sobresey\u00f3 por fallecimiento.<\/p>\n<p>A ellos podr\u00edan sum\u00e1rseles otros dos casos. Uno es el de Mar\u00eda Guadalupe Puebla. Roberto Fabi\u00e1n Lescano fue condenado, el 22 de marzo de 2016, a 12 a\u00f1os de prisi\u00f3n por abuso sexual mediando violencia f\u00edsica, agravado por haber existido acceso carnal, en perjuicio de ella, y absuelto del delito de homicidio doblemente calificado por haber sido cometido criminis causae y femicidio. En el juicio qued\u00f3 probado que entre el 16 y el 18 de agosto de 2014 mat\u00f3 a Mar\u00eda Guadalupe Puebla al aplicarle golpes con un ladrillo en la cabeza.<\/p>\n<p>El STJ revoc\u00f3 parcialmente la sentencia del Tribunal de Impugnaci\u00f3n Penal, que hab\u00eda confirmado ese fallo, en referencia a la absoluci\u00f3n y dispuso el reenv\u00edo al TIP para que, con una conformaci\u00f3n diferente, emita un nuevo pronunciamiento \u201cteniendo en cuenta, particularmente, la doble circunstancia agravante, que no solo radica en la relaci\u00f3n del homicidio de medio a fin con el abuso \u2013para ocultarlo y lograr su impunidad\u2013, sino tambi\u00e9n el contexto de g\u00e9nero que implica el crimen por odio a la mujer\u201d. Ese fallo est\u00e1 pr\u00f3ximo a salir.<\/p>\n<p>El restante ocurri\u00f3 hace tres d\u00edas. El martes pasado, a la madrugada, Valeria Coggiola fue muerta a pu\u00f1aladas. Su pareja, Enzo Walter Gauna, fue formalizado por el delito de homicidio agravado por haber sido cometido contra la persona con la cual mantuvo una relaci\u00f3n de pareja, y homicidio agravado por haber sido cometido contra una mujer cuando el hecho haya sido perpetrado por un hombre y mediare violencia de g\u00e9nero.<\/p>\n<p>&nbsp;<\/p>\n<p><strong>Antecedentes<\/strong><\/p>\n<p>En la \u00faltima d\u00e9cada, y antes de la modificaci\u00f3n del art\u00edculo 80 del C.P., <strong>ocurrieron varios hechos que actualmente podr\u00edan ser caratulados como femicidios. Cuatro de ellos claramente ser\u00edan calificados de femicidio.<\/strong><\/p>\n<p>El 19 de octubre de 2011, C\u00e9sar Luis Morales fue hasta el domicilio de su expareja, Claudia Noem\u00ed Gonz\u00e1lez, de 21 a\u00f1os, en General Acha, le sac\u00f3 el celular y luego de discutir la golpe\u00f3 reiteradamente en la cabeza con una garrafa para cargar sifones, provoc\u00e1ndole lesiones que le ocasionaron la muerte. El 9 de octubre de 2013, la Audiencia de Juicio de Santa Rosa, integrada por los jueces Carlos Besi, Mar\u00eda Florencia Maza y Carlos Mattei, conden\u00f3 al imputado \u2013en esa \u00e9poca 32 a\u00f1os\u2013 a nueve a\u00f1os de prisi\u00f3n por el delito de homicidio simple. La sentencia fue recurrida, pero tanto el TIP como el STJ la ratificaron.<\/p>\n<p>Ese a\u00f1o, poco despu\u00e9s, el 10 de diciembre de 2011, Marcelo Javier Tomaselli, por entonces de 26 a\u00f1os, mat\u00f3 a su esposa Carla Figueroa, con quien hab\u00eda contra\u00eddo matrimonio el d\u00eda 28 de octubre, con un cuchillo. El hecho ocurri\u00f3 en la habitaci\u00f3n que compart\u00edan en una vivienda de General Pico. El 27 de junio de 2012, el Tribunal de Audiencia de General Pico, conformado por los jueces Florentino Rubio, Fabricio Luis Losi y Luis Alberto Abraham, conden\u00f3 a Tomaselli a prisi\u00f3n perpetua como autor delito de homicidio agravado por el v\u00ednculo.<\/p>\n<p>Tres d\u00edas m\u00e1s tarde, el 13 de diciembre, Eduardo Luis Fern\u00e1ndez mantuvo una discusi\u00f3n con su expareja, Mar\u00eda del Carmen Paredes, en una vivienda de la calle P\u00edo XII, en Santa Rosa, y en esas circunstancias el hombre \u201cle efectu\u00f3 dos disparos con un arma de fuego\u201d, falleciendo la mujer tres d\u00edas m\u00e1s tarde. El 27 de noviembre de 2012, la Audiencia de Juicio santarrose\u00f1a, a trav\u00e9s de los jueces Besi, Mattei y Laura Armagno, conden\u00f3 a Fern\u00e1ndez \u2013en ese momento de 43 a\u00f1os\u2013, a 13 a\u00f1os de prisi\u00f3n por homicidio simple agravado por el uso de arma de fuego.<\/p>\n<p>El 31 de agosto de 2012, en General Pico, Juan Jos\u00e9 Janssen viol\u00f3 a Sof\u00eda Milagros Viale (12 a\u00f1os) y luego le dio muerte por asfixia, como medio para ocultar su primer delito, sin participaci\u00f3n de terceras personas. As\u00ed lo dijo el Tribunal de Audiencia de General Pico, el 1 de noviembre de 2013, cuando a trav\u00e9s de los jueces Fabricio Luis Losi, Carlos Federico Pellegrino y Ademar Pablo Durigon conden\u00f3 al acusado a prisi\u00f3n perpetua por abuso sexual con acceso carnal y homicidio calificado cometido para lograr la impunidad, en concurso real con abuso sexual con acceso carnal agravado por la utilizaci\u00f3n de arma; abuso sexual simple cometido por el encargado de la guarda; y abuso sexual simple, lesiones leves y privaci\u00f3n ileg\u00edtima de la libertad, en concurso real, en cuatro legajos diferentes.<\/p>\n<p>&nbsp;<\/p>\n<p><strong>Corte Suprema<\/strong><\/p>\n<p>De acuerdo al Registro Nacional de Femicidios de la Justicia Argentina, que confecciona la Oficina de la Mujer de la CSJN desde 2014, ese a\u00f1o La Pampa se ubic\u00f3 d\u00e9cima en el ranking nacional entre las 23 provincias m\u00e1s la Ciudad Aut\u00f3noma de Buenos Aires.<\/p>\n<p>Un a\u00f1o m\u00e1s tarde apareci\u00f3 en el 14\u00b0 lugar, en 2016 en el puesto 21\u00b0, en el 2017 no se registraron femicidios y en 2018 apareci\u00f3 en el 18\u00b0 puesto.\u200b<\/p>\n<p>&nbsp;<\/p>\n<p>&nbsp;<\/p>\n","protected":false},"excerpt":{"rendered":"<p>\u00bfCu\u00e1ntos femicidios se han registrado en los \u00faltimos diez a\u00f1os en La Pampa? El Superior Tribunal de Justicia inform\u00f3 que, desde que la figura de femicidio fue incorporada al C\u00f3digo&hellip;<\/p>\n","protected":false},"author":3,"featured_media":37169,"comment_status":"closed","ping_status":"open","sticky":false,"template":"","format":"standard","meta":{"_acf_changed":false,"footnotes":""},"categories":[319,12],"tags":[755],"class_list":["post-54008","post","type-post","status-publish","format-standard","has-post-thumbnail","hentry","category-a-temporales","category-sociedad","tag-femicidio"],"acf":[],"yoast_head":"<!-- This site is optimized with the Yoast SEO plugin v27.5 - https:\/\/yoast.com\/product\/yoast-seo-wordpress\/ -->\n<title>Cu\u00e1ntos casos de femicidio se han registrado en La Pampa - Diario Textual<\/title>\n<meta name=\"robots\" content=\"index, follow, max-snippet:-1, max-image-preview:large, max-video-preview:-1\" \/>\n<link rel=\"canonical\" href=\"https:\/\/diariotextual.com\/inicio\/index.php\/2019\/06\/28\/cuantos-casos-femicidio-se-registrado-la-pampa\/\" \/>\n<meta property=\"og:locale\" content=\"es_ES\" \/>\n<meta property=\"og:type\" content=\"article\" \/>\n<meta property=\"og:title\" content=\"Cu\u00e1ntos casos de femicidio se han registrado en La Pampa - Diario Textual\" \/>\n<meta property=\"og:description\" content=\"\u00bfCu\u00e1ntos femicidios se han registrado en los \u00faltimos diez a\u00f1os en La Pampa? El Superior Tribunal de Justicia inform\u00f3 que, desde que la figura de femicidio fue incorporada al C\u00f3digo&hellip;\" \/>\n<meta property=\"og:url\" content=\"https:\/\/diariotextual.com\/inicio\/index.php\/2019\/06\/28\/cuantos-casos-femicidio-se-registrado-la-pampa\/\" \/>\n<meta property=\"og:site_name\" content=\"Diario Textual\" \/>\n<meta property=\"article:publisher\" content=\"https:\/\/www.facebook.com\/eltextual\" \/>\n<meta property=\"article:published_time\" content=\"2019-06-28T18:34:39+00:00\" \/>\n<meta property=\"article:modified_time\" content=\"2019-06-28T23:44:02+00:00\" \/>\n<meta property=\"og:image\" content=\"https:\/\/diariotextual.com\/inicio\/wp-content\/uploads\/2019\/02\/femicidioniunamenos22.jpg\" \/>\n\t<meta property=\"og:image:width\" content=\"746\" \/>\n\t<meta property=\"og:image:height\" content=\"466\" \/>\n\t<meta property=\"og:image:type\" content=\"image\/jpeg\" \/>\n<meta name=\"author\" content=\"Diario1 Diario1\" \/>\n<meta name=\"twitter:card\" content=\"summary_large_image\" \/>\n<meta name=\"twitter:creator\" content=\"@eltextual\" \/>\n<meta name=\"twitter:site\" content=\"@eltextual\" \/>\n<meta name=\"twitter:label1\" content=\"Escrito por\" \/>\n\t<meta name=\"twitter:data1\" content=\"Diario1 Diario1\" \/>\n\t<meta name=\"twitter:label2\" content=\"Tiempo de lectura\" \/>\n\t<meta name=\"twitter:data2\" content=\"9 minutos\" \/>\n<script type=\"application\/ld+json\" class=\"yoast-schema-graph\">{\"@context\":\"https:\\\/\\\/schema.org\",\"@graph\":[{\"@type\":\"Article\",\"@id\":\"https:\\\/\\\/diariotextual.com\\\/inicio\\\/index.php\\\/2019\\\/06\\\/28\\\/cuantos-casos-femicidio-se-registrado-la-pampa\\\/#article\",\"isPartOf\":{\"@id\":\"https:\\\/\\\/diariotextual.com\\\/inicio\\\/index.php\\\/2019\\\/06\\\/28\\\/cuantos-casos-femicidio-se-registrado-la-pampa\\\/\"},\"author\":{\"name\":\"Diario1 Diario1\",\"@id\":\"https:\\\/\\\/diariotextual.com\\\/inicio\\\/#\\\/schema\\\/person\\\/418fc4093c33e86ed41562db3508f958\"},\"headline\":\"Cu\u00e1ntos casos de femicidio se han registrado en La Pampa\",\"datePublished\":\"2019-06-28T18:34:39+00:00\",\"dateModified\":\"2019-06-28T23:44:02+00:00\",\"mainEntityOfPage\":{\"@id\":\"https:\\\/\\\/diariotextual.com\\\/inicio\\\/index.php\\\/2019\\\/06\\\/28\\\/cuantos-casos-femicidio-se-registrado-la-pampa\\\/\"},\"wordCount\":1765,\"publisher\":{\"@id\":\"https:\\\/\\\/diariotextual.com\\\/inicio\\\/#organization\"},\"image\":{\"@id\":\"https:\\\/\\\/diariotextual.com\\\/inicio\\\/index.php\\\/2019\\\/06\\\/28\\\/cuantos-casos-femicidio-se-registrado-la-pampa\\\/#primaryimage\"},\"thumbnailUrl\":\"https:\\\/\\\/diariotextual.com\\\/inicio\\\/wp-content\\\/uploads\\\/2019\\\/02\\\/femicidioniunamenos22.jpg\",\"keywords\":[\"femicidio\"],\"articleSection\":[\"A - TEMPORALES\",\"SOCIEDAD\"],\"inLanguage\":\"es\"},{\"@type\":\"WebPage\",\"@id\":\"https:\\\/\\\/diariotextual.com\\\/inicio\\\/index.php\\\/2019\\\/06\\\/28\\\/cuantos-casos-femicidio-se-registrado-la-pampa\\\/\",\"url\":\"https:\\\/\\\/diariotextual.com\\\/inicio\\\/index.php\\\/2019\\\/06\\\/28\\\/cuantos-casos-femicidio-se-registrado-la-pampa\\\/\",\"name\":\"Cu\u00e1ntos casos de femicidio se han registrado en La Pampa - Diario Textual\",\"isPartOf\":{\"@id\":\"https:\\\/\\\/diariotextual.com\\\/inicio\\\/#website\"},\"primaryImageOfPage\":{\"@id\":\"https:\\\/\\\/diariotextual.com\\\/inicio\\\/index.php\\\/2019\\\/06\\\/28\\\/cuantos-casos-femicidio-se-registrado-la-pampa\\\/#primaryimage\"},\"image\":{\"@id\":\"https:\\\/\\\/diariotextual.com\\\/inicio\\\/index.php\\\/2019\\\/06\\\/28\\\/cuantos-casos-femicidio-se-registrado-la-pampa\\\/#primaryimage\"},\"thumbnailUrl\":\"https:\\\/\\\/diariotextual.com\\\/inicio\\\/wp-content\\\/uploads\\\/2019\\\/02\\\/femicidioniunamenos22.jpg\",\"datePublished\":\"2019-06-28T18:34:39+00:00\",\"dateModified\":\"2019-06-28T23:44:02+00:00\",\"breadcrumb\":{\"@id\":\"https:\\\/\\\/diariotextual.com\\\/inicio\\\/index.php\\\/2019\\\/06\\\/28\\\/cuantos-casos-femicidio-se-registrado-la-pampa\\\/#breadcrumb\"},\"inLanguage\":\"es\",\"potentialAction\":[{\"@type\":\"ReadAction\",\"target\":[\"https:\\\/\\\/diariotextual.com\\\/inicio\\\/index.php\\\/2019\\\/06\\\/28\\\/cuantos-casos-femicidio-se-registrado-la-pampa\\\/\"]}]},{\"@type\":\"ImageObject\",\"inLanguage\":\"es\",\"@id\":\"https:\\\/\\\/diariotextual.com\\\/inicio\\\/index.php\\\/2019\\\/06\\\/28\\\/cuantos-casos-femicidio-se-registrado-la-pampa\\\/#primaryimage\",\"url\":\"https:\\\/\\\/diariotextual.com\\\/inicio\\\/wp-content\\\/uploads\\\/2019\\\/02\\\/femicidioniunamenos22.jpg\",\"contentUrl\":\"https:\\\/\\\/diariotextual.com\\\/inicio\\\/wp-content\\\/uploads\\\/2019\\\/02\\\/femicidioniunamenos22.jpg\",\"width\":746,\"height\":466},{\"@type\":\"BreadcrumbList\",\"@id\":\"https:\\\/\\\/diariotextual.com\\\/inicio\\\/index.php\\\/2019\\\/06\\\/28\\\/cuantos-casos-femicidio-se-registrado-la-pampa\\\/#breadcrumb\",\"itemListElement\":[{\"@type\":\"ListItem\",\"position\":1,\"name\":\"Portada\",\"item\":\"https:\\\/\\\/diariotextual.com\\\/inicio\\\/\"},{\"@type\":\"ListItem\",\"position\":2,\"name\":\"Cu\u00e1ntos casos de femicidio se han registrado en La Pampa\"}]},{\"@type\":\"WebSite\",\"@id\":\"https:\\\/\\\/diariotextual.com\\\/inicio\\\/#website\",\"url\":\"https:\\\/\\\/diariotextual.com\\\/inicio\\\/\",\"name\":\"Diario Textual\",\"description\":\"\",\"publisher\":{\"@id\":\"https:\\\/\\\/diariotextual.com\\\/inicio\\\/#organization\"},\"potentialAction\":[{\"@type\":\"SearchAction\",\"target\":{\"@type\":\"EntryPoint\",\"urlTemplate\":\"https:\\\/\\\/diariotextual.com\\\/inicio\\\/?s={search_term_string}\"},\"query-input\":{\"@type\":\"PropertyValueSpecification\",\"valueRequired\":true,\"valueName\":\"search_term_string\"}}],\"inLanguage\":\"es\"},{\"@type\":\"Organization\",\"@id\":\"https:\\\/\\\/diariotextual.com\\\/inicio\\\/#organization\",\"name\":\"Diario Textual\",\"url\":\"https:\\\/\\\/diariotextual.com\\\/inicio\\\/\",\"logo\":{\"@type\":\"ImageObject\",\"inLanguage\":\"es\",\"@id\":\"https:\\\/\\\/diariotextual.com\\\/inicio\\\/#\\\/schema\\\/logo\\\/image\\\/\",\"url\":\"https:\\\/\\\/diariotextual.com\\\/inicio\\\/wp-content\\\/uploads\\\/2023\\\/05\\\/logotextual1.jpg\",\"contentUrl\":\"https:\\\/\\\/diariotextual.com\\\/inicio\\\/wp-content\\\/uploads\\\/2023\\\/05\\\/logotextual1.jpg\",\"width\":516,\"height\":76,\"caption\":\"Diario Textual\"},\"image\":{\"@id\":\"https:\\\/\\\/diariotextual.com\\\/inicio\\\/#\\\/schema\\\/logo\\\/image\\\/\"},\"sameAs\":[\"https:\\\/\\\/www.facebook.com\\\/eltextual\",\"https:\\\/\\\/x.com\\\/eltextual\",\"http:\\\/\\\/www.instagram.com\\\/eltextual\"]},{\"@type\":\"Person\",\"@id\":\"https:\\\/\\\/diariotextual.com\\\/inicio\\\/#\\\/schema\\\/person\\\/418fc4093c33e86ed41562db3508f958\",\"name\":\"Diario1 Diario1\",\"image\":{\"@type\":\"ImageObject\",\"inLanguage\":\"es\",\"@id\":\"https:\\\/\\\/secure.gravatar.com\\\/avatar\\\/9167d280179c85bc18be67aa7eda765854300033af4896dd779b608640f2ef7a?s=96&d=mm&r=g\",\"url\":\"https:\\\/\\\/secure.gravatar.com\\\/avatar\\\/9167d280179c85bc18be67aa7eda765854300033af4896dd779b608640f2ef7a?s=96&d=mm&r=g\",\"contentUrl\":\"https:\\\/\\\/secure.gravatar.com\\\/avatar\\\/9167d280179c85bc18be67aa7eda765854300033af4896dd779b608640f2ef7a?s=96&d=mm&r=g\",\"caption\":\"Diario1 Diario1\"},\"url\":\"https:\\\/\\\/diariotextual.com\\\/inicio\\\/index.php\\\/author\\\/diario1\\\/\"}]}<\/script>\n<!-- \/ Yoast SEO plugin. -->","yoast_head_json":{"title":"Cu\u00e1ntos casos de femicidio se han registrado en La Pampa - Diario Textual","robots":{"index":"index","follow":"follow","max-snippet":"max-snippet:-1","max-image-preview":"max-image-preview:large","max-video-preview":"max-video-preview:-1"},"canonical":"https:\/\/diariotextual.com\/inicio\/index.php\/2019\/06\/28\/cuantos-casos-femicidio-se-registrado-la-pampa\/","og_locale":"es_ES","og_type":"article","og_title":"Cu\u00e1ntos casos de femicidio se han registrado en La Pampa - Diario Textual","og_description":"\u00bfCu\u00e1ntos femicidios se han registrado en los \u00faltimos diez a\u00f1os en La Pampa? El Superior Tribunal de Justicia inform\u00f3 que, desde que la figura de femicidio fue incorporada al C\u00f3digo&hellip;","og_url":"https:\/\/diariotextual.com\/inicio\/index.php\/2019\/06\/28\/cuantos-casos-femicidio-se-registrado-la-pampa\/","og_site_name":"Diario Textual","article_publisher":"https:\/\/www.facebook.com\/eltextual","article_published_time":"2019-06-28T18:34:39+00:00","article_modified_time":"2019-06-28T23:44:02+00:00","og_image":[{"width":746,"height":466,"url":"https:\/\/diariotextual.com\/inicio\/wp-content\/uploads\/2019\/02\/femicidioniunamenos22.jpg","type":"image\/jpeg"}],"author":"Diario1 Diario1","twitter_card":"summary_large_image","twitter_creator":"@eltextual","twitter_site":"@eltextual","twitter_misc":{"Escrito por":"Diario1 Diario1","Tiempo de lectura":"9 minutos"},"schema":{"@context":"https:\/\/schema.org","@graph":[{"@type":"Article","@id":"https:\/\/diariotextual.com\/inicio\/index.php\/2019\/06\/28\/cuantos-casos-femicidio-se-registrado-la-pampa\/#article","isPartOf":{"@id":"https:\/\/diariotextual.com\/inicio\/index.php\/2019\/06\/28\/cuantos-casos-femicidio-se-registrado-la-pampa\/"},"author":{"name":"Diario1 Diario1","@id":"https:\/\/diariotextual.com\/inicio\/#\/schema\/person\/418fc4093c33e86ed41562db3508f958"},"headline":"Cu\u00e1ntos casos de femicidio se han registrado en La Pampa","datePublished":"2019-06-28T18:34:39+00:00","dateModified":"2019-06-28T23:44:02+00:00","mainEntityOfPage":{"@id":"https:\/\/diariotextual.com\/inicio\/index.php\/2019\/06\/28\/cuantos-casos-femicidio-se-registrado-la-pampa\/"},"wordCount":1765,"publisher":{"@id":"https:\/\/diariotextual.com\/inicio\/#organization"},"image":{"@id":"https:\/\/diariotextual.com\/inicio\/index.php\/2019\/06\/28\/cuantos-casos-femicidio-se-registrado-la-pampa\/#primaryimage"},"thumbnailUrl":"https:\/\/diariotextual.com\/inicio\/wp-content\/uploads\/2019\/02\/femicidioniunamenos22.jpg","keywords":["femicidio"],"articleSection":["A - TEMPORALES","SOCIEDAD"],"inLanguage":"es"},{"@type":"WebPage","@id":"https:\/\/diariotextual.com\/inicio\/index.php\/2019\/06\/28\/cuantos-casos-femicidio-se-registrado-la-pampa\/","url":"https:\/\/diariotextual.com\/inicio\/index.php\/2019\/06\/28\/cuantos-casos-femicidio-se-registrado-la-pampa\/","name":"Cu\u00e1ntos casos de femicidio se han registrado en La Pampa - Diario Textual","isPartOf":{"@id":"https:\/\/diariotextual.com\/inicio\/#website"},"primaryImageOfPage":{"@id":"https:\/\/diariotextual.com\/inicio\/index.php\/2019\/06\/28\/cuantos-casos-femicidio-se-registrado-la-pampa\/#primaryimage"},"image":{"@id":"https:\/\/diariotextual.com\/inicio\/index.php\/2019\/06\/28\/cuantos-casos-femicidio-se-registrado-la-pampa\/#primaryimage"},"thumbnailUrl":"https:\/\/diariotextual.com\/inicio\/wp-content\/uploads\/2019\/02\/femicidioniunamenos22.jpg","datePublished":"2019-06-28T18:34:39+00:00","dateModified":"2019-06-28T23:44:02+00:00","breadcrumb":{"@id":"https:\/\/diariotextual.com\/inicio\/index.php\/2019\/06\/28\/cuantos-casos-femicidio-se-registrado-la-pampa\/#breadcrumb"},"inLanguage":"es","potentialAction":[{"@type":"ReadAction","target":["https:\/\/diariotextual.com\/inicio\/index.php\/2019\/06\/28\/cuantos-casos-femicidio-se-registrado-la-pampa\/"]}]},{"@type":"ImageObject","inLanguage":"es","@id":"https:\/\/diariotextual.com\/inicio\/index.php\/2019\/06\/28\/cuantos-casos-femicidio-se-registrado-la-pampa\/#primaryimage","url":"https:\/\/diariotextual.com\/inicio\/wp-content\/uploads\/2019\/02\/femicidioniunamenos22.jpg","contentUrl":"https:\/\/diariotextual.com\/inicio\/wp-content\/uploads\/2019\/02\/femicidioniunamenos22.jpg","width":746,"height":466},{"@type":"BreadcrumbList","@id":"https:\/\/diariotextual.com\/inicio\/index.php\/2019\/06\/28\/cuantos-casos-femicidio-se-registrado-la-pampa\/#breadcrumb","itemListElement":[{"@type":"ListItem","position":1,"name":"Portada","item":"https:\/\/diariotextual.com\/inicio\/"},{"@type":"ListItem","position":2,"name":"Cu\u00e1ntos casos de femicidio se han registrado en La Pampa"}]},{"@type":"WebSite","@id":"https:\/\/diariotextual.com\/inicio\/#website","url":"https:\/\/diariotextual.com\/inicio\/","name":"Diario Textual","description":"","publisher":{"@id":"https:\/\/diariotextual.com\/inicio\/#organization"},"potentialAction":[{"@type":"SearchAction","target":{"@type":"EntryPoint","urlTemplate":"https:\/\/diariotextual.com\/inicio\/?s={search_term_string}"},"query-input":{"@type":"PropertyValueSpecification","valueRequired":true,"valueName":"search_term_string"}}],"inLanguage":"es"},{"@type":"Organization","@id":"https:\/\/diariotextual.com\/inicio\/#organization","name":"Diario Textual","url":"https:\/\/diariotextual.com\/inicio\/","logo":{"@type":"ImageObject","inLanguage":"es","@id":"https:\/\/diariotextual.com\/inicio\/#\/schema\/logo\/image\/","url":"https:\/\/diariotextual.com\/inicio\/wp-content\/uploads\/2023\/05\/logotextual1.jpg","contentUrl":"https:\/\/diariotextual.com\/inicio\/wp-content\/uploads\/2023\/05\/logotextual1.jpg","width":516,"height":76,"caption":"Diario Textual"},"image":{"@id":"https:\/\/diariotextual.com\/inicio\/#\/schema\/logo\/image\/"},"sameAs":["https:\/\/www.facebook.com\/eltextual","https:\/\/x.com\/eltextual","http:\/\/www.instagram.com\/eltextual"]},{"@type":"Person","@id":"https:\/\/diariotextual.com\/inicio\/#\/schema\/person\/418fc4093c33e86ed41562db3508f958","name":"Diario1 Diario1","image":{"@type":"ImageObject","inLanguage":"es","@id":"https:\/\/secure.gravatar.com\/avatar\/9167d280179c85bc18be67aa7eda765854300033af4896dd779b608640f2ef7a?s=96&d=mm&r=g","url":"https:\/\/secure.gravatar.com\/avatar\/9167d280179c85bc18be67aa7eda765854300033af4896dd779b608640f2ef7a?s=96&d=mm&r=g","contentUrl":"https:\/\/secure.gravatar.com\/avatar\/9167d280179c85bc18be67aa7eda765854300033af4896dd779b608640f2ef7a?s=96&d=mm&r=g","caption":"Diario1 Diario1"},"url":"https:\/\/diariotextual.com\/inicio\/index.php\/author\/diario1\/"}]}},"_links":{"self":[{"href":"https:\/\/diariotextual.com\/inicio\/index.php\/wp-json\/wp\/v2\/posts\/54008","targetHints":{"allow":["GET"]}}],"collection":[{"href":"https:\/\/diariotextual.com\/inicio\/index.php\/wp-json\/wp\/v2\/posts"}],"about":[{"href":"https:\/\/diariotextual.com\/inicio\/index.php\/wp-json\/wp\/v2\/types\/post"}],"author":[{"embeddable":true,"href":"https:\/\/diariotextual.com\/inicio\/index.php\/wp-json\/wp\/v2\/users\/3"}],"replies":[{"embeddable":true,"href":"https:\/\/diariotextual.com\/inicio\/index.php\/wp-json\/wp\/v2\/comments?post=54008"}],"version-history":[{"count":5,"href":"https:\/\/diariotextual.com\/inicio\/index.php\/wp-json\/wp\/v2\/posts\/54008\/revisions"}],"predecessor-version":[{"id":54017,"href":"https:\/\/diariotextual.com\/inicio\/index.php\/wp-json\/wp\/v2\/posts\/54008\/revisions\/54017"}],"wp:featuredmedia":[{"embeddable":true,"href":"https:\/\/diariotextual.com\/inicio\/index.php\/wp-json\/wp\/v2\/media\/37169"}],"wp:attachment":[{"href":"https:\/\/diariotextual.com\/inicio\/index.php\/wp-json\/wp\/v2\/media?parent=54008"}],"wp:term":[{"taxonomy":"category","embeddable":true,"href":"https:\/\/diariotextual.com\/inicio\/index.php\/wp-json\/wp\/v2\/categories?post=54008"},{"taxonomy":"post_tag","embeddable":true,"href":"https:\/\/diariotextual.com\/inicio\/index.php\/wp-json\/wp\/v2\/tags?post=54008"}],"curies":[{"name":"wp","href":"https:\/\/api.w.org\/{rel}","templated":true}]}}