{"id":54021,"date":"2019-06-28T16:27:00","date_gmt":"2019-06-28T19:27:00","guid":{"rendered":"http:\/\/diariotextual.com\/inicio\/?p=54021"},"modified":"2019-06-28T21:43:23","modified_gmt":"2019-06-29T00:43:23","slug":"evaluan-aumentar-subsidio-bibliotecas-populares","status":"publish","type":"post","link":"https:\/\/diariotextual.com\/inicio\/index.php\/2019\/06\/28\/evaluan-aumentar-subsidio-bibliotecas-populares\/","title":{"rendered":"Eval\u00faan aumentar el subsidio a bibliotecas populares"},"content":{"rendered":"<p>La Secretar\u00eda de Cultura llev\u00f3 a cabo hoy el<strong> 2\u00b0 m\u00f3dulo de talleres de promoci\u00f3n de la lectura para Bibliotecas Populares<\/strong>\u00a0en el cual su titular, Adriana Maggio, adelant\u00f3 la presentaci\u00f3n de un proyecto a la C\u00e1mara de Diputados, que permitir\u00e1 <strong>aumentar el subsidio<\/strong> que las bibliotecas reciben mensualmente.<\/p>\n<p>La secretaria de Cultura coment\u00f3 que el\u00a0encuentro convoca a las bibliotecarias de la Provincia y tambi\u00e9n a miembros de las comisiones directivas de las bibliotecas. El primer m\u00f3dulo se llev\u00f3 a cabo en el marco de la Feria del Libro de Quem\u00fa Quem\u00fa, mientras que un tercero se desarrollar\u00e1 en la Feria del Libro de esta ciudad en\u00a0el mes de octubre.<\/p>\n<p>\u201cLa capacitaci\u00f3n est\u00e1 destinada fundamentalmente a la gesti\u00f3n de las bibliotecas, a c\u00f3mo podemos hacer para amplificar los p\u00fablicos, para volver a incorporar gente joven;\u00a0tiene que ver con la mediaci\u00f3n de la lectura\u201d, dijo.<\/p>\n<p>Estos encuentros se realizan con el apoyo del Consejo Federal de Inversiones (CFI) y la Comisi\u00f3n Nacional de Bibliotecas Populares (CONABIP), y adem\u00e1s cuenta con el aporte de dos capacitadores,\u00a0la escritora y biblitecaria Marisa Negri, y el licenciado Braian Urban.<\/p>\n<p>Maggio destac\u00f3 el acompa\u00f1amiento que se realiza durante todo el a\u00f1o\u00a0desde su \u00e1rea\u00a0a la gesti\u00f3n de las bibliotecas populares y adelant\u00f3 la posibilidad de un aumento en el subsidio a las instituciones.<\/p>\n<p>\u00abAtendiendo el contexto dif\u00edcil por el que atraviesan, por lo cual se hace cada vez m\u00e1s dif\u00edcil el mantenimiento de las instituciones, el Gobierno de la Provincia a trav\u00e9s del Ministerio de Hacienda, <strong>est\u00e1 evaluando la presentaci\u00f3n de un proyecto a la C\u00e1mara de Diputados, que aumente el subsidio que reciben las bibliotecas mensualmente\u00bb, anticip\u00f3.<\/strong><\/p>\n<p>\u00abEsperamos que el Poder Legislativo acompa\u00f1e este proyecto y agradecemos una vez m\u00e1s que el Gobierno provincial haya atendido una situaci\u00f3n que afecta al sector de la cultura\u201d, dijo.<\/p>\n<p>La secretaria destac\u00f3 finalmente el <strong>rol de las Bibliotecas<\/strong> que en muchas localidades se transforman en un centro cultural. \u201cNo solo se fomentan actividades que tienen que ver con la lectura, sino que la cantidad de programas que realizan tienen que ver con la atenci\u00f3n social, y para nosotros es un puntal\u201d, expres\u00f3.<\/p>\n<p>En La Pampa hay 74 Bibliotecas Populares, 62 activas. \u201cY esto sumado a los festivales de adolescentes en las distintas disciplinas art\u00edsticas, a las ferias del libro, a una serie de actividades, nos van dando una construcci\u00f3n disciplinar de la cultura en toda la Provincia\u201d, concluy\u00f3.<\/p>\n","protected":false},"excerpt":{"rendered":"<p>La Secretar\u00eda de Cultura llev\u00f3 a cabo hoy el 2\u00b0 m\u00f3dulo de talleres de promoci\u00f3n de la lectura para Bibliotecas Populares\u00a0en el cual su titular, Adriana Maggio, adelant\u00f3 la presentaci\u00f3n&hellip;<\/p>\n","protected":false},"author":4,"featured_media":54022,"comment_status":"closed","ping_status":"open","sticky":false,"template":"","format":"standard","meta":{"_acf_changed":false,"footnotes":""},"categories":[319,2],"tags":[],"class_list":["post-54021","post","type-post","status-publish","format-standard","has-post-thumbnail","hentry","category-a-temporales","category-cultura"],"acf":[],"yoast_head":"<!-- This site is optimized with the Yoast SEO plugin v27.5 - https:\/\/yoast.com\/product\/yoast-seo-wordpress\/ -->\n<title>Eval\u00faan aumentar el subsidio a bibliotecas populares - Diario Textual<\/title>\n<meta name=\"robots\" content=\"index, follow, max-snippet:-1, max-image-preview:large, max-video-preview:-1\" \/>\n<link rel=\"canonical\" href=\"https:\/\/diariotextual.com\/inicio\/index.php\/2019\/06\/28\/evaluan-aumentar-subsidio-bibliotecas-populares\/\" \/>\n<meta property=\"og:locale\" content=\"es_ES\" \/>\n<meta property=\"og:type\" content=\"article\" \/>\n<meta property=\"og:title\" content=\"Eval\u00faan aumentar el subsidio a bibliotecas populares - Diario Textual\" \/>\n<meta property=\"og:description\" content=\"La Secretar\u00eda de Cultura llev\u00f3 a cabo hoy el 2\u00b0 m\u00f3dulo de talleres de promoci\u00f3n de la lectura para Bibliotecas Populares\u00a0en el cual su titular, Adriana Maggio, adelant\u00f3 la presentaci\u00f3n&hellip;\" \/>\n<meta property=\"og:url\" content=\"https:\/\/diariotextual.com\/inicio\/index.php\/2019\/06\/28\/evaluan-aumentar-subsidio-bibliotecas-populares\/\" \/>\n<meta property=\"og:site_name\" content=\"Diario Textual\" \/>\n<meta property=\"article:publisher\" content=\"https:\/\/www.facebook.com\/eltextual\" \/>\n<meta property=\"article:published_time\" content=\"2019-06-28T19:27:00+00:00\" \/>\n<meta property=\"article:modified_time\" content=\"2019-06-29T00:43:23+00:00\" \/>\n<meta property=\"og:image\" content=\"https:\/\/diariotextual.com\/inicio\/wp-content\/uploads\/2019\/06\/maggioadrianabibliotecas2.jpg\" \/>\n\t<meta property=\"og:image:width\" content=\"730\" \/>\n\t<meta property=\"og:image:height\" content=\"430\" \/>\n\t<meta property=\"og:image:type\" content=\"image\/jpeg\" \/>\n<meta name=\"author\" content=\"diario2\" \/>\n<meta name=\"twitter:card\" content=\"summary_large_image\" \/>\n<meta name=\"twitter:creator\" content=\"@eltextual\" \/>\n<meta name=\"twitter:site\" content=\"@eltextual\" \/>\n<meta name=\"twitter:label1\" content=\"Escrito por\" \/>\n\t<meta name=\"twitter:data1\" content=\"diario2\" \/>\n\t<meta name=\"twitter:label2\" content=\"Tiempo de lectura\" \/>\n\t<meta name=\"twitter:data2\" content=\"2 minutos\" \/>\n<script type=\"application\/ld+json\" class=\"yoast-schema-graph\">{\"@context\":\"https:\\\/\\\/schema.org\",\"@graph\":[{\"@type\":\"Article\",\"@id\":\"https:\\\/\\\/diariotextual.com\\\/inicio\\\/index.php\\\/2019\\\/06\\\/28\\\/evaluan-aumentar-subsidio-bibliotecas-populares\\\/#article\",\"isPartOf\":{\"@id\":\"https:\\\/\\\/diariotextual.com\\\/inicio\\\/index.php\\\/2019\\\/06\\\/28\\\/evaluan-aumentar-subsidio-bibliotecas-populares\\\/\"},\"author\":{\"name\":\"diario2\",\"@id\":\"https:\\\/\\\/diariotextual.com\\\/inicio\\\/#\\\/schema\\\/person\\\/694f60677f23c4a530867a98f22b3768\"},\"headline\":\"Eval\u00faan aumentar el subsidio a bibliotecas populares\",\"datePublished\":\"2019-06-28T19:27:00+00:00\",\"dateModified\":\"2019-06-29T00:43:23+00:00\",\"mainEntityOfPage\":{\"@id\":\"https:\\\/\\\/diariotextual.com\\\/inicio\\\/index.php\\\/2019\\\/06\\\/28\\\/evaluan-aumentar-subsidio-bibliotecas-populares\\\/\"},\"wordCount\":439,\"publisher\":{\"@id\":\"https:\\\/\\\/diariotextual.com\\\/inicio\\\/#organization\"},\"image\":{\"@id\":\"https:\\\/\\\/diariotextual.com\\\/inicio\\\/index.php\\\/2019\\\/06\\\/28\\\/evaluan-aumentar-subsidio-bibliotecas-populares\\\/#primaryimage\"},\"thumbnailUrl\":\"https:\\\/\\\/diariotextual.com\\\/inicio\\\/wp-content\\\/uploads\\\/2019\\\/06\\\/maggioadrianabibliotecas2.jpg\",\"articleSection\":[\"A - TEMPORALES\",\"CULTURA\"],\"inLanguage\":\"es\"},{\"@type\":\"WebPage\",\"@id\":\"https:\\\/\\\/diariotextual.com\\\/inicio\\\/index.php\\\/2019\\\/06\\\/28\\\/evaluan-aumentar-subsidio-bibliotecas-populares\\\/\",\"url\":\"https:\\\/\\\/diariotextual.com\\\/inicio\\\/index.php\\\/2019\\\/06\\\/28\\\/evaluan-aumentar-subsidio-bibliotecas-populares\\\/\",\"name\":\"Eval\u00faan aumentar el subsidio a bibliotecas populares - Diario Textual\",\"isPartOf\":{\"@id\":\"https:\\\/\\\/diariotextual.com\\\/inicio\\\/#website\"},\"primaryImageOfPage\":{\"@id\":\"https:\\\/\\\/diariotextual.com\\\/inicio\\\/index.php\\\/2019\\\/06\\\/28\\\/evaluan-aumentar-subsidio-bibliotecas-populares\\\/#primaryimage\"},\"image\":{\"@id\":\"https:\\\/\\\/diariotextual.com\\\/inicio\\\/index.php\\\/2019\\\/06\\\/28\\\/evaluan-aumentar-subsidio-bibliotecas-populares\\\/#primaryimage\"},\"thumbnailUrl\":\"https:\\\/\\\/diariotextual.com\\\/inicio\\\/wp-content\\\/uploads\\\/2019\\\/06\\\/maggioadrianabibliotecas2.jpg\",\"datePublished\":\"2019-06-28T19:27:00+00:00\",\"dateModified\":\"2019-06-29T00:43:23+00:00\",\"breadcrumb\":{\"@id\":\"https:\\\/\\\/diariotextual.com\\\/inicio\\\/index.php\\\/2019\\\/06\\\/28\\\/evaluan-aumentar-subsidio-bibliotecas-populares\\\/#breadcrumb\"},\"inLanguage\":\"es\",\"potentialAction\":[{\"@type\":\"ReadAction\",\"target\":[\"https:\\\/\\\/diariotextual.com\\\/inicio\\\/index.php\\\/2019\\\/06\\\/28\\\/evaluan-aumentar-subsidio-bibliotecas-populares\\\/\"]}]},{\"@type\":\"ImageObject\",\"inLanguage\":\"es\",\"@id\":\"https:\\\/\\\/diariotextual.com\\\/inicio\\\/index.php\\\/2019\\\/06\\\/28\\\/evaluan-aumentar-subsidio-bibliotecas-populares\\\/#primaryimage\",\"url\":\"https:\\\/\\\/diariotextual.com\\\/inicio\\\/wp-content\\\/uploads\\\/2019\\\/06\\\/maggioadrianabibliotecas2.jpg\",\"contentUrl\":\"https:\\\/\\\/diariotextual.com\\\/inicio\\\/wp-content\\\/uploads\\\/2019\\\/06\\\/maggioadrianabibliotecas2.jpg\",\"width\":730,\"height\":430},{\"@type\":\"BreadcrumbList\",\"@id\":\"https:\\\/\\\/diariotextual.com\\\/inicio\\\/index.php\\\/2019\\\/06\\\/28\\\/evaluan-aumentar-subsidio-bibliotecas-populares\\\/#breadcrumb\",\"itemListElement\":[{\"@type\":\"ListItem\",\"position\":1,\"name\":\"Portada\",\"item\":\"https:\\\/\\\/diariotextual.com\\\/inicio\\\/\"},{\"@type\":\"ListItem\",\"position\":2,\"name\":\"Eval\u00faan aumentar el subsidio a bibliotecas populares\"}]},{\"@type\":\"WebSite\",\"@id\":\"https:\\\/\\\/diariotextual.com\\\/inicio\\\/#website\",\"url\":\"https:\\\/\\\/diariotextual.com\\\/inicio\\\/\",\"name\":\"Diario Textual\",\"description\":\"\",\"publisher\":{\"@id\":\"https:\\\/\\\/diariotextual.com\\\/inicio\\\/#organization\"},\"potentialAction\":[{\"@type\":\"SearchAction\",\"target\":{\"@type\":\"EntryPoint\",\"urlTemplate\":\"https:\\\/\\\/diariotextual.com\\\/inicio\\\/?s={search_term_string}\"},\"query-input\":{\"@type\":\"PropertyValueSpecification\",\"valueRequired\":true,\"valueName\":\"search_term_string\"}}],\"inLanguage\":\"es\"},{\"@type\":\"Organization\",\"@id\":\"https:\\\/\\\/diariotextual.com\\\/inicio\\\/#organization\",\"name\":\"Diario Textual\",\"url\":\"https:\\\/\\\/diariotextual.com\\\/inicio\\\/\",\"logo\":{\"@type\":\"ImageObject\",\"inLanguage\":\"es\",\"@id\":\"https:\\\/\\\/diariotextual.com\\\/inicio\\\/#\\\/schema\\\/logo\\\/image\\\/\",\"url\":\"https:\\\/\\\/diariotextual.com\\\/inicio\\\/wp-content\\\/uploads\\\/2023\\\/05\\\/logotextual1.jpg\",\"contentUrl\":\"https:\\\/\\\/diariotextual.com\\\/inicio\\\/wp-content\\\/uploads\\\/2023\\\/05\\\/logotextual1.jpg\",\"width\":516,\"height\":76,\"caption\":\"Diario Textual\"},\"image\":{\"@id\":\"https:\\\/\\\/diariotextual.com\\\/inicio\\\/#\\\/schema\\\/logo\\\/image\\\/\"},\"sameAs\":[\"https:\\\/\\\/www.facebook.com\\\/eltextual\",\"https:\\\/\\\/x.com\\\/eltextual\",\"http:\\\/\\\/www.instagram.com\\\/eltextual\"]},{\"@type\":\"Person\",\"@id\":\"https:\\\/\\\/diariotextual.com\\\/inicio\\\/#\\\/schema\\\/person\\\/694f60677f23c4a530867a98f22b3768\",\"name\":\"diario2\",\"image\":{\"@type\":\"ImageObject\",\"inLanguage\":\"es\",\"@id\":\"https:\\\/\\\/secure.gravatar.com\\\/avatar\\\/5a2567495ba16b852fcd8f1ed006a2e24fcace936018ed8237e95f488ad6e0a7?s=96&d=mm&r=g\",\"url\":\"https:\\\/\\\/secure.gravatar.com\\\/avatar\\\/5a2567495ba16b852fcd8f1ed006a2e24fcace936018ed8237e95f488ad6e0a7?s=96&d=mm&r=g\",\"contentUrl\":\"https:\\\/\\\/secure.gravatar.com\\\/avatar\\\/5a2567495ba16b852fcd8f1ed006a2e24fcace936018ed8237e95f488ad6e0a7?s=96&d=mm&r=g\",\"caption\":\"diario2\"},\"url\":\"https:\\\/\\\/diariotextual.com\\\/inicio\\\/index.php\\\/author\\\/diario2\\\/\"}]}<\/script>\n<!-- \/ Yoast SEO plugin. -->","yoast_head_json":{"title":"Eval\u00faan aumentar el subsidio a bibliotecas populares - Diario Textual","robots":{"index":"index","follow":"follow","max-snippet":"max-snippet:-1","max-image-preview":"max-image-preview:large","max-video-preview":"max-video-preview:-1"},"canonical":"https:\/\/diariotextual.com\/inicio\/index.php\/2019\/06\/28\/evaluan-aumentar-subsidio-bibliotecas-populares\/","og_locale":"es_ES","og_type":"article","og_title":"Eval\u00faan aumentar el subsidio a bibliotecas populares - Diario Textual","og_description":"La Secretar\u00eda de Cultura llev\u00f3 a cabo hoy el 2\u00b0 m\u00f3dulo de talleres de promoci\u00f3n de la lectura para Bibliotecas Populares\u00a0en el cual su titular, Adriana Maggio, adelant\u00f3 la presentaci\u00f3n&hellip;","og_url":"https:\/\/diariotextual.com\/inicio\/index.php\/2019\/06\/28\/evaluan-aumentar-subsidio-bibliotecas-populares\/","og_site_name":"Diario Textual","article_publisher":"https:\/\/www.facebook.com\/eltextual","article_published_time":"2019-06-28T19:27:00+00:00","article_modified_time":"2019-06-29T00:43:23+00:00","og_image":[{"width":730,"height":430,"url":"https:\/\/diariotextual.com\/inicio\/wp-content\/uploads\/2019\/06\/maggioadrianabibliotecas2.jpg","type":"image\/jpeg"}],"author":"diario2","twitter_card":"summary_large_image","twitter_creator":"@eltextual","twitter_site":"@eltextual","twitter_misc":{"Escrito por":"diario2","Tiempo de lectura":"2 minutos"},"schema":{"@context":"https:\/\/schema.org","@graph":[{"@type":"Article","@id":"https:\/\/diariotextual.com\/inicio\/index.php\/2019\/06\/28\/evaluan-aumentar-subsidio-bibliotecas-populares\/#article","isPartOf":{"@id":"https:\/\/diariotextual.com\/inicio\/index.php\/2019\/06\/28\/evaluan-aumentar-subsidio-bibliotecas-populares\/"},"author":{"name":"diario2","@id":"https:\/\/diariotextual.com\/inicio\/#\/schema\/person\/694f60677f23c4a530867a98f22b3768"},"headline":"Eval\u00faan aumentar el subsidio a bibliotecas populares","datePublished":"2019-06-28T19:27:00+00:00","dateModified":"2019-06-29T00:43:23+00:00","mainEntityOfPage":{"@id":"https:\/\/diariotextual.com\/inicio\/index.php\/2019\/06\/28\/evaluan-aumentar-subsidio-bibliotecas-populares\/"},"wordCount":439,"publisher":{"@id":"https:\/\/diariotextual.com\/inicio\/#organization"},"image":{"@id":"https:\/\/diariotextual.com\/inicio\/index.php\/2019\/06\/28\/evaluan-aumentar-subsidio-bibliotecas-populares\/#primaryimage"},"thumbnailUrl":"https:\/\/diariotextual.com\/inicio\/wp-content\/uploads\/2019\/06\/maggioadrianabibliotecas2.jpg","articleSection":["A - TEMPORALES","CULTURA"],"inLanguage":"es"},{"@type":"WebPage","@id":"https:\/\/diariotextual.com\/inicio\/index.php\/2019\/06\/28\/evaluan-aumentar-subsidio-bibliotecas-populares\/","url":"https:\/\/diariotextual.com\/inicio\/index.php\/2019\/06\/28\/evaluan-aumentar-subsidio-bibliotecas-populares\/","name":"Eval\u00faan aumentar el subsidio a bibliotecas populares - Diario Textual","isPartOf":{"@id":"https:\/\/diariotextual.com\/inicio\/#website"},"primaryImageOfPage":{"@id":"https:\/\/diariotextual.com\/inicio\/index.php\/2019\/06\/28\/evaluan-aumentar-subsidio-bibliotecas-populares\/#primaryimage"},"image":{"@id":"https:\/\/diariotextual.com\/inicio\/index.php\/2019\/06\/28\/evaluan-aumentar-subsidio-bibliotecas-populares\/#primaryimage"},"thumbnailUrl":"https:\/\/diariotextual.com\/inicio\/wp-content\/uploads\/2019\/06\/maggioadrianabibliotecas2.jpg","datePublished":"2019-06-28T19:27:00+00:00","dateModified":"2019-06-29T00:43:23+00:00","breadcrumb":{"@id":"https:\/\/diariotextual.com\/inicio\/index.php\/2019\/06\/28\/evaluan-aumentar-subsidio-bibliotecas-populares\/#breadcrumb"},"inLanguage":"es","potentialAction":[{"@type":"ReadAction","target":["https:\/\/diariotextual.com\/inicio\/index.php\/2019\/06\/28\/evaluan-aumentar-subsidio-bibliotecas-populares\/"]}]},{"@type":"ImageObject","inLanguage":"es","@id":"https:\/\/diariotextual.com\/inicio\/index.php\/2019\/06\/28\/evaluan-aumentar-subsidio-bibliotecas-populares\/#primaryimage","url":"https:\/\/diariotextual.com\/inicio\/wp-content\/uploads\/2019\/06\/maggioadrianabibliotecas2.jpg","contentUrl":"https:\/\/diariotextual.com\/inicio\/wp-content\/uploads\/2019\/06\/maggioadrianabibliotecas2.jpg","width":730,"height":430},{"@type":"BreadcrumbList","@id":"https:\/\/diariotextual.com\/inicio\/index.php\/2019\/06\/28\/evaluan-aumentar-subsidio-bibliotecas-populares\/#breadcrumb","itemListElement":[{"@type":"ListItem","position":1,"name":"Portada","item":"https:\/\/diariotextual.com\/inicio\/"},{"@type":"ListItem","position":2,"name":"Eval\u00faan aumentar el subsidio a bibliotecas populares"}]},{"@type":"WebSite","@id":"https:\/\/diariotextual.com\/inicio\/#website","url":"https:\/\/diariotextual.com\/inicio\/","name":"Diario Textual","description":"","publisher":{"@id":"https:\/\/diariotextual.com\/inicio\/#organization"},"potentialAction":[{"@type":"SearchAction","target":{"@type":"EntryPoint","urlTemplate":"https:\/\/diariotextual.com\/inicio\/?s={search_term_string}"},"query-input":{"@type":"PropertyValueSpecification","valueRequired":true,"valueName":"search_term_string"}}],"inLanguage":"es"},{"@type":"Organization","@id":"https:\/\/diariotextual.com\/inicio\/#organization","name":"Diario Textual","url":"https:\/\/diariotextual.com\/inicio\/","logo":{"@type":"ImageObject","inLanguage":"es","@id":"https:\/\/diariotextual.com\/inicio\/#\/schema\/logo\/image\/","url":"https:\/\/diariotextual.com\/inicio\/wp-content\/uploads\/2023\/05\/logotextual1.jpg","contentUrl":"https:\/\/diariotextual.com\/inicio\/wp-content\/uploads\/2023\/05\/logotextual1.jpg","width":516,"height":76,"caption":"Diario Textual"},"image":{"@id":"https:\/\/diariotextual.com\/inicio\/#\/schema\/logo\/image\/"},"sameAs":["https:\/\/www.facebook.com\/eltextual","https:\/\/x.com\/eltextual","http:\/\/www.instagram.com\/eltextual"]},{"@type":"Person","@id":"https:\/\/diariotextual.com\/inicio\/#\/schema\/person\/694f60677f23c4a530867a98f22b3768","name":"diario2","image":{"@type":"ImageObject","inLanguage":"es","@id":"https:\/\/secure.gravatar.com\/avatar\/5a2567495ba16b852fcd8f1ed006a2e24fcace936018ed8237e95f488ad6e0a7?s=96&d=mm&r=g","url":"https:\/\/secure.gravatar.com\/avatar\/5a2567495ba16b852fcd8f1ed006a2e24fcace936018ed8237e95f488ad6e0a7?s=96&d=mm&r=g","contentUrl":"https:\/\/secure.gravatar.com\/avatar\/5a2567495ba16b852fcd8f1ed006a2e24fcace936018ed8237e95f488ad6e0a7?s=96&d=mm&r=g","caption":"diario2"},"url":"https:\/\/diariotextual.com\/inicio\/index.php\/author\/diario2\/"}]}},"_links":{"self":[{"href":"https:\/\/diariotextual.com\/inicio\/index.php\/wp-json\/wp\/v2\/posts\/54021","targetHints":{"allow":["GET"]}}],"collection":[{"href":"https:\/\/diariotextual.com\/inicio\/index.php\/wp-json\/wp\/v2\/posts"}],"about":[{"href":"https:\/\/diariotextual.com\/inicio\/index.php\/wp-json\/wp\/v2\/types\/post"}],"author":[{"embeddable":true,"href":"https:\/\/diariotextual.com\/inicio\/index.php\/wp-json\/wp\/v2\/users\/4"}],"replies":[{"embeddable":true,"href":"https:\/\/diariotextual.com\/inicio\/index.php\/wp-json\/wp\/v2\/comments?post=54021"}],"version-history":[{"count":1,"href":"https:\/\/diariotextual.com\/inicio\/index.php\/wp-json\/wp\/v2\/posts\/54021\/revisions"}],"predecessor-version":[{"id":54023,"href":"https:\/\/diariotextual.com\/inicio\/index.php\/wp-json\/wp\/v2\/posts\/54021\/revisions\/54023"}],"wp:featuredmedia":[{"embeddable":true,"href":"https:\/\/diariotextual.com\/inicio\/index.php\/wp-json\/wp\/v2\/media\/54022"}],"wp:attachment":[{"href":"https:\/\/diariotextual.com\/inicio\/index.php\/wp-json\/wp\/v2\/media?parent=54021"}],"wp:term":[{"taxonomy":"category","embeddable":true,"href":"https:\/\/diariotextual.com\/inicio\/index.php\/wp-json\/wp\/v2\/categories?post=54021"},{"taxonomy":"post_tag","embeddable":true,"href":"https:\/\/diariotextual.com\/inicio\/index.php\/wp-json\/wp\/v2\/tags?post=54021"}],"curies":[{"name":"wp","href":"https:\/\/api.w.org\/{rel}","templated":true}]}}