{"id":54153,"date":"2019-06-30T10:16:03","date_gmt":"2019-06-30T13:16:03","guid":{"rendered":"http:\/\/diariotextual.com\/inicio\/?p=54153"},"modified":"2019-06-30T20:11:43","modified_gmt":"2019-06-30T23:11:43","slug":"miguel-rep-radio-textual-pueblo-esta-vez-mas-triste","status":"publish","type":"post","link":"https:\/\/diariotextual.com\/inicio\/index.php\/2019\/06\/30\/miguel-rep-radio-textual-pueblo-esta-vez-mas-triste\/","title":{"rendered":"Miguel Rep en Radio Textual: \u00abEl pueblo est\u00e1 cada vez m\u00e1s triste\u00bb"},"content":{"rendered":"<p>El dibujante y humorista gr\u00e1fico <strong>Miguel Rep<\/strong>, m\u00e1s conocido como Rep, dijo que <strong>el pueblo argentino \u00abest\u00e1 cada vez m\u00e1s triste\u00bb<\/strong> y sostuvo que <strong>ese estado de \u00e1nimo se siente \u00abhasta en la gente que confi\u00f3 en este Gobierno\u00bb.<\/strong> Revaloriz\u00f3 la figura de <strong>Eva Duarte.<\/strong> \u00abSu ideario se hace muy necesario hoy\u00bb, afirm\u00f3.<\/p>\n<p>Rep estuvo de visita en Santa Rosa y General Pico para presentar su libro <strong>\u00abEvita. Nacida para molestar\u00bb<\/strong>, donde desde el humor recorre la vida de la destacada dirigenta pol\u00edtica argentina que se convirti\u00f3 en un s\u00edmbolo de la lucha por la justicia social.<\/p>\n<p><img fetchpriority=\"high\" decoding=\"async\" class=\"alignnone wp-image-54160\" src=\"http:\/\/diariotextual.com\/inicio\/wp-content\/uploads\/2019\/06\/evitalibrorep-832x1024.jpg\" alt=\"\" width=\"559\" height=\"688\" srcset=\"https:\/\/diariotextual.com\/inicio\/wp-content\/uploads\/2019\/06\/evitalibrorep-832x1024.jpg 832w, https:\/\/diariotextual.com\/inicio\/wp-content\/uploads\/2019\/06\/evitalibrorep-244x300.jpg 244w, https:\/\/diariotextual.com\/inicio\/wp-content\/uploads\/2019\/06\/evitalibrorep-768x945.jpg 768w, https:\/\/diariotextual.com\/inicio\/wp-content\/uploads\/2019\/06\/evitalibrorep-1170x1440.jpg 1170w, https:\/\/diariotextual.com\/inicio\/wp-content\/uploads\/2019\/06\/evitalibrorep-585x720.jpg 585w\" sizes=\"(max-width: 559px) 100vw, 559px\" \/><\/p>\n<p><strong>\u00abEn el libro est\u00e1n todas las Evas, desde la ni\u00f1a de Los Toldos hasta la bella mujer que sigue viva en el recuerdo de la gente. En ella se cruza de todo, desde el arte, la curiosidad hist\u00f3rica, la pasi\u00f3n, la conmoci\u00f3n, es un resumen de lo que vino a hacer a este mundo Evita\u00bb<\/strong>, resumi\u00f3 Rep en di\u00e1logo con <strong>Radio Textual (FM Sonar).<\/strong><\/p>\n<p><strong>\u00abEvita molest\u00f3 a un sector que desgraciadamente nos sigue gobernando. Fue una bella mujer maltratada por la sociedad que demostr\u00f3 que hay otra manera de manejar el Estado y comparecerse con los despose\u00eddos, porque ella era una despose\u00edda\u00bb<\/strong>, sostuvo el dibujante.<\/p>\n<p><strong>\u00abCon este gobierno estamos en un momento anti Evita, lo cual provoca mucha desgracia que hace que se ilumine de nuevo una Evita. Su ideario y su praxis se hace muy necesario hoy\u00bb<\/strong>, remarc\u00f3.<\/p>\n<p>\u00bfSi el pueblo argentino est\u00e1 triste? <strong>\u00abDesde hace tres a\u00f1os la gente est\u00e1 cada vez m\u00e1s triste. Yo estoy m\u00e1s triste. Lo sent\u00eds en los comentarios, en las amistades y hasta en la gente que confi\u00f3 en esto. Est\u00e1n muy enojados porque no quieren dar el brazo a torcer. Hay mucho autoenojo, una cosa espantosa\u00bb<\/strong>, asever\u00f3 Rep.<\/p>\n<p>Consultado sobre si se puede asociar a Evita con la expresidenta Cristina Fern\u00e1ndez, el dibujante respondi\u00f3: \u00abNo, porque los contextos son muy distintos y ellas tienen dos personalidades y or\u00edgenes muy diferentes. Lo que tienen en com\u00fan es el tema de la mujer en cuanto a los ataques que tuvieron. Yo vi como atacaron a Evita en su momento con el \u201cviva el c\u00e1ncer\u201d. <strong>Hay una correspondencia de lo que hizo la derecha con Evita y con Cristina\u00bb.<\/strong><\/p>\n","protected":false},"excerpt":{"rendered":"<p>El dibujante y humorista gr\u00e1fico Miguel Rep, m\u00e1s conocido como Rep, dijo que el pueblo argentino \u00abest\u00e1 cada vez m\u00e1s triste\u00bb y sostuvo que ese estado de \u00e1nimo se siente&hellip;<\/p>\n","protected":false},"author":7,"featured_media":54159,"comment_status":"closed","ping_status":"open","sticky":false,"template":"","format":"standard","meta":{"_acf_changed":false,"footnotes":""},"categories":[319,2],"tags":[],"class_list":["post-54153","post","type-post","status-publish","format-standard","has-post-thumbnail","hentry","category-a-temporales","category-cultura"],"acf":[],"yoast_head":"<!-- This site is optimized with the Yoast SEO plugin v27.5 - https:\/\/yoast.com\/product\/yoast-seo-wordpress\/ -->\n<title>Miguel Rep en Radio Textual: &quot;El pueblo est\u00e1 cada vez m\u00e1s triste&quot; - Diario Textual<\/title>\n<meta name=\"robots\" content=\"index, follow, max-snippet:-1, max-image-preview:large, max-video-preview:-1\" \/>\n<link rel=\"canonical\" href=\"https:\/\/diariotextual.com\/inicio\/index.php\/2019\/06\/30\/miguel-rep-radio-textual-pueblo-esta-vez-mas-triste\/\" \/>\n<meta property=\"og:locale\" content=\"es_ES\" \/>\n<meta property=\"og:type\" content=\"article\" \/>\n<meta property=\"og:title\" content=\"Miguel Rep en Radio Textual: &quot;El pueblo est\u00e1 cada vez m\u00e1s triste&quot; - Diario Textual\" \/>\n<meta property=\"og:description\" content=\"El dibujante y humorista gr\u00e1fico Miguel Rep, m\u00e1s conocido como Rep, dijo que el pueblo argentino \u00abest\u00e1 cada vez m\u00e1s triste\u00bb y sostuvo que ese estado de \u00e1nimo se siente&hellip;\" \/>\n<meta property=\"og:url\" content=\"https:\/\/diariotextual.com\/inicio\/index.php\/2019\/06\/30\/miguel-rep-radio-textual-pueblo-esta-vez-mas-triste\/\" \/>\n<meta property=\"og:site_name\" content=\"Diario Textual\" \/>\n<meta property=\"article:publisher\" content=\"https:\/\/www.facebook.com\/eltextual\" \/>\n<meta property=\"article:published_time\" content=\"2019-06-30T13:16:03+00:00\" \/>\n<meta property=\"article:modified_time\" content=\"2019-06-30T23:11:43+00:00\" \/>\n<meta property=\"og:image\" content=\"https:\/\/diariotextual.com\/inicio\/wp-content\/uploads\/2019\/06\/repmiguel.jpg\" \/>\n\t<meta property=\"og:image:width\" content=\"1024\" \/>\n\t<meta property=\"og:image:height\" content=\"678\" \/>\n\t<meta property=\"og:image:type\" content=\"image\/jpeg\" \/>\n<meta name=\"author\" content=\"diario5\" \/>\n<meta name=\"twitter:card\" content=\"summary_large_image\" \/>\n<meta name=\"twitter:creator\" content=\"@eltextual\" \/>\n<meta name=\"twitter:site\" content=\"@eltextual\" \/>\n<meta name=\"twitter:label1\" content=\"Escrito por\" \/>\n\t<meta name=\"twitter:data1\" content=\"diario5\" \/>\n\t<meta name=\"twitter:label2\" content=\"Tiempo de lectura\" \/>\n\t<meta name=\"twitter:data2\" content=\"2 minutos\" \/>\n<script type=\"application\/ld+json\" class=\"yoast-schema-graph\">{\"@context\":\"https:\\\/\\\/schema.org\",\"@graph\":[{\"@type\":\"Article\",\"@id\":\"https:\\\/\\\/diariotextual.com\\\/inicio\\\/index.php\\\/2019\\\/06\\\/30\\\/miguel-rep-radio-textual-pueblo-esta-vez-mas-triste\\\/#article\",\"isPartOf\":{\"@id\":\"https:\\\/\\\/diariotextual.com\\\/inicio\\\/index.php\\\/2019\\\/06\\\/30\\\/miguel-rep-radio-textual-pueblo-esta-vez-mas-triste\\\/\"},\"author\":{\"name\":\"diario5\",\"@id\":\"https:\\\/\\\/diariotextual.com\\\/inicio\\\/#\\\/schema\\\/person\\\/c7834961ad8b29b1d9cdbf4571299067\"},\"headline\":\"Miguel Rep en Radio Textual: \u00abEl pueblo est\u00e1 cada vez m\u00e1s triste\u00bb\",\"datePublished\":\"2019-06-30T13:16:03+00:00\",\"dateModified\":\"2019-06-30T23:11:43+00:00\",\"mainEntityOfPage\":{\"@id\":\"https:\\\/\\\/diariotextual.com\\\/inicio\\\/index.php\\\/2019\\\/06\\\/30\\\/miguel-rep-radio-textual-pueblo-esta-vez-mas-triste\\\/\"},\"wordCount\":406,\"publisher\":{\"@id\":\"https:\\\/\\\/diariotextual.com\\\/inicio\\\/#organization\"},\"image\":{\"@id\":\"https:\\\/\\\/diariotextual.com\\\/inicio\\\/index.php\\\/2019\\\/06\\\/30\\\/miguel-rep-radio-textual-pueblo-esta-vez-mas-triste\\\/#primaryimage\"},\"thumbnailUrl\":\"https:\\\/\\\/diariotextual.com\\\/inicio\\\/wp-content\\\/uploads\\\/2019\\\/06\\\/repmiguel.jpg\",\"articleSection\":[\"A - TEMPORALES\",\"CULTURA\"],\"inLanguage\":\"es\"},{\"@type\":\"WebPage\",\"@id\":\"https:\\\/\\\/diariotextual.com\\\/inicio\\\/index.php\\\/2019\\\/06\\\/30\\\/miguel-rep-radio-textual-pueblo-esta-vez-mas-triste\\\/\",\"url\":\"https:\\\/\\\/diariotextual.com\\\/inicio\\\/index.php\\\/2019\\\/06\\\/30\\\/miguel-rep-radio-textual-pueblo-esta-vez-mas-triste\\\/\",\"name\":\"Miguel Rep en Radio Textual: \\\"El pueblo est\u00e1 cada vez m\u00e1s triste\\\" - Diario Textual\",\"isPartOf\":{\"@id\":\"https:\\\/\\\/diariotextual.com\\\/inicio\\\/#website\"},\"primaryImageOfPage\":{\"@id\":\"https:\\\/\\\/diariotextual.com\\\/inicio\\\/index.php\\\/2019\\\/06\\\/30\\\/miguel-rep-radio-textual-pueblo-esta-vez-mas-triste\\\/#primaryimage\"},\"image\":{\"@id\":\"https:\\\/\\\/diariotextual.com\\\/inicio\\\/index.php\\\/2019\\\/06\\\/30\\\/miguel-rep-radio-textual-pueblo-esta-vez-mas-triste\\\/#primaryimage\"},\"thumbnailUrl\":\"https:\\\/\\\/diariotextual.com\\\/inicio\\\/wp-content\\\/uploads\\\/2019\\\/06\\\/repmiguel.jpg\",\"datePublished\":\"2019-06-30T13:16:03+00:00\",\"dateModified\":\"2019-06-30T23:11:43+00:00\",\"breadcrumb\":{\"@id\":\"https:\\\/\\\/diariotextual.com\\\/inicio\\\/index.php\\\/2019\\\/06\\\/30\\\/miguel-rep-radio-textual-pueblo-esta-vez-mas-triste\\\/#breadcrumb\"},\"inLanguage\":\"es\",\"potentialAction\":[{\"@type\":\"ReadAction\",\"target\":[\"https:\\\/\\\/diariotextual.com\\\/inicio\\\/index.php\\\/2019\\\/06\\\/30\\\/miguel-rep-radio-textual-pueblo-esta-vez-mas-triste\\\/\"]}]},{\"@type\":\"ImageObject\",\"inLanguage\":\"es\",\"@id\":\"https:\\\/\\\/diariotextual.com\\\/inicio\\\/index.php\\\/2019\\\/06\\\/30\\\/miguel-rep-radio-textual-pueblo-esta-vez-mas-triste\\\/#primaryimage\",\"url\":\"https:\\\/\\\/diariotextual.com\\\/inicio\\\/wp-content\\\/uploads\\\/2019\\\/06\\\/repmiguel.jpg\",\"contentUrl\":\"https:\\\/\\\/diariotextual.com\\\/inicio\\\/wp-content\\\/uploads\\\/2019\\\/06\\\/repmiguel.jpg\",\"width\":1024,\"height\":678},{\"@type\":\"BreadcrumbList\",\"@id\":\"https:\\\/\\\/diariotextual.com\\\/inicio\\\/index.php\\\/2019\\\/06\\\/30\\\/miguel-rep-radio-textual-pueblo-esta-vez-mas-triste\\\/#breadcrumb\",\"itemListElement\":[{\"@type\":\"ListItem\",\"position\":1,\"name\":\"Portada\",\"item\":\"https:\\\/\\\/diariotextual.com\\\/inicio\\\/\"},{\"@type\":\"ListItem\",\"position\":2,\"name\":\"Miguel Rep en Radio Textual: \u00abEl pueblo est\u00e1 cada vez m\u00e1s triste\u00bb\"}]},{\"@type\":\"WebSite\",\"@id\":\"https:\\\/\\\/diariotextual.com\\\/inicio\\\/#website\",\"url\":\"https:\\\/\\\/diariotextual.com\\\/inicio\\\/\",\"name\":\"Diario Textual\",\"description\":\"\",\"publisher\":{\"@id\":\"https:\\\/\\\/diariotextual.com\\\/inicio\\\/#organization\"},\"potentialAction\":[{\"@type\":\"SearchAction\",\"target\":{\"@type\":\"EntryPoint\",\"urlTemplate\":\"https:\\\/\\\/diariotextual.com\\\/inicio\\\/?s={search_term_string}\"},\"query-input\":{\"@type\":\"PropertyValueSpecification\",\"valueRequired\":true,\"valueName\":\"search_term_string\"}}],\"inLanguage\":\"es\"},{\"@type\":\"Organization\",\"@id\":\"https:\\\/\\\/diariotextual.com\\\/inicio\\\/#organization\",\"name\":\"Diario Textual\",\"url\":\"https:\\\/\\\/diariotextual.com\\\/inicio\\\/\",\"logo\":{\"@type\":\"ImageObject\",\"inLanguage\":\"es\",\"@id\":\"https:\\\/\\\/diariotextual.com\\\/inicio\\\/#\\\/schema\\\/logo\\\/image\\\/\",\"url\":\"https:\\\/\\\/diariotextual.com\\\/inicio\\\/wp-content\\\/uploads\\\/2023\\\/05\\\/logotextual1.jpg\",\"contentUrl\":\"https:\\\/\\\/diariotextual.com\\\/inicio\\\/wp-content\\\/uploads\\\/2023\\\/05\\\/logotextual1.jpg\",\"width\":516,\"height\":76,\"caption\":\"Diario Textual\"},\"image\":{\"@id\":\"https:\\\/\\\/diariotextual.com\\\/inicio\\\/#\\\/schema\\\/logo\\\/image\\\/\"},\"sameAs\":[\"https:\\\/\\\/www.facebook.com\\\/eltextual\",\"https:\\\/\\\/x.com\\\/eltextual\",\"http:\\\/\\\/www.instagram.com\\\/eltextual\"]},{\"@type\":\"Person\",\"@id\":\"https:\\\/\\\/diariotextual.com\\\/inicio\\\/#\\\/schema\\\/person\\\/c7834961ad8b29b1d9cdbf4571299067\",\"name\":\"diario5\",\"image\":{\"@type\":\"ImageObject\",\"inLanguage\":\"es\",\"@id\":\"https:\\\/\\\/secure.gravatar.com\\\/avatar\\\/948c893b847ca6df68216ead81b63f363408ec9b0f600fefc0641ce78613b111?s=96&d=mm&r=g\",\"url\":\"https:\\\/\\\/secure.gravatar.com\\\/avatar\\\/948c893b847ca6df68216ead81b63f363408ec9b0f600fefc0641ce78613b111?s=96&d=mm&r=g\",\"contentUrl\":\"https:\\\/\\\/secure.gravatar.com\\\/avatar\\\/948c893b847ca6df68216ead81b63f363408ec9b0f600fefc0641ce78613b111?s=96&d=mm&r=g\",\"caption\":\"diario5\"},\"url\":\"https:\\\/\\\/diariotextual.com\\\/inicio\\\/index.php\\\/author\\\/diario5\\\/\"}]}<\/script>\n<!-- \/ Yoast SEO plugin. -->","yoast_head_json":{"title":"Miguel Rep en Radio Textual: \"El pueblo est\u00e1 cada vez m\u00e1s triste\" - Diario Textual","robots":{"index":"index","follow":"follow","max-snippet":"max-snippet:-1","max-image-preview":"max-image-preview:large","max-video-preview":"max-video-preview:-1"},"canonical":"https:\/\/diariotextual.com\/inicio\/index.php\/2019\/06\/30\/miguel-rep-radio-textual-pueblo-esta-vez-mas-triste\/","og_locale":"es_ES","og_type":"article","og_title":"Miguel Rep en Radio Textual: \"El pueblo est\u00e1 cada vez m\u00e1s triste\" - Diario Textual","og_description":"El dibujante y humorista gr\u00e1fico Miguel Rep, m\u00e1s conocido como Rep, dijo que el pueblo argentino \u00abest\u00e1 cada vez m\u00e1s triste\u00bb y sostuvo que ese estado de \u00e1nimo se siente&hellip;","og_url":"https:\/\/diariotextual.com\/inicio\/index.php\/2019\/06\/30\/miguel-rep-radio-textual-pueblo-esta-vez-mas-triste\/","og_site_name":"Diario Textual","article_publisher":"https:\/\/www.facebook.com\/eltextual","article_published_time":"2019-06-30T13:16:03+00:00","article_modified_time":"2019-06-30T23:11:43+00:00","og_image":[{"width":1024,"height":678,"url":"https:\/\/diariotextual.com\/inicio\/wp-content\/uploads\/2019\/06\/repmiguel.jpg","type":"image\/jpeg"}],"author":"diario5","twitter_card":"summary_large_image","twitter_creator":"@eltextual","twitter_site":"@eltextual","twitter_misc":{"Escrito por":"diario5","Tiempo de lectura":"2 minutos"},"schema":{"@context":"https:\/\/schema.org","@graph":[{"@type":"Article","@id":"https:\/\/diariotextual.com\/inicio\/index.php\/2019\/06\/30\/miguel-rep-radio-textual-pueblo-esta-vez-mas-triste\/#article","isPartOf":{"@id":"https:\/\/diariotextual.com\/inicio\/index.php\/2019\/06\/30\/miguel-rep-radio-textual-pueblo-esta-vez-mas-triste\/"},"author":{"name":"diario5","@id":"https:\/\/diariotextual.com\/inicio\/#\/schema\/person\/c7834961ad8b29b1d9cdbf4571299067"},"headline":"Miguel Rep en Radio Textual: \u00abEl pueblo est\u00e1 cada vez m\u00e1s triste\u00bb","datePublished":"2019-06-30T13:16:03+00:00","dateModified":"2019-06-30T23:11:43+00:00","mainEntityOfPage":{"@id":"https:\/\/diariotextual.com\/inicio\/index.php\/2019\/06\/30\/miguel-rep-radio-textual-pueblo-esta-vez-mas-triste\/"},"wordCount":406,"publisher":{"@id":"https:\/\/diariotextual.com\/inicio\/#organization"},"image":{"@id":"https:\/\/diariotextual.com\/inicio\/index.php\/2019\/06\/30\/miguel-rep-radio-textual-pueblo-esta-vez-mas-triste\/#primaryimage"},"thumbnailUrl":"https:\/\/diariotextual.com\/inicio\/wp-content\/uploads\/2019\/06\/repmiguel.jpg","articleSection":["A - TEMPORALES","CULTURA"],"inLanguage":"es"},{"@type":"WebPage","@id":"https:\/\/diariotextual.com\/inicio\/index.php\/2019\/06\/30\/miguel-rep-radio-textual-pueblo-esta-vez-mas-triste\/","url":"https:\/\/diariotextual.com\/inicio\/index.php\/2019\/06\/30\/miguel-rep-radio-textual-pueblo-esta-vez-mas-triste\/","name":"Miguel Rep en Radio Textual: \"El pueblo est\u00e1 cada vez m\u00e1s triste\" - Diario Textual","isPartOf":{"@id":"https:\/\/diariotextual.com\/inicio\/#website"},"primaryImageOfPage":{"@id":"https:\/\/diariotextual.com\/inicio\/index.php\/2019\/06\/30\/miguel-rep-radio-textual-pueblo-esta-vez-mas-triste\/#primaryimage"},"image":{"@id":"https:\/\/diariotextual.com\/inicio\/index.php\/2019\/06\/30\/miguel-rep-radio-textual-pueblo-esta-vez-mas-triste\/#primaryimage"},"thumbnailUrl":"https:\/\/diariotextual.com\/inicio\/wp-content\/uploads\/2019\/06\/repmiguel.jpg","datePublished":"2019-06-30T13:16:03+00:00","dateModified":"2019-06-30T23:11:43+00:00","breadcrumb":{"@id":"https:\/\/diariotextual.com\/inicio\/index.php\/2019\/06\/30\/miguel-rep-radio-textual-pueblo-esta-vez-mas-triste\/#breadcrumb"},"inLanguage":"es","potentialAction":[{"@type":"ReadAction","target":["https:\/\/diariotextual.com\/inicio\/index.php\/2019\/06\/30\/miguel-rep-radio-textual-pueblo-esta-vez-mas-triste\/"]}]},{"@type":"ImageObject","inLanguage":"es","@id":"https:\/\/diariotextual.com\/inicio\/index.php\/2019\/06\/30\/miguel-rep-radio-textual-pueblo-esta-vez-mas-triste\/#primaryimage","url":"https:\/\/diariotextual.com\/inicio\/wp-content\/uploads\/2019\/06\/repmiguel.jpg","contentUrl":"https:\/\/diariotextual.com\/inicio\/wp-content\/uploads\/2019\/06\/repmiguel.jpg","width":1024,"height":678},{"@type":"BreadcrumbList","@id":"https:\/\/diariotextual.com\/inicio\/index.php\/2019\/06\/30\/miguel-rep-radio-textual-pueblo-esta-vez-mas-triste\/#breadcrumb","itemListElement":[{"@type":"ListItem","position":1,"name":"Portada","item":"https:\/\/diariotextual.com\/inicio\/"},{"@type":"ListItem","position":2,"name":"Miguel Rep en Radio Textual: \u00abEl pueblo est\u00e1 cada vez m\u00e1s triste\u00bb"}]},{"@type":"WebSite","@id":"https:\/\/diariotextual.com\/inicio\/#website","url":"https:\/\/diariotextual.com\/inicio\/","name":"Diario Textual","description":"","publisher":{"@id":"https:\/\/diariotextual.com\/inicio\/#organization"},"potentialAction":[{"@type":"SearchAction","target":{"@type":"EntryPoint","urlTemplate":"https:\/\/diariotextual.com\/inicio\/?s={search_term_string}"},"query-input":{"@type":"PropertyValueSpecification","valueRequired":true,"valueName":"search_term_string"}}],"inLanguage":"es"},{"@type":"Organization","@id":"https:\/\/diariotextual.com\/inicio\/#organization","name":"Diario Textual","url":"https:\/\/diariotextual.com\/inicio\/","logo":{"@type":"ImageObject","inLanguage":"es","@id":"https:\/\/diariotextual.com\/inicio\/#\/schema\/logo\/image\/","url":"https:\/\/diariotextual.com\/inicio\/wp-content\/uploads\/2023\/05\/logotextual1.jpg","contentUrl":"https:\/\/diariotextual.com\/inicio\/wp-content\/uploads\/2023\/05\/logotextual1.jpg","width":516,"height":76,"caption":"Diario Textual"},"image":{"@id":"https:\/\/diariotextual.com\/inicio\/#\/schema\/logo\/image\/"},"sameAs":["https:\/\/www.facebook.com\/eltextual","https:\/\/x.com\/eltextual","http:\/\/www.instagram.com\/eltextual"]},{"@type":"Person","@id":"https:\/\/diariotextual.com\/inicio\/#\/schema\/person\/c7834961ad8b29b1d9cdbf4571299067","name":"diario5","image":{"@type":"ImageObject","inLanguage":"es","@id":"https:\/\/secure.gravatar.com\/avatar\/948c893b847ca6df68216ead81b63f363408ec9b0f600fefc0641ce78613b111?s=96&d=mm&r=g","url":"https:\/\/secure.gravatar.com\/avatar\/948c893b847ca6df68216ead81b63f363408ec9b0f600fefc0641ce78613b111?s=96&d=mm&r=g","contentUrl":"https:\/\/secure.gravatar.com\/avatar\/948c893b847ca6df68216ead81b63f363408ec9b0f600fefc0641ce78613b111?s=96&d=mm&r=g","caption":"diario5"},"url":"https:\/\/diariotextual.com\/inicio\/index.php\/author\/diario5\/"}]}},"_links":{"self":[{"href":"https:\/\/diariotextual.com\/inicio\/index.php\/wp-json\/wp\/v2\/posts\/54153","targetHints":{"allow":["GET"]}}],"collection":[{"href":"https:\/\/diariotextual.com\/inicio\/index.php\/wp-json\/wp\/v2\/posts"}],"about":[{"href":"https:\/\/diariotextual.com\/inicio\/index.php\/wp-json\/wp\/v2\/types\/post"}],"author":[{"embeddable":true,"href":"https:\/\/diariotextual.com\/inicio\/index.php\/wp-json\/wp\/v2\/users\/7"}],"replies":[{"embeddable":true,"href":"https:\/\/diariotextual.com\/inicio\/index.php\/wp-json\/wp\/v2\/comments?post=54153"}],"version-history":[{"count":6,"href":"https:\/\/diariotextual.com\/inicio\/index.php\/wp-json\/wp\/v2\/posts\/54153\/revisions"}],"predecessor-version":[{"id":54174,"href":"https:\/\/diariotextual.com\/inicio\/index.php\/wp-json\/wp\/v2\/posts\/54153\/revisions\/54174"}],"wp:featuredmedia":[{"embeddable":true,"href":"https:\/\/diariotextual.com\/inicio\/index.php\/wp-json\/wp\/v2\/media\/54159"}],"wp:attachment":[{"href":"https:\/\/diariotextual.com\/inicio\/index.php\/wp-json\/wp\/v2\/media?parent=54153"}],"wp:term":[{"taxonomy":"category","embeddable":true,"href":"https:\/\/diariotextual.com\/inicio\/index.php\/wp-json\/wp\/v2\/categories?post=54153"},{"taxonomy":"post_tag","embeddable":true,"href":"https:\/\/diariotextual.com\/inicio\/index.php\/wp-json\/wp\/v2\/tags?post=54153"}],"curies":[{"name":"wp","href":"https:\/\/api.w.org\/{rel}","templated":true}]}}