{"id":54222,"date":"2019-07-01T23:08:03","date_gmt":"2019-07-02T02:08:03","guid":{"rendered":"http:\/\/diariotextual.com\/inicio\/?p=54222"},"modified":"2019-07-02T10:49:36","modified_gmt":"2019-07-02T13:49:36","slug":"club-los-40-ya-tendencia-la-politica-pampeana","status":"publish","type":"post","link":"https:\/\/diariotextual.com\/inicio\/index.php\/2019\/07\/01\/club-los-40-ya-tendencia-la-politica-pampeana\/","title":{"rendered":"El Club de los 40 ya es tendencia en la pol\u00edtica pampeana"},"content":{"rendered":"<h3><strong>Por Norberto G. Asquini<\/strong><\/h3>\n<p><!--more--><\/p>\n<p>&nbsp;<\/p>\n<p>El <strong>Club de los 40 es tendencia en la pol\u00edtica pampeana<\/strong> y habla de la renovaci\u00f3n que hay en el escenario local y que se aceler\u00f3 en el \u00faltimo a\u00f1o. Dirigentes j\u00f3venes cercanos a los 45 a\u00f1os y que ocupan, y ocupar\u00e1n, lugares centrales en La Pampa. No significa que deje de haber funcionarios, gobernantes y legisladores de m\u00e1s edad, pero la presencia de una dirigencia nueva es incuestionable en los hechos.<\/p>\n<p>Hace poco m\u00e1s de un a\u00f1o en esta columna lanz\u00e1bamos la idea del Club de los 40 y sus posibilidades a futuro y nos pregunt\u00e1bamos <strong>\u00ab\u00bfHay vida en el PJ despu\u00e9s de Verna?\u00bb<\/strong>, pensando en c\u00f3mo ser\u00eda la sucesi\u00f3n. En ese momento, todav\u00eda la reelecci\u00f3n del gobernador de La Pampa era casi un hecho. Pero pasaron cosas, dir\u00eda Reutemann.<\/p>\n<p><strong>La pregunta se responde sola: hay vida para el PJ despu\u00e9s de Verna. Sergio Ziliotto es el sucesor, lo logr\u00f3 con un resultado contundente en las urnas y con el peronismo unido.<\/strong> El gobernador electo tiene 56 a\u00f1os y es el primer mandatario provincial del peronismo pampeano del ciclo pos generaci\u00f3n del 83. Esto ya marca la renovaci\u00f3n desde arriba. Forzada por las circunstancias de la enfermedad que alej\u00f3 a Verna de otro mandato, pero resultado de un proceso de acuerdos y consensos.<\/p>\n<p>&nbsp;<\/p>\n<p><strong>Nombres propios para una tendencia<\/strong><\/p>\n<p>En las elecciones de este a\u00f1o en La Pampa tambi\u00e9n se observ\u00f3 la irrupci\u00f3n de una generaci\u00f3n joven de dirigentes en lugares destacados y que antes eran ocupados por personas de mayor edad. Asistimos a un proceso de emergencia de nuevos dirigentes que ya estaba perfilado, pero que se ratific\u00f3 en las urnas.<\/p>\n<p><strong>Los casos m\u00e1s notables son los de los pr\u00f3ximos intendentes de Santa Rosa, Luciano di N\u00e1poli, y de General Pico, Fernanda Alonso.<\/strong> En la C\u00e1mara de Diputados el bloque del PJ tendr\u00e1 10 de los 17 legisladores y legisladoras (casi el 60%) que, estirando los n\u00fameros, podemos incluir en esta franja etaria. Entre ellos hay incorporaciones que tendr\u00e1n su peso espec\u00edfico en el bloque, como el intendente de Toay, Ariel Rojas, o el ministro de Seguridad, Julio \u00abTato\u00bb Gonz\u00e1lez, que ha manejado esa cartera con muy buenos resultados sobre todo en materia de narcotr\u00e1fico. En la composici\u00f3n actual eran 8 legisladores sobre 15.<\/p>\n<p><strong>Entre los intendentes del interior tambi\u00e9n encontramos este proceso de renovaci\u00f3n, sobre todo en los nuevos jefes comunales que accedieron por primera vez al frente de un municipio. Pascual Fern\u00e1ndez de Uriburu, \u00abManu\u00bb Feito de Lonquimay, Juan Cruz Bart\u00f3n de Intendente Alvear, Gabriela Laourie en Jacinto Arauz, Ariel Castaldo en Villa Mirasol o Patricia Lav\u00edn en Ingeniero Luiggi, por nombrar algunos m\u00e1s all\u00e1 de que se extiendan un poco las edades.<\/strong><\/p>\n<p>Esta tendencia a la renovaci\u00f3n, o a que dirigentes m\u00e1s j\u00f3venes ocupen lugares centrales en la pol\u00edtica o de gesti\u00f3n, tambi\u00e9n se dio en la composici\u00f3n de la lista de diputados nacionales con Hern\u00e1n P\u00e9rez Araujo y Carmina Besga encabezando la boleta.<\/p>\n<p>&nbsp;<\/p>\n<p><strong>Ahora falta el gabinete<\/strong><\/p>\n<p>La lista podremos completarla con la pr\u00f3xima composici\u00f3n del Ejecutivo por parte de Ziliotto a partir del 10 de diciembre. <strong>\u00bfCu\u00e1ntos lugares ocupar\u00e1n? Actualmente, como ya hab\u00edamos indicado, encontramos al Club de los 40 presente en segundas y terceras l\u00edneas.<\/strong> Son secretarios, subsecretarios o directores, que podr\u00edan reemplazar a los actuales titulares de sus carteras. Funcionarios del Ejecutivo se sienten identificados por esa cuesti\u00f3n generacional y se juntan informalmente cada tanto.<\/p>\n<p>M\u00e1s all\u00e1 de nombres puestos que podr\u00edan continuar en sus cargos en el pr\u00f3ximo organigrama, como ya se adelanto el caso del ministro de Hacienda, Ernesto Franco, habr\u00e1 que ver si los de esta franja etaria son considerados por el pr\u00f3ximo mandatario para incorporarse al gabinete. El \u00fanico de esta generaci\u00f3n que quedar\u00eda de los actuales ministros, el titular de Gobierno y Justicia, Daniel Pablo Bensus\u00e1n (Alonso la otra integrante se alejar\u00e1), es del c\u00edrculo cercano a Verna y Ziliotto y fue jefe de campa\u00f1a del PJ que logr\u00f3 la victoria de mayo.<\/p>\n<p><strong>El \u00abrecambio generacional\u00bb es un categor\u00eda tan usada en los discursos pero tan poco concretada en los hechos que se torna casi vac\u00eda en pol\u00edtica.<\/strong> Por supuesto, que tener menos a\u00f1os no necesariamente implica nuevas o mejores pr\u00e1cticas.<\/p>\n<p>Lo que est\u00e1 en claro es que en el escenario pol\u00edtico pampeano asistimos en 2019 a la irrupci\u00f3n de dirigentes j\u00f3venes con una visi\u00f3n distinta de la pol\u00edtica, la gesti\u00f3n y la realidad. Una generaci\u00f3n que dotar\u00e1 de nuevas ideas y sentidos al PJ para aggiornarlo al siglo XXI.<\/p>\n<p>&nbsp;<\/p>\n<p>&nbsp;<\/p>\n","protected":false},"excerpt":{"rendered":"<p>Por Norberto G. Asquini<\/p>\n","protected":false},"author":3,"featured_media":54227,"comment_status":"closed","ping_status":"open","sticky":false,"template":"","format":"standard","meta":{"_acf_changed":false,"footnotes":""},"categories":[319,8],"tags":[],"class_list":["post-54222","post","type-post","status-publish","format-standard","has-post-thumbnail","hentry","category-a-temporales","category-politica"],"acf":[],"yoast_head":"<!-- This site is optimized with the Yoast SEO plugin v27.5 - https:\/\/yoast.com\/product\/yoast-seo-wordpress\/ -->\n<title>El Club de los 40 ya es tendencia en la pol\u00edtica pampeana - Diario Textual<\/title>\n<meta name=\"robots\" content=\"index, follow, max-snippet:-1, max-image-preview:large, max-video-preview:-1\" \/>\n<link rel=\"canonical\" href=\"https:\/\/diariotextual.com\/inicio\/index.php\/2019\/07\/01\/club-los-40-ya-tendencia-la-politica-pampeana\/\" \/>\n<meta property=\"og:locale\" content=\"es_ES\" \/>\n<meta property=\"og:type\" content=\"article\" \/>\n<meta property=\"og:title\" content=\"El Club de los 40 ya es tendencia en la pol\u00edtica pampeana - Diario Textual\" \/>\n<meta property=\"og:description\" content=\"Por Norberto G. Asquini\" \/>\n<meta property=\"og:url\" content=\"https:\/\/diariotextual.com\/inicio\/index.php\/2019\/07\/01\/club-los-40-ya-tendencia-la-politica-pampeana\/\" \/>\n<meta property=\"og:site_name\" content=\"Diario Textual\" \/>\n<meta property=\"article:publisher\" content=\"https:\/\/www.facebook.com\/eltextual\" \/>\n<meta property=\"article:published_time\" content=\"2019-07-02T02:08:03+00:00\" \/>\n<meta property=\"article:modified_time\" content=\"2019-07-02T13:49:36+00:00\" \/>\n<meta property=\"og:image\" content=\"https:\/\/diariotextual.com\/inicio\/wp-content\/uploads\/2019\/07\/alonsofernandamedios2019-2.jpg\" \/>\n\t<meta property=\"og:image:width\" content=\"960\" \/>\n\t<meta property=\"og:image:height\" content=\"641\" \/>\n\t<meta property=\"og:image:type\" content=\"image\/jpeg\" \/>\n<meta name=\"author\" content=\"Diario1 Diario1\" \/>\n<meta name=\"twitter:card\" content=\"summary_large_image\" \/>\n<meta name=\"twitter:creator\" content=\"@eltextual\" \/>\n<meta name=\"twitter:site\" content=\"@eltextual\" \/>\n<meta name=\"twitter:label1\" content=\"Escrito por\" \/>\n\t<meta name=\"twitter:data1\" content=\"Diario1 Diario1\" \/>\n\t<meta name=\"twitter:label2\" content=\"Tiempo de lectura\" \/>\n\t<meta name=\"twitter:data2\" content=\"4 minutos\" \/>\n<script type=\"application\/ld+json\" class=\"yoast-schema-graph\">{\"@context\":\"https:\\\/\\\/schema.org\",\"@graph\":[{\"@type\":\"Article\",\"@id\":\"https:\\\/\\\/diariotextual.com\\\/inicio\\\/index.php\\\/2019\\\/07\\\/01\\\/club-los-40-ya-tendencia-la-politica-pampeana\\\/#article\",\"isPartOf\":{\"@id\":\"https:\\\/\\\/diariotextual.com\\\/inicio\\\/index.php\\\/2019\\\/07\\\/01\\\/club-los-40-ya-tendencia-la-politica-pampeana\\\/\"},\"author\":{\"name\":\"Diario1 Diario1\",\"@id\":\"https:\\\/\\\/diariotextual.com\\\/inicio\\\/#\\\/schema\\\/person\\\/418fc4093c33e86ed41562db3508f958\"},\"headline\":\"El Club de los 40 ya es tendencia en la pol\u00edtica pampeana\",\"datePublished\":\"2019-07-02T02:08:03+00:00\",\"dateModified\":\"2019-07-02T13:49:36+00:00\",\"mainEntityOfPage\":{\"@id\":\"https:\\\/\\\/diariotextual.com\\\/inicio\\\/index.php\\\/2019\\\/07\\\/01\\\/club-los-40-ya-tendencia-la-politica-pampeana\\\/\"},\"wordCount\":831,\"publisher\":{\"@id\":\"https:\\\/\\\/diariotextual.com\\\/inicio\\\/#organization\"},\"image\":{\"@id\":\"https:\\\/\\\/diariotextual.com\\\/inicio\\\/index.php\\\/2019\\\/07\\\/01\\\/club-los-40-ya-tendencia-la-politica-pampeana\\\/#primaryimage\"},\"thumbnailUrl\":\"https:\\\/\\\/diariotextual.com\\\/inicio\\\/wp-content\\\/uploads\\\/2019\\\/07\\\/alonsofernandamedios2019-2.jpg\",\"articleSection\":[\"A - TEMPORALES\",\"POLITICA\"],\"inLanguage\":\"es\"},{\"@type\":\"WebPage\",\"@id\":\"https:\\\/\\\/diariotextual.com\\\/inicio\\\/index.php\\\/2019\\\/07\\\/01\\\/club-los-40-ya-tendencia-la-politica-pampeana\\\/\",\"url\":\"https:\\\/\\\/diariotextual.com\\\/inicio\\\/index.php\\\/2019\\\/07\\\/01\\\/club-los-40-ya-tendencia-la-politica-pampeana\\\/\",\"name\":\"El Club de los 40 ya es tendencia en la pol\u00edtica pampeana - Diario Textual\",\"isPartOf\":{\"@id\":\"https:\\\/\\\/diariotextual.com\\\/inicio\\\/#website\"},\"primaryImageOfPage\":{\"@id\":\"https:\\\/\\\/diariotextual.com\\\/inicio\\\/index.php\\\/2019\\\/07\\\/01\\\/club-los-40-ya-tendencia-la-politica-pampeana\\\/#primaryimage\"},\"image\":{\"@id\":\"https:\\\/\\\/diariotextual.com\\\/inicio\\\/index.php\\\/2019\\\/07\\\/01\\\/club-los-40-ya-tendencia-la-politica-pampeana\\\/#primaryimage\"},\"thumbnailUrl\":\"https:\\\/\\\/diariotextual.com\\\/inicio\\\/wp-content\\\/uploads\\\/2019\\\/07\\\/alonsofernandamedios2019-2.jpg\",\"datePublished\":\"2019-07-02T02:08:03+00:00\",\"dateModified\":\"2019-07-02T13:49:36+00:00\",\"breadcrumb\":{\"@id\":\"https:\\\/\\\/diariotextual.com\\\/inicio\\\/index.php\\\/2019\\\/07\\\/01\\\/club-los-40-ya-tendencia-la-politica-pampeana\\\/#breadcrumb\"},\"inLanguage\":\"es\",\"potentialAction\":[{\"@type\":\"ReadAction\",\"target\":[\"https:\\\/\\\/diariotextual.com\\\/inicio\\\/index.php\\\/2019\\\/07\\\/01\\\/club-los-40-ya-tendencia-la-politica-pampeana\\\/\"]}]},{\"@type\":\"ImageObject\",\"inLanguage\":\"es\",\"@id\":\"https:\\\/\\\/diariotextual.com\\\/inicio\\\/index.php\\\/2019\\\/07\\\/01\\\/club-los-40-ya-tendencia-la-politica-pampeana\\\/#primaryimage\",\"url\":\"https:\\\/\\\/diariotextual.com\\\/inicio\\\/wp-content\\\/uploads\\\/2019\\\/07\\\/alonsofernandamedios2019-2.jpg\",\"contentUrl\":\"https:\\\/\\\/diariotextual.com\\\/inicio\\\/wp-content\\\/uploads\\\/2019\\\/07\\\/alonsofernandamedios2019-2.jpg\",\"width\":960,\"height\":641},{\"@type\":\"BreadcrumbList\",\"@id\":\"https:\\\/\\\/diariotextual.com\\\/inicio\\\/index.php\\\/2019\\\/07\\\/01\\\/club-los-40-ya-tendencia-la-politica-pampeana\\\/#breadcrumb\",\"itemListElement\":[{\"@type\":\"ListItem\",\"position\":1,\"name\":\"Portada\",\"item\":\"https:\\\/\\\/diariotextual.com\\\/inicio\\\/\"},{\"@type\":\"ListItem\",\"position\":2,\"name\":\"El Club de los 40 ya es tendencia en la pol\u00edtica pampeana\"}]},{\"@type\":\"WebSite\",\"@id\":\"https:\\\/\\\/diariotextual.com\\\/inicio\\\/#website\",\"url\":\"https:\\\/\\\/diariotextual.com\\\/inicio\\\/\",\"name\":\"Diario Textual\",\"description\":\"\",\"publisher\":{\"@id\":\"https:\\\/\\\/diariotextual.com\\\/inicio\\\/#organization\"},\"potentialAction\":[{\"@type\":\"SearchAction\",\"target\":{\"@type\":\"EntryPoint\",\"urlTemplate\":\"https:\\\/\\\/diariotextual.com\\\/inicio\\\/?s={search_term_string}\"},\"query-input\":{\"@type\":\"PropertyValueSpecification\",\"valueRequired\":true,\"valueName\":\"search_term_string\"}}],\"inLanguage\":\"es\"},{\"@type\":\"Organization\",\"@id\":\"https:\\\/\\\/diariotextual.com\\\/inicio\\\/#organization\",\"name\":\"Diario Textual\",\"url\":\"https:\\\/\\\/diariotextual.com\\\/inicio\\\/\",\"logo\":{\"@type\":\"ImageObject\",\"inLanguage\":\"es\",\"@id\":\"https:\\\/\\\/diariotextual.com\\\/inicio\\\/#\\\/schema\\\/logo\\\/image\\\/\",\"url\":\"https:\\\/\\\/diariotextual.com\\\/inicio\\\/wp-content\\\/uploads\\\/2023\\\/05\\\/logotextual1.jpg\",\"contentUrl\":\"https:\\\/\\\/diariotextual.com\\\/inicio\\\/wp-content\\\/uploads\\\/2023\\\/05\\\/logotextual1.jpg\",\"width\":516,\"height\":76,\"caption\":\"Diario Textual\"},\"image\":{\"@id\":\"https:\\\/\\\/diariotextual.com\\\/inicio\\\/#\\\/schema\\\/logo\\\/image\\\/\"},\"sameAs\":[\"https:\\\/\\\/www.facebook.com\\\/eltextual\",\"https:\\\/\\\/x.com\\\/eltextual\",\"http:\\\/\\\/www.instagram.com\\\/eltextual\"]},{\"@type\":\"Person\",\"@id\":\"https:\\\/\\\/diariotextual.com\\\/inicio\\\/#\\\/schema\\\/person\\\/418fc4093c33e86ed41562db3508f958\",\"name\":\"Diario1 Diario1\",\"image\":{\"@type\":\"ImageObject\",\"inLanguage\":\"es\",\"@id\":\"https:\\\/\\\/secure.gravatar.com\\\/avatar\\\/9167d280179c85bc18be67aa7eda765854300033af4896dd779b608640f2ef7a?s=96&d=mm&r=g\",\"url\":\"https:\\\/\\\/secure.gravatar.com\\\/avatar\\\/9167d280179c85bc18be67aa7eda765854300033af4896dd779b608640f2ef7a?s=96&d=mm&r=g\",\"contentUrl\":\"https:\\\/\\\/secure.gravatar.com\\\/avatar\\\/9167d280179c85bc18be67aa7eda765854300033af4896dd779b608640f2ef7a?s=96&d=mm&r=g\",\"caption\":\"Diario1 Diario1\"},\"url\":\"https:\\\/\\\/diariotextual.com\\\/inicio\\\/index.php\\\/author\\\/diario1\\\/\"}]}<\/script>\n<!-- \/ Yoast SEO plugin. -->","yoast_head_json":{"title":"El Club de los 40 ya es tendencia en la pol\u00edtica pampeana - Diario Textual","robots":{"index":"index","follow":"follow","max-snippet":"max-snippet:-1","max-image-preview":"max-image-preview:large","max-video-preview":"max-video-preview:-1"},"canonical":"https:\/\/diariotextual.com\/inicio\/index.php\/2019\/07\/01\/club-los-40-ya-tendencia-la-politica-pampeana\/","og_locale":"es_ES","og_type":"article","og_title":"El Club de los 40 ya es tendencia en la pol\u00edtica pampeana - Diario Textual","og_description":"Por Norberto G. Asquini","og_url":"https:\/\/diariotextual.com\/inicio\/index.php\/2019\/07\/01\/club-los-40-ya-tendencia-la-politica-pampeana\/","og_site_name":"Diario Textual","article_publisher":"https:\/\/www.facebook.com\/eltextual","article_published_time":"2019-07-02T02:08:03+00:00","article_modified_time":"2019-07-02T13:49:36+00:00","og_image":[{"width":960,"height":641,"url":"https:\/\/diariotextual.com\/inicio\/wp-content\/uploads\/2019\/07\/alonsofernandamedios2019-2.jpg","type":"image\/jpeg"}],"author":"Diario1 Diario1","twitter_card":"summary_large_image","twitter_creator":"@eltextual","twitter_site":"@eltextual","twitter_misc":{"Escrito por":"Diario1 Diario1","Tiempo de lectura":"4 minutos"},"schema":{"@context":"https:\/\/schema.org","@graph":[{"@type":"Article","@id":"https:\/\/diariotextual.com\/inicio\/index.php\/2019\/07\/01\/club-los-40-ya-tendencia-la-politica-pampeana\/#article","isPartOf":{"@id":"https:\/\/diariotextual.com\/inicio\/index.php\/2019\/07\/01\/club-los-40-ya-tendencia-la-politica-pampeana\/"},"author":{"name":"Diario1 Diario1","@id":"https:\/\/diariotextual.com\/inicio\/#\/schema\/person\/418fc4093c33e86ed41562db3508f958"},"headline":"El Club de los 40 ya es tendencia en la pol\u00edtica pampeana","datePublished":"2019-07-02T02:08:03+00:00","dateModified":"2019-07-02T13:49:36+00:00","mainEntityOfPage":{"@id":"https:\/\/diariotextual.com\/inicio\/index.php\/2019\/07\/01\/club-los-40-ya-tendencia-la-politica-pampeana\/"},"wordCount":831,"publisher":{"@id":"https:\/\/diariotextual.com\/inicio\/#organization"},"image":{"@id":"https:\/\/diariotextual.com\/inicio\/index.php\/2019\/07\/01\/club-los-40-ya-tendencia-la-politica-pampeana\/#primaryimage"},"thumbnailUrl":"https:\/\/diariotextual.com\/inicio\/wp-content\/uploads\/2019\/07\/alonsofernandamedios2019-2.jpg","articleSection":["A - TEMPORALES","POLITICA"],"inLanguage":"es"},{"@type":"WebPage","@id":"https:\/\/diariotextual.com\/inicio\/index.php\/2019\/07\/01\/club-los-40-ya-tendencia-la-politica-pampeana\/","url":"https:\/\/diariotextual.com\/inicio\/index.php\/2019\/07\/01\/club-los-40-ya-tendencia-la-politica-pampeana\/","name":"El Club de los 40 ya es tendencia en la pol\u00edtica pampeana - Diario Textual","isPartOf":{"@id":"https:\/\/diariotextual.com\/inicio\/#website"},"primaryImageOfPage":{"@id":"https:\/\/diariotextual.com\/inicio\/index.php\/2019\/07\/01\/club-los-40-ya-tendencia-la-politica-pampeana\/#primaryimage"},"image":{"@id":"https:\/\/diariotextual.com\/inicio\/index.php\/2019\/07\/01\/club-los-40-ya-tendencia-la-politica-pampeana\/#primaryimage"},"thumbnailUrl":"https:\/\/diariotextual.com\/inicio\/wp-content\/uploads\/2019\/07\/alonsofernandamedios2019-2.jpg","datePublished":"2019-07-02T02:08:03+00:00","dateModified":"2019-07-02T13:49:36+00:00","breadcrumb":{"@id":"https:\/\/diariotextual.com\/inicio\/index.php\/2019\/07\/01\/club-los-40-ya-tendencia-la-politica-pampeana\/#breadcrumb"},"inLanguage":"es","potentialAction":[{"@type":"ReadAction","target":["https:\/\/diariotextual.com\/inicio\/index.php\/2019\/07\/01\/club-los-40-ya-tendencia-la-politica-pampeana\/"]}]},{"@type":"ImageObject","inLanguage":"es","@id":"https:\/\/diariotextual.com\/inicio\/index.php\/2019\/07\/01\/club-los-40-ya-tendencia-la-politica-pampeana\/#primaryimage","url":"https:\/\/diariotextual.com\/inicio\/wp-content\/uploads\/2019\/07\/alonsofernandamedios2019-2.jpg","contentUrl":"https:\/\/diariotextual.com\/inicio\/wp-content\/uploads\/2019\/07\/alonsofernandamedios2019-2.jpg","width":960,"height":641},{"@type":"BreadcrumbList","@id":"https:\/\/diariotextual.com\/inicio\/index.php\/2019\/07\/01\/club-los-40-ya-tendencia-la-politica-pampeana\/#breadcrumb","itemListElement":[{"@type":"ListItem","position":1,"name":"Portada","item":"https:\/\/diariotextual.com\/inicio\/"},{"@type":"ListItem","position":2,"name":"El Club de los 40 ya es tendencia en la pol\u00edtica pampeana"}]},{"@type":"WebSite","@id":"https:\/\/diariotextual.com\/inicio\/#website","url":"https:\/\/diariotextual.com\/inicio\/","name":"Diario Textual","description":"","publisher":{"@id":"https:\/\/diariotextual.com\/inicio\/#organization"},"potentialAction":[{"@type":"SearchAction","target":{"@type":"EntryPoint","urlTemplate":"https:\/\/diariotextual.com\/inicio\/?s={search_term_string}"},"query-input":{"@type":"PropertyValueSpecification","valueRequired":true,"valueName":"search_term_string"}}],"inLanguage":"es"},{"@type":"Organization","@id":"https:\/\/diariotextual.com\/inicio\/#organization","name":"Diario Textual","url":"https:\/\/diariotextual.com\/inicio\/","logo":{"@type":"ImageObject","inLanguage":"es","@id":"https:\/\/diariotextual.com\/inicio\/#\/schema\/logo\/image\/","url":"https:\/\/diariotextual.com\/inicio\/wp-content\/uploads\/2023\/05\/logotextual1.jpg","contentUrl":"https:\/\/diariotextual.com\/inicio\/wp-content\/uploads\/2023\/05\/logotextual1.jpg","width":516,"height":76,"caption":"Diario Textual"},"image":{"@id":"https:\/\/diariotextual.com\/inicio\/#\/schema\/logo\/image\/"},"sameAs":["https:\/\/www.facebook.com\/eltextual","https:\/\/x.com\/eltextual","http:\/\/www.instagram.com\/eltextual"]},{"@type":"Person","@id":"https:\/\/diariotextual.com\/inicio\/#\/schema\/person\/418fc4093c33e86ed41562db3508f958","name":"Diario1 Diario1","image":{"@type":"ImageObject","inLanguage":"es","@id":"https:\/\/secure.gravatar.com\/avatar\/9167d280179c85bc18be67aa7eda765854300033af4896dd779b608640f2ef7a?s=96&d=mm&r=g","url":"https:\/\/secure.gravatar.com\/avatar\/9167d280179c85bc18be67aa7eda765854300033af4896dd779b608640f2ef7a?s=96&d=mm&r=g","contentUrl":"https:\/\/secure.gravatar.com\/avatar\/9167d280179c85bc18be67aa7eda765854300033af4896dd779b608640f2ef7a?s=96&d=mm&r=g","caption":"Diario1 Diario1"},"url":"https:\/\/diariotextual.com\/inicio\/index.php\/author\/diario1\/"}]}},"_links":{"self":[{"href":"https:\/\/diariotextual.com\/inicio\/index.php\/wp-json\/wp\/v2\/posts\/54222","targetHints":{"allow":["GET"]}}],"collection":[{"href":"https:\/\/diariotextual.com\/inicio\/index.php\/wp-json\/wp\/v2\/posts"}],"about":[{"href":"https:\/\/diariotextual.com\/inicio\/index.php\/wp-json\/wp\/v2\/types\/post"}],"author":[{"embeddable":true,"href":"https:\/\/diariotextual.com\/inicio\/index.php\/wp-json\/wp\/v2\/users\/3"}],"replies":[{"embeddable":true,"href":"https:\/\/diariotextual.com\/inicio\/index.php\/wp-json\/wp\/v2\/comments?post=54222"}],"version-history":[{"count":2,"href":"https:\/\/diariotextual.com\/inicio\/index.php\/wp-json\/wp\/v2\/posts\/54222\/revisions"}],"predecessor-version":[{"id":54224,"href":"https:\/\/diariotextual.com\/inicio\/index.php\/wp-json\/wp\/v2\/posts\/54222\/revisions\/54224"}],"wp:featuredmedia":[{"embeddable":true,"href":"https:\/\/diariotextual.com\/inicio\/index.php\/wp-json\/wp\/v2\/media\/54227"}],"wp:attachment":[{"href":"https:\/\/diariotextual.com\/inicio\/index.php\/wp-json\/wp\/v2\/media?parent=54222"}],"wp:term":[{"taxonomy":"category","embeddable":true,"href":"https:\/\/diariotextual.com\/inicio\/index.php\/wp-json\/wp\/v2\/categories?post=54222"},{"taxonomy":"post_tag","embeddable":true,"href":"https:\/\/diariotextual.com\/inicio\/index.php\/wp-json\/wp\/v2\/tags?post=54222"}],"curies":[{"name":"wp","href":"https:\/\/api.w.org\/{rel}","templated":true}]}}