{"id":54237,"date":"2019-07-01T01:12:21","date_gmt":"2019-07-01T04:12:21","guid":{"rendered":"http:\/\/diariotextual.com\/inicio\/?p=54237"},"modified":"2019-07-01T09:24:34","modified_gmt":"2019-07-01T12:24:34","slug":"hubo-apagon-20-minutos-santa-rosa-pueblos-vecinos","status":"publish","type":"post","link":"https:\/\/diariotextual.com\/inicio\/index.php\/2019\/07\/01\/hubo-apagon-20-minutos-santa-rosa-pueblos-vecinos\/","title":{"rendered":"En la madrugada se registr\u00f3 un apag\u00f3n en buena parte de La Pampa"},"content":{"rendered":"<p>En la madrugada de este lunes se registr\u00f3 <strong>un apag\u00f3n en una buena parte de La Pampa.<\/strong> Afect\u00f3 al\u00a0<strong>centro y unos 25 barrios de Santa Rosa\u00a0<\/strong>y otras localidades de la provincia, como <strong>Castex, Bar\u00f3n, Victorica,\u00a0Winifreda, Anguil, Uriburu,<\/strong>\u00a0<strong>Lonquimay<\/strong> y\u00a0<strong>Catril\u00f3<\/strong>.<\/p>\n<blockquote class=\"wp-embedded-content\" data-secret=\"lLoRUxuLv5\"><p><a href=\"http:\/\/diariotextual.com\/inicio\/index.php\/2019\/07\/01\/apagon-la-pampa-fue-una-falla-una-linea-alta-tension-santa-rosa-pico\/\">El apag\u00f3n en La Pampa fue por una falla en una l\u00ednea de alta tensi\u00f3n entre Santa Rosa y Pico<\/a><\/p><\/blockquote>\n<p><iframe class=\"wp-embedded-content\" sandbox=\"allow-scripts\" security=\"restricted\" style=\"position: absolute; clip: rect(1px, 1px, 1px, 1px);\" src=\"http:\/\/diariotextual.com\/inicio\/index.php\/2019\/07\/01\/apagon-la-pampa-fue-una-falla-una-linea-alta-tension-santa-rosa-pico\/embed\/#?secret=lLoRUxuLv5\" data-secret=\"lLoRUxuLv5\" width=\"600\" height=\"338\" title=\"&#171;El apag\u00f3n en La Pampa fue por una falla en una l\u00ednea de alta tensi\u00f3n entre Santa Rosa y Pico&#187; &#8212; Diario Textual\" frameborder=\"0\" marginwidth=\"0\" marginheight=\"0\" scrolling=\"no\"><\/iframe><\/p>\n<p>El corte se origin\u00f3 por<strong>\u00a0una \u201cfalla\u201d en la l\u00ednea de alta tensi\u00f3n 132 kV que une Pico con la capital provincial<\/strong>. \u201cSe debi\u00f3 a una falla, intempestiva, y se est\u00e1 tratando de determinar por qu\u00e9 ocurri\u00f3\u201d, dijo el titular de la Administraci\u00f3n Provincial de Energ\u00eda (APE), <strong>Gonzalo Marcos<\/strong>, a Diario Textual.<\/p>\n<p>Hubo temores de la poblaci\u00f3n ante la posibilidad de que, como hace quince d\u00edas, se hubiese tratado de un mega apag\u00f3n nacional. Se sintieron aliviados cuando, progresivamente, comenz\u00f3 a regresar la energ\u00eda el\u00e9ctrica.<\/p>\n<p><strong>El corte de energ\u00eda el\u00e9ctrica se registr\u00f3 a las 0.43 horas. Se extendi\u00f3 hasta las 1.03<\/strong>, al menos en algunos sectores de Santa Rosa. Pero hasta la 1.20 hab\u00eda algunas localidades a\u00fan sin luz.<\/p>\n<p>En la capital provincial, adem\u00e1s de la zona centro, hubo cortes en los barrios Malvinas Argentinas, Obreros de la Construcci\u00f3n, Villa Germinal, Villa Elisa, San Cayetano, Villa Uhalde, Villa Elvina, Zona Norte, Tom\u00e1s Mason, Aeropuerto, Santa Mar\u00eda de La Pampa, Villa Alonso Norte y Centro, Villa Amalia, Villa Sol del Este, Pueblos Originarios, Esperanza y N\u00e9stor Kirchner.<\/p>\n<p>Seg\u00fan pudo constatar Diario Textual, el corte estuvo centrado en la zona de Santa Rosa, Victorica, Castex, Catril\u00f3 y alrededores.<\/p>\n<p>En el barrio santarrose\u00f1o Sur y en Toay no hubo cortes. Tampoco en<strong>\u00a0Pico y Realic\u00f3. A su vez, hubo reportes de cortes en ciertos sectores de General Acha.<\/strong><\/p>\n<p>&nbsp;<\/p>\n<p>&nbsp;<\/p>\n<p>&nbsp;<\/p>\n<p>&nbsp;<\/p>\n<p>&nbsp;<\/p>\n","protected":false},"excerpt":{"rendered":"<p>En la madrugada de este lunes se registr\u00f3 un apag\u00f3n en una buena parte de La Pampa. Afect\u00f3 al\u00a0centro y unos 25 barrios de Santa Rosa\u00a0y otras localidades de la&hellip;<\/p>\n","protected":false},"author":3,"featured_media":5593,"comment_status":"closed","ping_status":"open","sticky":false,"template":"","format":"standard","meta":{"_acf_changed":false,"footnotes":""},"categories":[319,12],"tags":[2024],"class_list":["post-54237","post","type-post","status-publish","format-standard","has-post-thumbnail","hentry","category-a-temporales","category-sociedad","tag-apagon"],"acf":[],"yoast_head":"<!-- This site is optimized with the Yoast SEO plugin v27.5 - https:\/\/yoast.com\/product\/yoast-seo-wordpress\/ -->\n<title>En la madrugada se registr\u00f3 un apag\u00f3n en buena parte de La Pampa<\/title>\n<meta name=\"description\" content=\"En la madrugada de este lunes se registr\u00f3 un apag\u00f3n en una buena parte de La Pampa. Afect\u00f3 al\u00a0centro y unos 25 barrios de Santa Rosa, sectores de Toay y otras localidades de la provincia, como Castex, Bar\u00f3n, Victorica,\u00a0Winifreda, Anguil, Uriburu,\u00a0Lonquimay y\u00a0Catril\u00f3.\" \/>\n<meta name=\"robots\" content=\"index, follow, max-snippet:-1, max-image-preview:large, max-video-preview:-1\" \/>\n<link rel=\"canonical\" href=\"https:\/\/diariotextual.com\/inicio\/index.php\/2019\/07\/01\/hubo-apagon-20-minutos-santa-rosa-pueblos-vecinos\/\" \/>\n<meta property=\"og:locale\" content=\"es_ES\" \/>\n<meta property=\"og:type\" content=\"article\" \/>\n<meta property=\"og:title\" content=\"En la madrugada se registr\u00f3 un apag\u00f3n en buena parte de La Pampa\" \/>\n<meta property=\"og:description\" content=\"En la madrugada de este lunes se registr\u00f3 un apag\u00f3n en una buena parte de La Pampa. Afect\u00f3 al\u00a0centro y unos 25 barrios de Santa Rosa, sectores de Toay y otras localidades de la provincia, como Castex, Bar\u00f3n, Victorica,\u00a0Winifreda, Anguil, Uriburu,\u00a0Lonquimay y\u00a0Catril\u00f3.\" \/>\n<meta property=\"og:url\" content=\"https:\/\/diariotextual.com\/inicio\/index.php\/2019\/07\/01\/hubo-apagon-20-minutos-santa-rosa-pueblos-vecinos\/\" \/>\n<meta property=\"og:site_name\" content=\"Diario Textual\" \/>\n<meta property=\"article:publisher\" content=\"https:\/\/www.facebook.com\/eltextual\" \/>\n<meta property=\"article:published_time\" content=\"2019-07-01T04:12:21+00:00\" \/>\n<meta property=\"article:modified_time\" content=\"2019-07-01T12:24:34+00:00\" \/>\n<meta property=\"og:image\" content=\"https:\/\/diariotextual.com\/inicio\/wp-content\/uploads\/2018\/04\/apagonvelas.jpg\" \/>\n\t<meta property=\"og:image:width\" content=\"645\" \/>\n\t<meta property=\"og:image:height\" content=\"429\" \/>\n\t<meta property=\"og:image:type\" content=\"image\/jpeg\" \/>\n<meta name=\"author\" content=\"Diario1 Diario1\" \/>\n<meta name=\"twitter:card\" content=\"summary_large_image\" \/>\n<meta name=\"twitter:creator\" content=\"@eltextual\" \/>\n<meta name=\"twitter:site\" content=\"@eltextual\" \/>\n<meta name=\"twitter:label1\" content=\"Escrito por\" \/>\n\t<meta name=\"twitter:data1\" content=\"Diario1 Diario1\" \/>\n\t<meta name=\"twitter:label2\" content=\"Tiempo de lectura\" \/>\n\t<meta name=\"twitter:data2\" content=\"1 minuto\" \/>\n<script type=\"application\/ld+json\" class=\"yoast-schema-graph\">{\"@context\":\"https:\\\/\\\/schema.org\",\"@graph\":[{\"@type\":\"Article\",\"@id\":\"https:\\\/\\\/diariotextual.com\\\/inicio\\\/index.php\\\/2019\\\/07\\\/01\\\/hubo-apagon-20-minutos-santa-rosa-pueblos-vecinos\\\/#article\",\"isPartOf\":{\"@id\":\"https:\\\/\\\/diariotextual.com\\\/inicio\\\/index.php\\\/2019\\\/07\\\/01\\\/hubo-apagon-20-minutos-santa-rosa-pueblos-vecinos\\\/\"},\"author\":{\"name\":\"Diario1 Diario1\",\"@id\":\"https:\\\/\\\/diariotextual.com\\\/inicio\\\/#\\\/schema\\\/person\\\/418fc4093c33e86ed41562db3508f958\"},\"headline\":\"En la madrugada se registr\u00f3 un apag\u00f3n en buena parte de La Pampa\",\"datePublished\":\"2019-07-01T04:12:21+00:00\",\"dateModified\":\"2019-07-01T12:24:34+00:00\",\"mainEntityOfPage\":{\"@id\":\"https:\\\/\\\/diariotextual.com\\\/inicio\\\/index.php\\\/2019\\\/07\\\/01\\\/hubo-apagon-20-minutos-santa-rosa-pueblos-vecinos\\\/\"},\"wordCount\":311,\"publisher\":{\"@id\":\"https:\\\/\\\/diariotextual.com\\\/inicio\\\/#organization\"},\"image\":{\"@id\":\"https:\\\/\\\/diariotextual.com\\\/inicio\\\/index.php\\\/2019\\\/07\\\/01\\\/hubo-apagon-20-minutos-santa-rosa-pueblos-vecinos\\\/#primaryimage\"},\"thumbnailUrl\":\"https:\\\/\\\/diariotextual.com\\\/inicio\\\/wp-content\\\/uploads\\\/2018\\\/04\\\/apagonvelas.jpg\",\"keywords\":[\"apagon\"],\"articleSection\":[\"A - TEMPORALES\",\"SOCIEDAD\"],\"inLanguage\":\"es\"},{\"@type\":\"WebPage\",\"@id\":\"https:\\\/\\\/diariotextual.com\\\/inicio\\\/index.php\\\/2019\\\/07\\\/01\\\/hubo-apagon-20-minutos-santa-rosa-pueblos-vecinos\\\/\",\"url\":\"https:\\\/\\\/diariotextual.com\\\/inicio\\\/index.php\\\/2019\\\/07\\\/01\\\/hubo-apagon-20-minutos-santa-rosa-pueblos-vecinos\\\/\",\"name\":\"En la madrugada se registr\u00f3 un apag\u00f3n en buena parte de La Pampa\",\"isPartOf\":{\"@id\":\"https:\\\/\\\/diariotextual.com\\\/inicio\\\/#website\"},\"primaryImageOfPage\":{\"@id\":\"https:\\\/\\\/diariotextual.com\\\/inicio\\\/index.php\\\/2019\\\/07\\\/01\\\/hubo-apagon-20-minutos-santa-rosa-pueblos-vecinos\\\/#primaryimage\"},\"image\":{\"@id\":\"https:\\\/\\\/diariotextual.com\\\/inicio\\\/index.php\\\/2019\\\/07\\\/01\\\/hubo-apagon-20-minutos-santa-rosa-pueblos-vecinos\\\/#primaryimage\"},\"thumbnailUrl\":\"https:\\\/\\\/diariotextual.com\\\/inicio\\\/wp-content\\\/uploads\\\/2018\\\/04\\\/apagonvelas.jpg\",\"datePublished\":\"2019-07-01T04:12:21+00:00\",\"dateModified\":\"2019-07-01T12:24:34+00:00\",\"description\":\"En la madrugada de este lunes se registr\u00f3 un apag\u00f3n en una buena parte de La Pampa. Afect\u00f3 al\u00a0centro y unos 25 barrios de Santa Rosa, sectores de Toay y otras localidades de la provincia, como Castex, Bar\u00f3n, Victorica,\u00a0Winifreda, Anguil, Uriburu,\u00a0Lonquimay y\u00a0Catril\u00f3.\",\"breadcrumb\":{\"@id\":\"https:\\\/\\\/diariotextual.com\\\/inicio\\\/index.php\\\/2019\\\/07\\\/01\\\/hubo-apagon-20-minutos-santa-rosa-pueblos-vecinos\\\/#breadcrumb\"},\"inLanguage\":\"es\",\"potentialAction\":[{\"@type\":\"ReadAction\",\"target\":[\"https:\\\/\\\/diariotextual.com\\\/inicio\\\/index.php\\\/2019\\\/07\\\/01\\\/hubo-apagon-20-minutos-santa-rosa-pueblos-vecinos\\\/\"]}]},{\"@type\":\"ImageObject\",\"inLanguage\":\"es\",\"@id\":\"https:\\\/\\\/diariotextual.com\\\/inicio\\\/index.php\\\/2019\\\/07\\\/01\\\/hubo-apagon-20-minutos-santa-rosa-pueblos-vecinos\\\/#primaryimage\",\"url\":\"https:\\\/\\\/diariotextual.com\\\/inicio\\\/wp-content\\\/uploads\\\/2018\\\/04\\\/apagonvelas.jpg\",\"contentUrl\":\"https:\\\/\\\/diariotextual.com\\\/inicio\\\/wp-content\\\/uploads\\\/2018\\\/04\\\/apagonvelas.jpg\",\"width\":645,\"height\":429},{\"@type\":\"BreadcrumbList\",\"@id\":\"https:\\\/\\\/diariotextual.com\\\/inicio\\\/index.php\\\/2019\\\/07\\\/01\\\/hubo-apagon-20-minutos-santa-rosa-pueblos-vecinos\\\/#breadcrumb\",\"itemListElement\":[{\"@type\":\"ListItem\",\"position\":1,\"name\":\"Portada\",\"item\":\"https:\\\/\\\/diariotextual.com\\\/inicio\\\/\"},{\"@type\":\"ListItem\",\"position\":2,\"name\":\"En la madrugada se registr\u00f3 un apag\u00f3n en buena parte de La Pampa\"}]},{\"@type\":\"WebSite\",\"@id\":\"https:\\\/\\\/diariotextual.com\\\/inicio\\\/#website\",\"url\":\"https:\\\/\\\/diariotextual.com\\\/inicio\\\/\",\"name\":\"Diario Textual\",\"description\":\"\",\"publisher\":{\"@id\":\"https:\\\/\\\/diariotextual.com\\\/inicio\\\/#organization\"},\"potentialAction\":[{\"@type\":\"SearchAction\",\"target\":{\"@type\":\"EntryPoint\",\"urlTemplate\":\"https:\\\/\\\/diariotextual.com\\\/inicio\\\/?s={search_term_string}\"},\"query-input\":{\"@type\":\"PropertyValueSpecification\",\"valueRequired\":true,\"valueName\":\"search_term_string\"}}],\"inLanguage\":\"es\"},{\"@type\":\"Organization\",\"@id\":\"https:\\\/\\\/diariotextual.com\\\/inicio\\\/#organization\",\"name\":\"Diario Textual\",\"url\":\"https:\\\/\\\/diariotextual.com\\\/inicio\\\/\",\"logo\":{\"@type\":\"ImageObject\",\"inLanguage\":\"es\",\"@id\":\"https:\\\/\\\/diariotextual.com\\\/inicio\\\/#\\\/schema\\\/logo\\\/image\\\/\",\"url\":\"https:\\\/\\\/diariotextual.com\\\/inicio\\\/wp-content\\\/uploads\\\/2023\\\/05\\\/logotextual1.jpg\",\"contentUrl\":\"https:\\\/\\\/diariotextual.com\\\/inicio\\\/wp-content\\\/uploads\\\/2023\\\/05\\\/logotextual1.jpg\",\"width\":516,\"height\":76,\"caption\":\"Diario Textual\"},\"image\":{\"@id\":\"https:\\\/\\\/diariotextual.com\\\/inicio\\\/#\\\/schema\\\/logo\\\/image\\\/\"},\"sameAs\":[\"https:\\\/\\\/www.facebook.com\\\/eltextual\",\"https:\\\/\\\/x.com\\\/eltextual\",\"http:\\\/\\\/www.instagram.com\\\/eltextual\"]},{\"@type\":\"Person\",\"@id\":\"https:\\\/\\\/diariotextual.com\\\/inicio\\\/#\\\/schema\\\/person\\\/418fc4093c33e86ed41562db3508f958\",\"name\":\"Diario1 Diario1\",\"image\":{\"@type\":\"ImageObject\",\"inLanguage\":\"es\",\"@id\":\"https:\\\/\\\/secure.gravatar.com\\\/avatar\\\/9167d280179c85bc18be67aa7eda765854300033af4896dd779b608640f2ef7a?s=96&d=mm&r=g\",\"url\":\"https:\\\/\\\/secure.gravatar.com\\\/avatar\\\/9167d280179c85bc18be67aa7eda765854300033af4896dd779b608640f2ef7a?s=96&d=mm&r=g\",\"contentUrl\":\"https:\\\/\\\/secure.gravatar.com\\\/avatar\\\/9167d280179c85bc18be67aa7eda765854300033af4896dd779b608640f2ef7a?s=96&d=mm&r=g\",\"caption\":\"Diario1 Diario1\"},\"url\":\"https:\\\/\\\/diariotextual.com\\\/inicio\\\/index.php\\\/author\\\/diario1\\\/\"}]}<\/script>\n<!-- \/ Yoast SEO plugin. -->","yoast_head_json":{"title":"En la madrugada se registr\u00f3 un apag\u00f3n en buena parte de La Pampa","description":"En la madrugada de este lunes se registr\u00f3 un apag\u00f3n en una buena parte de La Pampa. Afect\u00f3 al\u00a0centro y unos 25 barrios de Santa Rosa, sectores de Toay y otras localidades de la provincia, como Castex, Bar\u00f3n, Victorica,\u00a0Winifreda, Anguil, Uriburu,\u00a0Lonquimay y\u00a0Catril\u00f3.","robots":{"index":"index","follow":"follow","max-snippet":"max-snippet:-1","max-image-preview":"max-image-preview:large","max-video-preview":"max-video-preview:-1"},"canonical":"https:\/\/diariotextual.com\/inicio\/index.php\/2019\/07\/01\/hubo-apagon-20-minutos-santa-rosa-pueblos-vecinos\/","og_locale":"es_ES","og_type":"article","og_title":"En la madrugada se registr\u00f3 un apag\u00f3n en buena parte de La Pampa","og_description":"En la madrugada de este lunes se registr\u00f3 un apag\u00f3n en una buena parte de La Pampa. Afect\u00f3 al\u00a0centro y unos 25 barrios de Santa Rosa, sectores de Toay y otras localidades de la provincia, como Castex, Bar\u00f3n, Victorica,\u00a0Winifreda, Anguil, Uriburu,\u00a0Lonquimay y\u00a0Catril\u00f3.","og_url":"https:\/\/diariotextual.com\/inicio\/index.php\/2019\/07\/01\/hubo-apagon-20-minutos-santa-rosa-pueblos-vecinos\/","og_site_name":"Diario Textual","article_publisher":"https:\/\/www.facebook.com\/eltextual","article_published_time":"2019-07-01T04:12:21+00:00","article_modified_time":"2019-07-01T12:24:34+00:00","og_image":[{"width":645,"height":429,"url":"https:\/\/diariotextual.com\/inicio\/wp-content\/uploads\/2018\/04\/apagonvelas.jpg","type":"image\/jpeg"}],"author":"Diario1 Diario1","twitter_card":"summary_large_image","twitter_creator":"@eltextual","twitter_site":"@eltextual","twitter_misc":{"Escrito por":"Diario1 Diario1","Tiempo de lectura":"1 minuto"},"schema":{"@context":"https:\/\/schema.org","@graph":[{"@type":"Article","@id":"https:\/\/diariotextual.com\/inicio\/index.php\/2019\/07\/01\/hubo-apagon-20-minutos-santa-rosa-pueblos-vecinos\/#article","isPartOf":{"@id":"https:\/\/diariotextual.com\/inicio\/index.php\/2019\/07\/01\/hubo-apagon-20-minutos-santa-rosa-pueblos-vecinos\/"},"author":{"name":"Diario1 Diario1","@id":"https:\/\/diariotextual.com\/inicio\/#\/schema\/person\/418fc4093c33e86ed41562db3508f958"},"headline":"En la madrugada se registr\u00f3 un apag\u00f3n en buena parte de La Pampa","datePublished":"2019-07-01T04:12:21+00:00","dateModified":"2019-07-01T12:24:34+00:00","mainEntityOfPage":{"@id":"https:\/\/diariotextual.com\/inicio\/index.php\/2019\/07\/01\/hubo-apagon-20-minutos-santa-rosa-pueblos-vecinos\/"},"wordCount":311,"publisher":{"@id":"https:\/\/diariotextual.com\/inicio\/#organization"},"image":{"@id":"https:\/\/diariotextual.com\/inicio\/index.php\/2019\/07\/01\/hubo-apagon-20-minutos-santa-rosa-pueblos-vecinos\/#primaryimage"},"thumbnailUrl":"https:\/\/diariotextual.com\/inicio\/wp-content\/uploads\/2018\/04\/apagonvelas.jpg","keywords":["apagon"],"articleSection":["A - TEMPORALES","SOCIEDAD"],"inLanguage":"es"},{"@type":"WebPage","@id":"https:\/\/diariotextual.com\/inicio\/index.php\/2019\/07\/01\/hubo-apagon-20-minutos-santa-rosa-pueblos-vecinos\/","url":"https:\/\/diariotextual.com\/inicio\/index.php\/2019\/07\/01\/hubo-apagon-20-minutos-santa-rosa-pueblos-vecinos\/","name":"En la madrugada se registr\u00f3 un apag\u00f3n en buena parte de La Pampa","isPartOf":{"@id":"https:\/\/diariotextual.com\/inicio\/#website"},"primaryImageOfPage":{"@id":"https:\/\/diariotextual.com\/inicio\/index.php\/2019\/07\/01\/hubo-apagon-20-minutos-santa-rosa-pueblos-vecinos\/#primaryimage"},"image":{"@id":"https:\/\/diariotextual.com\/inicio\/index.php\/2019\/07\/01\/hubo-apagon-20-minutos-santa-rosa-pueblos-vecinos\/#primaryimage"},"thumbnailUrl":"https:\/\/diariotextual.com\/inicio\/wp-content\/uploads\/2018\/04\/apagonvelas.jpg","datePublished":"2019-07-01T04:12:21+00:00","dateModified":"2019-07-01T12:24:34+00:00","description":"En la madrugada de este lunes se registr\u00f3 un apag\u00f3n en una buena parte de La Pampa. Afect\u00f3 al\u00a0centro y unos 25 barrios de Santa Rosa, sectores de Toay y otras localidades de la provincia, como Castex, Bar\u00f3n, Victorica,\u00a0Winifreda, Anguil, Uriburu,\u00a0Lonquimay y\u00a0Catril\u00f3.","breadcrumb":{"@id":"https:\/\/diariotextual.com\/inicio\/index.php\/2019\/07\/01\/hubo-apagon-20-minutos-santa-rosa-pueblos-vecinos\/#breadcrumb"},"inLanguage":"es","potentialAction":[{"@type":"ReadAction","target":["https:\/\/diariotextual.com\/inicio\/index.php\/2019\/07\/01\/hubo-apagon-20-minutos-santa-rosa-pueblos-vecinos\/"]}]},{"@type":"ImageObject","inLanguage":"es","@id":"https:\/\/diariotextual.com\/inicio\/index.php\/2019\/07\/01\/hubo-apagon-20-minutos-santa-rosa-pueblos-vecinos\/#primaryimage","url":"https:\/\/diariotextual.com\/inicio\/wp-content\/uploads\/2018\/04\/apagonvelas.jpg","contentUrl":"https:\/\/diariotextual.com\/inicio\/wp-content\/uploads\/2018\/04\/apagonvelas.jpg","width":645,"height":429},{"@type":"BreadcrumbList","@id":"https:\/\/diariotextual.com\/inicio\/index.php\/2019\/07\/01\/hubo-apagon-20-minutos-santa-rosa-pueblos-vecinos\/#breadcrumb","itemListElement":[{"@type":"ListItem","position":1,"name":"Portada","item":"https:\/\/diariotextual.com\/inicio\/"},{"@type":"ListItem","position":2,"name":"En la madrugada se registr\u00f3 un apag\u00f3n en buena parte de La Pampa"}]},{"@type":"WebSite","@id":"https:\/\/diariotextual.com\/inicio\/#website","url":"https:\/\/diariotextual.com\/inicio\/","name":"Diario Textual","description":"","publisher":{"@id":"https:\/\/diariotextual.com\/inicio\/#organization"},"potentialAction":[{"@type":"SearchAction","target":{"@type":"EntryPoint","urlTemplate":"https:\/\/diariotextual.com\/inicio\/?s={search_term_string}"},"query-input":{"@type":"PropertyValueSpecification","valueRequired":true,"valueName":"search_term_string"}}],"inLanguage":"es"},{"@type":"Organization","@id":"https:\/\/diariotextual.com\/inicio\/#organization","name":"Diario Textual","url":"https:\/\/diariotextual.com\/inicio\/","logo":{"@type":"ImageObject","inLanguage":"es","@id":"https:\/\/diariotextual.com\/inicio\/#\/schema\/logo\/image\/","url":"https:\/\/diariotextual.com\/inicio\/wp-content\/uploads\/2023\/05\/logotextual1.jpg","contentUrl":"https:\/\/diariotextual.com\/inicio\/wp-content\/uploads\/2023\/05\/logotextual1.jpg","width":516,"height":76,"caption":"Diario Textual"},"image":{"@id":"https:\/\/diariotextual.com\/inicio\/#\/schema\/logo\/image\/"},"sameAs":["https:\/\/www.facebook.com\/eltextual","https:\/\/x.com\/eltextual","http:\/\/www.instagram.com\/eltextual"]},{"@type":"Person","@id":"https:\/\/diariotextual.com\/inicio\/#\/schema\/person\/418fc4093c33e86ed41562db3508f958","name":"Diario1 Diario1","image":{"@type":"ImageObject","inLanguage":"es","@id":"https:\/\/secure.gravatar.com\/avatar\/9167d280179c85bc18be67aa7eda765854300033af4896dd779b608640f2ef7a?s=96&d=mm&r=g","url":"https:\/\/secure.gravatar.com\/avatar\/9167d280179c85bc18be67aa7eda765854300033af4896dd779b608640f2ef7a?s=96&d=mm&r=g","contentUrl":"https:\/\/secure.gravatar.com\/avatar\/9167d280179c85bc18be67aa7eda765854300033af4896dd779b608640f2ef7a?s=96&d=mm&r=g","caption":"Diario1 Diario1"},"url":"https:\/\/diariotextual.com\/inicio\/index.php\/author\/diario1\/"}]}},"_links":{"self":[{"href":"https:\/\/diariotextual.com\/inicio\/index.php\/wp-json\/wp\/v2\/posts\/54237","targetHints":{"allow":["GET"]}}],"collection":[{"href":"https:\/\/diariotextual.com\/inicio\/index.php\/wp-json\/wp\/v2\/posts"}],"about":[{"href":"https:\/\/diariotextual.com\/inicio\/index.php\/wp-json\/wp\/v2\/types\/post"}],"author":[{"embeddable":true,"href":"https:\/\/diariotextual.com\/inicio\/index.php\/wp-json\/wp\/v2\/users\/3"}],"replies":[{"embeddable":true,"href":"https:\/\/diariotextual.com\/inicio\/index.php\/wp-json\/wp\/v2\/comments?post=54237"}],"version-history":[{"count":16,"href":"https:\/\/diariotextual.com\/inicio\/index.php\/wp-json\/wp\/v2\/posts\/54237\/revisions"}],"predecessor-version":[{"id":54287,"href":"https:\/\/diariotextual.com\/inicio\/index.php\/wp-json\/wp\/v2\/posts\/54237\/revisions\/54287"}],"wp:featuredmedia":[{"embeddable":true,"href":"https:\/\/diariotextual.com\/inicio\/index.php\/wp-json\/wp\/v2\/media\/5593"}],"wp:attachment":[{"href":"https:\/\/diariotextual.com\/inicio\/index.php\/wp-json\/wp\/v2\/media?parent=54237"}],"wp:term":[{"taxonomy":"category","embeddable":true,"href":"https:\/\/diariotextual.com\/inicio\/index.php\/wp-json\/wp\/v2\/categories?post=54237"},{"taxonomy":"post_tag","embeddable":true,"href":"https:\/\/diariotextual.com\/inicio\/index.php\/wp-json\/wp\/v2\/tags?post=54237"}],"curies":[{"name":"wp","href":"https:\/\/api.w.org\/{rel}","templated":true}]}}