{"id":54253,"date":"2019-07-01T02:09:47","date_gmt":"2019-07-01T05:09:47","guid":{"rendered":"http:\/\/diariotextual.com\/inicio\/?p=54253"},"modified":"2019-07-01T10:08:00","modified_gmt":"2019-07-01T13:08:00","slug":"cerro-una-rotiseria-santa-rosa-culpo-la-macricrisis","status":"publish","type":"post","link":"https:\/\/diariotextual.com\/inicio\/index.php\/2019\/07\/01\/cerro-una-rotiseria-santa-rosa-culpo-la-macricrisis\/","title":{"rendered":"Cerr\u00f3 una rotiser\u00eda de Santa Rosa y culp\u00f3 a la \u00abMacricrisis\u00bb"},"content":{"rendered":"<p><strong>\u00abCerrado por Macricrisis\u00bb<\/strong>. As\u00ed reza el cartel que colocaron los propietarios de la rotiser\u00eda<strong> Telteca<\/strong>, que decidi\u00f3 bajar las persianas luego de 10 a\u00f1os de funcionando en la avenida Per\u00f3n, en <strong>Santa Rosa<\/strong>.<\/p>\n<p>Telteca es uno de los cientos de comercios afectados por las pol\u00edticas econ\u00f3micas de Casa Rosada. Sus due\u00f1os,\u00a0adem\u00e1s de cocinar y vender en ese local, ofrec\u00eda quesos, pastas, panes y conservas en distintas ferias que se realizan en la ciudad.<\/p>\n<p>Este domingo anunciaron el cierre de la rotiser\u00eda. \u00abPor razones de crisis econ\u00f3mica hemos decidido cerrar nuestras puertas ya que<strong> lamentablemente a pesar de nuestros esfuerzos por mantener nuestro negocio abierto, no logramos sostenerlo ni siquiera con lo que recaudamos en ferias y en trabajos particulares que venimos haciendo<\/strong> para sortear \u00e9sta mala situaci\u00f3n que nos expone el gobierno de turno, tanto nacional como municipal\u00bb, dijeron.<\/p>\n<p>\u00abLos derechos de los trabajadores cada d\u00eda se ven m\u00e1s precarizados, especialmente de los que intentamos sustentarnos a trav\u00e9s de nuestro propio esfuerzo con nuestras mini pymes\u00bb, dijeron. \u00abA casi 10 a\u00f1os de trabajo dolorosamente cerramos nuestras puertas al p\u00fablico pero seguiremos trabajando en ferias y por pedidos ya que debemos comer y pagar los desmedidos impuestos de hoy d\u00eda para poder seguir viviendo en un pa\u00eds ahora miserable y en una ciudad destruida y plagada de ratas y aguas servidas\u00bb.<\/p>\n<p>\u00abDesde ya agradecemos la confianza depositada en \u00e9stos a\u00f1os y esperamos seguir en contacto y satisfaciendo sus paladares. Buena vida para todas y todos y <strong>esperemos la recuperaci\u00f3n de nuestro bello pa\u00eds y del trabajo digno de su gente<\/strong>\u00ab, finalizaron.<\/p>\n<p>&nbsp;<\/p>\n<p><iframe style=\"border: none; overflow: hidden;\" src=\"https:\/\/www.facebook.com\/plugins\/post.php?href=https%3A%2F%2Fwww.facebook.com%2Fteltecacomidasartesanales%2Fposts%2F2559645977403408&amp;width=500\" width=\"500\" height=\"287\" frameborder=\"0\" scrolling=\"no\"><\/iframe><\/p>\n","protected":false},"excerpt":{"rendered":"<p>\u00abCerrado por Macricrisis\u00bb. As\u00ed reza el cartel que colocaron los propietarios de la rotiser\u00eda Telteca, que decidi\u00f3 bajar las persianas luego de 10 a\u00f1os de funcionando en la avenida Per\u00f3n,&hellip;<\/p>\n","protected":false},"author":3,"featured_media":54256,"comment_status":"closed","ping_status":"open","sticky":false,"template":"","format":"standard","meta":{"_acf_changed":false,"footnotes":""},"categories":[11,319,12],"tags":[2061],"class_list":["post-54253","post","type-post","status-publish","format-standard","has-post-thumbnail","hentry","category-que-pasa","category-a-temporales","category-sociedad","tag-macricrisis"],"acf":[],"yoast_head":"<!-- This site is optimized with the Yoast SEO plugin v27.5 - https:\/\/yoast.com\/product\/yoast-seo-wordpress\/ -->\n<title>Cerr\u00f3 una rotiser\u00eda de Santa Rosa y culp\u00f3 a la &quot;Macricrisis&quot; - Diario Textual<\/title>\n<meta name=\"robots\" content=\"index, follow, max-snippet:-1, max-image-preview:large, max-video-preview:-1\" \/>\n<link rel=\"canonical\" href=\"https:\/\/diariotextual.com\/inicio\/index.php\/2019\/07\/01\/cerro-una-rotiseria-santa-rosa-culpo-la-macricrisis\/\" \/>\n<meta property=\"og:locale\" content=\"es_ES\" \/>\n<meta property=\"og:type\" content=\"article\" \/>\n<meta property=\"og:title\" content=\"Cerr\u00f3 una rotiser\u00eda de Santa Rosa y culp\u00f3 a la &quot;Macricrisis&quot; - Diario Textual\" \/>\n<meta property=\"og:description\" content=\"\u00abCerrado por Macricrisis\u00bb. As\u00ed reza el cartel que colocaron los propietarios de la rotiser\u00eda Telteca, que decidi\u00f3 bajar las persianas luego de 10 a\u00f1os de funcionando en la avenida Per\u00f3n,&hellip;\" \/>\n<meta property=\"og:url\" content=\"https:\/\/diariotextual.com\/inicio\/index.php\/2019\/07\/01\/cerro-una-rotiseria-santa-rosa-culpo-la-macricrisis\/\" \/>\n<meta property=\"og:site_name\" content=\"Diario Textual\" \/>\n<meta property=\"article:publisher\" content=\"https:\/\/www.facebook.com\/eltextual\" \/>\n<meta property=\"article:published_time\" content=\"2019-07-01T05:09:47+00:00\" \/>\n<meta property=\"article:modified_time\" content=\"2019-07-01T13:08:00+00:00\" \/>\n<meta property=\"og:image\" content=\"https:\/\/diariotextual.com\/inicio\/wp-content\/uploads\/2019\/07\/telteca11.jpg\" \/>\n\t<meta property=\"og:image:width\" content=\"955\" \/>\n\t<meta property=\"og:image:height\" content=\"649\" \/>\n\t<meta property=\"og:image:type\" content=\"image\/jpeg\" \/>\n<meta name=\"author\" content=\"Diario1 Diario1\" \/>\n<meta name=\"twitter:card\" content=\"summary_large_image\" \/>\n<meta name=\"twitter:creator\" content=\"@eltextual\" \/>\n<meta name=\"twitter:site\" content=\"@eltextual\" \/>\n<meta name=\"twitter:label1\" content=\"Escrito por\" \/>\n\t<meta name=\"twitter:data1\" content=\"Diario1 Diario1\" \/>\n\t<meta name=\"twitter:label2\" content=\"Tiempo de lectura\" \/>\n\t<meta name=\"twitter:data2\" content=\"1 minuto\" \/>\n<script type=\"application\/ld+json\" class=\"yoast-schema-graph\">{\"@context\":\"https:\\\/\\\/schema.org\",\"@graph\":[{\"@type\":\"Article\",\"@id\":\"https:\\\/\\\/diariotextual.com\\\/inicio\\\/index.php\\\/2019\\\/07\\\/01\\\/cerro-una-rotiseria-santa-rosa-culpo-la-macricrisis\\\/#article\",\"isPartOf\":{\"@id\":\"https:\\\/\\\/diariotextual.com\\\/inicio\\\/index.php\\\/2019\\\/07\\\/01\\\/cerro-una-rotiseria-santa-rosa-culpo-la-macricrisis\\\/\"},\"author\":{\"name\":\"Diario1 Diario1\",\"@id\":\"https:\\\/\\\/diariotextual.com\\\/inicio\\\/#\\\/schema\\\/person\\\/418fc4093c33e86ed41562db3508f958\"},\"headline\":\"Cerr\u00f3 una rotiser\u00eda de Santa Rosa y culp\u00f3 a la \u00abMacricrisis\u00bb\",\"datePublished\":\"2019-07-01T05:09:47+00:00\",\"dateModified\":\"2019-07-01T13:08:00+00:00\",\"mainEntityOfPage\":{\"@id\":\"https:\\\/\\\/diariotextual.com\\\/inicio\\\/index.php\\\/2019\\\/07\\\/01\\\/cerro-una-rotiseria-santa-rosa-culpo-la-macricrisis\\\/\"},\"wordCount\":293,\"publisher\":{\"@id\":\"https:\\\/\\\/diariotextual.com\\\/inicio\\\/#organization\"},\"image\":{\"@id\":\"https:\\\/\\\/diariotextual.com\\\/inicio\\\/index.php\\\/2019\\\/07\\\/01\\\/cerro-una-rotiseria-santa-rosa-culpo-la-macricrisis\\\/#primaryimage\"},\"thumbnailUrl\":\"https:\\\/\\\/diariotextual.com\\\/inicio\\\/wp-content\\\/uploads\\\/2019\\\/07\\\/telteca11.jpg\",\"keywords\":[\"macricrisis\"],\"articleSection\":[\"A - QUE PASA (al costado)\",\"A - TEMPORALES\",\"SOCIEDAD\"],\"inLanguage\":\"es\"},{\"@type\":\"WebPage\",\"@id\":\"https:\\\/\\\/diariotextual.com\\\/inicio\\\/index.php\\\/2019\\\/07\\\/01\\\/cerro-una-rotiseria-santa-rosa-culpo-la-macricrisis\\\/\",\"url\":\"https:\\\/\\\/diariotextual.com\\\/inicio\\\/index.php\\\/2019\\\/07\\\/01\\\/cerro-una-rotiseria-santa-rosa-culpo-la-macricrisis\\\/\",\"name\":\"Cerr\u00f3 una rotiser\u00eda de Santa Rosa y culp\u00f3 a la \\\"Macricrisis\\\" - Diario Textual\",\"isPartOf\":{\"@id\":\"https:\\\/\\\/diariotextual.com\\\/inicio\\\/#website\"},\"primaryImageOfPage\":{\"@id\":\"https:\\\/\\\/diariotextual.com\\\/inicio\\\/index.php\\\/2019\\\/07\\\/01\\\/cerro-una-rotiseria-santa-rosa-culpo-la-macricrisis\\\/#primaryimage\"},\"image\":{\"@id\":\"https:\\\/\\\/diariotextual.com\\\/inicio\\\/index.php\\\/2019\\\/07\\\/01\\\/cerro-una-rotiseria-santa-rosa-culpo-la-macricrisis\\\/#primaryimage\"},\"thumbnailUrl\":\"https:\\\/\\\/diariotextual.com\\\/inicio\\\/wp-content\\\/uploads\\\/2019\\\/07\\\/telteca11.jpg\",\"datePublished\":\"2019-07-01T05:09:47+00:00\",\"dateModified\":\"2019-07-01T13:08:00+00:00\",\"breadcrumb\":{\"@id\":\"https:\\\/\\\/diariotextual.com\\\/inicio\\\/index.php\\\/2019\\\/07\\\/01\\\/cerro-una-rotiseria-santa-rosa-culpo-la-macricrisis\\\/#breadcrumb\"},\"inLanguage\":\"es\",\"potentialAction\":[{\"@type\":\"ReadAction\",\"target\":[\"https:\\\/\\\/diariotextual.com\\\/inicio\\\/index.php\\\/2019\\\/07\\\/01\\\/cerro-una-rotiseria-santa-rosa-culpo-la-macricrisis\\\/\"]}]},{\"@type\":\"ImageObject\",\"inLanguage\":\"es\",\"@id\":\"https:\\\/\\\/diariotextual.com\\\/inicio\\\/index.php\\\/2019\\\/07\\\/01\\\/cerro-una-rotiseria-santa-rosa-culpo-la-macricrisis\\\/#primaryimage\",\"url\":\"https:\\\/\\\/diariotextual.com\\\/inicio\\\/wp-content\\\/uploads\\\/2019\\\/07\\\/telteca11.jpg\",\"contentUrl\":\"https:\\\/\\\/diariotextual.com\\\/inicio\\\/wp-content\\\/uploads\\\/2019\\\/07\\\/telteca11.jpg\",\"width\":955,\"height\":649},{\"@type\":\"BreadcrumbList\",\"@id\":\"https:\\\/\\\/diariotextual.com\\\/inicio\\\/index.php\\\/2019\\\/07\\\/01\\\/cerro-una-rotiseria-santa-rosa-culpo-la-macricrisis\\\/#breadcrumb\",\"itemListElement\":[{\"@type\":\"ListItem\",\"position\":1,\"name\":\"Portada\",\"item\":\"https:\\\/\\\/diariotextual.com\\\/inicio\\\/\"},{\"@type\":\"ListItem\",\"position\":2,\"name\":\"Cerr\u00f3 una rotiser\u00eda de Santa Rosa y culp\u00f3 a la \u00abMacricrisis\u00bb\"}]},{\"@type\":\"WebSite\",\"@id\":\"https:\\\/\\\/diariotextual.com\\\/inicio\\\/#website\",\"url\":\"https:\\\/\\\/diariotextual.com\\\/inicio\\\/\",\"name\":\"Diario Textual\",\"description\":\"\",\"publisher\":{\"@id\":\"https:\\\/\\\/diariotextual.com\\\/inicio\\\/#organization\"},\"potentialAction\":[{\"@type\":\"SearchAction\",\"target\":{\"@type\":\"EntryPoint\",\"urlTemplate\":\"https:\\\/\\\/diariotextual.com\\\/inicio\\\/?s={search_term_string}\"},\"query-input\":{\"@type\":\"PropertyValueSpecification\",\"valueRequired\":true,\"valueName\":\"search_term_string\"}}],\"inLanguage\":\"es\"},{\"@type\":\"Organization\",\"@id\":\"https:\\\/\\\/diariotextual.com\\\/inicio\\\/#organization\",\"name\":\"Diario Textual\",\"url\":\"https:\\\/\\\/diariotextual.com\\\/inicio\\\/\",\"logo\":{\"@type\":\"ImageObject\",\"inLanguage\":\"es\",\"@id\":\"https:\\\/\\\/diariotextual.com\\\/inicio\\\/#\\\/schema\\\/logo\\\/image\\\/\",\"url\":\"https:\\\/\\\/diariotextual.com\\\/inicio\\\/wp-content\\\/uploads\\\/2023\\\/05\\\/logotextual1.jpg\",\"contentUrl\":\"https:\\\/\\\/diariotextual.com\\\/inicio\\\/wp-content\\\/uploads\\\/2023\\\/05\\\/logotextual1.jpg\",\"width\":516,\"height\":76,\"caption\":\"Diario Textual\"},\"image\":{\"@id\":\"https:\\\/\\\/diariotextual.com\\\/inicio\\\/#\\\/schema\\\/logo\\\/image\\\/\"},\"sameAs\":[\"https:\\\/\\\/www.facebook.com\\\/eltextual\",\"https:\\\/\\\/x.com\\\/eltextual\",\"http:\\\/\\\/www.instagram.com\\\/eltextual\"]},{\"@type\":\"Person\",\"@id\":\"https:\\\/\\\/diariotextual.com\\\/inicio\\\/#\\\/schema\\\/person\\\/418fc4093c33e86ed41562db3508f958\",\"name\":\"Diario1 Diario1\",\"image\":{\"@type\":\"ImageObject\",\"inLanguage\":\"es\",\"@id\":\"https:\\\/\\\/secure.gravatar.com\\\/avatar\\\/9167d280179c85bc18be67aa7eda765854300033af4896dd779b608640f2ef7a?s=96&d=mm&r=g\",\"url\":\"https:\\\/\\\/secure.gravatar.com\\\/avatar\\\/9167d280179c85bc18be67aa7eda765854300033af4896dd779b608640f2ef7a?s=96&d=mm&r=g\",\"contentUrl\":\"https:\\\/\\\/secure.gravatar.com\\\/avatar\\\/9167d280179c85bc18be67aa7eda765854300033af4896dd779b608640f2ef7a?s=96&d=mm&r=g\",\"caption\":\"Diario1 Diario1\"},\"url\":\"https:\\\/\\\/diariotextual.com\\\/inicio\\\/index.php\\\/author\\\/diario1\\\/\"}]}<\/script>\n<!-- \/ Yoast SEO plugin. -->","yoast_head_json":{"title":"Cerr\u00f3 una rotiser\u00eda de Santa Rosa y culp\u00f3 a la \"Macricrisis\" - Diario Textual","robots":{"index":"index","follow":"follow","max-snippet":"max-snippet:-1","max-image-preview":"max-image-preview:large","max-video-preview":"max-video-preview:-1"},"canonical":"https:\/\/diariotextual.com\/inicio\/index.php\/2019\/07\/01\/cerro-una-rotiseria-santa-rosa-culpo-la-macricrisis\/","og_locale":"es_ES","og_type":"article","og_title":"Cerr\u00f3 una rotiser\u00eda de Santa Rosa y culp\u00f3 a la \"Macricrisis\" - Diario Textual","og_description":"\u00abCerrado por Macricrisis\u00bb. As\u00ed reza el cartel que colocaron los propietarios de la rotiser\u00eda Telteca, que decidi\u00f3 bajar las persianas luego de 10 a\u00f1os de funcionando en la avenida Per\u00f3n,&hellip;","og_url":"https:\/\/diariotextual.com\/inicio\/index.php\/2019\/07\/01\/cerro-una-rotiseria-santa-rosa-culpo-la-macricrisis\/","og_site_name":"Diario Textual","article_publisher":"https:\/\/www.facebook.com\/eltextual","article_published_time":"2019-07-01T05:09:47+00:00","article_modified_time":"2019-07-01T13:08:00+00:00","og_image":[{"width":955,"height":649,"url":"https:\/\/diariotextual.com\/inicio\/wp-content\/uploads\/2019\/07\/telteca11.jpg","type":"image\/jpeg"}],"author":"Diario1 Diario1","twitter_card":"summary_large_image","twitter_creator":"@eltextual","twitter_site":"@eltextual","twitter_misc":{"Escrito por":"Diario1 Diario1","Tiempo de lectura":"1 minuto"},"schema":{"@context":"https:\/\/schema.org","@graph":[{"@type":"Article","@id":"https:\/\/diariotextual.com\/inicio\/index.php\/2019\/07\/01\/cerro-una-rotiseria-santa-rosa-culpo-la-macricrisis\/#article","isPartOf":{"@id":"https:\/\/diariotextual.com\/inicio\/index.php\/2019\/07\/01\/cerro-una-rotiseria-santa-rosa-culpo-la-macricrisis\/"},"author":{"name":"Diario1 Diario1","@id":"https:\/\/diariotextual.com\/inicio\/#\/schema\/person\/418fc4093c33e86ed41562db3508f958"},"headline":"Cerr\u00f3 una rotiser\u00eda de Santa Rosa y culp\u00f3 a la \u00abMacricrisis\u00bb","datePublished":"2019-07-01T05:09:47+00:00","dateModified":"2019-07-01T13:08:00+00:00","mainEntityOfPage":{"@id":"https:\/\/diariotextual.com\/inicio\/index.php\/2019\/07\/01\/cerro-una-rotiseria-santa-rosa-culpo-la-macricrisis\/"},"wordCount":293,"publisher":{"@id":"https:\/\/diariotextual.com\/inicio\/#organization"},"image":{"@id":"https:\/\/diariotextual.com\/inicio\/index.php\/2019\/07\/01\/cerro-una-rotiseria-santa-rosa-culpo-la-macricrisis\/#primaryimage"},"thumbnailUrl":"https:\/\/diariotextual.com\/inicio\/wp-content\/uploads\/2019\/07\/telteca11.jpg","keywords":["macricrisis"],"articleSection":["A - QUE PASA (al costado)","A - TEMPORALES","SOCIEDAD"],"inLanguage":"es"},{"@type":"WebPage","@id":"https:\/\/diariotextual.com\/inicio\/index.php\/2019\/07\/01\/cerro-una-rotiseria-santa-rosa-culpo-la-macricrisis\/","url":"https:\/\/diariotextual.com\/inicio\/index.php\/2019\/07\/01\/cerro-una-rotiseria-santa-rosa-culpo-la-macricrisis\/","name":"Cerr\u00f3 una rotiser\u00eda de Santa Rosa y culp\u00f3 a la \"Macricrisis\" - Diario Textual","isPartOf":{"@id":"https:\/\/diariotextual.com\/inicio\/#website"},"primaryImageOfPage":{"@id":"https:\/\/diariotextual.com\/inicio\/index.php\/2019\/07\/01\/cerro-una-rotiseria-santa-rosa-culpo-la-macricrisis\/#primaryimage"},"image":{"@id":"https:\/\/diariotextual.com\/inicio\/index.php\/2019\/07\/01\/cerro-una-rotiseria-santa-rosa-culpo-la-macricrisis\/#primaryimage"},"thumbnailUrl":"https:\/\/diariotextual.com\/inicio\/wp-content\/uploads\/2019\/07\/telteca11.jpg","datePublished":"2019-07-01T05:09:47+00:00","dateModified":"2019-07-01T13:08:00+00:00","breadcrumb":{"@id":"https:\/\/diariotextual.com\/inicio\/index.php\/2019\/07\/01\/cerro-una-rotiseria-santa-rosa-culpo-la-macricrisis\/#breadcrumb"},"inLanguage":"es","potentialAction":[{"@type":"ReadAction","target":["https:\/\/diariotextual.com\/inicio\/index.php\/2019\/07\/01\/cerro-una-rotiseria-santa-rosa-culpo-la-macricrisis\/"]}]},{"@type":"ImageObject","inLanguage":"es","@id":"https:\/\/diariotextual.com\/inicio\/index.php\/2019\/07\/01\/cerro-una-rotiseria-santa-rosa-culpo-la-macricrisis\/#primaryimage","url":"https:\/\/diariotextual.com\/inicio\/wp-content\/uploads\/2019\/07\/telteca11.jpg","contentUrl":"https:\/\/diariotextual.com\/inicio\/wp-content\/uploads\/2019\/07\/telteca11.jpg","width":955,"height":649},{"@type":"BreadcrumbList","@id":"https:\/\/diariotextual.com\/inicio\/index.php\/2019\/07\/01\/cerro-una-rotiseria-santa-rosa-culpo-la-macricrisis\/#breadcrumb","itemListElement":[{"@type":"ListItem","position":1,"name":"Portada","item":"https:\/\/diariotextual.com\/inicio\/"},{"@type":"ListItem","position":2,"name":"Cerr\u00f3 una rotiser\u00eda de Santa Rosa y culp\u00f3 a la \u00abMacricrisis\u00bb"}]},{"@type":"WebSite","@id":"https:\/\/diariotextual.com\/inicio\/#website","url":"https:\/\/diariotextual.com\/inicio\/","name":"Diario Textual","description":"","publisher":{"@id":"https:\/\/diariotextual.com\/inicio\/#organization"},"potentialAction":[{"@type":"SearchAction","target":{"@type":"EntryPoint","urlTemplate":"https:\/\/diariotextual.com\/inicio\/?s={search_term_string}"},"query-input":{"@type":"PropertyValueSpecification","valueRequired":true,"valueName":"search_term_string"}}],"inLanguage":"es"},{"@type":"Organization","@id":"https:\/\/diariotextual.com\/inicio\/#organization","name":"Diario Textual","url":"https:\/\/diariotextual.com\/inicio\/","logo":{"@type":"ImageObject","inLanguage":"es","@id":"https:\/\/diariotextual.com\/inicio\/#\/schema\/logo\/image\/","url":"https:\/\/diariotextual.com\/inicio\/wp-content\/uploads\/2023\/05\/logotextual1.jpg","contentUrl":"https:\/\/diariotextual.com\/inicio\/wp-content\/uploads\/2023\/05\/logotextual1.jpg","width":516,"height":76,"caption":"Diario Textual"},"image":{"@id":"https:\/\/diariotextual.com\/inicio\/#\/schema\/logo\/image\/"},"sameAs":["https:\/\/www.facebook.com\/eltextual","https:\/\/x.com\/eltextual","http:\/\/www.instagram.com\/eltextual"]},{"@type":"Person","@id":"https:\/\/diariotextual.com\/inicio\/#\/schema\/person\/418fc4093c33e86ed41562db3508f958","name":"Diario1 Diario1","image":{"@type":"ImageObject","inLanguage":"es","@id":"https:\/\/secure.gravatar.com\/avatar\/9167d280179c85bc18be67aa7eda765854300033af4896dd779b608640f2ef7a?s=96&d=mm&r=g","url":"https:\/\/secure.gravatar.com\/avatar\/9167d280179c85bc18be67aa7eda765854300033af4896dd779b608640f2ef7a?s=96&d=mm&r=g","contentUrl":"https:\/\/secure.gravatar.com\/avatar\/9167d280179c85bc18be67aa7eda765854300033af4896dd779b608640f2ef7a?s=96&d=mm&r=g","caption":"Diario1 Diario1"},"url":"https:\/\/diariotextual.com\/inicio\/index.php\/author\/diario1\/"}]}},"_links":{"self":[{"href":"https:\/\/diariotextual.com\/inicio\/index.php\/wp-json\/wp\/v2\/posts\/54253","targetHints":{"allow":["GET"]}}],"collection":[{"href":"https:\/\/diariotextual.com\/inicio\/index.php\/wp-json\/wp\/v2\/posts"}],"about":[{"href":"https:\/\/diariotextual.com\/inicio\/index.php\/wp-json\/wp\/v2\/types\/post"}],"author":[{"embeddable":true,"href":"https:\/\/diariotextual.com\/inicio\/index.php\/wp-json\/wp\/v2\/users\/3"}],"replies":[{"embeddable":true,"href":"https:\/\/diariotextual.com\/inicio\/index.php\/wp-json\/wp\/v2\/comments?post=54253"}],"version-history":[{"count":3,"href":"https:\/\/diariotextual.com\/inicio\/index.php\/wp-json\/wp\/v2\/posts\/54253\/revisions"}],"predecessor-version":[{"id":54257,"href":"https:\/\/diariotextual.com\/inicio\/index.php\/wp-json\/wp\/v2\/posts\/54253\/revisions\/54257"}],"wp:featuredmedia":[{"embeddable":true,"href":"https:\/\/diariotextual.com\/inicio\/index.php\/wp-json\/wp\/v2\/media\/54256"}],"wp:attachment":[{"href":"https:\/\/diariotextual.com\/inicio\/index.php\/wp-json\/wp\/v2\/media?parent=54253"}],"wp:term":[{"taxonomy":"category","embeddable":true,"href":"https:\/\/diariotextual.com\/inicio\/index.php\/wp-json\/wp\/v2\/categories?post=54253"},{"taxonomy":"post_tag","embeddable":true,"href":"https:\/\/diariotextual.com\/inicio\/index.php\/wp-json\/wp\/v2\/tags?post=54253"}],"curies":[{"name":"wp","href":"https:\/\/api.w.org\/{rel}","templated":true}]}}