{"id":54326,"date":"2019-07-01T11:45:11","date_gmt":"2019-07-01T14:45:11","guid":{"rendered":"http:\/\/diariotextual.com\/inicio\/?p=54326"},"modified":"2019-07-02T07:14:44","modified_gmt":"2019-07-02T10:14:44","slug":"perez-araujo-cree-gana-alberto-no-se-hara-portezuelo-inviable","status":"publish","type":"post","link":"https:\/\/diariotextual.com\/inicio\/index.php\/2019\/07\/01\/perez-araujo-cree-gana-alberto-no-se-hara-portezuelo-inviable\/","title":{"rendered":"P\u00e9rez Araujo cree que si gana Alberto no se har\u00e1 Portezuelo: \u201cEs inviable\u201d"},"content":{"rendered":"<p><strong>Hern\u00e1n P\u00e9rez Araujo<\/strong>, candidato a diputado nacional por el peronismo pampeano, dijo este lunes que considera que si gana la f\u00f3rmula presidencial Alberto Fern\u00e1ndez \u2013 Cristina Fern\u00e1ndez no se har\u00e1 la represa hidroel\u00e9ctrica Portezuelo del Viento. \u201cEs una obra inviable\u201d, dijo.<\/p>\n<p>P\u00e9rez Araujo es el procurador de La Pampa <strong>y uno de los principales encargados de la estrategia judicial del Estado pampeano contra Mendoza por Portezuelo<\/strong>.<\/p>\n<p>Esta obra fue fuertemente impulsada por el macrismo, pero tambi\u00e9n en los gobiernos de los Kirchner. A\u00fan as\u00ed, el funcionario pampeano es optimista en que no se podr\u00e1 avanzar. \u201cEs una obra<strong> absolutamente inviable<\/strong>. Esta es otra forma de discriminar a La Pampa. (Mauricio) Macri le ha prometido en d\u00f3lares a Mendoza una cifra sideral (NdeR: Mendoza recibir\u00e1, durante cinco a\u00f1os, 1.023 millones de d\u00f3lares para licitar la represa). Es mucho m\u00e1s de la que le debe a La Pampa por la coparticipaci\u00f3n\u201d, expres\u00f3 en declaraciones a la prensa durante un acto al recordar un nuevo aniversario del fallecimiento del general Juan Domingo Per\u00f3n.<\/p>\n<blockquote class=\"wp-embedded-content\" data-secret=\"fR3kaPWVw6\"><p><a href=\"http:\/\/diariotextual.com\/inicio\/index.php\/2019\/06\/13\/nacion-le-da-1-023-millones-dolares-mendoza-licite-portezuelo\/\">Naci\u00f3n le da 1.023 millones de d\u00f3lares a Mendoza para que licite Portezuelo<\/a><\/p><\/blockquote>\n<p><iframe class=\"wp-embedded-content\" sandbox=\"allow-scripts\" security=\"restricted\" style=\"position: absolute; clip: rect(1px, 1px, 1px, 1px);\" src=\"http:\/\/diariotextual.com\/inicio\/index.php\/2019\/06\/13\/nacion-le-da-1-023-millones-dolares-mendoza-licite-portezuelo\/embed\/#?secret=fR3kaPWVw6\" data-secret=\"fR3kaPWVw6\" width=\"600\" height=\"338\" title=\"&#171;Naci\u00f3n le da 1.023 millones de d\u00f3lares a Mendoza para que licite Portezuelo&#187; &#8212; Diario Textual\" frameborder=\"0\" marginwidth=\"0\" marginheight=\"0\" scrolling=\"no\"><\/iframe><\/p>\n<p>El Gobierno de Carlos Verna, acompa\u00f1ado por ONG&#8217;s ambientalistas e incluso dirigentes pol\u00edticos opositores, se resisten a esta obra que se har\u00e1 en el r\u00edo Grande, tributario del Colorado. Cuestionan que Mendoza pretenda manejar, en forma unilateral, a la presa. As\u00ed, argumentan, podr\u00eda afectarse el caudal y la calidad de agua del Colorado.<\/p>\n<p>&nbsp;<\/p>\n<p><strong>Encuentro<\/strong><\/p>\n<p>El candidato a diputado tambi\u00e9n se refiri\u00f3 al reciente encuentro que tuvo en el Instituto Patria con Alberto Fern\u00e1ndez y Cristina Fern\u00e1ndez, junto a Carlos Verna y Sergio Ziliotto. \u201cLa impresi\u00f3n que nos queda, tanto al gobernador Verna como Ziliotto, es que va a haber un acompa\u00f1amiento del Gobierno nacional peronista que se viene, encabezado por Alberto Fern\u00e1ndez y Cristina Fern\u00e1ndez, a La Pampa. Se ha hablado de la reparaci\u00f3n inmediata de las rutas 151 y 152, del pago de la deuda por 4 mil millones de pesos de la coparticipaci\u00f3n que actualmente el Gobierno de Cambiemos se niega a pagar, del d\u00e9ficit previsional y de la restituci\u00f3n de los fondos de viviendas sociales\u201d, sostuvo.<\/p>\n<p>&nbsp;<\/p>\n<p><strong>Federalismo<\/strong><\/p>\n<p>Dijo que Casa Rosada debe empezar a aplicar un \u201cfederalismo\u201d con las provincias. \u201cEs clave que desde Naci\u00f3n se maneje un federalismo como hacemos en La Pampa: de descentralizar fondos de los programas y no enviar todos los fondos a la capital federal y a la provincia de Buenos Aires, como ocurre ahora\u201d, sostuvo.<\/p>\n<p><strong>-\u00bfEs posible que el peronismo doble a la oposici\u00f3n y se quede con los dos diputados nacionales en juego en La Pampa?<\/strong><\/p>\n<p>&#8211; En pol\u00edtica todo es posible y las expectativas son las mejores. Estamos ya en un proceso electoral nacional. Estamos siguiendo el camino que inici\u00f3 el a\u00f1o pasado el gobernador Verna. Tuvo una visi\u00f3n estrat\u00e9gica pol\u00edtica envidiable para el resto de las provincias, al entender que el camino es con todos.<\/p>\n<p>&nbsp;<\/p>\n<p>&nbsp;<\/p>\n<p>&nbsp;<\/p>\n<p>&nbsp;<\/p>\n","protected":false},"excerpt":{"rendered":"<p>Hern\u00e1n P\u00e9rez Araujo, candidato a diputado nacional por el peronismo pampeano, dijo este lunes que considera que si gana la f\u00f3rmula presidencial Alberto Fern\u00e1ndez \u2013 Cristina Fern\u00e1ndez no se har\u00e1&hellip;<\/p>\n","protected":false},"author":3,"featured_media":52824,"comment_status":"closed","ping_status":"open","sticky":false,"template":"","format":"standard","meta":{"_acf_changed":false,"footnotes":""},"categories":[319,8],"tags":[72,1609,259],"class_list":["post-54326","post","type-post","status-publish","format-standard","has-post-thumbnail","hentry","category-a-temporales","category-politica","tag-araujo","tag-perez","tag-portezuelo"],"acf":[],"yoast_head":"<!-- This site is optimized with the Yoast SEO plugin v27.5 - https:\/\/yoast.com\/product\/yoast-seo-wordpress\/ -->\n<title>P\u00e9rez Araujo cree que si gana Alberto no se har\u00e1 Portezuelo: \u201cEs inviable\u201d - Diario Textual<\/title>\n<meta name=\"robots\" content=\"index, follow, max-snippet:-1, max-image-preview:large, max-video-preview:-1\" \/>\n<link rel=\"canonical\" href=\"https:\/\/diariotextual.com\/inicio\/index.php\/2019\/07\/01\/perez-araujo-cree-gana-alberto-no-se-hara-portezuelo-inviable\/\" \/>\n<meta property=\"og:locale\" content=\"es_ES\" \/>\n<meta property=\"og:type\" content=\"article\" \/>\n<meta property=\"og:title\" content=\"P\u00e9rez Araujo cree que si gana Alberto no se har\u00e1 Portezuelo: \u201cEs inviable\u201d - Diario Textual\" \/>\n<meta property=\"og:description\" content=\"Hern\u00e1n P\u00e9rez Araujo, candidato a diputado nacional por el peronismo pampeano, dijo este lunes que considera que si gana la f\u00f3rmula presidencial Alberto Fern\u00e1ndez \u2013 Cristina Fern\u00e1ndez no se har\u00e1&hellip;\" \/>\n<meta property=\"og:url\" content=\"https:\/\/diariotextual.com\/inicio\/index.php\/2019\/07\/01\/perez-araujo-cree-gana-alberto-no-se-hara-portezuelo-inviable\/\" \/>\n<meta property=\"og:site_name\" content=\"Diario Textual\" \/>\n<meta property=\"article:publisher\" content=\"https:\/\/www.facebook.com\/eltextual\" \/>\n<meta property=\"article:published_time\" content=\"2019-07-01T14:45:11+00:00\" \/>\n<meta property=\"article:modified_time\" content=\"2019-07-02T10:14:44+00:00\" \/>\n<meta property=\"og:image\" content=\"https:\/\/diariotextual.com\/inicio\/wp-content\/uploads\/2019\/06\/perezaraujohernan2019-2.jpg\" \/>\n\t<meta property=\"og:image:width\" content=\"1000\" \/>\n\t<meta property=\"og:image:height\" content=\"662\" \/>\n\t<meta property=\"og:image:type\" content=\"image\/jpeg\" \/>\n<meta name=\"author\" content=\"Diario1 Diario1\" \/>\n<meta name=\"twitter:card\" content=\"summary_large_image\" \/>\n<meta name=\"twitter:creator\" content=\"@eltextual\" \/>\n<meta name=\"twitter:site\" content=\"@eltextual\" \/>\n<meta name=\"twitter:label1\" content=\"Escrito por\" \/>\n\t<meta name=\"twitter:data1\" content=\"Diario1 Diario1\" \/>\n\t<meta name=\"twitter:label2\" content=\"Tiempo de lectura\" \/>\n\t<meta name=\"twitter:data2\" content=\"3 minutos\" \/>\n<script type=\"application\/ld+json\" class=\"yoast-schema-graph\">{\"@context\":\"https:\\\/\\\/schema.org\",\"@graph\":[{\"@type\":\"Article\",\"@id\":\"https:\\\/\\\/diariotextual.com\\\/inicio\\\/index.php\\\/2019\\\/07\\\/01\\\/perez-araujo-cree-gana-alberto-no-se-hara-portezuelo-inviable\\\/#article\",\"isPartOf\":{\"@id\":\"https:\\\/\\\/diariotextual.com\\\/inicio\\\/index.php\\\/2019\\\/07\\\/01\\\/perez-araujo-cree-gana-alberto-no-se-hara-portezuelo-inviable\\\/\"},\"author\":{\"name\":\"Diario1 Diario1\",\"@id\":\"https:\\\/\\\/diariotextual.com\\\/inicio\\\/#\\\/schema\\\/person\\\/418fc4093c33e86ed41562db3508f958\"},\"headline\":\"P\u00e9rez Araujo cree que si gana Alberto no se har\u00e1 Portezuelo: \u201cEs inviable\u201d\",\"datePublished\":\"2019-07-01T14:45:11+00:00\",\"dateModified\":\"2019-07-02T10:14:44+00:00\",\"mainEntityOfPage\":{\"@id\":\"https:\\\/\\\/diariotextual.com\\\/inicio\\\/index.php\\\/2019\\\/07\\\/01\\\/perez-araujo-cree-gana-alberto-no-se-hara-portezuelo-inviable\\\/\"},\"wordCount\":529,\"publisher\":{\"@id\":\"https:\\\/\\\/diariotextual.com\\\/inicio\\\/#organization\"},\"image\":{\"@id\":\"https:\\\/\\\/diariotextual.com\\\/inicio\\\/index.php\\\/2019\\\/07\\\/01\\\/perez-araujo-cree-gana-alberto-no-se-hara-portezuelo-inviable\\\/#primaryimage\"},\"thumbnailUrl\":\"https:\\\/\\\/diariotextual.com\\\/inicio\\\/wp-content\\\/uploads\\\/2019\\\/06\\\/perezaraujohernan2019-2.jpg\",\"keywords\":[\"araujo\",\"perez\",\"portezuelo\"],\"articleSection\":[\"A - TEMPORALES\",\"POLITICA\"],\"inLanguage\":\"es\"},{\"@type\":\"WebPage\",\"@id\":\"https:\\\/\\\/diariotextual.com\\\/inicio\\\/index.php\\\/2019\\\/07\\\/01\\\/perez-araujo-cree-gana-alberto-no-se-hara-portezuelo-inviable\\\/\",\"url\":\"https:\\\/\\\/diariotextual.com\\\/inicio\\\/index.php\\\/2019\\\/07\\\/01\\\/perez-araujo-cree-gana-alberto-no-se-hara-portezuelo-inviable\\\/\",\"name\":\"P\u00e9rez Araujo cree que si gana Alberto no se har\u00e1 Portezuelo: \u201cEs inviable\u201d - Diario Textual\",\"isPartOf\":{\"@id\":\"https:\\\/\\\/diariotextual.com\\\/inicio\\\/#website\"},\"primaryImageOfPage\":{\"@id\":\"https:\\\/\\\/diariotextual.com\\\/inicio\\\/index.php\\\/2019\\\/07\\\/01\\\/perez-araujo-cree-gana-alberto-no-se-hara-portezuelo-inviable\\\/#primaryimage\"},\"image\":{\"@id\":\"https:\\\/\\\/diariotextual.com\\\/inicio\\\/index.php\\\/2019\\\/07\\\/01\\\/perez-araujo-cree-gana-alberto-no-se-hara-portezuelo-inviable\\\/#primaryimage\"},\"thumbnailUrl\":\"https:\\\/\\\/diariotextual.com\\\/inicio\\\/wp-content\\\/uploads\\\/2019\\\/06\\\/perezaraujohernan2019-2.jpg\",\"datePublished\":\"2019-07-01T14:45:11+00:00\",\"dateModified\":\"2019-07-02T10:14:44+00:00\",\"breadcrumb\":{\"@id\":\"https:\\\/\\\/diariotextual.com\\\/inicio\\\/index.php\\\/2019\\\/07\\\/01\\\/perez-araujo-cree-gana-alberto-no-se-hara-portezuelo-inviable\\\/#breadcrumb\"},\"inLanguage\":\"es\",\"potentialAction\":[{\"@type\":\"ReadAction\",\"target\":[\"https:\\\/\\\/diariotextual.com\\\/inicio\\\/index.php\\\/2019\\\/07\\\/01\\\/perez-araujo-cree-gana-alberto-no-se-hara-portezuelo-inviable\\\/\"]}]},{\"@type\":\"ImageObject\",\"inLanguage\":\"es\",\"@id\":\"https:\\\/\\\/diariotextual.com\\\/inicio\\\/index.php\\\/2019\\\/07\\\/01\\\/perez-araujo-cree-gana-alberto-no-se-hara-portezuelo-inviable\\\/#primaryimage\",\"url\":\"https:\\\/\\\/diariotextual.com\\\/inicio\\\/wp-content\\\/uploads\\\/2019\\\/06\\\/perezaraujohernan2019-2.jpg\",\"contentUrl\":\"https:\\\/\\\/diariotextual.com\\\/inicio\\\/wp-content\\\/uploads\\\/2019\\\/06\\\/perezaraujohernan2019-2.jpg\",\"width\":1000,\"height\":662},{\"@type\":\"BreadcrumbList\",\"@id\":\"https:\\\/\\\/diariotextual.com\\\/inicio\\\/index.php\\\/2019\\\/07\\\/01\\\/perez-araujo-cree-gana-alberto-no-se-hara-portezuelo-inviable\\\/#breadcrumb\",\"itemListElement\":[{\"@type\":\"ListItem\",\"position\":1,\"name\":\"Portada\",\"item\":\"https:\\\/\\\/diariotextual.com\\\/inicio\\\/\"},{\"@type\":\"ListItem\",\"position\":2,\"name\":\"P\u00e9rez Araujo cree que si gana Alberto no se har\u00e1 Portezuelo: \u201cEs inviable\u201d\"}]},{\"@type\":\"WebSite\",\"@id\":\"https:\\\/\\\/diariotextual.com\\\/inicio\\\/#website\",\"url\":\"https:\\\/\\\/diariotextual.com\\\/inicio\\\/\",\"name\":\"Diario Textual\",\"description\":\"\",\"publisher\":{\"@id\":\"https:\\\/\\\/diariotextual.com\\\/inicio\\\/#organization\"},\"potentialAction\":[{\"@type\":\"SearchAction\",\"target\":{\"@type\":\"EntryPoint\",\"urlTemplate\":\"https:\\\/\\\/diariotextual.com\\\/inicio\\\/?s={search_term_string}\"},\"query-input\":{\"@type\":\"PropertyValueSpecification\",\"valueRequired\":true,\"valueName\":\"search_term_string\"}}],\"inLanguage\":\"es\"},{\"@type\":\"Organization\",\"@id\":\"https:\\\/\\\/diariotextual.com\\\/inicio\\\/#organization\",\"name\":\"Diario Textual\",\"url\":\"https:\\\/\\\/diariotextual.com\\\/inicio\\\/\",\"logo\":{\"@type\":\"ImageObject\",\"inLanguage\":\"es\",\"@id\":\"https:\\\/\\\/diariotextual.com\\\/inicio\\\/#\\\/schema\\\/logo\\\/image\\\/\",\"url\":\"https:\\\/\\\/diariotextual.com\\\/inicio\\\/wp-content\\\/uploads\\\/2023\\\/05\\\/logotextual1.jpg\",\"contentUrl\":\"https:\\\/\\\/diariotextual.com\\\/inicio\\\/wp-content\\\/uploads\\\/2023\\\/05\\\/logotextual1.jpg\",\"width\":516,\"height\":76,\"caption\":\"Diario Textual\"},\"image\":{\"@id\":\"https:\\\/\\\/diariotextual.com\\\/inicio\\\/#\\\/schema\\\/logo\\\/image\\\/\"},\"sameAs\":[\"https:\\\/\\\/www.facebook.com\\\/eltextual\",\"https:\\\/\\\/x.com\\\/eltextual\",\"http:\\\/\\\/www.instagram.com\\\/eltextual\"]},{\"@type\":\"Person\",\"@id\":\"https:\\\/\\\/diariotextual.com\\\/inicio\\\/#\\\/schema\\\/person\\\/418fc4093c33e86ed41562db3508f958\",\"name\":\"Diario1 Diario1\",\"image\":{\"@type\":\"ImageObject\",\"inLanguage\":\"es\",\"@id\":\"https:\\\/\\\/secure.gravatar.com\\\/avatar\\\/9167d280179c85bc18be67aa7eda765854300033af4896dd779b608640f2ef7a?s=96&d=mm&r=g\",\"url\":\"https:\\\/\\\/secure.gravatar.com\\\/avatar\\\/9167d280179c85bc18be67aa7eda765854300033af4896dd779b608640f2ef7a?s=96&d=mm&r=g\",\"contentUrl\":\"https:\\\/\\\/secure.gravatar.com\\\/avatar\\\/9167d280179c85bc18be67aa7eda765854300033af4896dd779b608640f2ef7a?s=96&d=mm&r=g\",\"caption\":\"Diario1 Diario1\"},\"url\":\"https:\\\/\\\/diariotextual.com\\\/inicio\\\/index.php\\\/author\\\/diario1\\\/\"}]}<\/script>\n<!-- \/ Yoast SEO plugin. -->","yoast_head_json":{"title":"P\u00e9rez Araujo cree que si gana Alberto no se har\u00e1 Portezuelo: \u201cEs inviable\u201d - Diario Textual","robots":{"index":"index","follow":"follow","max-snippet":"max-snippet:-1","max-image-preview":"max-image-preview:large","max-video-preview":"max-video-preview:-1"},"canonical":"https:\/\/diariotextual.com\/inicio\/index.php\/2019\/07\/01\/perez-araujo-cree-gana-alberto-no-se-hara-portezuelo-inviable\/","og_locale":"es_ES","og_type":"article","og_title":"P\u00e9rez Araujo cree que si gana Alberto no se har\u00e1 Portezuelo: \u201cEs inviable\u201d - Diario Textual","og_description":"Hern\u00e1n P\u00e9rez Araujo, candidato a diputado nacional por el peronismo pampeano, dijo este lunes que considera que si gana la f\u00f3rmula presidencial Alberto Fern\u00e1ndez \u2013 Cristina Fern\u00e1ndez no se har\u00e1&hellip;","og_url":"https:\/\/diariotextual.com\/inicio\/index.php\/2019\/07\/01\/perez-araujo-cree-gana-alberto-no-se-hara-portezuelo-inviable\/","og_site_name":"Diario Textual","article_publisher":"https:\/\/www.facebook.com\/eltextual","article_published_time":"2019-07-01T14:45:11+00:00","article_modified_time":"2019-07-02T10:14:44+00:00","og_image":[{"width":1000,"height":662,"url":"https:\/\/diariotextual.com\/inicio\/wp-content\/uploads\/2019\/06\/perezaraujohernan2019-2.jpg","type":"image\/jpeg"}],"author":"Diario1 Diario1","twitter_card":"summary_large_image","twitter_creator":"@eltextual","twitter_site":"@eltextual","twitter_misc":{"Escrito por":"Diario1 Diario1","Tiempo de lectura":"3 minutos"},"schema":{"@context":"https:\/\/schema.org","@graph":[{"@type":"Article","@id":"https:\/\/diariotextual.com\/inicio\/index.php\/2019\/07\/01\/perez-araujo-cree-gana-alberto-no-se-hara-portezuelo-inviable\/#article","isPartOf":{"@id":"https:\/\/diariotextual.com\/inicio\/index.php\/2019\/07\/01\/perez-araujo-cree-gana-alberto-no-se-hara-portezuelo-inviable\/"},"author":{"name":"Diario1 Diario1","@id":"https:\/\/diariotextual.com\/inicio\/#\/schema\/person\/418fc4093c33e86ed41562db3508f958"},"headline":"P\u00e9rez Araujo cree que si gana Alberto no se har\u00e1 Portezuelo: \u201cEs inviable\u201d","datePublished":"2019-07-01T14:45:11+00:00","dateModified":"2019-07-02T10:14:44+00:00","mainEntityOfPage":{"@id":"https:\/\/diariotextual.com\/inicio\/index.php\/2019\/07\/01\/perez-araujo-cree-gana-alberto-no-se-hara-portezuelo-inviable\/"},"wordCount":529,"publisher":{"@id":"https:\/\/diariotextual.com\/inicio\/#organization"},"image":{"@id":"https:\/\/diariotextual.com\/inicio\/index.php\/2019\/07\/01\/perez-araujo-cree-gana-alberto-no-se-hara-portezuelo-inviable\/#primaryimage"},"thumbnailUrl":"https:\/\/diariotextual.com\/inicio\/wp-content\/uploads\/2019\/06\/perezaraujohernan2019-2.jpg","keywords":["araujo","perez","portezuelo"],"articleSection":["A - TEMPORALES","POLITICA"],"inLanguage":"es"},{"@type":"WebPage","@id":"https:\/\/diariotextual.com\/inicio\/index.php\/2019\/07\/01\/perez-araujo-cree-gana-alberto-no-se-hara-portezuelo-inviable\/","url":"https:\/\/diariotextual.com\/inicio\/index.php\/2019\/07\/01\/perez-araujo-cree-gana-alberto-no-se-hara-portezuelo-inviable\/","name":"P\u00e9rez Araujo cree que si gana Alberto no se har\u00e1 Portezuelo: \u201cEs inviable\u201d - Diario Textual","isPartOf":{"@id":"https:\/\/diariotextual.com\/inicio\/#website"},"primaryImageOfPage":{"@id":"https:\/\/diariotextual.com\/inicio\/index.php\/2019\/07\/01\/perez-araujo-cree-gana-alberto-no-se-hara-portezuelo-inviable\/#primaryimage"},"image":{"@id":"https:\/\/diariotextual.com\/inicio\/index.php\/2019\/07\/01\/perez-araujo-cree-gana-alberto-no-se-hara-portezuelo-inviable\/#primaryimage"},"thumbnailUrl":"https:\/\/diariotextual.com\/inicio\/wp-content\/uploads\/2019\/06\/perezaraujohernan2019-2.jpg","datePublished":"2019-07-01T14:45:11+00:00","dateModified":"2019-07-02T10:14:44+00:00","breadcrumb":{"@id":"https:\/\/diariotextual.com\/inicio\/index.php\/2019\/07\/01\/perez-araujo-cree-gana-alberto-no-se-hara-portezuelo-inviable\/#breadcrumb"},"inLanguage":"es","potentialAction":[{"@type":"ReadAction","target":["https:\/\/diariotextual.com\/inicio\/index.php\/2019\/07\/01\/perez-araujo-cree-gana-alberto-no-se-hara-portezuelo-inviable\/"]}]},{"@type":"ImageObject","inLanguage":"es","@id":"https:\/\/diariotextual.com\/inicio\/index.php\/2019\/07\/01\/perez-araujo-cree-gana-alberto-no-se-hara-portezuelo-inviable\/#primaryimage","url":"https:\/\/diariotextual.com\/inicio\/wp-content\/uploads\/2019\/06\/perezaraujohernan2019-2.jpg","contentUrl":"https:\/\/diariotextual.com\/inicio\/wp-content\/uploads\/2019\/06\/perezaraujohernan2019-2.jpg","width":1000,"height":662},{"@type":"BreadcrumbList","@id":"https:\/\/diariotextual.com\/inicio\/index.php\/2019\/07\/01\/perez-araujo-cree-gana-alberto-no-se-hara-portezuelo-inviable\/#breadcrumb","itemListElement":[{"@type":"ListItem","position":1,"name":"Portada","item":"https:\/\/diariotextual.com\/inicio\/"},{"@type":"ListItem","position":2,"name":"P\u00e9rez Araujo cree que si gana Alberto no se har\u00e1 Portezuelo: \u201cEs inviable\u201d"}]},{"@type":"WebSite","@id":"https:\/\/diariotextual.com\/inicio\/#website","url":"https:\/\/diariotextual.com\/inicio\/","name":"Diario Textual","description":"","publisher":{"@id":"https:\/\/diariotextual.com\/inicio\/#organization"},"potentialAction":[{"@type":"SearchAction","target":{"@type":"EntryPoint","urlTemplate":"https:\/\/diariotextual.com\/inicio\/?s={search_term_string}"},"query-input":{"@type":"PropertyValueSpecification","valueRequired":true,"valueName":"search_term_string"}}],"inLanguage":"es"},{"@type":"Organization","@id":"https:\/\/diariotextual.com\/inicio\/#organization","name":"Diario Textual","url":"https:\/\/diariotextual.com\/inicio\/","logo":{"@type":"ImageObject","inLanguage":"es","@id":"https:\/\/diariotextual.com\/inicio\/#\/schema\/logo\/image\/","url":"https:\/\/diariotextual.com\/inicio\/wp-content\/uploads\/2023\/05\/logotextual1.jpg","contentUrl":"https:\/\/diariotextual.com\/inicio\/wp-content\/uploads\/2023\/05\/logotextual1.jpg","width":516,"height":76,"caption":"Diario Textual"},"image":{"@id":"https:\/\/diariotextual.com\/inicio\/#\/schema\/logo\/image\/"},"sameAs":["https:\/\/www.facebook.com\/eltextual","https:\/\/x.com\/eltextual","http:\/\/www.instagram.com\/eltextual"]},{"@type":"Person","@id":"https:\/\/diariotextual.com\/inicio\/#\/schema\/person\/418fc4093c33e86ed41562db3508f958","name":"Diario1 Diario1","image":{"@type":"ImageObject","inLanguage":"es","@id":"https:\/\/secure.gravatar.com\/avatar\/9167d280179c85bc18be67aa7eda765854300033af4896dd779b608640f2ef7a?s=96&d=mm&r=g","url":"https:\/\/secure.gravatar.com\/avatar\/9167d280179c85bc18be67aa7eda765854300033af4896dd779b608640f2ef7a?s=96&d=mm&r=g","contentUrl":"https:\/\/secure.gravatar.com\/avatar\/9167d280179c85bc18be67aa7eda765854300033af4896dd779b608640f2ef7a?s=96&d=mm&r=g","caption":"Diario1 Diario1"},"url":"https:\/\/diariotextual.com\/inicio\/index.php\/author\/diario1\/"}]}},"_links":{"self":[{"href":"https:\/\/diariotextual.com\/inicio\/index.php\/wp-json\/wp\/v2\/posts\/54326","targetHints":{"allow":["GET"]}}],"collection":[{"href":"https:\/\/diariotextual.com\/inicio\/index.php\/wp-json\/wp\/v2\/posts"}],"about":[{"href":"https:\/\/diariotextual.com\/inicio\/index.php\/wp-json\/wp\/v2\/types\/post"}],"author":[{"embeddable":true,"href":"https:\/\/diariotextual.com\/inicio\/index.php\/wp-json\/wp\/v2\/users\/3"}],"replies":[{"embeddable":true,"href":"https:\/\/diariotextual.com\/inicio\/index.php\/wp-json\/wp\/v2\/comments?post=54326"}],"version-history":[{"count":5,"href":"https:\/\/diariotextual.com\/inicio\/index.php\/wp-json\/wp\/v2\/posts\/54326\/revisions"}],"predecessor-version":[{"id":54338,"href":"https:\/\/diariotextual.com\/inicio\/index.php\/wp-json\/wp\/v2\/posts\/54326\/revisions\/54338"}],"wp:featuredmedia":[{"embeddable":true,"href":"https:\/\/diariotextual.com\/inicio\/index.php\/wp-json\/wp\/v2\/media\/52824"}],"wp:attachment":[{"href":"https:\/\/diariotextual.com\/inicio\/index.php\/wp-json\/wp\/v2\/media?parent=54326"}],"wp:term":[{"taxonomy":"category","embeddable":true,"href":"https:\/\/diariotextual.com\/inicio\/index.php\/wp-json\/wp\/v2\/categories?post=54326"},{"taxonomy":"post_tag","embeddable":true,"href":"https:\/\/diariotextual.com\/inicio\/index.php\/wp-json\/wp\/v2\/tags?post=54326"}],"curies":[{"name":"wp","href":"https:\/\/api.w.org\/{rel}","templated":true}]}}