{"id":54332,"date":"2019-07-01T12:00:57","date_gmt":"2019-07-01T15:00:57","guid":{"rendered":"http:\/\/diariotextual.com\/inicio\/?p=54332"},"modified":"2019-07-01T23:38:49","modified_gmt":"2019-07-02T02:38:49","slug":"iss-justifica-despido-joven-encadenado-avisa-aun-instancias-revision","status":"publish","type":"post","link":"https:\/\/diariotextual.com\/inicio\/index.php\/2019\/07\/01\/iss-justifica-despido-joven-encadenado-avisa-aun-instancias-revision\/","title":{"rendered":"El ISS justifica el despido de un joven encadenado, pero avisa que a\u00fan hay instancias de revisi\u00f3n"},"content":{"rendered":"<p>El <strong>Instituto de Seguridad Social de La Pampa<\/strong> (ISS) <strong>justific\u00f3 el despido de Jonathan Alexis Reinhartt<\/strong>\u00a0(26 a\u00f1os), quien <a href=\"http:\/\/diariotextual.com\/inicio\/index.php\/2019\/07\/01\/se-encadena-pide-volver-trabajar-iss\/\" target=\"_blank\" rel=\"noopener\"><strong>hoy se encaden\u00f3<\/strong> <\/a>en el frente del organismo, porque <strong>en reiteradas oportunidades se ausent\u00f3 del trabajo<\/strong>. Dijo, incluso, que nunca el empleado les avis\u00f3 que sufr\u00eda de la adicci\u00f3n a la marihuana y al alcohol y asegur\u00f3 que se lo intent\u00f3 asistir. Igual dej\u00f3 <strong>abierta la posibilidad de eventualmente pueda ser reincorporado<\/strong>: sostuvo que <strong>a\u00fan tiene posibilidades administrativas de hacer el reclamo<\/strong>. Ese recurso, si es que lo presenta, lo deber\u00e1 resolver el Ministerio de Desarrollo Social de La Pampa.<\/p>\n<blockquote class=\"wp-embedded-content\" data-secret=\"xjb5FuxKp7\"><p><a href=\"http:\/\/diariotextual.com\/inicio\/index.php\/2019\/07\/01\/se-encadena-pide-volver-trabajar-iss\/\">Se encadena y pide volver a trabajar en el ISS<\/a><\/p><\/blockquote>\n<p><iframe class=\"wp-embedded-content\" sandbox=\"allow-scripts\" security=\"restricted\" style=\"position: absolute; clip: rect(1px, 1px, 1px, 1px);\" src=\"http:\/\/diariotextual.com\/inicio\/index.php\/2019\/07\/01\/se-encadena-pide-volver-trabajar-iss\/embed\/#?secret=xjb5FuxKp7\" data-secret=\"xjb5FuxKp7\" width=\"600\" height=\"338\" title=\"&#171;Se encadena y pide volver a trabajar en el ISS&#187; &#8212; Diario Textual\" frameborder=\"0\" marginwidth=\"0\" marginheight=\"0\" scrolling=\"no\"><\/iframe><\/p>\n<p>El ISS dio a conocer un comunicado de prensa. Es el siguiente:<\/p>\n<p><em>En respuesta a los hechos trascendidos que involucran al Sr. Jonathan Alexis Reinhartt, el Instituto de Seguridad Social informa que la aplicaci\u00f3n de la medida segregativa (cesant\u00eda), se debi\u00f3 a reiterados incumplimientos disciplinarios por parte del ex agente.<\/em><\/p>\n<p><em>El se\u00f1or Reinhartt comenz\u00f3 a trabajar en el ISS el 23 de abril de 2012 y a partir de septiembre de ese mismo a\u00f1o sucesivamente hasta el momento en que se lo desvincul\u00f3 laboralmente, ha incurrido en incumplimientos de horario, falta de compensaci\u00f3n de permisos de salida, abandono de tareas sin autorizaci\u00f3n e inasistencias injustificadas, acumulando en su corta carrera administrativa un total de cinco llamados de atenci\u00f3n, siete apercibimientos y ha estado suspendido durante treinta y siete d\u00edas.<\/em><\/p>\n<p><em>A todo esto, se le suman ocho d\u00edas m\u00e1s de inasistencias injustificadas durante el 2018, por lo que se le inici\u00f3 un sumario que deriv\u00f3 en una recomendaci\u00f3n de la Fiscal\u00eda de Investigaciones Administrativas al ISS, de aplicar una cesant\u00eda al se\u00f1or Reinhartt, la que fuera efectivizada por el Directorio del organismo.<\/em><\/p>\n<p><em><strong>Es v\u00e1lido aclarar que en ning\u00fan momento durante el uso de la Licencia por Enfermedad, reuniones personales sostenidas por las autoridades y el \u00e1rea de Recursos Humanos, ni durante el sumario administrativo, el se\u00f1or Reinhartt manifest\u00f3 problemas de adicciones, como tampoco lo hizo su familia<\/strong>. Asimismo, el Instituto puso a su disposici\u00f3n el Programa de Asistencia al Agente con que cuenta el organismo, lo que fue comunicado oportunamente a \u00e9l y su familia, tratando de revertir los incumplimientos laborales, pero <strong>el ex agente decidi\u00f3 no utilizarlo<\/strong>.<\/em><\/p>\n<p><em>De esta forma el ISS, adem\u00e1s de aplicar las medidas disciplinarias pertinentes, <strong>activ\u00f3 las herramientas de asistencia con que cuenta<\/strong>, brindando todas las oportunidades que legalmente est\u00e1n a su alcance.<\/em><\/p>\n<p><em>Por \u00faltimo y pese a la medida de coacci\u00f3n que ha adoptado el se\u00f1or Reinhartt debido a su disconformidad con lo resuelto por el ISS,<strong> cabe se\u00f1alar que a\u00fan no ha agotado la v\u00eda administrativa<\/strong>.<\/em><\/p>\n<p>&nbsp;<\/p>\n<p>&nbsp;<\/p>\n","protected":false},"excerpt":{"rendered":"<p>El Instituto de Seguridad Social de La Pampa (ISS) justific\u00f3 el despido de Jonathan Alexis Reinhartt\u00a0(26 a\u00f1os), quien hoy se encaden\u00f3 en el frente del organismo, porque en reiteradas oportunidades&hellip;<\/p>\n","protected":false},"author":3,"featured_media":54265,"comment_status":"closed","ping_status":"open","sticky":false,"template":"","format":"standard","meta":{"_acf_changed":false,"footnotes":""},"categories":[319,12],"tags":[2063,1884],"class_list":["post-54332","post","type-post","status-publish","format-standard","has-post-thumbnail","hentry","category-a-temporales","category-sociedad","tag-encadenado","tag-iss"],"acf":[],"yoast_head":"<!-- This site is optimized with the Yoast SEO plugin v27.5 - https:\/\/yoast.com\/product\/yoast-seo-wordpress\/ -->\n<title>El ISS justifica el despido de un joven encadenado, pero avisa que a\u00fan hay instancias de revisi\u00f3n - Diario Textual<\/title>\n<meta name=\"robots\" content=\"index, follow, max-snippet:-1, max-image-preview:large, max-video-preview:-1\" \/>\n<link rel=\"canonical\" href=\"https:\/\/diariotextual.com\/inicio\/index.php\/2019\/07\/01\/iss-justifica-despido-joven-encadenado-avisa-aun-instancias-revision\/\" \/>\n<meta property=\"og:locale\" content=\"es_ES\" \/>\n<meta property=\"og:type\" content=\"article\" \/>\n<meta property=\"og:title\" content=\"El ISS justifica el despido de un joven encadenado, pero avisa que a\u00fan hay instancias de revisi\u00f3n - Diario Textual\" \/>\n<meta property=\"og:description\" content=\"El Instituto de Seguridad Social de La Pampa (ISS) justific\u00f3 el despido de Jonathan Alexis Reinhartt\u00a0(26 a\u00f1os), quien hoy se encaden\u00f3 en el frente del organismo, porque en reiteradas oportunidades&hellip;\" \/>\n<meta property=\"og:url\" content=\"https:\/\/diariotextual.com\/inicio\/index.php\/2019\/07\/01\/iss-justifica-despido-joven-encadenado-avisa-aun-instancias-revision\/\" \/>\n<meta property=\"og:site_name\" content=\"Diario Textual\" \/>\n<meta property=\"article:publisher\" content=\"https:\/\/www.facebook.com\/eltextual\" \/>\n<meta property=\"article:published_time\" content=\"2019-07-01T15:00:57+00:00\" \/>\n<meta property=\"article:modified_time\" content=\"2019-07-02T02:38:49+00:00\" \/>\n<meta property=\"og:image\" content=\"https:\/\/diariotextual.com\/inicio\/wp-content\/uploads\/2019\/07\/reinharttjonathaniss2019-1.jpg\" \/>\n\t<meta property=\"og:image:width\" content=\"1100\" \/>\n\t<meta property=\"og:image:height\" content=\"806\" \/>\n\t<meta property=\"og:image:type\" content=\"image\/jpeg\" \/>\n<meta name=\"author\" content=\"Diario1 Diario1\" \/>\n<meta name=\"twitter:card\" content=\"summary_large_image\" \/>\n<meta name=\"twitter:creator\" content=\"@eltextual\" \/>\n<meta name=\"twitter:site\" content=\"@eltextual\" \/>\n<meta name=\"twitter:label1\" content=\"Escrito por\" \/>\n\t<meta name=\"twitter:data1\" content=\"Diario1 Diario1\" \/>\n\t<meta name=\"twitter:label2\" content=\"Tiempo de lectura\" \/>\n\t<meta name=\"twitter:data2\" content=\"2 minutos\" \/>\n<script type=\"application\/ld+json\" class=\"yoast-schema-graph\">{\"@context\":\"https:\\\/\\\/schema.org\",\"@graph\":[{\"@type\":\"Article\",\"@id\":\"https:\\\/\\\/diariotextual.com\\\/inicio\\\/index.php\\\/2019\\\/07\\\/01\\\/iss-justifica-despido-joven-encadenado-avisa-aun-instancias-revision\\\/#article\",\"isPartOf\":{\"@id\":\"https:\\\/\\\/diariotextual.com\\\/inicio\\\/index.php\\\/2019\\\/07\\\/01\\\/iss-justifica-despido-joven-encadenado-avisa-aun-instancias-revision\\\/\"},\"author\":{\"name\":\"Diario1 Diario1\",\"@id\":\"https:\\\/\\\/diariotextual.com\\\/inicio\\\/#\\\/schema\\\/person\\\/418fc4093c33e86ed41562db3508f958\"},\"headline\":\"El ISS justifica el despido de un joven encadenado, pero avisa que a\u00fan hay instancias de revisi\u00f3n\",\"datePublished\":\"2019-07-01T15:00:57+00:00\",\"dateModified\":\"2019-07-02T02:38:49+00:00\",\"mainEntityOfPage\":{\"@id\":\"https:\\\/\\\/diariotextual.com\\\/inicio\\\/index.php\\\/2019\\\/07\\\/01\\\/iss-justifica-despido-joven-encadenado-avisa-aun-instancias-revision\\\/\"},\"wordCount\":484,\"publisher\":{\"@id\":\"https:\\\/\\\/diariotextual.com\\\/inicio\\\/#organization\"},\"image\":{\"@id\":\"https:\\\/\\\/diariotextual.com\\\/inicio\\\/index.php\\\/2019\\\/07\\\/01\\\/iss-justifica-despido-joven-encadenado-avisa-aun-instancias-revision\\\/#primaryimage\"},\"thumbnailUrl\":\"https:\\\/\\\/diariotextual.com\\\/inicio\\\/wp-content\\\/uploads\\\/2019\\\/07\\\/reinharttjonathaniss2019-1.jpg\",\"keywords\":[\"encadenado\",\"iss\"],\"articleSection\":[\"A - TEMPORALES\",\"SOCIEDAD\"],\"inLanguage\":\"es\"},{\"@type\":\"WebPage\",\"@id\":\"https:\\\/\\\/diariotextual.com\\\/inicio\\\/index.php\\\/2019\\\/07\\\/01\\\/iss-justifica-despido-joven-encadenado-avisa-aun-instancias-revision\\\/\",\"url\":\"https:\\\/\\\/diariotextual.com\\\/inicio\\\/index.php\\\/2019\\\/07\\\/01\\\/iss-justifica-despido-joven-encadenado-avisa-aun-instancias-revision\\\/\",\"name\":\"El ISS justifica el despido de un joven encadenado, pero avisa que a\u00fan hay instancias de revisi\u00f3n - Diario Textual\",\"isPartOf\":{\"@id\":\"https:\\\/\\\/diariotextual.com\\\/inicio\\\/#website\"},\"primaryImageOfPage\":{\"@id\":\"https:\\\/\\\/diariotextual.com\\\/inicio\\\/index.php\\\/2019\\\/07\\\/01\\\/iss-justifica-despido-joven-encadenado-avisa-aun-instancias-revision\\\/#primaryimage\"},\"image\":{\"@id\":\"https:\\\/\\\/diariotextual.com\\\/inicio\\\/index.php\\\/2019\\\/07\\\/01\\\/iss-justifica-despido-joven-encadenado-avisa-aun-instancias-revision\\\/#primaryimage\"},\"thumbnailUrl\":\"https:\\\/\\\/diariotextual.com\\\/inicio\\\/wp-content\\\/uploads\\\/2019\\\/07\\\/reinharttjonathaniss2019-1.jpg\",\"datePublished\":\"2019-07-01T15:00:57+00:00\",\"dateModified\":\"2019-07-02T02:38:49+00:00\",\"breadcrumb\":{\"@id\":\"https:\\\/\\\/diariotextual.com\\\/inicio\\\/index.php\\\/2019\\\/07\\\/01\\\/iss-justifica-despido-joven-encadenado-avisa-aun-instancias-revision\\\/#breadcrumb\"},\"inLanguage\":\"es\",\"potentialAction\":[{\"@type\":\"ReadAction\",\"target\":[\"https:\\\/\\\/diariotextual.com\\\/inicio\\\/index.php\\\/2019\\\/07\\\/01\\\/iss-justifica-despido-joven-encadenado-avisa-aun-instancias-revision\\\/\"]}]},{\"@type\":\"ImageObject\",\"inLanguage\":\"es\",\"@id\":\"https:\\\/\\\/diariotextual.com\\\/inicio\\\/index.php\\\/2019\\\/07\\\/01\\\/iss-justifica-despido-joven-encadenado-avisa-aun-instancias-revision\\\/#primaryimage\",\"url\":\"https:\\\/\\\/diariotextual.com\\\/inicio\\\/wp-content\\\/uploads\\\/2019\\\/07\\\/reinharttjonathaniss2019-1.jpg\",\"contentUrl\":\"https:\\\/\\\/diariotextual.com\\\/inicio\\\/wp-content\\\/uploads\\\/2019\\\/07\\\/reinharttjonathaniss2019-1.jpg\",\"width\":1100,\"height\":806},{\"@type\":\"BreadcrumbList\",\"@id\":\"https:\\\/\\\/diariotextual.com\\\/inicio\\\/index.php\\\/2019\\\/07\\\/01\\\/iss-justifica-despido-joven-encadenado-avisa-aun-instancias-revision\\\/#breadcrumb\",\"itemListElement\":[{\"@type\":\"ListItem\",\"position\":1,\"name\":\"Portada\",\"item\":\"https:\\\/\\\/diariotextual.com\\\/inicio\\\/\"},{\"@type\":\"ListItem\",\"position\":2,\"name\":\"El ISS justifica el despido de un joven encadenado, pero avisa que a\u00fan hay instancias de revisi\u00f3n\"}]},{\"@type\":\"WebSite\",\"@id\":\"https:\\\/\\\/diariotextual.com\\\/inicio\\\/#website\",\"url\":\"https:\\\/\\\/diariotextual.com\\\/inicio\\\/\",\"name\":\"Diario Textual\",\"description\":\"\",\"publisher\":{\"@id\":\"https:\\\/\\\/diariotextual.com\\\/inicio\\\/#organization\"},\"potentialAction\":[{\"@type\":\"SearchAction\",\"target\":{\"@type\":\"EntryPoint\",\"urlTemplate\":\"https:\\\/\\\/diariotextual.com\\\/inicio\\\/?s={search_term_string}\"},\"query-input\":{\"@type\":\"PropertyValueSpecification\",\"valueRequired\":true,\"valueName\":\"search_term_string\"}}],\"inLanguage\":\"es\"},{\"@type\":\"Organization\",\"@id\":\"https:\\\/\\\/diariotextual.com\\\/inicio\\\/#organization\",\"name\":\"Diario Textual\",\"url\":\"https:\\\/\\\/diariotextual.com\\\/inicio\\\/\",\"logo\":{\"@type\":\"ImageObject\",\"inLanguage\":\"es\",\"@id\":\"https:\\\/\\\/diariotextual.com\\\/inicio\\\/#\\\/schema\\\/logo\\\/image\\\/\",\"url\":\"https:\\\/\\\/diariotextual.com\\\/inicio\\\/wp-content\\\/uploads\\\/2023\\\/05\\\/logotextual1.jpg\",\"contentUrl\":\"https:\\\/\\\/diariotextual.com\\\/inicio\\\/wp-content\\\/uploads\\\/2023\\\/05\\\/logotextual1.jpg\",\"width\":516,\"height\":76,\"caption\":\"Diario Textual\"},\"image\":{\"@id\":\"https:\\\/\\\/diariotextual.com\\\/inicio\\\/#\\\/schema\\\/logo\\\/image\\\/\"},\"sameAs\":[\"https:\\\/\\\/www.facebook.com\\\/eltextual\",\"https:\\\/\\\/x.com\\\/eltextual\",\"http:\\\/\\\/www.instagram.com\\\/eltextual\"]},{\"@type\":\"Person\",\"@id\":\"https:\\\/\\\/diariotextual.com\\\/inicio\\\/#\\\/schema\\\/person\\\/418fc4093c33e86ed41562db3508f958\",\"name\":\"Diario1 Diario1\",\"image\":{\"@type\":\"ImageObject\",\"inLanguage\":\"es\",\"@id\":\"https:\\\/\\\/secure.gravatar.com\\\/avatar\\\/9167d280179c85bc18be67aa7eda765854300033af4896dd779b608640f2ef7a?s=96&d=mm&r=g\",\"url\":\"https:\\\/\\\/secure.gravatar.com\\\/avatar\\\/9167d280179c85bc18be67aa7eda765854300033af4896dd779b608640f2ef7a?s=96&d=mm&r=g\",\"contentUrl\":\"https:\\\/\\\/secure.gravatar.com\\\/avatar\\\/9167d280179c85bc18be67aa7eda765854300033af4896dd779b608640f2ef7a?s=96&d=mm&r=g\",\"caption\":\"Diario1 Diario1\"},\"url\":\"https:\\\/\\\/diariotextual.com\\\/inicio\\\/index.php\\\/author\\\/diario1\\\/\"}]}<\/script>\n<!-- \/ Yoast SEO plugin. -->","yoast_head_json":{"title":"El ISS justifica el despido de un joven encadenado, pero avisa que a\u00fan hay instancias de revisi\u00f3n - Diario Textual","robots":{"index":"index","follow":"follow","max-snippet":"max-snippet:-1","max-image-preview":"max-image-preview:large","max-video-preview":"max-video-preview:-1"},"canonical":"https:\/\/diariotextual.com\/inicio\/index.php\/2019\/07\/01\/iss-justifica-despido-joven-encadenado-avisa-aun-instancias-revision\/","og_locale":"es_ES","og_type":"article","og_title":"El ISS justifica el despido de un joven encadenado, pero avisa que a\u00fan hay instancias de revisi\u00f3n - Diario Textual","og_description":"El Instituto de Seguridad Social de La Pampa (ISS) justific\u00f3 el despido de Jonathan Alexis Reinhartt\u00a0(26 a\u00f1os), quien hoy se encaden\u00f3 en el frente del organismo, porque en reiteradas oportunidades&hellip;","og_url":"https:\/\/diariotextual.com\/inicio\/index.php\/2019\/07\/01\/iss-justifica-despido-joven-encadenado-avisa-aun-instancias-revision\/","og_site_name":"Diario Textual","article_publisher":"https:\/\/www.facebook.com\/eltextual","article_published_time":"2019-07-01T15:00:57+00:00","article_modified_time":"2019-07-02T02:38:49+00:00","og_image":[{"width":1100,"height":806,"url":"https:\/\/diariotextual.com\/inicio\/wp-content\/uploads\/2019\/07\/reinharttjonathaniss2019-1.jpg","type":"image\/jpeg"}],"author":"Diario1 Diario1","twitter_card":"summary_large_image","twitter_creator":"@eltextual","twitter_site":"@eltextual","twitter_misc":{"Escrito por":"Diario1 Diario1","Tiempo de lectura":"2 minutos"},"schema":{"@context":"https:\/\/schema.org","@graph":[{"@type":"Article","@id":"https:\/\/diariotextual.com\/inicio\/index.php\/2019\/07\/01\/iss-justifica-despido-joven-encadenado-avisa-aun-instancias-revision\/#article","isPartOf":{"@id":"https:\/\/diariotextual.com\/inicio\/index.php\/2019\/07\/01\/iss-justifica-despido-joven-encadenado-avisa-aun-instancias-revision\/"},"author":{"name":"Diario1 Diario1","@id":"https:\/\/diariotextual.com\/inicio\/#\/schema\/person\/418fc4093c33e86ed41562db3508f958"},"headline":"El ISS justifica el despido de un joven encadenado, pero avisa que a\u00fan hay instancias de revisi\u00f3n","datePublished":"2019-07-01T15:00:57+00:00","dateModified":"2019-07-02T02:38:49+00:00","mainEntityOfPage":{"@id":"https:\/\/diariotextual.com\/inicio\/index.php\/2019\/07\/01\/iss-justifica-despido-joven-encadenado-avisa-aun-instancias-revision\/"},"wordCount":484,"publisher":{"@id":"https:\/\/diariotextual.com\/inicio\/#organization"},"image":{"@id":"https:\/\/diariotextual.com\/inicio\/index.php\/2019\/07\/01\/iss-justifica-despido-joven-encadenado-avisa-aun-instancias-revision\/#primaryimage"},"thumbnailUrl":"https:\/\/diariotextual.com\/inicio\/wp-content\/uploads\/2019\/07\/reinharttjonathaniss2019-1.jpg","keywords":["encadenado","iss"],"articleSection":["A - TEMPORALES","SOCIEDAD"],"inLanguage":"es"},{"@type":"WebPage","@id":"https:\/\/diariotextual.com\/inicio\/index.php\/2019\/07\/01\/iss-justifica-despido-joven-encadenado-avisa-aun-instancias-revision\/","url":"https:\/\/diariotextual.com\/inicio\/index.php\/2019\/07\/01\/iss-justifica-despido-joven-encadenado-avisa-aun-instancias-revision\/","name":"El ISS justifica el despido de un joven encadenado, pero avisa que a\u00fan hay instancias de revisi\u00f3n - Diario Textual","isPartOf":{"@id":"https:\/\/diariotextual.com\/inicio\/#website"},"primaryImageOfPage":{"@id":"https:\/\/diariotextual.com\/inicio\/index.php\/2019\/07\/01\/iss-justifica-despido-joven-encadenado-avisa-aun-instancias-revision\/#primaryimage"},"image":{"@id":"https:\/\/diariotextual.com\/inicio\/index.php\/2019\/07\/01\/iss-justifica-despido-joven-encadenado-avisa-aun-instancias-revision\/#primaryimage"},"thumbnailUrl":"https:\/\/diariotextual.com\/inicio\/wp-content\/uploads\/2019\/07\/reinharttjonathaniss2019-1.jpg","datePublished":"2019-07-01T15:00:57+00:00","dateModified":"2019-07-02T02:38:49+00:00","breadcrumb":{"@id":"https:\/\/diariotextual.com\/inicio\/index.php\/2019\/07\/01\/iss-justifica-despido-joven-encadenado-avisa-aun-instancias-revision\/#breadcrumb"},"inLanguage":"es","potentialAction":[{"@type":"ReadAction","target":["https:\/\/diariotextual.com\/inicio\/index.php\/2019\/07\/01\/iss-justifica-despido-joven-encadenado-avisa-aun-instancias-revision\/"]}]},{"@type":"ImageObject","inLanguage":"es","@id":"https:\/\/diariotextual.com\/inicio\/index.php\/2019\/07\/01\/iss-justifica-despido-joven-encadenado-avisa-aun-instancias-revision\/#primaryimage","url":"https:\/\/diariotextual.com\/inicio\/wp-content\/uploads\/2019\/07\/reinharttjonathaniss2019-1.jpg","contentUrl":"https:\/\/diariotextual.com\/inicio\/wp-content\/uploads\/2019\/07\/reinharttjonathaniss2019-1.jpg","width":1100,"height":806},{"@type":"BreadcrumbList","@id":"https:\/\/diariotextual.com\/inicio\/index.php\/2019\/07\/01\/iss-justifica-despido-joven-encadenado-avisa-aun-instancias-revision\/#breadcrumb","itemListElement":[{"@type":"ListItem","position":1,"name":"Portada","item":"https:\/\/diariotextual.com\/inicio\/"},{"@type":"ListItem","position":2,"name":"El ISS justifica el despido de un joven encadenado, pero avisa que a\u00fan hay instancias de revisi\u00f3n"}]},{"@type":"WebSite","@id":"https:\/\/diariotextual.com\/inicio\/#website","url":"https:\/\/diariotextual.com\/inicio\/","name":"Diario Textual","description":"","publisher":{"@id":"https:\/\/diariotextual.com\/inicio\/#organization"},"potentialAction":[{"@type":"SearchAction","target":{"@type":"EntryPoint","urlTemplate":"https:\/\/diariotextual.com\/inicio\/?s={search_term_string}"},"query-input":{"@type":"PropertyValueSpecification","valueRequired":true,"valueName":"search_term_string"}}],"inLanguage":"es"},{"@type":"Organization","@id":"https:\/\/diariotextual.com\/inicio\/#organization","name":"Diario Textual","url":"https:\/\/diariotextual.com\/inicio\/","logo":{"@type":"ImageObject","inLanguage":"es","@id":"https:\/\/diariotextual.com\/inicio\/#\/schema\/logo\/image\/","url":"https:\/\/diariotextual.com\/inicio\/wp-content\/uploads\/2023\/05\/logotextual1.jpg","contentUrl":"https:\/\/diariotextual.com\/inicio\/wp-content\/uploads\/2023\/05\/logotextual1.jpg","width":516,"height":76,"caption":"Diario Textual"},"image":{"@id":"https:\/\/diariotextual.com\/inicio\/#\/schema\/logo\/image\/"},"sameAs":["https:\/\/www.facebook.com\/eltextual","https:\/\/x.com\/eltextual","http:\/\/www.instagram.com\/eltextual"]},{"@type":"Person","@id":"https:\/\/diariotextual.com\/inicio\/#\/schema\/person\/418fc4093c33e86ed41562db3508f958","name":"Diario1 Diario1","image":{"@type":"ImageObject","inLanguage":"es","@id":"https:\/\/secure.gravatar.com\/avatar\/9167d280179c85bc18be67aa7eda765854300033af4896dd779b608640f2ef7a?s=96&d=mm&r=g","url":"https:\/\/secure.gravatar.com\/avatar\/9167d280179c85bc18be67aa7eda765854300033af4896dd779b608640f2ef7a?s=96&d=mm&r=g","contentUrl":"https:\/\/secure.gravatar.com\/avatar\/9167d280179c85bc18be67aa7eda765854300033af4896dd779b608640f2ef7a?s=96&d=mm&r=g","caption":"Diario1 Diario1"},"url":"https:\/\/diariotextual.com\/inicio\/index.php\/author\/diario1\/"}]}},"_links":{"self":[{"href":"https:\/\/diariotextual.com\/inicio\/index.php\/wp-json\/wp\/v2\/posts\/54332","targetHints":{"allow":["GET"]}}],"collection":[{"href":"https:\/\/diariotextual.com\/inicio\/index.php\/wp-json\/wp\/v2\/posts"}],"about":[{"href":"https:\/\/diariotextual.com\/inicio\/index.php\/wp-json\/wp\/v2\/types\/post"}],"author":[{"embeddable":true,"href":"https:\/\/diariotextual.com\/inicio\/index.php\/wp-json\/wp\/v2\/users\/3"}],"replies":[{"embeddable":true,"href":"https:\/\/diariotextual.com\/inicio\/index.php\/wp-json\/wp\/v2\/comments?post=54332"}],"version-history":[{"count":6,"href":"https:\/\/diariotextual.com\/inicio\/index.php\/wp-json\/wp\/v2\/posts\/54332\/revisions"}],"predecessor-version":[{"id":54344,"href":"https:\/\/diariotextual.com\/inicio\/index.php\/wp-json\/wp\/v2\/posts\/54332\/revisions\/54344"}],"wp:featuredmedia":[{"embeddable":true,"href":"https:\/\/diariotextual.com\/inicio\/index.php\/wp-json\/wp\/v2\/media\/54265"}],"wp:attachment":[{"href":"https:\/\/diariotextual.com\/inicio\/index.php\/wp-json\/wp\/v2\/media?parent=54332"}],"wp:term":[{"taxonomy":"category","embeddable":true,"href":"https:\/\/diariotextual.com\/inicio\/index.php\/wp-json\/wp\/v2\/categories?post=54332"},{"taxonomy":"post_tag","embeddable":true,"href":"https:\/\/diariotextual.com\/inicio\/index.php\/wp-json\/wp\/v2\/tags?post=54332"}],"curies":[{"name":"wp","href":"https:\/\/api.w.org\/{rel}","templated":true}]}}