{"id":54353,"date":"2019-07-01T12:45:39","date_gmt":"2019-07-01T15:45:39","guid":{"rendered":"http:\/\/diariotextual.com\/inicio\/?p=54353"},"modified":"2019-07-02T10:48:18","modified_gmt":"2019-07-02T13:48:18","slug":"operativo-invierno-300-policias-saldran-las-rutas-controlar","status":"publish","type":"post","link":"https:\/\/diariotextual.com\/inicio\/index.php\/2019\/07\/01\/operativo-invierno-300-policias-saldran-las-rutas-controlar\/","title":{"rendered":"Operativo invierno: 300 polic\u00edas saldr\u00e1n a las rutas a controlar"},"content":{"rendered":"<p>Con <strong>300 efectivos<\/strong> policiales en las rutas pampeanas se llevar\u00e1 adelante <strong>desde el 5 de julio al 5 de agosto el Operativo Invierno 2019<\/strong>. Controlar\u00e1n la documentaci\u00f3n (licencia de conducir, tarjeta verde y seguro), har\u00e1n recomendaciones sobre el uso de las precauciones en algunos tramos de ruta y practicar\u00e1n el test de alcoholemia.<\/p>\n<p>El lanzamiento se realiz\u00f3 este lunes en el Ministerio de Seguridad, con presencia del gabinete completo, referentes de Veteranos de Malvinas y de la Fundaci\u00f3n Estrellas Amarillas.<\/p>\n<p>El Operativo Invierno 2019 se efectivizar\u00e1 desde el 5 de julio hasta el 5 de agosto, con la intenci\u00f3n de que mantenga vigencia no solo durante vacaciones invernales de La Pampa, sino tambi\u00e9n del resto de las provincias del pa\u00eds.<br \/>\n<strong>Implica controlar que los conductores cuenten con la documentaci\u00f3n pertinente (licencia de conducir, tarjeta verde y seguro), tambi\u00e9n se les recomendar\u00e1 que hagan uso de las precauciones en algunos tramos de ruta y se les practicar\u00e1 test de alcoholemia.<\/strong><\/p>\n<p>Los detalles fueron informados por el ministro de Seguridad, Julio Gonz\u00e1lez, el director de Seguridad Vial, Fernando Funes, el jefe de Operaciones, Dar\u00edo Mart\u00ednez y Silvia Gonz\u00e1lez de Estrellas Amarillas.<\/p>\n<p>El ministro especific\u00f3 que la intenci\u00f3n es brindar cobertura y seguridad a todos los que circulen por rutas pampeanas durante las vacaciones de invierno de todo el pa\u00eds. \u201cIncluir\u00e1 todos los Puestos Camineros y los puntos de observaci\u00f3n. Este a\u00f1o tambi\u00e9n contaremos con la colaboraci\u00f3n del Ministerio de Salud, en puntos como La Reforma y 25 de Mayo, tambi\u00e9n en El Carancho\u201d, se\u00f1al\u00f3.<\/p>\n<p>&nbsp;<\/p>\n<p><strong>Puestos de control<\/strong><\/p>\n<p>El jefe de Operaciones, Dar\u00edo Mart\u00ednez, precis\u00f3 que <strong>los puestos de control ser\u00e1n 20, afectando la participaci\u00f3n de 300 efectivos policiales<\/strong>. \u201cContar\u00e1n con todos los recursos disponibles, como por ejemplo motociclistas de alta cilindrada. Tambi\u00e9n se incluye la colaboraci\u00f3n de Defensa Civil, Estrellas Amarillas, Salud p\u00fablica y ex combatientes de Malvinas. La Pampa est\u00e1 adherida a la norma nacional de Tr\u00e1nsito, lo que habilita a realizar todos los controles necesarios. Chequeos rutinarios y testeo de alcoholemias. En la 35 y 154 habr\u00e1 controles tipo enlaces, teniendo en cuenta la extensi\u00f3n de kil\u00f3metros\u201d, se\u00f1al\u00f3.<\/p>\n<p>&nbsp;<\/p>\n<p><strong>Regalos<\/strong><\/p>\n<p>En tanto Fernando Funes, agreg\u00f3 que las fuerzas federales fueron invitadas a participar. \u201cFalta coordinar en qu\u00e9 parte van a colaborar. Adem\u00e1s <strong>hemos adquirido unos 2.500 kits de primeros auxilios. En los casos en que el test de alcoholemia sea negativo, a modo de premio otorgaremos un kits de regalo\u201d<\/strong>, inform\u00f3.<\/p>\n<p>&nbsp;<\/p>\n<p><strong>V\u00edctimas<\/strong><\/p>\n<p>Agreg\u00f3 que durante el a\u00f1o<strong> 2018 hubo 29 v\u00edctimas fatales y en lo que va de este a\u00f1o se registran hasta la fecha 14<\/strong>. \u201cSi bien es la mitad, es importante porque en el a\u00f1o 2018 tuvimos m\u00e1s de 60 v\u00edctimas fatales. Hay una reducci\u00f3n considerable\u201d, concluy\u00f3.<\/p>\n<p>Por su parte, Silvia Gonz\u00e1lez, se\u00f1al\u00f3 que se han \u00abdisminuido mucho\u00bb las v\u00edctimas en nuestra Provincia gracias al incremento de controles de manera permanente. \u00abCreo que nunca tuvimos tantos controles como en estos \u00faltimos dos a\u00f1os. <strong>Pero no puedo dejar de mencionar que en los protocolos de actuaci\u00f3n de siniestros viales, a\u00fan hay cuestiones. Cuestiones que creemos se deben coordinar.<\/strong> Nosotros trajimos una propuesta, que tiene que ver con que las v\u00edctimas no sean re victimizadas\u201d, concluy\u00f3.<\/p>\n<p><strong>Sistema scoring\u00a0<\/strong><br \/>\nConsultado sobre la aplicaci\u00f3n del sistema en La Pampa, el ministro explic\u00f3 que en la \u00faltima reuni\u00f3n del Consejo Federal de Seguridad Vial \u00e9ste fue un punto central si bien la idea es su utilizaci\u00f3n en todo el pa\u00eds. En La Pampa coexisten dos sistemas de emisi\u00f3n de licencias: el provincial y seis localidades que emiten la licencia nacional. Nosotros tenemos que avanzar, al momento hay 10 localidades que ya presentaron toda la documentaci\u00f3n a la Agencia de Seguridad Vial. Una vez que podamos cubrir toda la geograf\u00eda pampeana, podremos avanzar el sistema scoring. Estamos trabajando en esto\u201d, manifest\u00f3.<\/p>\n<p>&nbsp;<\/p>\n","protected":false},"excerpt":{"rendered":"<p>Con 300 efectivos policiales en las rutas pampeanas se llevar\u00e1 adelante desde el 5 de julio al 5 de agosto el Operativo Invierno 2019. Controlar\u00e1n la documentaci\u00f3n (licencia de conducir,&hellip;<\/p>\n","protected":false},"author":4,"featured_media":54354,"comment_status":"closed","ping_status":"open","sticky":false,"template":"","format":"standard","meta":{"_acf_changed":false,"footnotes":""},"categories":[319,12],"tags":[],"class_list":["post-54353","post","type-post","status-publish","format-standard","has-post-thumbnail","hentry","category-a-temporales","category-sociedad"],"acf":[],"yoast_head":"<!-- This site is optimized with the Yoast SEO plugin v27.5 - https:\/\/yoast.com\/product\/yoast-seo-wordpress\/ -->\n<title>Operativo invierno: 300 polic\u00edas saldr\u00e1n a las rutas a controlar - Diario Textual<\/title>\n<meta name=\"robots\" content=\"index, follow, max-snippet:-1, max-image-preview:large, max-video-preview:-1\" \/>\n<link rel=\"canonical\" href=\"https:\/\/diariotextual.com\/inicio\/index.php\/2019\/07\/01\/operativo-invierno-300-policias-saldran-las-rutas-controlar\/\" \/>\n<meta property=\"og:locale\" content=\"es_ES\" \/>\n<meta property=\"og:type\" content=\"article\" \/>\n<meta property=\"og:title\" content=\"Operativo invierno: 300 polic\u00edas saldr\u00e1n a las rutas a controlar - Diario Textual\" \/>\n<meta property=\"og:description\" content=\"Con 300 efectivos policiales en las rutas pampeanas se llevar\u00e1 adelante desde el 5 de julio al 5 de agosto el Operativo Invierno 2019. Controlar\u00e1n la documentaci\u00f3n (licencia de conducir,&hellip;\" \/>\n<meta property=\"og:url\" content=\"https:\/\/diariotextual.com\/inicio\/index.php\/2019\/07\/01\/operativo-invierno-300-policias-saldran-las-rutas-controlar\/\" \/>\n<meta property=\"og:site_name\" content=\"Diario Textual\" \/>\n<meta property=\"article:publisher\" content=\"https:\/\/www.facebook.com\/eltextual\" \/>\n<meta property=\"article:published_time\" content=\"2019-07-01T15:45:39+00:00\" \/>\n<meta property=\"article:modified_time\" content=\"2019-07-02T13:48:18+00:00\" \/>\n<meta property=\"og:image\" content=\"https:\/\/diariotextual.com\/inicio\/wp-content\/uploads\/2019\/07\/operativovidaionvierno2019.jpg\" \/>\n\t<meta property=\"og:image:width\" content=\"840\" \/>\n\t<meta property=\"og:image:height\" content=\"446\" \/>\n\t<meta property=\"og:image:type\" content=\"image\/jpeg\" \/>\n<meta name=\"author\" content=\"diario2\" \/>\n<meta name=\"twitter:card\" content=\"summary_large_image\" \/>\n<meta name=\"twitter:creator\" content=\"@eltextual\" \/>\n<meta name=\"twitter:site\" content=\"@eltextual\" \/>\n<meta name=\"twitter:label1\" content=\"Escrito por\" \/>\n\t<meta name=\"twitter:data1\" content=\"diario2\" \/>\n\t<meta name=\"twitter:label2\" content=\"Tiempo de lectura\" \/>\n\t<meta name=\"twitter:data2\" content=\"3 minutos\" \/>\n<script type=\"application\/ld+json\" class=\"yoast-schema-graph\">{\"@context\":\"https:\\\/\\\/schema.org\",\"@graph\":[{\"@type\":\"Article\",\"@id\":\"https:\\\/\\\/diariotextual.com\\\/inicio\\\/index.php\\\/2019\\\/07\\\/01\\\/operativo-invierno-300-policias-saldran-las-rutas-controlar\\\/#article\",\"isPartOf\":{\"@id\":\"https:\\\/\\\/diariotextual.com\\\/inicio\\\/index.php\\\/2019\\\/07\\\/01\\\/operativo-invierno-300-policias-saldran-las-rutas-controlar\\\/\"},\"author\":{\"name\":\"diario2\",\"@id\":\"https:\\\/\\\/diariotextual.com\\\/inicio\\\/#\\\/schema\\\/person\\\/694f60677f23c4a530867a98f22b3768\"},\"headline\":\"Operativo invierno: 300 polic\u00edas saldr\u00e1n a las rutas a controlar\",\"datePublished\":\"2019-07-01T15:45:39+00:00\",\"dateModified\":\"2019-07-02T13:48:18+00:00\",\"mainEntityOfPage\":{\"@id\":\"https:\\\/\\\/diariotextual.com\\\/inicio\\\/index.php\\\/2019\\\/07\\\/01\\\/operativo-invierno-300-policias-saldran-las-rutas-controlar\\\/\"},\"wordCount\":679,\"publisher\":{\"@id\":\"https:\\\/\\\/diariotextual.com\\\/inicio\\\/#organization\"},\"image\":{\"@id\":\"https:\\\/\\\/diariotextual.com\\\/inicio\\\/index.php\\\/2019\\\/07\\\/01\\\/operativo-invierno-300-policias-saldran-las-rutas-controlar\\\/#primaryimage\"},\"thumbnailUrl\":\"https:\\\/\\\/diariotextual.com\\\/inicio\\\/wp-content\\\/uploads\\\/2019\\\/07\\\/operativovidaionvierno2019.jpg\",\"articleSection\":[\"A - TEMPORALES\",\"SOCIEDAD\"],\"inLanguage\":\"es\"},{\"@type\":\"WebPage\",\"@id\":\"https:\\\/\\\/diariotextual.com\\\/inicio\\\/index.php\\\/2019\\\/07\\\/01\\\/operativo-invierno-300-policias-saldran-las-rutas-controlar\\\/\",\"url\":\"https:\\\/\\\/diariotextual.com\\\/inicio\\\/index.php\\\/2019\\\/07\\\/01\\\/operativo-invierno-300-policias-saldran-las-rutas-controlar\\\/\",\"name\":\"Operativo invierno: 300 polic\u00edas saldr\u00e1n a las rutas a controlar - Diario Textual\",\"isPartOf\":{\"@id\":\"https:\\\/\\\/diariotextual.com\\\/inicio\\\/#website\"},\"primaryImageOfPage\":{\"@id\":\"https:\\\/\\\/diariotextual.com\\\/inicio\\\/index.php\\\/2019\\\/07\\\/01\\\/operativo-invierno-300-policias-saldran-las-rutas-controlar\\\/#primaryimage\"},\"image\":{\"@id\":\"https:\\\/\\\/diariotextual.com\\\/inicio\\\/index.php\\\/2019\\\/07\\\/01\\\/operativo-invierno-300-policias-saldran-las-rutas-controlar\\\/#primaryimage\"},\"thumbnailUrl\":\"https:\\\/\\\/diariotextual.com\\\/inicio\\\/wp-content\\\/uploads\\\/2019\\\/07\\\/operativovidaionvierno2019.jpg\",\"datePublished\":\"2019-07-01T15:45:39+00:00\",\"dateModified\":\"2019-07-02T13:48:18+00:00\",\"breadcrumb\":{\"@id\":\"https:\\\/\\\/diariotextual.com\\\/inicio\\\/index.php\\\/2019\\\/07\\\/01\\\/operativo-invierno-300-policias-saldran-las-rutas-controlar\\\/#breadcrumb\"},\"inLanguage\":\"es\",\"potentialAction\":[{\"@type\":\"ReadAction\",\"target\":[\"https:\\\/\\\/diariotextual.com\\\/inicio\\\/index.php\\\/2019\\\/07\\\/01\\\/operativo-invierno-300-policias-saldran-las-rutas-controlar\\\/\"]}]},{\"@type\":\"ImageObject\",\"inLanguage\":\"es\",\"@id\":\"https:\\\/\\\/diariotextual.com\\\/inicio\\\/index.php\\\/2019\\\/07\\\/01\\\/operativo-invierno-300-policias-saldran-las-rutas-controlar\\\/#primaryimage\",\"url\":\"https:\\\/\\\/diariotextual.com\\\/inicio\\\/wp-content\\\/uploads\\\/2019\\\/07\\\/operativovidaionvierno2019.jpg\",\"contentUrl\":\"https:\\\/\\\/diariotextual.com\\\/inicio\\\/wp-content\\\/uploads\\\/2019\\\/07\\\/operativovidaionvierno2019.jpg\",\"width\":840,\"height\":446,\"caption\":\"????????????????????????????????????\"},{\"@type\":\"BreadcrumbList\",\"@id\":\"https:\\\/\\\/diariotextual.com\\\/inicio\\\/index.php\\\/2019\\\/07\\\/01\\\/operativo-invierno-300-policias-saldran-las-rutas-controlar\\\/#breadcrumb\",\"itemListElement\":[{\"@type\":\"ListItem\",\"position\":1,\"name\":\"Portada\",\"item\":\"https:\\\/\\\/diariotextual.com\\\/inicio\\\/\"},{\"@type\":\"ListItem\",\"position\":2,\"name\":\"Operativo invierno: 300 polic\u00edas saldr\u00e1n a las rutas a controlar\"}]},{\"@type\":\"WebSite\",\"@id\":\"https:\\\/\\\/diariotextual.com\\\/inicio\\\/#website\",\"url\":\"https:\\\/\\\/diariotextual.com\\\/inicio\\\/\",\"name\":\"Diario Textual\",\"description\":\"\",\"publisher\":{\"@id\":\"https:\\\/\\\/diariotextual.com\\\/inicio\\\/#organization\"},\"potentialAction\":[{\"@type\":\"SearchAction\",\"target\":{\"@type\":\"EntryPoint\",\"urlTemplate\":\"https:\\\/\\\/diariotextual.com\\\/inicio\\\/?s={search_term_string}\"},\"query-input\":{\"@type\":\"PropertyValueSpecification\",\"valueRequired\":true,\"valueName\":\"search_term_string\"}}],\"inLanguage\":\"es\"},{\"@type\":\"Organization\",\"@id\":\"https:\\\/\\\/diariotextual.com\\\/inicio\\\/#organization\",\"name\":\"Diario Textual\",\"url\":\"https:\\\/\\\/diariotextual.com\\\/inicio\\\/\",\"logo\":{\"@type\":\"ImageObject\",\"inLanguage\":\"es\",\"@id\":\"https:\\\/\\\/diariotextual.com\\\/inicio\\\/#\\\/schema\\\/logo\\\/image\\\/\",\"url\":\"https:\\\/\\\/diariotextual.com\\\/inicio\\\/wp-content\\\/uploads\\\/2023\\\/05\\\/logotextual1.jpg\",\"contentUrl\":\"https:\\\/\\\/diariotextual.com\\\/inicio\\\/wp-content\\\/uploads\\\/2023\\\/05\\\/logotextual1.jpg\",\"width\":516,\"height\":76,\"caption\":\"Diario Textual\"},\"image\":{\"@id\":\"https:\\\/\\\/diariotextual.com\\\/inicio\\\/#\\\/schema\\\/logo\\\/image\\\/\"},\"sameAs\":[\"https:\\\/\\\/www.facebook.com\\\/eltextual\",\"https:\\\/\\\/x.com\\\/eltextual\",\"http:\\\/\\\/www.instagram.com\\\/eltextual\"]},{\"@type\":\"Person\",\"@id\":\"https:\\\/\\\/diariotextual.com\\\/inicio\\\/#\\\/schema\\\/person\\\/694f60677f23c4a530867a98f22b3768\",\"name\":\"diario2\",\"image\":{\"@type\":\"ImageObject\",\"inLanguage\":\"es\",\"@id\":\"https:\\\/\\\/secure.gravatar.com\\\/avatar\\\/5a2567495ba16b852fcd8f1ed006a2e24fcace936018ed8237e95f488ad6e0a7?s=96&d=mm&r=g\",\"url\":\"https:\\\/\\\/secure.gravatar.com\\\/avatar\\\/5a2567495ba16b852fcd8f1ed006a2e24fcace936018ed8237e95f488ad6e0a7?s=96&d=mm&r=g\",\"contentUrl\":\"https:\\\/\\\/secure.gravatar.com\\\/avatar\\\/5a2567495ba16b852fcd8f1ed006a2e24fcace936018ed8237e95f488ad6e0a7?s=96&d=mm&r=g\",\"caption\":\"diario2\"},\"url\":\"https:\\\/\\\/diariotextual.com\\\/inicio\\\/index.php\\\/author\\\/diario2\\\/\"}]}<\/script>\n<!-- \/ Yoast SEO plugin. -->","yoast_head_json":{"title":"Operativo invierno: 300 polic\u00edas saldr\u00e1n a las rutas a controlar - Diario Textual","robots":{"index":"index","follow":"follow","max-snippet":"max-snippet:-1","max-image-preview":"max-image-preview:large","max-video-preview":"max-video-preview:-1"},"canonical":"https:\/\/diariotextual.com\/inicio\/index.php\/2019\/07\/01\/operativo-invierno-300-policias-saldran-las-rutas-controlar\/","og_locale":"es_ES","og_type":"article","og_title":"Operativo invierno: 300 polic\u00edas saldr\u00e1n a las rutas a controlar - Diario Textual","og_description":"Con 300 efectivos policiales en las rutas pampeanas se llevar\u00e1 adelante desde el 5 de julio al 5 de agosto el Operativo Invierno 2019. Controlar\u00e1n la documentaci\u00f3n (licencia de conducir,&hellip;","og_url":"https:\/\/diariotextual.com\/inicio\/index.php\/2019\/07\/01\/operativo-invierno-300-policias-saldran-las-rutas-controlar\/","og_site_name":"Diario Textual","article_publisher":"https:\/\/www.facebook.com\/eltextual","article_published_time":"2019-07-01T15:45:39+00:00","article_modified_time":"2019-07-02T13:48:18+00:00","og_image":[{"width":840,"height":446,"url":"https:\/\/diariotextual.com\/inicio\/wp-content\/uploads\/2019\/07\/operativovidaionvierno2019.jpg","type":"image\/jpeg"}],"author":"diario2","twitter_card":"summary_large_image","twitter_creator":"@eltextual","twitter_site":"@eltextual","twitter_misc":{"Escrito por":"diario2","Tiempo de lectura":"3 minutos"},"schema":{"@context":"https:\/\/schema.org","@graph":[{"@type":"Article","@id":"https:\/\/diariotextual.com\/inicio\/index.php\/2019\/07\/01\/operativo-invierno-300-policias-saldran-las-rutas-controlar\/#article","isPartOf":{"@id":"https:\/\/diariotextual.com\/inicio\/index.php\/2019\/07\/01\/operativo-invierno-300-policias-saldran-las-rutas-controlar\/"},"author":{"name":"diario2","@id":"https:\/\/diariotextual.com\/inicio\/#\/schema\/person\/694f60677f23c4a530867a98f22b3768"},"headline":"Operativo invierno: 300 polic\u00edas saldr\u00e1n a las rutas a controlar","datePublished":"2019-07-01T15:45:39+00:00","dateModified":"2019-07-02T13:48:18+00:00","mainEntityOfPage":{"@id":"https:\/\/diariotextual.com\/inicio\/index.php\/2019\/07\/01\/operativo-invierno-300-policias-saldran-las-rutas-controlar\/"},"wordCount":679,"publisher":{"@id":"https:\/\/diariotextual.com\/inicio\/#organization"},"image":{"@id":"https:\/\/diariotextual.com\/inicio\/index.php\/2019\/07\/01\/operativo-invierno-300-policias-saldran-las-rutas-controlar\/#primaryimage"},"thumbnailUrl":"https:\/\/diariotextual.com\/inicio\/wp-content\/uploads\/2019\/07\/operativovidaionvierno2019.jpg","articleSection":["A - TEMPORALES","SOCIEDAD"],"inLanguage":"es"},{"@type":"WebPage","@id":"https:\/\/diariotextual.com\/inicio\/index.php\/2019\/07\/01\/operativo-invierno-300-policias-saldran-las-rutas-controlar\/","url":"https:\/\/diariotextual.com\/inicio\/index.php\/2019\/07\/01\/operativo-invierno-300-policias-saldran-las-rutas-controlar\/","name":"Operativo invierno: 300 polic\u00edas saldr\u00e1n a las rutas a controlar - Diario Textual","isPartOf":{"@id":"https:\/\/diariotextual.com\/inicio\/#website"},"primaryImageOfPage":{"@id":"https:\/\/diariotextual.com\/inicio\/index.php\/2019\/07\/01\/operativo-invierno-300-policias-saldran-las-rutas-controlar\/#primaryimage"},"image":{"@id":"https:\/\/diariotextual.com\/inicio\/index.php\/2019\/07\/01\/operativo-invierno-300-policias-saldran-las-rutas-controlar\/#primaryimage"},"thumbnailUrl":"https:\/\/diariotextual.com\/inicio\/wp-content\/uploads\/2019\/07\/operativovidaionvierno2019.jpg","datePublished":"2019-07-01T15:45:39+00:00","dateModified":"2019-07-02T13:48:18+00:00","breadcrumb":{"@id":"https:\/\/diariotextual.com\/inicio\/index.php\/2019\/07\/01\/operativo-invierno-300-policias-saldran-las-rutas-controlar\/#breadcrumb"},"inLanguage":"es","potentialAction":[{"@type":"ReadAction","target":["https:\/\/diariotextual.com\/inicio\/index.php\/2019\/07\/01\/operativo-invierno-300-policias-saldran-las-rutas-controlar\/"]}]},{"@type":"ImageObject","inLanguage":"es","@id":"https:\/\/diariotextual.com\/inicio\/index.php\/2019\/07\/01\/operativo-invierno-300-policias-saldran-las-rutas-controlar\/#primaryimage","url":"https:\/\/diariotextual.com\/inicio\/wp-content\/uploads\/2019\/07\/operativovidaionvierno2019.jpg","contentUrl":"https:\/\/diariotextual.com\/inicio\/wp-content\/uploads\/2019\/07\/operativovidaionvierno2019.jpg","width":840,"height":446,"caption":"????????????????????????????????????"},{"@type":"BreadcrumbList","@id":"https:\/\/diariotextual.com\/inicio\/index.php\/2019\/07\/01\/operativo-invierno-300-policias-saldran-las-rutas-controlar\/#breadcrumb","itemListElement":[{"@type":"ListItem","position":1,"name":"Portada","item":"https:\/\/diariotextual.com\/inicio\/"},{"@type":"ListItem","position":2,"name":"Operativo invierno: 300 polic\u00edas saldr\u00e1n a las rutas a controlar"}]},{"@type":"WebSite","@id":"https:\/\/diariotextual.com\/inicio\/#website","url":"https:\/\/diariotextual.com\/inicio\/","name":"Diario Textual","description":"","publisher":{"@id":"https:\/\/diariotextual.com\/inicio\/#organization"},"potentialAction":[{"@type":"SearchAction","target":{"@type":"EntryPoint","urlTemplate":"https:\/\/diariotextual.com\/inicio\/?s={search_term_string}"},"query-input":{"@type":"PropertyValueSpecification","valueRequired":true,"valueName":"search_term_string"}}],"inLanguage":"es"},{"@type":"Organization","@id":"https:\/\/diariotextual.com\/inicio\/#organization","name":"Diario Textual","url":"https:\/\/diariotextual.com\/inicio\/","logo":{"@type":"ImageObject","inLanguage":"es","@id":"https:\/\/diariotextual.com\/inicio\/#\/schema\/logo\/image\/","url":"https:\/\/diariotextual.com\/inicio\/wp-content\/uploads\/2023\/05\/logotextual1.jpg","contentUrl":"https:\/\/diariotextual.com\/inicio\/wp-content\/uploads\/2023\/05\/logotextual1.jpg","width":516,"height":76,"caption":"Diario Textual"},"image":{"@id":"https:\/\/diariotextual.com\/inicio\/#\/schema\/logo\/image\/"},"sameAs":["https:\/\/www.facebook.com\/eltextual","https:\/\/x.com\/eltextual","http:\/\/www.instagram.com\/eltextual"]},{"@type":"Person","@id":"https:\/\/diariotextual.com\/inicio\/#\/schema\/person\/694f60677f23c4a530867a98f22b3768","name":"diario2","image":{"@type":"ImageObject","inLanguage":"es","@id":"https:\/\/secure.gravatar.com\/avatar\/5a2567495ba16b852fcd8f1ed006a2e24fcace936018ed8237e95f488ad6e0a7?s=96&d=mm&r=g","url":"https:\/\/secure.gravatar.com\/avatar\/5a2567495ba16b852fcd8f1ed006a2e24fcace936018ed8237e95f488ad6e0a7?s=96&d=mm&r=g","contentUrl":"https:\/\/secure.gravatar.com\/avatar\/5a2567495ba16b852fcd8f1ed006a2e24fcace936018ed8237e95f488ad6e0a7?s=96&d=mm&r=g","caption":"diario2"},"url":"https:\/\/diariotextual.com\/inicio\/index.php\/author\/diario2\/"}]}},"_links":{"self":[{"href":"https:\/\/diariotextual.com\/inicio\/index.php\/wp-json\/wp\/v2\/posts\/54353","targetHints":{"allow":["GET"]}}],"collection":[{"href":"https:\/\/diariotextual.com\/inicio\/index.php\/wp-json\/wp\/v2\/posts"}],"about":[{"href":"https:\/\/diariotextual.com\/inicio\/index.php\/wp-json\/wp\/v2\/types\/post"}],"author":[{"embeddable":true,"href":"https:\/\/diariotextual.com\/inicio\/index.php\/wp-json\/wp\/v2\/users\/4"}],"replies":[{"embeddable":true,"href":"https:\/\/diariotextual.com\/inicio\/index.php\/wp-json\/wp\/v2\/comments?post=54353"}],"version-history":[{"count":4,"href":"https:\/\/diariotextual.com\/inicio\/index.php\/wp-json\/wp\/v2\/posts\/54353\/revisions"}],"predecessor-version":[{"id":54367,"href":"https:\/\/diariotextual.com\/inicio\/index.php\/wp-json\/wp\/v2\/posts\/54353\/revisions\/54367"}],"wp:featuredmedia":[{"embeddable":true,"href":"https:\/\/diariotextual.com\/inicio\/index.php\/wp-json\/wp\/v2\/media\/54354"}],"wp:attachment":[{"href":"https:\/\/diariotextual.com\/inicio\/index.php\/wp-json\/wp\/v2\/media?parent=54353"}],"wp:term":[{"taxonomy":"category","embeddable":true,"href":"https:\/\/diariotextual.com\/inicio\/index.php\/wp-json\/wp\/v2\/categories?post=54353"},{"taxonomy":"post_tag","embeddable":true,"href":"https:\/\/diariotextual.com\/inicio\/index.php\/wp-json\/wp\/v2\/tags?post=54353"}],"curies":[{"name":"wp","href":"https:\/\/api.w.org\/{rel}","templated":true}]}}