{"id":54486,"date":"2019-07-02T10:06:53","date_gmt":"2019-07-02T13:06:53","guid":{"rendered":"http:\/\/diariotextual.com\/inicio\/?p=54486"},"modified":"2019-07-02T17:36:49","modified_gmt":"2019-07-02T20:36:49","slug":"mediza-recibir-una-santa-rosa-devastada","status":"publish","type":"post","link":"https:\/\/diariotextual.com\/inicio\/index.php\/2019\/07\/02\/mediza-recibir-una-santa-rosa-devastada\/","title":{"rendered":"Mediza: \u00abVamos a recibir una Santa Rosa devastada\u00bb"},"content":{"rendered":"<p>El futuro secretario de Gobierno de Santa Rosa,<strong> Heriberto Mediza<\/strong>, dijo que la herencia que va a recibir el intendente electo Luciano Di N\u00e1poli (Frejupa) va ser de una <strong>\u00abSanta Rosa devastada\u00bb<\/strong> que va a llevar una <strong>\u00abardua tarea\u00bb para reconstruirla.<\/strong> Sostuvo que la gesti\u00f3n que asumir\u00e1 el 10 de diciembre necesitar\u00e1 el <strong>\u00abacompa\u00f1amiento de todos\u00bb<\/strong> porque <strong>la ciudad est\u00e1 \u00aben su peor momento\u00bb.<\/strong><\/p>\n<p>Mediza habl\u00f3 con Diario Textual el d\u00eda despu\u00e9s de haber sido confirmado por Di N\u00e1poli como su secretario de Gobierno.<\/p>\n<p>\u00abMe gusta el desaf\u00edo y le agradezco a Luciano la confianza. Pretendo colaborar y acompa\u00f1ar en un momento en que la ciudad necesita el acompa\u00f1amiento de todos porque est\u00e1 en su peor momento\u00bb, dijo.<\/p>\n<p><strong>\u00abSer\u00e1 una tarea ardua y mi funci\u00f3n va a ser mantener una buena relaci\u00f3n con todos los sectores de la comunidad. Vamos a ejecutar la promesa electoral de un municipio de puertas abiertas\u00bb<\/strong>, sostuvo.<\/p>\n<p>El exvicegobernador y exdiputado nacional se comprometi\u00f3 a trabajar para <strong>\u00abponer los organismos municipales en l\u00ednea con los organismos provinciales para que sea m\u00e1s flu\u00edda y \u00e1gil la relaci\u00f3n y eso posibilite que a los vecinos les lleguen antes los programas y soluciones\u00bb.<\/strong><\/p>\n<p>\u00bfQu\u00e9 herencia deja la gesti\u00f3n Altolaguirre? \u00abEs demasiado temprano para saberlo. Nos contactaremos despu\u00e9s de octubre. Pero <strong>lo que se ve es que vamos a recibir una Santa Rosa devastada, no solo por esta gesti\u00f3n, sino por anteriores gestiones tambi\u00e9n, profundizada por la inacci\u00f3n del actual Gobierno municipal y por el contexto nacional<\/strong>, donde desde Naci\u00f3n no les han cumplido muchas cosas, como por ejemplo el Plan Director\u00bb, dijo.<\/p>\n","protected":false},"excerpt":{"rendered":"<p>El futuro secretario de Gobierno de Santa Rosa, Heriberto Mediza, dijo que la herencia que va a recibir el intendente electo Luciano Di N\u00e1poli (Frejupa) va ser de una \u00abSanta&hellip;<\/p>\n","protected":false},"author":7,"featured_media":54365,"comment_status":"closed","ping_status":"open","sticky":false,"template":"","format":"standard","meta":{"_acf_changed":false,"footnotes":""},"categories":[319,8],"tags":[],"class_list":["post-54486","post","type-post","status-publish","format-standard","has-post-thumbnail","hentry","category-a-temporales","category-politica"],"acf":[],"yoast_head":"<!-- This site is optimized with the Yoast SEO plugin v27.5 - https:\/\/yoast.com\/product\/yoast-seo-wordpress\/ -->\n<title>Mediza: &quot;Vamos a recibir una Santa Rosa devastada&quot; - Diario Textual<\/title>\n<meta name=\"robots\" content=\"index, follow, max-snippet:-1, max-image-preview:large, max-video-preview:-1\" \/>\n<link rel=\"canonical\" href=\"https:\/\/diariotextual.com\/inicio\/index.php\/2019\/07\/02\/mediza-recibir-una-santa-rosa-devastada\/\" \/>\n<meta property=\"og:locale\" content=\"es_ES\" \/>\n<meta property=\"og:type\" content=\"article\" \/>\n<meta property=\"og:title\" content=\"Mediza: &quot;Vamos a recibir una Santa Rosa devastada&quot; - Diario Textual\" \/>\n<meta property=\"og:description\" content=\"El futuro secretario de Gobierno de Santa Rosa, Heriberto Mediza, dijo que la herencia que va a recibir el intendente electo Luciano Di N\u00e1poli (Frejupa) va ser de una \u00abSanta&hellip;\" \/>\n<meta property=\"og:url\" content=\"https:\/\/diariotextual.com\/inicio\/index.php\/2019\/07\/02\/mediza-recibir-una-santa-rosa-devastada\/\" \/>\n<meta property=\"og:site_name\" content=\"Diario Textual\" \/>\n<meta property=\"article:publisher\" content=\"https:\/\/www.facebook.com\/eltextual\" \/>\n<meta property=\"article:published_time\" content=\"2019-07-02T13:06:53+00:00\" \/>\n<meta property=\"article:modified_time\" content=\"2019-07-02T20:36:49+00:00\" \/>\n<meta property=\"og:image\" content=\"https:\/\/diariotextual.com\/inicio\/wp-content\/uploads\/2019\/07\/mediza.png\" \/>\n\t<meta property=\"og:image:width\" content=\"512\" \/>\n\t<meta property=\"og:image:height\" content=\"351\" \/>\n\t<meta property=\"og:image:type\" content=\"image\/png\" \/>\n<meta name=\"author\" content=\"diario5\" \/>\n<meta name=\"twitter:card\" content=\"summary_large_image\" \/>\n<meta name=\"twitter:creator\" content=\"@eltextual\" \/>\n<meta name=\"twitter:site\" content=\"@eltextual\" \/>\n<meta name=\"twitter:label1\" content=\"Escrito por\" \/>\n\t<meta name=\"twitter:data1\" content=\"diario5\" \/>\n\t<meta name=\"twitter:label2\" content=\"Tiempo de lectura\" \/>\n\t<meta name=\"twitter:data2\" content=\"1 minuto\" \/>\n<script type=\"application\/ld+json\" class=\"yoast-schema-graph\">{\"@context\":\"https:\\\/\\\/schema.org\",\"@graph\":[{\"@type\":\"Article\",\"@id\":\"https:\\\/\\\/diariotextual.com\\\/inicio\\\/index.php\\\/2019\\\/07\\\/02\\\/mediza-recibir-una-santa-rosa-devastada\\\/#article\",\"isPartOf\":{\"@id\":\"https:\\\/\\\/diariotextual.com\\\/inicio\\\/index.php\\\/2019\\\/07\\\/02\\\/mediza-recibir-una-santa-rosa-devastada\\\/\"},\"author\":{\"name\":\"diario5\",\"@id\":\"https:\\\/\\\/diariotextual.com\\\/inicio\\\/#\\\/schema\\\/person\\\/c7834961ad8b29b1d9cdbf4571299067\"},\"headline\":\"Mediza: \u00abVamos a recibir una Santa Rosa devastada\u00bb\",\"datePublished\":\"2019-07-02T13:06:53+00:00\",\"dateModified\":\"2019-07-02T20:36:49+00:00\",\"mainEntityOfPage\":{\"@id\":\"https:\\\/\\\/diariotextual.com\\\/inicio\\\/index.php\\\/2019\\\/07\\\/02\\\/mediza-recibir-una-santa-rosa-devastada\\\/\"},\"wordCount\":292,\"publisher\":{\"@id\":\"https:\\\/\\\/diariotextual.com\\\/inicio\\\/#organization\"},\"image\":{\"@id\":\"https:\\\/\\\/diariotextual.com\\\/inicio\\\/index.php\\\/2019\\\/07\\\/02\\\/mediza-recibir-una-santa-rosa-devastada\\\/#primaryimage\"},\"thumbnailUrl\":\"https:\\\/\\\/diariotextual.com\\\/inicio\\\/wp-content\\\/uploads\\\/2019\\\/07\\\/mediza.png\",\"articleSection\":[\"A - TEMPORALES\",\"POLITICA\"],\"inLanguage\":\"es\"},{\"@type\":\"WebPage\",\"@id\":\"https:\\\/\\\/diariotextual.com\\\/inicio\\\/index.php\\\/2019\\\/07\\\/02\\\/mediza-recibir-una-santa-rosa-devastada\\\/\",\"url\":\"https:\\\/\\\/diariotextual.com\\\/inicio\\\/index.php\\\/2019\\\/07\\\/02\\\/mediza-recibir-una-santa-rosa-devastada\\\/\",\"name\":\"Mediza: \\\"Vamos a recibir una Santa Rosa devastada\\\" - Diario Textual\",\"isPartOf\":{\"@id\":\"https:\\\/\\\/diariotextual.com\\\/inicio\\\/#website\"},\"primaryImageOfPage\":{\"@id\":\"https:\\\/\\\/diariotextual.com\\\/inicio\\\/index.php\\\/2019\\\/07\\\/02\\\/mediza-recibir-una-santa-rosa-devastada\\\/#primaryimage\"},\"image\":{\"@id\":\"https:\\\/\\\/diariotextual.com\\\/inicio\\\/index.php\\\/2019\\\/07\\\/02\\\/mediza-recibir-una-santa-rosa-devastada\\\/#primaryimage\"},\"thumbnailUrl\":\"https:\\\/\\\/diariotextual.com\\\/inicio\\\/wp-content\\\/uploads\\\/2019\\\/07\\\/mediza.png\",\"datePublished\":\"2019-07-02T13:06:53+00:00\",\"dateModified\":\"2019-07-02T20:36:49+00:00\",\"breadcrumb\":{\"@id\":\"https:\\\/\\\/diariotextual.com\\\/inicio\\\/index.php\\\/2019\\\/07\\\/02\\\/mediza-recibir-una-santa-rosa-devastada\\\/#breadcrumb\"},\"inLanguage\":\"es\",\"potentialAction\":[{\"@type\":\"ReadAction\",\"target\":[\"https:\\\/\\\/diariotextual.com\\\/inicio\\\/index.php\\\/2019\\\/07\\\/02\\\/mediza-recibir-una-santa-rosa-devastada\\\/\"]}]},{\"@type\":\"ImageObject\",\"inLanguage\":\"es\",\"@id\":\"https:\\\/\\\/diariotextual.com\\\/inicio\\\/index.php\\\/2019\\\/07\\\/02\\\/mediza-recibir-una-santa-rosa-devastada\\\/#primaryimage\",\"url\":\"https:\\\/\\\/diariotextual.com\\\/inicio\\\/wp-content\\\/uploads\\\/2019\\\/07\\\/mediza.png\",\"contentUrl\":\"https:\\\/\\\/diariotextual.com\\\/inicio\\\/wp-content\\\/uploads\\\/2019\\\/07\\\/mediza.png\",\"width\":512,\"height\":351},{\"@type\":\"BreadcrumbList\",\"@id\":\"https:\\\/\\\/diariotextual.com\\\/inicio\\\/index.php\\\/2019\\\/07\\\/02\\\/mediza-recibir-una-santa-rosa-devastada\\\/#breadcrumb\",\"itemListElement\":[{\"@type\":\"ListItem\",\"position\":1,\"name\":\"Portada\",\"item\":\"https:\\\/\\\/diariotextual.com\\\/inicio\\\/\"},{\"@type\":\"ListItem\",\"position\":2,\"name\":\"Mediza: \u00abVamos a recibir una Santa Rosa devastada\u00bb\"}]},{\"@type\":\"WebSite\",\"@id\":\"https:\\\/\\\/diariotextual.com\\\/inicio\\\/#website\",\"url\":\"https:\\\/\\\/diariotextual.com\\\/inicio\\\/\",\"name\":\"Diario Textual\",\"description\":\"\",\"publisher\":{\"@id\":\"https:\\\/\\\/diariotextual.com\\\/inicio\\\/#organization\"},\"potentialAction\":[{\"@type\":\"SearchAction\",\"target\":{\"@type\":\"EntryPoint\",\"urlTemplate\":\"https:\\\/\\\/diariotextual.com\\\/inicio\\\/?s={search_term_string}\"},\"query-input\":{\"@type\":\"PropertyValueSpecification\",\"valueRequired\":true,\"valueName\":\"search_term_string\"}}],\"inLanguage\":\"es\"},{\"@type\":\"Organization\",\"@id\":\"https:\\\/\\\/diariotextual.com\\\/inicio\\\/#organization\",\"name\":\"Diario Textual\",\"url\":\"https:\\\/\\\/diariotextual.com\\\/inicio\\\/\",\"logo\":{\"@type\":\"ImageObject\",\"inLanguage\":\"es\",\"@id\":\"https:\\\/\\\/diariotextual.com\\\/inicio\\\/#\\\/schema\\\/logo\\\/image\\\/\",\"url\":\"https:\\\/\\\/diariotextual.com\\\/inicio\\\/wp-content\\\/uploads\\\/2023\\\/05\\\/logotextual1.jpg\",\"contentUrl\":\"https:\\\/\\\/diariotextual.com\\\/inicio\\\/wp-content\\\/uploads\\\/2023\\\/05\\\/logotextual1.jpg\",\"width\":516,\"height\":76,\"caption\":\"Diario Textual\"},\"image\":{\"@id\":\"https:\\\/\\\/diariotextual.com\\\/inicio\\\/#\\\/schema\\\/logo\\\/image\\\/\"},\"sameAs\":[\"https:\\\/\\\/www.facebook.com\\\/eltextual\",\"https:\\\/\\\/x.com\\\/eltextual\",\"http:\\\/\\\/www.instagram.com\\\/eltextual\"]},{\"@type\":\"Person\",\"@id\":\"https:\\\/\\\/diariotextual.com\\\/inicio\\\/#\\\/schema\\\/person\\\/c7834961ad8b29b1d9cdbf4571299067\",\"name\":\"diario5\",\"image\":{\"@type\":\"ImageObject\",\"inLanguage\":\"es\",\"@id\":\"https:\\\/\\\/secure.gravatar.com\\\/avatar\\\/948c893b847ca6df68216ead81b63f363408ec9b0f600fefc0641ce78613b111?s=96&d=mm&r=g\",\"url\":\"https:\\\/\\\/secure.gravatar.com\\\/avatar\\\/948c893b847ca6df68216ead81b63f363408ec9b0f600fefc0641ce78613b111?s=96&d=mm&r=g\",\"contentUrl\":\"https:\\\/\\\/secure.gravatar.com\\\/avatar\\\/948c893b847ca6df68216ead81b63f363408ec9b0f600fefc0641ce78613b111?s=96&d=mm&r=g\",\"caption\":\"diario5\"},\"url\":\"https:\\\/\\\/diariotextual.com\\\/inicio\\\/index.php\\\/author\\\/diario5\\\/\"}]}<\/script>\n<!-- \/ Yoast SEO plugin. -->","yoast_head_json":{"title":"Mediza: \"Vamos a recibir una Santa Rosa devastada\" - Diario Textual","robots":{"index":"index","follow":"follow","max-snippet":"max-snippet:-1","max-image-preview":"max-image-preview:large","max-video-preview":"max-video-preview:-1"},"canonical":"https:\/\/diariotextual.com\/inicio\/index.php\/2019\/07\/02\/mediza-recibir-una-santa-rosa-devastada\/","og_locale":"es_ES","og_type":"article","og_title":"Mediza: \"Vamos a recibir una Santa Rosa devastada\" - Diario Textual","og_description":"El futuro secretario de Gobierno de Santa Rosa, Heriberto Mediza, dijo que la herencia que va a recibir el intendente electo Luciano Di N\u00e1poli (Frejupa) va ser de una \u00abSanta&hellip;","og_url":"https:\/\/diariotextual.com\/inicio\/index.php\/2019\/07\/02\/mediza-recibir-una-santa-rosa-devastada\/","og_site_name":"Diario Textual","article_publisher":"https:\/\/www.facebook.com\/eltextual","article_published_time":"2019-07-02T13:06:53+00:00","article_modified_time":"2019-07-02T20:36:49+00:00","og_image":[{"width":512,"height":351,"url":"https:\/\/diariotextual.com\/inicio\/wp-content\/uploads\/2019\/07\/mediza.png","type":"image\/png"}],"author":"diario5","twitter_card":"summary_large_image","twitter_creator":"@eltextual","twitter_site":"@eltextual","twitter_misc":{"Escrito por":"diario5","Tiempo de lectura":"1 minuto"},"schema":{"@context":"https:\/\/schema.org","@graph":[{"@type":"Article","@id":"https:\/\/diariotextual.com\/inicio\/index.php\/2019\/07\/02\/mediza-recibir-una-santa-rosa-devastada\/#article","isPartOf":{"@id":"https:\/\/diariotextual.com\/inicio\/index.php\/2019\/07\/02\/mediza-recibir-una-santa-rosa-devastada\/"},"author":{"name":"diario5","@id":"https:\/\/diariotextual.com\/inicio\/#\/schema\/person\/c7834961ad8b29b1d9cdbf4571299067"},"headline":"Mediza: \u00abVamos a recibir una Santa Rosa devastada\u00bb","datePublished":"2019-07-02T13:06:53+00:00","dateModified":"2019-07-02T20:36:49+00:00","mainEntityOfPage":{"@id":"https:\/\/diariotextual.com\/inicio\/index.php\/2019\/07\/02\/mediza-recibir-una-santa-rosa-devastada\/"},"wordCount":292,"publisher":{"@id":"https:\/\/diariotextual.com\/inicio\/#organization"},"image":{"@id":"https:\/\/diariotextual.com\/inicio\/index.php\/2019\/07\/02\/mediza-recibir-una-santa-rosa-devastada\/#primaryimage"},"thumbnailUrl":"https:\/\/diariotextual.com\/inicio\/wp-content\/uploads\/2019\/07\/mediza.png","articleSection":["A - TEMPORALES","POLITICA"],"inLanguage":"es"},{"@type":"WebPage","@id":"https:\/\/diariotextual.com\/inicio\/index.php\/2019\/07\/02\/mediza-recibir-una-santa-rosa-devastada\/","url":"https:\/\/diariotextual.com\/inicio\/index.php\/2019\/07\/02\/mediza-recibir-una-santa-rosa-devastada\/","name":"Mediza: \"Vamos a recibir una Santa Rosa devastada\" - Diario Textual","isPartOf":{"@id":"https:\/\/diariotextual.com\/inicio\/#website"},"primaryImageOfPage":{"@id":"https:\/\/diariotextual.com\/inicio\/index.php\/2019\/07\/02\/mediza-recibir-una-santa-rosa-devastada\/#primaryimage"},"image":{"@id":"https:\/\/diariotextual.com\/inicio\/index.php\/2019\/07\/02\/mediza-recibir-una-santa-rosa-devastada\/#primaryimage"},"thumbnailUrl":"https:\/\/diariotextual.com\/inicio\/wp-content\/uploads\/2019\/07\/mediza.png","datePublished":"2019-07-02T13:06:53+00:00","dateModified":"2019-07-02T20:36:49+00:00","breadcrumb":{"@id":"https:\/\/diariotextual.com\/inicio\/index.php\/2019\/07\/02\/mediza-recibir-una-santa-rosa-devastada\/#breadcrumb"},"inLanguage":"es","potentialAction":[{"@type":"ReadAction","target":["https:\/\/diariotextual.com\/inicio\/index.php\/2019\/07\/02\/mediza-recibir-una-santa-rosa-devastada\/"]}]},{"@type":"ImageObject","inLanguage":"es","@id":"https:\/\/diariotextual.com\/inicio\/index.php\/2019\/07\/02\/mediza-recibir-una-santa-rosa-devastada\/#primaryimage","url":"https:\/\/diariotextual.com\/inicio\/wp-content\/uploads\/2019\/07\/mediza.png","contentUrl":"https:\/\/diariotextual.com\/inicio\/wp-content\/uploads\/2019\/07\/mediza.png","width":512,"height":351},{"@type":"BreadcrumbList","@id":"https:\/\/diariotextual.com\/inicio\/index.php\/2019\/07\/02\/mediza-recibir-una-santa-rosa-devastada\/#breadcrumb","itemListElement":[{"@type":"ListItem","position":1,"name":"Portada","item":"https:\/\/diariotextual.com\/inicio\/"},{"@type":"ListItem","position":2,"name":"Mediza: \u00abVamos a recibir una Santa Rosa devastada\u00bb"}]},{"@type":"WebSite","@id":"https:\/\/diariotextual.com\/inicio\/#website","url":"https:\/\/diariotextual.com\/inicio\/","name":"Diario Textual","description":"","publisher":{"@id":"https:\/\/diariotextual.com\/inicio\/#organization"},"potentialAction":[{"@type":"SearchAction","target":{"@type":"EntryPoint","urlTemplate":"https:\/\/diariotextual.com\/inicio\/?s={search_term_string}"},"query-input":{"@type":"PropertyValueSpecification","valueRequired":true,"valueName":"search_term_string"}}],"inLanguage":"es"},{"@type":"Organization","@id":"https:\/\/diariotextual.com\/inicio\/#organization","name":"Diario Textual","url":"https:\/\/diariotextual.com\/inicio\/","logo":{"@type":"ImageObject","inLanguage":"es","@id":"https:\/\/diariotextual.com\/inicio\/#\/schema\/logo\/image\/","url":"https:\/\/diariotextual.com\/inicio\/wp-content\/uploads\/2023\/05\/logotextual1.jpg","contentUrl":"https:\/\/diariotextual.com\/inicio\/wp-content\/uploads\/2023\/05\/logotextual1.jpg","width":516,"height":76,"caption":"Diario Textual"},"image":{"@id":"https:\/\/diariotextual.com\/inicio\/#\/schema\/logo\/image\/"},"sameAs":["https:\/\/www.facebook.com\/eltextual","https:\/\/x.com\/eltextual","http:\/\/www.instagram.com\/eltextual"]},{"@type":"Person","@id":"https:\/\/diariotextual.com\/inicio\/#\/schema\/person\/c7834961ad8b29b1d9cdbf4571299067","name":"diario5","image":{"@type":"ImageObject","inLanguage":"es","@id":"https:\/\/secure.gravatar.com\/avatar\/948c893b847ca6df68216ead81b63f363408ec9b0f600fefc0641ce78613b111?s=96&d=mm&r=g","url":"https:\/\/secure.gravatar.com\/avatar\/948c893b847ca6df68216ead81b63f363408ec9b0f600fefc0641ce78613b111?s=96&d=mm&r=g","contentUrl":"https:\/\/secure.gravatar.com\/avatar\/948c893b847ca6df68216ead81b63f363408ec9b0f600fefc0641ce78613b111?s=96&d=mm&r=g","caption":"diario5"},"url":"https:\/\/diariotextual.com\/inicio\/index.php\/author\/diario5\/"}]}},"_links":{"self":[{"href":"https:\/\/diariotextual.com\/inicio\/index.php\/wp-json\/wp\/v2\/posts\/54486","targetHints":{"allow":["GET"]}}],"collection":[{"href":"https:\/\/diariotextual.com\/inicio\/index.php\/wp-json\/wp\/v2\/posts"}],"about":[{"href":"https:\/\/diariotextual.com\/inicio\/index.php\/wp-json\/wp\/v2\/types\/post"}],"author":[{"embeddable":true,"href":"https:\/\/diariotextual.com\/inicio\/index.php\/wp-json\/wp\/v2\/users\/7"}],"replies":[{"embeddable":true,"href":"https:\/\/diariotextual.com\/inicio\/index.php\/wp-json\/wp\/v2\/comments?post=54486"}],"version-history":[{"count":1,"href":"https:\/\/diariotextual.com\/inicio\/index.php\/wp-json\/wp\/v2\/posts\/54486\/revisions"}],"predecessor-version":[{"id":54491,"href":"https:\/\/diariotextual.com\/inicio\/index.php\/wp-json\/wp\/v2\/posts\/54486\/revisions\/54491"}],"wp:featuredmedia":[{"embeddable":true,"href":"https:\/\/diariotextual.com\/inicio\/index.php\/wp-json\/wp\/v2\/media\/54365"}],"wp:attachment":[{"href":"https:\/\/diariotextual.com\/inicio\/index.php\/wp-json\/wp\/v2\/media?parent=54486"}],"wp:term":[{"taxonomy":"category","embeddable":true,"href":"https:\/\/diariotextual.com\/inicio\/index.php\/wp-json\/wp\/v2\/categories?post=54486"},{"taxonomy":"post_tag","embeddable":true,"href":"https:\/\/diariotextual.com\/inicio\/index.php\/wp-json\/wp\/v2\/tags?post=54486"}],"curies":[{"name":"wp","href":"https:\/\/api.w.org\/{rel}","templated":true}]}}