{"id":54513,"date":"2019-07-02T11:35:44","date_gmt":"2019-07-02T14:35:44","guid":{"rendered":"http:\/\/diariotextual.com\/inicio\/?p=54513"},"modified":"2019-07-02T13:21:11","modified_gmt":"2019-07-02T16:21:11","slug":"cuido-tres-anos-una-clinica-padre-ahora-huelga-hambre-poder-verlo-2","status":"publish","type":"post","link":"https:\/\/diariotextual.com\/inicio\/index.php\/2019\/07\/02\/cuido-tres-anos-una-clinica-padre-ahora-huelga-hambre-poder-verlo-2\/","title":{"rendered":"Cuid\u00f3 tres a\u00f1os en una cl\u00ednica a su padre y ahora hace huelga de hambre para poder verlo"},"content":{"rendered":"<p><strong>Diego Trotta<\/strong>, un hombre de 35 a\u00f1os de edad y protagonista de una conmovedora historia de vida, ahor<strong>a inici\u00f3 un acampe y una huelga de hambre<\/strong>\u00a0en el Centro Judicial de Santa Rosa:\u00a0<strong>reclama volver a poder ver a su padre<\/strong>\u00a0<strong>Rub\u00e9n Dar\u00edo Trotta<\/strong>\u00a0(58 a\u00f1os), quien en 2015 fue atropellado por un auto y al que cuid\u00f3 durante tres a\u00f1os de internaci\u00f3n en Buenos Aires.<\/p>\n<p>Rub\u00e9n Trotta es el vecino que fue atropellado, cuando circulaba en bicicleta,\u00a0el 20 de junio de 2015 en la avenida Per\u00f3n al 3.100. Sufri\u00f3 graves lesiones.<\/p>\n<p>Ahora hay una disputa entre sus dos hijos. Uno de ellos es Diego, quien acus\u00f3 a su hermana de \u00abadministrar mal\u00bb la jubilaci\u00f3n y bienes de su padre y reclam\u00f3 al Juzgado Civil 3 que le den la tenencia del hombre que est\u00e1 con severa discapacidad. Pero\u00a0<strong>ella se defendi\u00f3 y pidi\u00f3 escuchar \u00ablas dos campanas\u00bb del caso<\/strong>.\u00a0\u00abEs cierto que generamos deuda.\u00a0<strong>Pero no me importa si estamos en el Veraz, pero s\u00e9 que sus d\u00edas son maravillosos<\/strong>\u00a0y eso es lo que \u00e9l necesita vivir el d\u00eda a d\u00eda\u00bb, dijo.<\/p>\n<p>&nbsp;<\/p>\n<p><strong>Tres a\u00f1os viviendo en el Fleni<\/strong><\/p>\n<p>Diego, hace cuatro a\u00f1os, dej\u00f3 todo en la provincia y fue a cuidar a su padre al Instituto Fleni. Regresaron, ambos, en junio del 2018.<\/p>\n<p>Aqu\u00ed, ya instalado nuevamente, Diego comenz\u00f3 a investigar la administraci\u00f3n de los bienes que hab\u00eda realizado su hermana. Y no le gust\u00f3.<\/p>\n<p>La mujer se llev\u00f3 a su casa, en Toay, a su padre. Tiene un servicio con enfermeras las 24 horas.<\/p>\n<p>Diego, en medio de las acusaciones que le realiz\u00f3 a sus familiares, directamente no pudo ingresar m\u00e1s a la casa de su hermana para visitar a Rub\u00e9n.<\/p>\n<p>Ayer dej\u00f3 de comer alimentos y se instal\u00f3 en uno de los ingresos a los edificios del Centro Judicial. Pide que el Juzgado Civil 3 escuche sus reclamos.<\/p>\n<p>All\u00ed denunci\u00f3 p\u00fablicamente que su hermana y su cu\u00f1ado se est\u00e1n \u201caprovechando\u201d de su padre y le est\u00e1n generando \u201cdeudas\u201d y otros perjuicios econ\u00f3micos. \u201cYo quiero estar con mi viejo, disfrutarlo tranquilo y ayudarlo a que pueda progresar como en su fruct\u00edfera etapa en Buenos Aires. Se tiene que terminar el impedimento de contacto\u201d, dijo.<\/p>\n<p>\u00abA mi el dinero no me importa, pero s\u00ed me importa la calidad de vida que pierde mi padre en manos de una hija irresponsable y sin compromiso verdadero\u00bb, finaliz\u00f3.<\/p>\n<p><strong>\u00bfQu\u00e9 pretende? Obtener la tenencia de su padre para poder llevarlo a su casa en Santa Rosa y, paralelamente, que le retiren la curatela -una la instituci\u00f3n jur\u00eddica creada por el amparo de la persona y los bienes del mayor de edad incapacitado- a su hermana.\u00a0<\/strong><\/p>\n<p>&nbsp;<\/p>\n<p><strong>La versi\u00f3n de la hermana<\/strong><\/p>\n<p>Noelia Trotta, en tanto, eligi\u00f3 las redes sociales para dar su versi\u00f3n. \u00abTodo manipulador emocional se ocupa a fondo en desestabilizar a sus v\u00edctimas a fin de sacarlas de sus casillas y poder as\u00ed acusarlas de ser alguien alterado o inestable\u00bb, lanz\u00f3. \u00abQuiero agradecer a mi familia y a mi padre que se da cuenta de todo\u2026 A las enfermeras con las que compartimos muchas horas juntas y al equipo 503 (NdeR: se refiere a la Lista 503, por la que se postul\u00f3 a la intendencia de Toay, de la mano de Rub\u00e9n Ojuez) que se han bancado la mierda desparramada\u00bb, dijo.<\/p>\n<p>\u00abTodas esas personas que me quieren me han levantado el \u00e1nimo y s\u00e9 que cuento con ellos\u00bb, dijo, a la vez que reclam\u00f3 \u00abescuchar a las dos campanas\u00bb del caso.<\/p>\n<p>Dijo que no le importa si est\u00e1n endeudados y en el sistema Veraz. \u00ab<strong>No me importa si estamos en el Veraz, pero s\u00e9 que sus d\u00edas son maravillosos<\/strong>\u00a0y eso es lo que \u00e9l necesita vivir el d\u00eda a d\u00eda\u00bb, dijo. \u00ab<strong>Saldremos de todas las cuentas m\u00e1s ahora que estoy volviendo a las pistas del trabajo<\/strong>. Mi padre volver\u00e1 a sus cosas en cuanto se sienta recuperado y tendr\u00e1 todo su capital\u00bb, finaliz\u00f3.<\/p>\n<p>&nbsp;<\/p>\n<p>&nbsp;<\/p>\n<p>&nbsp;<\/p>\n<p>&nbsp;<\/p>\n<p>&nbsp;<\/p>\n<p>&nbsp;<\/p>\n","protected":false},"excerpt":{"rendered":"<p>Diego Trotta, un hombre de 35 a\u00f1os de edad y protagonista de una conmovedora historia de vida, ahora inici\u00f3 un acampe y una huelga de hambre\u00a0en el Centro Judicial de&hellip;<\/p>\n","protected":false},"author":3,"featured_media":54499,"comment_status":"closed","ping_status":"open","sticky":false,"template":"","format":"standard","meta":{"_acf_changed":false,"footnotes":""},"categories":[11,319,12],"tags":[2065],"class_list":["post-54513","post","type-post","status-publish","format-standard","has-post-thumbnail","hentry","category-que-pasa","category-a-temporales","category-sociedad","tag-trotta"],"acf":[],"yoast_head":"<!-- This site is optimized with the Yoast SEO plugin v27.5 - https:\/\/yoast.com\/product\/yoast-seo-wordpress\/ -->\n<title>Cuid\u00f3 tres a\u00f1os en una cl\u00ednica a su padre y ahora hace huelga de hambre para poder verlo - Diario Textual<\/title>\n<meta name=\"robots\" content=\"index, follow, max-snippet:-1, max-image-preview:large, max-video-preview:-1\" \/>\n<link rel=\"canonical\" href=\"https:\/\/diariotextual.com\/inicio\/index.php\/2019\/07\/02\/cuido-tres-anos-una-clinica-padre-ahora-huelga-hambre-poder-verlo-2\/\" \/>\n<meta property=\"og:locale\" content=\"es_ES\" \/>\n<meta property=\"og:type\" content=\"article\" \/>\n<meta property=\"og:title\" content=\"Cuid\u00f3 tres a\u00f1os en una cl\u00ednica a su padre y ahora hace huelga de hambre para poder verlo - Diario Textual\" \/>\n<meta property=\"og:description\" content=\"Diego Trotta, un hombre de 35 a\u00f1os de edad y protagonista de una conmovedora historia de vida, ahora inici\u00f3 un acampe y una huelga de hambre\u00a0en el Centro Judicial de&hellip;\" \/>\n<meta property=\"og:url\" content=\"https:\/\/diariotextual.com\/inicio\/index.php\/2019\/07\/02\/cuido-tres-anos-una-clinica-padre-ahora-huelga-hambre-poder-verlo-2\/\" \/>\n<meta property=\"og:site_name\" content=\"Diario Textual\" \/>\n<meta property=\"article:publisher\" content=\"https:\/\/www.facebook.com\/eltextual\" \/>\n<meta property=\"article:published_time\" content=\"2019-07-02T14:35:44+00:00\" \/>\n<meta property=\"article:modified_time\" content=\"2019-07-02T16:21:11+00:00\" \/>\n<meta property=\"og:image\" content=\"https:\/\/diariotextual.com\/inicio\/wp-content\/uploads\/2019\/07\/trottadiego2019-1.jpg\" \/>\n\t<meta property=\"og:image:width\" content=\"1100\" \/>\n\t<meta property=\"og:image:height\" content=\"796\" \/>\n\t<meta property=\"og:image:type\" content=\"image\/jpeg\" \/>\n<meta name=\"author\" content=\"Diario1 Diario1\" \/>\n<meta name=\"twitter:card\" content=\"summary_large_image\" \/>\n<meta name=\"twitter:creator\" content=\"@eltextual\" \/>\n<meta name=\"twitter:site\" content=\"@eltextual\" \/>\n<meta name=\"twitter:label1\" content=\"Escrito por\" \/>\n\t<meta name=\"twitter:data1\" content=\"Diario1 Diario1\" \/>\n\t<meta name=\"twitter:label2\" content=\"Tiempo de lectura\" \/>\n\t<meta name=\"twitter:data2\" content=\"3 minutos\" \/>\n<script type=\"application\/ld+json\" class=\"yoast-schema-graph\">{\"@context\":\"https:\\\/\\\/schema.org\",\"@graph\":[{\"@type\":\"Article\",\"@id\":\"https:\\\/\\\/diariotextual.com\\\/inicio\\\/index.php\\\/2019\\\/07\\\/02\\\/cuido-tres-anos-una-clinica-padre-ahora-huelga-hambre-poder-verlo-2\\\/#article\",\"isPartOf\":{\"@id\":\"https:\\\/\\\/diariotextual.com\\\/inicio\\\/index.php\\\/2019\\\/07\\\/02\\\/cuido-tres-anos-una-clinica-padre-ahora-huelga-hambre-poder-verlo-2\\\/\"},\"author\":{\"name\":\"Diario1 Diario1\",\"@id\":\"https:\\\/\\\/diariotextual.com\\\/inicio\\\/#\\\/schema\\\/person\\\/418fc4093c33e86ed41562db3508f958\"},\"headline\":\"Cuid\u00f3 tres a\u00f1os en una cl\u00ednica a su padre y ahora hace huelga de hambre para poder verlo\",\"datePublished\":\"2019-07-02T14:35:44+00:00\",\"dateModified\":\"2019-07-02T16:21:11+00:00\",\"mainEntityOfPage\":{\"@id\":\"https:\\\/\\\/diariotextual.com\\\/inicio\\\/index.php\\\/2019\\\/07\\\/02\\\/cuido-tres-anos-una-clinica-padre-ahora-huelga-hambre-poder-verlo-2\\\/\"},\"wordCount\":705,\"publisher\":{\"@id\":\"https:\\\/\\\/diariotextual.com\\\/inicio\\\/#organization\"},\"image\":{\"@id\":\"https:\\\/\\\/diariotextual.com\\\/inicio\\\/index.php\\\/2019\\\/07\\\/02\\\/cuido-tres-anos-una-clinica-padre-ahora-huelga-hambre-poder-verlo-2\\\/#primaryimage\"},\"thumbnailUrl\":\"https:\\\/\\\/diariotextual.com\\\/inicio\\\/wp-content\\\/uploads\\\/2019\\\/07\\\/trottadiego2019-1.jpg\",\"keywords\":[\"trotta\"],\"articleSection\":[\"A - QUE PASA (al costado)\",\"A - TEMPORALES\",\"SOCIEDAD\"],\"inLanguage\":\"es\"},{\"@type\":\"WebPage\",\"@id\":\"https:\\\/\\\/diariotextual.com\\\/inicio\\\/index.php\\\/2019\\\/07\\\/02\\\/cuido-tres-anos-una-clinica-padre-ahora-huelga-hambre-poder-verlo-2\\\/\",\"url\":\"https:\\\/\\\/diariotextual.com\\\/inicio\\\/index.php\\\/2019\\\/07\\\/02\\\/cuido-tres-anos-una-clinica-padre-ahora-huelga-hambre-poder-verlo-2\\\/\",\"name\":\"Cuid\u00f3 tres a\u00f1os en una cl\u00ednica a su padre y ahora hace huelga de hambre para poder verlo - Diario Textual\",\"isPartOf\":{\"@id\":\"https:\\\/\\\/diariotextual.com\\\/inicio\\\/#website\"},\"primaryImageOfPage\":{\"@id\":\"https:\\\/\\\/diariotextual.com\\\/inicio\\\/index.php\\\/2019\\\/07\\\/02\\\/cuido-tres-anos-una-clinica-padre-ahora-huelga-hambre-poder-verlo-2\\\/#primaryimage\"},\"image\":{\"@id\":\"https:\\\/\\\/diariotextual.com\\\/inicio\\\/index.php\\\/2019\\\/07\\\/02\\\/cuido-tres-anos-una-clinica-padre-ahora-huelga-hambre-poder-verlo-2\\\/#primaryimage\"},\"thumbnailUrl\":\"https:\\\/\\\/diariotextual.com\\\/inicio\\\/wp-content\\\/uploads\\\/2019\\\/07\\\/trottadiego2019-1.jpg\",\"datePublished\":\"2019-07-02T14:35:44+00:00\",\"dateModified\":\"2019-07-02T16:21:11+00:00\",\"breadcrumb\":{\"@id\":\"https:\\\/\\\/diariotextual.com\\\/inicio\\\/index.php\\\/2019\\\/07\\\/02\\\/cuido-tres-anos-una-clinica-padre-ahora-huelga-hambre-poder-verlo-2\\\/#breadcrumb\"},\"inLanguage\":\"es\",\"potentialAction\":[{\"@type\":\"ReadAction\",\"target\":[\"https:\\\/\\\/diariotextual.com\\\/inicio\\\/index.php\\\/2019\\\/07\\\/02\\\/cuido-tres-anos-una-clinica-padre-ahora-huelga-hambre-poder-verlo-2\\\/\"]}]},{\"@type\":\"ImageObject\",\"inLanguage\":\"es\",\"@id\":\"https:\\\/\\\/diariotextual.com\\\/inicio\\\/index.php\\\/2019\\\/07\\\/02\\\/cuido-tres-anos-una-clinica-padre-ahora-huelga-hambre-poder-verlo-2\\\/#primaryimage\",\"url\":\"https:\\\/\\\/diariotextual.com\\\/inicio\\\/wp-content\\\/uploads\\\/2019\\\/07\\\/trottadiego2019-1.jpg\",\"contentUrl\":\"https:\\\/\\\/diariotextual.com\\\/inicio\\\/wp-content\\\/uploads\\\/2019\\\/07\\\/trottadiego2019-1.jpg\",\"width\":1100,\"height\":796},{\"@type\":\"BreadcrumbList\",\"@id\":\"https:\\\/\\\/diariotextual.com\\\/inicio\\\/index.php\\\/2019\\\/07\\\/02\\\/cuido-tres-anos-una-clinica-padre-ahora-huelga-hambre-poder-verlo-2\\\/#breadcrumb\",\"itemListElement\":[{\"@type\":\"ListItem\",\"position\":1,\"name\":\"Portada\",\"item\":\"https:\\\/\\\/diariotextual.com\\\/inicio\\\/\"},{\"@type\":\"ListItem\",\"position\":2,\"name\":\"Cuid\u00f3 tres a\u00f1os en una cl\u00ednica a su padre y ahora hace huelga de hambre para poder verlo\"}]},{\"@type\":\"WebSite\",\"@id\":\"https:\\\/\\\/diariotextual.com\\\/inicio\\\/#website\",\"url\":\"https:\\\/\\\/diariotextual.com\\\/inicio\\\/\",\"name\":\"Diario Textual\",\"description\":\"\",\"publisher\":{\"@id\":\"https:\\\/\\\/diariotextual.com\\\/inicio\\\/#organization\"},\"potentialAction\":[{\"@type\":\"SearchAction\",\"target\":{\"@type\":\"EntryPoint\",\"urlTemplate\":\"https:\\\/\\\/diariotextual.com\\\/inicio\\\/?s={search_term_string}\"},\"query-input\":{\"@type\":\"PropertyValueSpecification\",\"valueRequired\":true,\"valueName\":\"search_term_string\"}}],\"inLanguage\":\"es\"},{\"@type\":\"Organization\",\"@id\":\"https:\\\/\\\/diariotextual.com\\\/inicio\\\/#organization\",\"name\":\"Diario Textual\",\"url\":\"https:\\\/\\\/diariotextual.com\\\/inicio\\\/\",\"logo\":{\"@type\":\"ImageObject\",\"inLanguage\":\"es\",\"@id\":\"https:\\\/\\\/diariotextual.com\\\/inicio\\\/#\\\/schema\\\/logo\\\/image\\\/\",\"url\":\"https:\\\/\\\/diariotextual.com\\\/inicio\\\/wp-content\\\/uploads\\\/2023\\\/05\\\/logotextual1.jpg\",\"contentUrl\":\"https:\\\/\\\/diariotextual.com\\\/inicio\\\/wp-content\\\/uploads\\\/2023\\\/05\\\/logotextual1.jpg\",\"width\":516,\"height\":76,\"caption\":\"Diario Textual\"},\"image\":{\"@id\":\"https:\\\/\\\/diariotextual.com\\\/inicio\\\/#\\\/schema\\\/logo\\\/image\\\/\"},\"sameAs\":[\"https:\\\/\\\/www.facebook.com\\\/eltextual\",\"https:\\\/\\\/x.com\\\/eltextual\",\"http:\\\/\\\/www.instagram.com\\\/eltextual\"]},{\"@type\":\"Person\",\"@id\":\"https:\\\/\\\/diariotextual.com\\\/inicio\\\/#\\\/schema\\\/person\\\/418fc4093c33e86ed41562db3508f958\",\"name\":\"Diario1 Diario1\",\"image\":{\"@type\":\"ImageObject\",\"inLanguage\":\"es\",\"@id\":\"https:\\\/\\\/secure.gravatar.com\\\/avatar\\\/9167d280179c85bc18be67aa7eda765854300033af4896dd779b608640f2ef7a?s=96&d=mm&r=g\",\"url\":\"https:\\\/\\\/secure.gravatar.com\\\/avatar\\\/9167d280179c85bc18be67aa7eda765854300033af4896dd779b608640f2ef7a?s=96&d=mm&r=g\",\"contentUrl\":\"https:\\\/\\\/secure.gravatar.com\\\/avatar\\\/9167d280179c85bc18be67aa7eda765854300033af4896dd779b608640f2ef7a?s=96&d=mm&r=g\",\"caption\":\"Diario1 Diario1\"},\"url\":\"https:\\\/\\\/diariotextual.com\\\/inicio\\\/index.php\\\/author\\\/diario1\\\/\"}]}<\/script>\n<!-- \/ Yoast SEO plugin. -->","yoast_head_json":{"title":"Cuid\u00f3 tres a\u00f1os en una cl\u00ednica a su padre y ahora hace huelga de hambre para poder verlo - Diario Textual","robots":{"index":"index","follow":"follow","max-snippet":"max-snippet:-1","max-image-preview":"max-image-preview:large","max-video-preview":"max-video-preview:-1"},"canonical":"https:\/\/diariotextual.com\/inicio\/index.php\/2019\/07\/02\/cuido-tres-anos-una-clinica-padre-ahora-huelga-hambre-poder-verlo-2\/","og_locale":"es_ES","og_type":"article","og_title":"Cuid\u00f3 tres a\u00f1os en una cl\u00ednica a su padre y ahora hace huelga de hambre para poder verlo - Diario Textual","og_description":"Diego Trotta, un hombre de 35 a\u00f1os de edad y protagonista de una conmovedora historia de vida, ahora inici\u00f3 un acampe y una huelga de hambre\u00a0en el Centro Judicial de&hellip;","og_url":"https:\/\/diariotextual.com\/inicio\/index.php\/2019\/07\/02\/cuido-tres-anos-una-clinica-padre-ahora-huelga-hambre-poder-verlo-2\/","og_site_name":"Diario Textual","article_publisher":"https:\/\/www.facebook.com\/eltextual","article_published_time":"2019-07-02T14:35:44+00:00","article_modified_time":"2019-07-02T16:21:11+00:00","og_image":[{"width":1100,"height":796,"url":"https:\/\/diariotextual.com\/inicio\/wp-content\/uploads\/2019\/07\/trottadiego2019-1.jpg","type":"image\/jpeg"}],"author":"Diario1 Diario1","twitter_card":"summary_large_image","twitter_creator":"@eltextual","twitter_site":"@eltextual","twitter_misc":{"Escrito por":"Diario1 Diario1","Tiempo de lectura":"3 minutos"},"schema":{"@context":"https:\/\/schema.org","@graph":[{"@type":"Article","@id":"https:\/\/diariotextual.com\/inicio\/index.php\/2019\/07\/02\/cuido-tres-anos-una-clinica-padre-ahora-huelga-hambre-poder-verlo-2\/#article","isPartOf":{"@id":"https:\/\/diariotextual.com\/inicio\/index.php\/2019\/07\/02\/cuido-tres-anos-una-clinica-padre-ahora-huelga-hambre-poder-verlo-2\/"},"author":{"name":"Diario1 Diario1","@id":"https:\/\/diariotextual.com\/inicio\/#\/schema\/person\/418fc4093c33e86ed41562db3508f958"},"headline":"Cuid\u00f3 tres a\u00f1os en una cl\u00ednica a su padre y ahora hace huelga de hambre para poder verlo","datePublished":"2019-07-02T14:35:44+00:00","dateModified":"2019-07-02T16:21:11+00:00","mainEntityOfPage":{"@id":"https:\/\/diariotextual.com\/inicio\/index.php\/2019\/07\/02\/cuido-tres-anos-una-clinica-padre-ahora-huelga-hambre-poder-verlo-2\/"},"wordCount":705,"publisher":{"@id":"https:\/\/diariotextual.com\/inicio\/#organization"},"image":{"@id":"https:\/\/diariotextual.com\/inicio\/index.php\/2019\/07\/02\/cuido-tres-anos-una-clinica-padre-ahora-huelga-hambre-poder-verlo-2\/#primaryimage"},"thumbnailUrl":"https:\/\/diariotextual.com\/inicio\/wp-content\/uploads\/2019\/07\/trottadiego2019-1.jpg","keywords":["trotta"],"articleSection":["A - QUE PASA (al costado)","A - TEMPORALES","SOCIEDAD"],"inLanguage":"es"},{"@type":"WebPage","@id":"https:\/\/diariotextual.com\/inicio\/index.php\/2019\/07\/02\/cuido-tres-anos-una-clinica-padre-ahora-huelga-hambre-poder-verlo-2\/","url":"https:\/\/diariotextual.com\/inicio\/index.php\/2019\/07\/02\/cuido-tres-anos-una-clinica-padre-ahora-huelga-hambre-poder-verlo-2\/","name":"Cuid\u00f3 tres a\u00f1os en una cl\u00ednica a su padre y ahora hace huelga de hambre para poder verlo - Diario Textual","isPartOf":{"@id":"https:\/\/diariotextual.com\/inicio\/#website"},"primaryImageOfPage":{"@id":"https:\/\/diariotextual.com\/inicio\/index.php\/2019\/07\/02\/cuido-tres-anos-una-clinica-padre-ahora-huelga-hambre-poder-verlo-2\/#primaryimage"},"image":{"@id":"https:\/\/diariotextual.com\/inicio\/index.php\/2019\/07\/02\/cuido-tres-anos-una-clinica-padre-ahora-huelga-hambre-poder-verlo-2\/#primaryimage"},"thumbnailUrl":"https:\/\/diariotextual.com\/inicio\/wp-content\/uploads\/2019\/07\/trottadiego2019-1.jpg","datePublished":"2019-07-02T14:35:44+00:00","dateModified":"2019-07-02T16:21:11+00:00","breadcrumb":{"@id":"https:\/\/diariotextual.com\/inicio\/index.php\/2019\/07\/02\/cuido-tres-anos-una-clinica-padre-ahora-huelga-hambre-poder-verlo-2\/#breadcrumb"},"inLanguage":"es","potentialAction":[{"@type":"ReadAction","target":["https:\/\/diariotextual.com\/inicio\/index.php\/2019\/07\/02\/cuido-tres-anos-una-clinica-padre-ahora-huelga-hambre-poder-verlo-2\/"]}]},{"@type":"ImageObject","inLanguage":"es","@id":"https:\/\/diariotextual.com\/inicio\/index.php\/2019\/07\/02\/cuido-tres-anos-una-clinica-padre-ahora-huelga-hambre-poder-verlo-2\/#primaryimage","url":"https:\/\/diariotextual.com\/inicio\/wp-content\/uploads\/2019\/07\/trottadiego2019-1.jpg","contentUrl":"https:\/\/diariotextual.com\/inicio\/wp-content\/uploads\/2019\/07\/trottadiego2019-1.jpg","width":1100,"height":796},{"@type":"BreadcrumbList","@id":"https:\/\/diariotextual.com\/inicio\/index.php\/2019\/07\/02\/cuido-tres-anos-una-clinica-padre-ahora-huelga-hambre-poder-verlo-2\/#breadcrumb","itemListElement":[{"@type":"ListItem","position":1,"name":"Portada","item":"https:\/\/diariotextual.com\/inicio\/"},{"@type":"ListItem","position":2,"name":"Cuid\u00f3 tres a\u00f1os en una cl\u00ednica a su padre y ahora hace huelga de hambre para poder verlo"}]},{"@type":"WebSite","@id":"https:\/\/diariotextual.com\/inicio\/#website","url":"https:\/\/diariotextual.com\/inicio\/","name":"Diario Textual","description":"","publisher":{"@id":"https:\/\/diariotextual.com\/inicio\/#organization"},"potentialAction":[{"@type":"SearchAction","target":{"@type":"EntryPoint","urlTemplate":"https:\/\/diariotextual.com\/inicio\/?s={search_term_string}"},"query-input":{"@type":"PropertyValueSpecification","valueRequired":true,"valueName":"search_term_string"}}],"inLanguage":"es"},{"@type":"Organization","@id":"https:\/\/diariotextual.com\/inicio\/#organization","name":"Diario Textual","url":"https:\/\/diariotextual.com\/inicio\/","logo":{"@type":"ImageObject","inLanguage":"es","@id":"https:\/\/diariotextual.com\/inicio\/#\/schema\/logo\/image\/","url":"https:\/\/diariotextual.com\/inicio\/wp-content\/uploads\/2023\/05\/logotextual1.jpg","contentUrl":"https:\/\/diariotextual.com\/inicio\/wp-content\/uploads\/2023\/05\/logotextual1.jpg","width":516,"height":76,"caption":"Diario Textual"},"image":{"@id":"https:\/\/diariotextual.com\/inicio\/#\/schema\/logo\/image\/"},"sameAs":["https:\/\/www.facebook.com\/eltextual","https:\/\/x.com\/eltextual","http:\/\/www.instagram.com\/eltextual"]},{"@type":"Person","@id":"https:\/\/diariotextual.com\/inicio\/#\/schema\/person\/418fc4093c33e86ed41562db3508f958","name":"Diario1 Diario1","image":{"@type":"ImageObject","inLanguage":"es","@id":"https:\/\/secure.gravatar.com\/avatar\/9167d280179c85bc18be67aa7eda765854300033af4896dd779b608640f2ef7a?s=96&d=mm&r=g","url":"https:\/\/secure.gravatar.com\/avatar\/9167d280179c85bc18be67aa7eda765854300033af4896dd779b608640f2ef7a?s=96&d=mm&r=g","contentUrl":"https:\/\/secure.gravatar.com\/avatar\/9167d280179c85bc18be67aa7eda765854300033af4896dd779b608640f2ef7a?s=96&d=mm&r=g","caption":"Diario1 Diario1"},"url":"https:\/\/diariotextual.com\/inicio\/index.php\/author\/diario1\/"}]}},"_links":{"self":[{"href":"https:\/\/diariotextual.com\/inicio\/index.php\/wp-json\/wp\/v2\/posts\/54513","targetHints":{"allow":["GET"]}}],"collection":[{"href":"https:\/\/diariotextual.com\/inicio\/index.php\/wp-json\/wp\/v2\/posts"}],"about":[{"href":"https:\/\/diariotextual.com\/inicio\/index.php\/wp-json\/wp\/v2\/types\/post"}],"author":[{"embeddable":true,"href":"https:\/\/diariotextual.com\/inicio\/index.php\/wp-json\/wp\/v2\/users\/3"}],"replies":[{"embeddable":true,"href":"https:\/\/diariotextual.com\/inicio\/index.php\/wp-json\/wp\/v2\/comments?post=54513"}],"version-history":[{"count":2,"href":"https:\/\/diariotextual.com\/inicio\/index.php\/wp-json\/wp\/v2\/posts\/54513\/revisions"}],"predecessor-version":[{"id":54515,"href":"https:\/\/diariotextual.com\/inicio\/index.php\/wp-json\/wp\/v2\/posts\/54513\/revisions\/54515"}],"wp:featuredmedia":[{"embeddable":true,"href":"https:\/\/diariotextual.com\/inicio\/index.php\/wp-json\/wp\/v2\/media\/54499"}],"wp:attachment":[{"href":"https:\/\/diariotextual.com\/inicio\/index.php\/wp-json\/wp\/v2\/media?parent=54513"}],"wp:term":[{"taxonomy":"category","embeddable":true,"href":"https:\/\/diariotextual.com\/inicio\/index.php\/wp-json\/wp\/v2\/categories?post=54513"},{"taxonomy":"post_tag","embeddable":true,"href":"https:\/\/diariotextual.com\/inicio\/index.php\/wp-json\/wp\/v2\/tags?post=54513"}],"curies":[{"name":"wp","href":"https:\/\/api.w.org\/{rel}","templated":true}]}}