{"id":54539,"date":"2019-07-02T13:19:28","date_gmt":"2019-07-02T16:19:28","guid":{"rendered":"http:\/\/diariotextual.com\/inicio\/?p=54539"},"modified":"2019-07-03T08:06:26","modified_gmt":"2019-07-03T11:06:26","slug":"la-pampa-inicia-relaciones-comerciales-vietnam","status":"publish","type":"post","link":"https:\/\/diariotextual.com\/inicio\/index.php\/2019\/07\/02\/la-pampa-inicia-relaciones-comerciales-vietnam\/","title":{"rendered":"La Pampa inicia relaciones comerciales con Vietnam"},"content":{"rendered":"<p>La Pampa pretende iniciar relaciones comerciales con Vietnam. Autoridades del Ministerio de la Producci\u00f3n y de la Rep\u00fablica Socialista de Vietnam se reunieron en el Medasur con la intenci\u00f3n de generar relaciones comerciales, culturales y tur\u00edsticas, entre ambas sociedades.<\/p>\n<p><img fetchpriority=\"high\" decoding=\"async\" class=\"alignnone wp-image-54544 size-full\" src=\"http:\/\/diariotextual.com\/inicio\/wp-content\/uploads\/2019\/07\/vietnamlapampamoralejo2019-1.jpeg\" alt=\"\" width=\"1000\" height=\"643\" srcset=\"https:\/\/diariotextual.com\/inicio\/wp-content\/uploads\/2019\/07\/vietnamlapampamoralejo2019-1.jpeg 1000w, https:\/\/diariotextual.com\/inicio\/wp-content\/uploads\/2019\/07\/vietnamlapampamoralejo2019-1-300x193.jpeg 300w, https:\/\/diariotextual.com\/inicio\/wp-content\/uploads\/2019\/07\/vietnamlapampamoralejo2019-1-768x494.jpeg 768w, https:\/\/diariotextual.com\/inicio\/wp-content\/uploads\/2019\/07\/vietnamlapampamoralejo2019-1-585x376.jpeg 585w\" sizes=\"(max-width: 1000px) 100vw, 1000px\" \/><\/p>\n<p>La iniciativa se lleva adelante en el marco de las pol\u00edticas de la Provincia, que en este caso se concretan a trav\u00e9s del Ministerio de la Producci\u00f3n, y que pretenden la inserci\u00f3n de La Pampa en diferentes mercados.<\/p>\n<p>La jornada gir\u00f3 en torno a tres ejes tem\u00e1ticos: oportunidades de negocios en Vietnam, la importancia de los diferentes bloques y los acuerdos comerciales en la comercializaci\u00f3n y la cultura en los negocios.<\/p>\n<p>Fue encabezada por el ministro de la Producci\u00f3n, Ricardo Moralejo, en compa\u00f1\u00eda de autoridades del Ministerio, del c\u00f3nsul de la Rep\u00fablica Social de Vietnam, NguyenVan Chung, y de la directora ejecutiva de la Casa de Asia, Pham Kieu Hanh Lien.<br \/>\nMoralejo explic\u00f3 que la finalidad es lograr el inicio de v\u00ednculos comerciales y culturales favoreciendo la complementariedad y dando a conocer a nuestras empresas las caracter\u00edsticas de estos mercados. \u201cQueremos incentivar una cultura hacia el mercado externo, porque estamos convencidos que en la medida que se mejoren las actividades comerciales y de intercambio productivo y tecnol\u00f3gico, se sumar\u00e1 \u00a0al crecimiento e inserci\u00f3n de la Provincia. Todo esto se traduce en el desarrollo de empresas pampeanas, en la generaci\u00f3n de fuentes de trabajo, en definitiva en el bienestar de los pampeanos\u201d, consider\u00f3 el funcionario.<\/p>\n<p>Dijo que ya hay algunas empresas, fundamentalmente frigor\u00edficos, que est\u00e1n comercializando con Vietnam lo que favoreci\u00f3 a la realizaci\u00f3n de esta reuni\u00f3n. \u00abEn la medida que mejoremos la competitividad, en precio y en log\u00edstica, nos podremos insertar en distintos mercados. Creo que es una apuesta a futuro que debemos realizar desde el Ministerio de la Producci\u00f3n\u201d, dijo.<\/p>\n<p>Agreg\u00f3 que Vietnam tiene un mercado demandante de agroalimentos. \u201cSe inserta muy bien en todo lo que nosotros estamos produciendo. Ya hay un inter\u00e9s importante de parte de ellos en tomar contacto con pymes pampeanas y avanzar -en un futuro cercano- en una comunicaci\u00f3n fluida. Esto es un primer paso. Ya estamos previendo reuniones en la Embajada en Buenos Aires para analizar este encuentro y poder avanzar. Los logros se obtienen si uno les da una continuidad a las iniciativas\u201d, se explay\u00f3 Moralejo.<\/p>\n<p><img decoding=\"async\" class=\"alignnone wp-image-54547 size-full\" src=\"http:\/\/diariotextual.com\/inicio\/wp-content\/uploads\/2019\/07\/vietnamlapampamoralejo2019-3.jpeg\" alt=\"\" width=\"1000\" height=\"667\" srcset=\"https:\/\/diariotextual.com\/inicio\/wp-content\/uploads\/2019\/07\/vietnamlapampamoralejo2019-3.jpeg 1000w, https:\/\/diariotextual.com\/inicio\/wp-content\/uploads\/2019\/07\/vietnamlapampamoralejo2019-3-300x200.jpeg 300w, https:\/\/diariotextual.com\/inicio\/wp-content\/uploads\/2019\/07\/vietnamlapampamoralejo2019-3-768x512.jpeg 768w, https:\/\/diariotextual.com\/inicio\/wp-content\/uploads\/2019\/07\/vietnamlapampamoralejo2019-3-585x390.jpeg 585w, https:\/\/diariotextual.com\/inicio\/wp-content\/uploads\/2019\/07\/vietnamlapampamoralejo2019-3-263x175.jpeg 263w\" sizes=\"(max-width: 1000px) 100vw, 1000px\" \/><\/p>\n<p>&nbsp;<\/p>\n","protected":false},"excerpt":{"rendered":"<p>La Pampa pretende iniciar relaciones comerciales con Vietnam. Autoridades del Ministerio de la Producci\u00f3n y de la Rep\u00fablica Socialista de Vietnam se reunieron en el Medasur con la intenci\u00f3n de&hellip;<\/p>\n","protected":false},"author":3,"featured_media":54545,"comment_status":"closed","ping_status":"open","sticky":false,"template":"","format":"standard","meta":{"_acf_changed":false,"footnotes":""},"categories":[319,5],"tags":[],"class_list":["post-54539","post","type-post","status-publish","format-standard","has-post-thumbnail","hentry","category-a-temporales","category-economia"],"acf":[],"yoast_head":"<!-- This site is optimized with the Yoast SEO plugin v27.5 - https:\/\/yoast.com\/product\/yoast-seo-wordpress\/ -->\n<title>La Pampa inicia relaciones comerciales con Vietnam - Diario Textual<\/title>\n<meta name=\"robots\" content=\"index, follow, max-snippet:-1, max-image-preview:large, max-video-preview:-1\" \/>\n<link rel=\"canonical\" href=\"https:\/\/diariotextual.com\/inicio\/index.php\/2019\/07\/02\/la-pampa-inicia-relaciones-comerciales-vietnam\/\" \/>\n<meta property=\"og:locale\" content=\"es_ES\" \/>\n<meta property=\"og:type\" content=\"article\" \/>\n<meta property=\"og:title\" content=\"La Pampa inicia relaciones comerciales con Vietnam - Diario Textual\" \/>\n<meta property=\"og:description\" content=\"La Pampa pretende iniciar relaciones comerciales con Vietnam. Autoridades del Ministerio de la Producci\u00f3n y de la Rep\u00fablica Socialista de Vietnam se reunieron en el Medasur con la intenci\u00f3n de&hellip;\" \/>\n<meta property=\"og:url\" content=\"https:\/\/diariotextual.com\/inicio\/index.php\/2019\/07\/02\/la-pampa-inicia-relaciones-comerciales-vietnam\/\" \/>\n<meta property=\"og:site_name\" content=\"Diario Textual\" \/>\n<meta property=\"article:publisher\" content=\"https:\/\/www.facebook.com\/eltextual\" \/>\n<meta property=\"article:published_time\" content=\"2019-07-02T16:19:28+00:00\" \/>\n<meta property=\"article:modified_time\" content=\"2019-07-03T11:06:26+00:00\" \/>\n<meta property=\"og:image\" content=\"https:\/\/diariotextual.com\/inicio\/wp-content\/uploads\/2019\/07\/vietnamlapampamoralejo2019-2.jpeg\" \/>\n\t<meta property=\"og:image:width\" content=\"1000\" \/>\n\t<meta property=\"og:image:height\" content=\"641\" \/>\n\t<meta property=\"og:image:type\" content=\"image\/jpeg\" \/>\n<meta name=\"author\" content=\"Diario1 Diario1\" \/>\n<meta name=\"twitter:card\" content=\"summary_large_image\" \/>\n<meta name=\"twitter:creator\" content=\"@eltextual\" \/>\n<meta name=\"twitter:site\" content=\"@eltextual\" \/>\n<meta name=\"twitter:label1\" content=\"Escrito por\" \/>\n\t<meta name=\"twitter:data1\" content=\"Diario1 Diario1\" \/>\n\t<meta name=\"twitter:label2\" content=\"Tiempo de lectura\" \/>\n\t<meta name=\"twitter:data2\" content=\"2 minutos\" \/>\n<script type=\"application\/ld+json\" class=\"yoast-schema-graph\">{\"@context\":\"https:\\\/\\\/schema.org\",\"@graph\":[{\"@type\":\"Article\",\"@id\":\"https:\\\/\\\/diariotextual.com\\\/inicio\\\/index.php\\\/2019\\\/07\\\/02\\\/la-pampa-inicia-relaciones-comerciales-vietnam\\\/#article\",\"isPartOf\":{\"@id\":\"https:\\\/\\\/diariotextual.com\\\/inicio\\\/index.php\\\/2019\\\/07\\\/02\\\/la-pampa-inicia-relaciones-comerciales-vietnam\\\/\"},\"author\":{\"name\":\"Diario1 Diario1\",\"@id\":\"https:\\\/\\\/diariotextual.com\\\/inicio\\\/#\\\/schema\\\/person\\\/418fc4093c33e86ed41562db3508f958\"},\"headline\":\"La Pampa inicia relaciones comerciales con Vietnam\",\"datePublished\":\"2019-07-02T16:19:28+00:00\",\"dateModified\":\"2019-07-03T11:06:26+00:00\",\"mainEntityOfPage\":{\"@id\":\"https:\\\/\\\/diariotextual.com\\\/inicio\\\/index.php\\\/2019\\\/07\\\/02\\\/la-pampa-inicia-relaciones-comerciales-vietnam\\\/\"},\"wordCount\":418,\"publisher\":{\"@id\":\"https:\\\/\\\/diariotextual.com\\\/inicio\\\/#organization\"},\"image\":{\"@id\":\"https:\\\/\\\/diariotextual.com\\\/inicio\\\/index.php\\\/2019\\\/07\\\/02\\\/la-pampa-inicia-relaciones-comerciales-vietnam\\\/#primaryimage\"},\"thumbnailUrl\":\"https:\\\/\\\/diariotextual.com\\\/inicio\\\/wp-content\\\/uploads\\\/2019\\\/07\\\/vietnamlapampamoralejo2019-2.jpeg\",\"articleSection\":[\"A - TEMPORALES\",\"ECONOMIA\"],\"inLanguage\":\"es\"},{\"@type\":\"WebPage\",\"@id\":\"https:\\\/\\\/diariotextual.com\\\/inicio\\\/index.php\\\/2019\\\/07\\\/02\\\/la-pampa-inicia-relaciones-comerciales-vietnam\\\/\",\"url\":\"https:\\\/\\\/diariotextual.com\\\/inicio\\\/index.php\\\/2019\\\/07\\\/02\\\/la-pampa-inicia-relaciones-comerciales-vietnam\\\/\",\"name\":\"La Pampa inicia relaciones comerciales con Vietnam - Diario Textual\",\"isPartOf\":{\"@id\":\"https:\\\/\\\/diariotextual.com\\\/inicio\\\/#website\"},\"primaryImageOfPage\":{\"@id\":\"https:\\\/\\\/diariotextual.com\\\/inicio\\\/index.php\\\/2019\\\/07\\\/02\\\/la-pampa-inicia-relaciones-comerciales-vietnam\\\/#primaryimage\"},\"image\":{\"@id\":\"https:\\\/\\\/diariotextual.com\\\/inicio\\\/index.php\\\/2019\\\/07\\\/02\\\/la-pampa-inicia-relaciones-comerciales-vietnam\\\/#primaryimage\"},\"thumbnailUrl\":\"https:\\\/\\\/diariotextual.com\\\/inicio\\\/wp-content\\\/uploads\\\/2019\\\/07\\\/vietnamlapampamoralejo2019-2.jpeg\",\"datePublished\":\"2019-07-02T16:19:28+00:00\",\"dateModified\":\"2019-07-03T11:06:26+00:00\",\"breadcrumb\":{\"@id\":\"https:\\\/\\\/diariotextual.com\\\/inicio\\\/index.php\\\/2019\\\/07\\\/02\\\/la-pampa-inicia-relaciones-comerciales-vietnam\\\/#breadcrumb\"},\"inLanguage\":\"es\",\"potentialAction\":[{\"@type\":\"ReadAction\",\"target\":[\"https:\\\/\\\/diariotextual.com\\\/inicio\\\/index.php\\\/2019\\\/07\\\/02\\\/la-pampa-inicia-relaciones-comerciales-vietnam\\\/\"]}]},{\"@type\":\"ImageObject\",\"inLanguage\":\"es\",\"@id\":\"https:\\\/\\\/diariotextual.com\\\/inicio\\\/index.php\\\/2019\\\/07\\\/02\\\/la-pampa-inicia-relaciones-comerciales-vietnam\\\/#primaryimage\",\"url\":\"https:\\\/\\\/diariotextual.com\\\/inicio\\\/wp-content\\\/uploads\\\/2019\\\/07\\\/vietnamlapampamoralejo2019-2.jpeg\",\"contentUrl\":\"https:\\\/\\\/diariotextual.com\\\/inicio\\\/wp-content\\\/uploads\\\/2019\\\/07\\\/vietnamlapampamoralejo2019-2.jpeg\",\"width\":1000,\"height\":641},{\"@type\":\"BreadcrumbList\",\"@id\":\"https:\\\/\\\/diariotextual.com\\\/inicio\\\/index.php\\\/2019\\\/07\\\/02\\\/la-pampa-inicia-relaciones-comerciales-vietnam\\\/#breadcrumb\",\"itemListElement\":[{\"@type\":\"ListItem\",\"position\":1,\"name\":\"Portada\",\"item\":\"https:\\\/\\\/diariotextual.com\\\/inicio\\\/\"},{\"@type\":\"ListItem\",\"position\":2,\"name\":\"La Pampa inicia relaciones comerciales con Vietnam\"}]},{\"@type\":\"WebSite\",\"@id\":\"https:\\\/\\\/diariotextual.com\\\/inicio\\\/#website\",\"url\":\"https:\\\/\\\/diariotextual.com\\\/inicio\\\/\",\"name\":\"Diario Textual\",\"description\":\"\",\"publisher\":{\"@id\":\"https:\\\/\\\/diariotextual.com\\\/inicio\\\/#organization\"},\"potentialAction\":[{\"@type\":\"SearchAction\",\"target\":{\"@type\":\"EntryPoint\",\"urlTemplate\":\"https:\\\/\\\/diariotextual.com\\\/inicio\\\/?s={search_term_string}\"},\"query-input\":{\"@type\":\"PropertyValueSpecification\",\"valueRequired\":true,\"valueName\":\"search_term_string\"}}],\"inLanguage\":\"es\"},{\"@type\":\"Organization\",\"@id\":\"https:\\\/\\\/diariotextual.com\\\/inicio\\\/#organization\",\"name\":\"Diario Textual\",\"url\":\"https:\\\/\\\/diariotextual.com\\\/inicio\\\/\",\"logo\":{\"@type\":\"ImageObject\",\"inLanguage\":\"es\",\"@id\":\"https:\\\/\\\/diariotextual.com\\\/inicio\\\/#\\\/schema\\\/logo\\\/image\\\/\",\"url\":\"https:\\\/\\\/diariotextual.com\\\/inicio\\\/wp-content\\\/uploads\\\/2023\\\/05\\\/logotextual1.jpg\",\"contentUrl\":\"https:\\\/\\\/diariotextual.com\\\/inicio\\\/wp-content\\\/uploads\\\/2023\\\/05\\\/logotextual1.jpg\",\"width\":516,\"height\":76,\"caption\":\"Diario Textual\"},\"image\":{\"@id\":\"https:\\\/\\\/diariotextual.com\\\/inicio\\\/#\\\/schema\\\/logo\\\/image\\\/\"},\"sameAs\":[\"https:\\\/\\\/www.facebook.com\\\/eltextual\",\"https:\\\/\\\/x.com\\\/eltextual\",\"http:\\\/\\\/www.instagram.com\\\/eltextual\"]},{\"@type\":\"Person\",\"@id\":\"https:\\\/\\\/diariotextual.com\\\/inicio\\\/#\\\/schema\\\/person\\\/418fc4093c33e86ed41562db3508f958\",\"name\":\"Diario1 Diario1\",\"image\":{\"@type\":\"ImageObject\",\"inLanguage\":\"es\",\"@id\":\"https:\\\/\\\/secure.gravatar.com\\\/avatar\\\/9167d280179c85bc18be67aa7eda765854300033af4896dd779b608640f2ef7a?s=96&d=mm&r=g\",\"url\":\"https:\\\/\\\/secure.gravatar.com\\\/avatar\\\/9167d280179c85bc18be67aa7eda765854300033af4896dd779b608640f2ef7a?s=96&d=mm&r=g\",\"contentUrl\":\"https:\\\/\\\/secure.gravatar.com\\\/avatar\\\/9167d280179c85bc18be67aa7eda765854300033af4896dd779b608640f2ef7a?s=96&d=mm&r=g\",\"caption\":\"Diario1 Diario1\"},\"url\":\"https:\\\/\\\/diariotextual.com\\\/inicio\\\/index.php\\\/author\\\/diario1\\\/\"}]}<\/script>\n<!-- \/ Yoast SEO plugin. -->","yoast_head_json":{"title":"La Pampa inicia relaciones comerciales con Vietnam - Diario Textual","robots":{"index":"index","follow":"follow","max-snippet":"max-snippet:-1","max-image-preview":"max-image-preview:large","max-video-preview":"max-video-preview:-1"},"canonical":"https:\/\/diariotextual.com\/inicio\/index.php\/2019\/07\/02\/la-pampa-inicia-relaciones-comerciales-vietnam\/","og_locale":"es_ES","og_type":"article","og_title":"La Pampa inicia relaciones comerciales con Vietnam - Diario Textual","og_description":"La Pampa pretende iniciar relaciones comerciales con Vietnam. Autoridades del Ministerio de la Producci\u00f3n y de la Rep\u00fablica Socialista de Vietnam se reunieron en el Medasur con la intenci\u00f3n de&hellip;","og_url":"https:\/\/diariotextual.com\/inicio\/index.php\/2019\/07\/02\/la-pampa-inicia-relaciones-comerciales-vietnam\/","og_site_name":"Diario Textual","article_publisher":"https:\/\/www.facebook.com\/eltextual","article_published_time":"2019-07-02T16:19:28+00:00","article_modified_time":"2019-07-03T11:06:26+00:00","og_image":[{"width":1000,"height":641,"url":"https:\/\/diariotextual.com\/inicio\/wp-content\/uploads\/2019\/07\/vietnamlapampamoralejo2019-2.jpeg","type":"image\/jpeg"}],"author":"Diario1 Diario1","twitter_card":"summary_large_image","twitter_creator":"@eltextual","twitter_site":"@eltextual","twitter_misc":{"Escrito por":"Diario1 Diario1","Tiempo de lectura":"2 minutos"},"schema":{"@context":"https:\/\/schema.org","@graph":[{"@type":"Article","@id":"https:\/\/diariotextual.com\/inicio\/index.php\/2019\/07\/02\/la-pampa-inicia-relaciones-comerciales-vietnam\/#article","isPartOf":{"@id":"https:\/\/diariotextual.com\/inicio\/index.php\/2019\/07\/02\/la-pampa-inicia-relaciones-comerciales-vietnam\/"},"author":{"name":"Diario1 Diario1","@id":"https:\/\/diariotextual.com\/inicio\/#\/schema\/person\/418fc4093c33e86ed41562db3508f958"},"headline":"La Pampa inicia relaciones comerciales con Vietnam","datePublished":"2019-07-02T16:19:28+00:00","dateModified":"2019-07-03T11:06:26+00:00","mainEntityOfPage":{"@id":"https:\/\/diariotextual.com\/inicio\/index.php\/2019\/07\/02\/la-pampa-inicia-relaciones-comerciales-vietnam\/"},"wordCount":418,"publisher":{"@id":"https:\/\/diariotextual.com\/inicio\/#organization"},"image":{"@id":"https:\/\/diariotextual.com\/inicio\/index.php\/2019\/07\/02\/la-pampa-inicia-relaciones-comerciales-vietnam\/#primaryimage"},"thumbnailUrl":"https:\/\/diariotextual.com\/inicio\/wp-content\/uploads\/2019\/07\/vietnamlapampamoralejo2019-2.jpeg","articleSection":["A - TEMPORALES","ECONOMIA"],"inLanguage":"es"},{"@type":"WebPage","@id":"https:\/\/diariotextual.com\/inicio\/index.php\/2019\/07\/02\/la-pampa-inicia-relaciones-comerciales-vietnam\/","url":"https:\/\/diariotextual.com\/inicio\/index.php\/2019\/07\/02\/la-pampa-inicia-relaciones-comerciales-vietnam\/","name":"La Pampa inicia relaciones comerciales con Vietnam - Diario Textual","isPartOf":{"@id":"https:\/\/diariotextual.com\/inicio\/#website"},"primaryImageOfPage":{"@id":"https:\/\/diariotextual.com\/inicio\/index.php\/2019\/07\/02\/la-pampa-inicia-relaciones-comerciales-vietnam\/#primaryimage"},"image":{"@id":"https:\/\/diariotextual.com\/inicio\/index.php\/2019\/07\/02\/la-pampa-inicia-relaciones-comerciales-vietnam\/#primaryimage"},"thumbnailUrl":"https:\/\/diariotextual.com\/inicio\/wp-content\/uploads\/2019\/07\/vietnamlapampamoralejo2019-2.jpeg","datePublished":"2019-07-02T16:19:28+00:00","dateModified":"2019-07-03T11:06:26+00:00","breadcrumb":{"@id":"https:\/\/diariotextual.com\/inicio\/index.php\/2019\/07\/02\/la-pampa-inicia-relaciones-comerciales-vietnam\/#breadcrumb"},"inLanguage":"es","potentialAction":[{"@type":"ReadAction","target":["https:\/\/diariotextual.com\/inicio\/index.php\/2019\/07\/02\/la-pampa-inicia-relaciones-comerciales-vietnam\/"]}]},{"@type":"ImageObject","inLanguage":"es","@id":"https:\/\/diariotextual.com\/inicio\/index.php\/2019\/07\/02\/la-pampa-inicia-relaciones-comerciales-vietnam\/#primaryimage","url":"https:\/\/diariotextual.com\/inicio\/wp-content\/uploads\/2019\/07\/vietnamlapampamoralejo2019-2.jpeg","contentUrl":"https:\/\/diariotextual.com\/inicio\/wp-content\/uploads\/2019\/07\/vietnamlapampamoralejo2019-2.jpeg","width":1000,"height":641},{"@type":"BreadcrumbList","@id":"https:\/\/diariotextual.com\/inicio\/index.php\/2019\/07\/02\/la-pampa-inicia-relaciones-comerciales-vietnam\/#breadcrumb","itemListElement":[{"@type":"ListItem","position":1,"name":"Portada","item":"https:\/\/diariotextual.com\/inicio\/"},{"@type":"ListItem","position":2,"name":"La Pampa inicia relaciones comerciales con Vietnam"}]},{"@type":"WebSite","@id":"https:\/\/diariotextual.com\/inicio\/#website","url":"https:\/\/diariotextual.com\/inicio\/","name":"Diario Textual","description":"","publisher":{"@id":"https:\/\/diariotextual.com\/inicio\/#organization"},"potentialAction":[{"@type":"SearchAction","target":{"@type":"EntryPoint","urlTemplate":"https:\/\/diariotextual.com\/inicio\/?s={search_term_string}"},"query-input":{"@type":"PropertyValueSpecification","valueRequired":true,"valueName":"search_term_string"}}],"inLanguage":"es"},{"@type":"Organization","@id":"https:\/\/diariotextual.com\/inicio\/#organization","name":"Diario Textual","url":"https:\/\/diariotextual.com\/inicio\/","logo":{"@type":"ImageObject","inLanguage":"es","@id":"https:\/\/diariotextual.com\/inicio\/#\/schema\/logo\/image\/","url":"https:\/\/diariotextual.com\/inicio\/wp-content\/uploads\/2023\/05\/logotextual1.jpg","contentUrl":"https:\/\/diariotextual.com\/inicio\/wp-content\/uploads\/2023\/05\/logotextual1.jpg","width":516,"height":76,"caption":"Diario Textual"},"image":{"@id":"https:\/\/diariotextual.com\/inicio\/#\/schema\/logo\/image\/"},"sameAs":["https:\/\/www.facebook.com\/eltextual","https:\/\/x.com\/eltextual","http:\/\/www.instagram.com\/eltextual"]},{"@type":"Person","@id":"https:\/\/diariotextual.com\/inicio\/#\/schema\/person\/418fc4093c33e86ed41562db3508f958","name":"Diario1 Diario1","image":{"@type":"ImageObject","inLanguage":"es","@id":"https:\/\/secure.gravatar.com\/avatar\/9167d280179c85bc18be67aa7eda765854300033af4896dd779b608640f2ef7a?s=96&d=mm&r=g","url":"https:\/\/secure.gravatar.com\/avatar\/9167d280179c85bc18be67aa7eda765854300033af4896dd779b608640f2ef7a?s=96&d=mm&r=g","contentUrl":"https:\/\/secure.gravatar.com\/avatar\/9167d280179c85bc18be67aa7eda765854300033af4896dd779b608640f2ef7a?s=96&d=mm&r=g","caption":"Diario1 Diario1"},"url":"https:\/\/diariotextual.com\/inicio\/index.php\/author\/diario1\/"}]}},"_links":{"self":[{"href":"https:\/\/diariotextual.com\/inicio\/index.php\/wp-json\/wp\/v2\/posts\/54539","targetHints":{"allow":["GET"]}}],"collection":[{"href":"https:\/\/diariotextual.com\/inicio\/index.php\/wp-json\/wp\/v2\/posts"}],"about":[{"href":"https:\/\/diariotextual.com\/inicio\/index.php\/wp-json\/wp\/v2\/types\/post"}],"author":[{"embeddable":true,"href":"https:\/\/diariotextual.com\/inicio\/index.php\/wp-json\/wp\/v2\/users\/3"}],"replies":[{"embeddable":true,"href":"https:\/\/diariotextual.com\/inicio\/index.php\/wp-json\/wp\/v2\/comments?post=54539"}],"version-history":[{"count":5,"href":"https:\/\/diariotextual.com\/inicio\/index.php\/wp-json\/wp\/v2\/posts\/54539\/revisions"}],"predecessor-version":[{"id":54549,"href":"https:\/\/diariotextual.com\/inicio\/index.php\/wp-json\/wp\/v2\/posts\/54539\/revisions\/54549"}],"wp:featuredmedia":[{"embeddable":true,"href":"https:\/\/diariotextual.com\/inicio\/index.php\/wp-json\/wp\/v2\/media\/54545"}],"wp:attachment":[{"href":"https:\/\/diariotextual.com\/inicio\/index.php\/wp-json\/wp\/v2\/media?parent=54539"}],"wp:term":[{"taxonomy":"category","embeddable":true,"href":"https:\/\/diariotextual.com\/inicio\/index.php\/wp-json\/wp\/v2\/categories?post=54539"},{"taxonomy":"post_tag","embeddable":true,"href":"https:\/\/diariotextual.com\/inicio\/index.php\/wp-json\/wp\/v2\/tags?post=54539"}],"curies":[{"name":"wp","href":"https:\/\/api.w.org\/{rel}","templated":true}]}}