{"id":5497,"date":"2018-04-22T12:29:47","date_gmt":"2018-04-22T12:29:47","guid":{"rendered":"http:\/\/diariotextual.com\/inicio\/?p=5497"},"modified":"2018-04-22T12:29:47","modified_gmt":"2018-04-22T12:29:47","slug":"afganistan-atentado-del-estado-islamico-dejo-31-muertos","status":"publish","type":"post","link":"https:\/\/diariotextual.com\/inicio\/index.php\/2018\/04\/22\/afganistan-atentado-del-estado-islamico-dejo-31-muertos\/","title":{"rendered":"Afganist\u00e1n: atentado del Estado Isl\u00e1mico dej\u00f3 31 muertos"},"content":{"rendered":"<p>Un <strong>atentado suicida reivindicado por el Estados Isl\u00e1mico<\/strong> (EI) <strong>mat\u00f3 hoy a 31 personas e hiri\u00f3 a 50 en un centro electoral de Kabul<\/strong> cuando decenas de ciudadanos se registraban para las elecciones legislativas del 20 de octubre.<!--more--><\/p>\n<p>La explosi\u00f3n ocurri\u00f3 a alrededor de las 10 hora local (5.30 GMT) en el \u00e1rea de Qala-e-Nazir, en el oeste de la capital afgana, cuando un suicida se inmol\u00f3 entre la gente.<\/p>\n<p>Un vocero del Ministerio de Salud P\u00fablica afgano, Wahidullah Majroh, declar\u00f3 a la agencia de noticias EFE que los hospitales de Kabul han recibido 31 muertos y 54 heridos en el atentado, un cifra de v\u00edctimas que coincide con el balance parcial que hace la polic\u00eda.<\/p>\n<p>\u00abLa evacuaci\u00f3n de las v\u00edctimas de la escena del ataque ha terminado\u00bb, dijo\u00a0Hashmatullah Stanekzai, representante de la polic\u00eda local.<\/p>\n<p>Stanekzai indic\u00f3 que <strong>el suicida deton\u00f3 los explosivos en la \u00abcola en que un gran n\u00famero de personas, incluidas mujeres, aguardaban para entrar al centro\u00bb.<\/strong><\/p>\n<p>En lo que va de a\u00f1o la capital afgana ha sido blanco de varios atentados, el m\u00e1s importante el perpetrado a finales de enero por los talibanes con una ambulancia bomba que explot\u00f3 en el medio de la calle en un c\u00e9ntrico barrio de Kabul matando a m\u00e1s de un centenar de personas.<\/p>\n<p>Horas despu\u00e9s del ataque, en un comunicado difundido por la red social Telegram, el EI reivindic\u00f3 el ataque.<br \/>\nSeg\u00fan el grupo yihadista, el autor del ataque suicida fue Qari Omar al Bishauri, a quien califica como un \u00abm\u00e1rtir\u00bb.<\/p>\n<p>El atacante se dirigi\u00f3 a un grupo de electores \u00abherejes\u00bb y \u00abpolite\u00edstas\u00bb, y deton\u00f3 un chaleco explosivo, seg\u00fan el comunicado del EI, que asegur\u00f3 que la acci\u00f3n caus\u00f3 40 muertos y 60 heridos.<\/p>\n<p>La semana pasada se inici\u00f3 el proceso para que los afganos que quieran participar de las elecciones parlamentarias del 20 de octubre se inscriban en los centros oficiales.<\/p>\n","protected":false},"excerpt":{"rendered":"<p>Un atentado suicida reivindicado por el Estados Isl\u00e1mico (EI) mat\u00f3 hoy a 31 personas e hiri\u00f3 a 50 en un centro electoral de Kabul cuando decenas de ciudadanos se registraban&hellip;<\/p>\n","protected":false},"author":3,"featured_media":0,"comment_status":"open","ping_status":"open","sticky":false,"template":"","format":"standard","meta":{"_acf_changed":false,"footnotes":""},"categories":[11,7],"tags":[],"class_list":["post-5497","post","type-post","status-publish","format-standard","hentry","category-que-pasa","category-mundo"],"acf":[],"yoast_head":"<!-- This site is optimized with the Yoast SEO plugin v27.5 - https:\/\/yoast.com\/product\/yoast-seo-wordpress\/ -->\n<title>Afganist\u00e1n: atentado del Estado Isl\u00e1mico dej\u00f3 31 muertos - Diario Textual<\/title>\n<meta name=\"robots\" content=\"index, follow, max-snippet:-1, max-image-preview:large, max-video-preview:-1\" \/>\n<link rel=\"canonical\" href=\"https:\/\/diariotextual.com\/inicio\/index.php\/2018\/04\/22\/afganistan-atentado-del-estado-islamico-dejo-31-muertos\/\" \/>\n<meta property=\"og:locale\" content=\"es_ES\" \/>\n<meta property=\"og:type\" content=\"article\" \/>\n<meta property=\"og:title\" content=\"Afganist\u00e1n: atentado del Estado Isl\u00e1mico dej\u00f3 31 muertos - Diario Textual\" \/>\n<meta property=\"og:description\" content=\"Un atentado suicida reivindicado por el Estados Isl\u00e1mico (EI) mat\u00f3 hoy a 31 personas e hiri\u00f3 a 50 en un centro electoral de Kabul cuando decenas de ciudadanos se registraban&hellip;\" \/>\n<meta property=\"og:url\" content=\"https:\/\/diariotextual.com\/inicio\/index.php\/2018\/04\/22\/afganistan-atentado-del-estado-islamico-dejo-31-muertos\/\" \/>\n<meta property=\"og:site_name\" content=\"Diario Textual\" \/>\n<meta property=\"article:publisher\" content=\"https:\/\/www.facebook.com\/eltextual\" \/>\n<meta property=\"article:published_time\" content=\"2018-04-22T12:29:47+00:00\" \/>\n<meta name=\"author\" content=\"Diario1 Diario1\" \/>\n<meta name=\"twitter:card\" content=\"summary_large_image\" \/>\n<meta name=\"twitter:creator\" content=\"@eltextual\" \/>\n<meta name=\"twitter:site\" content=\"@eltextual\" \/>\n<meta name=\"twitter:label1\" content=\"Escrito por\" \/>\n\t<meta name=\"twitter:data1\" content=\"Diario1 Diario1\" \/>\n\t<meta name=\"twitter:label2\" content=\"Tiempo de lectura\" \/>\n\t<meta name=\"twitter:data2\" content=\"2 minutos\" \/>\n<script type=\"application\/ld+json\" class=\"yoast-schema-graph\">{\"@context\":\"https:\\\/\\\/schema.org\",\"@graph\":[{\"@type\":\"Article\",\"@id\":\"https:\\\/\\\/diariotextual.com\\\/inicio\\\/index.php\\\/2018\\\/04\\\/22\\\/afganistan-atentado-del-estado-islamico-dejo-31-muertos\\\/#article\",\"isPartOf\":{\"@id\":\"https:\\\/\\\/diariotextual.com\\\/inicio\\\/index.php\\\/2018\\\/04\\\/22\\\/afganistan-atentado-del-estado-islamico-dejo-31-muertos\\\/\"},\"author\":{\"name\":\"Diario1 Diario1\",\"@id\":\"https:\\\/\\\/diariotextual.com\\\/inicio\\\/#\\\/schema\\\/person\\\/418fc4093c33e86ed41562db3508f958\"},\"headline\":\"Afganist\u00e1n: atentado del Estado Isl\u00e1mico dej\u00f3 31 muertos\",\"datePublished\":\"2018-04-22T12:29:47+00:00\",\"mainEntityOfPage\":{\"@id\":\"https:\\\/\\\/diariotextual.com\\\/inicio\\\/index.php\\\/2018\\\/04\\\/22\\\/afganistan-atentado-del-estado-islamico-dejo-31-muertos\\\/\"},\"wordCount\":331,\"commentCount\":0,\"publisher\":{\"@id\":\"https:\\\/\\\/diariotextual.com\\\/inicio\\\/#organization\"},\"articleSection\":[\"A - QUE PASA (al costado)\",\"MUNDO\"],\"inLanguage\":\"es\",\"potentialAction\":[{\"@type\":\"CommentAction\",\"name\":\"Comment\",\"target\":[\"https:\\\/\\\/diariotextual.com\\\/inicio\\\/index.php\\\/2018\\\/04\\\/22\\\/afganistan-atentado-del-estado-islamico-dejo-31-muertos\\\/#respond\"]}]},{\"@type\":\"WebPage\",\"@id\":\"https:\\\/\\\/diariotextual.com\\\/inicio\\\/index.php\\\/2018\\\/04\\\/22\\\/afganistan-atentado-del-estado-islamico-dejo-31-muertos\\\/\",\"url\":\"https:\\\/\\\/diariotextual.com\\\/inicio\\\/index.php\\\/2018\\\/04\\\/22\\\/afganistan-atentado-del-estado-islamico-dejo-31-muertos\\\/\",\"name\":\"Afganist\u00e1n: atentado del Estado Isl\u00e1mico dej\u00f3 31 muertos - Diario Textual\",\"isPartOf\":{\"@id\":\"https:\\\/\\\/diariotextual.com\\\/inicio\\\/#website\"},\"datePublished\":\"2018-04-22T12:29:47+00:00\",\"breadcrumb\":{\"@id\":\"https:\\\/\\\/diariotextual.com\\\/inicio\\\/index.php\\\/2018\\\/04\\\/22\\\/afganistan-atentado-del-estado-islamico-dejo-31-muertos\\\/#breadcrumb\"},\"inLanguage\":\"es\",\"potentialAction\":[{\"@type\":\"ReadAction\",\"target\":[\"https:\\\/\\\/diariotextual.com\\\/inicio\\\/index.php\\\/2018\\\/04\\\/22\\\/afganistan-atentado-del-estado-islamico-dejo-31-muertos\\\/\"]}]},{\"@type\":\"BreadcrumbList\",\"@id\":\"https:\\\/\\\/diariotextual.com\\\/inicio\\\/index.php\\\/2018\\\/04\\\/22\\\/afganistan-atentado-del-estado-islamico-dejo-31-muertos\\\/#breadcrumb\",\"itemListElement\":[{\"@type\":\"ListItem\",\"position\":1,\"name\":\"Portada\",\"item\":\"https:\\\/\\\/diariotextual.com\\\/inicio\\\/\"},{\"@type\":\"ListItem\",\"position\":2,\"name\":\"Afganist\u00e1n: atentado del Estado Isl\u00e1mico dej\u00f3 31 muertos\"}]},{\"@type\":\"WebSite\",\"@id\":\"https:\\\/\\\/diariotextual.com\\\/inicio\\\/#website\",\"url\":\"https:\\\/\\\/diariotextual.com\\\/inicio\\\/\",\"name\":\"Diario Textual\",\"description\":\"\",\"publisher\":{\"@id\":\"https:\\\/\\\/diariotextual.com\\\/inicio\\\/#organization\"},\"potentialAction\":[{\"@type\":\"SearchAction\",\"target\":{\"@type\":\"EntryPoint\",\"urlTemplate\":\"https:\\\/\\\/diariotextual.com\\\/inicio\\\/?s={search_term_string}\"},\"query-input\":{\"@type\":\"PropertyValueSpecification\",\"valueRequired\":true,\"valueName\":\"search_term_string\"}}],\"inLanguage\":\"es\"},{\"@type\":\"Organization\",\"@id\":\"https:\\\/\\\/diariotextual.com\\\/inicio\\\/#organization\",\"name\":\"Diario Textual\",\"url\":\"https:\\\/\\\/diariotextual.com\\\/inicio\\\/\",\"logo\":{\"@type\":\"ImageObject\",\"inLanguage\":\"es\",\"@id\":\"https:\\\/\\\/diariotextual.com\\\/inicio\\\/#\\\/schema\\\/logo\\\/image\\\/\",\"url\":\"https:\\\/\\\/diariotextual.com\\\/inicio\\\/wp-content\\\/uploads\\\/2023\\\/05\\\/logotextual1.jpg\",\"contentUrl\":\"https:\\\/\\\/diariotextual.com\\\/inicio\\\/wp-content\\\/uploads\\\/2023\\\/05\\\/logotextual1.jpg\",\"width\":516,\"height\":76,\"caption\":\"Diario Textual\"},\"image\":{\"@id\":\"https:\\\/\\\/diariotextual.com\\\/inicio\\\/#\\\/schema\\\/logo\\\/image\\\/\"},\"sameAs\":[\"https:\\\/\\\/www.facebook.com\\\/eltextual\",\"https:\\\/\\\/x.com\\\/eltextual\",\"http:\\\/\\\/www.instagram.com\\\/eltextual\"]},{\"@type\":\"Person\",\"@id\":\"https:\\\/\\\/diariotextual.com\\\/inicio\\\/#\\\/schema\\\/person\\\/418fc4093c33e86ed41562db3508f958\",\"name\":\"Diario1 Diario1\",\"image\":{\"@type\":\"ImageObject\",\"inLanguage\":\"es\",\"@id\":\"https:\\\/\\\/secure.gravatar.com\\\/avatar\\\/9167d280179c85bc18be67aa7eda765854300033af4896dd779b608640f2ef7a?s=96&d=mm&r=g\",\"url\":\"https:\\\/\\\/secure.gravatar.com\\\/avatar\\\/9167d280179c85bc18be67aa7eda765854300033af4896dd779b608640f2ef7a?s=96&d=mm&r=g\",\"contentUrl\":\"https:\\\/\\\/secure.gravatar.com\\\/avatar\\\/9167d280179c85bc18be67aa7eda765854300033af4896dd779b608640f2ef7a?s=96&d=mm&r=g\",\"caption\":\"Diario1 Diario1\"},\"url\":\"https:\\\/\\\/diariotextual.com\\\/inicio\\\/index.php\\\/author\\\/diario1\\\/\"}]}<\/script>\n<!-- \/ Yoast SEO plugin. -->","yoast_head_json":{"title":"Afganist\u00e1n: atentado del Estado Isl\u00e1mico dej\u00f3 31 muertos - Diario Textual","robots":{"index":"index","follow":"follow","max-snippet":"max-snippet:-1","max-image-preview":"max-image-preview:large","max-video-preview":"max-video-preview:-1"},"canonical":"https:\/\/diariotextual.com\/inicio\/index.php\/2018\/04\/22\/afganistan-atentado-del-estado-islamico-dejo-31-muertos\/","og_locale":"es_ES","og_type":"article","og_title":"Afganist\u00e1n: atentado del Estado Isl\u00e1mico dej\u00f3 31 muertos - Diario Textual","og_description":"Un atentado suicida reivindicado por el Estados Isl\u00e1mico (EI) mat\u00f3 hoy a 31 personas e hiri\u00f3 a 50 en un centro electoral de Kabul cuando decenas de ciudadanos se registraban&hellip;","og_url":"https:\/\/diariotextual.com\/inicio\/index.php\/2018\/04\/22\/afganistan-atentado-del-estado-islamico-dejo-31-muertos\/","og_site_name":"Diario Textual","article_publisher":"https:\/\/www.facebook.com\/eltextual","article_published_time":"2018-04-22T12:29:47+00:00","author":"Diario1 Diario1","twitter_card":"summary_large_image","twitter_creator":"@eltextual","twitter_site":"@eltextual","twitter_misc":{"Escrito por":"Diario1 Diario1","Tiempo de lectura":"2 minutos"},"schema":{"@context":"https:\/\/schema.org","@graph":[{"@type":"Article","@id":"https:\/\/diariotextual.com\/inicio\/index.php\/2018\/04\/22\/afganistan-atentado-del-estado-islamico-dejo-31-muertos\/#article","isPartOf":{"@id":"https:\/\/diariotextual.com\/inicio\/index.php\/2018\/04\/22\/afganistan-atentado-del-estado-islamico-dejo-31-muertos\/"},"author":{"name":"Diario1 Diario1","@id":"https:\/\/diariotextual.com\/inicio\/#\/schema\/person\/418fc4093c33e86ed41562db3508f958"},"headline":"Afganist\u00e1n: atentado del Estado Isl\u00e1mico dej\u00f3 31 muertos","datePublished":"2018-04-22T12:29:47+00:00","mainEntityOfPage":{"@id":"https:\/\/diariotextual.com\/inicio\/index.php\/2018\/04\/22\/afganistan-atentado-del-estado-islamico-dejo-31-muertos\/"},"wordCount":331,"commentCount":0,"publisher":{"@id":"https:\/\/diariotextual.com\/inicio\/#organization"},"articleSection":["A - QUE PASA (al costado)","MUNDO"],"inLanguage":"es","potentialAction":[{"@type":"CommentAction","name":"Comment","target":["https:\/\/diariotextual.com\/inicio\/index.php\/2018\/04\/22\/afganistan-atentado-del-estado-islamico-dejo-31-muertos\/#respond"]}]},{"@type":"WebPage","@id":"https:\/\/diariotextual.com\/inicio\/index.php\/2018\/04\/22\/afganistan-atentado-del-estado-islamico-dejo-31-muertos\/","url":"https:\/\/diariotextual.com\/inicio\/index.php\/2018\/04\/22\/afganistan-atentado-del-estado-islamico-dejo-31-muertos\/","name":"Afganist\u00e1n: atentado del Estado Isl\u00e1mico dej\u00f3 31 muertos - Diario Textual","isPartOf":{"@id":"https:\/\/diariotextual.com\/inicio\/#website"},"datePublished":"2018-04-22T12:29:47+00:00","breadcrumb":{"@id":"https:\/\/diariotextual.com\/inicio\/index.php\/2018\/04\/22\/afganistan-atentado-del-estado-islamico-dejo-31-muertos\/#breadcrumb"},"inLanguage":"es","potentialAction":[{"@type":"ReadAction","target":["https:\/\/diariotextual.com\/inicio\/index.php\/2018\/04\/22\/afganistan-atentado-del-estado-islamico-dejo-31-muertos\/"]}]},{"@type":"BreadcrumbList","@id":"https:\/\/diariotextual.com\/inicio\/index.php\/2018\/04\/22\/afganistan-atentado-del-estado-islamico-dejo-31-muertos\/#breadcrumb","itemListElement":[{"@type":"ListItem","position":1,"name":"Portada","item":"https:\/\/diariotextual.com\/inicio\/"},{"@type":"ListItem","position":2,"name":"Afganist\u00e1n: atentado del Estado Isl\u00e1mico dej\u00f3 31 muertos"}]},{"@type":"WebSite","@id":"https:\/\/diariotextual.com\/inicio\/#website","url":"https:\/\/diariotextual.com\/inicio\/","name":"Diario Textual","description":"","publisher":{"@id":"https:\/\/diariotextual.com\/inicio\/#organization"},"potentialAction":[{"@type":"SearchAction","target":{"@type":"EntryPoint","urlTemplate":"https:\/\/diariotextual.com\/inicio\/?s={search_term_string}"},"query-input":{"@type":"PropertyValueSpecification","valueRequired":true,"valueName":"search_term_string"}}],"inLanguage":"es"},{"@type":"Organization","@id":"https:\/\/diariotextual.com\/inicio\/#organization","name":"Diario Textual","url":"https:\/\/diariotextual.com\/inicio\/","logo":{"@type":"ImageObject","inLanguage":"es","@id":"https:\/\/diariotextual.com\/inicio\/#\/schema\/logo\/image\/","url":"https:\/\/diariotextual.com\/inicio\/wp-content\/uploads\/2023\/05\/logotextual1.jpg","contentUrl":"https:\/\/diariotextual.com\/inicio\/wp-content\/uploads\/2023\/05\/logotextual1.jpg","width":516,"height":76,"caption":"Diario Textual"},"image":{"@id":"https:\/\/diariotextual.com\/inicio\/#\/schema\/logo\/image\/"},"sameAs":["https:\/\/www.facebook.com\/eltextual","https:\/\/x.com\/eltextual","http:\/\/www.instagram.com\/eltextual"]},{"@type":"Person","@id":"https:\/\/diariotextual.com\/inicio\/#\/schema\/person\/418fc4093c33e86ed41562db3508f958","name":"Diario1 Diario1","image":{"@type":"ImageObject","inLanguage":"es","@id":"https:\/\/secure.gravatar.com\/avatar\/9167d280179c85bc18be67aa7eda765854300033af4896dd779b608640f2ef7a?s=96&d=mm&r=g","url":"https:\/\/secure.gravatar.com\/avatar\/9167d280179c85bc18be67aa7eda765854300033af4896dd779b608640f2ef7a?s=96&d=mm&r=g","contentUrl":"https:\/\/secure.gravatar.com\/avatar\/9167d280179c85bc18be67aa7eda765854300033af4896dd779b608640f2ef7a?s=96&d=mm&r=g","caption":"Diario1 Diario1"},"url":"https:\/\/diariotextual.com\/inicio\/index.php\/author\/diario1\/"}]}},"_links":{"self":[{"href":"https:\/\/diariotextual.com\/inicio\/index.php\/wp-json\/wp\/v2\/posts\/5497","targetHints":{"allow":["GET"]}}],"collection":[{"href":"https:\/\/diariotextual.com\/inicio\/index.php\/wp-json\/wp\/v2\/posts"}],"about":[{"href":"https:\/\/diariotextual.com\/inicio\/index.php\/wp-json\/wp\/v2\/types\/post"}],"author":[{"embeddable":true,"href":"https:\/\/diariotextual.com\/inicio\/index.php\/wp-json\/wp\/v2\/users\/3"}],"replies":[{"embeddable":true,"href":"https:\/\/diariotextual.com\/inicio\/index.php\/wp-json\/wp\/v2\/comments?post=5497"}],"version-history":[{"count":1,"href":"https:\/\/diariotextual.com\/inicio\/index.php\/wp-json\/wp\/v2\/posts\/5497\/revisions"}],"predecessor-version":[{"id":5498,"href":"https:\/\/diariotextual.com\/inicio\/index.php\/wp-json\/wp\/v2\/posts\/5497\/revisions\/5498"}],"wp:attachment":[{"href":"https:\/\/diariotextual.com\/inicio\/index.php\/wp-json\/wp\/v2\/media?parent=5497"}],"wp:term":[{"taxonomy":"category","embeddable":true,"href":"https:\/\/diariotextual.com\/inicio\/index.php\/wp-json\/wp\/v2\/categories?post=5497"},{"taxonomy":"post_tag","embeddable":true,"href":"https:\/\/diariotextual.com\/inicio\/index.php\/wp-json\/wp\/v2\/tags?post=5497"}],"curies":[{"name":"wp","href":"https:\/\/api.w.org\/{rel}","templated":true}]}}