{"id":55146,"date":"2019-07-09T10:54:39","date_gmt":"2019-07-09T13:54:39","guid":{"rendered":"http:\/\/diariotextual.com\/inicio\/?p=55146"},"modified":"2019-07-10T12:33:46","modified_gmt":"2019-07-10T15:33:46","slug":"dueno-john-foos-negocia-la-compra-flecha-confirma-radicacion-la-pampa","status":"publish","type":"post","link":"https:\/\/diariotextual.com\/inicio\/index.php\/2019\/07\/09\/dueno-john-foos-negocia-la-compra-flecha-confirma-radicacion-la-pampa\/","title":{"rendered":"Due\u00f1o de John Foos dice que su \u00absue\u00f1o\u00bb es radicarse en La Pampa"},"content":{"rendered":"<p><strong>Miguel Angel Fosati<\/strong>, due\u00f1o de la marca de zapatillas <strong>John Foos<\/strong>, confirm\u00f3 que est\u00e1 <strong>\u201cultimando los detalles\u201d<\/strong> para abrir una planta fabril en la exf\u00e1brica de Alpargatas, en Santa Rosa, que cerr\u00f3 el a\u00f1o pasado y ech\u00f3 a todos sus operarios. Revel\u00f3 que <strong>pretende comprar la marcha Flecha<\/strong> y afirm\u00f3 que <strong>su meta es \u201carrancar con entre 250 y 300 trabajadores y tener 1.300 en 9 a\u00f1os\u201d.<\/strong><\/p>\n<p>Fosati arranc\u00f3 como periodista y locutor, en 1980 instal\u00f3 una f\u00e1brica de calzados en Haedo y <strong>desde 1984 comenz\u00f3 a producir zapatillas vulcanizadas John Foos.<\/strong> En 1999, mud\u00f3 su f\u00e1brica a Beccar. <strong>Hace 35 a\u00f1os que produce y no tiene stock, fabrica a pedido. Hoy produce un mill\u00f3n de pares de zapatillas al a\u00f1o.<\/strong><\/p>\n<p>\u201cLos industriales nunca nos vas a ver en el suelo, siempre tendremos buenos fierros y equipamiento, hablo desde la desesperanza, hoy no puedo ni exportar. Pero me estoy preparando. <strong>Mi sue\u00f1o es mudar toda la planta a Santa Rosa, arrancar con entre 250 y 300 trabajadores y tener 1.300 en 9 a\u00f1os. Todo depende de la pol\u00edtica econ\u00f3mica que venga, que vuelva a impulsar la producci\u00f3n nacional\u00bb<\/strong>, declar\u00f3 Fosati al diario econ\u00f3mico\u00a0BAE.<\/p>\n<p>Seg\u00fan cont\u00f3 el empresario, est\u00e1 ultimando los detalles para comprar la planta pampeana de la ex Alpargatas. Pero antes recorri\u00f3 Catamarca, La Rioja, Tucum\u00e1n y San Luis, donde los cierres dejaron sin trabajo a m\u00e1s de 1.200 personas.<\/p>\n<p>\u00abNo se puede creer, <strong>Alpargatas me vendi\u00f3 el laboratorio completo con 27 equipos de primera tecnolog\u00eda. Eso un industrial nato, jam\u00e1s lo vender\u00eda. Me perd\u00ed de comprar la textil de Catamarca por un d\u00eda. Mi idea es mudar todo a La Pampa. En Beccar tengo una manzana y media a 7 cuadras de Libertador, los que laburamos somos un fastidio. En las intendencias, s\u00f3lo quieren hacer torres\u00bb<\/strong>, dijo el due\u00f1o de John Foos.<\/p>\n<p>Fosati sostuvo que esta \u201cenojado\u201d con las pol\u00edticas econ\u00f3micas que hicieron que la industria de calzado, como otros sectores, despidan tanta gente. <strong>\u00abSi Mauricio Macri gana no se como va a hacer para gobernar. Si ganan las elecciones Alberto Fern\u00e1ndez y Cristina es lo mejor que nos puede pasar, por lo menos volver\u00e1n a impulsar la producci\u00f3n. No se concibe el grado de pobreza que hoy se ve\u00bb<\/strong>.<\/p>\n<p>\u00abNo se puede hablar de un acuerdo\u00a0Mercosur-\u00a0Uni\u00f3n Europea, no estamos preparados con todos los impuestos que nos cobran. Hay que ponerse a trabajar, a producir, es la \u00fanica salida para el pa\u00eds\u00bb, cerr\u00f3.<\/p>\n<p>El mes pasado, la empresa propiedad de Fosati le tom\u00f3 una prueba de aptitud t\u00e9cnica a los extrabajadores de Alpargatas y se comprometi\u00f3 a dar una respuesta en \u00ab20 o 30 d\u00edas\u00bb, seg\u00fan dijo en aquel momento el ministro de la Producci\u00f3n, Ricardo Moralejo. En Casa de Gobierno esperan esta semana poder anunciar oficialmente el desembarco de la empresa.<\/p>\n","protected":false},"excerpt":{"rendered":"<p>Miguel Angel Fosati, due\u00f1o de la marca de zapatillas John Foos, confirm\u00f3 que est\u00e1 \u201cultimando los detalles\u201d para abrir una planta fabril en la exf\u00e1brica de Alpargatas, en Santa Rosa,&hellip;<\/p>\n","protected":false},"author":7,"featured_media":55147,"comment_status":"closed","ping_status":"open","sticky":false,"template":"","format":"standard","meta":{"_acf_changed":false,"footnotes":""},"categories":[319,5,12],"tags":[],"class_list":["post-55146","post","type-post","status-publish","format-standard","has-post-thumbnail","hentry","category-a-temporales","category-economia","category-sociedad"],"acf":[],"yoast_head":"<!-- This site is optimized with the Yoast SEO plugin v27.5 - https:\/\/yoast.com\/product\/yoast-seo-wordpress\/ -->\n<title>Due\u00f1o de John Foos dice que su &quot;sue\u00f1o&quot; es radicarse en La Pampa - Diario Textual<\/title>\n<meta name=\"robots\" content=\"index, follow, max-snippet:-1, max-image-preview:large, max-video-preview:-1\" \/>\n<link rel=\"canonical\" href=\"https:\/\/diariotextual.com\/inicio\/index.php\/2019\/07\/09\/dueno-john-foos-negocia-la-compra-flecha-confirma-radicacion-la-pampa\/\" \/>\n<meta property=\"og:locale\" content=\"es_ES\" \/>\n<meta property=\"og:type\" content=\"article\" \/>\n<meta property=\"og:title\" content=\"Due\u00f1o de John Foos dice que su &quot;sue\u00f1o&quot; es radicarse en La Pampa - Diario Textual\" \/>\n<meta property=\"og:description\" content=\"Miguel Angel Fosati, due\u00f1o de la marca de zapatillas John Foos, confirm\u00f3 que est\u00e1 \u201cultimando los detalles\u201d para abrir una planta fabril en la exf\u00e1brica de Alpargatas, en Santa Rosa,&hellip;\" \/>\n<meta property=\"og:url\" content=\"https:\/\/diariotextual.com\/inicio\/index.php\/2019\/07\/09\/dueno-john-foos-negocia-la-compra-flecha-confirma-radicacion-la-pampa\/\" \/>\n<meta property=\"og:site_name\" content=\"Diario Textual\" \/>\n<meta property=\"article:publisher\" content=\"https:\/\/www.facebook.com\/eltextual\" \/>\n<meta property=\"article:published_time\" content=\"2019-07-09T13:54:39+00:00\" \/>\n<meta property=\"article:modified_time\" content=\"2019-07-10T15:33:46+00:00\" \/>\n<meta property=\"og:image\" content=\"https:\/\/diariotextual.com\/inicio\/wp-content\/uploads\/2019\/07\/miguelfosati.jpg\" \/>\n\t<meta property=\"og:image:width\" content=\"592\" \/>\n\t<meta property=\"og:image:height\" content=\"333\" \/>\n\t<meta property=\"og:image:type\" content=\"image\/jpeg\" \/>\n<meta name=\"author\" content=\"diario5\" \/>\n<meta name=\"twitter:card\" content=\"summary_large_image\" \/>\n<meta name=\"twitter:creator\" content=\"@eltextual\" \/>\n<meta name=\"twitter:site\" content=\"@eltextual\" \/>\n<meta name=\"twitter:label1\" content=\"Escrito por\" \/>\n\t<meta name=\"twitter:data1\" content=\"diario5\" \/>\n\t<meta name=\"twitter:label2\" content=\"Tiempo de lectura\" \/>\n\t<meta name=\"twitter:data2\" content=\"2 minutos\" \/>\n<script type=\"application\/ld+json\" class=\"yoast-schema-graph\">{\"@context\":\"https:\\\/\\\/schema.org\",\"@graph\":[{\"@type\":\"Article\",\"@id\":\"https:\\\/\\\/diariotextual.com\\\/inicio\\\/index.php\\\/2019\\\/07\\\/09\\\/dueno-john-foos-negocia-la-compra-flecha-confirma-radicacion-la-pampa\\\/#article\",\"isPartOf\":{\"@id\":\"https:\\\/\\\/diariotextual.com\\\/inicio\\\/index.php\\\/2019\\\/07\\\/09\\\/dueno-john-foos-negocia-la-compra-flecha-confirma-radicacion-la-pampa\\\/\"},\"author\":{\"name\":\"diario5\",\"@id\":\"https:\\\/\\\/diariotextual.com\\\/inicio\\\/#\\\/schema\\\/person\\\/c7834961ad8b29b1d9cdbf4571299067\"},\"headline\":\"Due\u00f1o de John Foos dice que su \u00absue\u00f1o\u00bb es radicarse en La Pampa\",\"datePublished\":\"2019-07-09T13:54:39+00:00\",\"dateModified\":\"2019-07-10T15:33:46+00:00\",\"mainEntityOfPage\":{\"@id\":\"https:\\\/\\\/diariotextual.com\\\/inicio\\\/index.php\\\/2019\\\/07\\\/09\\\/dueno-john-foos-negocia-la-compra-flecha-confirma-radicacion-la-pampa\\\/\"},\"wordCount\":500,\"publisher\":{\"@id\":\"https:\\\/\\\/diariotextual.com\\\/inicio\\\/#organization\"},\"image\":{\"@id\":\"https:\\\/\\\/diariotextual.com\\\/inicio\\\/index.php\\\/2019\\\/07\\\/09\\\/dueno-john-foos-negocia-la-compra-flecha-confirma-radicacion-la-pampa\\\/#primaryimage\"},\"thumbnailUrl\":\"https:\\\/\\\/diariotextual.com\\\/inicio\\\/wp-content\\\/uploads\\\/2019\\\/07\\\/miguelfosati.jpg\",\"articleSection\":[\"A - TEMPORALES\",\"ECONOMIA\",\"SOCIEDAD\"],\"inLanguage\":\"es\"},{\"@type\":\"WebPage\",\"@id\":\"https:\\\/\\\/diariotextual.com\\\/inicio\\\/index.php\\\/2019\\\/07\\\/09\\\/dueno-john-foos-negocia-la-compra-flecha-confirma-radicacion-la-pampa\\\/\",\"url\":\"https:\\\/\\\/diariotextual.com\\\/inicio\\\/index.php\\\/2019\\\/07\\\/09\\\/dueno-john-foos-negocia-la-compra-flecha-confirma-radicacion-la-pampa\\\/\",\"name\":\"Due\u00f1o de John Foos dice que su \\\"sue\u00f1o\\\" es radicarse en La Pampa - Diario Textual\",\"isPartOf\":{\"@id\":\"https:\\\/\\\/diariotextual.com\\\/inicio\\\/#website\"},\"primaryImageOfPage\":{\"@id\":\"https:\\\/\\\/diariotextual.com\\\/inicio\\\/index.php\\\/2019\\\/07\\\/09\\\/dueno-john-foos-negocia-la-compra-flecha-confirma-radicacion-la-pampa\\\/#primaryimage\"},\"image\":{\"@id\":\"https:\\\/\\\/diariotextual.com\\\/inicio\\\/index.php\\\/2019\\\/07\\\/09\\\/dueno-john-foos-negocia-la-compra-flecha-confirma-radicacion-la-pampa\\\/#primaryimage\"},\"thumbnailUrl\":\"https:\\\/\\\/diariotextual.com\\\/inicio\\\/wp-content\\\/uploads\\\/2019\\\/07\\\/miguelfosati.jpg\",\"datePublished\":\"2019-07-09T13:54:39+00:00\",\"dateModified\":\"2019-07-10T15:33:46+00:00\",\"breadcrumb\":{\"@id\":\"https:\\\/\\\/diariotextual.com\\\/inicio\\\/index.php\\\/2019\\\/07\\\/09\\\/dueno-john-foos-negocia-la-compra-flecha-confirma-radicacion-la-pampa\\\/#breadcrumb\"},\"inLanguage\":\"es\",\"potentialAction\":[{\"@type\":\"ReadAction\",\"target\":[\"https:\\\/\\\/diariotextual.com\\\/inicio\\\/index.php\\\/2019\\\/07\\\/09\\\/dueno-john-foos-negocia-la-compra-flecha-confirma-radicacion-la-pampa\\\/\"]}]},{\"@type\":\"ImageObject\",\"inLanguage\":\"es\",\"@id\":\"https:\\\/\\\/diariotextual.com\\\/inicio\\\/index.php\\\/2019\\\/07\\\/09\\\/dueno-john-foos-negocia-la-compra-flecha-confirma-radicacion-la-pampa\\\/#primaryimage\",\"url\":\"https:\\\/\\\/diariotextual.com\\\/inicio\\\/wp-content\\\/uploads\\\/2019\\\/07\\\/miguelfosati.jpg\",\"contentUrl\":\"https:\\\/\\\/diariotextual.com\\\/inicio\\\/wp-content\\\/uploads\\\/2019\\\/07\\\/miguelfosati.jpg\",\"width\":592,\"height\":333},{\"@type\":\"BreadcrumbList\",\"@id\":\"https:\\\/\\\/diariotextual.com\\\/inicio\\\/index.php\\\/2019\\\/07\\\/09\\\/dueno-john-foos-negocia-la-compra-flecha-confirma-radicacion-la-pampa\\\/#breadcrumb\",\"itemListElement\":[{\"@type\":\"ListItem\",\"position\":1,\"name\":\"Portada\",\"item\":\"https:\\\/\\\/diariotextual.com\\\/inicio\\\/\"},{\"@type\":\"ListItem\",\"position\":2,\"name\":\"Due\u00f1o de John Foos dice que su \u00absue\u00f1o\u00bb es radicarse en La Pampa\"}]},{\"@type\":\"WebSite\",\"@id\":\"https:\\\/\\\/diariotextual.com\\\/inicio\\\/#website\",\"url\":\"https:\\\/\\\/diariotextual.com\\\/inicio\\\/\",\"name\":\"Diario Textual\",\"description\":\"\",\"publisher\":{\"@id\":\"https:\\\/\\\/diariotextual.com\\\/inicio\\\/#organization\"},\"potentialAction\":[{\"@type\":\"SearchAction\",\"target\":{\"@type\":\"EntryPoint\",\"urlTemplate\":\"https:\\\/\\\/diariotextual.com\\\/inicio\\\/?s={search_term_string}\"},\"query-input\":{\"@type\":\"PropertyValueSpecification\",\"valueRequired\":true,\"valueName\":\"search_term_string\"}}],\"inLanguage\":\"es\"},{\"@type\":\"Organization\",\"@id\":\"https:\\\/\\\/diariotextual.com\\\/inicio\\\/#organization\",\"name\":\"Diario Textual\",\"url\":\"https:\\\/\\\/diariotextual.com\\\/inicio\\\/\",\"logo\":{\"@type\":\"ImageObject\",\"inLanguage\":\"es\",\"@id\":\"https:\\\/\\\/diariotextual.com\\\/inicio\\\/#\\\/schema\\\/logo\\\/image\\\/\",\"url\":\"https:\\\/\\\/diariotextual.com\\\/inicio\\\/wp-content\\\/uploads\\\/2023\\\/05\\\/logotextual1.jpg\",\"contentUrl\":\"https:\\\/\\\/diariotextual.com\\\/inicio\\\/wp-content\\\/uploads\\\/2023\\\/05\\\/logotextual1.jpg\",\"width\":516,\"height\":76,\"caption\":\"Diario Textual\"},\"image\":{\"@id\":\"https:\\\/\\\/diariotextual.com\\\/inicio\\\/#\\\/schema\\\/logo\\\/image\\\/\"},\"sameAs\":[\"https:\\\/\\\/www.facebook.com\\\/eltextual\",\"https:\\\/\\\/x.com\\\/eltextual\",\"http:\\\/\\\/www.instagram.com\\\/eltextual\"]},{\"@type\":\"Person\",\"@id\":\"https:\\\/\\\/diariotextual.com\\\/inicio\\\/#\\\/schema\\\/person\\\/c7834961ad8b29b1d9cdbf4571299067\",\"name\":\"diario5\",\"image\":{\"@type\":\"ImageObject\",\"inLanguage\":\"es\",\"@id\":\"https:\\\/\\\/secure.gravatar.com\\\/avatar\\\/948c893b847ca6df68216ead81b63f363408ec9b0f600fefc0641ce78613b111?s=96&d=mm&r=g\",\"url\":\"https:\\\/\\\/secure.gravatar.com\\\/avatar\\\/948c893b847ca6df68216ead81b63f363408ec9b0f600fefc0641ce78613b111?s=96&d=mm&r=g\",\"contentUrl\":\"https:\\\/\\\/secure.gravatar.com\\\/avatar\\\/948c893b847ca6df68216ead81b63f363408ec9b0f600fefc0641ce78613b111?s=96&d=mm&r=g\",\"caption\":\"diario5\"},\"url\":\"https:\\\/\\\/diariotextual.com\\\/inicio\\\/index.php\\\/author\\\/diario5\\\/\"}]}<\/script>\n<!-- \/ Yoast SEO plugin. -->","yoast_head_json":{"title":"Due\u00f1o de John Foos dice que su \"sue\u00f1o\" es radicarse en La Pampa - Diario Textual","robots":{"index":"index","follow":"follow","max-snippet":"max-snippet:-1","max-image-preview":"max-image-preview:large","max-video-preview":"max-video-preview:-1"},"canonical":"https:\/\/diariotextual.com\/inicio\/index.php\/2019\/07\/09\/dueno-john-foos-negocia-la-compra-flecha-confirma-radicacion-la-pampa\/","og_locale":"es_ES","og_type":"article","og_title":"Due\u00f1o de John Foos dice que su \"sue\u00f1o\" es radicarse en La Pampa - Diario Textual","og_description":"Miguel Angel Fosati, due\u00f1o de la marca de zapatillas John Foos, confirm\u00f3 que est\u00e1 \u201cultimando los detalles\u201d para abrir una planta fabril en la exf\u00e1brica de Alpargatas, en Santa Rosa,&hellip;","og_url":"https:\/\/diariotextual.com\/inicio\/index.php\/2019\/07\/09\/dueno-john-foos-negocia-la-compra-flecha-confirma-radicacion-la-pampa\/","og_site_name":"Diario Textual","article_publisher":"https:\/\/www.facebook.com\/eltextual","article_published_time":"2019-07-09T13:54:39+00:00","article_modified_time":"2019-07-10T15:33:46+00:00","og_image":[{"width":592,"height":333,"url":"https:\/\/diariotextual.com\/inicio\/wp-content\/uploads\/2019\/07\/miguelfosati.jpg","type":"image\/jpeg"}],"author":"diario5","twitter_card":"summary_large_image","twitter_creator":"@eltextual","twitter_site":"@eltextual","twitter_misc":{"Escrito por":"diario5","Tiempo de lectura":"2 minutos"},"schema":{"@context":"https:\/\/schema.org","@graph":[{"@type":"Article","@id":"https:\/\/diariotextual.com\/inicio\/index.php\/2019\/07\/09\/dueno-john-foos-negocia-la-compra-flecha-confirma-radicacion-la-pampa\/#article","isPartOf":{"@id":"https:\/\/diariotextual.com\/inicio\/index.php\/2019\/07\/09\/dueno-john-foos-negocia-la-compra-flecha-confirma-radicacion-la-pampa\/"},"author":{"name":"diario5","@id":"https:\/\/diariotextual.com\/inicio\/#\/schema\/person\/c7834961ad8b29b1d9cdbf4571299067"},"headline":"Due\u00f1o de John Foos dice que su \u00absue\u00f1o\u00bb es radicarse en La Pampa","datePublished":"2019-07-09T13:54:39+00:00","dateModified":"2019-07-10T15:33:46+00:00","mainEntityOfPage":{"@id":"https:\/\/diariotextual.com\/inicio\/index.php\/2019\/07\/09\/dueno-john-foos-negocia-la-compra-flecha-confirma-radicacion-la-pampa\/"},"wordCount":500,"publisher":{"@id":"https:\/\/diariotextual.com\/inicio\/#organization"},"image":{"@id":"https:\/\/diariotextual.com\/inicio\/index.php\/2019\/07\/09\/dueno-john-foos-negocia-la-compra-flecha-confirma-radicacion-la-pampa\/#primaryimage"},"thumbnailUrl":"https:\/\/diariotextual.com\/inicio\/wp-content\/uploads\/2019\/07\/miguelfosati.jpg","articleSection":["A - TEMPORALES","ECONOMIA","SOCIEDAD"],"inLanguage":"es"},{"@type":"WebPage","@id":"https:\/\/diariotextual.com\/inicio\/index.php\/2019\/07\/09\/dueno-john-foos-negocia-la-compra-flecha-confirma-radicacion-la-pampa\/","url":"https:\/\/diariotextual.com\/inicio\/index.php\/2019\/07\/09\/dueno-john-foos-negocia-la-compra-flecha-confirma-radicacion-la-pampa\/","name":"Due\u00f1o de John Foos dice que su \"sue\u00f1o\" es radicarse en La Pampa - Diario Textual","isPartOf":{"@id":"https:\/\/diariotextual.com\/inicio\/#website"},"primaryImageOfPage":{"@id":"https:\/\/diariotextual.com\/inicio\/index.php\/2019\/07\/09\/dueno-john-foos-negocia-la-compra-flecha-confirma-radicacion-la-pampa\/#primaryimage"},"image":{"@id":"https:\/\/diariotextual.com\/inicio\/index.php\/2019\/07\/09\/dueno-john-foos-negocia-la-compra-flecha-confirma-radicacion-la-pampa\/#primaryimage"},"thumbnailUrl":"https:\/\/diariotextual.com\/inicio\/wp-content\/uploads\/2019\/07\/miguelfosati.jpg","datePublished":"2019-07-09T13:54:39+00:00","dateModified":"2019-07-10T15:33:46+00:00","breadcrumb":{"@id":"https:\/\/diariotextual.com\/inicio\/index.php\/2019\/07\/09\/dueno-john-foos-negocia-la-compra-flecha-confirma-radicacion-la-pampa\/#breadcrumb"},"inLanguage":"es","potentialAction":[{"@type":"ReadAction","target":["https:\/\/diariotextual.com\/inicio\/index.php\/2019\/07\/09\/dueno-john-foos-negocia-la-compra-flecha-confirma-radicacion-la-pampa\/"]}]},{"@type":"ImageObject","inLanguage":"es","@id":"https:\/\/diariotextual.com\/inicio\/index.php\/2019\/07\/09\/dueno-john-foos-negocia-la-compra-flecha-confirma-radicacion-la-pampa\/#primaryimage","url":"https:\/\/diariotextual.com\/inicio\/wp-content\/uploads\/2019\/07\/miguelfosati.jpg","contentUrl":"https:\/\/diariotextual.com\/inicio\/wp-content\/uploads\/2019\/07\/miguelfosati.jpg","width":592,"height":333},{"@type":"BreadcrumbList","@id":"https:\/\/diariotextual.com\/inicio\/index.php\/2019\/07\/09\/dueno-john-foos-negocia-la-compra-flecha-confirma-radicacion-la-pampa\/#breadcrumb","itemListElement":[{"@type":"ListItem","position":1,"name":"Portada","item":"https:\/\/diariotextual.com\/inicio\/"},{"@type":"ListItem","position":2,"name":"Due\u00f1o de John Foos dice que su \u00absue\u00f1o\u00bb es radicarse en La Pampa"}]},{"@type":"WebSite","@id":"https:\/\/diariotextual.com\/inicio\/#website","url":"https:\/\/diariotextual.com\/inicio\/","name":"Diario Textual","description":"","publisher":{"@id":"https:\/\/diariotextual.com\/inicio\/#organization"},"potentialAction":[{"@type":"SearchAction","target":{"@type":"EntryPoint","urlTemplate":"https:\/\/diariotextual.com\/inicio\/?s={search_term_string}"},"query-input":{"@type":"PropertyValueSpecification","valueRequired":true,"valueName":"search_term_string"}}],"inLanguage":"es"},{"@type":"Organization","@id":"https:\/\/diariotextual.com\/inicio\/#organization","name":"Diario Textual","url":"https:\/\/diariotextual.com\/inicio\/","logo":{"@type":"ImageObject","inLanguage":"es","@id":"https:\/\/diariotextual.com\/inicio\/#\/schema\/logo\/image\/","url":"https:\/\/diariotextual.com\/inicio\/wp-content\/uploads\/2023\/05\/logotextual1.jpg","contentUrl":"https:\/\/diariotextual.com\/inicio\/wp-content\/uploads\/2023\/05\/logotextual1.jpg","width":516,"height":76,"caption":"Diario Textual"},"image":{"@id":"https:\/\/diariotextual.com\/inicio\/#\/schema\/logo\/image\/"},"sameAs":["https:\/\/www.facebook.com\/eltextual","https:\/\/x.com\/eltextual","http:\/\/www.instagram.com\/eltextual"]},{"@type":"Person","@id":"https:\/\/diariotextual.com\/inicio\/#\/schema\/person\/c7834961ad8b29b1d9cdbf4571299067","name":"diario5","image":{"@type":"ImageObject","inLanguage":"es","@id":"https:\/\/secure.gravatar.com\/avatar\/948c893b847ca6df68216ead81b63f363408ec9b0f600fefc0641ce78613b111?s=96&d=mm&r=g","url":"https:\/\/secure.gravatar.com\/avatar\/948c893b847ca6df68216ead81b63f363408ec9b0f600fefc0641ce78613b111?s=96&d=mm&r=g","contentUrl":"https:\/\/secure.gravatar.com\/avatar\/948c893b847ca6df68216ead81b63f363408ec9b0f600fefc0641ce78613b111?s=96&d=mm&r=g","caption":"diario5"},"url":"https:\/\/diariotextual.com\/inicio\/index.php\/author\/diario5\/"}]}},"_links":{"self":[{"href":"https:\/\/diariotextual.com\/inicio\/index.php\/wp-json\/wp\/v2\/posts\/55146","targetHints":{"allow":["GET"]}}],"collection":[{"href":"https:\/\/diariotextual.com\/inicio\/index.php\/wp-json\/wp\/v2\/posts"}],"about":[{"href":"https:\/\/diariotextual.com\/inicio\/index.php\/wp-json\/wp\/v2\/types\/post"}],"author":[{"embeddable":true,"href":"https:\/\/diariotextual.com\/inicio\/index.php\/wp-json\/wp\/v2\/users\/7"}],"replies":[{"embeddable":true,"href":"https:\/\/diariotextual.com\/inicio\/index.php\/wp-json\/wp\/v2\/comments?post=55146"}],"version-history":[{"count":2,"href":"https:\/\/diariotextual.com\/inicio\/index.php\/wp-json\/wp\/v2\/posts\/55146\/revisions"}],"predecessor-version":[{"id":55150,"href":"https:\/\/diariotextual.com\/inicio\/index.php\/wp-json\/wp\/v2\/posts\/55146\/revisions\/55150"}],"wp:featuredmedia":[{"embeddable":true,"href":"https:\/\/diariotextual.com\/inicio\/index.php\/wp-json\/wp\/v2\/media\/55147"}],"wp:attachment":[{"href":"https:\/\/diariotextual.com\/inicio\/index.php\/wp-json\/wp\/v2\/media?parent=55146"}],"wp:term":[{"taxonomy":"category","embeddable":true,"href":"https:\/\/diariotextual.com\/inicio\/index.php\/wp-json\/wp\/v2\/categories?post=55146"},{"taxonomy":"post_tag","embeddable":true,"href":"https:\/\/diariotextual.com\/inicio\/index.php\/wp-json\/wp\/v2\/tags?post=55146"}],"curies":[{"name":"wp","href":"https:\/\/api.w.org\/{rel}","templated":true}]}}