{"id":55931,"date":"2019-07-15T16:25:33","date_gmt":"2019-07-15T19:25:33","guid":{"rendered":"http:\/\/diariotextual.com\/inicio\/?p=55931"},"modified":"2019-07-16T10:02:58","modified_gmt":"2019-07-16T13:02:58","slug":"expreso-alvarez-tecnicamente-estoy-fundido-dijo-dueno","status":"publish","type":"post","link":"https:\/\/diariotextual.com\/inicio\/index.php\/2019\/07\/15\/expreso-alvarez-tecnicamente-estoy-fundido-dijo-dueno\/","title":{"rendered":"Expreso Alvarez: \u201ct\u00e9cnicamente estoy fundido\u201d, dijo el due\u00f1o"},"content":{"rendered":"<p><strong>Hugo Sagrado, due\u00f1o de la empresa de minibuses Expreso Alvarez,<\/strong> dijo este lunes que la suba del d\u00f3lar, la quita de subsidios y la ca\u00edda de venta de pasajes hicieron que est\u00e9 trabajando a p\u00e9rdida. \u00ab<strong>Hoy estoy t\u00e9cnicamente fundido\u00bb, asegur\u00f3.<\/strong><\/p>\n<p>Sagrado ilustr\u00f3 el panorama desolador de la empresa que hace la frecuencia Victorica &#8211; Santa Rosa. \u201cTengo excelentes empleados que hacen m\u00e1s de una d\u00e9cada que trabajan conmigo, <strong>choferes que no los puedo dejar en la calle, tampoco los puedo echar porque no tengo el dinero para la indemnizaci\u00f3n\u201d,<\/strong> expres\u00f3.<\/p>\n<p>Sagrado arranc\u00f3 hace unos 23 a\u00f1os con Expreso \u00c1lvarez uniendo Victorica con Santa Rosa. En sus inicios, el pasaje equival\u00eda 18 litros de combustibles. \u00ab<strong>Si hoy tuviese que hacer esa cuenta tengo que cobrar el pasaje a $738. Imag\u00ednate que cobrando $430 baj\u00f3 un 30 por ciento la venta<\/strong>, a ese precio viaja el chofer solo, con todas las butacas vac\u00edas\u201d, precis\u00f3 Sagrado a<a href=\"https:\/\/infohuella.com.ar\/\" target=\"_blank\" rel=\"noopener\">\u00a0<strong>InfoHuella.<\/strong><\/a><\/p>\n<p>Lleg\u00f3 a tener hasta cinco refuerzos los fines de semana largo. Ahora viaja solo una combi y con espacios libres.\u00a0\u00a0\u201cLa \u00faltima combi la compr\u00e9 en marzo de 2018. <strong>Hoy estoy t\u00e9cnicamente fundido<\/strong> porque no puedo comprar unidades nuevas. En enero, La Pampa fue una de las pocas provincias donde se hizo la quita del subsidio al combustible, all\u00ed empez\u00f3 a empeorar todo. En enero pagu\u00e9 180 mil pesos de gasoil\u201d, sostuvo.<\/p>\n<p>Por \u00faltimo, Sagrado expres\u00f3 que la falta de di\u00e1logo entre el gobierno provincial y el gobierno nacional \u201chacen que sucedan estas cosas\u201d.<\/p>\n<p>\u201cSe me est\u00e1 terminado el stock de cubiertas nuevas, tengo que comprar repuestos o motores refaccionados. <strong>El panorama es desolador\u201d,<\/strong> vaticin\u00f3.<\/p>\n","protected":false},"excerpt":{"rendered":"<p>Hugo Sagrado, due\u00f1o de la empresa de minibuses Expreso Alvarez, dijo este lunes que la suba del d\u00f3lar, la quita de subsidios y la ca\u00edda de venta de pasajes hicieron&hellip;<\/p>\n","protected":false},"author":4,"featured_media":55932,"comment_status":"closed","ping_status":"open","sticky":false,"template":"","format":"standard","meta":{"_acf_changed":false,"footnotes":""},"categories":[319,12],"tags":[],"class_list":["post-55931","post","type-post","status-publish","format-standard","has-post-thumbnail","hentry","category-a-temporales","category-sociedad"],"acf":[],"yoast_head":"<!-- This site is optimized with the Yoast SEO plugin v27.5 - https:\/\/yoast.com\/product\/yoast-seo-wordpress\/ -->\n<title>Expreso Alvarez: \u201ct\u00e9cnicamente estoy fundido\u201d, dijo el due\u00f1o - Diario Textual<\/title>\n<meta name=\"robots\" content=\"index, follow, max-snippet:-1, max-image-preview:large, max-video-preview:-1\" \/>\n<link rel=\"canonical\" href=\"https:\/\/diariotextual.com\/inicio\/index.php\/2019\/07\/15\/expreso-alvarez-tecnicamente-estoy-fundido-dijo-dueno\/\" \/>\n<meta property=\"og:locale\" content=\"es_ES\" \/>\n<meta property=\"og:type\" content=\"article\" \/>\n<meta property=\"og:title\" content=\"Expreso Alvarez: \u201ct\u00e9cnicamente estoy fundido\u201d, dijo el due\u00f1o - Diario Textual\" \/>\n<meta property=\"og:description\" content=\"Hugo Sagrado, due\u00f1o de la empresa de minibuses Expreso Alvarez, dijo este lunes que la suba del d\u00f3lar, la quita de subsidios y la ca\u00edda de venta de pasajes hicieron&hellip;\" \/>\n<meta property=\"og:url\" content=\"https:\/\/diariotextual.com\/inicio\/index.php\/2019\/07\/15\/expreso-alvarez-tecnicamente-estoy-fundido-dijo-dueno\/\" \/>\n<meta property=\"og:site_name\" content=\"Diario Textual\" \/>\n<meta property=\"article:publisher\" content=\"https:\/\/www.facebook.com\/eltextual\" \/>\n<meta property=\"article:published_time\" content=\"2019-07-15T19:25:33+00:00\" \/>\n<meta property=\"article:modified_time\" content=\"2019-07-16T13:02:58+00:00\" \/>\n<meta property=\"og:image\" content=\"https:\/\/diariotextual.com\/inicio\/wp-content\/uploads\/2019\/07\/expresoalvarez1.jpg\" \/>\n\t<meta property=\"og:image:width\" content=\"704\" \/>\n\t<meta property=\"og:image:height\" content=\"396\" \/>\n\t<meta property=\"og:image:type\" content=\"image\/jpeg\" \/>\n<meta name=\"author\" content=\"diario2\" \/>\n<meta name=\"twitter:card\" content=\"summary_large_image\" \/>\n<meta name=\"twitter:creator\" content=\"@eltextual\" \/>\n<meta name=\"twitter:site\" content=\"@eltextual\" \/>\n<meta name=\"twitter:label1\" content=\"Escrito por\" \/>\n\t<meta name=\"twitter:data1\" content=\"diario2\" \/>\n\t<meta name=\"twitter:label2\" content=\"Tiempo de lectura\" \/>\n\t<meta name=\"twitter:data2\" content=\"1 minuto\" \/>\n<script type=\"application\/ld+json\" class=\"yoast-schema-graph\">{\"@context\":\"https:\\\/\\\/schema.org\",\"@graph\":[{\"@type\":\"Article\",\"@id\":\"https:\\\/\\\/diariotextual.com\\\/inicio\\\/index.php\\\/2019\\\/07\\\/15\\\/expreso-alvarez-tecnicamente-estoy-fundido-dijo-dueno\\\/#article\",\"isPartOf\":{\"@id\":\"https:\\\/\\\/diariotextual.com\\\/inicio\\\/index.php\\\/2019\\\/07\\\/15\\\/expreso-alvarez-tecnicamente-estoy-fundido-dijo-dueno\\\/\"},\"author\":{\"name\":\"diario2\",\"@id\":\"https:\\\/\\\/diariotextual.com\\\/inicio\\\/#\\\/schema\\\/person\\\/694f60677f23c4a530867a98f22b3768\"},\"headline\":\"Expreso Alvarez: \u201ct\u00e9cnicamente estoy fundido\u201d, dijo el due\u00f1o\",\"datePublished\":\"2019-07-15T19:25:33+00:00\",\"dateModified\":\"2019-07-16T13:02:58+00:00\",\"mainEntityOfPage\":{\"@id\":\"https:\\\/\\\/diariotextual.com\\\/inicio\\\/index.php\\\/2019\\\/07\\\/15\\\/expreso-alvarez-tecnicamente-estoy-fundido-dijo-dueno\\\/\"},\"wordCount\":287,\"publisher\":{\"@id\":\"https:\\\/\\\/diariotextual.com\\\/inicio\\\/#organization\"},\"image\":{\"@id\":\"https:\\\/\\\/diariotextual.com\\\/inicio\\\/index.php\\\/2019\\\/07\\\/15\\\/expreso-alvarez-tecnicamente-estoy-fundido-dijo-dueno\\\/#primaryimage\"},\"thumbnailUrl\":\"https:\\\/\\\/diariotextual.com\\\/inicio\\\/wp-content\\\/uploads\\\/2019\\\/07\\\/expresoalvarez1.jpg\",\"articleSection\":[\"A - TEMPORALES\",\"SOCIEDAD\"],\"inLanguage\":\"es\"},{\"@type\":\"WebPage\",\"@id\":\"https:\\\/\\\/diariotextual.com\\\/inicio\\\/index.php\\\/2019\\\/07\\\/15\\\/expreso-alvarez-tecnicamente-estoy-fundido-dijo-dueno\\\/\",\"url\":\"https:\\\/\\\/diariotextual.com\\\/inicio\\\/index.php\\\/2019\\\/07\\\/15\\\/expreso-alvarez-tecnicamente-estoy-fundido-dijo-dueno\\\/\",\"name\":\"Expreso Alvarez: \u201ct\u00e9cnicamente estoy fundido\u201d, dijo el due\u00f1o - Diario Textual\",\"isPartOf\":{\"@id\":\"https:\\\/\\\/diariotextual.com\\\/inicio\\\/#website\"},\"primaryImageOfPage\":{\"@id\":\"https:\\\/\\\/diariotextual.com\\\/inicio\\\/index.php\\\/2019\\\/07\\\/15\\\/expreso-alvarez-tecnicamente-estoy-fundido-dijo-dueno\\\/#primaryimage\"},\"image\":{\"@id\":\"https:\\\/\\\/diariotextual.com\\\/inicio\\\/index.php\\\/2019\\\/07\\\/15\\\/expreso-alvarez-tecnicamente-estoy-fundido-dijo-dueno\\\/#primaryimage\"},\"thumbnailUrl\":\"https:\\\/\\\/diariotextual.com\\\/inicio\\\/wp-content\\\/uploads\\\/2019\\\/07\\\/expresoalvarez1.jpg\",\"datePublished\":\"2019-07-15T19:25:33+00:00\",\"dateModified\":\"2019-07-16T13:02:58+00:00\",\"breadcrumb\":{\"@id\":\"https:\\\/\\\/diariotextual.com\\\/inicio\\\/index.php\\\/2019\\\/07\\\/15\\\/expreso-alvarez-tecnicamente-estoy-fundido-dijo-dueno\\\/#breadcrumb\"},\"inLanguage\":\"es\",\"potentialAction\":[{\"@type\":\"ReadAction\",\"target\":[\"https:\\\/\\\/diariotextual.com\\\/inicio\\\/index.php\\\/2019\\\/07\\\/15\\\/expreso-alvarez-tecnicamente-estoy-fundido-dijo-dueno\\\/\"]}]},{\"@type\":\"ImageObject\",\"inLanguage\":\"es\",\"@id\":\"https:\\\/\\\/diariotextual.com\\\/inicio\\\/index.php\\\/2019\\\/07\\\/15\\\/expreso-alvarez-tecnicamente-estoy-fundido-dijo-dueno\\\/#primaryimage\",\"url\":\"https:\\\/\\\/diariotextual.com\\\/inicio\\\/wp-content\\\/uploads\\\/2019\\\/07\\\/expresoalvarez1.jpg\",\"contentUrl\":\"https:\\\/\\\/diariotextual.com\\\/inicio\\\/wp-content\\\/uploads\\\/2019\\\/07\\\/expresoalvarez1.jpg\",\"width\":704,\"height\":396},{\"@type\":\"BreadcrumbList\",\"@id\":\"https:\\\/\\\/diariotextual.com\\\/inicio\\\/index.php\\\/2019\\\/07\\\/15\\\/expreso-alvarez-tecnicamente-estoy-fundido-dijo-dueno\\\/#breadcrumb\",\"itemListElement\":[{\"@type\":\"ListItem\",\"position\":1,\"name\":\"Portada\",\"item\":\"https:\\\/\\\/diariotextual.com\\\/inicio\\\/\"},{\"@type\":\"ListItem\",\"position\":2,\"name\":\"Expreso Alvarez: \u201ct\u00e9cnicamente estoy fundido\u201d, dijo el due\u00f1o\"}]},{\"@type\":\"WebSite\",\"@id\":\"https:\\\/\\\/diariotextual.com\\\/inicio\\\/#website\",\"url\":\"https:\\\/\\\/diariotextual.com\\\/inicio\\\/\",\"name\":\"Diario Textual\",\"description\":\"\",\"publisher\":{\"@id\":\"https:\\\/\\\/diariotextual.com\\\/inicio\\\/#organization\"},\"potentialAction\":[{\"@type\":\"SearchAction\",\"target\":{\"@type\":\"EntryPoint\",\"urlTemplate\":\"https:\\\/\\\/diariotextual.com\\\/inicio\\\/?s={search_term_string}\"},\"query-input\":{\"@type\":\"PropertyValueSpecification\",\"valueRequired\":true,\"valueName\":\"search_term_string\"}}],\"inLanguage\":\"es\"},{\"@type\":\"Organization\",\"@id\":\"https:\\\/\\\/diariotextual.com\\\/inicio\\\/#organization\",\"name\":\"Diario Textual\",\"url\":\"https:\\\/\\\/diariotextual.com\\\/inicio\\\/\",\"logo\":{\"@type\":\"ImageObject\",\"inLanguage\":\"es\",\"@id\":\"https:\\\/\\\/diariotextual.com\\\/inicio\\\/#\\\/schema\\\/logo\\\/image\\\/\",\"url\":\"https:\\\/\\\/diariotextual.com\\\/inicio\\\/wp-content\\\/uploads\\\/2023\\\/05\\\/logotextual1.jpg\",\"contentUrl\":\"https:\\\/\\\/diariotextual.com\\\/inicio\\\/wp-content\\\/uploads\\\/2023\\\/05\\\/logotextual1.jpg\",\"width\":516,\"height\":76,\"caption\":\"Diario Textual\"},\"image\":{\"@id\":\"https:\\\/\\\/diariotextual.com\\\/inicio\\\/#\\\/schema\\\/logo\\\/image\\\/\"},\"sameAs\":[\"https:\\\/\\\/www.facebook.com\\\/eltextual\",\"https:\\\/\\\/x.com\\\/eltextual\",\"http:\\\/\\\/www.instagram.com\\\/eltextual\"]},{\"@type\":\"Person\",\"@id\":\"https:\\\/\\\/diariotextual.com\\\/inicio\\\/#\\\/schema\\\/person\\\/694f60677f23c4a530867a98f22b3768\",\"name\":\"diario2\",\"image\":{\"@type\":\"ImageObject\",\"inLanguage\":\"es\",\"@id\":\"https:\\\/\\\/secure.gravatar.com\\\/avatar\\\/5a2567495ba16b852fcd8f1ed006a2e24fcace936018ed8237e95f488ad6e0a7?s=96&d=mm&r=g\",\"url\":\"https:\\\/\\\/secure.gravatar.com\\\/avatar\\\/5a2567495ba16b852fcd8f1ed006a2e24fcace936018ed8237e95f488ad6e0a7?s=96&d=mm&r=g\",\"contentUrl\":\"https:\\\/\\\/secure.gravatar.com\\\/avatar\\\/5a2567495ba16b852fcd8f1ed006a2e24fcace936018ed8237e95f488ad6e0a7?s=96&d=mm&r=g\",\"caption\":\"diario2\"},\"url\":\"https:\\\/\\\/diariotextual.com\\\/inicio\\\/index.php\\\/author\\\/diario2\\\/\"}]}<\/script>\n<!-- \/ Yoast SEO plugin. -->","yoast_head_json":{"title":"Expreso Alvarez: \u201ct\u00e9cnicamente estoy fundido\u201d, dijo el due\u00f1o - Diario Textual","robots":{"index":"index","follow":"follow","max-snippet":"max-snippet:-1","max-image-preview":"max-image-preview:large","max-video-preview":"max-video-preview:-1"},"canonical":"https:\/\/diariotextual.com\/inicio\/index.php\/2019\/07\/15\/expreso-alvarez-tecnicamente-estoy-fundido-dijo-dueno\/","og_locale":"es_ES","og_type":"article","og_title":"Expreso Alvarez: \u201ct\u00e9cnicamente estoy fundido\u201d, dijo el due\u00f1o - Diario Textual","og_description":"Hugo Sagrado, due\u00f1o de la empresa de minibuses Expreso Alvarez, dijo este lunes que la suba del d\u00f3lar, la quita de subsidios y la ca\u00edda de venta de pasajes hicieron&hellip;","og_url":"https:\/\/diariotextual.com\/inicio\/index.php\/2019\/07\/15\/expreso-alvarez-tecnicamente-estoy-fundido-dijo-dueno\/","og_site_name":"Diario Textual","article_publisher":"https:\/\/www.facebook.com\/eltextual","article_published_time":"2019-07-15T19:25:33+00:00","article_modified_time":"2019-07-16T13:02:58+00:00","og_image":[{"width":704,"height":396,"url":"https:\/\/diariotextual.com\/inicio\/wp-content\/uploads\/2019\/07\/expresoalvarez1.jpg","type":"image\/jpeg"}],"author":"diario2","twitter_card":"summary_large_image","twitter_creator":"@eltextual","twitter_site":"@eltextual","twitter_misc":{"Escrito por":"diario2","Tiempo de lectura":"1 minuto"},"schema":{"@context":"https:\/\/schema.org","@graph":[{"@type":"Article","@id":"https:\/\/diariotextual.com\/inicio\/index.php\/2019\/07\/15\/expreso-alvarez-tecnicamente-estoy-fundido-dijo-dueno\/#article","isPartOf":{"@id":"https:\/\/diariotextual.com\/inicio\/index.php\/2019\/07\/15\/expreso-alvarez-tecnicamente-estoy-fundido-dijo-dueno\/"},"author":{"name":"diario2","@id":"https:\/\/diariotextual.com\/inicio\/#\/schema\/person\/694f60677f23c4a530867a98f22b3768"},"headline":"Expreso Alvarez: \u201ct\u00e9cnicamente estoy fundido\u201d, dijo el due\u00f1o","datePublished":"2019-07-15T19:25:33+00:00","dateModified":"2019-07-16T13:02:58+00:00","mainEntityOfPage":{"@id":"https:\/\/diariotextual.com\/inicio\/index.php\/2019\/07\/15\/expreso-alvarez-tecnicamente-estoy-fundido-dijo-dueno\/"},"wordCount":287,"publisher":{"@id":"https:\/\/diariotextual.com\/inicio\/#organization"},"image":{"@id":"https:\/\/diariotextual.com\/inicio\/index.php\/2019\/07\/15\/expreso-alvarez-tecnicamente-estoy-fundido-dijo-dueno\/#primaryimage"},"thumbnailUrl":"https:\/\/diariotextual.com\/inicio\/wp-content\/uploads\/2019\/07\/expresoalvarez1.jpg","articleSection":["A - TEMPORALES","SOCIEDAD"],"inLanguage":"es"},{"@type":"WebPage","@id":"https:\/\/diariotextual.com\/inicio\/index.php\/2019\/07\/15\/expreso-alvarez-tecnicamente-estoy-fundido-dijo-dueno\/","url":"https:\/\/diariotextual.com\/inicio\/index.php\/2019\/07\/15\/expreso-alvarez-tecnicamente-estoy-fundido-dijo-dueno\/","name":"Expreso Alvarez: \u201ct\u00e9cnicamente estoy fundido\u201d, dijo el due\u00f1o - Diario Textual","isPartOf":{"@id":"https:\/\/diariotextual.com\/inicio\/#website"},"primaryImageOfPage":{"@id":"https:\/\/diariotextual.com\/inicio\/index.php\/2019\/07\/15\/expreso-alvarez-tecnicamente-estoy-fundido-dijo-dueno\/#primaryimage"},"image":{"@id":"https:\/\/diariotextual.com\/inicio\/index.php\/2019\/07\/15\/expreso-alvarez-tecnicamente-estoy-fundido-dijo-dueno\/#primaryimage"},"thumbnailUrl":"https:\/\/diariotextual.com\/inicio\/wp-content\/uploads\/2019\/07\/expresoalvarez1.jpg","datePublished":"2019-07-15T19:25:33+00:00","dateModified":"2019-07-16T13:02:58+00:00","breadcrumb":{"@id":"https:\/\/diariotextual.com\/inicio\/index.php\/2019\/07\/15\/expreso-alvarez-tecnicamente-estoy-fundido-dijo-dueno\/#breadcrumb"},"inLanguage":"es","potentialAction":[{"@type":"ReadAction","target":["https:\/\/diariotextual.com\/inicio\/index.php\/2019\/07\/15\/expreso-alvarez-tecnicamente-estoy-fundido-dijo-dueno\/"]}]},{"@type":"ImageObject","inLanguage":"es","@id":"https:\/\/diariotextual.com\/inicio\/index.php\/2019\/07\/15\/expreso-alvarez-tecnicamente-estoy-fundido-dijo-dueno\/#primaryimage","url":"https:\/\/diariotextual.com\/inicio\/wp-content\/uploads\/2019\/07\/expresoalvarez1.jpg","contentUrl":"https:\/\/diariotextual.com\/inicio\/wp-content\/uploads\/2019\/07\/expresoalvarez1.jpg","width":704,"height":396},{"@type":"BreadcrumbList","@id":"https:\/\/diariotextual.com\/inicio\/index.php\/2019\/07\/15\/expreso-alvarez-tecnicamente-estoy-fundido-dijo-dueno\/#breadcrumb","itemListElement":[{"@type":"ListItem","position":1,"name":"Portada","item":"https:\/\/diariotextual.com\/inicio\/"},{"@type":"ListItem","position":2,"name":"Expreso Alvarez: \u201ct\u00e9cnicamente estoy fundido\u201d, dijo el due\u00f1o"}]},{"@type":"WebSite","@id":"https:\/\/diariotextual.com\/inicio\/#website","url":"https:\/\/diariotextual.com\/inicio\/","name":"Diario Textual","description":"","publisher":{"@id":"https:\/\/diariotextual.com\/inicio\/#organization"},"potentialAction":[{"@type":"SearchAction","target":{"@type":"EntryPoint","urlTemplate":"https:\/\/diariotextual.com\/inicio\/?s={search_term_string}"},"query-input":{"@type":"PropertyValueSpecification","valueRequired":true,"valueName":"search_term_string"}}],"inLanguage":"es"},{"@type":"Organization","@id":"https:\/\/diariotextual.com\/inicio\/#organization","name":"Diario Textual","url":"https:\/\/diariotextual.com\/inicio\/","logo":{"@type":"ImageObject","inLanguage":"es","@id":"https:\/\/diariotextual.com\/inicio\/#\/schema\/logo\/image\/","url":"https:\/\/diariotextual.com\/inicio\/wp-content\/uploads\/2023\/05\/logotextual1.jpg","contentUrl":"https:\/\/diariotextual.com\/inicio\/wp-content\/uploads\/2023\/05\/logotextual1.jpg","width":516,"height":76,"caption":"Diario Textual"},"image":{"@id":"https:\/\/diariotextual.com\/inicio\/#\/schema\/logo\/image\/"},"sameAs":["https:\/\/www.facebook.com\/eltextual","https:\/\/x.com\/eltextual","http:\/\/www.instagram.com\/eltextual"]},{"@type":"Person","@id":"https:\/\/diariotextual.com\/inicio\/#\/schema\/person\/694f60677f23c4a530867a98f22b3768","name":"diario2","image":{"@type":"ImageObject","inLanguage":"es","@id":"https:\/\/secure.gravatar.com\/avatar\/5a2567495ba16b852fcd8f1ed006a2e24fcace936018ed8237e95f488ad6e0a7?s=96&d=mm&r=g","url":"https:\/\/secure.gravatar.com\/avatar\/5a2567495ba16b852fcd8f1ed006a2e24fcace936018ed8237e95f488ad6e0a7?s=96&d=mm&r=g","contentUrl":"https:\/\/secure.gravatar.com\/avatar\/5a2567495ba16b852fcd8f1ed006a2e24fcace936018ed8237e95f488ad6e0a7?s=96&d=mm&r=g","caption":"diario2"},"url":"https:\/\/diariotextual.com\/inicio\/index.php\/author\/diario2\/"}]}},"_links":{"self":[{"href":"https:\/\/diariotextual.com\/inicio\/index.php\/wp-json\/wp\/v2\/posts\/55931","targetHints":{"allow":["GET"]}}],"collection":[{"href":"https:\/\/diariotextual.com\/inicio\/index.php\/wp-json\/wp\/v2\/posts"}],"about":[{"href":"https:\/\/diariotextual.com\/inicio\/index.php\/wp-json\/wp\/v2\/types\/post"}],"author":[{"embeddable":true,"href":"https:\/\/diariotextual.com\/inicio\/index.php\/wp-json\/wp\/v2\/users\/4"}],"replies":[{"embeddable":true,"href":"https:\/\/diariotextual.com\/inicio\/index.php\/wp-json\/wp\/v2\/comments?post=55931"}],"version-history":[{"count":1,"href":"https:\/\/diariotextual.com\/inicio\/index.php\/wp-json\/wp\/v2\/posts\/55931\/revisions"}],"predecessor-version":[{"id":55933,"href":"https:\/\/diariotextual.com\/inicio\/index.php\/wp-json\/wp\/v2\/posts\/55931\/revisions\/55933"}],"wp:featuredmedia":[{"embeddable":true,"href":"https:\/\/diariotextual.com\/inicio\/index.php\/wp-json\/wp\/v2\/media\/55932"}],"wp:attachment":[{"href":"https:\/\/diariotextual.com\/inicio\/index.php\/wp-json\/wp\/v2\/media?parent=55931"}],"wp:term":[{"taxonomy":"category","embeddable":true,"href":"https:\/\/diariotextual.com\/inicio\/index.php\/wp-json\/wp\/v2\/categories?post=55931"},{"taxonomy":"post_tag","embeddable":true,"href":"https:\/\/diariotextual.com\/inicio\/index.php\/wp-json\/wp\/v2\/tags?post=55931"}],"curies":[{"name":"wp","href":"https:\/\/api.w.org\/{rel}","templated":true}]}}