{"id":56014,"date":"2019-07-16T10:01:23","date_gmt":"2019-07-16T13:01:23","guid":{"rendered":"http:\/\/diariotextual.com\/inicio\/?p=56014"},"modified":"2019-07-16T13:42:14","modified_gmt":"2019-07-16T16:42:14","slug":"llegaron-mas-familias-tomaron-mas-terrenos-nuevo-salitral","status":"publish","type":"post","link":"https:\/\/diariotextual.com\/inicio\/index.php\/2019\/07\/16\/llegaron-mas-familias-tomaron-mas-terrenos-nuevo-salitral\/","title":{"rendered":"Llegaron m\u00e1s familias y tomaron m\u00e1s terrenos en El Nuevo Salitral"},"content":{"rendered":"<p>M\u00e1s familias se sumaron en las \u00faltimas horas al asentamiento <strong>El Nuevo Salitral<\/strong> -ubicado al noroeste de Santa Rosa, en cercan\u00edas de la laguna Don Tom\u00e1s-. Fueron, seg\u00fan dijeron los propios ocupantes de los terrenos,<strong> al menos media docena en los \u00faltimos dos d\u00edas.<\/strong><\/p>\n<p>Uno de los \u00abnuevos vecinos\u00bb es<strong> Luciano Mart\u00ednez<\/strong>, de 18 a\u00f1os de edad. Es un pe\u00f3n de campo, que trabaj\u00f3 hasta hace unos siete meses en la zona de Agua Escondida (Mendoza), La Humada (La Pampa) y todo el extremo oeste pampeano.<\/p>\n<p><img fetchpriority=\"high\" decoding=\"async\" class=\"alignnone wp-image-56015 size-large\" src=\"http:\/\/diariotextual.com\/inicio\/wp-content\/uploads\/2019\/07\/asentamientoelnuevosalitrallucianomartinez2019-1-1024x611.jpg\" alt=\"\" width=\"1024\" height=\"611\" srcset=\"https:\/\/diariotextual.com\/inicio\/wp-content\/uploads\/2019\/07\/asentamientoelnuevosalitrallucianomartinez2019-1-1024x611.jpg 1024w, https:\/\/diariotextual.com\/inicio\/wp-content\/uploads\/2019\/07\/asentamientoelnuevosalitrallucianomartinez2019-1-300x179.jpg 300w, https:\/\/diariotextual.com\/inicio\/wp-content\/uploads\/2019\/07\/asentamientoelnuevosalitrallucianomartinez2019-1-768x458.jpg 768w, https:\/\/diariotextual.com\/inicio\/wp-content\/uploads\/2019\/07\/asentamientoelnuevosalitrallucianomartinez2019-1-585x349.jpg 585w, https:\/\/diariotextual.com\/inicio\/wp-content\/uploads\/2019\/07\/asentamientoelnuevosalitrallucianomartinez2019-1.jpg 1100w\" sizes=\"(max-width: 1024px) 100vw, 1024px\" \/><\/p>\n<p>Vivi\u00f3 toda su vida en un puesto de sus padres, ya del lado de Mendoza. \u00abTienen, en un paraje, una despencita\u00bb, cont\u00f3 a Diario Textual. \u00abYo estudi\u00e9 en la zona y trabaj\u00e9 mucho, de pe\u00f3n, en La Humada y la regi\u00f3n\u00bb, dijo. \u00abYa no hay mucho trabajo y me vine para Santa Rosa, en diciembre del a\u00f1o pasado, con una changa de alba\u00f1il. Ac\u00e1 conoc\u00ed a mi novia, de 22 a\u00f1os, y en el \u00faltimo tiempo ya no pod\u00edamos pagar el alquiler&#8230;\u00bb, dijo. \u00abPor eso ayer decidimos instalarnos ac\u00e1\u00bb, cont\u00f3.<\/p>\n<p>&nbsp;<\/p>\n<p><iframe style=\"border: none; overflow: hidden;\" src=\"https:\/\/www.facebook.com\/plugins\/post.php?href=https%3A%2F%2Fwww.facebook.com%2Feltextual%2Fposts%2F2332534803507109&amp;width=500\" width=\"500\" height=\"496\" frameborder=\"0\" scrolling=\"no\"><\/iframe><\/p>\n<p>&nbsp;<\/p>\n<p>La choza de Luciano, de nylon, se encuentra al lado de la toma de agua de los camiones regadores, sobre la calle Duval. Detr\u00e1s se observa el Megaestadio. \u00abAl lado se instalaron otros. Uno de ellos es mi cu\u00f1ado\u00bb, cont\u00f3.<\/p>\n<p><strong>Este asentamiento -que se ubica principalmente sobre la calle Duval- tiene unos 700 metros de largo por 200 de ancho. Comenz\u00f3 a tomar forma hace menos de un mes. Ahora hay entre 130 y 150 familias que, con numerosas chozas, carpas y ranchos que levantan d\u00eda tras d\u00eda, reclaman su porci\u00f3n de terreno.<\/strong><\/p>\n<p>&nbsp;<\/p>\n<blockquote class=\"wp-embedded-content\" data-secret=\"nEmSskhdXR\"><p><a href=\"http:\/\/diariotextual.com\/inicio\/index.php\/2019\/07\/13\/solidaridad-guisos-comunitarios-roperito-nuevo-salitral\/\">Solidaridad, guisos comunitarios y un &#171;roperito&#187; en el El Nuevo Salitral<\/a><\/p><\/blockquote>\n<p><iframe class=\"wp-embedded-content\" sandbox=\"allow-scripts\" security=\"restricted\" style=\"position: absolute; clip: rect(1px, 1px, 1px, 1px);\" src=\"http:\/\/diariotextual.com\/inicio\/index.php\/2019\/07\/13\/solidaridad-guisos-comunitarios-roperito-nuevo-salitral\/embed\/#?secret=nEmSskhdXR\" data-secret=\"nEmSskhdXR\" width=\"600\" height=\"338\" title=\"&#171;Solidaridad, guisos comunitarios y un &#171;roperito&#187; en el El Nuevo Salitral&#187; &#8212; Diario Textual\" frameborder=\"0\" marginwidth=\"0\" marginheight=\"0\" scrolling=\"no\"><\/iframe><\/p>\n<p>&nbsp;<\/p>\n<p>&nbsp;<\/p>\n","protected":false},"excerpt":{"rendered":"<p>M\u00e1s familias se sumaron en las \u00faltimas horas al asentamiento El Nuevo Salitral -ubicado al noroeste de Santa Rosa, en cercan\u00edas de la laguna Don Tom\u00e1s-. Fueron, seg\u00fan dijeron los&hellip;<\/p>\n","protected":false},"author":3,"featured_media":56018,"comment_status":"closed","ping_status":"open","sticky":false,"template":"","format":"standard","meta":{"_acf_changed":false,"footnotes":""},"categories":[11,12],"tags":[1887],"class_list":["post-56014","post","type-post","status-publish","format-standard","has-post-thumbnail","hentry","category-que-pasa","category-sociedad","tag-salitral"],"acf":[],"yoast_head":"<!-- This site is optimized with the Yoast SEO plugin v27.4 - https:\/\/yoast.com\/product\/yoast-seo-wordpress\/ -->\n<title>Llegaron m\u00e1s familias y tomaron m\u00e1s terrenos en El Nuevo Salitral - Diario Textual<\/title>\n<meta name=\"robots\" content=\"index, follow, max-snippet:-1, max-image-preview:large, max-video-preview:-1\" \/>\n<link rel=\"canonical\" href=\"https:\/\/diariotextual.com\/inicio\/index.php\/2019\/07\/16\/llegaron-mas-familias-tomaron-mas-terrenos-nuevo-salitral\/\" \/>\n<meta property=\"og:locale\" content=\"es_ES\" \/>\n<meta property=\"og:type\" content=\"article\" \/>\n<meta property=\"og:title\" content=\"Llegaron m\u00e1s familias y tomaron m\u00e1s terrenos en El Nuevo Salitral - Diario Textual\" \/>\n<meta property=\"og:description\" content=\"M\u00e1s familias se sumaron en las \u00faltimas horas al asentamiento El Nuevo Salitral -ubicado al noroeste de Santa Rosa, en cercan\u00edas de la laguna Don Tom\u00e1s-. Fueron, seg\u00fan dijeron los&hellip;\" \/>\n<meta property=\"og:url\" content=\"https:\/\/diariotextual.com\/inicio\/index.php\/2019\/07\/16\/llegaron-mas-familias-tomaron-mas-terrenos-nuevo-salitral\/\" \/>\n<meta property=\"og:site_name\" content=\"Diario Textual\" \/>\n<meta property=\"article:publisher\" content=\"https:\/\/www.facebook.com\/eltextual\" \/>\n<meta property=\"article:published_time\" content=\"2019-07-16T13:01:23+00:00\" \/>\n<meta property=\"article:modified_time\" content=\"2019-07-16T16:42:14+00:00\" \/>\n<meta property=\"og:image\" content=\"https:\/\/diariotextual.com\/inicio\/wp-content\/uploads\/2019\/07\/asentamientoelsalitral2019-26.jpg\" \/>\n\t<meta property=\"og:image:width\" content=\"1100\" \/>\n\t<meta property=\"og:image:height\" content=\"664\" \/>\n\t<meta property=\"og:image:type\" content=\"image\/jpeg\" \/>\n<meta name=\"author\" content=\"Diario1 Diario1\" \/>\n<meta name=\"twitter:card\" content=\"summary_large_image\" \/>\n<meta name=\"twitter:creator\" content=\"@eltextual\" \/>\n<meta name=\"twitter:site\" content=\"@eltextual\" \/>\n<meta name=\"twitter:label1\" content=\"Escrito por\" \/>\n\t<meta name=\"twitter:data1\" content=\"Diario1 Diario1\" \/>\n\t<meta name=\"twitter:label2\" content=\"Tiempo de lectura\" \/>\n\t<meta name=\"twitter:data2\" content=\"1 minuto\" \/>\n<script type=\"application\/ld+json\" class=\"yoast-schema-graph\">{\"@context\":\"https:\\\/\\\/schema.org\",\"@graph\":[{\"@type\":\"Article\",\"@id\":\"https:\\\/\\\/diariotextual.com\\\/inicio\\\/index.php\\\/2019\\\/07\\\/16\\\/llegaron-mas-familias-tomaron-mas-terrenos-nuevo-salitral\\\/#article\",\"isPartOf\":{\"@id\":\"https:\\\/\\\/diariotextual.com\\\/inicio\\\/index.php\\\/2019\\\/07\\\/16\\\/llegaron-mas-familias-tomaron-mas-terrenos-nuevo-salitral\\\/\"},\"author\":{\"name\":\"Diario1 Diario1\",\"@id\":\"https:\\\/\\\/diariotextual.com\\\/inicio\\\/#\\\/schema\\\/person\\\/418fc4093c33e86ed41562db3508f958\"},\"headline\":\"Llegaron m\u00e1s familias y tomaron m\u00e1s terrenos en El Nuevo Salitral\",\"datePublished\":\"2019-07-16T13:01:23+00:00\",\"dateModified\":\"2019-07-16T16:42:14+00:00\",\"mainEntityOfPage\":{\"@id\":\"https:\\\/\\\/diariotextual.com\\\/inicio\\\/index.php\\\/2019\\\/07\\\/16\\\/llegaron-mas-familias-tomaron-mas-terrenos-nuevo-salitral\\\/\"},\"wordCount\":307,\"publisher\":{\"@id\":\"https:\\\/\\\/diariotextual.com\\\/inicio\\\/#organization\"},\"image\":{\"@id\":\"https:\\\/\\\/diariotextual.com\\\/inicio\\\/index.php\\\/2019\\\/07\\\/16\\\/llegaron-mas-familias-tomaron-mas-terrenos-nuevo-salitral\\\/#primaryimage\"},\"thumbnailUrl\":\"https:\\\/\\\/diariotextual.com\\\/inicio\\\/wp-content\\\/uploads\\\/2019\\\/07\\\/asentamientoelsalitral2019-26.jpg\",\"keywords\":[\"salitral\"],\"articleSection\":[\"A - QUE PASA (al costado)\",\"SOCIEDAD\"],\"inLanguage\":\"es\"},{\"@type\":\"WebPage\",\"@id\":\"https:\\\/\\\/diariotextual.com\\\/inicio\\\/index.php\\\/2019\\\/07\\\/16\\\/llegaron-mas-familias-tomaron-mas-terrenos-nuevo-salitral\\\/\",\"url\":\"https:\\\/\\\/diariotextual.com\\\/inicio\\\/index.php\\\/2019\\\/07\\\/16\\\/llegaron-mas-familias-tomaron-mas-terrenos-nuevo-salitral\\\/\",\"name\":\"Llegaron m\u00e1s familias y tomaron m\u00e1s terrenos en El Nuevo Salitral - Diario Textual\",\"isPartOf\":{\"@id\":\"https:\\\/\\\/diariotextual.com\\\/inicio\\\/#website\"},\"primaryImageOfPage\":{\"@id\":\"https:\\\/\\\/diariotextual.com\\\/inicio\\\/index.php\\\/2019\\\/07\\\/16\\\/llegaron-mas-familias-tomaron-mas-terrenos-nuevo-salitral\\\/#primaryimage\"},\"image\":{\"@id\":\"https:\\\/\\\/diariotextual.com\\\/inicio\\\/index.php\\\/2019\\\/07\\\/16\\\/llegaron-mas-familias-tomaron-mas-terrenos-nuevo-salitral\\\/#primaryimage\"},\"thumbnailUrl\":\"https:\\\/\\\/diariotextual.com\\\/inicio\\\/wp-content\\\/uploads\\\/2019\\\/07\\\/asentamientoelsalitral2019-26.jpg\",\"datePublished\":\"2019-07-16T13:01:23+00:00\",\"dateModified\":\"2019-07-16T16:42:14+00:00\",\"breadcrumb\":{\"@id\":\"https:\\\/\\\/diariotextual.com\\\/inicio\\\/index.php\\\/2019\\\/07\\\/16\\\/llegaron-mas-familias-tomaron-mas-terrenos-nuevo-salitral\\\/#breadcrumb\"},\"inLanguage\":\"es\",\"potentialAction\":[{\"@type\":\"ReadAction\",\"target\":[\"https:\\\/\\\/diariotextual.com\\\/inicio\\\/index.php\\\/2019\\\/07\\\/16\\\/llegaron-mas-familias-tomaron-mas-terrenos-nuevo-salitral\\\/\"]}]},{\"@type\":\"ImageObject\",\"inLanguage\":\"es\",\"@id\":\"https:\\\/\\\/diariotextual.com\\\/inicio\\\/index.php\\\/2019\\\/07\\\/16\\\/llegaron-mas-familias-tomaron-mas-terrenos-nuevo-salitral\\\/#primaryimage\",\"url\":\"https:\\\/\\\/diariotextual.com\\\/inicio\\\/wp-content\\\/uploads\\\/2019\\\/07\\\/asentamientoelsalitral2019-26.jpg\",\"contentUrl\":\"https:\\\/\\\/diariotextual.com\\\/inicio\\\/wp-content\\\/uploads\\\/2019\\\/07\\\/asentamientoelsalitral2019-26.jpg\",\"width\":1100,\"height\":664},{\"@type\":\"BreadcrumbList\",\"@id\":\"https:\\\/\\\/diariotextual.com\\\/inicio\\\/index.php\\\/2019\\\/07\\\/16\\\/llegaron-mas-familias-tomaron-mas-terrenos-nuevo-salitral\\\/#breadcrumb\",\"itemListElement\":[{\"@type\":\"ListItem\",\"position\":1,\"name\":\"Portada\",\"item\":\"https:\\\/\\\/diariotextual.com\\\/inicio\\\/\"},{\"@type\":\"ListItem\",\"position\":2,\"name\":\"Llegaron m\u00e1s familias y tomaron m\u00e1s terrenos en El Nuevo Salitral\"}]},{\"@type\":\"WebSite\",\"@id\":\"https:\\\/\\\/diariotextual.com\\\/inicio\\\/#website\",\"url\":\"https:\\\/\\\/diariotextual.com\\\/inicio\\\/\",\"name\":\"Diario Textual\",\"description\":\"\",\"publisher\":{\"@id\":\"https:\\\/\\\/diariotextual.com\\\/inicio\\\/#organization\"},\"potentialAction\":[{\"@type\":\"SearchAction\",\"target\":{\"@type\":\"EntryPoint\",\"urlTemplate\":\"https:\\\/\\\/diariotextual.com\\\/inicio\\\/?s={search_term_string}\"},\"query-input\":{\"@type\":\"PropertyValueSpecification\",\"valueRequired\":true,\"valueName\":\"search_term_string\"}}],\"inLanguage\":\"es\"},{\"@type\":\"Organization\",\"@id\":\"https:\\\/\\\/diariotextual.com\\\/inicio\\\/#organization\",\"name\":\"Diario Textual\",\"url\":\"https:\\\/\\\/diariotextual.com\\\/inicio\\\/\",\"logo\":{\"@type\":\"ImageObject\",\"inLanguage\":\"es\",\"@id\":\"https:\\\/\\\/diariotextual.com\\\/inicio\\\/#\\\/schema\\\/logo\\\/image\\\/\",\"url\":\"https:\\\/\\\/diariotextual.com\\\/inicio\\\/wp-content\\\/uploads\\\/2023\\\/05\\\/logotextual1.jpg\",\"contentUrl\":\"https:\\\/\\\/diariotextual.com\\\/inicio\\\/wp-content\\\/uploads\\\/2023\\\/05\\\/logotextual1.jpg\",\"width\":516,\"height\":76,\"caption\":\"Diario Textual\"},\"image\":{\"@id\":\"https:\\\/\\\/diariotextual.com\\\/inicio\\\/#\\\/schema\\\/logo\\\/image\\\/\"},\"sameAs\":[\"https:\\\/\\\/www.facebook.com\\\/eltextual\",\"https:\\\/\\\/x.com\\\/eltextual\",\"http:\\\/\\\/www.instagram.com\\\/eltextual\"]},{\"@type\":\"Person\",\"@id\":\"https:\\\/\\\/diariotextual.com\\\/inicio\\\/#\\\/schema\\\/person\\\/418fc4093c33e86ed41562db3508f958\",\"name\":\"Diario1 Diario1\",\"image\":{\"@type\":\"ImageObject\",\"inLanguage\":\"es\",\"@id\":\"https:\\\/\\\/secure.gravatar.com\\\/avatar\\\/9167d280179c85bc18be67aa7eda765854300033af4896dd779b608640f2ef7a?s=96&d=mm&r=g\",\"url\":\"https:\\\/\\\/secure.gravatar.com\\\/avatar\\\/9167d280179c85bc18be67aa7eda765854300033af4896dd779b608640f2ef7a?s=96&d=mm&r=g\",\"contentUrl\":\"https:\\\/\\\/secure.gravatar.com\\\/avatar\\\/9167d280179c85bc18be67aa7eda765854300033af4896dd779b608640f2ef7a?s=96&d=mm&r=g\",\"caption\":\"Diario1 Diario1\"},\"url\":\"https:\\\/\\\/diariotextual.com\\\/inicio\\\/index.php\\\/author\\\/diario1\\\/\"}]}<\/script>\n<!-- \/ Yoast SEO plugin. -->","yoast_head_json":{"title":"Llegaron m\u00e1s familias y tomaron m\u00e1s terrenos en El Nuevo Salitral - Diario Textual","robots":{"index":"index","follow":"follow","max-snippet":"max-snippet:-1","max-image-preview":"max-image-preview:large","max-video-preview":"max-video-preview:-1"},"canonical":"https:\/\/diariotextual.com\/inicio\/index.php\/2019\/07\/16\/llegaron-mas-familias-tomaron-mas-terrenos-nuevo-salitral\/","og_locale":"es_ES","og_type":"article","og_title":"Llegaron m\u00e1s familias y tomaron m\u00e1s terrenos en El Nuevo Salitral - Diario Textual","og_description":"M\u00e1s familias se sumaron en las \u00faltimas horas al asentamiento El Nuevo Salitral -ubicado al noroeste de Santa Rosa, en cercan\u00edas de la laguna Don Tom\u00e1s-. Fueron, seg\u00fan dijeron los&hellip;","og_url":"https:\/\/diariotextual.com\/inicio\/index.php\/2019\/07\/16\/llegaron-mas-familias-tomaron-mas-terrenos-nuevo-salitral\/","og_site_name":"Diario Textual","article_publisher":"https:\/\/www.facebook.com\/eltextual","article_published_time":"2019-07-16T13:01:23+00:00","article_modified_time":"2019-07-16T16:42:14+00:00","og_image":[{"width":1100,"height":664,"url":"https:\/\/diariotextual.com\/inicio\/wp-content\/uploads\/2019\/07\/asentamientoelsalitral2019-26.jpg","type":"image\/jpeg"}],"author":"Diario1 Diario1","twitter_card":"summary_large_image","twitter_creator":"@eltextual","twitter_site":"@eltextual","twitter_misc":{"Escrito por":"Diario1 Diario1","Tiempo de lectura":"1 minuto"},"schema":{"@context":"https:\/\/schema.org","@graph":[{"@type":"Article","@id":"https:\/\/diariotextual.com\/inicio\/index.php\/2019\/07\/16\/llegaron-mas-familias-tomaron-mas-terrenos-nuevo-salitral\/#article","isPartOf":{"@id":"https:\/\/diariotextual.com\/inicio\/index.php\/2019\/07\/16\/llegaron-mas-familias-tomaron-mas-terrenos-nuevo-salitral\/"},"author":{"name":"Diario1 Diario1","@id":"https:\/\/diariotextual.com\/inicio\/#\/schema\/person\/418fc4093c33e86ed41562db3508f958"},"headline":"Llegaron m\u00e1s familias y tomaron m\u00e1s terrenos en El Nuevo Salitral","datePublished":"2019-07-16T13:01:23+00:00","dateModified":"2019-07-16T16:42:14+00:00","mainEntityOfPage":{"@id":"https:\/\/diariotextual.com\/inicio\/index.php\/2019\/07\/16\/llegaron-mas-familias-tomaron-mas-terrenos-nuevo-salitral\/"},"wordCount":307,"publisher":{"@id":"https:\/\/diariotextual.com\/inicio\/#organization"},"image":{"@id":"https:\/\/diariotextual.com\/inicio\/index.php\/2019\/07\/16\/llegaron-mas-familias-tomaron-mas-terrenos-nuevo-salitral\/#primaryimage"},"thumbnailUrl":"https:\/\/diariotextual.com\/inicio\/wp-content\/uploads\/2019\/07\/asentamientoelsalitral2019-26.jpg","keywords":["salitral"],"articleSection":["A - QUE PASA (al costado)","SOCIEDAD"],"inLanguage":"es"},{"@type":"WebPage","@id":"https:\/\/diariotextual.com\/inicio\/index.php\/2019\/07\/16\/llegaron-mas-familias-tomaron-mas-terrenos-nuevo-salitral\/","url":"https:\/\/diariotextual.com\/inicio\/index.php\/2019\/07\/16\/llegaron-mas-familias-tomaron-mas-terrenos-nuevo-salitral\/","name":"Llegaron m\u00e1s familias y tomaron m\u00e1s terrenos en El Nuevo Salitral - Diario Textual","isPartOf":{"@id":"https:\/\/diariotextual.com\/inicio\/#website"},"primaryImageOfPage":{"@id":"https:\/\/diariotextual.com\/inicio\/index.php\/2019\/07\/16\/llegaron-mas-familias-tomaron-mas-terrenos-nuevo-salitral\/#primaryimage"},"image":{"@id":"https:\/\/diariotextual.com\/inicio\/index.php\/2019\/07\/16\/llegaron-mas-familias-tomaron-mas-terrenos-nuevo-salitral\/#primaryimage"},"thumbnailUrl":"https:\/\/diariotextual.com\/inicio\/wp-content\/uploads\/2019\/07\/asentamientoelsalitral2019-26.jpg","datePublished":"2019-07-16T13:01:23+00:00","dateModified":"2019-07-16T16:42:14+00:00","breadcrumb":{"@id":"https:\/\/diariotextual.com\/inicio\/index.php\/2019\/07\/16\/llegaron-mas-familias-tomaron-mas-terrenos-nuevo-salitral\/#breadcrumb"},"inLanguage":"es","potentialAction":[{"@type":"ReadAction","target":["https:\/\/diariotextual.com\/inicio\/index.php\/2019\/07\/16\/llegaron-mas-familias-tomaron-mas-terrenos-nuevo-salitral\/"]}]},{"@type":"ImageObject","inLanguage":"es","@id":"https:\/\/diariotextual.com\/inicio\/index.php\/2019\/07\/16\/llegaron-mas-familias-tomaron-mas-terrenos-nuevo-salitral\/#primaryimage","url":"https:\/\/diariotextual.com\/inicio\/wp-content\/uploads\/2019\/07\/asentamientoelsalitral2019-26.jpg","contentUrl":"https:\/\/diariotextual.com\/inicio\/wp-content\/uploads\/2019\/07\/asentamientoelsalitral2019-26.jpg","width":1100,"height":664},{"@type":"BreadcrumbList","@id":"https:\/\/diariotextual.com\/inicio\/index.php\/2019\/07\/16\/llegaron-mas-familias-tomaron-mas-terrenos-nuevo-salitral\/#breadcrumb","itemListElement":[{"@type":"ListItem","position":1,"name":"Portada","item":"https:\/\/diariotextual.com\/inicio\/"},{"@type":"ListItem","position":2,"name":"Llegaron m\u00e1s familias y tomaron m\u00e1s terrenos en El Nuevo Salitral"}]},{"@type":"WebSite","@id":"https:\/\/diariotextual.com\/inicio\/#website","url":"https:\/\/diariotextual.com\/inicio\/","name":"Diario Textual","description":"","publisher":{"@id":"https:\/\/diariotextual.com\/inicio\/#organization"},"potentialAction":[{"@type":"SearchAction","target":{"@type":"EntryPoint","urlTemplate":"https:\/\/diariotextual.com\/inicio\/?s={search_term_string}"},"query-input":{"@type":"PropertyValueSpecification","valueRequired":true,"valueName":"search_term_string"}}],"inLanguage":"es"},{"@type":"Organization","@id":"https:\/\/diariotextual.com\/inicio\/#organization","name":"Diario Textual","url":"https:\/\/diariotextual.com\/inicio\/","logo":{"@type":"ImageObject","inLanguage":"es","@id":"https:\/\/diariotextual.com\/inicio\/#\/schema\/logo\/image\/","url":"https:\/\/diariotextual.com\/inicio\/wp-content\/uploads\/2023\/05\/logotextual1.jpg","contentUrl":"https:\/\/diariotextual.com\/inicio\/wp-content\/uploads\/2023\/05\/logotextual1.jpg","width":516,"height":76,"caption":"Diario Textual"},"image":{"@id":"https:\/\/diariotextual.com\/inicio\/#\/schema\/logo\/image\/"},"sameAs":["https:\/\/www.facebook.com\/eltextual","https:\/\/x.com\/eltextual","http:\/\/www.instagram.com\/eltextual"]},{"@type":"Person","@id":"https:\/\/diariotextual.com\/inicio\/#\/schema\/person\/418fc4093c33e86ed41562db3508f958","name":"Diario1 Diario1","image":{"@type":"ImageObject","inLanguage":"es","@id":"https:\/\/secure.gravatar.com\/avatar\/9167d280179c85bc18be67aa7eda765854300033af4896dd779b608640f2ef7a?s=96&d=mm&r=g","url":"https:\/\/secure.gravatar.com\/avatar\/9167d280179c85bc18be67aa7eda765854300033af4896dd779b608640f2ef7a?s=96&d=mm&r=g","contentUrl":"https:\/\/secure.gravatar.com\/avatar\/9167d280179c85bc18be67aa7eda765854300033af4896dd779b608640f2ef7a?s=96&d=mm&r=g","caption":"Diario1 Diario1"},"url":"https:\/\/diariotextual.com\/inicio\/index.php\/author\/diario1\/"}]}},"_links":{"self":[{"href":"https:\/\/diariotextual.com\/inicio\/index.php\/wp-json\/wp\/v2\/posts\/56014","targetHints":{"allow":["GET"]}}],"collection":[{"href":"https:\/\/diariotextual.com\/inicio\/index.php\/wp-json\/wp\/v2\/posts"}],"about":[{"href":"https:\/\/diariotextual.com\/inicio\/index.php\/wp-json\/wp\/v2\/types\/post"}],"author":[{"embeddable":true,"href":"https:\/\/diariotextual.com\/inicio\/index.php\/wp-json\/wp\/v2\/users\/3"}],"replies":[{"embeddable":true,"href":"https:\/\/diariotextual.com\/inicio\/index.php\/wp-json\/wp\/v2\/comments?post=56014"}],"version-history":[{"count":4,"href":"https:\/\/diariotextual.com\/inicio\/index.php\/wp-json\/wp\/v2\/posts\/56014\/revisions"}],"predecessor-version":[{"id":56024,"href":"https:\/\/diariotextual.com\/inicio\/index.php\/wp-json\/wp\/v2\/posts\/56014\/revisions\/56024"}],"wp:featuredmedia":[{"embeddable":true,"href":"https:\/\/diariotextual.com\/inicio\/index.php\/wp-json\/wp\/v2\/media\/56018"}],"wp:attachment":[{"href":"https:\/\/diariotextual.com\/inicio\/index.php\/wp-json\/wp\/v2\/media?parent=56014"}],"wp:term":[{"taxonomy":"category","embeddable":true,"href":"https:\/\/diariotextual.com\/inicio\/index.php\/wp-json\/wp\/v2\/categories?post=56014"},{"taxonomy":"post_tag","embeddable":true,"href":"https:\/\/diariotextual.com\/inicio\/index.php\/wp-json\/wp\/v2\/tags?post=56014"}],"curies":[{"name":"wp","href":"https:\/\/api.w.org\/{rel}","templated":true}]}}