{"id":56047,"date":"2019-07-16T13:36:48","date_gmt":"2019-07-16T16:36:48","guid":{"rendered":"http:\/\/diariotextual.com\/inicio\/?p=56047"},"modified":"2019-07-16T19:47:14","modified_gmt":"2019-07-16T22:47:14","slug":"urgente-ahora-tomaron-terrenos-detras-del-santa-maria","status":"publish","type":"post","link":"https:\/\/diariotextual.com\/inicio\/index.php\/2019\/07\/16\/urgente-ahora-tomaron-terrenos-detras-del-santa-maria\/","title":{"rendered":"Ahora tomaron terrenos detr\u00e1s del barrio Santa Mar\u00eda"},"content":{"rendered":"<p><strong>Tomaron m\u00e1s tierras en Santa Rosa<\/strong>. Unas 30 familias comenzaron a instalarse en el mediod\u00eda de este martes detr\u00e1s del barrio <strong>Santa Mar\u00eda de La Pampa<\/strong>, en unas 10 hect\u00e1reas de la municipalidad ubicadas en Arriaga y Tello.<strong>\u00a0Este asentamiento se sum\u00f3 a El Nuevo Salitral<\/strong>, donde hay unas 130 familias.<\/p>\n<p><iframe style=\"border: none; overflow: hidden;\" src=\"https:\/\/www.facebook.com\/plugins\/video.php?href=https%3A%2F%2Fwww.facebook.com%2Feltextual%2Fvideos%2F327530471467749%2F&amp;show_text=0&amp;width=560\" width=\"560\" height=\"308\" frameborder=\"0\" scrolling=\"no\" allowfullscreen=\"allowfullscreen\"><\/iframe><\/p>\n<p>&nbsp;<\/p>\n<p>\u00abSomos unas 10 \u00f3 20 familias. Pero est\u00e1n viniendo m\u00e1s\u00bb, dijo<strong> Juan Carlos Tomaso<\/strong>, de 31 a\u00f1os y padre de dos nenes, a <strong>Diario Textual<\/strong> minutos despu\u00e9s de las 13 horas. Vive en Villa Parque, donde alquila.<\/p>\n<blockquote class=\"wp-embedded-content\" data-secret=\"BCLMqlaKL1\"><p><a href=\"http:\/\/diariotextual.com\/inicio\/index.php\/2019\/07\/16\/las-primeras-fotos-del-nuevo-asentamiento-detras-del-santa-maria-2\/\">Las primeras fotos del nuevo asentamiento detr\u00e1s del Santa Mar\u00eda<\/a><\/p><\/blockquote>\n<p><iframe class=\"wp-embedded-content\" sandbox=\"allow-scripts\" security=\"restricted\" style=\"position: absolute; clip: rect(1px, 1px, 1px, 1px);\" src=\"http:\/\/diariotextual.com\/inicio\/index.php\/2019\/07\/16\/las-primeras-fotos-del-nuevo-asentamiento-detras-del-santa-maria-2\/embed\/#?secret=BCLMqlaKL1\" data-secret=\"BCLMqlaKL1\" width=\"600\" height=\"338\" title=\"&#171;Las primeras fotos del nuevo asentamiento detr\u00e1s del Santa Mar\u00eda&#187; &#8212; Diario Textual\" frameborder=\"0\" marginwidth=\"0\" marginheight=\"0\" scrolling=\"no\"><\/iframe><\/p>\n<p>\u00abSon 10 hect\u00e1reas municipales\u00bb,\u00a0dijo<strong> N\u00e9stor Fabi\u00e1n Avenda\u00f1o<\/strong> (46), presidente de la Comisi\u00f3n Vecinal del Santa Mar\u00eda entre 2012 y 2014. \u00abYo no estoy tomando terreno; mi hija, s\u00ed\u00bb.<\/p>\n<p><strong>Hay gente de varios barrios, tanto del Santa Mar\u00eda, como de Zona Norte, Villa Parque, Fonavi y del Nelson Mandela. La mayor\u00eda est\u00e1 alquilando o viviendo en casa de sus padres.<\/strong><\/p>\n<p>El lugar est\u00e1 lleno de mont\u00edculos: una empresa constructora, Jubete, est\u00e1 arrojando toneladas de tierra.<\/p>\n<p>Cindi Cervette, de 25 a\u00f1os y con una nena de 5, es otra de las ocupantes. \u00abVivo con mi mam\u00e1 en una casa del barrio Mandela. No entramos todos en esa casa\u00bb, dijo a Diario Textual.<\/p>\n<p><img fetchpriority=\"high\" decoding=\"async\" class=\"alignnone wp-image-56071 size-large\" src=\"http:\/\/diariotextual.com\/inicio\/wp-content\/uploads\/2019\/07\/asentamientosantamaria2019-1-1024x624.jpg\" alt=\"\" width=\"1024\" height=\"624\" srcset=\"https:\/\/diariotextual.com\/inicio\/wp-content\/uploads\/2019\/07\/asentamientosantamaria2019-1-1024x624.jpg 1024w, https:\/\/diariotextual.com\/inicio\/wp-content\/uploads\/2019\/07\/asentamientosantamaria2019-1-300x183.jpg 300w, https:\/\/diariotextual.com\/inicio\/wp-content\/uploads\/2019\/07\/asentamientosantamaria2019-1-768x468.jpg 768w, https:\/\/diariotextual.com\/inicio\/wp-content\/uploads\/2019\/07\/asentamientosantamaria2019-1-585x356.jpg 585w, https:\/\/diariotextual.com\/inicio\/wp-content\/uploads\/2019\/07\/asentamientosantamaria2019-1.jpg 1100w\" sizes=\"(max-width: 1024px) 100vw, 1024px\" \/><\/p>\n<p>Sara Fortuna, de 21 a\u00f1os, y su esposo Eduardo Cisneros, de 26, son otros de los ocupantes. Tienen tres nenes y viven apretados en una casa del Fonavi 42. \u00abVivimos en la casa de mi mam\u00e1\u00bb, cont\u00f3. \u00abNo queremos que nos regalen nada: queremos pagar. \u00bfDe qu\u00e9 trabajamos? Somos vendedores, de todo. Somos buscas\u00bb, dijo.<\/p>\n<p><img decoding=\"async\" class=\"alignnone wp-image-56063 size-large\" src=\"http:\/\/diariotextual.com\/inicio\/wp-content\/uploads\/2019\/07\/IMG-20190716-WA0024-1024x576.jpg\" alt=\"\" width=\"1024\" height=\"576\" \/><img decoding=\"async\" class=\"alignnone wp-image-56076 size-large\" src=\"http:\/\/diariotextual.com\/inicio\/wp-content\/uploads\/2019\/07\/asentamientosantamaria2019-6-1024x614.jpg\" alt=\"\" width=\"1024\" height=\"614\" srcset=\"https:\/\/diariotextual.com\/inicio\/wp-content\/uploads\/2019\/07\/asentamientosantamaria2019-6-1024x614.jpg 1024w, https:\/\/diariotextual.com\/inicio\/wp-content\/uploads\/2019\/07\/asentamientosantamaria2019-6-300x180.jpg 300w, https:\/\/diariotextual.com\/inicio\/wp-content\/uploads\/2019\/07\/asentamientosantamaria2019-6-768x461.jpg 768w, https:\/\/diariotextual.com\/inicio\/wp-content\/uploads\/2019\/07\/asentamientosantamaria2019-6-585x351.jpg 585w, https:\/\/diariotextual.com\/inicio\/wp-content\/uploads\/2019\/07\/asentamientosantamaria2019-6.jpg 1100w\" sizes=\"(max-width: 1024px) 100vw, 1024px\" \/><\/p>\n<p>Un hermano de Sara los est\u00e1 acompa\u00f1ando. \u00abSoy Kevin y soy maestro mayor de obras. Me ofrezco a hacer los planos\u00bb, se present\u00f3.<\/p>\n<p>&nbsp;<\/p>\n<blockquote class=\"wp-embedded-content\" data-secret=\"QjqdGvOeEO\"><p><a href=\"http:\/\/diariotextual.com\/inicio\/index.php\/2019\/07\/16\/llegaron-mas-familias-tomaron-mas-terrenos-nuevo-salitral\/\">Llegaron m\u00e1s familias y tomaron m\u00e1s terrenos en El Nuevo Salitral<\/a><\/p><\/blockquote>\n<p><iframe class=\"wp-embedded-content\" sandbox=\"allow-scripts\" security=\"restricted\" style=\"position: absolute; clip: rect(1px, 1px, 1px, 1px);\" src=\"http:\/\/diariotextual.com\/inicio\/index.php\/2019\/07\/16\/llegaron-mas-familias-tomaron-mas-terrenos-nuevo-salitral\/embed\/#?secret=QjqdGvOeEO\" data-secret=\"QjqdGvOeEO\" width=\"600\" height=\"338\" title=\"&#171;Llegaron m\u00e1s familias y tomaron m\u00e1s terrenos en El Nuevo Salitral&#187; &#8212; Diario Textual\" frameborder=\"0\" marginwidth=\"0\" marginheight=\"0\" scrolling=\"no\"><\/iframe><\/p>\n<p>&nbsp;<\/p>\n<p>&nbsp;<\/p>\n","protected":false},"excerpt":{"rendered":"<p>Tomaron m\u00e1s tierras en Santa Rosa. Unas 30 familias comenzaron a instalarse en el mediod\u00eda de este martes detr\u00e1s del barrio Santa Mar\u00eda de La Pampa, en unas 10 hect\u00e1reas&hellip;<\/p>\n","protected":false},"author":3,"featured_media":56077,"comment_status":"closed","ping_status":"open","sticky":false,"template":"","format":"standard","meta":{"_acf_changed":false,"footnotes":""},"categories":[12],"tags":[2074],"class_list":["post-56047","post","type-post","status-publish","format-standard","has-post-thumbnail","hentry","category-sociedad","tag-asentamiento"],"acf":[],"yoast_head":"<!-- This site is optimized with the Yoast SEO plugin v27.4 - https:\/\/yoast.com\/product\/yoast-seo-wordpress\/ -->\n<title>Ahora tomaron terrenos detr\u00e1s del barrio Santa Mar\u00eda - Diario Textual<\/title>\n<meta name=\"robots\" content=\"index, follow, max-snippet:-1, max-image-preview:large, max-video-preview:-1\" \/>\n<link rel=\"canonical\" href=\"https:\/\/diariotextual.com\/inicio\/index.php\/2019\/07\/16\/urgente-ahora-tomaron-terrenos-detras-del-santa-maria\/\" \/>\n<meta property=\"og:locale\" content=\"es_ES\" \/>\n<meta property=\"og:type\" content=\"article\" \/>\n<meta property=\"og:title\" content=\"Ahora tomaron terrenos detr\u00e1s del barrio Santa Mar\u00eda - Diario Textual\" \/>\n<meta property=\"og:description\" content=\"Tomaron m\u00e1s tierras en Santa Rosa. Unas 30 familias comenzaron a instalarse en el mediod\u00eda de este martes detr\u00e1s del barrio Santa Mar\u00eda de La Pampa, en unas 10 hect\u00e1reas&hellip;\" \/>\n<meta property=\"og:url\" content=\"https:\/\/diariotextual.com\/inicio\/index.php\/2019\/07\/16\/urgente-ahora-tomaron-terrenos-detras-del-santa-maria\/\" \/>\n<meta property=\"og:site_name\" content=\"Diario Textual\" \/>\n<meta property=\"article:publisher\" content=\"https:\/\/www.facebook.com\/eltextual\" \/>\n<meta property=\"article:published_time\" content=\"2019-07-16T16:36:48+00:00\" \/>\n<meta property=\"article:modified_time\" content=\"2019-07-16T22:47:14+00:00\" \/>\n<meta property=\"og:image\" content=\"https:\/\/diariotextual.com\/inicio\/wp-content\/uploads\/2019\/07\/asentamientosantamaria2019-7.jpg\" \/>\n\t<meta property=\"og:image:width\" content=\"1100\" \/>\n\t<meta property=\"og:image:height\" content=\"666\" \/>\n\t<meta property=\"og:image:type\" content=\"image\/jpeg\" \/>\n<meta name=\"author\" content=\"Diario1 Diario1\" \/>\n<meta name=\"twitter:card\" content=\"summary_large_image\" \/>\n<meta name=\"twitter:creator\" content=\"@eltextual\" \/>\n<meta name=\"twitter:site\" content=\"@eltextual\" \/>\n<meta name=\"twitter:label1\" content=\"Escrito por\" \/>\n\t<meta name=\"twitter:data1\" content=\"Diario1 Diario1\" \/>\n\t<meta name=\"twitter:label2\" content=\"Tiempo de lectura\" \/>\n\t<meta name=\"twitter:data2\" content=\"1 minuto\" \/>\n<script type=\"application\/ld+json\" class=\"yoast-schema-graph\">{\"@context\":\"https:\\\/\\\/schema.org\",\"@graph\":[{\"@type\":\"Article\",\"@id\":\"https:\\\/\\\/diariotextual.com\\\/inicio\\\/index.php\\\/2019\\\/07\\\/16\\\/urgente-ahora-tomaron-terrenos-detras-del-santa-maria\\\/#article\",\"isPartOf\":{\"@id\":\"https:\\\/\\\/diariotextual.com\\\/inicio\\\/index.php\\\/2019\\\/07\\\/16\\\/urgente-ahora-tomaron-terrenos-detras-del-santa-maria\\\/\"},\"author\":{\"name\":\"Diario1 Diario1\",\"@id\":\"https:\\\/\\\/diariotextual.com\\\/inicio\\\/#\\\/schema\\\/person\\\/418fc4093c33e86ed41562db3508f958\"},\"headline\":\"Ahora tomaron terrenos detr\u00e1s del barrio Santa Mar\u00eda\",\"datePublished\":\"2019-07-16T16:36:48+00:00\",\"dateModified\":\"2019-07-16T22:47:14+00:00\",\"mainEntityOfPage\":{\"@id\":\"https:\\\/\\\/diariotextual.com\\\/inicio\\\/index.php\\\/2019\\\/07\\\/16\\\/urgente-ahora-tomaron-terrenos-detras-del-santa-maria\\\/\"},\"wordCount\":309,\"publisher\":{\"@id\":\"https:\\\/\\\/diariotextual.com\\\/inicio\\\/#organization\"},\"image\":{\"@id\":\"https:\\\/\\\/diariotextual.com\\\/inicio\\\/index.php\\\/2019\\\/07\\\/16\\\/urgente-ahora-tomaron-terrenos-detras-del-santa-maria\\\/#primaryimage\"},\"thumbnailUrl\":\"https:\\\/\\\/diariotextual.com\\\/inicio\\\/wp-content\\\/uploads\\\/2019\\\/07\\\/asentamientosantamaria2019-7.jpg\",\"keywords\":[\"asentamiento\"],\"articleSection\":[\"SOCIEDAD\"],\"inLanguage\":\"es\"},{\"@type\":\"WebPage\",\"@id\":\"https:\\\/\\\/diariotextual.com\\\/inicio\\\/index.php\\\/2019\\\/07\\\/16\\\/urgente-ahora-tomaron-terrenos-detras-del-santa-maria\\\/\",\"url\":\"https:\\\/\\\/diariotextual.com\\\/inicio\\\/index.php\\\/2019\\\/07\\\/16\\\/urgente-ahora-tomaron-terrenos-detras-del-santa-maria\\\/\",\"name\":\"Ahora tomaron terrenos detr\u00e1s del barrio Santa Mar\u00eda - Diario Textual\",\"isPartOf\":{\"@id\":\"https:\\\/\\\/diariotextual.com\\\/inicio\\\/#website\"},\"primaryImageOfPage\":{\"@id\":\"https:\\\/\\\/diariotextual.com\\\/inicio\\\/index.php\\\/2019\\\/07\\\/16\\\/urgente-ahora-tomaron-terrenos-detras-del-santa-maria\\\/#primaryimage\"},\"image\":{\"@id\":\"https:\\\/\\\/diariotextual.com\\\/inicio\\\/index.php\\\/2019\\\/07\\\/16\\\/urgente-ahora-tomaron-terrenos-detras-del-santa-maria\\\/#primaryimage\"},\"thumbnailUrl\":\"https:\\\/\\\/diariotextual.com\\\/inicio\\\/wp-content\\\/uploads\\\/2019\\\/07\\\/asentamientosantamaria2019-7.jpg\",\"datePublished\":\"2019-07-16T16:36:48+00:00\",\"dateModified\":\"2019-07-16T22:47:14+00:00\",\"breadcrumb\":{\"@id\":\"https:\\\/\\\/diariotextual.com\\\/inicio\\\/index.php\\\/2019\\\/07\\\/16\\\/urgente-ahora-tomaron-terrenos-detras-del-santa-maria\\\/#breadcrumb\"},\"inLanguage\":\"es\",\"potentialAction\":[{\"@type\":\"ReadAction\",\"target\":[\"https:\\\/\\\/diariotextual.com\\\/inicio\\\/index.php\\\/2019\\\/07\\\/16\\\/urgente-ahora-tomaron-terrenos-detras-del-santa-maria\\\/\"]}]},{\"@type\":\"ImageObject\",\"inLanguage\":\"es\",\"@id\":\"https:\\\/\\\/diariotextual.com\\\/inicio\\\/index.php\\\/2019\\\/07\\\/16\\\/urgente-ahora-tomaron-terrenos-detras-del-santa-maria\\\/#primaryimage\",\"url\":\"https:\\\/\\\/diariotextual.com\\\/inicio\\\/wp-content\\\/uploads\\\/2019\\\/07\\\/asentamientosantamaria2019-7.jpg\",\"contentUrl\":\"https:\\\/\\\/diariotextual.com\\\/inicio\\\/wp-content\\\/uploads\\\/2019\\\/07\\\/asentamientosantamaria2019-7.jpg\",\"width\":1100,\"height\":666},{\"@type\":\"BreadcrumbList\",\"@id\":\"https:\\\/\\\/diariotextual.com\\\/inicio\\\/index.php\\\/2019\\\/07\\\/16\\\/urgente-ahora-tomaron-terrenos-detras-del-santa-maria\\\/#breadcrumb\",\"itemListElement\":[{\"@type\":\"ListItem\",\"position\":1,\"name\":\"Portada\",\"item\":\"https:\\\/\\\/diariotextual.com\\\/inicio\\\/\"},{\"@type\":\"ListItem\",\"position\":2,\"name\":\"Ahora tomaron terrenos detr\u00e1s del barrio Santa Mar\u00eda\"}]},{\"@type\":\"WebSite\",\"@id\":\"https:\\\/\\\/diariotextual.com\\\/inicio\\\/#website\",\"url\":\"https:\\\/\\\/diariotextual.com\\\/inicio\\\/\",\"name\":\"Diario Textual\",\"description\":\"\",\"publisher\":{\"@id\":\"https:\\\/\\\/diariotextual.com\\\/inicio\\\/#organization\"},\"potentialAction\":[{\"@type\":\"SearchAction\",\"target\":{\"@type\":\"EntryPoint\",\"urlTemplate\":\"https:\\\/\\\/diariotextual.com\\\/inicio\\\/?s={search_term_string}\"},\"query-input\":{\"@type\":\"PropertyValueSpecification\",\"valueRequired\":true,\"valueName\":\"search_term_string\"}}],\"inLanguage\":\"es\"},{\"@type\":\"Organization\",\"@id\":\"https:\\\/\\\/diariotextual.com\\\/inicio\\\/#organization\",\"name\":\"Diario Textual\",\"url\":\"https:\\\/\\\/diariotextual.com\\\/inicio\\\/\",\"logo\":{\"@type\":\"ImageObject\",\"inLanguage\":\"es\",\"@id\":\"https:\\\/\\\/diariotextual.com\\\/inicio\\\/#\\\/schema\\\/logo\\\/image\\\/\",\"url\":\"https:\\\/\\\/diariotextual.com\\\/inicio\\\/wp-content\\\/uploads\\\/2023\\\/05\\\/logotextual1.jpg\",\"contentUrl\":\"https:\\\/\\\/diariotextual.com\\\/inicio\\\/wp-content\\\/uploads\\\/2023\\\/05\\\/logotextual1.jpg\",\"width\":516,\"height\":76,\"caption\":\"Diario Textual\"},\"image\":{\"@id\":\"https:\\\/\\\/diariotextual.com\\\/inicio\\\/#\\\/schema\\\/logo\\\/image\\\/\"},\"sameAs\":[\"https:\\\/\\\/www.facebook.com\\\/eltextual\",\"https:\\\/\\\/x.com\\\/eltextual\",\"http:\\\/\\\/www.instagram.com\\\/eltextual\"]},{\"@type\":\"Person\",\"@id\":\"https:\\\/\\\/diariotextual.com\\\/inicio\\\/#\\\/schema\\\/person\\\/418fc4093c33e86ed41562db3508f958\",\"name\":\"Diario1 Diario1\",\"image\":{\"@type\":\"ImageObject\",\"inLanguage\":\"es\",\"@id\":\"https:\\\/\\\/secure.gravatar.com\\\/avatar\\\/9167d280179c85bc18be67aa7eda765854300033af4896dd779b608640f2ef7a?s=96&d=mm&r=g\",\"url\":\"https:\\\/\\\/secure.gravatar.com\\\/avatar\\\/9167d280179c85bc18be67aa7eda765854300033af4896dd779b608640f2ef7a?s=96&d=mm&r=g\",\"contentUrl\":\"https:\\\/\\\/secure.gravatar.com\\\/avatar\\\/9167d280179c85bc18be67aa7eda765854300033af4896dd779b608640f2ef7a?s=96&d=mm&r=g\",\"caption\":\"Diario1 Diario1\"},\"url\":\"https:\\\/\\\/diariotextual.com\\\/inicio\\\/index.php\\\/author\\\/diario1\\\/\"}]}<\/script>\n<!-- \/ Yoast SEO plugin. -->","yoast_head_json":{"title":"Ahora tomaron terrenos detr\u00e1s del barrio Santa Mar\u00eda - Diario Textual","robots":{"index":"index","follow":"follow","max-snippet":"max-snippet:-1","max-image-preview":"max-image-preview:large","max-video-preview":"max-video-preview:-1"},"canonical":"https:\/\/diariotextual.com\/inicio\/index.php\/2019\/07\/16\/urgente-ahora-tomaron-terrenos-detras-del-santa-maria\/","og_locale":"es_ES","og_type":"article","og_title":"Ahora tomaron terrenos detr\u00e1s del barrio Santa Mar\u00eda - Diario Textual","og_description":"Tomaron m\u00e1s tierras en Santa Rosa. Unas 30 familias comenzaron a instalarse en el mediod\u00eda de este martes detr\u00e1s del barrio Santa Mar\u00eda de La Pampa, en unas 10 hect\u00e1reas&hellip;","og_url":"https:\/\/diariotextual.com\/inicio\/index.php\/2019\/07\/16\/urgente-ahora-tomaron-terrenos-detras-del-santa-maria\/","og_site_name":"Diario Textual","article_publisher":"https:\/\/www.facebook.com\/eltextual","article_published_time":"2019-07-16T16:36:48+00:00","article_modified_time":"2019-07-16T22:47:14+00:00","og_image":[{"width":1100,"height":666,"url":"https:\/\/diariotextual.com\/inicio\/wp-content\/uploads\/2019\/07\/asentamientosantamaria2019-7.jpg","type":"image\/jpeg"}],"author":"Diario1 Diario1","twitter_card":"summary_large_image","twitter_creator":"@eltextual","twitter_site":"@eltextual","twitter_misc":{"Escrito por":"Diario1 Diario1","Tiempo de lectura":"1 minuto"},"schema":{"@context":"https:\/\/schema.org","@graph":[{"@type":"Article","@id":"https:\/\/diariotextual.com\/inicio\/index.php\/2019\/07\/16\/urgente-ahora-tomaron-terrenos-detras-del-santa-maria\/#article","isPartOf":{"@id":"https:\/\/diariotextual.com\/inicio\/index.php\/2019\/07\/16\/urgente-ahora-tomaron-terrenos-detras-del-santa-maria\/"},"author":{"name":"Diario1 Diario1","@id":"https:\/\/diariotextual.com\/inicio\/#\/schema\/person\/418fc4093c33e86ed41562db3508f958"},"headline":"Ahora tomaron terrenos detr\u00e1s del barrio Santa Mar\u00eda","datePublished":"2019-07-16T16:36:48+00:00","dateModified":"2019-07-16T22:47:14+00:00","mainEntityOfPage":{"@id":"https:\/\/diariotextual.com\/inicio\/index.php\/2019\/07\/16\/urgente-ahora-tomaron-terrenos-detras-del-santa-maria\/"},"wordCount":309,"publisher":{"@id":"https:\/\/diariotextual.com\/inicio\/#organization"},"image":{"@id":"https:\/\/diariotextual.com\/inicio\/index.php\/2019\/07\/16\/urgente-ahora-tomaron-terrenos-detras-del-santa-maria\/#primaryimage"},"thumbnailUrl":"https:\/\/diariotextual.com\/inicio\/wp-content\/uploads\/2019\/07\/asentamientosantamaria2019-7.jpg","keywords":["asentamiento"],"articleSection":["SOCIEDAD"],"inLanguage":"es"},{"@type":"WebPage","@id":"https:\/\/diariotextual.com\/inicio\/index.php\/2019\/07\/16\/urgente-ahora-tomaron-terrenos-detras-del-santa-maria\/","url":"https:\/\/diariotextual.com\/inicio\/index.php\/2019\/07\/16\/urgente-ahora-tomaron-terrenos-detras-del-santa-maria\/","name":"Ahora tomaron terrenos detr\u00e1s del barrio Santa Mar\u00eda - Diario Textual","isPartOf":{"@id":"https:\/\/diariotextual.com\/inicio\/#website"},"primaryImageOfPage":{"@id":"https:\/\/diariotextual.com\/inicio\/index.php\/2019\/07\/16\/urgente-ahora-tomaron-terrenos-detras-del-santa-maria\/#primaryimage"},"image":{"@id":"https:\/\/diariotextual.com\/inicio\/index.php\/2019\/07\/16\/urgente-ahora-tomaron-terrenos-detras-del-santa-maria\/#primaryimage"},"thumbnailUrl":"https:\/\/diariotextual.com\/inicio\/wp-content\/uploads\/2019\/07\/asentamientosantamaria2019-7.jpg","datePublished":"2019-07-16T16:36:48+00:00","dateModified":"2019-07-16T22:47:14+00:00","breadcrumb":{"@id":"https:\/\/diariotextual.com\/inicio\/index.php\/2019\/07\/16\/urgente-ahora-tomaron-terrenos-detras-del-santa-maria\/#breadcrumb"},"inLanguage":"es","potentialAction":[{"@type":"ReadAction","target":["https:\/\/diariotextual.com\/inicio\/index.php\/2019\/07\/16\/urgente-ahora-tomaron-terrenos-detras-del-santa-maria\/"]}]},{"@type":"ImageObject","inLanguage":"es","@id":"https:\/\/diariotextual.com\/inicio\/index.php\/2019\/07\/16\/urgente-ahora-tomaron-terrenos-detras-del-santa-maria\/#primaryimage","url":"https:\/\/diariotextual.com\/inicio\/wp-content\/uploads\/2019\/07\/asentamientosantamaria2019-7.jpg","contentUrl":"https:\/\/diariotextual.com\/inicio\/wp-content\/uploads\/2019\/07\/asentamientosantamaria2019-7.jpg","width":1100,"height":666},{"@type":"BreadcrumbList","@id":"https:\/\/diariotextual.com\/inicio\/index.php\/2019\/07\/16\/urgente-ahora-tomaron-terrenos-detras-del-santa-maria\/#breadcrumb","itemListElement":[{"@type":"ListItem","position":1,"name":"Portada","item":"https:\/\/diariotextual.com\/inicio\/"},{"@type":"ListItem","position":2,"name":"Ahora tomaron terrenos detr\u00e1s del barrio Santa Mar\u00eda"}]},{"@type":"WebSite","@id":"https:\/\/diariotextual.com\/inicio\/#website","url":"https:\/\/diariotextual.com\/inicio\/","name":"Diario Textual","description":"","publisher":{"@id":"https:\/\/diariotextual.com\/inicio\/#organization"},"potentialAction":[{"@type":"SearchAction","target":{"@type":"EntryPoint","urlTemplate":"https:\/\/diariotextual.com\/inicio\/?s={search_term_string}"},"query-input":{"@type":"PropertyValueSpecification","valueRequired":true,"valueName":"search_term_string"}}],"inLanguage":"es"},{"@type":"Organization","@id":"https:\/\/diariotextual.com\/inicio\/#organization","name":"Diario Textual","url":"https:\/\/diariotextual.com\/inicio\/","logo":{"@type":"ImageObject","inLanguage":"es","@id":"https:\/\/diariotextual.com\/inicio\/#\/schema\/logo\/image\/","url":"https:\/\/diariotextual.com\/inicio\/wp-content\/uploads\/2023\/05\/logotextual1.jpg","contentUrl":"https:\/\/diariotextual.com\/inicio\/wp-content\/uploads\/2023\/05\/logotextual1.jpg","width":516,"height":76,"caption":"Diario Textual"},"image":{"@id":"https:\/\/diariotextual.com\/inicio\/#\/schema\/logo\/image\/"},"sameAs":["https:\/\/www.facebook.com\/eltextual","https:\/\/x.com\/eltextual","http:\/\/www.instagram.com\/eltextual"]},{"@type":"Person","@id":"https:\/\/diariotextual.com\/inicio\/#\/schema\/person\/418fc4093c33e86ed41562db3508f958","name":"Diario1 Diario1","image":{"@type":"ImageObject","inLanguage":"es","@id":"https:\/\/secure.gravatar.com\/avatar\/9167d280179c85bc18be67aa7eda765854300033af4896dd779b608640f2ef7a?s=96&d=mm&r=g","url":"https:\/\/secure.gravatar.com\/avatar\/9167d280179c85bc18be67aa7eda765854300033af4896dd779b608640f2ef7a?s=96&d=mm&r=g","contentUrl":"https:\/\/secure.gravatar.com\/avatar\/9167d280179c85bc18be67aa7eda765854300033af4896dd779b608640f2ef7a?s=96&d=mm&r=g","caption":"Diario1 Diario1"},"url":"https:\/\/diariotextual.com\/inicio\/index.php\/author\/diario1\/"}]}},"_links":{"self":[{"href":"https:\/\/diariotextual.com\/inicio\/index.php\/wp-json\/wp\/v2\/posts\/56047","targetHints":{"allow":["GET"]}}],"collection":[{"href":"https:\/\/diariotextual.com\/inicio\/index.php\/wp-json\/wp\/v2\/posts"}],"about":[{"href":"https:\/\/diariotextual.com\/inicio\/index.php\/wp-json\/wp\/v2\/types\/post"}],"author":[{"embeddable":true,"href":"https:\/\/diariotextual.com\/inicio\/index.php\/wp-json\/wp\/v2\/users\/3"}],"replies":[{"embeddable":true,"href":"https:\/\/diariotextual.com\/inicio\/index.php\/wp-json\/wp\/v2\/comments?post=56047"}],"version-history":[{"count":19,"href":"https:\/\/diariotextual.com\/inicio\/index.php\/wp-json\/wp\/v2\/posts\/56047\/revisions"}],"predecessor-version":[{"id":56102,"href":"https:\/\/diariotextual.com\/inicio\/index.php\/wp-json\/wp\/v2\/posts\/56047\/revisions\/56102"}],"wp:featuredmedia":[{"embeddable":true,"href":"https:\/\/diariotextual.com\/inicio\/index.php\/wp-json\/wp\/v2\/media\/56077"}],"wp:attachment":[{"href":"https:\/\/diariotextual.com\/inicio\/index.php\/wp-json\/wp\/v2\/media?parent=56047"}],"wp:term":[{"taxonomy":"category","embeddable":true,"href":"https:\/\/diariotextual.com\/inicio\/index.php\/wp-json\/wp\/v2\/categories?post=56047"},{"taxonomy":"post_tag","embeddable":true,"href":"https:\/\/diariotextual.com\/inicio\/index.php\/wp-json\/wp\/v2\/tags?post=56047"}],"curies":[{"name":"wp","href":"https:\/\/api.w.org\/{rel}","templated":true}]}}