{"id":56090,"date":"2019-07-16T15:05:03","date_gmt":"2019-07-16T18:05:03","guid":{"rendered":"http:\/\/diariotextual.com\/inicio\/?p=56090"},"modified":"2019-07-16T20:25:26","modified_gmt":"2019-07-16T23:25:26","slug":"las-primeras-fotos-del-nuevo-asentamiento-detras-del-santa-maria-2","status":"publish","type":"post","link":"https:\/\/diariotextual.com\/inicio\/index.php\/2019\/07\/16\/las-primeras-fotos-del-nuevo-asentamiento-detras-del-santa-maria-2\/","title":{"rendered":"Las primeras fotos del nuevo asentamiento detr\u00e1s del Santa Mar\u00eda"},"content":{"rendered":"<p>Este martes, Diario Textual adelant\u00f3 que<a href=\"http:\/\/diariotextual.com\/inicio\/index.php\/2019\/07\/16\/urgente-ahora-tomaron-terrenos-detras-del-santa-maria\/?fbclid=IwAR08RLJYzAgUB1XsVpYHux7HmayQ5bHGXI2Mhbh2GXL8lXlftUB3heNjIQg\" target=\"_blank\" rel=\"noopener\"><strong> se estaba comenzando a formar un nuevo asentamiento<\/strong> <\/a>en Santa Rosa: decenas de personas tomaron unas 10 hect\u00e1reas sobre las calles Arriaga y Tello, detr\u00e1s del barrio Santa Mar\u00eda de La Pampa. Aqu\u00ed, las primeras fotos.<\/p>\n<p><img fetchpriority=\"high\" decoding=\"async\" class=\"alignnone wp-image-56071 size-large\" src=\"http:\/\/diariotextual.com\/inicio\/wp-content\/uploads\/2019\/07\/asentamientosantamaria2019-1-1024x624.jpg\" alt=\"\" width=\"1024\" height=\"624\" srcset=\"https:\/\/diariotextual.com\/inicio\/wp-content\/uploads\/2019\/07\/asentamientosantamaria2019-1-1024x624.jpg 1024w, https:\/\/diariotextual.com\/inicio\/wp-content\/uploads\/2019\/07\/asentamientosantamaria2019-1-300x183.jpg 300w, https:\/\/diariotextual.com\/inicio\/wp-content\/uploads\/2019\/07\/asentamientosantamaria2019-1-768x468.jpg 768w, https:\/\/diariotextual.com\/inicio\/wp-content\/uploads\/2019\/07\/asentamientosantamaria2019-1-585x356.jpg 585w, https:\/\/diariotextual.com\/inicio\/wp-content\/uploads\/2019\/07\/asentamientosantamaria2019-1.jpg 1100w\" sizes=\"(max-width: 1024px) 100vw, 1024px\" \/> <img decoding=\"async\" class=\"alignnone wp-image-56072 size-large\" src=\"http:\/\/diariotextual.com\/inicio\/wp-content\/uploads\/2019\/07\/asentamientosantamaria2019-2-1024x614.jpg\" alt=\"\" width=\"1024\" height=\"614\" srcset=\"https:\/\/diariotextual.com\/inicio\/wp-content\/uploads\/2019\/07\/asentamientosantamaria2019-2-1024x614.jpg 1024w, https:\/\/diariotextual.com\/inicio\/wp-content\/uploads\/2019\/07\/asentamientosantamaria2019-2-300x180.jpg 300w, https:\/\/diariotextual.com\/inicio\/wp-content\/uploads\/2019\/07\/asentamientosantamaria2019-2-768x461.jpg 768w, https:\/\/diariotextual.com\/inicio\/wp-content\/uploads\/2019\/07\/asentamientosantamaria2019-2-585x351.jpg 585w, https:\/\/diariotextual.com\/inicio\/wp-content\/uploads\/2019\/07\/asentamientosantamaria2019-2.jpg 1100w\" sizes=\"(max-width: 1024px) 100vw, 1024px\" \/> \u00a0<img decoding=\"async\" class=\"alignnone wp-image-56074 size-large\" src=\"http:\/\/diariotextual.com\/inicio\/wp-content\/uploads\/2019\/07\/asentamientosantamaria2019-4-1024x626.jpg\" alt=\"\" width=\"1024\" height=\"626\" srcset=\"https:\/\/diariotextual.com\/inicio\/wp-content\/uploads\/2019\/07\/asentamientosantamaria2019-4-1024x626.jpg 1024w, https:\/\/diariotextual.com\/inicio\/wp-content\/uploads\/2019\/07\/asentamientosantamaria2019-4-300x183.jpg 300w, https:\/\/diariotextual.com\/inicio\/wp-content\/uploads\/2019\/07\/asentamientosantamaria2019-4-768x469.jpg 768w, https:\/\/diariotextual.com\/inicio\/wp-content\/uploads\/2019\/07\/asentamientosantamaria2019-4-585x357.jpg 585w, https:\/\/diariotextual.com\/inicio\/wp-content\/uploads\/2019\/07\/asentamientosantamaria2019-4.jpg 1100w\" sizes=\"(max-width: 1024px) 100vw, 1024px\" \/> <img loading=\"lazy\" decoding=\"async\" class=\"alignnone wp-image-56075 size-large\" src=\"http:\/\/diariotextual.com\/inicio\/wp-content\/uploads\/2019\/07\/asentamientosantamaria2019-5-1024x628.jpg\" alt=\"\" width=\"1024\" height=\"628\" srcset=\"https:\/\/diariotextual.com\/inicio\/wp-content\/uploads\/2019\/07\/asentamientosantamaria2019-5-1024x628.jpg 1024w, https:\/\/diariotextual.com\/inicio\/wp-content\/uploads\/2019\/07\/asentamientosantamaria2019-5-300x184.jpg 300w, https:\/\/diariotextual.com\/inicio\/wp-content\/uploads\/2019\/07\/asentamientosantamaria2019-5-768x471.jpg 768w, https:\/\/diariotextual.com\/inicio\/wp-content\/uploads\/2019\/07\/asentamientosantamaria2019-5-585x359.jpg 585w, https:\/\/diariotextual.com\/inicio\/wp-content\/uploads\/2019\/07\/asentamientosantamaria2019-5.jpg 1100w\" sizes=\"(max-width: 1024px) 100vw, 1024px\" \/> <img loading=\"lazy\" decoding=\"async\" class=\"alignnone wp-image-56076 size-large\" src=\"http:\/\/diariotextual.com\/inicio\/wp-content\/uploads\/2019\/07\/asentamientosantamaria2019-6-1024x614.jpg\" alt=\"\" width=\"1024\" height=\"614\" srcset=\"https:\/\/diariotextual.com\/inicio\/wp-content\/uploads\/2019\/07\/asentamientosantamaria2019-6-1024x614.jpg 1024w, https:\/\/diariotextual.com\/inicio\/wp-content\/uploads\/2019\/07\/asentamientosantamaria2019-6-300x180.jpg 300w, https:\/\/diariotextual.com\/inicio\/wp-content\/uploads\/2019\/07\/asentamientosantamaria2019-6-768x461.jpg 768w, https:\/\/diariotextual.com\/inicio\/wp-content\/uploads\/2019\/07\/asentamientosantamaria2019-6-585x351.jpg 585w, https:\/\/diariotextual.com\/inicio\/wp-content\/uploads\/2019\/07\/asentamientosantamaria2019-6.jpg 1100w\" sizes=\"(max-width: 1024px) 100vw, 1024px\" \/> <img loading=\"lazy\" decoding=\"async\" class=\"alignnone wp-image-56077 size-large\" src=\"http:\/\/diariotextual.com\/inicio\/wp-content\/uploads\/2019\/07\/asentamientosantamaria2019-7-1024x620.jpg\" alt=\"\" width=\"1024\" height=\"620\" srcset=\"https:\/\/diariotextual.com\/inicio\/wp-content\/uploads\/2019\/07\/asentamientosantamaria2019-7-1024x620.jpg 1024w, https:\/\/diariotextual.com\/inicio\/wp-content\/uploads\/2019\/07\/asentamientosantamaria2019-7-300x182.jpg 300w, https:\/\/diariotextual.com\/inicio\/wp-content\/uploads\/2019\/07\/asentamientosantamaria2019-7-768x465.jpg 768w, https:\/\/diariotextual.com\/inicio\/wp-content\/uploads\/2019\/07\/asentamientosantamaria2019-7-585x354.jpg 585w, https:\/\/diariotextual.com\/inicio\/wp-content\/uploads\/2019\/07\/asentamientosantamaria2019-7.jpg 1100w\" sizes=\"(max-width: 1024px) 100vw, 1024px\" \/> <img loading=\"lazy\" decoding=\"async\" class=\"alignnone wp-image-56079 size-large\" src=\"http:\/\/diariotextual.com\/inicio\/wp-content\/uploads\/2019\/07\/asentamientosantamaria2019-8-1024x616.jpg\" alt=\"\" width=\"1024\" height=\"616\" \/> <img loading=\"lazy\" decoding=\"async\" class=\"alignnone wp-image-56080 size-large\" src=\"http:\/\/diariotextual.com\/inicio\/wp-content\/uploads\/2019\/07\/asentamientosantamaria2019-9-1024x614.jpg\" alt=\"\" width=\"1024\" height=\"614\" \/><\/p>\n<p><img loading=\"lazy\" decoding=\"async\" class=\"alignnone wp-image-56130 size-full\" src=\"http:\/\/diariotextual.com\/inicio\/wp-content\/uploads\/2019\/07\/asentamientosantamariadelapampa32781.jpg\" alt=\"\" width=\"827\" height=\"490\" srcset=\"https:\/\/diariotextual.com\/inicio\/wp-content\/uploads\/2019\/07\/asentamientosantamariadelapampa32781.jpg 827w, https:\/\/diariotextual.com\/inicio\/wp-content\/uploads\/2019\/07\/asentamientosantamariadelapampa32781-300x178.jpg 300w, https:\/\/diariotextual.com\/inicio\/wp-content\/uploads\/2019\/07\/asentamientosantamariadelapampa32781-768x455.jpg 768w, https:\/\/diariotextual.com\/inicio\/wp-content\/uploads\/2019\/07\/asentamientosantamariadelapampa32781-585x347.jpg 585w\" sizes=\"(max-width: 827px) 100vw, 827px\" \/><\/p>\n<blockquote class=\"wp-embedded-content\" data-secret=\"ceVeIe2MHD\"><p><a href=\"http:\/\/diariotextual.com\/inicio\/index.php\/2019\/07\/16\/urgente-ahora-tomaron-terrenos-detras-del-santa-maria\/\">Ahora tomaron terrenos detr\u00e1s del barrio Santa Mar\u00eda<\/a><\/p><\/blockquote>\n<p><iframe class=\"wp-embedded-content\" sandbox=\"allow-scripts\" security=\"restricted\" style=\"position: absolute; clip: rect(1px, 1px, 1px, 1px);\" src=\"http:\/\/diariotextual.com\/inicio\/index.php\/2019\/07\/16\/urgente-ahora-tomaron-terrenos-detras-del-santa-maria\/embed\/#?secret=ceVeIe2MHD\" data-secret=\"ceVeIe2MHD\" width=\"600\" height=\"338\" title=\"&#171;Ahora tomaron terrenos detr\u00e1s del barrio Santa Mar\u00eda&#187; &#8212; Diario Textual\" frameborder=\"0\" marginwidth=\"0\" marginheight=\"0\" scrolling=\"no\"><\/iframe><\/p>\n<p>&nbsp;<\/p>\n<p>&nbsp;<\/p>\n","protected":false},"excerpt":{"rendered":"<p>Este martes, Diario Textual adelant\u00f3 que se estaba comenzando a formar un nuevo asentamiento en Santa Rosa: decenas de personas tomaron unas 10 hect\u00e1reas sobre las calles Arriaga y Tello,&hellip;<\/p>\n","protected":false},"author":3,"featured_media":56073,"comment_status":"closed","ping_status":"open","sticky":false,"template":"","format":"standard","meta":{"_acf_changed":false,"footnotes":""},"categories":[11,12],"tags":[2074],"class_list":["post-56090","post","type-post","status-publish","format-standard","has-post-thumbnail","hentry","category-que-pasa","category-sociedad","tag-asentamiento"],"acf":[],"yoast_head":"<!-- This site is optimized with the Yoast SEO plugin v27.4 - https:\/\/yoast.com\/product\/yoast-seo-wordpress\/ -->\n<title>Las primeras fotos del nuevo asentamiento detr\u00e1s del Santa Mar\u00eda - Diario Textual<\/title>\n<meta name=\"robots\" content=\"index, follow, max-snippet:-1, max-image-preview:large, max-video-preview:-1\" \/>\n<link rel=\"canonical\" href=\"https:\/\/diariotextual.com\/inicio\/index.php\/2019\/07\/16\/las-primeras-fotos-del-nuevo-asentamiento-detras-del-santa-maria-2\/\" \/>\n<meta property=\"og:locale\" content=\"es_ES\" \/>\n<meta property=\"og:type\" content=\"article\" \/>\n<meta property=\"og:title\" content=\"Las primeras fotos del nuevo asentamiento detr\u00e1s del Santa Mar\u00eda - Diario Textual\" \/>\n<meta property=\"og:description\" content=\"Este martes, Diario Textual adelant\u00f3 que se estaba comenzando a formar un nuevo asentamiento en Santa Rosa: decenas de personas tomaron unas 10 hect\u00e1reas sobre las calles Arriaga y Tello,&hellip;\" \/>\n<meta property=\"og:url\" content=\"https:\/\/diariotextual.com\/inicio\/index.php\/2019\/07\/16\/las-primeras-fotos-del-nuevo-asentamiento-detras-del-santa-maria-2\/\" \/>\n<meta property=\"og:site_name\" content=\"Diario Textual\" \/>\n<meta property=\"article:publisher\" content=\"https:\/\/www.facebook.com\/eltextual\" \/>\n<meta property=\"article:published_time\" content=\"2019-07-16T18:05:03+00:00\" \/>\n<meta property=\"article:modified_time\" content=\"2019-07-16T23:25:26+00:00\" \/>\n<meta property=\"og:image\" content=\"https:\/\/diariotextual.com\/inicio\/wp-content\/uploads\/2019\/07\/asentamientosantamaria2019-3.jpg\" \/>\n\t<meta property=\"og:image:width\" content=\"1100\" \/>\n\t<meta property=\"og:image:height\" content=\"653\" \/>\n\t<meta property=\"og:image:type\" content=\"image\/jpeg\" \/>\n<meta name=\"author\" content=\"Diario1 Diario1\" \/>\n<meta name=\"twitter:card\" content=\"summary_large_image\" \/>\n<meta name=\"twitter:creator\" content=\"@eltextual\" \/>\n<meta name=\"twitter:site\" content=\"@eltextual\" \/>\n<meta name=\"twitter:label1\" content=\"Escrito por\" \/>\n\t<meta name=\"twitter:data1\" content=\"Diario1 Diario1\" \/>\n<script type=\"application\/ld+json\" class=\"yoast-schema-graph\">{\"@context\":\"https:\\\/\\\/schema.org\",\"@graph\":[{\"@type\":\"Article\",\"@id\":\"https:\\\/\\\/diariotextual.com\\\/inicio\\\/index.php\\\/2019\\\/07\\\/16\\\/las-primeras-fotos-del-nuevo-asentamiento-detras-del-santa-maria-2\\\/#article\",\"isPartOf\":{\"@id\":\"https:\\\/\\\/diariotextual.com\\\/inicio\\\/index.php\\\/2019\\\/07\\\/16\\\/las-primeras-fotos-del-nuevo-asentamiento-detras-del-santa-maria-2\\\/\"},\"author\":{\"name\":\"Diario1 Diario1\",\"@id\":\"https:\\\/\\\/diariotextual.com\\\/inicio\\\/#\\\/schema\\\/person\\\/418fc4093c33e86ed41562db3508f958\"},\"headline\":\"Las primeras fotos del nuevo asentamiento detr\u00e1s del Santa Mar\u00eda\",\"datePublished\":\"2019-07-16T18:05:03+00:00\",\"dateModified\":\"2019-07-16T23:25:26+00:00\",\"mainEntityOfPage\":{\"@id\":\"https:\\\/\\\/diariotextual.com\\\/inicio\\\/index.php\\\/2019\\\/07\\\/16\\\/las-primeras-fotos-del-nuevo-asentamiento-detras-del-santa-maria-2\\\/\"},\"wordCount\":65,\"publisher\":{\"@id\":\"https:\\\/\\\/diariotextual.com\\\/inicio\\\/#organization\"},\"image\":{\"@id\":\"https:\\\/\\\/diariotextual.com\\\/inicio\\\/index.php\\\/2019\\\/07\\\/16\\\/las-primeras-fotos-del-nuevo-asentamiento-detras-del-santa-maria-2\\\/#primaryimage\"},\"thumbnailUrl\":\"https:\\\/\\\/diariotextual.com\\\/inicio\\\/wp-content\\\/uploads\\\/2019\\\/07\\\/asentamientosantamaria2019-3.jpg\",\"keywords\":[\"asentamiento\"],\"articleSection\":[\"A - QUE PASA (al costado)\",\"SOCIEDAD\"],\"inLanguage\":\"es\"},{\"@type\":\"WebPage\",\"@id\":\"https:\\\/\\\/diariotextual.com\\\/inicio\\\/index.php\\\/2019\\\/07\\\/16\\\/las-primeras-fotos-del-nuevo-asentamiento-detras-del-santa-maria-2\\\/\",\"url\":\"https:\\\/\\\/diariotextual.com\\\/inicio\\\/index.php\\\/2019\\\/07\\\/16\\\/las-primeras-fotos-del-nuevo-asentamiento-detras-del-santa-maria-2\\\/\",\"name\":\"Las primeras fotos del nuevo asentamiento detr\u00e1s del Santa Mar\u00eda - Diario Textual\",\"isPartOf\":{\"@id\":\"https:\\\/\\\/diariotextual.com\\\/inicio\\\/#website\"},\"primaryImageOfPage\":{\"@id\":\"https:\\\/\\\/diariotextual.com\\\/inicio\\\/index.php\\\/2019\\\/07\\\/16\\\/las-primeras-fotos-del-nuevo-asentamiento-detras-del-santa-maria-2\\\/#primaryimage\"},\"image\":{\"@id\":\"https:\\\/\\\/diariotextual.com\\\/inicio\\\/index.php\\\/2019\\\/07\\\/16\\\/las-primeras-fotos-del-nuevo-asentamiento-detras-del-santa-maria-2\\\/#primaryimage\"},\"thumbnailUrl\":\"https:\\\/\\\/diariotextual.com\\\/inicio\\\/wp-content\\\/uploads\\\/2019\\\/07\\\/asentamientosantamaria2019-3.jpg\",\"datePublished\":\"2019-07-16T18:05:03+00:00\",\"dateModified\":\"2019-07-16T23:25:26+00:00\",\"breadcrumb\":{\"@id\":\"https:\\\/\\\/diariotextual.com\\\/inicio\\\/index.php\\\/2019\\\/07\\\/16\\\/las-primeras-fotos-del-nuevo-asentamiento-detras-del-santa-maria-2\\\/#breadcrumb\"},\"inLanguage\":\"es\",\"potentialAction\":[{\"@type\":\"ReadAction\",\"target\":[\"https:\\\/\\\/diariotextual.com\\\/inicio\\\/index.php\\\/2019\\\/07\\\/16\\\/las-primeras-fotos-del-nuevo-asentamiento-detras-del-santa-maria-2\\\/\"]}]},{\"@type\":\"ImageObject\",\"inLanguage\":\"es\",\"@id\":\"https:\\\/\\\/diariotextual.com\\\/inicio\\\/index.php\\\/2019\\\/07\\\/16\\\/las-primeras-fotos-del-nuevo-asentamiento-detras-del-santa-maria-2\\\/#primaryimage\",\"url\":\"https:\\\/\\\/diariotextual.com\\\/inicio\\\/wp-content\\\/uploads\\\/2019\\\/07\\\/asentamientosantamaria2019-3.jpg\",\"contentUrl\":\"https:\\\/\\\/diariotextual.com\\\/inicio\\\/wp-content\\\/uploads\\\/2019\\\/07\\\/asentamientosantamaria2019-3.jpg\",\"width\":1100,\"height\":653},{\"@type\":\"BreadcrumbList\",\"@id\":\"https:\\\/\\\/diariotextual.com\\\/inicio\\\/index.php\\\/2019\\\/07\\\/16\\\/las-primeras-fotos-del-nuevo-asentamiento-detras-del-santa-maria-2\\\/#breadcrumb\",\"itemListElement\":[{\"@type\":\"ListItem\",\"position\":1,\"name\":\"Portada\",\"item\":\"https:\\\/\\\/diariotextual.com\\\/inicio\\\/\"},{\"@type\":\"ListItem\",\"position\":2,\"name\":\"Las primeras fotos del nuevo asentamiento detr\u00e1s del Santa Mar\u00eda\"}]},{\"@type\":\"WebSite\",\"@id\":\"https:\\\/\\\/diariotextual.com\\\/inicio\\\/#website\",\"url\":\"https:\\\/\\\/diariotextual.com\\\/inicio\\\/\",\"name\":\"Diario Textual\",\"description\":\"\",\"publisher\":{\"@id\":\"https:\\\/\\\/diariotextual.com\\\/inicio\\\/#organization\"},\"potentialAction\":[{\"@type\":\"SearchAction\",\"target\":{\"@type\":\"EntryPoint\",\"urlTemplate\":\"https:\\\/\\\/diariotextual.com\\\/inicio\\\/?s={search_term_string}\"},\"query-input\":{\"@type\":\"PropertyValueSpecification\",\"valueRequired\":true,\"valueName\":\"search_term_string\"}}],\"inLanguage\":\"es\"},{\"@type\":\"Organization\",\"@id\":\"https:\\\/\\\/diariotextual.com\\\/inicio\\\/#organization\",\"name\":\"Diario Textual\",\"url\":\"https:\\\/\\\/diariotextual.com\\\/inicio\\\/\",\"logo\":{\"@type\":\"ImageObject\",\"inLanguage\":\"es\",\"@id\":\"https:\\\/\\\/diariotextual.com\\\/inicio\\\/#\\\/schema\\\/logo\\\/image\\\/\",\"url\":\"https:\\\/\\\/diariotextual.com\\\/inicio\\\/wp-content\\\/uploads\\\/2023\\\/05\\\/logotextual1.jpg\",\"contentUrl\":\"https:\\\/\\\/diariotextual.com\\\/inicio\\\/wp-content\\\/uploads\\\/2023\\\/05\\\/logotextual1.jpg\",\"width\":516,\"height\":76,\"caption\":\"Diario Textual\"},\"image\":{\"@id\":\"https:\\\/\\\/diariotextual.com\\\/inicio\\\/#\\\/schema\\\/logo\\\/image\\\/\"},\"sameAs\":[\"https:\\\/\\\/www.facebook.com\\\/eltextual\",\"https:\\\/\\\/x.com\\\/eltextual\",\"http:\\\/\\\/www.instagram.com\\\/eltextual\"]},{\"@type\":\"Person\",\"@id\":\"https:\\\/\\\/diariotextual.com\\\/inicio\\\/#\\\/schema\\\/person\\\/418fc4093c33e86ed41562db3508f958\",\"name\":\"Diario1 Diario1\",\"image\":{\"@type\":\"ImageObject\",\"inLanguage\":\"es\",\"@id\":\"https:\\\/\\\/secure.gravatar.com\\\/avatar\\\/9167d280179c85bc18be67aa7eda765854300033af4896dd779b608640f2ef7a?s=96&d=mm&r=g\",\"url\":\"https:\\\/\\\/secure.gravatar.com\\\/avatar\\\/9167d280179c85bc18be67aa7eda765854300033af4896dd779b608640f2ef7a?s=96&d=mm&r=g\",\"contentUrl\":\"https:\\\/\\\/secure.gravatar.com\\\/avatar\\\/9167d280179c85bc18be67aa7eda765854300033af4896dd779b608640f2ef7a?s=96&d=mm&r=g\",\"caption\":\"Diario1 Diario1\"},\"url\":\"https:\\\/\\\/diariotextual.com\\\/inicio\\\/index.php\\\/author\\\/diario1\\\/\"}]}<\/script>\n<!-- \/ Yoast SEO plugin. -->","yoast_head_json":{"title":"Las primeras fotos del nuevo asentamiento detr\u00e1s del Santa Mar\u00eda - Diario Textual","robots":{"index":"index","follow":"follow","max-snippet":"max-snippet:-1","max-image-preview":"max-image-preview:large","max-video-preview":"max-video-preview:-1"},"canonical":"https:\/\/diariotextual.com\/inicio\/index.php\/2019\/07\/16\/las-primeras-fotos-del-nuevo-asentamiento-detras-del-santa-maria-2\/","og_locale":"es_ES","og_type":"article","og_title":"Las primeras fotos del nuevo asentamiento detr\u00e1s del Santa Mar\u00eda - Diario Textual","og_description":"Este martes, Diario Textual adelant\u00f3 que se estaba comenzando a formar un nuevo asentamiento en Santa Rosa: decenas de personas tomaron unas 10 hect\u00e1reas sobre las calles Arriaga y Tello,&hellip;","og_url":"https:\/\/diariotextual.com\/inicio\/index.php\/2019\/07\/16\/las-primeras-fotos-del-nuevo-asentamiento-detras-del-santa-maria-2\/","og_site_name":"Diario Textual","article_publisher":"https:\/\/www.facebook.com\/eltextual","article_published_time":"2019-07-16T18:05:03+00:00","article_modified_time":"2019-07-16T23:25:26+00:00","og_image":[{"width":1100,"height":653,"url":"https:\/\/diariotextual.com\/inicio\/wp-content\/uploads\/2019\/07\/asentamientosantamaria2019-3.jpg","type":"image\/jpeg"}],"author":"Diario1 Diario1","twitter_card":"summary_large_image","twitter_creator":"@eltextual","twitter_site":"@eltextual","twitter_misc":{"Escrito por":"Diario1 Diario1"},"schema":{"@context":"https:\/\/schema.org","@graph":[{"@type":"Article","@id":"https:\/\/diariotextual.com\/inicio\/index.php\/2019\/07\/16\/las-primeras-fotos-del-nuevo-asentamiento-detras-del-santa-maria-2\/#article","isPartOf":{"@id":"https:\/\/diariotextual.com\/inicio\/index.php\/2019\/07\/16\/las-primeras-fotos-del-nuevo-asentamiento-detras-del-santa-maria-2\/"},"author":{"name":"Diario1 Diario1","@id":"https:\/\/diariotextual.com\/inicio\/#\/schema\/person\/418fc4093c33e86ed41562db3508f958"},"headline":"Las primeras fotos del nuevo asentamiento detr\u00e1s del Santa Mar\u00eda","datePublished":"2019-07-16T18:05:03+00:00","dateModified":"2019-07-16T23:25:26+00:00","mainEntityOfPage":{"@id":"https:\/\/diariotextual.com\/inicio\/index.php\/2019\/07\/16\/las-primeras-fotos-del-nuevo-asentamiento-detras-del-santa-maria-2\/"},"wordCount":65,"publisher":{"@id":"https:\/\/diariotextual.com\/inicio\/#organization"},"image":{"@id":"https:\/\/diariotextual.com\/inicio\/index.php\/2019\/07\/16\/las-primeras-fotos-del-nuevo-asentamiento-detras-del-santa-maria-2\/#primaryimage"},"thumbnailUrl":"https:\/\/diariotextual.com\/inicio\/wp-content\/uploads\/2019\/07\/asentamientosantamaria2019-3.jpg","keywords":["asentamiento"],"articleSection":["A - QUE PASA (al costado)","SOCIEDAD"],"inLanguage":"es"},{"@type":"WebPage","@id":"https:\/\/diariotextual.com\/inicio\/index.php\/2019\/07\/16\/las-primeras-fotos-del-nuevo-asentamiento-detras-del-santa-maria-2\/","url":"https:\/\/diariotextual.com\/inicio\/index.php\/2019\/07\/16\/las-primeras-fotos-del-nuevo-asentamiento-detras-del-santa-maria-2\/","name":"Las primeras fotos del nuevo asentamiento detr\u00e1s del Santa Mar\u00eda - Diario Textual","isPartOf":{"@id":"https:\/\/diariotextual.com\/inicio\/#website"},"primaryImageOfPage":{"@id":"https:\/\/diariotextual.com\/inicio\/index.php\/2019\/07\/16\/las-primeras-fotos-del-nuevo-asentamiento-detras-del-santa-maria-2\/#primaryimage"},"image":{"@id":"https:\/\/diariotextual.com\/inicio\/index.php\/2019\/07\/16\/las-primeras-fotos-del-nuevo-asentamiento-detras-del-santa-maria-2\/#primaryimage"},"thumbnailUrl":"https:\/\/diariotextual.com\/inicio\/wp-content\/uploads\/2019\/07\/asentamientosantamaria2019-3.jpg","datePublished":"2019-07-16T18:05:03+00:00","dateModified":"2019-07-16T23:25:26+00:00","breadcrumb":{"@id":"https:\/\/diariotextual.com\/inicio\/index.php\/2019\/07\/16\/las-primeras-fotos-del-nuevo-asentamiento-detras-del-santa-maria-2\/#breadcrumb"},"inLanguage":"es","potentialAction":[{"@type":"ReadAction","target":["https:\/\/diariotextual.com\/inicio\/index.php\/2019\/07\/16\/las-primeras-fotos-del-nuevo-asentamiento-detras-del-santa-maria-2\/"]}]},{"@type":"ImageObject","inLanguage":"es","@id":"https:\/\/diariotextual.com\/inicio\/index.php\/2019\/07\/16\/las-primeras-fotos-del-nuevo-asentamiento-detras-del-santa-maria-2\/#primaryimage","url":"https:\/\/diariotextual.com\/inicio\/wp-content\/uploads\/2019\/07\/asentamientosantamaria2019-3.jpg","contentUrl":"https:\/\/diariotextual.com\/inicio\/wp-content\/uploads\/2019\/07\/asentamientosantamaria2019-3.jpg","width":1100,"height":653},{"@type":"BreadcrumbList","@id":"https:\/\/diariotextual.com\/inicio\/index.php\/2019\/07\/16\/las-primeras-fotos-del-nuevo-asentamiento-detras-del-santa-maria-2\/#breadcrumb","itemListElement":[{"@type":"ListItem","position":1,"name":"Portada","item":"https:\/\/diariotextual.com\/inicio\/"},{"@type":"ListItem","position":2,"name":"Las primeras fotos del nuevo asentamiento detr\u00e1s del Santa Mar\u00eda"}]},{"@type":"WebSite","@id":"https:\/\/diariotextual.com\/inicio\/#website","url":"https:\/\/diariotextual.com\/inicio\/","name":"Diario Textual","description":"","publisher":{"@id":"https:\/\/diariotextual.com\/inicio\/#organization"},"potentialAction":[{"@type":"SearchAction","target":{"@type":"EntryPoint","urlTemplate":"https:\/\/diariotextual.com\/inicio\/?s={search_term_string}"},"query-input":{"@type":"PropertyValueSpecification","valueRequired":true,"valueName":"search_term_string"}}],"inLanguage":"es"},{"@type":"Organization","@id":"https:\/\/diariotextual.com\/inicio\/#organization","name":"Diario Textual","url":"https:\/\/diariotextual.com\/inicio\/","logo":{"@type":"ImageObject","inLanguage":"es","@id":"https:\/\/diariotextual.com\/inicio\/#\/schema\/logo\/image\/","url":"https:\/\/diariotextual.com\/inicio\/wp-content\/uploads\/2023\/05\/logotextual1.jpg","contentUrl":"https:\/\/diariotextual.com\/inicio\/wp-content\/uploads\/2023\/05\/logotextual1.jpg","width":516,"height":76,"caption":"Diario Textual"},"image":{"@id":"https:\/\/diariotextual.com\/inicio\/#\/schema\/logo\/image\/"},"sameAs":["https:\/\/www.facebook.com\/eltextual","https:\/\/x.com\/eltextual","http:\/\/www.instagram.com\/eltextual"]},{"@type":"Person","@id":"https:\/\/diariotextual.com\/inicio\/#\/schema\/person\/418fc4093c33e86ed41562db3508f958","name":"Diario1 Diario1","image":{"@type":"ImageObject","inLanguage":"es","@id":"https:\/\/secure.gravatar.com\/avatar\/9167d280179c85bc18be67aa7eda765854300033af4896dd779b608640f2ef7a?s=96&d=mm&r=g","url":"https:\/\/secure.gravatar.com\/avatar\/9167d280179c85bc18be67aa7eda765854300033af4896dd779b608640f2ef7a?s=96&d=mm&r=g","contentUrl":"https:\/\/secure.gravatar.com\/avatar\/9167d280179c85bc18be67aa7eda765854300033af4896dd779b608640f2ef7a?s=96&d=mm&r=g","caption":"Diario1 Diario1"},"url":"https:\/\/diariotextual.com\/inicio\/index.php\/author\/diario1\/"}]}},"_links":{"self":[{"href":"https:\/\/diariotextual.com\/inicio\/index.php\/wp-json\/wp\/v2\/posts\/56090","targetHints":{"allow":["GET"]}}],"collection":[{"href":"https:\/\/diariotextual.com\/inicio\/index.php\/wp-json\/wp\/v2\/posts"}],"about":[{"href":"https:\/\/diariotextual.com\/inicio\/index.php\/wp-json\/wp\/v2\/types\/post"}],"author":[{"embeddable":true,"href":"https:\/\/diariotextual.com\/inicio\/index.php\/wp-json\/wp\/v2\/users\/3"}],"replies":[{"embeddable":true,"href":"https:\/\/diariotextual.com\/inicio\/index.php\/wp-json\/wp\/v2\/comments?post=56090"}],"version-history":[{"count":3,"href":"https:\/\/diariotextual.com\/inicio\/index.php\/wp-json\/wp\/v2\/posts\/56090\/revisions"}],"predecessor-version":[{"id":56131,"href":"https:\/\/diariotextual.com\/inicio\/index.php\/wp-json\/wp\/v2\/posts\/56090\/revisions\/56131"}],"wp:featuredmedia":[{"embeddable":true,"href":"https:\/\/diariotextual.com\/inicio\/index.php\/wp-json\/wp\/v2\/media\/56073"}],"wp:attachment":[{"href":"https:\/\/diariotextual.com\/inicio\/index.php\/wp-json\/wp\/v2\/media?parent=56090"}],"wp:term":[{"taxonomy":"category","embeddable":true,"href":"https:\/\/diariotextual.com\/inicio\/index.php\/wp-json\/wp\/v2\/categories?post=56090"},{"taxonomy":"post_tag","embeddable":true,"href":"https:\/\/diariotextual.com\/inicio\/index.php\/wp-json\/wp\/v2\/tags?post=56090"}],"curies":[{"name":"wp","href":"https:\/\/api.w.org\/{rel}","templated":true}]}}