{"id":56117,"date":"2019-07-16T18:46:27","date_gmt":"2019-07-16T21:46:27","guid":{"rendered":"http:\/\/diariotextual.com\/inicio\/?p=56117"},"modified":"2019-07-17T09:01:21","modified_gmt":"2019-07-17T12:01:21","slug":"ya-65-familias-nuevo-asentamiento-del-barrio-santa-maria","status":"publish","type":"post","link":"https:\/\/diariotextual.com\/inicio\/index.php\/2019\/07\/16\/ya-65-familias-nuevo-asentamiento-del-barrio-santa-maria\/","title":{"rendered":"Ya hay 65 familias en el nuevo asentamiento del barrio Santa Mar\u00eda"},"content":{"rendered":"<p>En solo seis horas,<a href=\"http:\/\/diariotextual.com\/inicio\/index.php\/2019\/07\/16\/urgente-ahora-tomaron-terrenos-detras-del-santa-maria\/\" target=\"_blank\" rel=\"noopener\"> <strong>un total de 65 familias se instal\u00f3 en el asentamiento ubicado detr\u00e1s del barrio Santa Mar\u00eda de la Pampa<\/strong><\/a>, al este de la ciudad de Santa Rosa, seg\u00fan dijeron a <strong>Diario Textual<\/strong> los ocupantes que realizaron un relevamiento propio. Este asentamiento, en<strong> 10 hect\u00e1reas municipales<\/strong>, se sum\u00f3 este martes al llamado <strong>El Nuevo Salitral<\/strong> que se encuentra en cercan\u00edas de la laguna Don Tom\u00e1s.<\/p>\n<blockquote class=\"wp-embedded-content\" data-secret=\"uNKwwNE6cl\"><p><a href=\"http:\/\/diariotextual.com\/inicio\/index.php\/2019\/07\/16\/urgente-ahora-tomaron-terrenos-detras-del-santa-maria\/\">Ahora tomaron terrenos detr\u00e1s del barrio Santa Mar\u00eda<\/a><\/p><\/blockquote>\n<p><iframe class=\"wp-embedded-content\" sandbox=\"allow-scripts\" security=\"restricted\" style=\"position: absolute; clip: rect(1px, 1px, 1px, 1px);\" src=\"http:\/\/diariotextual.com\/inicio\/index.php\/2019\/07\/16\/urgente-ahora-tomaron-terrenos-detras-del-santa-maria\/embed\/#?secret=uNKwwNE6cl\" data-secret=\"uNKwwNE6cl\" width=\"600\" height=\"338\" title=\"&#171;Ahora tomaron terrenos detr\u00e1s del barrio Santa Mar\u00eda&#187; &#8212; Diario Textual\" frameborder=\"0\" marginwidth=\"0\" marginheight=\"0\" scrolling=\"no\"><\/iframe><\/p>\n<p><strong>La toma comenz\u00f3 pasadas las 11 horas en una chacra ubicada en Tello y Arriaga.<\/strong> All\u00ed la empresa constructora Jubete est\u00e1 depositando tierra que trae de un cuenco y de la zona de la avenida circunvalaci\u00f3n Santiago Marzo.<\/p>\n<p>&nbsp;<\/p>\n<p><img fetchpriority=\"high\" decoding=\"async\" class=\"alignnone wp-image-56073 size-large\" src=\"http:\/\/diariotextual.com\/inicio\/wp-content\/uploads\/2019\/07\/asentamientosantamaria2019-3-1024x608.jpg\" alt=\"\" width=\"1024\" height=\"608\" srcset=\"https:\/\/diariotextual.com\/inicio\/wp-content\/uploads\/2019\/07\/asentamientosantamaria2019-3-1024x608.jpg 1024w, https:\/\/diariotextual.com\/inicio\/wp-content\/uploads\/2019\/07\/asentamientosantamaria2019-3-300x178.jpg 300w, https:\/\/diariotextual.com\/inicio\/wp-content\/uploads\/2019\/07\/asentamientosantamaria2019-3-768x456.jpg 768w, https:\/\/diariotextual.com\/inicio\/wp-content\/uploads\/2019\/07\/asentamientosantamaria2019-3-585x347.jpg 585w, https:\/\/diariotextual.com\/inicio\/wp-content\/uploads\/2019\/07\/asentamientosantamaria2019-3.jpg 1100w\" sizes=\"(max-width: 1024px) 100vw, 1024px\" \/><\/p>\n<p>\u00abSomos unas 10 \u00f3 20 familias. Pero est\u00e1n viniendo m\u00e1s\u00bb, dijo<strong>\u00a0Juan Carlos Tomaso<\/strong>, de 31 a\u00f1os y padre de dos nenes, a\u00a0<strong>Diario Textual<\/strong>\u00a0minutos despu\u00e9s de las 13 horas. <strong>Ya a las 18.30 horas eran 65, seg\u00fan datos de un relevamiento que est\u00e1n realizando los mismos ocupantes.<\/strong><\/p>\n<p>\u00abSon 10 hect\u00e1reas municipales\u00bb,\u00a0dijo<strong>\u00a0N\u00e9stor Fabi\u00e1n Avenda\u00f1o<\/strong>\u00a0(46), presidente de la Comisi\u00f3n Vecinal del Santa Mar\u00eda entre 2012 y 2014. \u00abYo no estoy tomando terreno; mi hija, s\u00ed\u00bb, agreg\u00f3.<\/p>\n<p><strong>Hay gente de varios barrios, tanto del Santa Mar\u00eda, como de Zona Norte, Villa Parque, Fonavi 42 y del Nelson Mandela. La mayor\u00eda est\u00e1 alquilando o viviendo en casa de sus padres.<\/strong><\/p>\n<p>Cindi Cervette, de 25 a\u00f1os y con una nena de 5, es otra de las ocupantes. \u00abVivo con mi mam\u00e1 en una casa del barrio Mandela. No entramos todos en esa casa\u00bb, dijo a Diario Textual. Ella, como todos, tom\u00f3 un pedazo de tierra y la dividi\u00f3 con postes y alambres en una porci\u00f3n de 25 por 12,5 metros.<\/p>\n<p><img decoding=\"async\" class=\"alignnone wp-image-56113 size-large\" src=\"http:\/\/diariotextual.com\/inicio\/wp-content\/uploads\/2019\/07\/asentamientosantamaria2019-11-1024x636.jpg\" alt=\"\" width=\"1024\" height=\"636\" srcset=\"https:\/\/diariotextual.com\/inicio\/wp-content\/uploads\/2019\/07\/asentamientosantamaria2019-11-1024x636.jpg 1024w, https:\/\/diariotextual.com\/inicio\/wp-content\/uploads\/2019\/07\/asentamientosantamaria2019-11-300x186.jpg 300w, https:\/\/diariotextual.com\/inicio\/wp-content\/uploads\/2019\/07\/asentamientosantamaria2019-11-768x477.jpg 768w, https:\/\/diariotextual.com\/inicio\/wp-content\/uploads\/2019\/07\/asentamientosantamaria2019-11-585x363.jpg 585w, https:\/\/diariotextual.com\/inicio\/wp-content\/uploads\/2019\/07\/asentamientosantamaria2019-11.jpg 1100w\" sizes=\"(max-width: 1024px) 100vw, 1024px\" \/><\/p>\n<p>&nbsp;<\/p>\n<p>&nbsp;<\/p>\n","protected":false},"excerpt":{"rendered":"<p>En solo seis horas, un total de 65 familias se instal\u00f3 en el asentamiento ubicado detr\u00e1s del barrio Santa Mar\u00eda de la Pampa, al este de la ciudad de Santa&hellip;<\/p>\n","protected":false},"author":3,"featured_media":56112,"comment_status":"closed","ping_status":"open","sticky":false,"template":"","format":"standard","meta":{"_acf_changed":false,"footnotes":""},"categories":[319,12],"tags":[2074],"class_list":["post-56117","post","type-post","status-publish","format-standard","has-post-thumbnail","hentry","category-a-temporales","category-sociedad","tag-asentamiento"],"acf":[],"yoast_head":"<!-- This site is optimized with the Yoast SEO plugin v27.4 - https:\/\/yoast.com\/product\/yoast-seo-wordpress\/ -->\n<title>Ya hay 65 familias en el nuevo asentamiento del barrio Santa Mar\u00eda - Diario Textual<\/title>\n<meta name=\"robots\" content=\"index, follow, max-snippet:-1, max-image-preview:large, max-video-preview:-1\" \/>\n<link rel=\"canonical\" href=\"https:\/\/diariotextual.com\/inicio\/index.php\/2019\/07\/16\/ya-65-familias-nuevo-asentamiento-del-barrio-santa-maria\/\" \/>\n<meta property=\"og:locale\" content=\"es_ES\" \/>\n<meta property=\"og:type\" content=\"article\" \/>\n<meta property=\"og:title\" content=\"Ya hay 65 familias en el nuevo asentamiento del barrio Santa Mar\u00eda - Diario Textual\" \/>\n<meta property=\"og:description\" content=\"En solo seis horas, un total de 65 familias se instal\u00f3 en el asentamiento ubicado detr\u00e1s del barrio Santa Mar\u00eda de la Pampa, al este de la ciudad de Santa&hellip;\" \/>\n<meta property=\"og:url\" content=\"https:\/\/diariotextual.com\/inicio\/index.php\/2019\/07\/16\/ya-65-familias-nuevo-asentamiento-del-barrio-santa-maria\/\" \/>\n<meta property=\"og:site_name\" content=\"Diario Textual\" \/>\n<meta property=\"article:publisher\" content=\"https:\/\/www.facebook.com\/eltextual\" \/>\n<meta property=\"article:published_time\" content=\"2019-07-16T21:46:27+00:00\" \/>\n<meta property=\"article:modified_time\" content=\"2019-07-17T12:01:21+00:00\" \/>\n<meta property=\"og:image\" content=\"https:\/\/diariotextual.com\/inicio\/wp-content\/uploads\/2019\/07\/asentamientosantamaria2019-10.jpg\" \/>\n\t<meta property=\"og:image:width\" content=\"1100\" \/>\n\t<meta property=\"og:image:height\" content=\"669\" \/>\n\t<meta property=\"og:image:type\" content=\"image\/jpeg\" \/>\n<meta name=\"author\" content=\"Diario1 Diario1\" \/>\n<meta name=\"twitter:card\" content=\"summary_large_image\" \/>\n<meta name=\"twitter:creator\" content=\"@eltextual\" \/>\n<meta name=\"twitter:site\" content=\"@eltextual\" \/>\n<meta name=\"twitter:label1\" content=\"Escrito por\" \/>\n\t<meta name=\"twitter:data1\" content=\"Diario1 Diario1\" \/>\n\t<meta name=\"twitter:label2\" content=\"Tiempo de lectura\" \/>\n\t<meta name=\"twitter:data2\" content=\"1 minuto\" \/>\n<script type=\"application\/ld+json\" class=\"yoast-schema-graph\">{\"@context\":\"https:\\\/\\\/schema.org\",\"@graph\":[{\"@type\":\"Article\",\"@id\":\"https:\\\/\\\/diariotextual.com\\\/inicio\\\/index.php\\\/2019\\\/07\\\/16\\\/ya-65-familias-nuevo-asentamiento-del-barrio-santa-maria\\\/#article\",\"isPartOf\":{\"@id\":\"https:\\\/\\\/diariotextual.com\\\/inicio\\\/index.php\\\/2019\\\/07\\\/16\\\/ya-65-familias-nuevo-asentamiento-del-barrio-santa-maria\\\/\"},\"author\":{\"name\":\"Diario1 Diario1\",\"@id\":\"https:\\\/\\\/diariotextual.com\\\/inicio\\\/#\\\/schema\\\/person\\\/418fc4093c33e86ed41562db3508f958\"},\"headline\":\"Ya hay 65 familias en el nuevo asentamiento del barrio Santa Mar\u00eda\",\"datePublished\":\"2019-07-16T21:46:27+00:00\",\"dateModified\":\"2019-07-17T12:01:21+00:00\",\"mainEntityOfPage\":{\"@id\":\"https:\\\/\\\/diariotextual.com\\\/inicio\\\/index.php\\\/2019\\\/07\\\/16\\\/ya-65-familias-nuevo-asentamiento-del-barrio-santa-maria\\\/\"},\"wordCount\":302,\"publisher\":{\"@id\":\"https:\\\/\\\/diariotextual.com\\\/inicio\\\/#organization\"},\"image\":{\"@id\":\"https:\\\/\\\/diariotextual.com\\\/inicio\\\/index.php\\\/2019\\\/07\\\/16\\\/ya-65-familias-nuevo-asentamiento-del-barrio-santa-maria\\\/#primaryimage\"},\"thumbnailUrl\":\"https:\\\/\\\/diariotextual.com\\\/inicio\\\/wp-content\\\/uploads\\\/2019\\\/07\\\/asentamientosantamaria2019-10.jpg\",\"keywords\":[\"asentamiento\"],\"articleSection\":[\"A - TEMPORALES\",\"SOCIEDAD\"],\"inLanguage\":\"es\"},{\"@type\":\"WebPage\",\"@id\":\"https:\\\/\\\/diariotextual.com\\\/inicio\\\/index.php\\\/2019\\\/07\\\/16\\\/ya-65-familias-nuevo-asentamiento-del-barrio-santa-maria\\\/\",\"url\":\"https:\\\/\\\/diariotextual.com\\\/inicio\\\/index.php\\\/2019\\\/07\\\/16\\\/ya-65-familias-nuevo-asentamiento-del-barrio-santa-maria\\\/\",\"name\":\"Ya hay 65 familias en el nuevo asentamiento del barrio Santa Mar\u00eda - Diario Textual\",\"isPartOf\":{\"@id\":\"https:\\\/\\\/diariotextual.com\\\/inicio\\\/#website\"},\"primaryImageOfPage\":{\"@id\":\"https:\\\/\\\/diariotextual.com\\\/inicio\\\/index.php\\\/2019\\\/07\\\/16\\\/ya-65-familias-nuevo-asentamiento-del-barrio-santa-maria\\\/#primaryimage\"},\"image\":{\"@id\":\"https:\\\/\\\/diariotextual.com\\\/inicio\\\/index.php\\\/2019\\\/07\\\/16\\\/ya-65-familias-nuevo-asentamiento-del-barrio-santa-maria\\\/#primaryimage\"},\"thumbnailUrl\":\"https:\\\/\\\/diariotextual.com\\\/inicio\\\/wp-content\\\/uploads\\\/2019\\\/07\\\/asentamientosantamaria2019-10.jpg\",\"datePublished\":\"2019-07-16T21:46:27+00:00\",\"dateModified\":\"2019-07-17T12:01:21+00:00\",\"breadcrumb\":{\"@id\":\"https:\\\/\\\/diariotextual.com\\\/inicio\\\/index.php\\\/2019\\\/07\\\/16\\\/ya-65-familias-nuevo-asentamiento-del-barrio-santa-maria\\\/#breadcrumb\"},\"inLanguage\":\"es\",\"potentialAction\":[{\"@type\":\"ReadAction\",\"target\":[\"https:\\\/\\\/diariotextual.com\\\/inicio\\\/index.php\\\/2019\\\/07\\\/16\\\/ya-65-familias-nuevo-asentamiento-del-barrio-santa-maria\\\/\"]}]},{\"@type\":\"ImageObject\",\"inLanguage\":\"es\",\"@id\":\"https:\\\/\\\/diariotextual.com\\\/inicio\\\/index.php\\\/2019\\\/07\\\/16\\\/ya-65-familias-nuevo-asentamiento-del-barrio-santa-maria\\\/#primaryimage\",\"url\":\"https:\\\/\\\/diariotextual.com\\\/inicio\\\/wp-content\\\/uploads\\\/2019\\\/07\\\/asentamientosantamaria2019-10.jpg\",\"contentUrl\":\"https:\\\/\\\/diariotextual.com\\\/inicio\\\/wp-content\\\/uploads\\\/2019\\\/07\\\/asentamientosantamaria2019-10.jpg\",\"width\":1100,\"height\":669},{\"@type\":\"BreadcrumbList\",\"@id\":\"https:\\\/\\\/diariotextual.com\\\/inicio\\\/index.php\\\/2019\\\/07\\\/16\\\/ya-65-familias-nuevo-asentamiento-del-barrio-santa-maria\\\/#breadcrumb\",\"itemListElement\":[{\"@type\":\"ListItem\",\"position\":1,\"name\":\"Portada\",\"item\":\"https:\\\/\\\/diariotextual.com\\\/inicio\\\/\"},{\"@type\":\"ListItem\",\"position\":2,\"name\":\"Ya hay 65 familias en el nuevo asentamiento del barrio Santa Mar\u00eda\"}]},{\"@type\":\"WebSite\",\"@id\":\"https:\\\/\\\/diariotextual.com\\\/inicio\\\/#website\",\"url\":\"https:\\\/\\\/diariotextual.com\\\/inicio\\\/\",\"name\":\"Diario Textual\",\"description\":\"\",\"publisher\":{\"@id\":\"https:\\\/\\\/diariotextual.com\\\/inicio\\\/#organization\"},\"potentialAction\":[{\"@type\":\"SearchAction\",\"target\":{\"@type\":\"EntryPoint\",\"urlTemplate\":\"https:\\\/\\\/diariotextual.com\\\/inicio\\\/?s={search_term_string}\"},\"query-input\":{\"@type\":\"PropertyValueSpecification\",\"valueRequired\":true,\"valueName\":\"search_term_string\"}}],\"inLanguage\":\"es\"},{\"@type\":\"Organization\",\"@id\":\"https:\\\/\\\/diariotextual.com\\\/inicio\\\/#organization\",\"name\":\"Diario Textual\",\"url\":\"https:\\\/\\\/diariotextual.com\\\/inicio\\\/\",\"logo\":{\"@type\":\"ImageObject\",\"inLanguage\":\"es\",\"@id\":\"https:\\\/\\\/diariotextual.com\\\/inicio\\\/#\\\/schema\\\/logo\\\/image\\\/\",\"url\":\"https:\\\/\\\/diariotextual.com\\\/inicio\\\/wp-content\\\/uploads\\\/2023\\\/05\\\/logotextual1.jpg\",\"contentUrl\":\"https:\\\/\\\/diariotextual.com\\\/inicio\\\/wp-content\\\/uploads\\\/2023\\\/05\\\/logotextual1.jpg\",\"width\":516,\"height\":76,\"caption\":\"Diario Textual\"},\"image\":{\"@id\":\"https:\\\/\\\/diariotextual.com\\\/inicio\\\/#\\\/schema\\\/logo\\\/image\\\/\"},\"sameAs\":[\"https:\\\/\\\/www.facebook.com\\\/eltextual\",\"https:\\\/\\\/x.com\\\/eltextual\",\"http:\\\/\\\/www.instagram.com\\\/eltextual\"]},{\"@type\":\"Person\",\"@id\":\"https:\\\/\\\/diariotextual.com\\\/inicio\\\/#\\\/schema\\\/person\\\/418fc4093c33e86ed41562db3508f958\",\"name\":\"Diario1 Diario1\",\"image\":{\"@type\":\"ImageObject\",\"inLanguage\":\"es\",\"@id\":\"https:\\\/\\\/secure.gravatar.com\\\/avatar\\\/9167d280179c85bc18be67aa7eda765854300033af4896dd779b608640f2ef7a?s=96&d=mm&r=g\",\"url\":\"https:\\\/\\\/secure.gravatar.com\\\/avatar\\\/9167d280179c85bc18be67aa7eda765854300033af4896dd779b608640f2ef7a?s=96&d=mm&r=g\",\"contentUrl\":\"https:\\\/\\\/secure.gravatar.com\\\/avatar\\\/9167d280179c85bc18be67aa7eda765854300033af4896dd779b608640f2ef7a?s=96&d=mm&r=g\",\"caption\":\"Diario1 Diario1\"},\"url\":\"https:\\\/\\\/diariotextual.com\\\/inicio\\\/index.php\\\/author\\\/diario1\\\/\"}]}<\/script>\n<!-- \/ Yoast SEO plugin. -->","yoast_head_json":{"title":"Ya hay 65 familias en el nuevo asentamiento del barrio Santa Mar\u00eda - Diario Textual","robots":{"index":"index","follow":"follow","max-snippet":"max-snippet:-1","max-image-preview":"max-image-preview:large","max-video-preview":"max-video-preview:-1"},"canonical":"https:\/\/diariotextual.com\/inicio\/index.php\/2019\/07\/16\/ya-65-familias-nuevo-asentamiento-del-barrio-santa-maria\/","og_locale":"es_ES","og_type":"article","og_title":"Ya hay 65 familias en el nuevo asentamiento del barrio Santa Mar\u00eda - Diario Textual","og_description":"En solo seis horas, un total de 65 familias se instal\u00f3 en el asentamiento ubicado detr\u00e1s del barrio Santa Mar\u00eda de la Pampa, al este de la ciudad de Santa&hellip;","og_url":"https:\/\/diariotextual.com\/inicio\/index.php\/2019\/07\/16\/ya-65-familias-nuevo-asentamiento-del-barrio-santa-maria\/","og_site_name":"Diario Textual","article_publisher":"https:\/\/www.facebook.com\/eltextual","article_published_time":"2019-07-16T21:46:27+00:00","article_modified_time":"2019-07-17T12:01:21+00:00","og_image":[{"width":1100,"height":669,"url":"https:\/\/diariotextual.com\/inicio\/wp-content\/uploads\/2019\/07\/asentamientosantamaria2019-10.jpg","type":"image\/jpeg"}],"author":"Diario1 Diario1","twitter_card":"summary_large_image","twitter_creator":"@eltextual","twitter_site":"@eltextual","twitter_misc":{"Escrito por":"Diario1 Diario1","Tiempo de lectura":"1 minuto"},"schema":{"@context":"https:\/\/schema.org","@graph":[{"@type":"Article","@id":"https:\/\/diariotextual.com\/inicio\/index.php\/2019\/07\/16\/ya-65-familias-nuevo-asentamiento-del-barrio-santa-maria\/#article","isPartOf":{"@id":"https:\/\/diariotextual.com\/inicio\/index.php\/2019\/07\/16\/ya-65-familias-nuevo-asentamiento-del-barrio-santa-maria\/"},"author":{"name":"Diario1 Diario1","@id":"https:\/\/diariotextual.com\/inicio\/#\/schema\/person\/418fc4093c33e86ed41562db3508f958"},"headline":"Ya hay 65 familias en el nuevo asentamiento del barrio Santa Mar\u00eda","datePublished":"2019-07-16T21:46:27+00:00","dateModified":"2019-07-17T12:01:21+00:00","mainEntityOfPage":{"@id":"https:\/\/diariotextual.com\/inicio\/index.php\/2019\/07\/16\/ya-65-familias-nuevo-asentamiento-del-barrio-santa-maria\/"},"wordCount":302,"publisher":{"@id":"https:\/\/diariotextual.com\/inicio\/#organization"},"image":{"@id":"https:\/\/diariotextual.com\/inicio\/index.php\/2019\/07\/16\/ya-65-familias-nuevo-asentamiento-del-barrio-santa-maria\/#primaryimage"},"thumbnailUrl":"https:\/\/diariotextual.com\/inicio\/wp-content\/uploads\/2019\/07\/asentamientosantamaria2019-10.jpg","keywords":["asentamiento"],"articleSection":["A - TEMPORALES","SOCIEDAD"],"inLanguage":"es"},{"@type":"WebPage","@id":"https:\/\/diariotextual.com\/inicio\/index.php\/2019\/07\/16\/ya-65-familias-nuevo-asentamiento-del-barrio-santa-maria\/","url":"https:\/\/diariotextual.com\/inicio\/index.php\/2019\/07\/16\/ya-65-familias-nuevo-asentamiento-del-barrio-santa-maria\/","name":"Ya hay 65 familias en el nuevo asentamiento del barrio Santa Mar\u00eda - Diario Textual","isPartOf":{"@id":"https:\/\/diariotextual.com\/inicio\/#website"},"primaryImageOfPage":{"@id":"https:\/\/diariotextual.com\/inicio\/index.php\/2019\/07\/16\/ya-65-familias-nuevo-asentamiento-del-barrio-santa-maria\/#primaryimage"},"image":{"@id":"https:\/\/diariotextual.com\/inicio\/index.php\/2019\/07\/16\/ya-65-familias-nuevo-asentamiento-del-barrio-santa-maria\/#primaryimage"},"thumbnailUrl":"https:\/\/diariotextual.com\/inicio\/wp-content\/uploads\/2019\/07\/asentamientosantamaria2019-10.jpg","datePublished":"2019-07-16T21:46:27+00:00","dateModified":"2019-07-17T12:01:21+00:00","breadcrumb":{"@id":"https:\/\/diariotextual.com\/inicio\/index.php\/2019\/07\/16\/ya-65-familias-nuevo-asentamiento-del-barrio-santa-maria\/#breadcrumb"},"inLanguage":"es","potentialAction":[{"@type":"ReadAction","target":["https:\/\/diariotextual.com\/inicio\/index.php\/2019\/07\/16\/ya-65-familias-nuevo-asentamiento-del-barrio-santa-maria\/"]}]},{"@type":"ImageObject","inLanguage":"es","@id":"https:\/\/diariotextual.com\/inicio\/index.php\/2019\/07\/16\/ya-65-familias-nuevo-asentamiento-del-barrio-santa-maria\/#primaryimage","url":"https:\/\/diariotextual.com\/inicio\/wp-content\/uploads\/2019\/07\/asentamientosantamaria2019-10.jpg","contentUrl":"https:\/\/diariotextual.com\/inicio\/wp-content\/uploads\/2019\/07\/asentamientosantamaria2019-10.jpg","width":1100,"height":669},{"@type":"BreadcrumbList","@id":"https:\/\/diariotextual.com\/inicio\/index.php\/2019\/07\/16\/ya-65-familias-nuevo-asentamiento-del-barrio-santa-maria\/#breadcrumb","itemListElement":[{"@type":"ListItem","position":1,"name":"Portada","item":"https:\/\/diariotextual.com\/inicio\/"},{"@type":"ListItem","position":2,"name":"Ya hay 65 familias en el nuevo asentamiento del barrio Santa Mar\u00eda"}]},{"@type":"WebSite","@id":"https:\/\/diariotextual.com\/inicio\/#website","url":"https:\/\/diariotextual.com\/inicio\/","name":"Diario Textual","description":"","publisher":{"@id":"https:\/\/diariotextual.com\/inicio\/#organization"},"potentialAction":[{"@type":"SearchAction","target":{"@type":"EntryPoint","urlTemplate":"https:\/\/diariotextual.com\/inicio\/?s={search_term_string}"},"query-input":{"@type":"PropertyValueSpecification","valueRequired":true,"valueName":"search_term_string"}}],"inLanguage":"es"},{"@type":"Organization","@id":"https:\/\/diariotextual.com\/inicio\/#organization","name":"Diario Textual","url":"https:\/\/diariotextual.com\/inicio\/","logo":{"@type":"ImageObject","inLanguage":"es","@id":"https:\/\/diariotextual.com\/inicio\/#\/schema\/logo\/image\/","url":"https:\/\/diariotextual.com\/inicio\/wp-content\/uploads\/2023\/05\/logotextual1.jpg","contentUrl":"https:\/\/diariotextual.com\/inicio\/wp-content\/uploads\/2023\/05\/logotextual1.jpg","width":516,"height":76,"caption":"Diario Textual"},"image":{"@id":"https:\/\/diariotextual.com\/inicio\/#\/schema\/logo\/image\/"},"sameAs":["https:\/\/www.facebook.com\/eltextual","https:\/\/x.com\/eltextual","http:\/\/www.instagram.com\/eltextual"]},{"@type":"Person","@id":"https:\/\/diariotextual.com\/inicio\/#\/schema\/person\/418fc4093c33e86ed41562db3508f958","name":"Diario1 Diario1","image":{"@type":"ImageObject","inLanguage":"es","@id":"https:\/\/secure.gravatar.com\/avatar\/9167d280179c85bc18be67aa7eda765854300033af4896dd779b608640f2ef7a?s=96&d=mm&r=g","url":"https:\/\/secure.gravatar.com\/avatar\/9167d280179c85bc18be67aa7eda765854300033af4896dd779b608640f2ef7a?s=96&d=mm&r=g","contentUrl":"https:\/\/secure.gravatar.com\/avatar\/9167d280179c85bc18be67aa7eda765854300033af4896dd779b608640f2ef7a?s=96&d=mm&r=g","caption":"Diario1 Diario1"},"url":"https:\/\/diariotextual.com\/inicio\/index.php\/author\/diario1\/"}]}},"_links":{"self":[{"href":"https:\/\/diariotextual.com\/inicio\/index.php\/wp-json\/wp\/v2\/posts\/56117","targetHints":{"allow":["GET"]}}],"collection":[{"href":"https:\/\/diariotextual.com\/inicio\/index.php\/wp-json\/wp\/v2\/posts"}],"about":[{"href":"https:\/\/diariotextual.com\/inicio\/index.php\/wp-json\/wp\/v2\/types\/post"}],"author":[{"embeddable":true,"href":"https:\/\/diariotextual.com\/inicio\/index.php\/wp-json\/wp\/v2\/users\/3"}],"replies":[{"embeddable":true,"href":"https:\/\/diariotextual.com\/inicio\/index.php\/wp-json\/wp\/v2\/comments?post=56117"}],"version-history":[{"count":3,"href":"https:\/\/diariotextual.com\/inicio\/index.php\/wp-json\/wp\/v2\/posts\/56117\/revisions"}],"predecessor-version":[{"id":56129,"href":"https:\/\/diariotextual.com\/inicio\/index.php\/wp-json\/wp\/v2\/posts\/56117\/revisions\/56129"}],"wp:featuredmedia":[{"embeddable":true,"href":"https:\/\/diariotextual.com\/inicio\/index.php\/wp-json\/wp\/v2\/media\/56112"}],"wp:attachment":[{"href":"https:\/\/diariotextual.com\/inicio\/index.php\/wp-json\/wp\/v2\/media?parent=56117"}],"wp:term":[{"taxonomy":"category","embeddable":true,"href":"https:\/\/diariotextual.com\/inicio\/index.php\/wp-json\/wp\/v2\/categories?post=56117"},{"taxonomy":"post_tag","embeddable":true,"href":"https:\/\/diariotextual.com\/inicio\/index.php\/wp-json\/wp\/v2\/tags?post=56117"}],"curies":[{"name":"wp","href":"https:\/\/api.w.org\/{rel}","templated":true}]}}