{"id":56156,"date":"2019-07-17T09:08:21","date_gmt":"2019-07-17T12:08:21","guid":{"rendered":"http:\/\/diariotextual.com\/inicio\/?p=56156"},"modified":"2019-07-17T13:58:38","modified_gmt":"2019-07-17T16:58:38","slug":"tapera-avendano-pidio-la-intendencia-la-provincia-intervengan-dialoguen-los-ocupantes","status":"publish","type":"post","link":"https:\/\/diariotextual.com\/inicio\/index.php\/2019\/07\/17\/tapera-avendano-pidio-la-intendencia-la-provincia-intervengan-dialoguen-los-ocupantes\/","title":{"rendered":"\u201cTapera\u201d Avenda\u00f1o pidi\u00f3 que la intendencia y la Provincia intervengan y dialoguen con los ocupantes"},"content":{"rendered":"<p><strong>Leonardo Fabio \u201cTapera\u201d Avenda\u00f1o<\/strong>, diputado electo y referente del Movimiento Evita, pidi\u00f3 a la intendencia de Leandro Altolaguirre (Cambiemos) y del Gobierno de Carlos Verna (PJ) que intervenga y empiece a solucionar los reclamos de unas 200 familias que tomaron terrenos y conformaron dos asentamientos en Santa Rosa.<\/p>\n<p>\u201cEs algo que iba a explotar\u201d, dijo \u201cTapera\u201d a este diario. <strong>Es el hermano de Fabi\u00e1n Avenda\u00f1o, el militante del kirchnerismo que motoriz\u00f3 la nueva toma en el Santa Mar\u00eda de la Pampa.<\/strong><\/p>\n<blockquote class=\"wp-embedded-content\" data-secret=\"4r0uolcDAQ\"><p><a href=\"http:\/\/diariotextual.com\/inicio\/index.php\/2019\/07\/16\/bronca-di-napoli-los-camporistas-movimiento-evita-la-nueva-toma-terrenos\/\">Bronca de Di N\u00e1poli y los camporistas contra el Movimiento Evita por la nueva toma de terrenos<\/a><\/p><\/blockquote>\n<p><iframe class=\"wp-embedded-content\" sandbox=\"allow-scripts\" security=\"restricted\" style=\"position: absolute; clip: rect(1px, 1px, 1px, 1px);\" src=\"http:\/\/diariotextual.com\/inicio\/index.php\/2019\/07\/16\/bronca-di-napoli-los-camporistas-movimiento-evita-la-nueva-toma-terrenos\/embed\/#?secret=4r0uolcDAQ\" data-secret=\"4r0uolcDAQ\" width=\"600\" height=\"338\" title=\"&#171;Bronca de Di N\u00e1poli y los camporistas contra el Movimiento Evita por la nueva toma de terrenos&#187; &#8212; Diario Textual\" frameborder=\"0\" marginwidth=\"0\" marginheight=\"0\" scrolling=\"no\"><\/iframe><\/p>\n<p>Reconoci\u00f3 que el Estado ha estado \u201causente\u201d en estos reclamos. \u201cDeben intervenir la municipalidad, la Provincia y la Naci\u00f3n. Naci\u00f3n no va a intervenir. Pero s\u00ed creo que deben hacerlo la municipalidad y la Provincia para dialogar. Sin duda que (Carlos) Verna va a intervenir\u201d, sostuvo.<\/p>\n<p>&nbsp;<\/p>\n<p><iframe style=\"border: none; overflow: hidden;\" src=\"https:\/\/www.facebook.com\/plugins\/post.php?href=https%3A%2F%2Fwww.facebook.com%2Feltextual%2Fposts%2F2339161526177770&amp;width=500\" width=\"500\" height=\"586\" frameborder=\"0\" scrolling=\"no\"><\/iframe><\/p>\n<p>&nbsp;<\/p>\n<p><strong>La nueva toma gener\u00f3 molestia en La C\u00e1mpora y el jefe comunal electo Luciano di N\u00e1poli y cierto regodeo de los funcionarios del intendente radical Leandro Altolaguirre.<\/strong><\/p>\n<p>Hasta el momento las autoridades municipales y provinciales no han abordado la problem\u00e1tica. Di N\u00e1poli ya ha dicho que la cuesti\u00f3n deber\u00eda solucionarla, antes del 10 de diciembre, la actual intendencia. Pero desde la municipalidad le responden que no tienen posibilidades financieras para darles casas a los que ocupan los terrenos. A su vez, el Gobierno provincial parece mirar desde lejos el conflicto y sostiene que la situaci\u00f3n, cr\u00edtica, fue generada por el Gobierno nacional que aqu\u00ed tiene de exponente a Altolaguirre.\u00a0<strong>Nadie, por el momento, quiere desactivar la bomba.<\/strong><\/p>\n<p>&nbsp;<\/p>\n<blockquote class=\"wp-embedded-content\" data-secret=\"1NF55bxVRx\"><p><a href=\"http:\/\/diariotextual.com\/inicio\/index.php\/2019\/07\/17\/la-municipalidad-denuncia-penalmente-los-ocupantes-los-terrenos\/\">La municipalidad denuncia penalmente a los ocupantes de los terrenos<\/a><\/p><\/blockquote>\n<p><iframe class=\"wp-embedded-content\" sandbox=\"allow-scripts\" security=\"restricted\" style=\"position: absolute; clip: rect(1px, 1px, 1px, 1px);\" src=\"http:\/\/diariotextual.com\/inicio\/index.php\/2019\/07\/17\/la-municipalidad-denuncia-penalmente-los-ocupantes-los-terrenos\/embed\/#?secret=1NF55bxVRx\" data-secret=\"1NF55bxVRx\" width=\"600\" height=\"338\" title=\"&#171;La municipalidad denuncia penalmente a los ocupantes de los terrenos&#187; &#8212; Diario Textual\" frameborder=\"0\" marginwidth=\"0\" marginheight=\"0\" scrolling=\"no\"><\/iframe><\/p>\n<p>&nbsp;<\/p>\n","protected":false},"excerpt":{"rendered":"<p>Leonardo Fabio \u201cTapera\u201d Avenda\u00f1o, diputado electo y referente del Movimiento Evita, pidi\u00f3 a la intendencia de Leandro Altolaguirre (Cambiemos) y del Gobierno de Carlos Verna (PJ) que intervenga y empiece&hellip;<\/p>\n","protected":false},"author":3,"featured_media":56071,"comment_status":"closed","ping_status":"open","sticky":false,"template":"","format":"standard","meta":{"_acf_changed":false,"footnotes":""},"categories":[10,319,8],"tags":[2074,1887],"class_list":["post-56156","post","type-post","status-publish","format-standard","has-post-thumbnail","hentry","category-portada-2","category-a-temporales","category-politica","tag-asentamiento","tag-salitral"],"acf":[],"yoast_head":"<!-- This site is optimized with the Yoast SEO plugin v27.4 - https:\/\/yoast.com\/product\/yoast-seo-wordpress\/ -->\n<title>\u201cTapera\u201d Avenda\u00f1o pidi\u00f3 que la intendencia y la Provincia intervengan y dialoguen con los ocupantes - Diario Textual<\/title>\n<meta name=\"robots\" content=\"index, follow, max-snippet:-1, max-image-preview:large, max-video-preview:-1\" \/>\n<link rel=\"canonical\" href=\"https:\/\/diariotextual.com\/inicio\/index.php\/2019\/07\/17\/tapera-avendano-pidio-la-intendencia-la-provincia-intervengan-dialoguen-los-ocupantes\/\" \/>\n<meta property=\"og:locale\" content=\"es_ES\" \/>\n<meta property=\"og:type\" content=\"article\" \/>\n<meta property=\"og:title\" content=\"\u201cTapera\u201d Avenda\u00f1o pidi\u00f3 que la intendencia y la Provincia intervengan y dialoguen con los ocupantes - Diario Textual\" \/>\n<meta property=\"og:description\" content=\"Leonardo Fabio \u201cTapera\u201d Avenda\u00f1o, diputado electo y referente del Movimiento Evita, pidi\u00f3 a la intendencia de Leandro Altolaguirre (Cambiemos) y del Gobierno de Carlos Verna (PJ) que intervenga y empiece&hellip;\" \/>\n<meta property=\"og:url\" content=\"https:\/\/diariotextual.com\/inicio\/index.php\/2019\/07\/17\/tapera-avendano-pidio-la-intendencia-la-provincia-intervengan-dialoguen-los-ocupantes\/\" \/>\n<meta property=\"og:site_name\" content=\"Diario Textual\" \/>\n<meta property=\"article:publisher\" content=\"https:\/\/www.facebook.com\/eltextual\" \/>\n<meta property=\"article:published_time\" content=\"2019-07-17T12:08:21+00:00\" \/>\n<meta property=\"article:modified_time\" content=\"2019-07-17T16:58:38+00:00\" \/>\n<meta property=\"og:image\" content=\"https:\/\/diariotextual.com\/inicio\/wp-content\/uploads\/2019\/07\/asentamientosantamaria2019-1.jpg\" \/>\n\t<meta property=\"og:image:width\" content=\"1100\" \/>\n\t<meta property=\"og:image:height\" content=\"670\" \/>\n\t<meta property=\"og:image:type\" content=\"image\/jpeg\" \/>\n<meta name=\"author\" content=\"Diario1 Diario1\" \/>\n<meta name=\"twitter:card\" content=\"summary_large_image\" \/>\n<meta name=\"twitter:creator\" content=\"@eltextual\" \/>\n<meta name=\"twitter:site\" content=\"@eltextual\" \/>\n<meta name=\"twitter:label1\" content=\"Escrito por\" \/>\n\t<meta name=\"twitter:data1\" content=\"Diario1 Diario1\" \/>\n\t<meta name=\"twitter:label2\" content=\"Tiempo de lectura\" \/>\n\t<meta name=\"twitter:data2\" content=\"1 minuto\" \/>\n<script type=\"application\/ld+json\" class=\"yoast-schema-graph\">{\"@context\":\"https:\\\/\\\/schema.org\",\"@graph\":[{\"@type\":\"Article\",\"@id\":\"https:\\\/\\\/diariotextual.com\\\/inicio\\\/index.php\\\/2019\\\/07\\\/17\\\/tapera-avendano-pidio-la-intendencia-la-provincia-intervengan-dialoguen-los-ocupantes\\\/#article\",\"isPartOf\":{\"@id\":\"https:\\\/\\\/diariotextual.com\\\/inicio\\\/index.php\\\/2019\\\/07\\\/17\\\/tapera-avendano-pidio-la-intendencia-la-provincia-intervengan-dialoguen-los-ocupantes\\\/\"},\"author\":{\"name\":\"Diario1 Diario1\",\"@id\":\"https:\\\/\\\/diariotextual.com\\\/inicio\\\/#\\\/schema\\\/person\\\/418fc4093c33e86ed41562db3508f958\"},\"headline\":\"\u201cTapera\u201d Avenda\u00f1o pidi\u00f3 que la intendencia y la Provincia intervengan y dialoguen con los ocupantes\",\"datePublished\":\"2019-07-17T12:08:21+00:00\",\"dateModified\":\"2019-07-17T16:58:38+00:00\",\"mainEntityOfPage\":{\"@id\":\"https:\\\/\\\/diariotextual.com\\\/inicio\\\/index.php\\\/2019\\\/07\\\/17\\\/tapera-avendano-pidio-la-intendencia-la-provincia-intervengan-dialoguen-los-ocupantes\\\/\"},\"wordCount\":290,\"publisher\":{\"@id\":\"https:\\\/\\\/diariotextual.com\\\/inicio\\\/#organization\"},\"image\":{\"@id\":\"https:\\\/\\\/diariotextual.com\\\/inicio\\\/index.php\\\/2019\\\/07\\\/17\\\/tapera-avendano-pidio-la-intendencia-la-provincia-intervengan-dialoguen-los-ocupantes\\\/#primaryimage\"},\"thumbnailUrl\":\"https:\\\/\\\/diariotextual.com\\\/inicio\\\/wp-content\\\/uploads\\\/2019\\\/07\\\/asentamientosantamaria2019-1.jpg\",\"keywords\":[\"asentamiento\",\"salitral\"],\"articleSection\":[\"A - PORTADA2\",\"A - TEMPORALES\",\"POLITICA\"],\"inLanguage\":\"es\"},{\"@type\":\"WebPage\",\"@id\":\"https:\\\/\\\/diariotextual.com\\\/inicio\\\/index.php\\\/2019\\\/07\\\/17\\\/tapera-avendano-pidio-la-intendencia-la-provincia-intervengan-dialoguen-los-ocupantes\\\/\",\"url\":\"https:\\\/\\\/diariotextual.com\\\/inicio\\\/index.php\\\/2019\\\/07\\\/17\\\/tapera-avendano-pidio-la-intendencia-la-provincia-intervengan-dialoguen-los-ocupantes\\\/\",\"name\":\"\u201cTapera\u201d Avenda\u00f1o pidi\u00f3 que la intendencia y la Provincia intervengan y dialoguen con los ocupantes - Diario Textual\",\"isPartOf\":{\"@id\":\"https:\\\/\\\/diariotextual.com\\\/inicio\\\/#website\"},\"primaryImageOfPage\":{\"@id\":\"https:\\\/\\\/diariotextual.com\\\/inicio\\\/index.php\\\/2019\\\/07\\\/17\\\/tapera-avendano-pidio-la-intendencia-la-provincia-intervengan-dialoguen-los-ocupantes\\\/#primaryimage\"},\"image\":{\"@id\":\"https:\\\/\\\/diariotextual.com\\\/inicio\\\/index.php\\\/2019\\\/07\\\/17\\\/tapera-avendano-pidio-la-intendencia-la-provincia-intervengan-dialoguen-los-ocupantes\\\/#primaryimage\"},\"thumbnailUrl\":\"https:\\\/\\\/diariotextual.com\\\/inicio\\\/wp-content\\\/uploads\\\/2019\\\/07\\\/asentamientosantamaria2019-1.jpg\",\"datePublished\":\"2019-07-17T12:08:21+00:00\",\"dateModified\":\"2019-07-17T16:58:38+00:00\",\"breadcrumb\":{\"@id\":\"https:\\\/\\\/diariotextual.com\\\/inicio\\\/index.php\\\/2019\\\/07\\\/17\\\/tapera-avendano-pidio-la-intendencia-la-provincia-intervengan-dialoguen-los-ocupantes\\\/#breadcrumb\"},\"inLanguage\":\"es\",\"potentialAction\":[{\"@type\":\"ReadAction\",\"target\":[\"https:\\\/\\\/diariotextual.com\\\/inicio\\\/index.php\\\/2019\\\/07\\\/17\\\/tapera-avendano-pidio-la-intendencia-la-provincia-intervengan-dialoguen-los-ocupantes\\\/\"]}]},{\"@type\":\"ImageObject\",\"inLanguage\":\"es\",\"@id\":\"https:\\\/\\\/diariotextual.com\\\/inicio\\\/index.php\\\/2019\\\/07\\\/17\\\/tapera-avendano-pidio-la-intendencia-la-provincia-intervengan-dialoguen-los-ocupantes\\\/#primaryimage\",\"url\":\"https:\\\/\\\/diariotextual.com\\\/inicio\\\/wp-content\\\/uploads\\\/2019\\\/07\\\/asentamientosantamaria2019-1.jpg\",\"contentUrl\":\"https:\\\/\\\/diariotextual.com\\\/inicio\\\/wp-content\\\/uploads\\\/2019\\\/07\\\/asentamientosantamaria2019-1.jpg\",\"width\":1100,\"height\":670},{\"@type\":\"BreadcrumbList\",\"@id\":\"https:\\\/\\\/diariotextual.com\\\/inicio\\\/index.php\\\/2019\\\/07\\\/17\\\/tapera-avendano-pidio-la-intendencia-la-provincia-intervengan-dialoguen-los-ocupantes\\\/#breadcrumb\",\"itemListElement\":[{\"@type\":\"ListItem\",\"position\":1,\"name\":\"Portada\",\"item\":\"https:\\\/\\\/diariotextual.com\\\/inicio\\\/\"},{\"@type\":\"ListItem\",\"position\":2,\"name\":\"\u201cTapera\u201d Avenda\u00f1o pidi\u00f3 que la intendencia y la Provincia intervengan y dialoguen con los ocupantes\"}]},{\"@type\":\"WebSite\",\"@id\":\"https:\\\/\\\/diariotextual.com\\\/inicio\\\/#website\",\"url\":\"https:\\\/\\\/diariotextual.com\\\/inicio\\\/\",\"name\":\"Diario Textual\",\"description\":\"\",\"publisher\":{\"@id\":\"https:\\\/\\\/diariotextual.com\\\/inicio\\\/#organization\"},\"potentialAction\":[{\"@type\":\"SearchAction\",\"target\":{\"@type\":\"EntryPoint\",\"urlTemplate\":\"https:\\\/\\\/diariotextual.com\\\/inicio\\\/?s={search_term_string}\"},\"query-input\":{\"@type\":\"PropertyValueSpecification\",\"valueRequired\":true,\"valueName\":\"search_term_string\"}}],\"inLanguage\":\"es\"},{\"@type\":\"Organization\",\"@id\":\"https:\\\/\\\/diariotextual.com\\\/inicio\\\/#organization\",\"name\":\"Diario Textual\",\"url\":\"https:\\\/\\\/diariotextual.com\\\/inicio\\\/\",\"logo\":{\"@type\":\"ImageObject\",\"inLanguage\":\"es\",\"@id\":\"https:\\\/\\\/diariotextual.com\\\/inicio\\\/#\\\/schema\\\/logo\\\/image\\\/\",\"url\":\"https:\\\/\\\/diariotextual.com\\\/inicio\\\/wp-content\\\/uploads\\\/2023\\\/05\\\/logotextual1.jpg\",\"contentUrl\":\"https:\\\/\\\/diariotextual.com\\\/inicio\\\/wp-content\\\/uploads\\\/2023\\\/05\\\/logotextual1.jpg\",\"width\":516,\"height\":76,\"caption\":\"Diario Textual\"},\"image\":{\"@id\":\"https:\\\/\\\/diariotextual.com\\\/inicio\\\/#\\\/schema\\\/logo\\\/image\\\/\"},\"sameAs\":[\"https:\\\/\\\/www.facebook.com\\\/eltextual\",\"https:\\\/\\\/x.com\\\/eltextual\",\"http:\\\/\\\/www.instagram.com\\\/eltextual\"]},{\"@type\":\"Person\",\"@id\":\"https:\\\/\\\/diariotextual.com\\\/inicio\\\/#\\\/schema\\\/person\\\/418fc4093c33e86ed41562db3508f958\",\"name\":\"Diario1 Diario1\",\"image\":{\"@type\":\"ImageObject\",\"inLanguage\":\"es\",\"@id\":\"https:\\\/\\\/secure.gravatar.com\\\/avatar\\\/9167d280179c85bc18be67aa7eda765854300033af4896dd779b608640f2ef7a?s=96&d=mm&r=g\",\"url\":\"https:\\\/\\\/secure.gravatar.com\\\/avatar\\\/9167d280179c85bc18be67aa7eda765854300033af4896dd779b608640f2ef7a?s=96&d=mm&r=g\",\"contentUrl\":\"https:\\\/\\\/secure.gravatar.com\\\/avatar\\\/9167d280179c85bc18be67aa7eda765854300033af4896dd779b608640f2ef7a?s=96&d=mm&r=g\",\"caption\":\"Diario1 Diario1\"},\"url\":\"https:\\\/\\\/diariotextual.com\\\/inicio\\\/index.php\\\/author\\\/diario1\\\/\"}]}<\/script>\n<!-- \/ Yoast SEO plugin. -->","yoast_head_json":{"title":"\u201cTapera\u201d Avenda\u00f1o pidi\u00f3 que la intendencia y la Provincia intervengan y dialoguen con los ocupantes - Diario Textual","robots":{"index":"index","follow":"follow","max-snippet":"max-snippet:-1","max-image-preview":"max-image-preview:large","max-video-preview":"max-video-preview:-1"},"canonical":"https:\/\/diariotextual.com\/inicio\/index.php\/2019\/07\/17\/tapera-avendano-pidio-la-intendencia-la-provincia-intervengan-dialoguen-los-ocupantes\/","og_locale":"es_ES","og_type":"article","og_title":"\u201cTapera\u201d Avenda\u00f1o pidi\u00f3 que la intendencia y la Provincia intervengan y dialoguen con los ocupantes - Diario Textual","og_description":"Leonardo Fabio \u201cTapera\u201d Avenda\u00f1o, diputado electo y referente del Movimiento Evita, pidi\u00f3 a la intendencia de Leandro Altolaguirre (Cambiemos) y del Gobierno de Carlos Verna (PJ) que intervenga y empiece&hellip;","og_url":"https:\/\/diariotextual.com\/inicio\/index.php\/2019\/07\/17\/tapera-avendano-pidio-la-intendencia-la-provincia-intervengan-dialoguen-los-ocupantes\/","og_site_name":"Diario Textual","article_publisher":"https:\/\/www.facebook.com\/eltextual","article_published_time":"2019-07-17T12:08:21+00:00","article_modified_time":"2019-07-17T16:58:38+00:00","og_image":[{"width":1100,"height":670,"url":"https:\/\/diariotextual.com\/inicio\/wp-content\/uploads\/2019\/07\/asentamientosantamaria2019-1.jpg","type":"image\/jpeg"}],"author":"Diario1 Diario1","twitter_card":"summary_large_image","twitter_creator":"@eltextual","twitter_site":"@eltextual","twitter_misc":{"Escrito por":"Diario1 Diario1","Tiempo de lectura":"1 minuto"},"schema":{"@context":"https:\/\/schema.org","@graph":[{"@type":"Article","@id":"https:\/\/diariotextual.com\/inicio\/index.php\/2019\/07\/17\/tapera-avendano-pidio-la-intendencia-la-provincia-intervengan-dialoguen-los-ocupantes\/#article","isPartOf":{"@id":"https:\/\/diariotextual.com\/inicio\/index.php\/2019\/07\/17\/tapera-avendano-pidio-la-intendencia-la-provincia-intervengan-dialoguen-los-ocupantes\/"},"author":{"name":"Diario1 Diario1","@id":"https:\/\/diariotextual.com\/inicio\/#\/schema\/person\/418fc4093c33e86ed41562db3508f958"},"headline":"\u201cTapera\u201d Avenda\u00f1o pidi\u00f3 que la intendencia y la Provincia intervengan y dialoguen con los ocupantes","datePublished":"2019-07-17T12:08:21+00:00","dateModified":"2019-07-17T16:58:38+00:00","mainEntityOfPage":{"@id":"https:\/\/diariotextual.com\/inicio\/index.php\/2019\/07\/17\/tapera-avendano-pidio-la-intendencia-la-provincia-intervengan-dialoguen-los-ocupantes\/"},"wordCount":290,"publisher":{"@id":"https:\/\/diariotextual.com\/inicio\/#organization"},"image":{"@id":"https:\/\/diariotextual.com\/inicio\/index.php\/2019\/07\/17\/tapera-avendano-pidio-la-intendencia-la-provincia-intervengan-dialoguen-los-ocupantes\/#primaryimage"},"thumbnailUrl":"https:\/\/diariotextual.com\/inicio\/wp-content\/uploads\/2019\/07\/asentamientosantamaria2019-1.jpg","keywords":["asentamiento","salitral"],"articleSection":["A - PORTADA2","A - TEMPORALES","POLITICA"],"inLanguage":"es"},{"@type":"WebPage","@id":"https:\/\/diariotextual.com\/inicio\/index.php\/2019\/07\/17\/tapera-avendano-pidio-la-intendencia-la-provincia-intervengan-dialoguen-los-ocupantes\/","url":"https:\/\/diariotextual.com\/inicio\/index.php\/2019\/07\/17\/tapera-avendano-pidio-la-intendencia-la-provincia-intervengan-dialoguen-los-ocupantes\/","name":"\u201cTapera\u201d Avenda\u00f1o pidi\u00f3 que la intendencia y la Provincia intervengan y dialoguen con los ocupantes - Diario Textual","isPartOf":{"@id":"https:\/\/diariotextual.com\/inicio\/#website"},"primaryImageOfPage":{"@id":"https:\/\/diariotextual.com\/inicio\/index.php\/2019\/07\/17\/tapera-avendano-pidio-la-intendencia-la-provincia-intervengan-dialoguen-los-ocupantes\/#primaryimage"},"image":{"@id":"https:\/\/diariotextual.com\/inicio\/index.php\/2019\/07\/17\/tapera-avendano-pidio-la-intendencia-la-provincia-intervengan-dialoguen-los-ocupantes\/#primaryimage"},"thumbnailUrl":"https:\/\/diariotextual.com\/inicio\/wp-content\/uploads\/2019\/07\/asentamientosantamaria2019-1.jpg","datePublished":"2019-07-17T12:08:21+00:00","dateModified":"2019-07-17T16:58:38+00:00","breadcrumb":{"@id":"https:\/\/diariotextual.com\/inicio\/index.php\/2019\/07\/17\/tapera-avendano-pidio-la-intendencia-la-provincia-intervengan-dialoguen-los-ocupantes\/#breadcrumb"},"inLanguage":"es","potentialAction":[{"@type":"ReadAction","target":["https:\/\/diariotextual.com\/inicio\/index.php\/2019\/07\/17\/tapera-avendano-pidio-la-intendencia-la-provincia-intervengan-dialoguen-los-ocupantes\/"]}]},{"@type":"ImageObject","inLanguage":"es","@id":"https:\/\/diariotextual.com\/inicio\/index.php\/2019\/07\/17\/tapera-avendano-pidio-la-intendencia-la-provincia-intervengan-dialoguen-los-ocupantes\/#primaryimage","url":"https:\/\/diariotextual.com\/inicio\/wp-content\/uploads\/2019\/07\/asentamientosantamaria2019-1.jpg","contentUrl":"https:\/\/diariotextual.com\/inicio\/wp-content\/uploads\/2019\/07\/asentamientosantamaria2019-1.jpg","width":1100,"height":670},{"@type":"BreadcrumbList","@id":"https:\/\/diariotextual.com\/inicio\/index.php\/2019\/07\/17\/tapera-avendano-pidio-la-intendencia-la-provincia-intervengan-dialoguen-los-ocupantes\/#breadcrumb","itemListElement":[{"@type":"ListItem","position":1,"name":"Portada","item":"https:\/\/diariotextual.com\/inicio\/"},{"@type":"ListItem","position":2,"name":"\u201cTapera\u201d Avenda\u00f1o pidi\u00f3 que la intendencia y la Provincia intervengan y dialoguen con los ocupantes"}]},{"@type":"WebSite","@id":"https:\/\/diariotextual.com\/inicio\/#website","url":"https:\/\/diariotextual.com\/inicio\/","name":"Diario Textual","description":"","publisher":{"@id":"https:\/\/diariotextual.com\/inicio\/#organization"},"potentialAction":[{"@type":"SearchAction","target":{"@type":"EntryPoint","urlTemplate":"https:\/\/diariotextual.com\/inicio\/?s={search_term_string}"},"query-input":{"@type":"PropertyValueSpecification","valueRequired":true,"valueName":"search_term_string"}}],"inLanguage":"es"},{"@type":"Organization","@id":"https:\/\/diariotextual.com\/inicio\/#organization","name":"Diario Textual","url":"https:\/\/diariotextual.com\/inicio\/","logo":{"@type":"ImageObject","inLanguage":"es","@id":"https:\/\/diariotextual.com\/inicio\/#\/schema\/logo\/image\/","url":"https:\/\/diariotextual.com\/inicio\/wp-content\/uploads\/2023\/05\/logotextual1.jpg","contentUrl":"https:\/\/diariotextual.com\/inicio\/wp-content\/uploads\/2023\/05\/logotextual1.jpg","width":516,"height":76,"caption":"Diario Textual"},"image":{"@id":"https:\/\/diariotextual.com\/inicio\/#\/schema\/logo\/image\/"},"sameAs":["https:\/\/www.facebook.com\/eltextual","https:\/\/x.com\/eltextual","http:\/\/www.instagram.com\/eltextual"]},{"@type":"Person","@id":"https:\/\/diariotextual.com\/inicio\/#\/schema\/person\/418fc4093c33e86ed41562db3508f958","name":"Diario1 Diario1","image":{"@type":"ImageObject","inLanguage":"es","@id":"https:\/\/secure.gravatar.com\/avatar\/9167d280179c85bc18be67aa7eda765854300033af4896dd779b608640f2ef7a?s=96&d=mm&r=g","url":"https:\/\/secure.gravatar.com\/avatar\/9167d280179c85bc18be67aa7eda765854300033af4896dd779b608640f2ef7a?s=96&d=mm&r=g","contentUrl":"https:\/\/secure.gravatar.com\/avatar\/9167d280179c85bc18be67aa7eda765854300033af4896dd779b608640f2ef7a?s=96&d=mm&r=g","caption":"Diario1 Diario1"},"url":"https:\/\/diariotextual.com\/inicio\/index.php\/author\/diario1\/"}]}},"_links":{"self":[{"href":"https:\/\/diariotextual.com\/inicio\/index.php\/wp-json\/wp\/v2\/posts\/56156","targetHints":{"allow":["GET"]}}],"collection":[{"href":"https:\/\/diariotextual.com\/inicio\/index.php\/wp-json\/wp\/v2\/posts"}],"about":[{"href":"https:\/\/diariotextual.com\/inicio\/index.php\/wp-json\/wp\/v2\/types\/post"}],"author":[{"embeddable":true,"href":"https:\/\/diariotextual.com\/inicio\/index.php\/wp-json\/wp\/v2\/users\/3"}],"replies":[{"embeddable":true,"href":"https:\/\/diariotextual.com\/inicio\/index.php\/wp-json\/wp\/v2\/comments?post=56156"}],"version-history":[{"count":4,"href":"https:\/\/diariotextual.com\/inicio\/index.php\/wp-json\/wp\/v2\/posts\/56156\/revisions"}],"predecessor-version":[{"id":56199,"href":"https:\/\/diariotextual.com\/inicio\/index.php\/wp-json\/wp\/v2\/posts\/56156\/revisions\/56199"}],"wp:featuredmedia":[{"embeddable":true,"href":"https:\/\/diariotextual.com\/inicio\/index.php\/wp-json\/wp\/v2\/media\/56071"}],"wp:attachment":[{"href":"https:\/\/diariotextual.com\/inicio\/index.php\/wp-json\/wp\/v2\/media?parent=56156"}],"wp:term":[{"taxonomy":"category","embeddable":true,"href":"https:\/\/diariotextual.com\/inicio\/index.php\/wp-json\/wp\/v2\/categories?post=56156"},{"taxonomy":"post_tag","embeddable":true,"href":"https:\/\/diariotextual.com\/inicio\/index.php\/wp-json\/wp\/v2\/tags?post=56156"}],"curies":[{"name":"wp","href":"https:\/\/api.w.org\/{rel}","templated":true}]}}