{"id":56185,"date":"2019-07-17T10:42:41","date_gmt":"2019-07-17T13:42:41","guid":{"rendered":"http:\/\/diariotextual.com\/inicio\/?p=56185"},"modified":"2019-07-17T20:31:09","modified_gmt":"2019-07-17T23:31:09","slug":"la-municipalidad-denuncia-penalmente-los-ocupantes-los-terrenos","status":"publish","type":"post","link":"https:\/\/diariotextual.com\/inicio\/index.php\/2019\/07\/17\/la-municipalidad-denuncia-penalmente-los-ocupantes-los-terrenos\/","title":{"rendered":"La municipalidad decidi\u00f3 denunciar penalmente la ocupaci\u00f3n de los terrenos"},"content":{"rendered":"<p>La municipalidad de Santa Rosa <strong>finalmente decidi\u00f3 ir a la Justicia y denunciar penalmente la ocupaci\u00f3n que est\u00e1n realizando unas 270 familias<\/strong>\u00a0en dos sectores de la ciudad capital, informaron fuentes oficiales a <strong>Diario Textual<\/strong>. La presentaci\u00f3n se har\u00eda en las pr\u00f3ximas horas o el jueves.<\/p>\n<blockquote class=\"wp-embedded-content\" data-secret=\"1eRcOZeByz\"><p><a href=\"http:\/\/diariotextual.com\/inicio\/index.php\/2019\/07\/17\/tapera-avendano-pidio-la-intendencia-la-provincia-intervengan-dialoguen-los-ocupantes\/\">\u201cTapera\u201d Avenda\u00f1o pidi\u00f3 que la intendencia y la Provincia intervengan y dialoguen con los ocupantes<\/a><\/p><\/blockquote>\n<p><iframe class=\"wp-embedded-content\" sandbox=\"allow-scripts\" security=\"restricted\" style=\"position: absolute; clip: rect(1px, 1px, 1px, 1px);\" src=\"http:\/\/diariotextual.com\/inicio\/index.php\/2019\/07\/17\/tapera-avendano-pidio-la-intendencia-la-provincia-intervengan-dialoguen-los-ocupantes\/embed\/#?secret=1eRcOZeByz\" data-secret=\"1eRcOZeByz\" width=\"600\" height=\"338\" title=\"&#171;\u201cTapera\u201d Avenda\u00f1o pidi\u00f3 que la intendencia y la Provincia intervengan y dialoguen con los ocupantes&#187; &#8212; Diario Textual\" frameborder=\"0\" marginwidth=\"0\" marginheight=\"0\" scrolling=\"no\"><\/iframe><\/p>\n<p>&nbsp;<\/p>\n<p>La intendencia de Leandro Altolaguirre -al igual que el Estado provincial- <strong>a\u00fan no ha abordado esta grave problem\u00e1tica social y habitacional, pero decidi\u00f3 avanzar ante la Justicia.<\/strong> La decisi\u00f3n se aceler\u00f3 en las \u00faltimas horas, luego de que un grupo decidiera tomar unas 10 hect\u00e1reas de la municipalidad que est\u00e1n ubicadas detr\u00e1s del barrio Santa Mar\u00eda de la Pampa.<strong> All\u00ed, hasta ayer, eran 65 familias<\/strong>. Este mi\u00e9rcoles ya son 130.<\/p>\n<blockquote class=\"wp-embedded-content\" data-secret=\"BSIPh6EIVq\"><p><a href=\"http:\/\/diariotextual.com\/inicio\/index.php\/2019\/07\/17\/ya-130-familias-ocupando-nuevo-asentamiento\/\">Ya hay 130 familias ocupando el asentamiento del Santa Mar\u00eda de La Pampa<\/a><\/p><\/blockquote>\n<p><iframe class=\"wp-embedded-content\" sandbox=\"allow-scripts\" security=\"restricted\" style=\"position: absolute; clip: rect(1px, 1px, 1px, 1px);\" src=\"http:\/\/diariotextual.com\/inicio\/index.php\/2019\/07\/17\/ya-130-familias-ocupando-nuevo-asentamiento\/embed\/#?secret=BSIPh6EIVq\" data-secret=\"BSIPh6EIVq\" width=\"600\" height=\"338\" title=\"&#171;Ya hay 130 familias ocupando el asentamiento del Santa Mar\u00eda de La Pampa&#187; &#8212; Diario Textual\" frameborder=\"0\" marginwidth=\"0\" marginheight=\"0\" scrolling=\"no\"><\/iframe><\/p>\n<p>Este asentamiento se sum\u00f3 al Nuevo Salitral, ubicado en cercan\u00edas de la laguna Don Tom\u00e1s, donde<strong> ya hay 140 familias<\/strong>.<\/p>\n<p>Ser\u00edan dos las presentaciones. Una es penal, con el fin de que la Justicia determine si quienes ocupan esas tierras cometen un delito. La segunda, es civil, para preservar los bienes de la comuna, dijeron desde la intendencia.<\/p>\n<blockquote class=\"wp-embedded-content\" data-secret=\"FNjJc4EfoO\"><p><a href=\"http:\/\/diariotextual.com\/inicio\/index.php\/2019\/07\/17\/urgente-intentaron-sin-exito-tomar-terrenos-villa-germinal\/\">Ahora intentaron, sin \u00e9xito, tomar terrenos en Villa Germinal<\/a><\/p><\/blockquote>\n<p><iframe class=\"wp-embedded-content\" sandbox=\"allow-scripts\" security=\"restricted\" style=\"position: absolute; clip: rect(1px, 1px, 1px, 1px);\" src=\"http:\/\/diariotextual.com\/inicio\/index.php\/2019\/07\/17\/urgente-intentaron-sin-exito-tomar-terrenos-villa-germinal\/embed\/#?secret=FNjJc4EfoO\" data-secret=\"FNjJc4EfoO\" width=\"600\" height=\"338\" title=\"&#171;Ahora intentaron, sin \u00e9xito, tomar terrenos en Villa Germinal&#187; &#8212; Diario Textual\" frameborder=\"0\" marginwidth=\"0\" marginheight=\"0\" scrolling=\"no\"><\/iframe><\/p>\n<p>En principio, seg\u00fan han dejado trascender, en esas presentaciones judiciales <strong>no se contemplar\u00eda el pedido de desalojo<\/strong> de los ocupantes. \u00abAsesor\u00eda Letrada est\u00e1 trabajando en los detalles\u00bb, se excusaron desde la intendencia de Leandro Altolaguirre.<\/p>\n<p>En medio de <strong>la ausencia y falta de reacci\u00f3n del Estado<\/strong>, hay unas 270 personas que est\u00e1n ocupando terrenos en la capital. <strong>Se trata de familias golpeadas por la crisis econ\u00f3mica: muchas viven hacinadas en casas de sus familiares y otras est\u00e1n o estaban alquilando y ya no pueden afrontar esos costos<\/strong>.<\/p>\n<blockquote class=\"wp-embedded-content\" data-secret=\"crpEUTAFxz\"><p><a href=\"http:\/\/diariotextual.com\/inicio\/index.php\/2019\/07\/17\/santa-rosa-tierra-nadie-los-problemas-una-larga-transicion\/\">Santa Rosa &#171;tierra de nadie&#187; o los problemas de una larga transici\u00f3n<\/a><\/p><\/blockquote>\n<p><iframe class=\"wp-embedded-content\" sandbox=\"allow-scripts\" security=\"restricted\" style=\"position: absolute; clip: rect(1px, 1px, 1px, 1px);\" src=\"http:\/\/diariotextual.com\/inicio\/index.php\/2019\/07\/17\/santa-rosa-tierra-nadie-los-problemas-una-larga-transicion\/embed\/#?secret=crpEUTAFxz\" data-secret=\"crpEUTAFxz\" width=\"600\" height=\"338\" title=\"&#171;Santa Rosa &#171;tierra de nadie&#187; o los problemas de una larga transici\u00f3n&#187; &#8212; Diario Textual\" frameborder=\"0\" marginwidth=\"0\" marginheight=\"0\" scrolling=\"no\"><\/iframe><\/p>\n<p>&nbsp;<\/p>\n<p>&nbsp;<\/p>\n<p>&nbsp;<\/p>\n<p>&nbsp;<\/p>\n","protected":false},"excerpt":{"rendered":"<p>La municipalidad de Santa Rosa finalmente decidi\u00f3 ir a la Justicia y denunciar penalmente la ocupaci\u00f3n que est\u00e1n realizando unas 270 familias\u00a0en dos sectores de la ciudad capital, informaron fuentes&hellip;<\/p>\n","protected":false},"author":3,"featured_media":56018,"comment_status":"closed","ping_status":"open","sticky":false,"template":"","format":"standard","meta":{"_acf_changed":false,"footnotes":""},"categories":[12],"tags":[2074],"class_list":["post-56185","post","type-post","status-publish","format-standard","has-post-thumbnail","hentry","category-sociedad","tag-asentamiento"],"acf":[],"yoast_head":"<!-- This site is optimized with the Yoast SEO plugin v27.4 - https:\/\/yoast.com\/product\/yoast-seo-wordpress\/ -->\n<title>La municipalidad decidi\u00f3 denunciar penalmente la ocupaci\u00f3n de los terrenos - Diario Textual<\/title>\n<meta name=\"robots\" content=\"index, follow, max-snippet:-1, max-image-preview:large, max-video-preview:-1\" \/>\n<link rel=\"canonical\" href=\"https:\/\/diariotextual.com\/inicio\/index.php\/2019\/07\/17\/la-municipalidad-denuncia-penalmente-los-ocupantes-los-terrenos\/\" \/>\n<meta property=\"og:locale\" content=\"es_ES\" \/>\n<meta property=\"og:type\" content=\"article\" \/>\n<meta property=\"og:title\" content=\"La municipalidad decidi\u00f3 denunciar penalmente la ocupaci\u00f3n de los terrenos - Diario Textual\" \/>\n<meta property=\"og:description\" content=\"La municipalidad de Santa Rosa finalmente decidi\u00f3 ir a la Justicia y denunciar penalmente la ocupaci\u00f3n que est\u00e1n realizando unas 270 familias\u00a0en dos sectores de la ciudad capital, informaron fuentes&hellip;\" \/>\n<meta property=\"og:url\" content=\"https:\/\/diariotextual.com\/inicio\/index.php\/2019\/07\/17\/la-municipalidad-denuncia-penalmente-los-ocupantes-los-terrenos\/\" \/>\n<meta property=\"og:site_name\" content=\"Diario Textual\" \/>\n<meta property=\"article:publisher\" content=\"https:\/\/www.facebook.com\/eltextual\" \/>\n<meta property=\"article:published_time\" content=\"2019-07-17T13:42:41+00:00\" \/>\n<meta property=\"article:modified_time\" content=\"2019-07-17T23:31:09+00:00\" \/>\n<meta property=\"og:image\" content=\"https:\/\/diariotextual.com\/inicio\/wp-content\/uploads\/2019\/07\/asentamientoelsalitral2019-26.jpg\" \/>\n\t<meta property=\"og:image:width\" content=\"1100\" \/>\n\t<meta property=\"og:image:height\" content=\"664\" \/>\n\t<meta property=\"og:image:type\" content=\"image\/jpeg\" \/>\n<meta name=\"author\" content=\"Diario1 Diario1\" \/>\n<meta name=\"twitter:card\" content=\"summary_large_image\" \/>\n<meta name=\"twitter:creator\" content=\"@eltextual\" \/>\n<meta name=\"twitter:site\" content=\"@eltextual\" \/>\n<meta name=\"twitter:label1\" content=\"Escrito por\" \/>\n\t<meta name=\"twitter:data1\" content=\"Diario1 Diario1\" \/>\n\t<meta name=\"twitter:label2\" content=\"Tiempo de lectura\" \/>\n\t<meta name=\"twitter:data2\" content=\"2 minutos\" \/>\n<script type=\"application\/ld+json\" class=\"yoast-schema-graph\">{\"@context\":\"https:\\\/\\\/schema.org\",\"@graph\":[{\"@type\":\"Article\",\"@id\":\"https:\\\/\\\/diariotextual.com\\\/inicio\\\/index.php\\\/2019\\\/07\\\/17\\\/la-municipalidad-denuncia-penalmente-los-ocupantes-los-terrenos\\\/#article\",\"isPartOf\":{\"@id\":\"https:\\\/\\\/diariotextual.com\\\/inicio\\\/index.php\\\/2019\\\/07\\\/17\\\/la-municipalidad-denuncia-penalmente-los-ocupantes-los-terrenos\\\/\"},\"author\":{\"name\":\"Diario1 Diario1\",\"@id\":\"https:\\\/\\\/diariotextual.com\\\/inicio\\\/#\\\/schema\\\/person\\\/418fc4093c33e86ed41562db3508f958\"},\"headline\":\"La municipalidad decidi\u00f3 denunciar penalmente la ocupaci\u00f3n de los terrenos\",\"datePublished\":\"2019-07-17T13:42:41+00:00\",\"dateModified\":\"2019-07-17T23:31:09+00:00\",\"mainEntityOfPage\":{\"@id\":\"https:\\\/\\\/diariotextual.com\\\/inicio\\\/index.php\\\/2019\\\/07\\\/17\\\/la-municipalidad-denuncia-penalmente-los-ocupantes-los-terrenos\\\/\"},\"wordCount\":323,\"publisher\":{\"@id\":\"https:\\\/\\\/diariotextual.com\\\/inicio\\\/#organization\"},\"image\":{\"@id\":\"https:\\\/\\\/diariotextual.com\\\/inicio\\\/index.php\\\/2019\\\/07\\\/17\\\/la-municipalidad-denuncia-penalmente-los-ocupantes-los-terrenos\\\/#primaryimage\"},\"thumbnailUrl\":\"https:\\\/\\\/diariotextual.com\\\/inicio\\\/wp-content\\\/uploads\\\/2019\\\/07\\\/asentamientoelsalitral2019-26.jpg\",\"keywords\":[\"asentamiento\"],\"articleSection\":[\"SOCIEDAD\"],\"inLanguage\":\"es\"},{\"@type\":\"WebPage\",\"@id\":\"https:\\\/\\\/diariotextual.com\\\/inicio\\\/index.php\\\/2019\\\/07\\\/17\\\/la-municipalidad-denuncia-penalmente-los-ocupantes-los-terrenos\\\/\",\"url\":\"https:\\\/\\\/diariotextual.com\\\/inicio\\\/index.php\\\/2019\\\/07\\\/17\\\/la-municipalidad-denuncia-penalmente-los-ocupantes-los-terrenos\\\/\",\"name\":\"La municipalidad decidi\u00f3 denunciar penalmente la ocupaci\u00f3n de los terrenos - Diario Textual\",\"isPartOf\":{\"@id\":\"https:\\\/\\\/diariotextual.com\\\/inicio\\\/#website\"},\"primaryImageOfPage\":{\"@id\":\"https:\\\/\\\/diariotextual.com\\\/inicio\\\/index.php\\\/2019\\\/07\\\/17\\\/la-municipalidad-denuncia-penalmente-los-ocupantes-los-terrenos\\\/#primaryimage\"},\"image\":{\"@id\":\"https:\\\/\\\/diariotextual.com\\\/inicio\\\/index.php\\\/2019\\\/07\\\/17\\\/la-municipalidad-denuncia-penalmente-los-ocupantes-los-terrenos\\\/#primaryimage\"},\"thumbnailUrl\":\"https:\\\/\\\/diariotextual.com\\\/inicio\\\/wp-content\\\/uploads\\\/2019\\\/07\\\/asentamientoelsalitral2019-26.jpg\",\"datePublished\":\"2019-07-17T13:42:41+00:00\",\"dateModified\":\"2019-07-17T23:31:09+00:00\",\"breadcrumb\":{\"@id\":\"https:\\\/\\\/diariotextual.com\\\/inicio\\\/index.php\\\/2019\\\/07\\\/17\\\/la-municipalidad-denuncia-penalmente-los-ocupantes-los-terrenos\\\/#breadcrumb\"},\"inLanguage\":\"es\",\"potentialAction\":[{\"@type\":\"ReadAction\",\"target\":[\"https:\\\/\\\/diariotextual.com\\\/inicio\\\/index.php\\\/2019\\\/07\\\/17\\\/la-municipalidad-denuncia-penalmente-los-ocupantes-los-terrenos\\\/\"]}]},{\"@type\":\"ImageObject\",\"inLanguage\":\"es\",\"@id\":\"https:\\\/\\\/diariotextual.com\\\/inicio\\\/index.php\\\/2019\\\/07\\\/17\\\/la-municipalidad-denuncia-penalmente-los-ocupantes-los-terrenos\\\/#primaryimage\",\"url\":\"https:\\\/\\\/diariotextual.com\\\/inicio\\\/wp-content\\\/uploads\\\/2019\\\/07\\\/asentamientoelsalitral2019-26.jpg\",\"contentUrl\":\"https:\\\/\\\/diariotextual.com\\\/inicio\\\/wp-content\\\/uploads\\\/2019\\\/07\\\/asentamientoelsalitral2019-26.jpg\",\"width\":1100,\"height\":664},{\"@type\":\"BreadcrumbList\",\"@id\":\"https:\\\/\\\/diariotextual.com\\\/inicio\\\/index.php\\\/2019\\\/07\\\/17\\\/la-municipalidad-denuncia-penalmente-los-ocupantes-los-terrenos\\\/#breadcrumb\",\"itemListElement\":[{\"@type\":\"ListItem\",\"position\":1,\"name\":\"Portada\",\"item\":\"https:\\\/\\\/diariotextual.com\\\/inicio\\\/\"},{\"@type\":\"ListItem\",\"position\":2,\"name\":\"La municipalidad decidi\u00f3 denunciar penalmente la ocupaci\u00f3n de los terrenos\"}]},{\"@type\":\"WebSite\",\"@id\":\"https:\\\/\\\/diariotextual.com\\\/inicio\\\/#website\",\"url\":\"https:\\\/\\\/diariotextual.com\\\/inicio\\\/\",\"name\":\"Diario Textual\",\"description\":\"\",\"publisher\":{\"@id\":\"https:\\\/\\\/diariotextual.com\\\/inicio\\\/#organization\"},\"potentialAction\":[{\"@type\":\"SearchAction\",\"target\":{\"@type\":\"EntryPoint\",\"urlTemplate\":\"https:\\\/\\\/diariotextual.com\\\/inicio\\\/?s={search_term_string}\"},\"query-input\":{\"@type\":\"PropertyValueSpecification\",\"valueRequired\":true,\"valueName\":\"search_term_string\"}}],\"inLanguage\":\"es\"},{\"@type\":\"Organization\",\"@id\":\"https:\\\/\\\/diariotextual.com\\\/inicio\\\/#organization\",\"name\":\"Diario Textual\",\"url\":\"https:\\\/\\\/diariotextual.com\\\/inicio\\\/\",\"logo\":{\"@type\":\"ImageObject\",\"inLanguage\":\"es\",\"@id\":\"https:\\\/\\\/diariotextual.com\\\/inicio\\\/#\\\/schema\\\/logo\\\/image\\\/\",\"url\":\"https:\\\/\\\/diariotextual.com\\\/inicio\\\/wp-content\\\/uploads\\\/2023\\\/05\\\/logotextual1.jpg\",\"contentUrl\":\"https:\\\/\\\/diariotextual.com\\\/inicio\\\/wp-content\\\/uploads\\\/2023\\\/05\\\/logotextual1.jpg\",\"width\":516,\"height\":76,\"caption\":\"Diario Textual\"},\"image\":{\"@id\":\"https:\\\/\\\/diariotextual.com\\\/inicio\\\/#\\\/schema\\\/logo\\\/image\\\/\"},\"sameAs\":[\"https:\\\/\\\/www.facebook.com\\\/eltextual\",\"https:\\\/\\\/x.com\\\/eltextual\",\"http:\\\/\\\/www.instagram.com\\\/eltextual\"]},{\"@type\":\"Person\",\"@id\":\"https:\\\/\\\/diariotextual.com\\\/inicio\\\/#\\\/schema\\\/person\\\/418fc4093c33e86ed41562db3508f958\",\"name\":\"Diario1 Diario1\",\"image\":{\"@type\":\"ImageObject\",\"inLanguage\":\"es\",\"@id\":\"https:\\\/\\\/secure.gravatar.com\\\/avatar\\\/9167d280179c85bc18be67aa7eda765854300033af4896dd779b608640f2ef7a?s=96&d=mm&r=g\",\"url\":\"https:\\\/\\\/secure.gravatar.com\\\/avatar\\\/9167d280179c85bc18be67aa7eda765854300033af4896dd779b608640f2ef7a?s=96&d=mm&r=g\",\"contentUrl\":\"https:\\\/\\\/secure.gravatar.com\\\/avatar\\\/9167d280179c85bc18be67aa7eda765854300033af4896dd779b608640f2ef7a?s=96&d=mm&r=g\",\"caption\":\"Diario1 Diario1\"},\"url\":\"https:\\\/\\\/diariotextual.com\\\/inicio\\\/index.php\\\/author\\\/diario1\\\/\"}]}<\/script>\n<!-- \/ Yoast SEO plugin. -->","yoast_head_json":{"title":"La municipalidad decidi\u00f3 denunciar penalmente la ocupaci\u00f3n de los terrenos - Diario Textual","robots":{"index":"index","follow":"follow","max-snippet":"max-snippet:-1","max-image-preview":"max-image-preview:large","max-video-preview":"max-video-preview:-1"},"canonical":"https:\/\/diariotextual.com\/inicio\/index.php\/2019\/07\/17\/la-municipalidad-denuncia-penalmente-los-ocupantes-los-terrenos\/","og_locale":"es_ES","og_type":"article","og_title":"La municipalidad decidi\u00f3 denunciar penalmente la ocupaci\u00f3n de los terrenos - Diario Textual","og_description":"La municipalidad de Santa Rosa finalmente decidi\u00f3 ir a la Justicia y denunciar penalmente la ocupaci\u00f3n que est\u00e1n realizando unas 270 familias\u00a0en dos sectores de la ciudad capital, informaron fuentes&hellip;","og_url":"https:\/\/diariotextual.com\/inicio\/index.php\/2019\/07\/17\/la-municipalidad-denuncia-penalmente-los-ocupantes-los-terrenos\/","og_site_name":"Diario Textual","article_publisher":"https:\/\/www.facebook.com\/eltextual","article_published_time":"2019-07-17T13:42:41+00:00","article_modified_time":"2019-07-17T23:31:09+00:00","og_image":[{"width":1100,"height":664,"url":"https:\/\/diariotextual.com\/inicio\/wp-content\/uploads\/2019\/07\/asentamientoelsalitral2019-26.jpg","type":"image\/jpeg"}],"author":"Diario1 Diario1","twitter_card":"summary_large_image","twitter_creator":"@eltextual","twitter_site":"@eltextual","twitter_misc":{"Escrito por":"Diario1 Diario1","Tiempo de lectura":"2 minutos"},"schema":{"@context":"https:\/\/schema.org","@graph":[{"@type":"Article","@id":"https:\/\/diariotextual.com\/inicio\/index.php\/2019\/07\/17\/la-municipalidad-denuncia-penalmente-los-ocupantes-los-terrenos\/#article","isPartOf":{"@id":"https:\/\/diariotextual.com\/inicio\/index.php\/2019\/07\/17\/la-municipalidad-denuncia-penalmente-los-ocupantes-los-terrenos\/"},"author":{"name":"Diario1 Diario1","@id":"https:\/\/diariotextual.com\/inicio\/#\/schema\/person\/418fc4093c33e86ed41562db3508f958"},"headline":"La municipalidad decidi\u00f3 denunciar penalmente la ocupaci\u00f3n de los terrenos","datePublished":"2019-07-17T13:42:41+00:00","dateModified":"2019-07-17T23:31:09+00:00","mainEntityOfPage":{"@id":"https:\/\/diariotextual.com\/inicio\/index.php\/2019\/07\/17\/la-municipalidad-denuncia-penalmente-los-ocupantes-los-terrenos\/"},"wordCount":323,"publisher":{"@id":"https:\/\/diariotextual.com\/inicio\/#organization"},"image":{"@id":"https:\/\/diariotextual.com\/inicio\/index.php\/2019\/07\/17\/la-municipalidad-denuncia-penalmente-los-ocupantes-los-terrenos\/#primaryimage"},"thumbnailUrl":"https:\/\/diariotextual.com\/inicio\/wp-content\/uploads\/2019\/07\/asentamientoelsalitral2019-26.jpg","keywords":["asentamiento"],"articleSection":["SOCIEDAD"],"inLanguage":"es"},{"@type":"WebPage","@id":"https:\/\/diariotextual.com\/inicio\/index.php\/2019\/07\/17\/la-municipalidad-denuncia-penalmente-los-ocupantes-los-terrenos\/","url":"https:\/\/diariotextual.com\/inicio\/index.php\/2019\/07\/17\/la-municipalidad-denuncia-penalmente-los-ocupantes-los-terrenos\/","name":"La municipalidad decidi\u00f3 denunciar penalmente la ocupaci\u00f3n de los terrenos - Diario Textual","isPartOf":{"@id":"https:\/\/diariotextual.com\/inicio\/#website"},"primaryImageOfPage":{"@id":"https:\/\/diariotextual.com\/inicio\/index.php\/2019\/07\/17\/la-municipalidad-denuncia-penalmente-los-ocupantes-los-terrenos\/#primaryimage"},"image":{"@id":"https:\/\/diariotextual.com\/inicio\/index.php\/2019\/07\/17\/la-municipalidad-denuncia-penalmente-los-ocupantes-los-terrenos\/#primaryimage"},"thumbnailUrl":"https:\/\/diariotextual.com\/inicio\/wp-content\/uploads\/2019\/07\/asentamientoelsalitral2019-26.jpg","datePublished":"2019-07-17T13:42:41+00:00","dateModified":"2019-07-17T23:31:09+00:00","breadcrumb":{"@id":"https:\/\/diariotextual.com\/inicio\/index.php\/2019\/07\/17\/la-municipalidad-denuncia-penalmente-los-ocupantes-los-terrenos\/#breadcrumb"},"inLanguage":"es","potentialAction":[{"@type":"ReadAction","target":["https:\/\/diariotextual.com\/inicio\/index.php\/2019\/07\/17\/la-municipalidad-denuncia-penalmente-los-ocupantes-los-terrenos\/"]}]},{"@type":"ImageObject","inLanguage":"es","@id":"https:\/\/diariotextual.com\/inicio\/index.php\/2019\/07\/17\/la-municipalidad-denuncia-penalmente-los-ocupantes-los-terrenos\/#primaryimage","url":"https:\/\/diariotextual.com\/inicio\/wp-content\/uploads\/2019\/07\/asentamientoelsalitral2019-26.jpg","contentUrl":"https:\/\/diariotextual.com\/inicio\/wp-content\/uploads\/2019\/07\/asentamientoelsalitral2019-26.jpg","width":1100,"height":664},{"@type":"BreadcrumbList","@id":"https:\/\/diariotextual.com\/inicio\/index.php\/2019\/07\/17\/la-municipalidad-denuncia-penalmente-los-ocupantes-los-terrenos\/#breadcrumb","itemListElement":[{"@type":"ListItem","position":1,"name":"Portada","item":"https:\/\/diariotextual.com\/inicio\/"},{"@type":"ListItem","position":2,"name":"La municipalidad decidi\u00f3 denunciar penalmente la ocupaci\u00f3n de los terrenos"}]},{"@type":"WebSite","@id":"https:\/\/diariotextual.com\/inicio\/#website","url":"https:\/\/diariotextual.com\/inicio\/","name":"Diario Textual","description":"","publisher":{"@id":"https:\/\/diariotextual.com\/inicio\/#organization"},"potentialAction":[{"@type":"SearchAction","target":{"@type":"EntryPoint","urlTemplate":"https:\/\/diariotextual.com\/inicio\/?s={search_term_string}"},"query-input":{"@type":"PropertyValueSpecification","valueRequired":true,"valueName":"search_term_string"}}],"inLanguage":"es"},{"@type":"Organization","@id":"https:\/\/diariotextual.com\/inicio\/#organization","name":"Diario Textual","url":"https:\/\/diariotextual.com\/inicio\/","logo":{"@type":"ImageObject","inLanguage":"es","@id":"https:\/\/diariotextual.com\/inicio\/#\/schema\/logo\/image\/","url":"https:\/\/diariotextual.com\/inicio\/wp-content\/uploads\/2023\/05\/logotextual1.jpg","contentUrl":"https:\/\/diariotextual.com\/inicio\/wp-content\/uploads\/2023\/05\/logotextual1.jpg","width":516,"height":76,"caption":"Diario Textual"},"image":{"@id":"https:\/\/diariotextual.com\/inicio\/#\/schema\/logo\/image\/"},"sameAs":["https:\/\/www.facebook.com\/eltextual","https:\/\/x.com\/eltextual","http:\/\/www.instagram.com\/eltextual"]},{"@type":"Person","@id":"https:\/\/diariotextual.com\/inicio\/#\/schema\/person\/418fc4093c33e86ed41562db3508f958","name":"Diario1 Diario1","image":{"@type":"ImageObject","inLanguage":"es","@id":"https:\/\/secure.gravatar.com\/avatar\/9167d280179c85bc18be67aa7eda765854300033af4896dd779b608640f2ef7a?s=96&d=mm&r=g","url":"https:\/\/secure.gravatar.com\/avatar\/9167d280179c85bc18be67aa7eda765854300033af4896dd779b608640f2ef7a?s=96&d=mm&r=g","contentUrl":"https:\/\/secure.gravatar.com\/avatar\/9167d280179c85bc18be67aa7eda765854300033af4896dd779b608640f2ef7a?s=96&d=mm&r=g","caption":"Diario1 Diario1"},"url":"https:\/\/diariotextual.com\/inicio\/index.php\/author\/diario1\/"}]}},"_links":{"self":[{"href":"https:\/\/diariotextual.com\/inicio\/index.php\/wp-json\/wp\/v2\/posts\/56185","targetHints":{"allow":["GET"]}}],"collection":[{"href":"https:\/\/diariotextual.com\/inicio\/index.php\/wp-json\/wp\/v2\/posts"}],"about":[{"href":"https:\/\/diariotextual.com\/inicio\/index.php\/wp-json\/wp\/v2\/types\/post"}],"author":[{"embeddable":true,"href":"https:\/\/diariotextual.com\/inicio\/index.php\/wp-json\/wp\/v2\/users\/3"}],"replies":[{"embeddable":true,"href":"https:\/\/diariotextual.com\/inicio\/index.php\/wp-json\/wp\/v2\/comments?post=56185"}],"version-history":[{"count":12,"href":"https:\/\/diariotextual.com\/inicio\/index.php\/wp-json\/wp\/v2\/posts\/56185\/revisions"}],"predecessor-version":[{"id":56252,"href":"https:\/\/diariotextual.com\/inicio\/index.php\/wp-json\/wp\/v2\/posts\/56185\/revisions\/56252"}],"wp:featuredmedia":[{"embeddable":true,"href":"https:\/\/diariotextual.com\/inicio\/index.php\/wp-json\/wp\/v2\/media\/56018"}],"wp:attachment":[{"href":"https:\/\/diariotextual.com\/inicio\/index.php\/wp-json\/wp\/v2\/media?parent=56185"}],"wp:term":[{"taxonomy":"category","embeddable":true,"href":"https:\/\/diariotextual.com\/inicio\/index.php\/wp-json\/wp\/v2\/categories?post=56185"},{"taxonomy":"post_tag","embeddable":true,"href":"https:\/\/diariotextual.com\/inicio\/index.php\/wp-json\/wp\/v2\/tags?post=56185"}],"curies":[{"name":"wp","href":"https:\/\/api.w.org\/{rel}","templated":true}]}}