{"id":56221,"date":"2019-07-17T12:22:57","date_gmt":"2019-07-17T15:22:57","guid":{"rendered":"http:\/\/diariotextual.com\/inicio\/?p=56221"},"modified":"2019-07-17T14:06:10","modified_gmt":"2019-07-17T17:06:10","slug":"ya-130-familias-ocupando-nuevo-asentamiento","status":"publish","type":"post","link":"https:\/\/diariotextual.com\/inicio\/index.php\/2019\/07\/17\/ya-130-familias-ocupando-nuevo-asentamiento\/","title":{"rendered":"Ya hay 130 familias ocupando el asentamiento del Santa Mar\u00eda de la Pampa"},"content":{"rendered":"<p>Unas<strong> 130\u00a0 familias santarrose\u00f1as<\/strong> ya se encuentran ocupando este mi\u00e9rcoles al mediod\u00eda el nuevo asentamiento lindante al barrio Santa Mar\u00eda de La Pampa, seg\u00fan un relevamiento propio de los ocupantes. Hasta ayer hab\u00eda 65 familias.<\/p>\n<p>&nbsp;<\/p>\n<p><img fetchpriority=\"high\" decoding=\"async\" class=\"alignnone wp-image-56130\" src=\"http:\/\/diariotextual.com\/inicio\/wp-content\/uploads\/2019\/07\/asentamientosantamariadelapampa32781.jpg\" alt=\"\" width=\"565\" height=\"334\" srcset=\"https:\/\/diariotextual.com\/inicio\/wp-content\/uploads\/2019\/07\/asentamientosantamariadelapampa32781.jpg 827w, https:\/\/diariotextual.com\/inicio\/wp-content\/uploads\/2019\/07\/asentamientosantamariadelapampa32781-300x178.jpg 300w, https:\/\/diariotextual.com\/inicio\/wp-content\/uploads\/2019\/07\/asentamientosantamariadelapampa32781-768x455.jpg 768w, https:\/\/diariotextual.com\/inicio\/wp-content\/uploads\/2019\/07\/asentamientosantamariadelapampa32781-585x347.jpg 585w\" sizes=\"(max-width: 565px) 100vw, 565px\" \/><\/p>\n<p>&nbsp;<\/p>\n<p>Este asentamiento, ubicado al noreste de la ciudad, se sum\u00f3 al llamado Nuevo Salitral. Aqu\u00ed hay unas 140 familias, a metros de la laguna Don Tom\u00e1s.<\/p>\n<p>Adem\u00e1s hoy<a href=\"http:\/\/diariotextual.com\/inicio\/index.php\/2019\/07\/17\/urgente-intentaron-sin-exito-tomar-terrenos-villa-germinal\/\" target=\"_blank\" rel=\"noopener\"><strong> hubo otro intento de toma<\/strong><\/a>: ocurri\u00f3 en la calle Farinatti, en el barrio de Villa Germinal.<\/p>\n<blockquote class=\"wp-embedded-content\" data-secret=\"wghgc58gIN\"><p><a href=\"http:\/\/diariotextual.com\/inicio\/index.php\/2019\/07\/17\/urgente-intentaron-sin-exito-tomar-terrenos-villa-germinal\/\">Ahora intentaron, sin \u00e9xito, tomar terrenos en Villa Germinal<\/a><\/p><\/blockquote>\n<p><iframe class=\"wp-embedded-content\" sandbox=\"allow-scripts\" security=\"restricted\" style=\"position: absolute; clip: rect(1px, 1px, 1px, 1px);\" src=\"http:\/\/diariotextual.com\/inicio\/index.php\/2019\/07\/17\/urgente-intentaron-sin-exito-tomar-terrenos-villa-germinal\/embed\/#?secret=wghgc58gIN\" data-secret=\"wghgc58gIN\" width=\"600\" height=\"338\" title=\"&#171;Ahora intentaron, sin \u00e9xito, tomar terrenos en Villa Germinal&#187; &#8212; Diario Textual\" frameborder=\"0\" marginwidth=\"0\" marginheight=\"0\" scrolling=\"no\"><\/iframe><\/p>\n<p>La municipalidad\u00a0<strong>finalmente decidi\u00f3 ir a la Justicia y denunciar penalmente la situaci\u00f3n de unas 270 familias<\/strong>\u00a0que han tomado terrenos en dos sectores de la ciudad capital, informaron fuentes oficiales a\u00a0<strong>Diario Textual<\/strong>. La presentaci\u00f3n se har\u00eda en las pr\u00f3ximas horas o el jueves.<\/p>\n<p>La intendencia de Leandro Altolaguirre -al igual que el Estado provincial-\u00a0<strong>a\u00fan no ha abordado esta grave problem\u00e1tica social y habitacional, pero decidi\u00f3 avanzar ante la Justicia.<\/strong>\u00a0La decisi\u00f3n se aceler\u00f3 en las \u00faltimas horas, luego de que un grupo decidiera tomar unas 10 hect\u00e1reas de la municipalidad que est\u00e1n ubicadas detr\u00e1s del barrio Santa Mar\u00eda de la Pampa.<strong>\u00a0<\/strong><\/p>\n<p>&nbsp;<\/p>\n<blockquote class=\"wp-embedded-content\" data-secret=\"L2VZzrQrnC\"><p><a href=\"http:\/\/diariotextual.com\/inicio\/index.php\/2019\/07\/17\/tapera-avendano-pidio-la-intendencia-la-provincia-intervengan-dialoguen-los-ocupantes\/\">\u201cTapera\u201d Avenda\u00f1o pidi\u00f3 que la intendencia y la Provincia intervengan y dialoguen con los ocupantes<\/a><\/p><\/blockquote>\n<p><iframe class=\"wp-embedded-content\" sandbox=\"allow-scripts\" security=\"restricted\" style=\"position: absolute; clip: rect(1px, 1px, 1px, 1px);\" src=\"http:\/\/diariotextual.com\/inicio\/index.php\/2019\/07\/17\/tapera-avendano-pidio-la-intendencia-la-provincia-intervengan-dialoguen-los-ocupantes\/embed\/#?secret=L2VZzrQrnC\" data-secret=\"L2VZzrQrnC\" width=\"600\" height=\"338\" title=\"&#171;\u201cTapera\u201d Avenda\u00f1o pidi\u00f3 que la intendencia y la Provincia intervengan y dialoguen con los ocupantes&#187; &#8212; Diario Textual\" frameborder=\"0\" marginwidth=\"0\" marginheight=\"0\" scrolling=\"no\"><\/iframe><\/p>\n<p>&nbsp;<\/p>\n<blockquote class=\"wp-embedded-content\" data-secret=\"JLVqAxzWQ7\"><p><a href=\"http:\/\/diariotextual.com\/inicio\/index.php\/2019\/07\/17\/la-municipalidad-denuncia-penalmente-los-ocupantes-los-terrenos\/\">La municipalidad denuncia penalmente a los ocupantes de los terrenos<\/a><\/p><\/blockquote>\n<p><iframe class=\"wp-embedded-content\" sandbox=\"allow-scripts\" security=\"restricted\" style=\"position: absolute; clip: rect(1px, 1px, 1px, 1px);\" src=\"http:\/\/diariotextual.com\/inicio\/index.php\/2019\/07\/17\/la-municipalidad-denuncia-penalmente-los-ocupantes-los-terrenos\/embed\/#?secret=JLVqAxzWQ7\" data-secret=\"JLVqAxzWQ7\" width=\"600\" height=\"338\" title=\"&#171;La municipalidad denuncia penalmente a los ocupantes de los terrenos&#187; &#8212; Diario Textual\" frameborder=\"0\" marginwidth=\"0\" marginheight=\"0\" scrolling=\"no\"><\/iframe><\/p>\n<p>&nbsp;<\/p>\n","protected":false},"excerpt":{"rendered":"<p>Unas 130\u00a0 familias santarrose\u00f1as ya se encuentran ocupando este mi\u00e9rcoles al mediod\u00eda el nuevo asentamiento lindante al barrio Santa Mar\u00eda de La Pampa, seg\u00fan un relevamiento propio de los ocupantes.&hellip;<\/p>\n","protected":false},"author":4,"featured_media":56239,"comment_status":"closed","ping_status":"open","sticky":false,"template":"","format":"standard","meta":{"_acf_changed":false,"footnotes":""},"categories":[9,12],"tags":[],"class_list":["post-56221","post","type-post","status-publish","format-standard","has-post-thumbnail","hentry","category-portada","category-sociedad"],"acf":[],"yoast_head":"<!-- This site is optimized with the Yoast SEO plugin v27.4 - https:\/\/yoast.com\/product\/yoast-seo-wordpress\/ -->\n<title>Ya hay 130 familias ocupando el asentamiento del Santa Mar\u00eda de la Pampa - Diario Textual<\/title>\n<meta name=\"robots\" content=\"index, follow, max-snippet:-1, max-image-preview:large, max-video-preview:-1\" \/>\n<link rel=\"canonical\" href=\"https:\/\/diariotextual.com\/inicio\/index.php\/2019\/07\/17\/ya-130-familias-ocupando-nuevo-asentamiento\/\" \/>\n<meta property=\"og:locale\" content=\"es_ES\" \/>\n<meta property=\"og:type\" content=\"article\" \/>\n<meta property=\"og:title\" content=\"Ya hay 130 familias ocupando el asentamiento del Santa Mar\u00eda de la Pampa - Diario Textual\" \/>\n<meta property=\"og:description\" content=\"Unas 130\u00a0 familias santarrose\u00f1as ya se encuentran ocupando este mi\u00e9rcoles al mediod\u00eda el nuevo asentamiento lindante al barrio Santa Mar\u00eda de La Pampa, seg\u00fan un relevamiento propio de los ocupantes.&hellip;\" \/>\n<meta property=\"og:url\" content=\"https:\/\/diariotextual.com\/inicio\/index.php\/2019\/07\/17\/ya-130-familias-ocupando-nuevo-asentamiento\/\" \/>\n<meta property=\"og:site_name\" content=\"Diario Textual\" \/>\n<meta property=\"article:publisher\" content=\"https:\/\/www.facebook.com\/eltextual\" \/>\n<meta property=\"article:published_time\" content=\"2019-07-17T15:22:57+00:00\" \/>\n<meta property=\"article:modified_time\" content=\"2019-07-17T17:06:10+00:00\" \/>\n<meta property=\"og:image\" content=\"https:\/\/diariotextual.com\/inicio\/wp-content\/uploads\/2019\/07\/asentamientosantamaria2019-12.jpg\" \/>\n\t<meta property=\"og:image:width\" content=\"1100\" \/>\n\t<meta property=\"og:image:height\" content=\"668\" \/>\n\t<meta property=\"og:image:type\" content=\"image\/jpeg\" \/>\n<meta name=\"author\" content=\"diario2\" \/>\n<meta name=\"twitter:card\" content=\"summary_large_image\" \/>\n<meta name=\"twitter:creator\" content=\"@eltextual\" \/>\n<meta name=\"twitter:site\" content=\"@eltextual\" \/>\n<meta name=\"twitter:label1\" content=\"Escrito por\" \/>\n\t<meta name=\"twitter:data1\" content=\"diario2\" \/>\n\t<meta name=\"twitter:label2\" content=\"Tiempo de lectura\" \/>\n\t<meta name=\"twitter:data2\" content=\"1 minuto\" \/>\n<script type=\"application\/ld+json\" class=\"yoast-schema-graph\">{\"@context\":\"https:\\\/\\\/schema.org\",\"@graph\":[{\"@type\":\"Article\",\"@id\":\"https:\\\/\\\/diariotextual.com\\\/inicio\\\/index.php\\\/2019\\\/07\\\/17\\\/ya-130-familias-ocupando-nuevo-asentamiento\\\/#article\",\"isPartOf\":{\"@id\":\"https:\\\/\\\/diariotextual.com\\\/inicio\\\/index.php\\\/2019\\\/07\\\/17\\\/ya-130-familias-ocupando-nuevo-asentamiento\\\/\"},\"author\":{\"name\":\"diario2\",\"@id\":\"https:\\\/\\\/diariotextual.com\\\/inicio\\\/#\\\/schema\\\/person\\\/694f60677f23c4a530867a98f22b3768\"},\"headline\":\"Ya hay 130 familias ocupando el asentamiento del Santa Mar\u00eda de la Pampa\",\"datePublished\":\"2019-07-17T15:22:57+00:00\",\"dateModified\":\"2019-07-17T17:06:10+00:00\",\"mainEntityOfPage\":{\"@id\":\"https:\\\/\\\/diariotextual.com\\\/inicio\\\/index.php\\\/2019\\\/07\\\/17\\\/ya-130-familias-ocupando-nuevo-asentamiento\\\/\"},\"wordCount\":236,\"publisher\":{\"@id\":\"https:\\\/\\\/diariotextual.com\\\/inicio\\\/#organization\"},\"image\":{\"@id\":\"https:\\\/\\\/diariotextual.com\\\/inicio\\\/index.php\\\/2019\\\/07\\\/17\\\/ya-130-familias-ocupando-nuevo-asentamiento\\\/#primaryimage\"},\"thumbnailUrl\":\"https:\\\/\\\/diariotextual.com\\\/inicio\\\/wp-content\\\/uploads\\\/2019\\\/07\\\/asentamientosantamaria2019-12.jpg\",\"articleSection\":[\"A - PORTADA\",\"SOCIEDAD\"],\"inLanguage\":\"es\"},{\"@type\":\"WebPage\",\"@id\":\"https:\\\/\\\/diariotextual.com\\\/inicio\\\/index.php\\\/2019\\\/07\\\/17\\\/ya-130-familias-ocupando-nuevo-asentamiento\\\/\",\"url\":\"https:\\\/\\\/diariotextual.com\\\/inicio\\\/index.php\\\/2019\\\/07\\\/17\\\/ya-130-familias-ocupando-nuevo-asentamiento\\\/\",\"name\":\"Ya hay 130 familias ocupando el asentamiento del Santa Mar\u00eda de la Pampa - Diario Textual\",\"isPartOf\":{\"@id\":\"https:\\\/\\\/diariotextual.com\\\/inicio\\\/#website\"},\"primaryImageOfPage\":{\"@id\":\"https:\\\/\\\/diariotextual.com\\\/inicio\\\/index.php\\\/2019\\\/07\\\/17\\\/ya-130-familias-ocupando-nuevo-asentamiento\\\/#primaryimage\"},\"image\":{\"@id\":\"https:\\\/\\\/diariotextual.com\\\/inicio\\\/index.php\\\/2019\\\/07\\\/17\\\/ya-130-familias-ocupando-nuevo-asentamiento\\\/#primaryimage\"},\"thumbnailUrl\":\"https:\\\/\\\/diariotextual.com\\\/inicio\\\/wp-content\\\/uploads\\\/2019\\\/07\\\/asentamientosantamaria2019-12.jpg\",\"datePublished\":\"2019-07-17T15:22:57+00:00\",\"dateModified\":\"2019-07-17T17:06:10+00:00\",\"breadcrumb\":{\"@id\":\"https:\\\/\\\/diariotextual.com\\\/inicio\\\/index.php\\\/2019\\\/07\\\/17\\\/ya-130-familias-ocupando-nuevo-asentamiento\\\/#breadcrumb\"},\"inLanguage\":\"es\",\"potentialAction\":[{\"@type\":\"ReadAction\",\"target\":[\"https:\\\/\\\/diariotextual.com\\\/inicio\\\/index.php\\\/2019\\\/07\\\/17\\\/ya-130-familias-ocupando-nuevo-asentamiento\\\/\"]}]},{\"@type\":\"ImageObject\",\"inLanguage\":\"es\",\"@id\":\"https:\\\/\\\/diariotextual.com\\\/inicio\\\/index.php\\\/2019\\\/07\\\/17\\\/ya-130-familias-ocupando-nuevo-asentamiento\\\/#primaryimage\",\"url\":\"https:\\\/\\\/diariotextual.com\\\/inicio\\\/wp-content\\\/uploads\\\/2019\\\/07\\\/asentamientosantamaria2019-12.jpg\",\"contentUrl\":\"https:\\\/\\\/diariotextual.com\\\/inicio\\\/wp-content\\\/uploads\\\/2019\\\/07\\\/asentamientosantamaria2019-12.jpg\",\"width\":1100,\"height\":668},{\"@type\":\"BreadcrumbList\",\"@id\":\"https:\\\/\\\/diariotextual.com\\\/inicio\\\/index.php\\\/2019\\\/07\\\/17\\\/ya-130-familias-ocupando-nuevo-asentamiento\\\/#breadcrumb\",\"itemListElement\":[{\"@type\":\"ListItem\",\"position\":1,\"name\":\"Portada\",\"item\":\"https:\\\/\\\/diariotextual.com\\\/inicio\\\/\"},{\"@type\":\"ListItem\",\"position\":2,\"name\":\"Ya hay 130 familias ocupando el asentamiento del Santa Mar\u00eda de la Pampa\"}]},{\"@type\":\"WebSite\",\"@id\":\"https:\\\/\\\/diariotextual.com\\\/inicio\\\/#website\",\"url\":\"https:\\\/\\\/diariotextual.com\\\/inicio\\\/\",\"name\":\"Diario Textual\",\"description\":\"\",\"publisher\":{\"@id\":\"https:\\\/\\\/diariotextual.com\\\/inicio\\\/#organization\"},\"potentialAction\":[{\"@type\":\"SearchAction\",\"target\":{\"@type\":\"EntryPoint\",\"urlTemplate\":\"https:\\\/\\\/diariotextual.com\\\/inicio\\\/?s={search_term_string}\"},\"query-input\":{\"@type\":\"PropertyValueSpecification\",\"valueRequired\":true,\"valueName\":\"search_term_string\"}}],\"inLanguage\":\"es\"},{\"@type\":\"Organization\",\"@id\":\"https:\\\/\\\/diariotextual.com\\\/inicio\\\/#organization\",\"name\":\"Diario Textual\",\"url\":\"https:\\\/\\\/diariotextual.com\\\/inicio\\\/\",\"logo\":{\"@type\":\"ImageObject\",\"inLanguage\":\"es\",\"@id\":\"https:\\\/\\\/diariotextual.com\\\/inicio\\\/#\\\/schema\\\/logo\\\/image\\\/\",\"url\":\"https:\\\/\\\/diariotextual.com\\\/inicio\\\/wp-content\\\/uploads\\\/2023\\\/05\\\/logotextual1.jpg\",\"contentUrl\":\"https:\\\/\\\/diariotextual.com\\\/inicio\\\/wp-content\\\/uploads\\\/2023\\\/05\\\/logotextual1.jpg\",\"width\":516,\"height\":76,\"caption\":\"Diario Textual\"},\"image\":{\"@id\":\"https:\\\/\\\/diariotextual.com\\\/inicio\\\/#\\\/schema\\\/logo\\\/image\\\/\"},\"sameAs\":[\"https:\\\/\\\/www.facebook.com\\\/eltextual\",\"https:\\\/\\\/x.com\\\/eltextual\",\"http:\\\/\\\/www.instagram.com\\\/eltextual\"]},{\"@type\":\"Person\",\"@id\":\"https:\\\/\\\/diariotextual.com\\\/inicio\\\/#\\\/schema\\\/person\\\/694f60677f23c4a530867a98f22b3768\",\"name\":\"diario2\",\"image\":{\"@type\":\"ImageObject\",\"inLanguage\":\"es\",\"@id\":\"https:\\\/\\\/secure.gravatar.com\\\/avatar\\\/5a2567495ba16b852fcd8f1ed006a2e24fcace936018ed8237e95f488ad6e0a7?s=96&d=mm&r=g\",\"url\":\"https:\\\/\\\/secure.gravatar.com\\\/avatar\\\/5a2567495ba16b852fcd8f1ed006a2e24fcace936018ed8237e95f488ad6e0a7?s=96&d=mm&r=g\",\"contentUrl\":\"https:\\\/\\\/secure.gravatar.com\\\/avatar\\\/5a2567495ba16b852fcd8f1ed006a2e24fcace936018ed8237e95f488ad6e0a7?s=96&d=mm&r=g\",\"caption\":\"diario2\"},\"url\":\"https:\\\/\\\/diariotextual.com\\\/inicio\\\/index.php\\\/author\\\/diario2\\\/\"}]}<\/script>\n<!-- \/ Yoast SEO plugin. -->","yoast_head_json":{"title":"Ya hay 130 familias ocupando el asentamiento del Santa Mar\u00eda de la Pampa - Diario Textual","robots":{"index":"index","follow":"follow","max-snippet":"max-snippet:-1","max-image-preview":"max-image-preview:large","max-video-preview":"max-video-preview:-1"},"canonical":"https:\/\/diariotextual.com\/inicio\/index.php\/2019\/07\/17\/ya-130-familias-ocupando-nuevo-asentamiento\/","og_locale":"es_ES","og_type":"article","og_title":"Ya hay 130 familias ocupando el asentamiento del Santa Mar\u00eda de la Pampa - Diario Textual","og_description":"Unas 130\u00a0 familias santarrose\u00f1as ya se encuentran ocupando este mi\u00e9rcoles al mediod\u00eda el nuevo asentamiento lindante al barrio Santa Mar\u00eda de La Pampa, seg\u00fan un relevamiento propio de los ocupantes.&hellip;","og_url":"https:\/\/diariotextual.com\/inicio\/index.php\/2019\/07\/17\/ya-130-familias-ocupando-nuevo-asentamiento\/","og_site_name":"Diario Textual","article_publisher":"https:\/\/www.facebook.com\/eltextual","article_published_time":"2019-07-17T15:22:57+00:00","article_modified_time":"2019-07-17T17:06:10+00:00","og_image":[{"width":1100,"height":668,"url":"https:\/\/diariotextual.com\/inicio\/wp-content\/uploads\/2019\/07\/asentamientosantamaria2019-12.jpg","type":"image\/jpeg"}],"author":"diario2","twitter_card":"summary_large_image","twitter_creator":"@eltextual","twitter_site":"@eltextual","twitter_misc":{"Escrito por":"diario2","Tiempo de lectura":"1 minuto"},"schema":{"@context":"https:\/\/schema.org","@graph":[{"@type":"Article","@id":"https:\/\/diariotextual.com\/inicio\/index.php\/2019\/07\/17\/ya-130-familias-ocupando-nuevo-asentamiento\/#article","isPartOf":{"@id":"https:\/\/diariotextual.com\/inicio\/index.php\/2019\/07\/17\/ya-130-familias-ocupando-nuevo-asentamiento\/"},"author":{"name":"diario2","@id":"https:\/\/diariotextual.com\/inicio\/#\/schema\/person\/694f60677f23c4a530867a98f22b3768"},"headline":"Ya hay 130 familias ocupando el asentamiento del Santa Mar\u00eda de la Pampa","datePublished":"2019-07-17T15:22:57+00:00","dateModified":"2019-07-17T17:06:10+00:00","mainEntityOfPage":{"@id":"https:\/\/diariotextual.com\/inicio\/index.php\/2019\/07\/17\/ya-130-familias-ocupando-nuevo-asentamiento\/"},"wordCount":236,"publisher":{"@id":"https:\/\/diariotextual.com\/inicio\/#organization"},"image":{"@id":"https:\/\/diariotextual.com\/inicio\/index.php\/2019\/07\/17\/ya-130-familias-ocupando-nuevo-asentamiento\/#primaryimage"},"thumbnailUrl":"https:\/\/diariotextual.com\/inicio\/wp-content\/uploads\/2019\/07\/asentamientosantamaria2019-12.jpg","articleSection":["A - PORTADA","SOCIEDAD"],"inLanguage":"es"},{"@type":"WebPage","@id":"https:\/\/diariotextual.com\/inicio\/index.php\/2019\/07\/17\/ya-130-familias-ocupando-nuevo-asentamiento\/","url":"https:\/\/diariotextual.com\/inicio\/index.php\/2019\/07\/17\/ya-130-familias-ocupando-nuevo-asentamiento\/","name":"Ya hay 130 familias ocupando el asentamiento del Santa Mar\u00eda de la Pampa - Diario Textual","isPartOf":{"@id":"https:\/\/diariotextual.com\/inicio\/#website"},"primaryImageOfPage":{"@id":"https:\/\/diariotextual.com\/inicio\/index.php\/2019\/07\/17\/ya-130-familias-ocupando-nuevo-asentamiento\/#primaryimage"},"image":{"@id":"https:\/\/diariotextual.com\/inicio\/index.php\/2019\/07\/17\/ya-130-familias-ocupando-nuevo-asentamiento\/#primaryimage"},"thumbnailUrl":"https:\/\/diariotextual.com\/inicio\/wp-content\/uploads\/2019\/07\/asentamientosantamaria2019-12.jpg","datePublished":"2019-07-17T15:22:57+00:00","dateModified":"2019-07-17T17:06:10+00:00","breadcrumb":{"@id":"https:\/\/diariotextual.com\/inicio\/index.php\/2019\/07\/17\/ya-130-familias-ocupando-nuevo-asentamiento\/#breadcrumb"},"inLanguage":"es","potentialAction":[{"@type":"ReadAction","target":["https:\/\/diariotextual.com\/inicio\/index.php\/2019\/07\/17\/ya-130-familias-ocupando-nuevo-asentamiento\/"]}]},{"@type":"ImageObject","inLanguage":"es","@id":"https:\/\/diariotextual.com\/inicio\/index.php\/2019\/07\/17\/ya-130-familias-ocupando-nuevo-asentamiento\/#primaryimage","url":"https:\/\/diariotextual.com\/inicio\/wp-content\/uploads\/2019\/07\/asentamientosantamaria2019-12.jpg","contentUrl":"https:\/\/diariotextual.com\/inicio\/wp-content\/uploads\/2019\/07\/asentamientosantamaria2019-12.jpg","width":1100,"height":668},{"@type":"BreadcrumbList","@id":"https:\/\/diariotextual.com\/inicio\/index.php\/2019\/07\/17\/ya-130-familias-ocupando-nuevo-asentamiento\/#breadcrumb","itemListElement":[{"@type":"ListItem","position":1,"name":"Portada","item":"https:\/\/diariotextual.com\/inicio\/"},{"@type":"ListItem","position":2,"name":"Ya hay 130 familias ocupando el asentamiento del Santa Mar\u00eda de la Pampa"}]},{"@type":"WebSite","@id":"https:\/\/diariotextual.com\/inicio\/#website","url":"https:\/\/diariotextual.com\/inicio\/","name":"Diario Textual","description":"","publisher":{"@id":"https:\/\/diariotextual.com\/inicio\/#organization"},"potentialAction":[{"@type":"SearchAction","target":{"@type":"EntryPoint","urlTemplate":"https:\/\/diariotextual.com\/inicio\/?s={search_term_string}"},"query-input":{"@type":"PropertyValueSpecification","valueRequired":true,"valueName":"search_term_string"}}],"inLanguage":"es"},{"@type":"Organization","@id":"https:\/\/diariotextual.com\/inicio\/#organization","name":"Diario Textual","url":"https:\/\/diariotextual.com\/inicio\/","logo":{"@type":"ImageObject","inLanguage":"es","@id":"https:\/\/diariotextual.com\/inicio\/#\/schema\/logo\/image\/","url":"https:\/\/diariotextual.com\/inicio\/wp-content\/uploads\/2023\/05\/logotextual1.jpg","contentUrl":"https:\/\/diariotextual.com\/inicio\/wp-content\/uploads\/2023\/05\/logotextual1.jpg","width":516,"height":76,"caption":"Diario Textual"},"image":{"@id":"https:\/\/diariotextual.com\/inicio\/#\/schema\/logo\/image\/"},"sameAs":["https:\/\/www.facebook.com\/eltextual","https:\/\/x.com\/eltextual","http:\/\/www.instagram.com\/eltextual"]},{"@type":"Person","@id":"https:\/\/diariotextual.com\/inicio\/#\/schema\/person\/694f60677f23c4a530867a98f22b3768","name":"diario2","image":{"@type":"ImageObject","inLanguage":"es","@id":"https:\/\/secure.gravatar.com\/avatar\/5a2567495ba16b852fcd8f1ed006a2e24fcace936018ed8237e95f488ad6e0a7?s=96&d=mm&r=g","url":"https:\/\/secure.gravatar.com\/avatar\/5a2567495ba16b852fcd8f1ed006a2e24fcace936018ed8237e95f488ad6e0a7?s=96&d=mm&r=g","contentUrl":"https:\/\/secure.gravatar.com\/avatar\/5a2567495ba16b852fcd8f1ed006a2e24fcace936018ed8237e95f488ad6e0a7?s=96&d=mm&r=g","caption":"diario2"},"url":"https:\/\/diariotextual.com\/inicio\/index.php\/author\/diario2\/"}]}},"_links":{"self":[{"href":"https:\/\/diariotextual.com\/inicio\/index.php\/wp-json\/wp\/v2\/posts\/56221","targetHints":{"allow":["GET"]}}],"collection":[{"href":"https:\/\/diariotextual.com\/inicio\/index.php\/wp-json\/wp\/v2\/posts"}],"about":[{"href":"https:\/\/diariotextual.com\/inicio\/index.php\/wp-json\/wp\/v2\/types\/post"}],"author":[{"embeddable":true,"href":"https:\/\/diariotextual.com\/inicio\/index.php\/wp-json\/wp\/v2\/users\/4"}],"replies":[{"embeddable":true,"href":"https:\/\/diariotextual.com\/inicio\/index.php\/wp-json\/wp\/v2\/comments?post=56221"}],"version-history":[{"count":13,"href":"https:\/\/diariotextual.com\/inicio\/index.php\/wp-json\/wp\/v2\/posts\/56221\/revisions"}],"predecessor-version":[{"id":56251,"href":"https:\/\/diariotextual.com\/inicio\/index.php\/wp-json\/wp\/v2\/posts\/56221\/revisions\/56251"}],"wp:featuredmedia":[{"embeddable":true,"href":"https:\/\/diariotextual.com\/inicio\/index.php\/wp-json\/wp\/v2\/media\/56239"}],"wp:attachment":[{"href":"https:\/\/diariotextual.com\/inicio\/index.php\/wp-json\/wp\/v2\/media?parent=56221"}],"wp:term":[{"taxonomy":"category","embeddable":true,"href":"https:\/\/diariotextual.com\/inicio\/index.php\/wp-json\/wp\/v2\/categories?post=56221"},{"taxonomy":"post_tag","embeddable":true,"href":"https:\/\/diariotextual.com\/inicio\/index.php\/wp-json\/wp\/v2\/tags?post=56221"}],"curies":[{"name":"wp","href":"https:\/\/api.w.org\/{rel}","templated":true}]}}