{"id":56263,"date":"2019-07-17T17:17:30","date_gmt":"2019-07-17T20:17:30","guid":{"rendered":"http:\/\/diariotextual.com\/inicio\/?p=56263"},"modified":"2019-07-17T17:17:30","modified_gmt":"2019-07-17T20:17:30","slug":"declaran-la-emergencia-sanitaria-internacional-brote-ebola-congo","status":"publish","type":"post","link":"https:\/\/diariotextual.com\/inicio\/index.php\/2019\/07\/17\/declaran-la-emergencia-sanitaria-internacional-brote-ebola-congo\/","title":{"rendered":"Declaran la emergencia sanitaria internacional por el brote de \u00e9bola en el Congo"},"content":{"rendered":"<p>La Organizaci\u00f3n Mundial de la Salud (OMS) declar\u00f3 hoy el brote de \u00e9bola en Rep\u00fablica Democr\u00e1tica del Congo (RDC) \u00abemergencia de salud p\u00fablica de inter\u00e9s internacional\u00bb, una denominaci\u00f3n poco com\u00fan que s\u00f3lo se utiliza para las epidemias m\u00e1s graves.<\/p>\n<p>\u00abEs hora de que el mundo tome nota\u00bb, dijo en un comunicado el director general de la OMS, Tedros Adhanom Ghebreyesus, quien acept\u00f3 el consejo de su junta asesora de invocar las disposiciones de emergencia solo utilizadas por el organismo de salud de la ONU en cuatro ocasiones anteriormente.<\/p>\n<p>Los anteriores fueron la gripe H1N1, o gripe porcina, en 2009; la propagaci\u00f3n del virus de la polio en 2014; la anterior epidemia de \u00e9bola que afect\u00f3 a gran parte de \u00c1frica occidental (Liberia, Guinea y Sierra Leona, en particular) entre 2014 y 2016; as\u00ed como el gran empuje del virus zika, tambi\u00e9n en 2016.<\/p>\n<p>Sin embargo, en esta ocasi\u00f3n, recomend\u00f3 que no se cierren las fronteras de la RDC.<\/p>\n<p>La agencia de la ONU tom\u00f3 su decisi\u00f3n tras detectarse un caso fatal en la segunda ciudad m\u00e1s importante de Rep\u00fablica Democr\u00e1tica del Congo (RDC), Goma, fronteriza con Ruanda. En junio se se\u00f1alaron dos casos en la vecina Uganda.<\/p>\n<p>Los expertos del Comit\u00e9 de Urgencia de la OMS, reunidos en Ginebra desde el mediod\u00eda de este mi\u00e9rcoles, por otro lado, expresaron su \u00abdecepci\u00f3n por los retrasos en la ayuda\u00bb econ\u00f3mica.<\/p>\n<p>\u00abEs fundamental que los Estados no utilicen el estatuto de emergencia global como excusa para imponer restricciones comerciales y de traslados que podr\u00edan tener un impacto negativo sobre la respuesta (sanitaria), y sobre la vida de la poblaci\u00f3n en la regi\u00f3n\u00bb, subray\u00f3 el profesor Robert Steffen, jefe del Comit\u00e9 de Urgencia de la OMS.<\/p>\n<p>Por su parte, la Federaci\u00f3n Internacional de la Cruz Roja y la Media Luna Roja (IFRC) afirm\u00f3 que \u00abacog\u00eda con gran satisfacci\u00f3n\u00bb esta decisi\u00f3n.<\/p>\n<p>\u00abSi bien esto no cambia la realidad sobre el terreno para las personas afectadas (&#8230;) esperamos que atraiga la atenci\u00f3n internacional que merece esta crisis\u00bb, se\u00f1al\u00f3 el IFRC en un comunicado.<\/p>\n","protected":false},"excerpt":{"rendered":"<p>La Organizaci\u00f3n Mundial de la Salud (OMS) declar\u00f3 hoy el brote de \u00e9bola en Rep\u00fablica Democr\u00e1tica del Congo (RDC) \u00abemergencia de salud p\u00fablica de inter\u00e9s internacional\u00bb, una denominaci\u00f3n poco com\u00fan&hellip;<\/p>\n","protected":false},"author":7,"featured_media":56264,"comment_status":"closed","ping_status":"open","sticky":false,"template":"","format":"standard","meta":{"_acf_changed":false,"footnotes":""},"categories":[11,7],"tags":[],"class_list":["post-56263","post","type-post","status-publish","format-standard","has-post-thumbnail","hentry","category-que-pasa","category-mundo"],"acf":[],"yoast_head":"<!-- This site is optimized with the Yoast SEO plugin v27.4 - https:\/\/yoast.com\/product\/yoast-seo-wordpress\/ -->\n<title>Declaran la emergencia sanitaria internacional por el brote de \u00e9bola en el Congo - Diario Textual<\/title>\n<meta name=\"robots\" content=\"index, follow, max-snippet:-1, max-image-preview:large, max-video-preview:-1\" \/>\n<link rel=\"canonical\" href=\"https:\/\/diariotextual.com\/inicio\/index.php\/2019\/07\/17\/declaran-la-emergencia-sanitaria-internacional-brote-ebola-congo\/\" \/>\n<meta property=\"og:locale\" content=\"es_ES\" \/>\n<meta property=\"og:type\" content=\"article\" \/>\n<meta property=\"og:title\" content=\"Declaran la emergencia sanitaria internacional por el brote de \u00e9bola en el Congo - Diario Textual\" \/>\n<meta property=\"og:description\" content=\"La Organizaci\u00f3n Mundial de la Salud (OMS) declar\u00f3 hoy el brote de \u00e9bola en Rep\u00fablica Democr\u00e1tica del Congo (RDC) \u00abemergencia de salud p\u00fablica de inter\u00e9s internacional\u00bb, una denominaci\u00f3n poco com\u00fan&hellip;\" \/>\n<meta property=\"og:url\" content=\"https:\/\/diariotextual.com\/inicio\/index.php\/2019\/07\/17\/declaran-la-emergencia-sanitaria-internacional-brote-ebola-congo\/\" \/>\n<meta property=\"og:site_name\" content=\"Diario Textual\" \/>\n<meta property=\"article:publisher\" content=\"https:\/\/www.facebook.com\/eltextual\" \/>\n<meta property=\"article:published_time\" content=\"2019-07-17T20:17:30+00:00\" \/>\n<meta property=\"og:image\" content=\"https:\/\/diariotextual.com\/inicio\/wp-content\/uploads\/2019\/07\/ebola.jpg\" \/>\n\t<meta property=\"og:image:width\" content=\"1500\" \/>\n\t<meta property=\"og:image:height\" content=\"843\" \/>\n\t<meta property=\"og:image:type\" content=\"image\/jpeg\" \/>\n<meta name=\"author\" content=\"diario5\" \/>\n<meta name=\"twitter:card\" content=\"summary_large_image\" \/>\n<meta name=\"twitter:creator\" content=\"@eltextual\" \/>\n<meta name=\"twitter:site\" content=\"@eltextual\" \/>\n<meta name=\"twitter:label1\" content=\"Escrito por\" \/>\n\t<meta name=\"twitter:data1\" content=\"diario5\" \/>\n\t<meta name=\"twitter:label2\" content=\"Tiempo de lectura\" \/>\n\t<meta name=\"twitter:data2\" content=\"2 minutos\" \/>\n<script type=\"application\/ld+json\" class=\"yoast-schema-graph\">{\"@context\":\"https:\\\/\\\/schema.org\",\"@graph\":[{\"@type\":\"Article\",\"@id\":\"https:\\\/\\\/diariotextual.com\\\/inicio\\\/index.php\\\/2019\\\/07\\\/17\\\/declaran-la-emergencia-sanitaria-internacional-brote-ebola-congo\\\/#article\",\"isPartOf\":{\"@id\":\"https:\\\/\\\/diariotextual.com\\\/inicio\\\/index.php\\\/2019\\\/07\\\/17\\\/declaran-la-emergencia-sanitaria-internacional-brote-ebola-congo\\\/\"},\"author\":{\"name\":\"diario5\",\"@id\":\"https:\\\/\\\/diariotextual.com\\\/inicio\\\/#\\\/schema\\\/person\\\/c7834961ad8b29b1d9cdbf4571299067\"},\"headline\":\"Declaran la emergencia sanitaria internacional por el brote de \u00e9bola en el Congo\",\"datePublished\":\"2019-07-17T20:17:30+00:00\",\"mainEntityOfPage\":{\"@id\":\"https:\\\/\\\/diariotextual.com\\\/inicio\\\/index.php\\\/2019\\\/07\\\/17\\\/declaran-la-emergencia-sanitaria-internacional-brote-ebola-congo\\\/\"},\"wordCount\":375,\"publisher\":{\"@id\":\"https:\\\/\\\/diariotextual.com\\\/inicio\\\/#organization\"},\"image\":{\"@id\":\"https:\\\/\\\/diariotextual.com\\\/inicio\\\/index.php\\\/2019\\\/07\\\/17\\\/declaran-la-emergencia-sanitaria-internacional-brote-ebola-congo\\\/#primaryimage\"},\"thumbnailUrl\":\"https:\\\/\\\/diariotextual.com\\\/inicio\\\/wp-content\\\/uploads\\\/2019\\\/07\\\/ebola.jpg\",\"articleSection\":[\"A - QUE PASA (al costado)\",\"MUNDO\"],\"inLanguage\":\"es\"},{\"@type\":\"WebPage\",\"@id\":\"https:\\\/\\\/diariotextual.com\\\/inicio\\\/index.php\\\/2019\\\/07\\\/17\\\/declaran-la-emergencia-sanitaria-internacional-brote-ebola-congo\\\/\",\"url\":\"https:\\\/\\\/diariotextual.com\\\/inicio\\\/index.php\\\/2019\\\/07\\\/17\\\/declaran-la-emergencia-sanitaria-internacional-brote-ebola-congo\\\/\",\"name\":\"Declaran la emergencia sanitaria internacional por el brote de \u00e9bola en el Congo - Diario Textual\",\"isPartOf\":{\"@id\":\"https:\\\/\\\/diariotextual.com\\\/inicio\\\/#website\"},\"primaryImageOfPage\":{\"@id\":\"https:\\\/\\\/diariotextual.com\\\/inicio\\\/index.php\\\/2019\\\/07\\\/17\\\/declaran-la-emergencia-sanitaria-internacional-brote-ebola-congo\\\/#primaryimage\"},\"image\":{\"@id\":\"https:\\\/\\\/diariotextual.com\\\/inicio\\\/index.php\\\/2019\\\/07\\\/17\\\/declaran-la-emergencia-sanitaria-internacional-brote-ebola-congo\\\/#primaryimage\"},\"thumbnailUrl\":\"https:\\\/\\\/diariotextual.com\\\/inicio\\\/wp-content\\\/uploads\\\/2019\\\/07\\\/ebola.jpg\",\"datePublished\":\"2019-07-17T20:17:30+00:00\",\"breadcrumb\":{\"@id\":\"https:\\\/\\\/diariotextual.com\\\/inicio\\\/index.php\\\/2019\\\/07\\\/17\\\/declaran-la-emergencia-sanitaria-internacional-brote-ebola-congo\\\/#breadcrumb\"},\"inLanguage\":\"es\",\"potentialAction\":[{\"@type\":\"ReadAction\",\"target\":[\"https:\\\/\\\/diariotextual.com\\\/inicio\\\/index.php\\\/2019\\\/07\\\/17\\\/declaran-la-emergencia-sanitaria-internacional-brote-ebola-congo\\\/\"]}]},{\"@type\":\"ImageObject\",\"inLanguage\":\"es\",\"@id\":\"https:\\\/\\\/diariotextual.com\\\/inicio\\\/index.php\\\/2019\\\/07\\\/17\\\/declaran-la-emergencia-sanitaria-internacional-brote-ebola-congo\\\/#primaryimage\",\"url\":\"https:\\\/\\\/diariotextual.com\\\/inicio\\\/wp-content\\\/uploads\\\/2019\\\/07\\\/ebola.jpg\",\"contentUrl\":\"https:\\\/\\\/diariotextual.com\\\/inicio\\\/wp-content\\\/uploads\\\/2019\\\/07\\\/ebola.jpg\",\"width\":1500,\"height\":843},{\"@type\":\"BreadcrumbList\",\"@id\":\"https:\\\/\\\/diariotextual.com\\\/inicio\\\/index.php\\\/2019\\\/07\\\/17\\\/declaran-la-emergencia-sanitaria-internacional-brote-ebola-congo\\\/#breadcrumb\",\"itemListElement\":[{\"@type\":\"ListItem\",\"position\":1,\"name\":\"Portada\",\"item\":\"https:\\\/\\\/diariotextual.com\\\/inicio\\\/\"},{\"@type\":\"ListItem\",\"position\":2,\"name\":\"Declaran la emergencia sanitaria internacional por el brote de \u00e9bola en el Congo\"}]},{\"@type\":\"WebSite\",\"@id\":\"https:\\\/\\\/diariotextual.com\\\/inicio\\\/#website\",\"url\":\"https:\\\/\\\/diariotextual.com\\\/inicio\\\/\",\"name\":\"Diario Textual\",\"description\":\"\",\"publisher\":{\"@id\":\"https:\\\/\\\/diariotextual.com\\\/inicio\\\/#organization\"},\"potentialAction\":[{\"@type\":\"SearchAction\",\"target\":{\"@type\":\"EntryPoint\",\"urlTemplate\":\"https:\\\/\\\/diariotextual.com\\\/inicio\\\/?s={search_term_string}\"},\"query-input\":{\"@type\":\"PropertyValueSpecification\",\"valueRequired\":true,\"valueName\":\"search_term_string\"}}],\"inLanguage\":\"es\"},{\"@type\":\"Organization\",\"@id\":\"https:\\\/\\\/diariotextual.com\\\/inicio\\\/#organization\",\"name\":\"Diario Textual\",\"url\":\"https:\\\/\\\/diariotextual.com\\\/inicio\\\/\",\"logo\":{\"@type\":\"ImageObject\",\"inLanguage\":\"es\",\"@id\":\"https:\\\/\\\/diariotextual.com\\\/inicio\\\/#\\\/schema\\\/logo\\\/image\\\/\",\"url\":\"https:\\\/\\\/diariotextual.com\\\/inicio\\\/wp-content\\\/uploads\\\/2023\\\/05\\\/logotextual1.jpg\",\"contentUrl\":\"https:\\\/\\\/diariotextual.com\\\/inicio\\\/wp-content\\\/uploads\\\/2023\\\/05\\\/logotextual1.jpg\",\"width\":516,\"height\":76,\"caption\":\"Diario Textual\"},\"image\":{\"@id\":\"https:\\\/\\\/diariotextual.com\\\/inicio\\\/#\\\/schema\\\/logo\\\/image\\\/\"},\"sameAs\":[\"https:\\\/\\\/www.facebook.com\\\/eltextual\",\"https:\\\/\\\/x.com\\\/eltextual\",\"http:\\\/\\\/www.instagram.com\\\/eltextual\"]},{\"@type\":\"Person\",\"@id\":\"https:\\\/\\\/diariotextual.com\\\/inicio\\\/#\\\/schema\\\/person\\\/c7834961ad8b29b1d9cdbf4571299067\",\"name\":\"diario5\",\"image\":{\"@type\":\"ImageObject\",\"inLanguage\":\"es\",\"@id\":\"https:\\\/\\\/secure.gravatar.com\\\/avatar\\\/948c893b847ca6df68216ead81b63f363408ec9b0f600fefc0641ce78613b111?s=96&d=mm&r=g\",\"url\":\"https:\\\/\\\/secure.gravatar.com\\\/avatar\\\/948c893b847ca6df68216ead81b63f363408ec9b0f600fefc0641ce78613b111?s=96&d=mm&r=g\",\"contentUrl\":\"https:\\\/\\\/secure.gravatar.com\\\/avatar\\\/948c893b847ca6df68216ead81b63f363408ec9b0f600fefc0641ce78613b111?s=96&d=mm&r=g\",\"caption\":\"diario5\"},\"url\":\"https:\\\/\\\/diariotextual.com\\\/inicio\\\/index.php\\\/author\\\/diario5\\\/\"}]}<\/script>\n<!-- \/ Yoast SEO plugin. -->","yoast_head_json":{"title":"Declaran la emergencia sanitaria internacional por el brote de \u00e9bola en el Congo - Diario Textual","robots":{"index":"index","follow":"follow","max-snippet":"max-snippet:-1","max-image-preview":"max-image-preview:large","max-video-preview":"max-video-preview:-1"},"canonical":"https:\/\/diariotextual.com\/inicio\/index.php\/2019\/07\/17\/declaran-la-emergencia-sanitaria-internacional-brote-ebola-congo\/","og_locale":"es_ES","og_type":"article","og_title":"Declaran la emergencia sanitaria internacional por el brote de \u00e9bola en el Congo - Diario Textual","og_description":"La Organizaci\u00f3n Mundial de la Salud (OMS) declar\u00f3 hoy el brote de \u00e9bola en Rep\u00fablica Democr\u00e1tica del Congo (RDC) \u00abemergencia de salud p\u00fablica de inter\u00e9s internacional\u00bb, una denominaci\u00f3n poco com\u00fan&hellip;","og_url":"https:\/\/diariotextual.com\/inicio\/index.php\/2019\/07\/17\/declaran-la-emergencia-sanitaria-internacional-brote-ebola-congo\/","og_site_name":"Diario Textual","article_publisher":"https:\/\/www.facebook.com\/eltextual","article_published_time":"2019-07-17T20:17:30+00:00","og_image":[{"width":1500,"height":843,"url":"https:\/\/diariotextual.com\/inicio\/wp-content\/uploads\/2019\/07\/ebola.jpg","type":"image\/jpeg"}],"author":"diario5","twitter_card":"summary_large_image","twitter_creator":"@eltextual","twitter_site":"@eltextual","twitter_misc":{"Escrito por":"diario5","Tiempo de lectura":"2 minutos"},"schema":{"@context":"https:\/\/schema.org","@graph":[{"@type":"Article","@id":"https:\/\/diariotextual.com\/inicio\/index.php\/2019\/07\/17\/declaran-la-emergencia-sanitaria-internacional-brote-ebola-congo\/#article","isPartOf":{"@id":"https:\/\/diariotextual.com\/inicio\/index.php\/2019\/07\/17\/declaran-la-emergencia-sanitaria-internacional-brote-ebola-congo\/"},"author":{"name":"diario5","@id":"https:\/\/diariotextual.com\/inicio\/#\/schema\/person\/c7834961ad8b29b1d9cdbf4571299067"},"headline":"Declaran la emergencia sanitaria internacional por el brote de \u00e9bola en el Congo","datePublished":"2019-07-17T20:17:30+00:00","mainEntityOfPage":{"@id":"https:\/\/diariotextual.com\/inicio\/index.php\/2019\/07\/17\/declaran-la-emergencia-sanitaria-internacional-brote-ebola-congo\/"},"wordCount":375,"publisher":{"@id":"https:\/\/diariotextual.com\/inicio\/#organization"},"image":{"@id":"https:\/\/diariotextual.com\/inicio\/index.php\/2019\/07\/17\/declaran-la-emergencia-sanitaria-internacional-brote-ebola-congo\/#primaryimage"},"thumbnailUrl":"https:\/\/diariotextual.com\/inicio\/wp-content\/uploads\/2019\/07\/ebola.jpg","articleSection":["A - QUE PASA (al costado)","MUNDO"],"inLanguage":"es"},{"@type":"WebPage","@id":"https:\/\/diariotextual.com\/inicio\/index.php\/2019\/07\/17\/declaran-la-emergencia-sanitaria-internacional-brote-ebola-congo\/","url":"https:\/\/diariotextual.com\/inicio\/index.php\/2019\/07\/17\/declaran-la-emergencia-sanitaria-internacional-brote-ebola-congo\/","name":"Declaran la emergencia sanitaria internacional por el brote de \u00e9bola en el Congo - Diario Textual","isPartOf":{"@id":"https:\/\/diariotextual.com\/inicio\/#website"},"primaryImageOfPage":{"@id":"https:\/\/diariotextual.com\/inicio\/index.php\/2019\/07\/17\/declaran-la-emergencia-sanitaria-internacional-brote-ebola-congo\/#primaryimage"},"image":{"@id":"https:\/\/diariotextual.com\/inicio\/index.php\/2019\/07\/17\/declaran-la-emergencia-sanitaria-internacional-brote-ebola-congo\/#primaryimage"},"thumbnailUrl":"https:\/\/diariotextual.com\/inicio\/wp-content\/uploads\/2019\/07\/ebola.jpg","datePublished":"2019-07-17T20:17:30+00:00","breadcrumb":{"@id":"https:\/\/diariotextual.com\/inicio\/index.php\/2019\/07\/17\/declaran-la-emergencia-sanitaria-internacional-brote-ebola-congo\/#breadcrumb"},"inLanguage":"es","potentialAction":[{"@type":"ReadAction","target":["https:\/\/diariotextual.com\/inicio\/index.php\/2019\/07\/17\/declaran-la-emergencia-sanitaria-internacional-brote-ebola-congo\/"]}]},{"@type":"ImageObject","inLanguage":"es","@id":"https:\/\/diariotextual.com\/inicio\/index.php\/2019\/07\/17\/declaran-la-emergencia-sanitaria-internacional-brote-ebola-congo\/#primaryimage","url":"https:\/\/diariotextual.com\/inicio\/wp-content\/uploads\/2019\/07\/ebola.jpg","contentUrl":"https:\/\/diariotextual.com\/inicio\/wp-content\/uploads\/2019\/07\/ebola.jpg","width":1500,"height":843},{"@type":"BreadcrumbList","@id":"https:\/\/diariotextual.com\/inicio\/index.php\/2019\/07\/17\/declaran-la-emergencia-sanitaria-internacional-brote-ebola-congo\/#breadcrumb","itemListElement":[{"@type":"ListItem","position":1,"name":"Portada","item":"https:\/\/diariotextual.com\/inicio\/"},{"@type":"ListItem","position":2,"name":"Declaran la emergencia sanitaria internacional por el brote de \u00e9bola en el Congo"}]},{"@type":"WebSite","@id":"https:\/\/diariotextual.com\/inicio\/#website","url":"https:\/\/diariotextual.com\/inicio\/","name":"Diario Textual","description":"","publisher":{"@id":"https:\/\/diariotextual.com\/inicio\/#organization"},"potentialAction":[{"@type":"SearchAction","target":{"@type":"EntryPoint","urlTemplate":"https:\/\/diariotextual.com\/inicio\/?s={search_term_string}"},"query-input":{"@type":"PropertyValueSpecification","valueRequired":true,"valueName":"search_term_string"}}],"inLanguage":"es"},{"@type":"Organization","@id":"https:\/\/diariotextual.com\/inicio\/#organization","name":"Diario Textual","url":"https:\/\/diariotextual.com\/inicio\/","logo":{"@type":"ImageObject","inLanguage":"es","@id":"https:\/\/diariotextual.com\/inicio\/#\/schema\/logo\/image\/","url":"https:\/\/diariotextual.com\/inicio\/wp-content\/uploads\/2023\/05\/logotextual1.jpg","contentUrl":"https:\/\/diariotextual.com\/inicio\/wp-content\/uploads\/2023\/05\/logotextual1.jpg","width":516,"height":76,"caption":"Diario Textual"},"image":{"@id":"https:\/\/diariotextual.com\/inicio\/#\/schema\/logo\/image\/"},"sameAs":["https:\/\/www.facebook.com\/eltextual","https:\/\/x.com\/eltextual","http:\/\/www.instagram.com\/eltextual"]},{"@type":"Person","@id":"https:\/\/diariotextual.com\/inicio\/#\/schema\/person\/c7834961ad8b29b1d9cdbf4571299067","name":"diario5","image":{"@type":"ImageObject","inLanguage":"es","@id":"https:\/\/secure.gravatar.com\/avatar\/948c893b847ca6df68216ead81b63f363408ec9b0f600fefc0641ce78613b111?s=96&d=mm&r=g","url":"https:\/\/secure.gravatar.com\/avatar\/948c893b847ca6df68216ead81b63f363408ec9b0f600fefc0641ce78613b111?s=96&d=mm&r=g","contentUrl":"https:\/\/secure.gravatar.com\/avatar\/948c893b847ca6df68216ead81b63f363408ec9b0f600fefc0641ce78613b111?s=96&d=mm&r=g","caption":"diario5"},"url":"https:\/\/diariotextual.com\/inicio\/index.php\/author\/diario5\/"}]}},"_links":{"self":[{"href":"https:\/\/diariotextual.com\/inicio\/index.php\/wp-json\/wp\/v2\/posts\/56263","targetHints":{"allow":["GET"]}}],"collection":[{"href":"https:\/\/diariotextual.com\/inicio\/index.php\/wp-json\/wp\/v2\/posts"}],"about":[{"href":"https:\/\/diariotextual.com\/inicio\/index.php\/wp-json\/wp\/v2\/types\/post"}],"author":[{"embeddable":true,"href":"https:\/\/diariotextual.com\/inicio\/index.php\/wp-json\/wp\/v2\/users\/7"}],"replies":[{"embeddable":true,"href":"https:\/\/diariotextual.com\/inicio\/index.php\/wp-json\/wp\/v2\/comments?post=56263"}],"version-history":[{"count":1,"href":"https:\/\/diariotextual.com\/inicio\/index.php\/wp-json\/wp\/v2\/posts\/56263\/revisions"}],"predecessor-version":[{"id":56265,"href":"https:\/\/diariotextual.com\/inicio\/index.php\/wp-json\/wp\/v2\/posts\/56263\/revisions\/56265"}],"wp:featuredmedia":[{"embeddable":true,"href":"https:\/\/diariotextual.com\/inicio\/index.php\/wp-json\/wp\/v2\/media\/56264"}],"wp:attachment":[{"href":"https:\/\/diariotextual.com\/inicio\/index.php\/wp-json\/wp\/v2\/media?parent=56263"}],"wp:term":[{"taxonomy":"category","embeddable":true,"href":"https:\/\/diariotextual.com\/inicio\/index.php\/wp-json\/wp\/v2\/categories?post=56263"},{"taxonomy":"post_tag","embeddable":true,"href":"https:\/\/diariotextual.com\/inicio\/index.php\/wp-json\/wp\/v2\/tags?post=56263"}],"curies":[{"name":"wp","href":"https:\/\/api.w.org\/{rel}","templated":true}]}}