{"id":56535,"date":"2019-07-20T10:28:41","date_gmt":"2019-07-20T13:28:41","guid":{"rendered":"http:\/\/diariotextual.com\/inicio\/?p=56535"},"modified":"2019-07-20T21:15:28","modified_gmt":"2019-07-21T00:15:28","slug":"rainone-faltan-unas-2-mil-casas-pico-no-clima-tomas-2","status":"publish","type":"post","link":"https:\/\/diariotextual.com\/inicio\/index.php\/2019\/07\/20\/rainone-faltan-unas-2-mil-casas-pico-no-clima-tomas-2\/","title":{"rendered":"Rainone: faltan unas 2 mil casas en Pico, pero no hay clima de tomas"},"content":{"rendered":"<p>En la semana, en medio de la espiral de t<strong>omas de terrenos estatales en Santa Rosa<\/strong>, tambi\u00e9n <strong>se encendi\u00f3 la alarma en General Pico<\/strong>: jefes policiales <strong>pidieron a su tropa estar atentos a posibilidades de tomas<\/strong>. Hoy el intendente de Pico, <strong>Juan Jos\u00e9 Rainone<\/strong> (PJ), dialog\u00f3 con<strong> Radio Textual (FM Sonar)<\/strong> y dio un panorama de la situaci\u00f3n habitacional. \u201cNormalmente, la demanda de vivienda ha rondando entre las 1800 y las 2000. Con ese n\u00famero, tendr\u00edamos equilibrada la situaci\u00f3n\u201d, dijo.<\/p>\n<p>Sostuvo qu<strong>e no percibe un clima de posibles tomas<\/strong>. Y consider\u00f3 que no hay inactividad del Gobierno provincial por la situaci\u00f3n en la capital. <strong>\u00abHay cautela\u00bb<\/strong>, sostuvo.<\/p>\n<p><strong>-En Santa Rosa se est\u00e1 observando una situaci\u00f3n cr\u00edtica. \u00bfEst\u00e1 lejos o cerca la posibilidad de que esas tomas se repliquen en Pico?- le consultaron Luis Lardone y Luis D\u00edaz.<\/strong><\/p>\n<p>-No s\u00e9 si est\u00e1n lejos o cerca. Tratamos de adelantarnos a los problemas para evitar cualquier tipo de conflicto.<strong> Tratamos de acompa\u00f1ar y de llegar antes.<\/strong> Hay que ser pensantes y resolver los problemas de la gente. <strong>Pico no es f\u00e1cil y es una sociedad muy exigent<\/strong>e. Tratamos de ser ordenados, aunque eso no significa que no se pueden pasar temas. <strong>Ac\u00e1, como en Santa Rosa, faltan viviendas.<\/strong> La falta de viviendas que tiene La Pampa es<strong> producto de la discriminaci\u00f3n a la que nos ha llevado Naci\u00f3n<\/strong>. Es una preocupaci\u00f3n del Gobierno pampeano y de las intendencias brindar un techo digno.<\/p>\n<p><strong>-\u00bfHa crecido el pedido de ayuda social?<\/strong><\/p>\n<p>-S\u00ed, las demandas han aumentado en Tarjetas (Alimentarias) y asistencias a los comedores o a las familias en sus domicilios.<\/p>\n<p><strong>-\u00bfQu\u00e9 intendencia deja a Fernanda Alonso, que asume el 10 de diciembre?<\/strong><\/p>\n<p>-Yo quisiera darle un municipio<strong> lo m\u00e1s ordenado posible<\/strong>. Creo que vamos a llegar bien. <strong>Esta semana vamos a empezar una transici\u00f3n mucho m\u00e1s profunda<\/strong>, de una gesti\u00f3n a otra, y dejarle la menor cantidad de problemas posibles para beneficio de todos los piquenses. En ese sentido seguimos trabajando.<\/p>\n<p>&nbsp;<\/p>\n<blockquote class=\"wp-embedded-content\" data-secret=\"POvTq0cap5\"><p><a href=\"http:\/\/diariotextual.com\/inicio\/index.php\/2019\/07\/20\/di-napoli-las-tomas-la-provincia-esta-una-actitud-activa-altolaguirre-no-se-cargo\/\">Di N\u00e1poli y las tomas: \u201cLa Provincia est\u00e1 teniendo una actitud activa y Altolaguirre no se hace cargo\u201d<\/a><\/p><\/blockquote>\n<p><iframe class=\"wp-embedded-content\" sandbox=\"allow-scripts\" security=\"restricted\" style=\"position: absolute; clip: rect(1px, 1px, 1px, 1px);\" src=\"http:\/\/diariotextual.com\/inicio\/index.php\/2019\/07\/20\/di-napoli-las-tomas-la-provincia-esta-una-actitud-activa-altolaguirre-no-se-cargo\/embed\/#?secret=POvTq0cap5\" data-secret=\"POvTq0cap5\" width=\"600\" height=\"338\" title=\"&#171;Di N\u00e1poli y las tomas: \u201cLa Provincia est\u00e1 teniendo una actitud activa y Altolaguirre no se hace cargo\u201d&#187; &#8212; Diario Textual\" frameborder=\"0\" marginwidth=\"0\" marginheight=\"0\" scrolling=\"no\"><\/iframe><\/p>\n<p>&nbsp;<\/p>\n<p>&nbsp;<\/p>\n","protected":false},"excerpt":{"rendered":"<p>En la semana, en medio de la espiral de tomas de terrenos estatales en Santa Rosa, tambi\u00e9n se encendi\u00f3 la alarma en General Pico: jefes policiales pidieron a su tropa&hellip;<\/p>\n","protected":false},"author":3,"featured_media":30733,"comment_status":"closed","ping_status":"open","sticky":false,"template":"","format":"standard","meta":{"_acf_changed":false,"footnotes":""},"categories":[11,319,8],"tags":[],"class_list":["post-56535","post","type-post","status-publish","format-standard","has-post-thumbnail","hentry","category-que-pasa","category-a-temporales","category-politica"],"acf":[],"yoast_head":"<!-- This site is optimized with the Yoast SEO plugin v27.5 - https:\/\/yoast.com\/product\/yoast-seo-wordpress\/ -->\n<title>Rainone: faltan unas 2 mil casas en Pico, pero no hay clima de tomas - Diario Textual<\/title>\n<meta name=\"robots\" content=\"index, follow, max-snippet:-1, max-image-preview:large, max-video-preview:-1\" \/>\n<link rel=\"canonical\" href=\"https:\/\/diariotextual.com\/inicio\/index.php\/2019\/07\/20\/rainone-faltan-unas-2-mil-casas-pico-no-clima-tomas-2\/\" \/>\n<meta property=\"og:locale\" content=\"es_ES\" \/>\n<meta property=\"og:type\" content=\"article\" \/>\n<meta property=\"og:title\" content=\"Rainone: faltan unas 2 mil casas en Pico, pero no hay clima de tomas - Diario Textual\" \/>\n<meta property=\"og:description\" content=\"En la semana, en medio de la espiral de tomas de terrenos estatales en Santa Rosa, tambi\u00e9n se encendi\u00f3 la alarma en General Pico: jefes policiales pidieron a su tropa&hellip;\" \/>\n<meta property=\"og:url\" content=\"https:\/\/diariotextual.com\/inicio\/index.php\/2019\/07\/20\/rainone-faltan-unas-2-mil-casas-pico-no-clima-tomas-2\/\" \/>\n<meta property=\"og:site_name\" content=\"Diario Textual\" \/>\n<meta property=\"article:publisher\" content=\"https:\/\/www.facebook.com\/eltextual\" \/>\n<meta property=\"article:published_time\" content=\"2019-07-20T13:28:41+00:00\" \/>\n<meta property=\"article:modified_time\" content=\"2019-07-21T00:15:28+00:00\" \/>\n<meta property=\"og:image\" content=\"https:\/\/diariotextual.com\/inicio\/wp-content\/uploads\/2018\/12\/rainonejose999911.jpg\" \/>\n\t<meta property=\"og:image:width\" content=\"1200\" \/>\n\t<meta property=\"og:image:height\" content=\"802\" \/>\n\t<meta property=\"og:image:type\" content=\"image\/jpeg\" \/>\n<meta name=\"author\" content=\"Diario1 Diario1\" \/>\n<meta name=\"twitter:card\" content=\"summary_large_image\" \/>\n<meta name=\"twitter:creator\" content=\"@eltextual\" \/>\n<meta name=\"twitter:site\" content=\"@eltextual\" \/>\n<meta name=\"twitter:label1\" content=\"Escrito por\" \/>\n\t<meta name=\"twitter:data1\" content=\"Diario1 Diario1\" \/>\n\t<meta name=\"twitter:label2\" content=\"Tiempo de lectura\" \/>\n\t<meta name=\"twitter:data2\" content=\"2 minutos\" \/>\n<script type=\"application\/ld+json\" class=\"yoast-schema-graph\">{\"@context\":\"https:\\\/\\\/schema.org\",\"@graph\":[{\"@type\":\"Article\",\"@id\":\"https:\\\/\\\/diariotextual.com\\\/inicio\\\/index.php\\\/2019\\\/07\\\/20\\\/rainone-faltan-unas-2-mil-casas-pico-no-clima-tomas-2\\\/#article\",\"isPartOf\":{\"@id\":\"https:\\\/\\\/diariotextual.com\\\/inicio\\\/index.php\\\/2019\\\/07\\\/20\\\/rainone-faltan-unas-2-mil-casas-pico-no-clima-tomas-2\\\/\"},\"author\":{\"name\":\"Diario1 Diario1\",\"@id\":\"https:\\\/\\\/diariotextual.com\\\/inicio\\\/#\\\/schema\\\/person\\\/418fc4093c33e86ed41562db3508f958\"},\"headline\":\"Rainone: faltan unas 2 mil casas en Pico, pero no hay clima de tomas\",\"datePublished\":\"2019-07-20T13:28:41+00:00\",\"dateModified\":\"2019-07-21T00:15:28+00:00\",\"mainEntityOfPage\":{\"@id\":\"https:\\\/\\\/diariotextual.com\\\/inicio\\\/index.php\\\/2019\\\/07\\\/20\\\/rainone-faltan-unas-2-mil-casas-pico-no-clima-tomas-2\\\/\"},\"wordCount\":369,\"publisher\":{\"@id\":\"https:\\\/\\\/diariotextual.com\\\/inicio\\\/#organization\"},\"image\":{\"@id\":\"https:\\\/\\\/diariotextual.com\\\/inicio\\\/index.php\\\/2019\\\/07\\\/20\\\/rainone-faltan-unas-2-mil-casas-pico-no-clima-tomas-2\\\/#primaryimage\"},\"thumbnailUrl\":\"https:\\\/\\\/diariotextual.com\\\/inicio\\\/wp-content\\\/uploads\\\/2018\\\/12\\\/rainonejose999911.jpg\",\"articleSection\":[\"A - QUE PASA (al costado)\",\"A - TEMPORALES\",\"POLITICA\"],\"inLanguage\":\"es\"},{\"@type\":\"WebPage\",\"@id\":\"https:\\\/\\\/diariotextual.com\\\/inicio\\\/index.php\\\/2019\\\/07\\\/20\\\/rainone-faltan-unas-2-mil-casas-pico-no-clima-tomas-2\\\/\",\"url\":\"https:\\\/\\\/diariotextual.com\\\/inicio\\\/index.php\\\/2019\\\/07\\\/20\\\/rainone-faltan-unas-2-mil-casas-pico-no-clima-tomas-2\\\/\",\"name\":\"Rainone: faltan unas 2 mil casas en Pico, pero no hay clima de tomas - Diario Textual\",\"isPartOf\":{\"@id\":\"https:\\\/\\\/diariotextual.com\\\/inicio\\\/#website\"},\"primaryImageOfPage\":{\"@id\":\"https:\\\/\\\/diariotextual.com\\\/inicio\\\/index.php\\\/2019\\\/07\\\/20\\\/rainone-faltan-unas-2-mil-casas-pico-no-clima-tomas-2\\\/#primaryimage\"},\"image\":{\"@id\":\"https:\\\/\\\/diariotextual.com\\\/inicio\\\/index.php\\\/2019\\\/07\\\/20\\\/rainone-faltan-unas-2-mil-casas-pico-no-clima-tomas-2\\\/#primaryimage\"},\"thumbnailUrl\":\"https:\\\/\\\/diariotextual.com\\\/inicio\\\/wp-content\\\/uploads\\\/2018\\\/12\\\/rainonejose999911.jpg\",\"datePublished\":\"2019-07-20T13:28:41+00:00\",\"dateModified\":\"2019-07-21T00:15:28+00:00\",\"breadcrumb\":{\"@id\":\"https:\\\/\\\/diariotextual.com\\\/inicio\\\/index.php\\\/2019\\\/07\\\/20\\\/rainone-faltan-unas-2-mil-casas-pico-no-clima-tomas-2\\\/#breadcrumb\"},\"inLanguage\":\"es\",\"potentialAction\":[{\"@type\":\"ReadAction\",\"target\":[\"https:\\\/\\\/diariotextual.com\\\/inicio\\\/index.php\\\/2019\\\/07\\\/20\\\/rainone-faltan-unas-2-mil-casas-pico-no-clima-tomas-2\\\/\"]}]},{\"@type\":\"ImageObject\",\"inLanguage\":\"es\",\"@id\":\"https:\\\/\\\/diariotextual.com\\\/inicio\\\/index.php\\\/2019\\\/07\\\/20\\\/rainone-faltan-unas-2-mil-casas-pico-no-clima-tomas-2\\\/#primaryimage\",\"url\":\"https:\\\/\\\/diariotextual.com\\\/inicio\\\/wp-content\\\/uploads\\\/2018\\\/12\\\/rainonejose999911.jpg\",\"contentUrl\":\"https:\\\/\\\/diariotextual.com\\\/inicio\\\/wp-content\\\/uploads\\\/2018\\\/12\\\/rainonejose999911.jpg\",\"width\":1200,\"height\":802},{\"@type\":\"BreadcrumbList\",\"@id\":\"https:\\\/\\\/diariotextual.com\\\/inicio\\\/index.php\\\/2019\\\/07\\\/20\\\/rainone-faltan-unas-2-mil-casas-pico-no-clima-tomas-2\\\/#breadcrumb\",\"itemListElement\":[{\"@type\":\"ListItem\",\"position\":1,\"name\":\"Portada\",\"item\":\"https:\\\/\\\/diariotextual.com\\\/inicio\\\/\"},{\"@type\":\"ListItem\",\"position\":2,\"name\":\"Rainone: faltan unas 2 mil casas en Pico, pero no hay clima de tomas\"}]},{\"@type\":\"WebSite\",\"@id\":\"https:\\\/\\\/diariotextual.com\\\/inicio\\\/#website\",\"url\":\"https:\\\/\\\/diariotextual.com\\\/inicio\\\/\",\"name\":\"Diario Textual\",\"description\":\"\",\"publisher\":{\"@id\":\"https:\\\/\\\/diariotextual.com\\\/inicio\\\/#organization\"},\"potentialAction\":[{\"@type\":\"SearchAction\",\"target\":{\"@type\":\"EntryPoint\",\"urlTemplate\":\"https:\\\/\\\/diariotextual.com\\\/inicio\\\/?s={search_term_string}\"},\"query-input\":{\"@type\":\"PropertyValueSpecification\",\"valueRequired\":true,\"valueName\":\"search_term_string\"}}],\"inLanguage\":\"es\"},{\"@type\":\"Organization\",\"@id\":\"https:\\\/\\\/diariotextual.com\\\/inicio\\\/#organization\",\"name\":\"Diario Textual\",\"url\":\"https:\\\/\\\/diariotextual.com\\\/inicio\\\/\",\"logo\":{\"@type\":\"ImageObject\",\"inLanguage\":\"es\",\"@id\":\"https:\\\/\\\/diariotextual.com\\\/inicio\\\/#\\\/schema\\\/logo\\\/image\\\/\",\"url\":\"https:\\\/\\\/diariotextual.com\\\/inicio\\\/wp-content\\\/uploads\\\/2023\\\/05\\\/logotextual1.jpg\",\"contentUrl\":\"https:\\\/\\\/diariotextual.com\\\/inicio\\\/wp-content\\\/uploads\\\/2023\\\/05\\\/logotextual1.jpg\",\"width\":516,\"height\":76,\"caption\":\"Diario Textual\"},\"image\":{\"@id\":\"https:\\\/\\\/diariotextual.com\\\/inicio\\\/#\\\/schema\\\/logo\\\/image\\\/\"},\"sameAs\":[\"https:\\\/\\\/www.facebook.com\\\/eltextual\",\"https:\\\/\\\/x.com\\\/eltextual\",\"http:\\\/\\\/www.instagram.com\\\/eltextual\"]},{\"@type\":\"Person\",\"@id\":\"https:\\\/\\\/diariotextual.com\\\/inicio\\\/#\\\/schema\\\/person\\\/418fc4093c33e86ed41562db3508f958\",\"name\":\"Diario1 Diario1\",\"image\":{\"@type\":\"ImageObject\",\"inLanguage\":\"es\",\"@id\":\"https:\\\/\\\/secure.gravatar.com\\\/avatar\\\/9167d280179c85bc18be67aa7eda765854300033af4896dd779b608640f2ef7a?s=96&d=mm&r=g\",\"url\":\"https:\\\/\\\/secure.gravatar.com\\\/avatar\\\/9167d280179c85bc18be67aa7eda765854300033af4896dd779b608640f2ef7a?s=96&d=mm&r=g\",\"contentUrl\":\"https:\\\/\\\/secure.gravatar.com\\\/avatar\\\/9167d280179c85bc18be67aa7eda765854300033af4896dd779b608640f2ef7a?s=96&d=mm&r=g\",\"caption\":\"Diario1 Diario1\"},\"url\":\"https:\\\/\\\/diariotextual.com\\\/inicio\\\/index.php\\\/author\\\/diario1\\\/\"}]}<\/script>\n<!-- \/ Yoast SEO plugin. -->","yoast_head_json":{"title":"Rainone: faltan unas 2 mil casas en Pico, pero no hay clima de tomas - Diario Textual","robots":{"index":"index","follow":"follow","max-snippet":"max-snippet:-1","max-image-preview":"max-image-preview:large","max-video-preview":"max-video-preview:-1"},"canonical":"https:\/\/diariotextual.com\/inicio\/index.php\/2019\/07\/20\/rainone-faltan-unas-2-mil-casas-pico-no-clima-tomas-2\/","og_locale":"es_ES","og_type":"article","og_title":"Rainone: faltan unas 2 mil casas en Pico, pero no hay clima de tomas - Diario Textual","og_description":"En la semana, en medio de la espiral de tomas de terrenos estatales en Santa Rosa, tambi\u00e9n se encendi\u00f3 la alarma en General Pico: jefes policiales pidieron a su tropa&hellip;","og_url":"https:\/\/diariotextual.com\/inicio\/index.php\/2019\/07\/20\/rainone-faltan-unas-2-mil-casas-pico-no-clima-tomas-2\/","og_site_name":"Diario Textual","article_publisher":"https:\/\/www.facebook.com\/eltextual","article_published_time":"2019-07-20T13:28:41+00:00","article_modified_time":"2019-07-21T00:15:28+00:00","og_image":[{"width":1200,"height":802,"url":"https:\/\/diariotextual.com\/inicio\/wp-content\/uploads\/2018\/12\/rainonejose999911.jpg","type":"image\/jpeg"}],"author":"Diario1 Diario1","twitter_card":"summary_large_image","twitter_creator":"@eltextual","twitter_site":"@eltextual","twitter_misc":{"Escrito por":"Diario1 Diario1","Tiempo de lectura":"2 minutos"},"schema":{"@context":"https:\/\/schema.org","@graph":[{"@type":"Article","@id":"https:\/\/diariotextual.com\/inicio\/index.php\/2019\/07\/20\/rainone-faltan-unas-2-mil-casas-pico-no-clima-tomas-2\/#article","isPartOf":{"@id":"https:\/\/diariotextual.com\/inicio\/index.php\/2019\/07\/20\/rainone-faltan-unas-2-mil-casas-pico-no-clima-tomas-2\/"},"author":{"name":"Diario1 Diario1","@id":"https:\/\/diariotextual.com\/inicio\/#\/schema\/person\/418fc4093c33e86ed41562db3508f958"},"headline":"Rainone: faltan unas 2 mil casas en Pico, pero no hay clima de tomas","datePublished":"2019-07-20T13:28:41+00:00","dateModified":"2019-07-21T00:15:28+00:00","mainEntityOfPage":{"@id":"https:\/\/diariotextual.com\/inicio\/index.php\/2019\/07\/20\/rainone-faltan-unas-2-mil-casas-pico-no-clima-tomas-2\/"},"wordCount":369,"publisher":{"@id":"https:\/\/diariotextual.com\/inicio\/#organization"},"image":{"@id":"https:\/\/diariotextual.com\/inicio\/index.php\/2019\/07\/20\/rainone-faltan-unas-2-mil-casas-pico-no-clima-tomas-2\/#primaryimage"},"thumbnailUrl":"https:\/\/diariotextual.com\/inicio\/wp-content\/uploads\/2018\/12\/rainonejose999911.jpg","articleSection":["A - QUE PASA (al costado)","A - TEMPORALES","POLITICA"],"inLanguage":"es"},{"@type":"WebPage","@id":"https:\/\/diariotextual.com\/inicio\/index.php\/2019\/07\/20\/rainone-faltan-unas-2-mil-casas-pico-no-clima-tomas-2\/","url":"https:\/\/diariotextual.com\/inicio\/index.php\/2019\/07\/20\/rainone-faltan-unas-2-mil-casas-pico-no-clima-tomas-2\/","name":"Rainone: faltan unas 2 mil casas en Pico, pero no hay clima de tomas - Diario Textual","isPartOf":{"@id":"https:\/\/diariotextual.com\/inicio\/#website"},"primaryImageOfPage":{"@id":"https:\/\/diariotextual.com\/inicio\/index.php\/2019\/07\/20\/rainone-faltan-unas-2-mil-casas-pico-no-clima-tomas-2\/#primaryimage"},"image":{"@id":"https:\/\/diariotextual.com\/inicio\/index.php\/2019\/07\/20\/rainone-faltan-unas-2-mil-casas-pico-no-clima-tomas-2\/#primaryimage"},"thumbnailUrl":"https:\/\/diariotextual.com\/inicio\/wp-content\/uploads\/2018\/12\/rainonejose999911.jpg","datePublished":"2019-07-20T13:28:41+00:00","dateModified":"2019-07-21T00:15:28+00:00","breadcrumb":{"@id":"https:\/\/diariotextual.com\/inicio\/index.php\/2019\/07\/20\/rainone-faltan-unas-2-mil-casas-pico-no-clima-tomas-2\/#breadcrumb"},"inLanguage":"es","potentialAction":[{"@type":"ReadAction","target":["https:\/\/diariotextual.com\/inicio\/index.php\/2019\/07\/20\/rainone-faltan-unas-2-mil-casas-pico-no-clima-tomas-2\/"]}]},{"@type":"ImageObject","inLanguage":"es","@id":"https:\/\/diariotextual.com\/inicio\/index.php\/2019\/07\/20\/rainone-faltan-unas-2-mil-casas-pico-no-clima-tomas-2\/#primaryimage","url":"https:\/\/diariotextual.com\/inicio\/wp-content\/uploads\/2018\/12\/rainonejose999911.jpg","contentUrl":"https:\/\/diariotextual.com\/inicio\/wp-content\/uploads\/2018\/12\/rainonejose999911.jpg","width":1200,"height":802},{"@type":"BreadcrumbList","@id":"https:\/\/diariotextual.com\/inicio\/index.php\/2019\/07\/20\/rainone-faltan-unas-2-mil-casas-pico-no-clima-tomas-2\/#breadcrumb","itemListElement":[{"@type":"ListItem","position":1,"name":"Portada","item":"https:\/\/diariotextual.com\/inicio\/"},{"@type":"ListItem","position":2,"name":"Rainone: faltan unas 2 mil casas en Pico, pero no hay clima de tomas"}]},{"@type":"WebSite","@id":"https:\/\/diariotextual.com\/inicio\/#website","url":"https:\/\/diariotextual.com\/inicio\/","name":"Diario Textual","description":"","publisher":{"@id":"https:\/\/diariotextual.com\/inicio\/#organization"},"potentialAction":[{"@type":"SearchAction","target":{"@type":"EntryPoint","urlTemplate":"https:\/\/diariotextual.com\/inicio\/?s={search_term_string}"},"query-input":{"@type":"PropertyValueSpecification","valueRequired":true,"valueName":"search_term_string"}}],"inLanguage":"es"},{"@type":"Organization","@id":"https:\/\/diariotextual.com\/inicio\/#organization","name":"Diario Textual","url":"https:\/\/diariotextual.com\/inicio\/","logo":{"@type":"ImageObject","inLanguage":"es","@id":"https:\/\/diariotextual.com\/inicio\/#\/schema\/logo\/image\/","url":"https:\/\/diariotextual.com\/inicio\/wp-content\/uploads\/2023\/05\/logotextual1.jpg","contentUrl":"https:\/\/diariotextual.com\/inicio\/wp-content\/uploads\/2023\/05\/logotextual1.jpg","width":516,"height":76,"caption":"Diario Textual"},"image":{"@id":"https:\/\/diariotextual.com\/inicio\/#\/schema\/logo\/image\/"},"sameAs":["https:\/\/www.facebook.com\/eltextual","https:\/\/x.com\/eltextual","http:\/\/www.instagram.com\/eltextual"]},{"@type":"Person","@id":"https:\/\/diariotextual.com\/inicio\/#\/schema\/person\/418fc4093c33e86ed41562db3508f958","name":"Diario1 Diario1","image":{"@type":"ImageObject","inLanguage":"es","@id":"https:\/\/secure.gravatar.com\/avatar\/9167d280179c85bc18be67aa7eda765854300033af4896dd779b608640f2ef7a?s=96&d=mm&r=g","url":"https:\/\/secure.gravatar.com\/avatar\/9167d280179c85bc18be67aa7eda765854300033af4896dd779b608640f2ef7a?s=96&d=mm&r=g","contentUrl":"https:\/\/secure.gravatar.com\/avatar\/9167d280179c85bc18be67aa7eda765854300033af4896dd779b608640f2ef7a?s=96&d=mm&r=g","caption":"Diario1 Diario1"},"url":"https:\/\/diariotextual.com\/inicio\/index.php\/author\/diario1\/"}]}},"_links":{"self":[{"href":"https:\/\/diariotextual.com\/inicio\/index.php\/wp-json\/wp\/v2\/posts\/56535","targetHints":{"allow":["GET"]}}],"collection":[{"href":"https:\/\/diariotextual.com\/inicio\/index.php\/wp-json\/wp\/v2\/posts"}],"about":[{"href":"https:\/\/diariotextual.com\/inicio\/index.php\/wp-json\/wp\/v2\/types\/post"}],"author":[{"embeddable":true,"href":"https:\/\/diariotextual.com\/inicio\/index.php\/wp-json\/wp\/v2\/users\/3"}],"replies":[{"embeddable":true,"href":"https:\/\/diariotextual.com\/inicio\/index.php\/wp-json\/wp\/v2\/comments?post=56535"}],"version-history":[{"count":1,"href":"https:\/\/diariotextual.com\/inicio\/index.php\/wp-json\/wp\/v2\/posts\/56535\/revisions"}],"predecessor-version":[{"id":56537,"href":"https:\/\/diariotextual.com\/inicio\/index.php\/wp-json\/wp\/v2\/posts\/56535\/revisions\/56537"}],"wp:featuredmedia":[{"embeddable":true,"href":"https:\/\/diariotextual.com\/inicio\/index.php\/wp-json\/wp\/v2\/media\/30733"}],"wp:attachment":[{"href":"https:\/\/diariotextual.com\/inicio\/index.php\/wp-json\/wp\/v2\/media?parent=56535"}],"wp:term":[{"taxonomy":"category","embeddable":true,"href":"https:\/\/diariotextual.com\/inicio\/index.php\/wp-json\/wp\/v2\/categories?post=56535"},{"taxonomy":"post_tag","embeddable":true,"href":"https:\/\/diariotextual.com\/inicio\/index.php\/wp-json\/wp\/v2\/tags?post=56535"}],"curies":[{"name":"wp","href":"https:\/\/api.w.org\/{rel}","templated":true}]}}