{"id":56540,"date":"2019-07-20T11:40:36","date_gmt":"2019-07-20T14:40:36","guid":{"rendered":"http:\/\/diariotextual.com\/inicio\/?p=56540"},"modified":"2019-07-21T09:53:58","modified_gmt":"2019-07-21T12:53:58","slug":"la-emocionante-historia-virginia-la-pampeana-estrella-la-seleccion-nacional-basquet-adaptado","status":"publish","type":"post","link":"https:\/\/diariotextual.com\/inicio\/index.php\/2019\/07\/20\/la-emocionante-historia-virginia-la-pampeana-estrella-la-seleccion-nacional-basquet-adaptado\/","title":{"rendered":"La emocionante historia de Virginia, la pampeana estrella en la Selecci\u00f3n Nacional de B\u00e1squet Adaptado"},"content":{"rendered":"<div class=\"row pb-content-type-text\">\n<div class=\"col-xs-12 col-print-12\">\n<p class=\"element element-paragraph\">Virginia es inspiradora por donde se la mire. Tiene una historia de supervivencia, primero, porque para llegar hasta ac\u00e1 tuvo que sobrevivir. Y luego s\u00ed, de superaci\u00f3n. Su mam\u00e1 se llama Sol y,\u00a0mientras la llevaba en su viente, le dieron una terrible noticia.\u00a0<strong>\u00abSu hija no va a vivir m\u00e1s de dos o tres horas. Y, si sobrevive, va a esta postrada con una calidad de vida muy baja\u00bb.<\/strong><\/p>\n<\/div>\n<\/div>\n<div class=\"row pb-content-type-text\">\n<div class=\"col-xs-12 col-print-12\">\n<p class=\"element element-paragraph\"><strong>Sol Morello<\/strong>\u00a0-quien trabajaba en el Casino Club, en Santa Rosa- ten\u00eda 21 a\u00f1os cuando qued\u00f3 embarazada por primera vez. Entonces, estaba en pareja con Pablo, el pap\u00e1 de Virginia. A los tres meses empez\u00f3 con unas p\u00e9rdidas que la preocuparon y se hizo una eco. \u00abCuando la vieron me dijeron que el beb\u00e9 ten\u00eda un problema, aunque no sab\u00edan qu\u00e9\u00bb, cont\u00f3 a <a href=\"https:\/\/www.infobae.com\/sociedad\/2019\/07\/20\/la-emocionante-historia-de-la-nina-pampeana-que-no-iba-a-vivir-mas-de-tres-horas-y-hoy-es-estrella-en-la-seleccion-de-basquet-adaptado\/?fbclid=IwAR2QRNG5Cq4hrskQkysEMN9irkfsRtgyPl9RBjF-PxKVjbbRSbJVIA7VC-c\" target=\"_blank\" rel=\"noopener\"><strong>Infobae<\/strong><\/a>. Pod\u00eda ser una escoliosis porque se ve\u00eda una malformaci\u00f3n desde la columna hasta la cabeza. Tambi\u00e9n hablaron de labio leporino. Al mes se le produjo una hidrocefalia y vieron que hab\u00eda una deformaci\u00f3n en la columna. Finalmente\u00a0<strong>le diagnosticaron mielomeningocele<\/strong>\u00ab.<\/p>\n<\/div>\n<\/div>\n<div class=\"row pb-content-type-text\">\n<div class=\"col-xs-12 col-print-12\">\n<p class=\"element element-paragraph\">La mielomeningocele es una anomal\u00eda que empieza en el feto dentro del \u00fatero y provoca que la columna no termine de cerrarse. Le dicen \u00abespina b\u00edfida\u00bb y literalmente significa\u00a0<strong>\u00abcolumna partida\u00bb<\/strong>. Cuando recibi\u00f3 el primer diagn\u00f3stico, Sol viaj\u00f3 junto a su padre para hacerse una ecograf\u00eda 3D y el pron\u00f3stico del m\u00e9dico no fue\u00a0alentador:\u00a0<strong>\u00abNace y se muere, en un 99 por ciento. Te voy a dejar un por ciento de esperanza, por las dudas\u00bb<\/strong>, escuch\u00f3 Sol.<\/p>\n<\/div>\n<\/div>\n<div class=\"row pb-content-type-text\">\n<div class=\"col-xs-12 col-print-12\">\n<p class=\"element element-paragraph\">\u00bfC\u00f3mo sigui\u00f3 con el embarazo de un beb\u00e9 que probablemente tendr\u00eda minutos de vida? Sol sab\u00eda que ten\u00eda vida en su vientre, eligi\u00f3 un nombre para su hija,\u00a0<strong>le puso Virginia<\/strong>, se acarici\u00f3 la panza. Trat\u00f3 que esos nueve meses que solo ellas pod\u00edan explicar fueran \u00fanicos.\u00a0<strong>\u00abMe aferr\u00e9 al embarazo, disfrut\u00e9 de la panza a pesar de que arregl\u00e9 todo con los neonat\u00f3logos sabiendo que iba a ser mam\u00e1 un par de horas m\u00e1s\u00bb.<\/strong><\/p>\n<\/div>\n<p>El d\u00eda que sali\u00f3 para la cl\u00ednica, Sol no llev\u00f3 ropa para su beb\u00e9: \u00abTen\u00eda muy claro que mi hija no volv\u00eda conmigo a casa\u00bb.<\/p>\n<p>Virginia naci\u00f3 el 7 de enero de 2002 y sobrevivi\u00f3 a esos fatales primeros minutos. A las tres horas, el doctor Emilio Cano, un reconocido cirujano de La Pampa, intervino su columna (\u00able cerr\u00f3 el mielo\u00bb, explica la madre) despu\u00e9s de una operaci\u00f3n con mucha dificultad. Virginia se qued\u00f3 en terapia mientras Sol segu\u00eda mentalizada que de un momento a otro llegar\u00eda la peor noticia. Pero pas\u00f3 las primeras doce horas y la primera noche. Tambi\u00e9n sobrevivi\u00f3 una semana. Y a la segunda, el m\u00e9dico pidi\u00f3 habar con Sol: \u00abSe\u00f1ora, se puede ir con su hija, la beba tiene el alta\u00bb.<\/p>\n<\/div>\n<div class=\"row pb-content-type-text\">\n<div class=\"col-xs-12 col-print-12\">\n<p class=\"element element-paragraph\"><strong>\u00abMe sorprendieron con la mejor noticia de la vida. Era una lauchita de chiquita, midi\u00f3 39 cent\u00edmetros y yo no hab\u00eda llevado la ropa\u00bb<\/strong>, recuerda Sol que decidi\u00f3 luchar por su hija y empez\u00f3 un proceso fren\u00e9tico de estimulaci\u00f3n, rehabilitaciones y recorridas por centros terap\u00e9uticos.<\/p>\n<\/div>\n<\/div>\n<div class=\"row pb-content-type-text\">\n<div class=\"col-xs-12 col-print-12\">\n<p class=\"element element-paragraph\"><strong>Virginia no iba a poder caminar pero, lejos del pron\u00f3stico inicial que le hab\u00edan dado, iba a tener una vida plena y llena de desaf\u00edos.<\/strong><\/p>\n<\/div>\n<\/div>\n<div class=\"row pb-content-type-text\">\n<div class=\"col-xs-12 col-print-12\">\n<p class=\"element element-paragraph\">Si hay algo que hoy se critica Sol es c\u00f3mo cri\u00f3\u00a0a Virginia: la sobreprotegi\u00f3. \u00abLa cuid\u00e9 demasiado, le estuve muy encima, me daba un poco miedo dejarla sola\u2026\u00bb, aunque por la independencia que muestra su hija 17 a\u00f1os despu\u00e9s no deber\u00eda reprocharse\u00a0nada.<\/p>\n<\/div>\n<\/div>\n<div class=\"row pb-content-type-text\">\n<div class=\"col-xs-12 col-print-12\">\n<p class=\"element element-paragraph\">Desde que comenz\u00f3 a integrarse a la vida con otros chicos, Virginia mostr\u00f3 una adaptaci\u00f3n incre\u00edble. Y lo que parec\u00eda una carencia a veces fue una fortaleza.\u00a0<strong>\u00abSi hab\u00eda una carrera en el recreo yo ten\u00eda mis ruedas\u00bb,<\/strong>\u00a0cuenta. Y se suma a la\u00a0charla y\u00a0empieza a desdramatizar su situaci\u00f3n con algo de humor negro: \u00abUn d\u00eda le dije a mi abuela que no sent\u00eda las piernas\u00bb.<\/p>\n<\/div>\n<\/div>\n<div class=\"row pb-content-type-text\">\n<div class=\"col-xs-12 col-print-12\">\n<p class=\"element element-paragraph\">\u00bfC\u00f3mo fueron sus comienzos en el deporte grupal? Sol jugaba al cestoball y una tarde su hija la quiso acompa\u00f1ar al entrenamiento. Enseguida se enganch\u00f3 y empez\u00f3 a\u00a0ir todas las tardes junto a la madre al club Sportivo Toay, a 10 kil\u00f3metros de Santa Rosa. Una tarde, las compa\u00f1eras armaron un partido en sillas de ruedas y Virginia empez\u00f3 a jugar al cesto. \u00abLa sonrisa no me cab\u00eda en la cara\u00bb, recuerda.<\/p>\n<\/div>\n<\/div>\n<div class=\"row pb-content-type-text\">\n<div class=\"col-xs-12 col-print-12\">\n<p class=\"element element-paragraph\"><strong>Vir y Sol construyeron una relaci\u00f3n simbi\u00f3tica, no se separaban un segundo<\/strong>. La madre no la dejaba nunca sola. La ba\u00f1aba, la cambiaba y tambi\u00e9n cuidaba cada detalle por los problemas que\u00a0pod\u00eda provocarle su enfermedad. La dependencia era absoluta. Eso, hasta que lleg\u00f3 el b\u00e1squet a su vida.<\/p>\n<\/div>\n<\/div>\n<div class=\"row pb-content-type-text\">\n<div class=\"col-xs-12 col-print-12\">\n<p class=\"element element-paragraph\">Ahora es mi\u00e9rcoles, apenas pasado el mediod\u00eda, y Virginia Navarro pica la pelota naranja sobre el parquet del Club Belgrano de Santa Rosa, La Pampa. La chica que ya cumpli\u00f3 17 a\u00f1os (que\u00a0se luce jugando al b\u00e1squet) es un claro ejemplo de c\u00f3mo el deporte es clave a la hora de integrar y puede cambiar la vida de una persona discapacitada.<\/p>\n<\/div>\n<div class=\"row pb-content-type-text\">\n<div class=\"col-xs-12 col-print-12\">\n<p class=\"element element-paragraph\">Una tarde, a mediados de 2017, Romina Iglesias vio entrar a Virginia Navarro al Instituto Toay, donde hace la Secundaria. Romina encabeza el Programa Provincial de Deporte Adaptado de La Pampa junto a dos profesores m\u00e1s, Juan Cruz Colombier y Esteban Olivares.\u00a0Los tres se han convertido en una especie de sabuesos que buscan personas con discapacidad por Santa Rosa y alrededores para\u00a0<strong>invitarlos a practicar deportes<\/strong>. \u00abLos seguimos por todos lados, queremos integrarlos\u2026 \u00a1y somos insistentes!\u00bb, aceptan.<\/p>\n<\/div>\n<\/div>\n<div class=\"row pb-content-type-text\">\n<div class=\"col-xs-12 col-print-12\">\n<p class=\"element element-paragraph\">Aquel d\u00eda, Iglesias entr\u00f3 a l colegio para invitar a Virginia a hacer atletismo con otros chicos con discapacidades, pero la chica fue tajante:<strong>\u00a0\u00ab&#8216;No me interesa, yo juego federada al cestoball con chicos convencionales&#8217;, me contest\u00f3 y me sac\u00f3 rajando\u00bb<\/strong>, recuerda la profesora.<\/p>\n<\/div>\n<\/div>\n<div class=\"row pb-content-type-text\">\n<div class=\"col-xs-12 col-print-12\">\n<p class=\"element element-paragraph\">Ahora, Virginia reconoce que aquella respuesta ten\u00eda que ver con una especie de negaci\u00f3n.\u00a0<strong>\u00abMe relacionaba con convencionales para sentirme que era como ellos. De alguna manera, no quer\u00eda terminar de ver que yo ten\u00eda una discapacidad\u00bb<\/strong>, acepta la joven que en 2016 se convirti\u00f3 en la primera chica federada que jugaba cestoball en silla de ruedas.<\/p>\n<\/div>\n<\/div>\n<div class=\"row pb-content-type-text\">\n<div class=\"col-xs-12 col-print-12\">\n<p class=\"element element-paragraph\">Otra tarde fue Colombier el que habl\u00f3 con Sol para que invitara a su hija, aunque esta vez la propuesta fue el b\u00e1squet. \u00abNos cost\u00f3 convencerla, pero esa semana ven\u00eda la Selecci\u00f3n Nacional a La Pampa a concentrar con los chicos y a Virginia le divirti\u00f3 la idea\u00bb, recuerda Juan Cruz, el otro entrenador.<\/p>\n<\/div>\n<\/div>\n<div class=\"row pb-content-type-text\">\n<div class=\"col-xs-12 col-print-12\">\n<p class=\"element element-paragraph\">Ese fue el fin de semana que lo cambi\u00f3 todo. \u00abVirginia nunca se hab\u00eda quedado sola en ning\u00fan lado\u00bb, asegura Sol que vio c\u00f3mo su hija no tard\u00f3 en relacionarse con el resto de los chicos y\u00a0<strong>decidi\u00f3 pasar la noche en la concentraci\u00f3n a cargo de los profes.<\/strong>\u00a0Al d\u00eda siguiente, cuando se reencontraron madre e hija, algo hab\u00eda cambiado. B\u00e1sicamente,<strong>\u00a0ese cord\u00f3n umbilical invisible que las hab\u00eda mantenido inseparables durante 15 a\u00f1os se hab\u00eda cortado.<\/strong>\u00a0Y con \u00e9l, la dependencia.<strong>\u00a0\u00abLe dije que me iba a los Juegos Evita en el Chaco. Mi vieja no pod\u00eda creer que me fuera sola. Ese d\u00eda empec\u00e9 a independizarme\u00bb.<\/strong><\/p>\n<\/div>\n<\/div>\n<\/div>\n<div class=\"row pb-content-type-text\">\n<div class=\"col-xs-12 col-print-12\">\n<p class=\"element element-paragraph\">Virginia comenz\u00f3 a jugar al b\u00e1squet y a cambiar su vida. Fue la manija del equipo local que consigui\u00f3 el tercero y el cuarto puesto a nivel nacional de los \u00faltimos a\u00f1os. Empez\u00f3 a jugar en 2017 y ya\u00a0<strong>fue convocada a la Selecci\u00f3n Nacional de B\u00e1squet Adaptado, lo que le permiti\u00f3 recibir una beca y que le dieran una silla profesional.<\/strong>\u00a0Un detalle no menor: Virginia tiene 17 a\u00f1os y su compa\u00f1era m\u00e1s grande del seleccionado cuenta 38.<\/p>\n<\/div>\n<\/div>\n<div class=\"row pb-content-type-text\">\n<div class=\"col-xs-12 col-print-12\">\n<p class=\"element element-paragraph\"><strong>\u00abEl b\u00e1squet me cambi\u00f3 la vida\u00bb<\/strong>, cuenta Vir, como le dicen sus amigos. Es que, desde que se puso la camiseta nacional, empez\u00f3 a codearse con mujeres con sus mismos problemas pero con m\u00e1s experiencia. Y ellas le ense\u00f1aron a valerse por s\u00ed misma: \u00abLas chicas se portan re bien conmigo, me apoyaron ni bien llegu\u00e9. Desde prestarme camisetas hasta educarme para no depender m\u00e1s de mam\u00e1 ni de nadie.\u00a0<strong>Ellas me dieron las instrucciones para hacer el cateterismo yo misma, me ense\u00f1aron a cambiarme, a ba\u00f1arme\u2026 Si quisiera, hoy podr\u00eda vivir sola, algo que un tiempo atr\u00e1s era impensado<\/strong>\u00ab, dice.<\/p>\n<\/div>\n<\/div>\n<div class=\"row pb-content-type-text\">\n<div class=\"col-xs-12 col-print-12\">\n<p class=\"element element-paragraph\">Y cuenta que el a\u00f1o que viene planea iniciar la Universidad, aunque tiene un deseo. \u00abNo quiero que el estudio postergue mi carrera deportiva, voy a complementarlo\u00bb, dice.<\/p>\n<\/div>\n<p>&nbsp;<\/p>\n<p>&nbsp;<\/p>\n<\/div>\n","protected":false},"excerpt":{"rendered":"<p>Virginia es inspiradora por donde se la mire. Tiene una historia de supervivencia, primero, porque para llegar hasta ac\u00e1 tuvo que sobrevivir. Y luego s\u00ed, de superaci\u00f3n. Su mam\u00e1 se&hellip;<\/p>\n","protected":false},"author":3,"featured_media":56542,"comment_status":"closed","ping_status":"open","sticky":false,"template":"","format":"standard","meta":{"_acf_changed":false,"footnotes":""},"categories":[319,12],"tags":[2104],"class_list":["post-56540","post","type-post","status-publish","format-standard","has-post-thumbnail","hentry","category-a-temporales","category-sociedad","tag-virginia"],"acf":[],"yoast_head":"<!-- This site is optimized with the Yoast SEO plugin v27.5 - https:\/\/yoast.com\/product\/yoast-seo-wordpress\/ -->\n<title>La emocionante historia de Virginia, la pampeana estrella en la Selecci\u00f3n Nacional de B\u00e1squet Adaptado - Diario Textual<\/title>\n<meta name=\"robots\" content=\"index, follow, max-snippet:-1, max-image-preview:large, max-video-preview:-1\" \/>\n<link rel=\"canonical\" href=\"https:\/\/diariotextual.com\/inicio\/index.php\/2019\/07\/20\/la-emocionante-historia-virginia-la-pampeana-estrella-la-seleccion-nacional-basquet-adaptado\/\" \/>\n<meta property=\"og:locale\" content=\"es_ES\" \/>\n<meta property=\"og:type\" content=\"article\" \/>\n<meta property=\"og:title\" content=\"La emocionante historia de Virginia, la pampeana estrella en la Selecci\u00f3n Nacional de B\u00e1squet Adaptado - Diario Textual\" \/>\n<meta property=\"og:description\" content=\"Virginia es inspiradora por donde se la mire. Tiene una historia de supervivencia, primero, porque para llegar hasta ac\u00e1 tuvo que sobrevivir. Y luego s\u00ed, de superaci\u00f3n. Su mam\u00e1 se&hellip;\" \/>\n<meta property=\"og:url\" content=\"https:\/\/diariotextual.com\/inicio\/index.php\/2019\/07\/20\/la-emocionante-historia-virginia-la-pampeana-estrella-la-seleccion-nacional-basquet-adaptado\/\" \/>\n<meta property=\"og:site_name\" content=\"Diario Textual\" \/>\n<meta property=\"article:publisher\" content=\"https:\/\/www.facebook.com\/eltextual\" \/>\n<meta property=\"article:published_time\" content=\"2019-07-20T14:40:36+00:00\" \/>\n<meta property=\"article:modified_time\" content=\"2019-07-21T12:53:58+00:00\" \/>\n<meta property=\"og:image\" content=\"https:\/\/diariotextual.com\/inicio\/wp-content\/uploads\/2019\/07\/virginianavarro1.jpg\" \/>\n\t<meta property=\"og:image:width\" content=\"559\" \/>\n\t<meta property=\"og:image:height\" content=\"420\" \/>\n\t<meta property=\"og:image:type\" content=\"image\/jpeg\" \/>\n<meta name=\"author\" content=\"Diario1 Diario1\" \/>\n<meta name=\"twitter:card\" content=\"summary_large_image\" \/>\n<meta name=\"twitter:creator\" content=\"@eltextual\" \/>\n<meta name=\"twitter:site\" content=\"@eltextual\" \/>\n<meta name=\"twitter:label1\" content=\"Escrito por\" \/>\n\t<meta name=\"twitter:data1\" content=\"Diario1 Diario1\" \/>\n\t<meta name=\"twitter:label2\" content=\"Tiempo de lectura\" \/>\n\t<meta name=\"twitter:data2\" content=\"7 minutos\" \/>\n<script type=\"application\/ld+json\" class=\"yoast-schema-graph\">{\"@context\":\"https:\\\/\\\/schema.org\",\"@graph\":[{\"@type\":\"Article\",\"@id\":\"https:\\\/\\\/diariotextual.com\\\/inicio\\\/index.php\\\/2019\\\/07\\\/20\\\/la-emocionante-historia-virginia-la-pampeana-estrella-la-seleccion-nacional-basquet-adaptado\\\/#article\",\"isPartOf\":{\"@id\":\"https:\\\/\\\/diariotextual.com\\\/inicio\\\/index.php\\\/2019\\\/07\\\/20\\\/la-emocionante-historia-virginia-la-pampeana-estrella-la-seleccion-nacional-basquet-adaptado\\\/\"},\"author\":{\"name\":\"Diario1 Diario1\",\"@id\":\"https:\\\/\\\/diariotextual.com\\\/inicio\\\/#\\\/schema\\\/person\\\/418fc4093c33e86ed41562db3508f958\"},\"headline\":\"La emocionante historia de Virginia, la pampeana estrella en la Selecci\u00f3n Nacional de B\u00e1squet Adaptado\",\"datePublished\":\"2019-07-20T14:40:36+00:00\",\"dateModified\":\"2019-07-21T12:53:58+00:00\",\"mainEntityOfPage\":{\"@id\":\"https:\\\/\\\/diariotextual.com\\\/inicio\\\/index.php\\\/2019\\\/07\\\/20\\\/la-emocionante-historia-virginia-la-pampeana-estrella-la-seleccion-nacional-basquet-adaptado\\\/\"},\"wordCount\":1484,\"publisher\":{\"@id\":\"https:\\\/\\\/diariotextual.com\\\/inicio\\\/#organization\"},\"image\":{\"@id\":\"https:\\\/\\\/diariotextual.com\\\/inicio\\\/index.php\\\/2019\\\/07\\\/20\\\/la-emocionante-historia-virginia-la-pampeana-estrella-la-seleccion-nacional-basquet-adaptado\\\/#primaryimage\"},\"thumbnailUrl\":\"https:\\\/\\\/diariotextual.com\\\/inicio\\\/wp-content\\\/uploads\\\/2019\\\/07\\\/virginianavarro1.jpg\",\"keywords\":[\"virginia\"],\"articleSection\":[\"A - TEMPORALES\",\"SOCIEDAD\"],\"inLanguage\":\"es\"},{\"@type\":\"WebPage\",\"@id\":\"https:\\\/\\\/diariotextual.com\\\/inicio\\\/index.php\\\/2019\\\/07\\\/20\\\/la-emocionante-historia-virginia-la-pampeana-estrella-la-seleccion-nacional-basquet-adaptado\\\/\",\"url\":\"https:\\\/\\\/diariotextual.com\\\/inicio\\\/index.php\\\/2019\\\/07\\\/20\\\/la-emocionante-historia-virginia-la-pampeana-estrella-la-seleccion-nacional-basquet-adaptado\\\/\",\"name\":\"La emocionante historia de Virginia, la pampeana estrella en la Selecci\u00f3n Nacional de B\u00e1squet Adaptado - Diario Textual\",\"isPartOf\":{\"@id\":\"https:\\\/\\\/diariotextual.com\\\/inicio\\\/#website\"},\"primaryImageOfPage\":{\"@id\":\"https:\\\/\\\/diariotextual.com\\\/inicio\\\/index.php\\\/2019\\\/07\\\/20\\\/la-emocionante-historia-virginia-la-pampeana-estrella-la-seleccion-nacional-basquet-adaptado\\\/#primaryimage\"},\"image\":{\"@id\":\"https:\\\/\\\/diariotextual.com\\\/inicio\\\/index.php\\\/2019\\\/07\\\/20\\\/la-emocionante-historia-virginia-la-pampeana-estrella-la-seleccion-nacional-basquet-adaptado\\\/#primaryimage\"},\"thumbnailUrl\":\"https:\\\/\\\/diariotextual.com\\\/inicio\\\/wp-content\\\/uploads\\\/2019\\\/07\\\/virginianavarro1.jpg\",\"datePublished\":\"2019-07-20T14:40:36+00:00\",\"dateModified\":\"2019-07-21T12:53:58+00:00\",\"breadcrumb\":{\"@id\":\"https:\\\/\\\/diariotextual.com\\\/inicio\\\/index.php\\\/2019\\\/07\\\/20\\\/la-emocionante-historia-virginia-la-pampeana-estrella-la-seleccion-nacional-basquet-adaptado\\\/#breadcrumb\"},\"inLanguage\":\"es\",\"potentialAction\":[{\"@type\":\"ReadAction\",\"target\":[\"https:\\\/\\\/diariotextual.com\\\/inicio\\\/index.php\\\/2019\\\/07\\\/20\\\/la-emocionante-historia-virginia-la-pampeana-estrella-la-seleccion-nacional-basquet-adaptado\\\/\"]}]},{\"@type\":\"ImageObject\",\"inLanguage\":\"es\",\"@id\":\"https:\\\/\\\/diariotextual.com\\\/inicio\\\/index.php\\\/2019\\\/07\\\/20\\\/la-emocionante-historia-virginia-la-pampeana-estrella-la-seleccion-nacional-basquet-adaptado\\\/#primaryimage\",\"url\":\"https:\\\/\\\/diariotextual.com\\\/inicio\\\/wp-content\\\/uploads\\\/2019\\\/07\\\/virginianavarro1.jpg\",\"contentUrl\":\"https:\\\/\\\/diariotextual.com\\\/inicio\\\/wp-content\\\/uploads\\\/2019\\\/07\\\/virginianavarro1.jpg\",\"width\":559,\"height\":420},{\"@type\":\"BreadcrumbList\",\"@id\":\"https:\\\/\\\/diariotextual.com\\\/inicio\\\/index.php\\\/2019\\\/07\\\/20\\\/la-emocionante-historia-virginia-la-pampeana-estrella-la-seleccion-nacional-basquet-adaptado\\\/#breadcrumb\",\"itemListElement\":[{\"@type\":\"ListItem\",\"position\":1,\"name\":\"Portada\",\"item\":\"https:\\\/\\\/diariotextual.com\\\/inicio\\\/\"},{\"@type\":\"ListItem\",\"position\":2,\"name\":\"La emocionante historia de Virginia, la pampeana estrella en la Selecci\u00f3n Nacional de B\u00e1squet Adaptado\"}]},{\"@type\":\"WebSite\",\"@id\":\"https:\\\/\\\/diariotextual.com\\\/inicio\\\/#website\",\"url\":\"https:\\\/\\\/diariotextual.com\\\/inicio\\\/\",\"name\":\"Diario Textual\",\"description\":\"\",\"publisher\":{\"@id\":\"https:\\\/\\\/diariotextual.com\\\/inicio\\\/#organization\"},\"potentialAction\":[{\"@type\":\"SearchAction\",\"target\":{\"@type\":\"EntryPoint\",\"urlTemplate\":\"https:\\\/\\\/diariotextual.com\\\/inicio\\\/?s={search_term_string}\"},\"query-input\":{\"@type\":\"PropertyValueSpecification\",\"valueRequired\":true,\"valueName\":\"search_term_string\"}}],\"inLanguage\":\"es\"},{\"@type\":\"Organization\",\"@id\":\"https:\\\/\\\/diariotextual.com\\\/inicio\\\/#organization\",\"name\":\"Diario Textual\",\"url\":\"https:\\\/\\\/diariotextual.com\\\/inicio\\\/\",\"logo\":{\"@type\":\"ImageObject\",\"inLanguage\":\"es\",\"@id\":\"https:\\\/\\\/diariotextual.com\\\/inicio\\\/#\\\/schema\\\/logo\\\/image\\\/\",\"url\":\"https:\\\/\\\/diariotextual.com\\\/inicio\\\/wp-content\\\/uploads\\\/2023\\\/05\\\/logotextual1.jpg\",\"contentUrl\":\"https:\\\/\\\/diariotextual.com\\\/inicio\\\/wp-content\\\/uploads\\\/2023\\\/05\\\/logotextual1.jpg\",\"width\":516,\"height\":76,\"caption\":\"Diario Textual\"},\"image\":{\"@id\":\"https:\\\/\\\/diariotextual.com\\\/inicio\\\/#\\\/schema\\\/logo\\\/image\\\/\"},\"sameAs\":[\"https:\\\/\\\/www.facebook.com\\\/eltextual\",\"https:\\\/\\\/x.com\\\/eltextual\",\"http:\\\/\\\/www.instagram.com\\\/eltextual\"]},{\"@type\":\"Person\",\"@id\":\"https:\\\/\\\/diariotextual.com\\\/inicio\\\/#\\\/schema\\\/person\\\/418fc4093c33e86ed41562db3508f958\",\"name\":\"Diario1 Diario1\",\"image\":{\"@type\":\"ImageObject\",\"inLanguage\":\"es\",\"@id\":\"https:\\\/\\\/secure.gravatar.com\\\/avatar\\\/9167d280179c85bc18be67aa7eda765854300033af4896dd779b608640f2ef7a?s=96&d=mm&r=g\",\"url\":\"https:\\\/\\\/secure.gravatar.com\\\/avatar\\\/9167d280179c85bc18be67aa7eda765854300033af4896dd779b608640f2ef7a?s=96&d=mm&r=g\",\"contentUrl\":\"https:\\\/\\\/secure.gravatar.com\\\/avatar\\\/9167d280179c85bc18be67aa7eda765854300033af4896dd779b608640f2ef7a?s=96&d=mm&r=g\",\"caption\":\"Diario1 Diario1\"},\"url\":\"https:\\\/\\\/diariotextual.com\\\/inicio\\\/index.php\\\/author\\\/diario1\\\/\"}]}<\/script>\n<!-- \/ Yoast SEO plugin. -->","yoast_head_json":{"title":"La emocionante historia de Virginia, la pampeana estrella en la Selecci\u00f3n Nacional de B\u00e1squet Adaptado - Diario Textual","robots":{"index":"index","follow":"follow","max-snippet":"max-snippet:-1","max-image-preview":"max-image-preview:large","max-video-preview":"max-video-preview:-1"},"canonical":"https:\/\/diariotextual.com\/inicio\/index.php\/2019\/07\/20\/la-emocionante-historia-virginia-la-pampeana-estrella-la-seleccion-nacional-basquet-adaptado\/","og_locale":"es_ES","og_type":"article","og_title":"La emocionante historia de Virginia, la pampeana estrella en la Selecci\u00f3n Nacional de B\u00e1squet Adaptado - Diario Textual","og_description":"Virginia es inspiradora por donde se la mire. Tiene una historia de supervivencia, primero, porque para llegar hasta ac\u00e1 tuvo que sobrevivir. Y luego s\u00ed, de superaci\u00f3n. Su mam\u00e1 se&hellip;","og_url":"https:\/\/diariotextual.com\/inicio\/index.php\/2019\/07\/20\/la-emocionante-historia-virginia-la-pampeana-estrella-la-seleccion-nacional-basquet-adaptado\/","og_site_name":"Diario Textual","article_publisher":"https:\/\/www.facebook.com\/eltextual","article_published_time":"2019-07-20T14:40:36+00:00","article_modified_time":"2019-07-21T12:53:58+00:00","og_image":[{"width":559,"height":420,"url":"https:\/\/diariotextual.com\/inicio\/wp-content\/uploads\/2019\/07\/virginianavarro1.jpg","type":"image\/jpeg"}],"author":"Diario1 Diario1","twitter_card":"summary_large_image","twitter_creator":"@eltextual","twitter_site":"@eltextual","twitter_misc":{"Escrito por":"Diario1 Diario1","Tiempo de lectura":"7 minutos"},"schema":{"@context":"https:\/\/schema.org","@graph":[{"@type":"Article","@id":"https:\/\/diariotextual.com\/inicio\/index.php\/2019\/07\/20\/la-emocionante-historia-virginia-la-pampeana-estrella-la-seleccion-nacional-basquet-adaptado\/#article","isPartOf":{"@id":"https:\/\/diariotextual.com\/inicio\/index.php\/2019\/07\/20\/la-emocionante-historia-virginia-la-pampeana-estrella-la-seleccion-nacional-basquet-adaptado\/"},"author":{"name":"Diario1 Diario1","@id":"https:\/\/diariotextual.com\/inicio\/#\/schema\/person\/418fc4093c33e86ed41562db3508f958"},"headline":"La emocionante historia de Virginia, la pampeana estrella en la Selecci\u00f3n Nacional de B\u00e1squet Adaptado","datePublished":"2019-07-20T14:40:36+00:00","dateModified":"2019-07-21T12:53:58+00:00","mainEntityOfPage":{"@id":"https:\/\/diariotextual.com\/inicio\/index.php\/2019\/07\/20\/la-emocionante-historia-virginia-la-pampeana-estrella-la-seleccion-nacional-basquet-adaptado\/"},"wordCount":1484,"publisher":{"@id":"https:\/\/diariotextual.com\/inicio\/#organization"},"image":{"@id":"https:\/\/diariotextual.com\/inicio\/index.php\/2019\/07\/20\/la-emocionante-historia-virginia-la-pampeana-estrella-la-seleccion-nacional-basquet-adaptado\/#primaryimage"},"thumbnailUrl":"https:\/\/diariotextual.com\/inicio\/wp-content\/uploads\/2019\/07\/virginianavarro1.jpg","keywords":["virginia"],"articleSection":["A - TEMPORALES","SOCIEDAD"],"inLanguage":"es"},{"@type":"WebPage","@id":"https:\/\/diariotextual.com\/inicio\/index.php\/2019\/07\/20\/la-emocionante-historia-virginia-la-pampeana-estrella-la-seleccion-nacional-basquet-adaptado\/","url":"https:\/\/diariotextual.com\/inicio\/index.php\/2019\/07\/20\/la-emocionante-historia-virginia-la-pampeana-estrella-la-seleccion-nacional-basquet-adaptado\/","name":"La emocionante historia de Virginia, la pampeana estrella en la Selecci\u00f3n Nacional de B\u00e1squet Adaptado - Diario Textual","isPartOf":{"@id":"https:\/\/diariotextual.com\/inicio\/#website"},"primaryImageOfPage":{"@id":"https:\/\/diariotextual.com\/inicio\/index.php\/2019\/07\/20\/la-emocionante-historia-virginia-la-pampeana-estrella-la-seleccion-nacional-basquet-adaptado\/#primaryimage"},"image":{"@id":"https:\/\/diariotextual.com\/inicio\/index.php\/2019\/07\/20\/la-emocionante-historia-virginia-la-pampeana-estrella-la-seleccion-nacional-basquet-adaptado\/#primaryimage"},"thumbnailUrl":"https:\/\/diariotextual.com\/inicio\/wp-content\/uploads\/2019\/07\/virginianavarro1.jpg","datePublished":"2019-07-20T14:40:36+00:00","dateModified":"2019-07-21T12:53:58+00:00","breadcrumb":{"@id":"https:\/\/diariotextual.com\/inicio\/index.php\/2019\/07\/20\/la-emocionante-historia-virginia-la-pampeana-estrella-la-seleccion-nacional-basquet-adaptado\/#breadcrumb"},"inLanguage":"es","potentialAction":[{"@type":"ReadAction","target":["https:\/\/diariotextual.com\/inicio\/index.php\/2019\/07\/20\/la-emocionante-historia-virginia-la-pampeana-estrella-la-seleccion-nacional-basquet-adaptado\/"]}]},{"@type":"ImageObject","inLanguage":"es","@id":"https:\/\/diariotextual.com\/inicio\/index.php\/2019\/07\/20\/la-emocionante-historia-virginia-la-pampeana-estrella-la-seleccion-nacional-basquet-adaptado\/#primaryimage","url":"https:\/\/diariotextual.com\/inicio\/wp-content\/uploads\/2019\/07\/virginianavarro1.jpg","contentUrl":"https:\/\/diariotextual.com\/inicio\/wp-content\/uploads\/2019\/07\/virginianavarro1.jpg","width":559,"height":420},{"@type":"BreadcrumbList","@id":"https:\/\/diariotextual.com\/inicio\/index.php\/2019\/07\/20\/la-emocionante-historia-virginia-la-pampeana-estrella-la-seleccion-nacional-basquet-adaptado\/#breadcrumb","itemListElement":[{"@type":"ListItem","position":1,"name":"Portada","item":"https:\/\/diariotextual.com\/inicio\/"},{"@type":"ListItem","position":2,"name":"La emocionante historia de Virginia, la pampeana estrella en la Selecci\u00f3n Nacional de B\u00e1squet Adaptado"}]},{"@type":"WebSite","@id":"https:\/\/diariotextual.com\/inicio\/#website","url":"https:\/\/diariotextual.com\/inicio\/","name":"Diario Textual","description":"","publisher":{"@id":"https:\/\/diariotextual.com\/inicio\/#organization"},"potentialAction":[{"@type":"SearchAction","target":{"@type":"EntryPoint","urlTemplate":"https:\/\/diariotextual.com\/inicio\/?s={search_term_string}"},"query-input":{"@type":"PropertyValueSpecification","valueRequired":true,"valueName":"search_term_string"}}],"inLanguage":"es"},{"@type":"Organization","@id":"https:\/\/diariotextual.com\/inicio\/#organization","name":"Diario Textual","url":"https:\/\/diariotextual.com\/inicio\/","logo":{"@type":"ImageObject","inLanguage":"es","@id":"https:\/\/diariotextual.com\/inicio\/#\/schema\/logo\/image\/","url":"https:\/\/diariotextual.com\/inicio\/wp-content\/uploads\/2023\/05\/logotextual1.jpg","contentUrl":"https:\/\/diariotextual.com\/inicio\/wp-content\/uploads\/2023\/05\/logotextual1.jpg","width":516,"height":76,"caption":"Diario Textual"},"image":{"@id":"https:\/\/diariotextual.com\/inicio\/#\/schema\/logo\/image\/"},"sameAs":["https:\/\/www.facebook.com\/eltextual","https:\/\/x.com\/eltextual","http:\/\/www.instagram.com\/eltextual"]},{"@type":"Person","@id":"https:\/\/diariotextual.com\/inicio\/#\/schema\/person\/418fc4093c33e86ed41562db3508f958","name":"Diario1 Diario1","image":{"@type":"ImageObject","inLanguage":"es","@id":"https:\/\/secure.gravatar.com\/avatar\/9167d280179c85bc18be67aa7eda765854300033af4896dd779b608640f2ef7a?s=96&d=mm&r=g","url":"https:\/\/secure.gravatar.com\/avatar\/9167d280179c85bc18be67aa7eda765854300033af4896dd779b608640f2ef7a?s=96&d=mm&r=g","contentUrl":"https:\/\/secure.gravatar.com\/avatar\/9167d280179c85bc18be67aa7eda765854300033af4896dd779b608640f2ef7a?s=96&d=mm&r=g","caption":"Diario1 Diario1"},"url":"https:\/\/diariotextual.com\/inicio\/index.php\/author\/diario1\/"}]}},"_links":{"self":[{"href":"https:\/\/diariotextual.com\/inicio\/index.php\/wp-json\/wp\/v2\/posts\/56540","targetHints":{"allow":["GET"]}}],"collection":[{"href":"https:\/\/diariotextual.com\/inicio\/index.php\/wp-json\/wp\/v2\/posts"}],"about":[{"href":"https:\/\/diariotextual.com\/inicio\/index.php\/wp-json\/wp\/v2\/types\/post"}],"author":[{"embeddable":true,"href":"https:\/\/diariotextual.com\/inicio\/index.php\/wp-json\/wp\/v2\/users\/3"}],"replies":[{"embeddable":true,"href":"https:\/\/diariotextual.com\/inicio\/index.php\/wp-json\/wp\/v2\/comments?post=56540"}],"version-history":[{"count":5,"href":"https:\/\/diariotextual.com\/inicio\/index.php\/wp-json\/wp\/v2\/posts\/56540\/revisions"}],"predecessor-version":[{"id":56546,"href":"https:\/\/diariotextual.com\/inicio\/index.php\/wp-json\/wp\/v2\/posts\/56540\/revisions\/56546"}],"wp:featuredmedia":[{"embeddable":true,"href":"https:\/\/diariotextual.com\/inicio\/index.php\/wp-json\/wp\/v2\/media\/56542"}],"wp:attachment":[{"href":"https:\/\/diariotextual.com\/inicio\/index.php\/wp-json\/wp\/v2\/media?parent=56540"}],"wp:term":[{"taxonomy":"category","embeddable":true,"href":"https:\/\/diariotextual.com\/inicio\/index.php\/wp-json\/wp\/v2\/categories?post=56540"},{"taxonomy":"post_tag","embeddable":true,"href":"https:\/\/diariotextual.com\/inicio\/index.php\/wp-json\/wp\/v2\/tags?post=56540"}],"curies":[{"name":"wp","href":"https:\/\/api.w.org\/{rel}","templated":true}]}}