{"id":56576,"date":"2019-07-20T21:14:34","date_gmt":"2019-07-21T00:14:34","guid":{"rendered":"http:\/\/diariotextual.com\/inicio\/?p=56576"},"modified":"2019-07-21T19:44:48","modified_gmt":"2019-07-21T22:44:48","slug":"ruralistas-quemu-pidieron-no-les-envien-mas-agua-no-plan-integral","status":"publish","type":"post","link":"https:\/\/diariotextual.com\/inicio\/index.php\/2019\/07\/20\/ruralistas-quemu-pidieron-no-les-envien-mas-agua-no-plan-integral\/","title":{"rendered":"Ruralistas de Quem\u00fa pidieron que no les env\u00eden m\u00e1s agua si no hay un \u00abplan integral\u00bb"},"content":{"rendered":"<p>Integrantes de la<strong> Sociedad Rural del Departamento de Quem\u00fa Quem\u00fa<\/strong> salieron este fin de semana al cruce de dirigentes del<strong> Distrito 8 de Federaci\u00f3n Agraria Argentina (FAA)<\/strong>, que recientemente <a href=\"http:\/\/diariotextual.com\/inicio\/index.php\/2019\/07\/14\/la-faa-volvio-pedir-mas-obras-prevenir-las-inundaciones-norte-pampeano\/\" target=\"_blank\" rel=\"noopener\"><strong>volvieron a reclamar m\u00e1s obras en el norte pampeano<\/strong><\/a> para prevenir nuevas inundaciones. <strong>Los ruralistas de Quem\u00fa, Bar\u00f3n, Can\u00e9 y Relmo dijeron que, antes de hacer m\u00e1s canales aguas arriba, se debe realizar un \u00abplan integral\u00bb\u00a0<\/strong>que, entre otros puntos, <strong>contemple c\u00f3mo derivar el agua desde La Pampa al oeste de la provincia de Buenos Aires<\/strong>.<\/p>\n<p><img fetchpriority=\"high\" decoding=\"async\" class=\"alignnone wp-image-34911 \" src=\"http:\/\/diariotextual.com\/inicio\/wp-content\/uploads\/2019\/01\/inundacionvanpraet2017-1011.jpg\" alt=\"\" width=\"655\" height=\"437\" srcset=\"https:\/\/diariotextual.com\/inicio\/wp-content\/uploads\/2019\/01\/inundacionvanpraet2017-1011.jpg 960w, https:\/\/diariotextual.com\/inicio\/wp-content\/uploads\/2019\/01\/inundacionvanpraet2017-1011-300x200.jpg 300w, https:\/\/diariotextual.com\/inicio\/wp-content\/uploads\/2019\/01\/inundacionvanpraet2017-1011-768x513.jpg 768w, https:\/\/diariotextual.com\/inicio\/wp-content\/uploads\/2019\/01\/inundacionvanpraet2017-1011-585x391.jpg 585w, https:\/\/diariotextual.com\/inicio\/wp-content\/uploads\/2019\/01\/inundacionvanpraet2017-1011-263x175.jpg 263w\" sizes=\"(max-width: 655px) 100vw, 655px\" \/><\/p>\n<p>\u00bfCu\u00e1l es el temor? Que los productores rurales del departamento Quem\u00fa consideran que, si eventualmente se hacen m\u00e1s canales aguas arriba, podr\u00edan sufrir a\u00fan m\u00e1s las inundaciones.<\/p>\n<p>La situaci\u00f3n parece haber nacido de un malentendido entre los propios productores rurales. Es que los federados, ya en febrero, reclamaron que se realizaran las \u201cobras definitivas\u201d para el drenaje de los excesos h\u00eddricos del norte pampeano: dijeron que<a href=\"http:\/\/diariotextual.com\/inicio\/index.php\/2019\/02\/09\/evitar-inundaciones-la-faa-pide-verna-enviar-agua-la-pampa-buenos-aires\/\" target=\"_blank\" rel=\"noopener\"><strong> el agua debe seguir su camino, por pendiente natural, hacia provincia de Buenos Aires y desde all\u00ed al mar Argentino<\/strong><\/a>.<\/p>\n<p>Hace una semana<a href=\"http:\/\/diariotextual.com\/inicio\/index.php\/2019\/07\/14\/la-faa-volvio-pedir-mas-obras-prevenir-las-inundaciones-norte-pampeano\/\" target=\"_blank\" rel=\"noopener\"><strong> volvieron a reclamar<\/strong><\/a>. Pero<strong> esta vez no mencionaron que el agua deb\u00eda seguir su curso a provincia de Buenos Aires: solo solicitaron por obras en la zona de Embajador Martini<\/strong> y la zona.<\/p>\n<p>&nbsp;<\/p>\n<blockquote class=\"wp-embedded-content\" data-secret=\"DdAuveyIb6\"><p><a href=\"http:\/\/diariotextual.com\/inicio\/index.php\/2019\/07\/14\/la-faa-volvio-pedir-mas-obras-prevenir-las-inundaciones-norte-pampeano\/\">La FAA volvi\u00f3 a pedir m\u00e1s obras para prevenir las inundaciones en el norte pampeano<\/a><\/p><\/blockquote>\n<p><iframe class=\"wp-embedded-content\" sandbox=\"allow-scripts\" security=\"restricted\" style=\"position: absolute; clip: rect(1px, 1px, 1px, 1px);\" src=\"http:\/\/diariotextual.com\/inicio\/index.php\/2019\/07\/14\/la-faa-volvio-pedir-mas-obras-prevenir-las-inundaciones-norte-pampeano\/embed\/#?secret=DdAuveyIb6\" data-secret=\"DdAuveyIb6\" width=\"600\" height=\"338\" title=\"&#171;La FAA volvi\u00f3 a pedir m\u00e1s obras para prevenir las inundaciones en el norte pampeano&#187; &#8212; Diario Textual\" frameborder=\"0\" marginwidth=\"0\" marginheight=\"0\" scrolling=\"no\"><\/iframe><\/p>\n<p>&nbsp;<\/p>\n<p>De esa manera, <strong>pareci\u00f3 quedar nuevamente Quem\u00fa como la \u201czona de sacrificio\u201d<\/strong> del nordeste pampeano. Lo cierto es que los quemuenses temen que, si se hacen esas obras aguas arriba, la regi\u00f3n se vuelva a anegar.<\/p>\n<p>\u00ab<strong>No estamos de acuerdo con la realizaci\u00f3n de nuevas obras al norte de nuestra provincia, sin antes contar con un plan integral que incluya a todos los aguas abajo y fundamentalmente resolver la salida de agua de nuestro departamento<\/strong>\u201d, alertaron desde la Sociedad Rural de Quem\u00fa en un documento. \u201cEnti\u00e9ndase por plan integral una forma racional de regular caudales, debido a que estos episodios se dan una vez cada 15 o 20 a\u00f1os. Para lograrlo,<strong> profesionales en la materia deber\u00e1n realizar estudios, adaptados a las nuevas realidades agroecol\u00f3gicas de la regi\u00f3n<\/strong>\u201d, sostuvieron.<\/p>\n<p>&nbsp;<\/p>\n<p><strong>Expropiaciones<\/strong><\/p>\n<p>Alertaron tambi\u00e9n que <strong>no soportar\u00e1n m\u00e1s expropiaciones<\/strong> de campos. \u201cNos oponemos enf\u00e1ticamente a nuevas expropiaciones y llamamos a todos a un dialogo sincero, entendiendo que de nada sirve el bienestar de unos destruyendo el de otros comprovincianos\u201d, dijeron.<\/p>\n<p>&nbsp;<\/p>\n<p><strong>Cambio de postura del Estado<\/strong><\/p>\n<p>La zona de Quem\u00fa es una de las \u201cm\u00e1s bajas\u201d del norte provincial. Por eso, hace unos veinte a\u00f1os, profesionales del <strong>Instituto Dan\u00e9s de Hidr\u00e1ulica<\/strong> propusieron que all\u00ed se concentrara una <strong>\u201czona de sacrificio\u201d<\/strong> para menguar los efectos de los excesos h\u00eddricos.<\/p>\n<p><img decoding=\"async\" class=\"alignnone wp-image-37425 \" src=\"http:\/\/diariotextual.com\/inicio\/wp-content\/uploads\/2019\/02\/danesesobraenquemu2017-111.jpg\" alt=\"\" width=\"601\" height=\"378\" srcset=\"https:\/\/diariotextual.com\/inicio\/wp-content\/uploads\/2019\/02\/danesesobraenquemu2017-111.jpg 716w, https:\/\/diariotextual.com\/inicio\/wp-content\/uploads\/2019\/02\/danesesobraenquemu2017-111-300x189.jpg 300w, https:\/\/diariotextual.com\/inicio\/wp-content\/uploads\/2019\/02\/danesesobraenquemu2017-111-585x368.jpg 585w\" sizes=\"(max-width: 601px) 100vw, 601px\" \/><\/p>\n<p>Durante casi dos d\u00e9cadas, La Pampa tuvo una postura oficial: realizar canales y reservorios para que, dentro de nuestra provincia, se almacenen los excesos h\u00eddricos<strong>. Es decir, el Estado provincial decidi\u00f3 hacerse cargo en la zona de Quem\u00fa del agua<\/strong> que llegaba, entre otros puntos, de General Pico, Trenel, Villa Mirasol, Colonia Bar\u00f3n y Metileo.<\/p>\n<p>Para eso encar\u00f3 la llamada <strong>Obra de los Daneses<\/strong>. Tuvo que expropiar miles de hect\u00e1reas, no sin resistencia de los productores rurales: lo hicieron en la zona del campo El Cerrito y en el Bajo de B\u00e1rbulo.<\/p>\n<p>Sin embargo, esa posici\u00f3n oficial fue modificada en 2017: el gobernador<strong> Carlos Verna, en medio de unas importantes inundaciones, anunci\u00f3 que se abandonaba el proyecto para hacer un nuevo reservorio en la zona de Tril\u00ed y Quem\u00fa y sostuvo que iba a impulsar un canal para derivar directamente el agua hacia provincia de Buenos Aires<\/strong>.<\/p>\n<p>De esta manera, la obra de Regulaci\u00f3n y Control de Inundaciones en la Regi\u00f3n Noreste de La Pampa -conocida como la Obra de los Daneses- deber\u00eda quedar paralizada o sufrir una importante modificaci\u00f3n.<\/p>\n<p>Hasta el momento<strong> se ha avanzado con la primera etapa y parte de la segunda del proyecto original del Instituto Dan\u00e9s de Hidr\u00e1ulica<\/strong>.<\/p>\n<p>La<strong> tercera etapa<\/strong>, que ya Verna desestim\u00f3 hace dos a\u00f1os, contemplaba la creaci\u00f3n de un nuevo reservorio de 8 mil hect\u00e1reas entre Tril\u00ed y Quem\u00fa: los t\u00e9cnicos del Gobierno han advertido, entre otros puntos, que de avanzar con ese reservorio se aumentar\u00e1 la presi\u00f3n sobre la ruta provincial 1 y aumentar\u00e1n dram\u00e1ticamente las napas en el pueblo de Quem\u00fa<\/p>\n<p>&nbsp;<\/p>\n<blockquote class=\"wp-embedded-content\" data-secret=\"qZ7txPhteD\"><p><a href=\"http:\/\/diariotextual.com\/inicio\/index.php\/2019\/02\/09\/evitar-inundaciones-la-faa-pide-verna-enviar-agua-la-pampa-buenos-aires\/\">Para evitar inundaciones, la FAA pide a Verna enviar el agua de La Pampa a Buenos Aires<\/a><\/p><\/blockquote>\n<p><iframe class=\"wp-embedded-content\" sandbox=\"allow-scripts\" security=\"restricted\" style=\"position: absolute; clip: rect(1px, 1px, 1px, 1px);\" src=\"http:\/\/diariotextual.com\/inicio\/index.php\/2019\/02\/09\/evitar-inundaciones-la-faa-pide-verna-enviar-agua-la-pampa-buenos-aires\/embed\/#?secret=qZ7txPhteD\" data-secret=\"qZ7txPhteD\" width=\"600\" height=\"338\" title=\"&#171;Para evitar inundaciones, la FAA pide a Verna enviar el agua de La Pampa a Buenos Aires&#187; &#8212; Diario Textual\" frameborder=\"0\" marginwidth=\"0\" marginheight=\"0\" scrolling=\"no\"><\/iframe><\/p>\n<p>&nbsp;<\/p>\n<p>&nbsp;<\/p>\n<p>&nbsp;<\/p>\n","protected":false},"excerpt":{"rendered":"<p>Integrantes de la Sociedad Rural del Departamento de Quem\u00fa Quem\u00fa salieron este fin de semana al cruce de dirigentes del Distrito 8 de Federaci\u00f3n Agraria Argentina (FAA), que recientemente volvieron&hellip;<\/p>\n","protected":false},"author":3,"featured_media":37424,"comment_status":"closed","ping_status":"open","sticky":false,"template":"","format":"standard","meta":{"_acf_changed":false,"footnotes":""},"categories":[319,20],"tags":[1415],"class_list":["post-56576","post","type-post","status-publish","format-standard","has-post-thumbnail","hentry","category-a-temporales","category-campo","tag-inundaciones"],"acf":[],"yoast_head":"<!-- This site is optimized with the Yoast SEO plugin v27.5 - https:\/\/yoast.com\/product\/yoast-seo-wordpress\/ -->\n<title>Ruralistas de Quem\u00fa pidieron que no les env\u00eden m\u00e1s agua si no hay un &quot;plan integral&quot; - Diario Textual<\/title>\n<meta name=\"robots\" content=\"index, follow, max-snippet:-1, max-image-preview:large, max-video-preview:-1\" \/>\n<link rel=\"canonical\" href=\"https:\/\/diariotextual.com\/inicio\/index.php\/2019\/07\/20\/ruralistas-quemu-pidieron-no-les-envien-mas-agua-no-plan-integral\/\" \/>\n<meta property=\"og:locale\" content=\"es_ES\" \/>\n<meta property=\"og:type\" content=\"article\" \/>\n<meta property=\"og:title\" content=\"Ruralistas de Quem\u00fa pidieron que no les env\u00eden m\u00e1s agua si no hay un &quot;plan integral&quot; - Diario Textual\" \/>\n<meta property=\"og:description\" content=\"Integrantes de la Sociedad Rural del Departamento de Quem\u00fa Quem\u00fa salieron este fin de semana al cruce de dirigentes del Distrito 8 de Federaci\u00f3n Agraria Argentina (FAA), que recientemente volvieron&hellip;\" \/>\n<meta property=\"og:url\" content=\"https:\/\/diariotextual.com\/inicio\/index.php\/2019\/07\/20\/ruralistas-quemu-pidieron-no-les-envien-mas-agua-no-plan-integral\/\" \/>\n<meta property=\"og:site_name\" content=\"Diario Textual\" \/>\n<meta property=\"article:publisher\" content=\"https:\/\/www.facebook.com\/eltextual\" \/>\n<meta property=\"article:published_time\" content=\"2019-07-21T00:14:34+00:00\" \/>\n<meta property=\"article:modified_time\" content=\"2019-07-21T22:44:48+00:00\" \/>\n<meta property=\"og:image\" content=\"https:\/\/diariotextual.com\/inicio\/wp-content\/uploads\/2019\/02\/danesesobraenquemu2019-3.jpg\" \/>\n\t<meta property=\"og:image:width\" content=\"1100\" \/>\n\t<meta property=\"og:image:height\" content=\"746\" \/>\n\t<meta property=\"og:image:type\" content=\"image\/jpeg\" \/>\n<meta name=\"author\" content=\"Diario1 Diario1\" \/>\n<meta name=\"twitter:card\" content=\"summary_large_image\" \/>\n<meta name=\"twitter:creator\" content=\"@eltextual\" \/>\n<meta name=\"twitter:site\" content=\"@eltextual\" \/>\n<meta name=\"twitter:label1\" content=\"Escrito por\" \/>\n\t<meta name=\"twitter:data1\" content=\"Diario1 Diario1\" \/>\n\t<meta name=\"twitter:label2\" content=\"Tiempo de lectura\" \/>\n\t<meta name=\"twitter:data2\" content=\"4 minutos\" \/>\n<script type=\"application\/ld+json\" class=\"yoast-schema-graph\">{\"@context\":\"https:\\\/\\\/schema.org\",\"@graph\":[{\"@type\":\"Article\",\"@id\":\"https:\\\/\\\/diariotextual.com\\\/inicio\\\/index.php\\\/2019\\\/07\\\/20\\\/ruralistas-quemu-pidieron-no-les-envien-mas-agua-no-plan-integral\\\/#article\",\"isPartOf\":{\"@id\":\"https:\\\/\\\/diariotextual.com\\\/inicio\\\/index.php\\\/2019\\\/07\\\/20\\\/ruralistas-quemu-pidieron-no-les-envien-mas-agua-no-plan-integral\\\/\"},\"author\":{\"name\":\"Diario1 Diario1\",\"@id\":\"https:\\\/\\\/diariotextual.com\\\/inicio\\\/#\\\/schema\\\/person\\\/418fc4093c33e86ed41562db3508f958\"},\"headline\":\"Ruralistas de Quem\u00fa pidieron que no les env\u00eden m\u00e1s agua si no hay un \u00abplan integral\u00bb\",\"datePublished\":\"2019-07-21T00:14:34+00:00\",\"dateModified\":\"2019-07-21T22:44:48+00:00\",\"mainEntityOfPage\":{\"@id\":\"https:\\\/\\\/diariotextual.com\\\/inicio\\\/index.php\\\/2019\\\/07\\\/20\\\/ruralistas-quemu-pidieron-no-les-envien-mas-agua-no-plan-integral\\\/\"},\"wordCount\":765,\"publisher\":{\"@id\":\"https:\\\/\\\/diariotextual.com\\\/inicio\\\/#organization\"},\"image\":{\"@id\":\"https:\\\/\\\/diariotextual.com\\\/inicio\\\/index.php\\\/2019\\\/07\\\/20\\\/ruralistas-quemu-pidieron-no-les-envien-mas-agua-no-plan-integral\\\/#primaryimage\"},\"thumbnailUrl\":\"https:\\\/\\\/diariotextual.com\\\/inicio\\\/wp-content\\\/uploads\\\/2019\\\/02\\\/danesesobraenquemu2019-3.jpg\",\"keywords\":[\"inundaciones\"],\"articleSection\":[\"A - TEMPORALES\",\"CAMPO\"],\"inLanguage\":\"es\"},{\"@type\":\"WebPage\",\"@id\":\"https:\\\/\\\/diariotextual.com\\\/inicio\\\/index.php\\\/2019\\\/07\\\/20\\\/ruralistas-quemu-pidieron-no-les-envien-mas-agua-no-plan-integral\\\/\",\"url\":\"https:\\\/\\\/diariotextual.com\\\/inicio\\\/index.php\\\/2019\\\/07\\\/20\\\/ruralistas-quemu-pidieron-no-les-envien-mas-agua-no-plan-integral\\\/\",\"name\":\"Ruralistas de Quem\u00fa pidieron que no les env\u00eden m\u00e1s agua si no hay un \\\"plan integral\\\" - Diario Textual\",\"isPartOf\":{\"@id\":\"https:\\\/\\\/diariotextual.com\\\/inicio\\\/#website\"},\"primaryImageOfPage\":{\"@id\":\"https:\\\/\\\/diariotextual.com\\\/inicio\\\/index.php\\\/2019\\\/07\\\/20\\\/ruralistas-quemu-pidieron-no-les-envien-mas-agua-no-plan-integral\\\/#primaryimage\"},\"image\":{\"@id\":\"https:\\\/\\\/diariotextual.com\\\/inicio\\\/index.php\\\/2019\\\/07\\\/20\\\/ruralistas-quemu-pidieron-no-les-envien-mas-agua-no-plan-integral\\\/#primaryimage\"},\"thumbnailUrl\":\"https:\\\/\\\/diariotextual.com\\\/inicio\\\/wp-content\\\/uploads\\\/2019\\\/02\\\/danesesobraenquemu2019-3.jpg\",\"datePublished\":\"2019-07-21T00:14:34+00:00\",\"dateModified\":\"2019-07-21T22:44:48+00:00\",\"breadcrumb\":{\"@id\":\"https:\\\/\\\/diariotextual.com\\\/inicio\\\/index.php\\\/2019\\\/07\\\/20\\\/ruralistas-quemu-pidieron-no-les-envien-mas-agua-no-plan-integral\\\/#breadcrumb\"},\"inLanguage\":\"es\",\"potentialAction\":[{\"@type\":\"ReadAction\",\"target\":[\"https:\\\/\\\/diariotextual.com\\\/inicio\\\/index.php\\\/2019\\\/07\\\/20\\\/ruralistas-quemu-pidieron-no-les-envien-mas-agua-no-plan-integral\\\/\"]}]},{\"@type\":\"ImageObject\",\"inLanguage\":\"es\",\"@id\":\"https:\\\/\\\/diariotextual.com\\\/inicio\\\/index.php\\\/2019\\\/07\\\/20\\\/ruralistas-quemu-pidieron-no-les-envien-mas-agua-no-plan-integral\\\/#primaryimage\",\"url\":\"https:\\\/\\\/diariotextual.com\\\/inicio\\\/wp-content\\\/uploads\\\/2019\\\/02\\\/danesesobraenquemu2019-3.jpg\",\"contentUrl\":\"https:\\\/\\\/diariotextual.com\\\/inicio\\\/wp-content\\\/uploads\\\/2019\\\/02\\\/danesesobraenquemu2019-3.jpg\",\"width\":1100,\"height\":746},{\"@type\":\"BreadcrumbList\",\"@id\":\"https:\\\/\\\/diariotextual.com\\\/inicio\\\/index.php\\\/2019\\\/07\\\/20\\\/ruralistas-quemu-pidieron-no-les-envien-mas-agua-no-plan-integral\\\/#breadcrumb\",\"itemListElement\":[{\"@type\":\"ListItem\",\"position\":1,\"name\":\"Portada\",\"item\":\"https:\\\/\\\/diariotextual.com\\\/inicio\\\/\"},{\"@type\":\"ListItem\",\"position\":2,\"name\":\"Ruralistas de Quem\u00fa pidieron que no les env\u00eden m\u00e1s agua si no hay un \u00abplan integral\u00bb\"}]},{\"@type\":\"WebSite\",\"@id\":\"https:\\\/\\\/diariotextual.com\\\/inicio\\\/#website\",\"url\":\"https:\\\/\\\/diariotextual.com\\\/inicio\\\/\",\"name\":\"Diario Textual\",\"description\":\"\",\"publisher\":{\"@id\":\"https:\\\/\\\/diariotextual.com\\\/inicio\\\/#organization\"},\"potentialAction\":[{\"@type\":\"SearchAction\",\"target\":{\"@type\":\"EntryPoint\",\"urlTemplate\":\"https:\\\/\\\/diariotextual.com\\\/inicio\\\/?s={search_term_string}\"},\"query-input\":{\"@type\":\"PropertyValueSpecification\",\"valueRequired\":true,\"valueName\":\"search_term_string\"}}],\"inLanguage\":\"es\"},{\"@type\":\"Organization\",\"@id\":\"https:\\\/\\\/diariotextual.com\\\/inicio\\\/#organization\",\"name\":\"Diario Textual\",\"url\":\"https:\\\/\\\/diariotextual.com\\\/inicio\\\/\",\"logo\":{\"@type\":\"ImageObject\",\"inLanguage\":\"es\",\"@id\":\"https:\\\/\\\/diariotextual.com\\\/inicio\\\/#\\\/schema\\\/logo\\\/image\\\/\",\"url\":\"https:\\\/\\\/diariotextual.com\\\/inicio\\\/wp-content\\\/uploads\\\/2023\\\/05\\\/logotextual1.jpg\",\"contentUrl\":\"https:\\\/\\\/diariotextual.com\\\/inicio\\\/wp-content\\\/uploads\\\/2023\\\/05\\\/logotextual1.jpg\",\"width\":516,\"height\":76,\"caption\":\"Diario Textual\"},\"image\":{\"@id\":\"https:\\\/\\\/diariotextual.com\\\/inicio\\\/#\\\/schema\\\/logo\\\/image\\\/\"},\"sameAs\":[\"https:\\\/\\\/www.facebook.com\\\/eltextual\",\"https:\\\/\\\/x.com\\\/eltextual\",\"http:\\\/\\\/www.instagram.com\\\/eltextual\"]},{\"@type\":\"Person\",\"@id\":\"https:\\\/\\\/diariotextual.com\\\/inicio\\\/#\\\/schema\\\/person\\\/418fc4093c33e86ed41562db3508f958\",\"name\":\"Diario1 Diario1\",\"image\":{\"@type\":\"ImageObject\",\"inLanguage\":\"es\",\"@id\":\"https:\\\/\\\/secure.gravatar.com\\\/avatar\\\/9167d280179c85bc18be67aa7eda765854300033af4896dd779b608640f2ef7a?s=96&d=mm&r=g\",\"url\":\"https:\\\/\\\/secure.gravatar.com\\\/avatar\\\/9167d280179c85bc18be67aa7eda765854300033af4896dd779b608640f2ef7a?s=96&d=mm&r=g\",\"contentUrl\":\"https:\\\/\\\/secure.gravatar.com\\\/avatar\\\/9167d280179c85bc18be67aa7eda765854300033af4896dd779b608640f2ef7a?s=96&d=mm&r=g\",\"caption\":\"Diario1 Diario1\"},\"url\":\"https:\\\/\\\/diariotextual.com\\\/inicio\\\/index.php\\\/author\\\/diario1\\\/\"}]}<\/script>\n<!-- \/ Yoast SEO plugin. -->","yoast_head_json":{"title":"Ruralistas de Quem\u00fa pidieron que no les env\u00eden m\u00e1s agua si no hay un \"plan integral\" - Diario Textual","robots":{"index":"index","follow":"follow","max-snippet":"max-snippet:-1","max-image-preview":"max-image-preview:large","max-video-preview":"max-video-preview:-1"},"canonical":"https:\/\/diariotextual.com\/inicio\/index.php\/2019\/07\/20\/ruralistas-quemu-pidieron-no-les-envien-mas-agua-no-plan-integral\/","og_locale":"es_ES","og_type":"article","og_title":"Ruralistas de Quem\u00fa pidieron que no les env\u00eden m\u00e1s agua si no hay un \"plan integral\" - Diario Textual","og_description":"Integrantes de la Sociedad Rural del Departamento de Quem\u00fa Quem\u00fa salieron este fin de semana al cruce de dirigentes del Distrito 8 de Federaci\u00f3n Agraria Argentina (FAA), que recientemente volvieron&hellip;","og_url":"https:\/\/diariotextual.com\/inicio\/index.php\/2019\/07\/20\/ruralistas-quemu-pidieron-no-les-envien-mas-agua-no-plan-integral\/","og_site_name":"Diario Textual","article_publisher":"https:\/\/www.facebook.com\/eltextual","article_published_time":"2019-07-21T00:14:34+00:00","article_modified_time":"2019-07-21T22:44:48+00:00","og_image":[{"width":1100,"height":746,"url":"https:\/\/diariotextual.com\/inicio\/wp-content\/uploads\/2019\/02\/danesesobraenquemu2019-3.jpg","type":"image\/jpeg"}],"author":"Diario1 Diario1","twitter_card":"summary_large_image","twitter_creator":"@eltextual","twitter_site":"@eltextual","twitter_misc":{"Escrito por":"Diario1 Diario1","Tiempo de lectura":"4 minutos"},"schema":{"@context":"https:\/\/schema.org","@graph":[{"@type":"Article","@id":"https:\/\/diariotextual.com\/inicio\/index.php\/2019\/07\/20\/ruralistas-quemu-pidieron-no-les-envien-mas-agua-no-plan-integral\/#article","isPartOf":{"@id":"https:\/\/diariotextual.com\/inicio\/index.php\/2019\/07\/20\/ruralistas-quemu-pidieron-no-les-envien-mas-agua-no-plan-integral\/"},"author":{"name":"Diario1 Diario1","@id":"https:\/\/diariotextual.com\/inicio\/#\/schema\/person\/418fc4093c33e86ed41562db3508f958"},"headline":"Ruralistas de Quem\u00fa pidieron que no les env\u00eden m\u00e1s agua si no hay un \u00abplan integral\u00bb","datePublished":"2019-07-21T00:14:34+00:00","dateModified":"2019-07-21T22:44:48+00:00","mainEntityOfPage":{"@id":"https:\/\/diariotextual.com\/inicio\/index.php\/2019\/07\/20\/ruralistas-quemu-pidieron-no-les-envien-mas-agua-no-plan-integral\/"},"wordCount":765,"publisher":{"@id":"https:\/\/diariotextual.com\/inicio\/#organization"},"image":{"@id":"https:\/\/diariotextual.com\/inicio\/index.php\/2019\/07\/20\/ruralistas-quemu-pidieron-no-les-envien-mas-agua-no-plan-integral\/#primaryimage"},"thumbnailUrl":"https:\/\/diariotextual.com\/inicio\/wp-content\/uploads\/2019\/02\/danesesobraenquemu2019-3.jpg","keywords":["inundaciones"],"articleSection":["A - TEMPORALES","CAMPO"],"inLanguage":"es"},{"@type":"WebPage","@id":"https:\/\/diariotextual.com\/inicio\/index.php\/2019\/07\/20\/ruralistas-quemu-pidieron-no-les-envien-mas-agua-no-plan-integral\/","url":"https:\/\/diariotextual.com\/inicio\/index.php\/2019\/07\/20\/ruralistas-quemu-pidieron-no-les-envien-mas-agua-no-plan-integral\/","name":"Ruralistas de Quem\u00fa pidieron que no les env\u00eden m\u00e1s agua si no hay un \"plan integral\" - Diario Textual","isPartOf":{"@id":"https:\/\/diariotextual.com\/inicio\/#website"},"primaryImageOfPage":{"@id":"https:\/\/diariotextual.com\/inicio\/index.php\/2019\/07\/20\/ruralistas-quemu-pidieron-no-les-envien-mas-agua-no-plan-integral\/#primaryimage"},"image":{"@id":"https:\/\/diariotextual.com\/inicio\/index.php\/2019\/07\/20\/ruralistas-quemu-pidieron-no-les-envien-mas-agua-no-plan-integral\/#primaryimage"},"thumbnailUrl":"https:\/\/diariotextual.com\/inicio\/wp-content\/uploads\/2019\/02\/danesesobraenquemu2019-3.jpg","datePublished":"2019-07-21T00:14:34+00:00","dateModified":"2019-07-21T22:44:48+00:00","breadcrumb":{"@id":"https:\/\/diariotextual.com\/inicio\/index.php\/2019\/07\/20\/ruralistas-quemu-pidieron-no-les-envien-mas-agua-no-plan-integral\/#breadcrumb"},"inLanguage":"es","potentialAction":[{"@type":"ReadAction","target":["https:\/\/diariotextual.com\/inicio\/index.php\/2019\/07\/20\/ruralistas-quemu-pidieron-no-les-envien-mas-agua-no-plan-integral\/"]}]},{"@type":"ImageObject","inLanguage":"es","@id":"https:\/\/diariotextual.com\/inicio\/index.php\/2019\/07\/20\/ruralistas-quemu-pidieron-no-les-envien-mas-agua-no-plan-integral\/#primaryimage","url":"https:\/\/diariotextual.com\/inicio\/wp-content\/uploads\/2019\/02\/danesesobraenquemu2019-3.jpg","contentUrl":"https:\/\/diariotextual.com\/inicio\/wp-content\/uploads\/2019\/02\/danesesobraenquemu2019-3.jpg","width":1100,"height":746},{"@type":"BreadcrumbList","@id":"https:\/\/diariotextual.com\/inicio\/index.php\/2019\/07\/20\/ruralistas-quemu-pidieron-no-les-envien-mas-agua-no-plan-integral\/#breadcrumb","itemListElement":[{"@type":"ListItem","position":1,"name":"Portada","item":"https:\/\/diariotextual.com\/inicio\/"},{"@type":"ListItem","position":2,"name":"Ruralistas de Quem\u00fa pidieron que no les env\u00eden m\u00e1s agua si no hay un \u00abplan integral\u00bb"}]},{"@type":"WebSite","@id":"https:\/\/diariotextual.com\/inicio\/#website","url":"https:\/\/diariotextual.com\/inicio\/","name":"Diario Textual","description":"","publisher":{"@id":"https:\/\/diariotextual.com\/inicio\/#organization"},"potentialAction":[{"@type":"SearchAction","target":{"@type":"EntryPoint","urlTemplate":"https:\/\/diariotextual.com\/inicio\/?s={search_term_string}"},"query-input":{"@type":"PropertyValueSpecification","valueRequired":true,"valueName":"search_term_string"}}],"inLanguage":"es"},{"@type":"Organization","@id":"https:\/\/diariotextual.com\/inicio\/#organization","name":"Diario Textual","url":"https:\/\/diariotextual.com\/inicio\/","logo":{"@type":"ImageObject","inLanguage":"es","@id":"https:\/\/diariotextual.com\/inicio\/#\/schema\/logo\/image\/","url":"https:\/\/diariotextual.com\/inicio\/wp-content\/uploads\/2023\/05\/logotextual1.jpg","contentUrl":"https:\/\/diariotextual.com\/inicio\/wp-content\/uploads\/2023\/05\/logotextual1.jpg","width":516,"height":76,"caption":"Diario Textual"},"image":{"@id":"https:\/\/diariotextual.com\/inicio\/#\/schema\/logo\/image\/"},"sameAs":["https:\/\/www.facebook.com\/eltextual","https:\/\/x.com\/eltextual","http:\/\/www.instagram.com\/eltextual"]},{"@type":"Person","@id":"https:\/\/diariotextual.com\/inicio\/#\/schema\/person\/418fc4093c33e86ed41562db3508f958","name":"Diario1 Diario1","image":{"@type":"ImageObject","inLanguage":"es","@id":"https:\/\/secure.gravatar.com\/avatar\/9167d280179c85bc18be67aa7eda765854300033af4896dd779b608640f2ef7a?s=96&d=mm&r=g","url":"https:\/\/secure.gravatar.com\/avatar\/9167d280179c85bc18be67aa7eda765854300033af4896dd779b608640f2ef7a?s=96&d=mm&r=g","contentUrl":"https:\/\/secure.gravatar.com\/avatar\/9167d280179c85bc18be67aa7eda765854300033af4896dd779b608640f2ef7a?s=96&d=mm&r=g","caption":"Diario1 Diario1"},"url":"https:\/\/diariotextual.com\/inicio\/index.php\/author\/diario1\/"}]}},"_links":{"self":[{"href":"https:\/\/diariotextual.com\/inicio\/index.php\/wp-json\/wp\/v2\/posts\/56576","targetHints":{"allow":["GET"]}}],"collection":[{"href":"https:\/\/diariotextual.com\/inicio\/index.php\/wp-json\/wp\/v2\/posts"}],"about":[{"href":"https:\/\/diariotextual.com\/inicio\/index.php\/wp-json\/wp\/v2\/types\/post"}],"author":[{"embeddable":true,"href":"https:\/\/diariotextual.com\/inicio\/index.php\/wp-json\/wp\/v2\/users\/3"}],"replies":[{"embeddable":true,"href":"https:\/\/diariotextual.com\/inicio\/index.php\/wp-json\/wp\/v2\/comments?post=56576"}],"version-history":[{"count":5,"href":"https:\/\/diariotextual.com\/inicio\/index.php\/wp-json\/wp\/v2\/posts\/56576\/revisions"}],"predecessor-version":[{"id":56582,"href":"https:\/\/diariotextual.com\/inicio\/index.php\/wp-json\/wp\/v2\/posts\/56576\/revisions\/56582"}],"wp:featuredmedia":[{"embeddable":true,"href":"https:\/\/diariotextual.com\/inicio\/index.php\/wp-json\/wp\/v2\/media\/37424"}],"wp:attachment":[{"href":"https:\/\/diariotextual.com\/inicio\/index.php\/wp-json\/wp\/v2\/media?parent=56576"}],"wp:term":[{"taxonomy":"category","embeddable":true,"href":"https:\/\/diariotextual.com\/inicio\/index.php\/wp-json\/wp\/v2\/categories?post=56576"},{"taxonomy":"post_tag","embeddable":true,"href":"https:\/\/diariotextual.com\/inicio\/index.php\/wp-json\/wp\/v2\/tags?post=56576"}],"curies":[{"name":"wp","href":"https:\/\/api.w.org\/{rel}","templated":true}]}}