{"id":56596,"date":"2019-07-21T09:53:35","date_gmt":"2019-07-21T12:53:35","guid":{"rendered":"http:\/\/diariotextual.com\/inicio\/?p=56596"},"modified":"2019-07-21T22:27:19","modified_gmt":"2019-07-22T01:27:19","slug":"tomada-radio-textual-una-flexibilizacion-laboral-hecho","status":"publish","type":"post","link":"https:\/\/diariotextual.com\/inicio\/index.php\/2019\/07\/21\/tomada-radio-textual-una-flexibilizacion-laboral-hecho\/","title":{"rendered":"Tomada, en Radio Textual: \u201cHay una flexibilizaci\u00f3n laboral de hecho\u201d"},"content":{"rendered":"<p><strong>Carlos Tomada<\/strong>, diputado porte\u00f1o y exministro de Trabajo del kirchnerismo, dijo a <strong>Radio Textual (FM Sonar)<\/strong> que <strong>la reforma laboral que impulsa Casa Rosada no se aprobar\u00e1<\/strong>. <strong>Pero advirti\u00f3 que hay una \u201cflexibilizaci\u00f3n de hecho\u201d en el pa\u00eds.<\/strong><\/p>\n<p>\u201cLa flexibilizaci\u00f3n no caminar\u00e1\u201d, sostuvo. \u201cPero parte de esta situaci\u00f3n de malestar, tiene que ver con la flexibilizaci\u00f3n de hecho. <strong>La reforma laboral ser\u00eda de alguna forma de legalizar algo que est\u00e1 ocurriendo: el incremento de la desocupaci\u00f3n y la rebaja de salarios ha sido el intento m\u00e1s fuerte para lograr que los trabajadores no tengan m\u00e1s remedios que aceptar una discrecionalidad empresarial muy grande<\/strong>. Ahora una empresa modifica los turnos y los lugares de trabajo y no cumple el convenio.<strong> Todo eso ya est\u00e1 ocurriendo y ahora, con la reforma, se pretende legalizar eso<\/strong>\u201d, sostuvo el exfuncionario y\u00a0 director del CETyD\/ IDAES de la Universidad Nacional de San Mart\u00edn.<\/p>\n<p>\u201cHay preocupaci\u00f3n. Todo el mundo se queja. No es solo un problema de los trabajadores y sus organizaciones, que fueron las primeras v\u00edctimas elegidas por este Gobierno: <strong>ahora todos los sectores productivos est\u00e1n hartos porque todo ha sido sacrificado y ese sacrificio ha sido in\u00fatil<\/strong> porque ha redundado que unos cuantos resuelvan sus problemas y unos muchos est\u00e9n cada vez peor\u201d, sostuvo en di\u00e1logo con los periodistas Luis D\u00edaz y Luis Lardone.<\/p>\n<p>\u00abEste Gobierno no tiene previsto un cambio. Tiene un camino de m\u00e1s desocupaci\u00f3n, empleos m\u00e1s precarios y m\u00e1s cierre de comercios y de industrias. Una Argentina m\u00e1s desigual\u00bb, dijo.<\/p>\n<p>\u00bfQu\u00e9 se debe hacer? Un grupo de investigadores y especialistas en relaciones laborales y el mundo laboral, entre ellos Tomada, present\u00f3 el documento<strong> \u201cAgenda Urgente para una sociedad de trabajo\u00bb.<\/strong><\/p>\n<p>Ese documento contempla 13 puntos que comienzan con la necesidad \u201cimperiosa\u201d de institucionalizar el di\u00e1logo tripartito sobre el futuro del trabajo, reducir la brecha de g\u00e9nero, consolidar un sistema de formaci\u00f3n continua con criterios de innovaci\u00f3n e inclusi\u00f3n social y desde ya constituir una trayectoria formativo-laboral para trabajadores en situaci\u00f3n de vulnerabilidad.<\/p>\n<p>La n\u00f3mina contin\u00faa con aristas econ\u00f3micas para desarrollar un esquema de coordinaci\u00f3n de precios y salarios, al tiempo promover la renovaci\u00f3n de los contenidos de los convenios colectivos de trabajo, la obligaci\u00f3n del Estado para ampliar la capacidad de inspecci\u00f3n laboral, regular el trabajo de plataformas digitales, y sobre todo ampliar la regulaci\u00f3n de la tercerizaci\u00f3n laboral.<\/p>\n<p>Los expertos, con el fin de consolidar un Estado presente, remarcaron la urgente necesidad de lograr una institucionalidad laboral para la econom\u00eda popular, jerarquizar el empleo p\u00fablico como parte del fortalecimiento del Estado y establecer un nuevo esquema de contribuciones patronales que sustente el sistema de seguridad social.<\/p>\n<p>&nbsp;<\/p>\n<p>&nbsp;<\/p>\n<p>&nbsp;<\/p>\n<p>&nbsp;<\/p>\n<p>&nbsp;<\/p>\n<p>&nbsp;<\/p>\n","protected":false},"excerpt":{"rendered":"<p>Carlos Tomada, diputado porte\u00f1o y exministro de Trabajo del kirchnerismo, dijo a Radio Textual (FM Sonar) que la reforma laboral que impulsa Casa Rosada no se aprobar\u00e1. Pero advirti\u00f3 que&hellip;<\/p>\n","protected":false},"author":3,"featured_media":15405,"comment_status":"closed","ping_status":"open","sticky":false,"template":"","format":"standard","meta":{"_acf_changed":false,"footnotes":""},"categories":[11,319,5],"tags":[2105],"class_list":["post-56596","post","type-post","status-publish","format-standard","has-post-thumbnail","hentry","category-que-pasa","category-a-temporales","category-economia","tag-tomada"],"acf":[],"yoast_head":"<!-- This site is optimized with the Yoast SEO plugin v27.5 - https:\/\/yoast.com\/product\/yoast-seo-wordpress\/ -->\n<title>Tomada, en Radio Textual: \u201cHay una flexibilizaci\u00f3n laboral de hecho\u201d - Diario Textual<\/title>\n<meta name=\"robots\" content=\"index, follow, max-snippet:-1, max-image-preview:large, max-video-preview:-1\" \/>\n<link rel=\"canonical\" href=\"https:\/\/diariotextual.com\/inicio\/index.php\/2019\/07\/21\/tomada-radio-textual-una-flexibilizacion-laboral-hecho\/\" \/>\n<meta property=\"og:locale\" content=\"es_ES\" \/>\n<meta property=\"og:type\" content=\"article\" \/>\n<meta property=\"og:title\" content=\"Tomada, en Radio Textual: \u201cHay una flexibilizaci\u00f3n laboral de hecho\u201d - Diario Textual\" \/>\n<meta property=\"og:description\" content=\"Carlos Tomada, diputado porte\u00f1o y exministro de Trabajo del kirchnerismo, dijo a Radio Textual (FM Sonar) que la reforma laboral que impulsa Casa Rosada no se aprobar\u00e1. Pero advirti\u00f3 que&hellip;\" \/>\n<meta property=\"og:url\" content=\"https:\/\/diariotextual.com\/inicio\/index.php\/2019\/07\/21\/tomada-radio-textual-una-flexibilizacion-laboral-hecho\/\" \/>\n<meta property=\"og:site_name\" content=\"Diario Textual\" \/>\n<meta property=\"article:publisher\" content=\"https:\/\/www.facebook.com\/eltextual\" \/>\n<meta property=\"article:published_time\" content=\"2019-07-21T12:53:35+00:00\" \/>\n<meta property=\"article:modified_time\" content=\"2019-07-22T01:27:19+00:00\" \/>\n<meta property=\"og:image\" content=\"https:\/\/diariotextual.com\/inicio\/wp-content\/uploads\/2018\/07\/tomadacarlos.jpg\" \/>\n\t<meta property=\"og:image:width\" content=\"720\" \/>\n\t<meta property=\"og:image:height\" content=\"404\" \/>\n\t<meta property=\"og:image:type\" content=\"image\/jpeg\" \/>\n<meta name=\"author\" content=\"Diario1 Diario1\" \/>\n<meta name=\"twitter:card\" content=\"summary_large_image\" \/>\n<meta name=\"twitter:creator\" content=\"@eltextual\" \/>\n<meta name=\"twitter:site\" content=\"@eltextual\" \/>\n<meta name=\"twitter:label1\" content=\"Escrito por\" \/>\n\t<meta name=\"twitter:data1\" content=\"Diario1 Diario1\" \/>\n\t<meta name=\"twitter:label2\" content=\"Tiempo de lectura\" \/>\n\t<meta name=\"twitter:data2\" content=\"2 minutos\" \/>\n<script type=\"application\/ld+json\" class=\"yoast-schema-graph\">{\"@context\":\"https:\\\/\\\/schema.org\",\"@graph\":[{\"@type\":\"Article\",\"@id\":\"https:\\\/\\\/diariotextual.com\\\/inicio\\\/index.php\\\/2019\\\/07\\\/21\\\/tomada-radio-textual-una-flexibilizacion-laboral-hecho\\\/#article\",\"isPartOf\":{\"@id\":\"https:\\\/\\\/diariotextual.com\\\/inicio\\\/index.php\\\/2019\\\/07\\\/21\\\/tomada-radio-textual-una-flexibilizacion-laboral-hecho\\\/\"},\"author\":{\"name\":\"Diario1 Diario1\",\"@id\":\"https:\\\/\\\/diariotextual.com\\\/inicio\\\/#\\\/schema\\\/person\\\/418fc4093c33e86ed41562db3508f958\"},\"headline\":\"Tomada, en Radio Textual: \u201cHay una flexibilizaci\u00f3n laboral de hecho\u201d\",\"datePublished\":\"2019-07-21T12:53:35+00:00\",\"dateModified\":\"2019-07-22T01:27:19+00:00\",\"mainEntityOfPage\":{\"@id\":\"https:\\\/\\\/diariotextual.com\\\/inicio\\\/index.php\\\/2019\\\/07\\\/21\\\/tomada-radio-textual-una-flexibilizacion-laboral-hecho\\\/\"},\"wordCount\":492,\"publisher\":{\"@id\":\"https:\\\/\\\/diariotextual.com\\\/inicio\\\/#organization\"},\"image\":{\"@id\":\"https:\\\/\\\/diariotextual.com\\\/inicio\\\/index.php\\\/2019\\\/07\\\/21\\\/tomada-radio-textual-una-flexibilizacion-laboral-hecho\\\/#primaryimage\"},\"thumbnailUrl\":\"https:\\\/\\\/diariotextual.com\\\/inicio\\\/wp-content\\\/uploads\\\/2018\\\/07\\\/tomadacarlos.jpg\",\"keywords\":[\"tomada\"],\"articleSection\":[\"A - QUE PASA (al costado)\",\"A - TEMPORALES\",\"ECONOMIA\"],\"inLanguage\":\"es\"},{\"@type\":\"WebPage\",\"@id\":\"https:\\\/\\\/diariotextual.com\\\/inicio\\\/index.php\\\/2019\\\/07\\\/21\\\/tomada-radio-textual-una-flexibilizacion-laboral-hecho\\\/\",\"url\":\"https:\\\/\\\/diariotextual.com\\\/inicio\\\/index.php\\\/2019\\\/07\\\/21\\\/tomada-radio-textual-una-flexibilizacion-laboral-hecho\\\/\",\"name\":\"Tomada, en Radio Textual: \u201cHay una flexibilizaci\u00f3n laboral de hecho\u201d - Diario Textual\",\"isPartOf\":{\"@id\":\"https:\\\/\\\/diariotextual.com\\\/inicio\\\/#website\"},\"primaryImageOfPage\":{\"@id\":\"https:\\\/\\\/diariotextual.com\\\/inicio\\\/index.php\\\/2019\\\/07\\\/21\\\/tomada-radio-textual-una-flexibilizacion-laboral-hecho\\\/#primaryimage\"},\"image\":{\"@id\":\"https:\\\/\\\/diariotextual.com\\\/inicio\\\/index.php\\\/2019\\\/07\\\/21\\\/tomada-radio-textual-una-flexibilizacion-laboral-hecho\\\/#primaryimage\"},\"thumbnailUrl\":\"https:\\\/\\\/diariotextual.com\\\/inicio\\\/wp-content\\\/uploads\\\/2018\\\/07\\\/tomadacarlos.jpg\",\"datePublished\":\"2019-07-21T12:53:35+00:00\",\"dateModified\":\"2019-07-22T01:27:19+00:00\",\"breadcrumb\":{\"@id\":\"https:\\\/\\\/diariotextual.com\\\/inicio\\\/index.php\\\/2019\\\/07\\\/21\\\/tomada-radio-textual-una-flexibilizacion-laboral-hecho\\\/#breadcrumb\"},\"inLanguage\":\"es\",\"potentialAction\":[{\"@type\":\"ReadAction\",\"target\":[\"https:\\\/\\\/diariotextual.com\\\/inicio\\\/index.php\\\/2019\\\/07\\\/21\\\/tomada-radio-textual-una-flexibilizacion-laboral-hecho\\\/\"]}]},{\"@type\":\"ImageObject\",\"inLanguage\":\"es\",\"@id\":\"https:\\\/\\\/diariotextual.com\\\/inicio\\\/index.php\\\/2019\\\/07\\\/21\\\/tomada-radio-textual-una-flexibilizacion-laboral-hecho\\\/#primaryimage\",\"url\":\"https:\\\/\\\/diariotextual.com\\\/inicio\\\/wp-content\\\/uploads\\\/2018\\\/07\\\/tomadacarlos.jpg\",\"contentUrl\":\"https:\\\/\\\/diariotextual.com\\\/inicio\\\/wp-content\\\/uploads\\\/2018\\\/07\\\/tomadacarlos.jpg\",\"width\":720,\"height\":404},{\"@type\":\"BreadcrumbList\",\"@id\":\"https:\\\/\\\/diariotextual.com\\\/inicio\\\/index.php\\\/2019\\\/07\\\/21\\\/tomada-radio-textual-una-flexibilizacion-laboral-hecho\\\/#breadcrumb\",\"itemListElement\":[{\"@type\":\"ListItem\",\"position\":1,\"name\":\"Portada\",\"item\":\"https:\\\/\\\/diariotextual.com\\\/inicio\\\/\"},{\"@type\":\"ListItem\",\"position\":2,\"name\":\"Tomada, en Radio Textual: \u201cHay una flexibilizaci\u00f3n laboral de hecho\u201d\"}]},{\"@type\":\"WebSite\",\"@id\":\"https:\\\/\\\/diariotextual.com\\\/inicio\\\/#website\",\"url\":\"https:\\\/\\\/diariotextual.com\\\/inicio\\\/\",\"name\":\"Diario Textual\",\"description\":\"\",\"publisher\":{\"@id\":\"https:\\\/\\\/diariotextual.com\\\/inicio\\\/#organization\"},\"potentialAction\":[{\"@type\":\"SearchAction\",\"target\":{\"@type\":\"EntryPoint\",\"urlTemplate\":\"https:\\\/\\\/diariotextual.com\\\/inicio\\\/?s={search_term_string}\"},\"query-input\":{\"@type\":\"PropertyValueSpecification\",\"valueRequired\":true,\"valueName\":\"search_term_string\"}}],\"inLanguage\":\"es\"},{\"@type\":\"Organization\",\"@id\":\"https:\\\/\\\/diariotextual.com\\\/inicio\\\/#organization\",\"name\":\"Diario Textual\",\"url\":\"https:\\\/\\\/diariotextual.com\\\/inicio\\\/\",\"logo\":{\"@type\":\"ImageObject\",\"inLanguage\":\"es\",\"@id\":\"https:\\\/\\\/diariotextual.com\\\/inicio\\\/#\\\/schema\\\/logo\\\/image\\\/\",\"url\":\"https:\\\/\\\/diariotextual.com\\\/inicio\\\/wp-content\\\/uploads\\\/2023\\\/05\\\/logotextual1.jpg\",\"contentUrl\":\"https:\\\/\\\/diariotextual.com\\\/inicio\\\/wp-content\\\/uploads\\\/2023\\\/05\\\/logotextual1.jpg\",\"width\":516,\"height\":76,\"caption\":\"Diario Textual\"},\"image\":{\"@id\":\"https:\\\/\\\/diariotextual.com\\\/inicio\\\/#\\\/schema\\\/logo\\\/image\\\/\"},\"sameAs\":[\"https:\\\/\\\/www.facebook.com\\\/eltextual\",\"https:\\\/\\\/x.com\\\/eltextual\",\"http:\\\/\\\/www.instagram.com\\\/eltextual\"]},{\"@type\":\"Person\",\"@id\":\"https:\\\/\\\/diariotextual.com\\\/inicio\\\/#\\\/schema\\\/person\\\/418fc4093c33e86ed41562db3508f958\",\"name\":\"Diario1 Diario1\",\"image\":{\"@type\":\"ImageObject\",\"inLanguage\":\"es\",\"@id\":\"https:\\\/\\\/secure.gravatar.com\\\/avatar\\\/9167d280179c85bc18be67aa7eda765854300033af4896dd779b608640f2ef7a?s=96&d=mm&r=g\",\"url\":\"https:\\\/\\\/secure.gravatar.com\\\/avatar\\\/9167d280179c85bc18be67aa7eda765854300033af4896dd779b608640f2ef7a?s=96&d=mm&r=g\",\"contentUrl\":\"https:\\\/\\\/secure.gravatar.com\\\/avatar\\\/9167d280179c85bc18be67aa7eda765854300033af4896dd779b608640f2ef7a?s=96&d=mm&r=g\",\"caption\":\"Diario1 Diario1\"},\"url\":\"https:\\\/\\\/diariotextual.com\\\/inicio\\\/index.php\\\/author\\\/diario1\\\/\"}]}<\/script>\n<!-- \/ Yoast SEO plugin. -->","yoast_head_json":{"title":"Tomada, en Radio Textual: \u201cHay una flexibilizaci\u00f3n laboral de hecho\u201d - Diario Textual","robots":{"index":"index","follow":"follow","max-snippet":"max-snippet:-1","max-image-preview":"max-image-preview:large","max-video-preview":"max-video-preview:-1"},"canonical":"https:\/\/diariotextual.com\/inicio\/index.php\/2019\/07\/21\/tomada-radio-textual-una-flexibilizacion-laboral-hecho\/","og_locale":"es_ES","og_type":"article","og_title":"Tomada, en Radio Textual: \u201cHay una flexibilizaci\u00f3n laboral de hecho\u201d - Diario Textual","og_description":"Carlos Tomada, diputado porte\u00f1o y exministro de Trabajo del kirchnerismo, dijo a Radio Textual (FM Sonar) que la reforma laboral que impulsa Casa Rosada no se aprobar\u00e1. Pero advirti\u00f3 que&hellip;","og_url":"https:\/\/diariotextual.com\/inicio\/index.php\/2019\/07\/21\/tomada-radio-textual-una-flexibilizacion-laboral-hecho\/","og_site_name":"Diario Textual","article_publisher":"https:\/\/www.facebook.com\/eltextual","article_published_time":"2019-07-21T12:53:35+00:00","article_modified_time":"2019-07-22T01:27:19+00:00","og_image":[{"width":720,"height":404,"url":"https:\/\/diariotextual.com\/inicio\/wp-content\/uploads\/2018\/07\/tomadacarlos.jpg","type":"image\/jpeg"}],"author":"Diario1 Diario1","twitter_card":"summary_large_image","twitter_creator":"@eltextual","twitter_site":"@eltextual","twitter_misc":{"Escrito por":"Diario1 Diario1","Tiempo de lectura":"2 minutos"},"schema":{"@context":"https:\/\/schema.org","@graph":[{"@type":"Article","@id":"https:\/\/diariotextual.com\/inicio\/index.php\/2019\/07\/21\/tomada-radio-textual-una-flexibilizacion-laboral-hecho\/#article","isPartOf":{"@id":"https:\/\/diariotextual.com\/inicio\/index.php\/2019\/07\/21\/tomada-radio-textual-una-flexibilizacion-laboral-hecho\/"},"author":{"name":"Diario1 Diario1","@id":"https:\/\/diariotextual.com\/inicio\/#\/schema\/person\/418fc4093c33e86ed41562db3508f958"},"headline":"Tomada, en Radio Textual: \u201cHay una flexibilizaci\u00f3n laboral de hecho\u201d","datePublished":"2019-07-21T12:53:35+00:00","dateModified":"2019-07-22T01:27:19+00:00","mainEntityOfPage":{"@id":"https:\/\/diariotextual.com\/inicio\/index.php\/2019\/07\/21\/tomada-radio-textual-una-flexibilizacion-laboral-hecho\/"},"wordCount":492,"publisher":{"@id":"https:\/\/diariotextual.com\/inicio\/#organization"},"image":{"@id":"https:\/\/diariotextual.com\/inicio\/index.php\/2019\/07\/21\/tomada-radio-textual-una-flexibilizacion-laboral-hecho\/#primaryimage"},"thumbnailUrl":"https:\/\/diariotextual.com\/inicio\/wp-content\/uploads\/2018\/07\/tomadacarlos.jpg","keywords":["tomada"],"articleSection":["A - QUE PASA (al costado)","A - TEMPORALES","ECONOMIA"],"inLanguage":"es"},{"@type":"WebPage","@id":"https:\/\/diariotextual.com\/inicio\/index.php\/2019\/07\/21\/tomada-radio-textual-una-flexibilizacion-laboral-hecho\/","url":"https:\/\/diariotextual.com\/inicio\/index.php\/2019\/07\/21\/tomada-radio-textual-una-flexibilizacion-laboral-hecho\/","name":"Tomada, en Radio Textual: \u201cHay una flexibilizaci\u00f3n laboral de hecho\u201d - Diario Textual","isPartOf":{"@id":"https:\/\/diariotextual.com\/inicio\/#website"},"primaryImageOfPage":{"@id":"https:\/\/diariotextual.com\/inicio\/index.php\/2019\/07\/21\/tomada-radio-textual-una-flexibilizacion-laboral-hecho\/#primaryimage"},"image":{"@id":"https:\/\/diariotextual.com\/inicio\/index.php\/2019\/07\/21\/tomada-radio-textual-una-flexibilizacion-laboral-hecho\/#primaryimage"},"thumbnailUrl":"https:\/\/diariotextual.com\/inicio\/wp-content\/uploads\/2018\/07\/tomadacarlos.jpg","datePublished":"2019-07-21T12:53:35+00:00","dateModified":"2019-07-22T01:27:19+00:00","breadcrumb":{"@id":"https:\/\/diariotextual.com\/inicio\/index.php\/2019\/07\/21\/tomada-radio-textual-una-flexibilizacion-laboral-hecho\/#breadcrumb"},"inLanguage":"es","potentialAction":[{"@type":"ReadAction","target":["https:\/\/diariotextual.com\/inicio\/index.php\/2019\/07\/21\/tomada-radio-textual-una-flexibilizacion-laboral-hecho\/"]}]},{"@type":"ImageObject","inLanguage":"es","@id":"https:\/\/diariotextual.com\/inicio\/index.php\/2019\/07\/21\/tomada-radio-textual-una-flexibilizacion-laboral-hecho\/#primaryimage","url":"https:\/\/diariotextual.com\/inicio\/wp-content\/uploads\/2018\/07\/tomadacarlos.jpg","contentUrl":"https:\/\/diariotextual.com\/inicio\/wp-content\/uploads\/2018\/07\/tomadacarlos.jpg","width":720,"height":404},{"@type":"BreadcrumbList","@id":"https:\/\/diariotextual.com\/inicio\/index.php\/2019\/07\/21\/tomada-radio-textual-una-flexibilizacion-laboral-hecho\/#breadcrumb","itemListElement":[{"@type":"ListItem","position":1,"name":"Portada","item":"https:\/\/diariotextual.com\/inicio\/"},{"@type":"ListItem","position":2,"name":"Tomada, en Radio Textual: \u201cHay una flexibilizaci\u00f3n laboral de hecho\u201d"}]},{"@type":"WebSite","@id":"https:\/\/diariotextual.com\/inicio\/#website","url":"https:\/\/diariotextual.com\/inicio\/","name":"Diario Textual","description":"","publisher":{"@id":"https:\/\/diariotextual.com\/inicio\/#organization"},"potentialAction":[{"@type":"SearchAction","target":{"@type":"EntryPoint","urlTemplate":"https:\/\/diariotextual.com\/inicio\/?s={search_term_string}"},"query-input":{"@type":"PropertyValueSpecification","valueRequired":true,"valueName":"search_term_string"}}],"inLanguage":"es"},{"@type":"Organization","@id":"https:\/\/diariotextual.com\/inicio\/#organization","name":"Diario Textual","url":"https:\/\/diariotextual.com\/inicio\/","logo":{"@type":"ImageObject","inLanguage":"es","@id":"https:\/\/diariotextual.com\/inicio\/#\/schema\/logo\/image\/","url":"https:\/\/diariotextual.com\/inicio\/wp-content\/uploads\/2023\/05\/logotextual1.jpg","contentUrl":"https:\/\/diariotextual.com\/inicio\/wp-content\/uploads\/2023\/05\/logotextual1.jpg","width":516,"height":76,"caption":"Diario Textual"},"image":{"@id":"https:\/\/diariotextual.com\/inicio\/#\/schema\/logo\/image\/"},"sameAs":["https:\/\/www.facebook.com\/eltextual","https:\/\/x.com\/eltextual","http:\/\/www.instagram.com\/eltextual"]},{"@type":"Person","@id":"https:\/\/diariotextual.com\/inicio\/#\/schema\/person\/418fc4093c33e86ed41562db3508f958","name":"Diario1 Diario1","image":{"@type":"ImageObject","inLanguage":"es","@id":"https:\/\/secure.gravatar.com\/avatar\/9167d280179c85bc18be67aa7eda765854300033af4896dd779b608640f2ef7a?s=96&d=mm&r=g","url":"https:\/\/secure.gravatar.com\/avatar\/9167d280179c85bc18be67aa7eda765854300033af4896dd779b608640f2ef7a?s=96&d=mm&r=g","contentUrl":"https:\/\/secure.gravatar.com\/avatar\/9167d280179c85bc18be67aa7eda765854300033af4896dd779b608640f2ef7a?s=96&d=mm&r=g","caption":"Diario1 Diario1"},"url":"https:\/\/diariotextual.com\/inicio\/index.php\/author\/diario1\/"}]}},"_links":{"self":[{"href":"https:\/\/diariotextual.com\/inicio\/index.php\/wp-json\/wp\/v2\/posts\/56596","targetHints":{"allow":["GET"]}}],"collection":[{"href":"https:\/\/diariotextual.com\/inicio\/index.php\/wp-json\/wp\/v2\/posts"}],"about":[{"href":"https:\/\/diariotextual.com\/inicio\/index.php\/wp-json\/wp\/v2\/types\/post"}],"author":[{"embeddable":true,"href":"https:\/\/diariotextual.com\/inicio\/index.php\/wp-json\/wp\/v2\/users\/3"}],"replies":[{"embeddable":true,"href":"https:\/\/diariotextual.com\/inicio\/index.php\/wp-json\/wp\/v2\/comments?post=56596"}],"version-history":[{"count":3,"href":"https:\/\/diariotextual.com\/inicio\/index.php\/wp-json\/wp\/v2\/posts\/56596\/revisions"}],"predecessor-version":[{"id":56599,"href":"https:\/\/diariotextual.com\/inicio\/index.php\/wp-json\/wp\/v2\/posts\/56596\/revisions\/56599"}],"wp:featuredmedia":[{"embeddable":true,"href":"https:\/\/diariotextual.com\/inicio\/index.php\/wp-json\/wp\/v2\/media\/15405"}],"wp:attachment":[{"href":"https:\/\/diariotextual.com\/inicio\/index.php\/wp-json\/wp\/v2\/media?parent=56596"}],"wp:term":[{"taxonomy":"category","embeddable":true,"href":"https:\/\/diariotextual.com\/inicio\/index.php\/wp-json\/wp\/v2\/categories?post=56596"},{"taxonomy":"post_tag","embeddable":true,"href":"https:\/\/diariotextual.com\/inicio\/index.php\/wp-json\/wp\/v2\/tags?post=56596"}],"curies":[{"name":"wp","href":"https:\/\/api.w.org\/{rel}","templated":true}]}}