{"id":56620,"date":"2019-07-21T18:52:14","date_gmt":"2019-07-21T21:52:14","guid":{"rendered":"http:\/\/diariotextual.com\/inicio\/?p=56620"},"modified":"2019-07-22T08:46:10","modified_gmt":"2019-07-22T11:46:10","slug":"marcharon-los-seis-fallecidos-choque-cruce-anguil","status":"publish","type":"post","link":"https:\/\/diariotextual.com\/inicio\/index.php\/2019\/07\/21\/marcharon-los-seis-fallecidos-choque-cruce-anguil\/","title":{"rendered":"Marcharon por los seis fallecidos en un choque en el Cruce de Anguil"},"content":{"rendered":"<p>Las familias <strong>Palacio <\/strong>y <strong>Abascal<\/strong> marcharon este domingo a la tarde por las calles de Santa Rosa, en reclamo de justicia y para que le pongan <strong>fecha al juicio<\/strong> que deber\u00e1 afrontar<a href=\"http:\/\/diariotextual.com\/inicio\/index.php\/2018\/12\/25\/seis-muertos-choque-cercanias-anguil\/\" target=\"_blank\" rel=\"noopener\"> <strong>el acusado del siniestro vial<\/strong> <\/a>que termin\u00f3 con la vida de <strong>seis personas -entre ellas tres nenes y una embarazada<\/strong>&#8211; en el cruce de las rutas 5 y 7, en proximidades de Anguil, el<strong> 25 de diciembre de 2018<\/strong>.<\/p>\n<p>&nbsp;<\/p>\n<p><iframe style=\"border: none; overflow: hidden;\" src=\"https:\/\/www.facebook.com\/plugins\/video.php?href=https%3A%2F%2Fwww.facebook.com%2Feltextual%2Fvideos%2F510118419740534%2F&amp;show_text=0&amp;width=560\" width=\"560\" height=\"315\" frameborder=\"0\" scrolling=\"no\" allowfullscreen=\"allowfullscreen\"><\/iframe><\/p>\n<p>&nbsp;<\/p>\n<p>Hubo un centenar de personas en la manifestaci\u00f3n.\u00a0Familiares y amigos, junto a integrantes de la Fundaci\u00f3n Estrellas Amarillas, se concentraron frente a la municipalidad y, desde all\u00ed, marcharon por la avenida San Mart\u00edn. Fueron adem\u00e1s acompa\u00f1ados por familiares de v\u00edctimas de violentos asaltos que terminaron en asesinatos.<\/p>\n<p>En este siniestro vial, ocurrido hace casi siete meses, murieron <strong>Franco Palacio<\/strong>, su\u00a0pareja\u00a0<strong>Guadalupe Abascal<\/strong>\u00a0-quien estaba embarazada- y su hermana<strong>\u00a0Daiana Palacio<\/strong>.\u00a0Los nenes fallecidos fueron\u00a0<strong>Milagros<\/strong>\u00a0de 6 a\u00f1os y<strong>\u00a0Gonzalo<\/strong>\u00a0de 3 a\u00f1os, hijos de Franco, e<strong>\u00a0Isabella<\/strong>\u00a0de 6 a\u00f1os, hija de Daiana.<\/p>\n<div id=\"attachment_56629\" style=\"width: 1034px\" class=\"wp-caption alignnone\"><img fetchpriority=\"high\" decoding=\"async\" aria-describedby=\"caption-attachment-56629\" class=\"wp-image-56629 size-large\" src=\"http:\/\/diariotextual.com\/inicio\/wp-content\/uploads\/2019\/07\/palaciofamiliamarchasiniestroanguilmonicasiderac2019-2-1024x634.jpg\" alt=\"\" width=\"1024\" height=\"634\" srcset=\"https:\/\/diariotextual.com\/inicio\/wp-content\/uploads\/2019\/07\/palaciofamiliamarchasiniestroanguilmonicasiderac2019-2-1024x634.jpg 1024w, https:\/\/diariotextual.com\/inicio\/wp-content\/uploads\/2019\/07\/palaciofamiliamarchasiniestroanguilmonicasiderac2019-2-300x186.jpg 300w, https:\/\/diariotextual.com\/inicio\/wp-content\/uploads\/2019\/07\/palaciofamiliamarchasiniestroanguilmonicasiderac2019-2-768x476.jpg 768w, https:\/\/diariotextual.com\/inicio\/wp-content\/uploads\/2019\/07\/palaciofamiliamarchasiniestroanguilmonicasiderac2019-2-1170x724.jpg 1170w, https:\/\/diariotextual.com\/inicio\/wp-content\/uploads\/2019\/07\/palaciofamiliamarchasiniestroanguilmonicasiderac2019-2-585x362.jpg 585w, https:\/\/diariotextual.com\/inicio\/wp-content\/uploads\/2019\/07\/palaciofamiliamarchasiniestroanguilmonicasiderac2019-2.jpg 1200w\" sizes=\"(max-width: 1024px) 100vw, 1024px\" \/><p id=\"caption-attachment-56629\" class=\"wp-caption-text\">M\u00f3nica Siderac, madre y abuela de las v\u00edctimas fatales.<\/p><\/div>\n<p>&nbsp;<\/p>\n<p>&nbsp;<\/p>\n<p>Hubo varios abuelos de los nenes fallecidos. Entre ellos, M\u00f3nica Siderac. \u00abQueremos justicia y que le pongan fecha al juicio. No queremos que la sociedad se olvide de este tremendo caso\u00bb, dijo a Diario Textual.<\/p>\n<p>\u00abNos marc\u00f3 para toda la vida\u00bb, sostuvo, por su parte, otro de los abuelos y padre de las v\u00edctimas, Ra\u00fal Palacio. \u00abEstamos pr\u00e1cticamente muertos en vida\u00bb, agreg\u00f3.<\/p>\n<p>Silvia Gonz\u00e1lez, de Estrellas Amarillas, acompa\u00f1\u00f3 la marcha. \u00abEst\u00e1n tardando en hacer el juicio. Las autoridades judiciales deben ponerle ya una fecha\u00bb, reclam\u00f3.<\/p>\n<p>&nbsp;<\/p>\n<p>&nbsp;<\/p>\n<p><strong>El choque fatal<\/strong><\/p>\n<p>El siniestro<a href=\"http:\/\/diariotextual.com\/inicio\/index.php\/2018\/12\/25\/seis-muertos-choque-cercanias-anguil\/\" target=\"_blank\" rel=\"noopener\"><strong> se registr\u00f3 a las 12.10 horas del 25 de diciembre pasado<\/strong><\/a>, a unos 35 kil\u00f3metros al este de Santa Rosa. Chocaron una Mercedes Benz SUV y un Peugeot 206.<\/p>\n<p>Los fallecidos fueron todos de Santa Rosa. Se trasladaban en el Peugeot, que intent\u00f3 girar en \u00abL\u00bb para tomar por la ruta 7 y fue embestido, en uno de sus costados, por el Mercedes.<\/p>\n<p>El conductor fallecido era\u00a0<strong>Franco Palacio<\/strong>. Estaba acompa\u00f1ado por\u00a0su pareja\u00a0<strong>Guadalupe Abascal<\/strong>\u00a0-quien se encontraba embarazada- y su hermana<strong>\u00a0Daiana Palacio<\/strong>.\u00a0Los nenes fallecidos fueron\u00a0<strong>Milagros<\/strong>\u00a0de 6 a\u00f1os y<strong>\u00a0Gonzalo<\/strong>\u00a0de 3 a\u00f1os, hijos de Franco Gabriel Palacio, e<strong>\u00a0Isabella<\/strong>\u00a0de 6 a\u00f1os, hija de Daiana Palacio.<\/p>\n<p>El conductor del Mercedes era Esteban Hotz, tambi\u00e9n de la capital pampeana. Sufri\u00f3 lesiones, pero logr\u00f3 recuperarse y decidi\u00f3 domiciliarse en otra provincia. Ahora deber\u00e1 afrontar un juicio en su contra.<\/p>\n<p>El Peugeot, que se trasladaba desde Santa Rosa por la ruta nacional 5, se pas\u00f3 unos 20 metros del cruce y pretendi\u00f3 girar en \u00abL\u00bb hacia la izquierda para tomar la arteria que lo llevara a la ruta provincial 7. En ese momento, fue impactado en el lateral izquierdo por el Mercedes.<\/p>\n<p>&nbsp;<\/p>\n<p><strong>Pericias oficiales<\/strong><\/p>\n<p>En abril, un perito de la Agencia de Investigaciones Cient\u00edficas entreg\u00f3 el informe donde estim\u00f3 la velocidad del Mercedes:<strong>\u00a0174 km\/h, en un cruce donde se debe transitar a 60 km\/h. \u201cSi se hubiera desplazado a velocidad reglamentaria y avistando al veh\u00edculo Peugeot a 52 metros de distancia, hubiera tenido tiempo y espacio suficientes para continuar su rumbo sin siquiera modificar sus par\u00e1metros cinem\u00e1ticos (NdeR: es decir, sin frenar), puesto que hubiera recorrido ese espacio en 3 segundos. Por su parte, el conductor del Peugeot, debiendo sortear la trocha de la v\u00eda correspondiente a su mano (3 m) a 20 km\/h hubiera completado la maniobra y abandonado la misma en 1,2 s\u201d,<\/strong>\u00a0sostuvo el perito en su informe.<\/p>\n<p>Adem\u00e1s dijo que<strong>\u00a0el factor determinante para que se produzca el siniestro no fue la maniobra del conductor del Peugeot: la causa fue la excesiva velocidad del Mercedes.<\/strong><\/p>\n<p>Seg\u00fan ese perito oficial, el conductor del Mercedes\u00a0<strong>solo fren\u00f3 en los \u00faltimos metros del impacto<\/strong>. \u201cSe registr\u00f3 un rastro de fricci\u00f3n de neum\u00e1tico de siete metros de longitud previo al choque\u201d, dijo.<\/p>\n<blockquote class=\"wp-embedded-content\" data-secret=\"co5Vd5LuGj\"><p><a href=\"http:\/\/diariotextual.com\/inicio\/index.php\/2019\/07\/21\/chocaron-dos-autos-cruce-anguil\/\">Chocaron dos autos en el Cruce de Anguil<\/a><\/p><\/blockquote>\n<p><iframe class=\"wp-embedded-content\" sandbox=\"allow-scripts\" security=\"restricted\" style=\"position: absolute; clip: rect(1px, 1px, 1px, 1px);\" src=\"http:\/\/diariotextual.com\/inicio\/index.php\/2019\/07\/21\/chocaron-dos-autos-cruce-anguil\/embed\/#?secret=co5Vd5LuGj\" data-secret=\"co5Vd5LuGj\" width=\"600\" height=\"338\" title=\"&#171;Chocaron dos autos en el Cruce de Anguil&#187; &#8212; Diario Textual\" frameborder=\"0\" marginwidth=\"0\" marginheight=\"0\" scrolling=\"no\"><\/iframe><\/p>\n<p>&nbsp;<\/p>\n<p>&nbsp;<\/p>\n<p>&nbsp;<\/p>\n<p>&nbsp;<\/p>\n<p>&nbsp;<\/p>\n<div class=\"g g-1\"><\/div>\n<p>&nbsp;<\/p>\n","protected":false},"excerpt":{"rendered":"<p>Las familias Palacio y Abascal marcharon este domingo a la tarde por las calles de Santa Rosa, en reclamo de justicia y para que le pongan fecha al juicio que&hellip;<\/p>\n","protected":false},"author":3,"featured_media":56626,"comment_status":"closed","ping_status":"open","sticky":false,"template":"","format":"standard","meta":{"_acf_changed":false,"footnotes":""},"categories":[11,319,12],"tags":[462,2106,2107],"class_list":["post-56620","post","type-post","status-publish","format-standard","has-post-thumbnail","hentry","category-que-pasa","category-a-temporales","category-sociedad","tag-anguil","tag-palacio","tag-tragedia"],"acf":[],"yoast_head":"<!-- This site is optimized with the Yoast SEO plugin v27.5 - https:\/\/yoast.com\/product\/yoast-seo-wordpress\/ -->\n<title>Marcharon por los seis fallecidos en un choque en el Cruce de Anguil - Diario Textual<\/title>\n<meta name=\"robots\" content=\"index, follow, max-snippet:-1, max-image-preview:large, max-video-preview:-1\" \/>\n<link rel=\"canonical\" href=\"https:\/\/diariotextual.com\/inicio\/index.php\/2019\/07\/21\/marcharon-los-seis-fallecidos-choque-cruce-anguil\/\" \/>\n<meta property=\"og:locale\" content=\"es_ES\" \/>\n<meta property=\"og:type\" content=\"article\" \/>\n<meta property=\"og:title\" content=\"Marcharon por los seis fallecidos en un choque en el Cruce de Anguil - Diario Textual\" \/>\n<meta property=\"og:description\" content=\"Las familias Palacio y Abascal marcharon este domingo a la tarde por las calles de Santa Rosa, en reclamo de justicia y para que le pongan fecha al juicio que&hellip;\" \/>\n<meta property=\"og:url\" content=\"https:\/\/diariotextual.com\/inicio\/index.php\/2019\/07\/21\/marcharon-los-seis-fallecidos-choque-cruce-anguil\/\" \/>\n<meta property=\"og:site_name\" content=\"Diario Textual\" \/>\n<meta property=\"article:publisher\" content=\"https:\/\/www.facebook.com\/eltextual\" \/>\n<meta property=\"article:published_time\" content=\"2019-07-21T21:52:14+00:00\" \/>\n<meta property=\"article:modified_time\" content=\"2019-07-22T11:46:10+00:00\" \/>\n<meta property=\"og:image\" content=\"https:\/\/diariotextual.com\/inicio\/wp-content\/uploads\/2019\/07\/palaciofamiliamarchasiniestroanguil2019-1.jpg\" \/>\n\t<meta property=\"og:image:width\" content=\"1200\" \/>\n\t<meta property=\"og:image:height\" content=\"703\" \/>\n\t<meta property=\"og:image:type\" content=\"image\/jpeg\" \/>\n<meta name=\"author\" content=\"Diario1 Diario1\" \/>\n<meta name=\"twitter:card\" content=\"summary_large_image\" \/>\n<meta name=\"twitter:creator\" content=\"@eltextual\" \/>\n<meta name=\"twitter:site\" content=\"@eltextual\" \/>\n<meta name=\"twitter:label1\" content=\"Escrito por\" \/>\n\t<meta name=\"twitter:data1\" content=\"Diario1 Diario1\" \/>\n\t<meta name=\"twitter:label2\" content=\"Tiempo de lectura\" \/>\n\t<meta name=\"twitter:data2\" content=\"3 minutos\" \/>\n<script type=\"application\/ld+json\" class=\"yoast-schema-graph\">{\"@context\":\"https:\\\/\\\/schema.org\",\"@graph\":[{\"@type\":\"Article\",\"@id\":\"https:\\\/\\\/diariotextual.com\\\/inicio\\\/index.php\\\/2019\\\/07\\\/21\\\/marcharon-los-seis-fallecidos-choque-cruce-anguil\\\/#article\",\"isPartOf\":{\"@id\":\"https:\\\/\\\/diariotextual.com\\\/inicio\\\/index.php\\\/2019\\\/07\\\/21\\\/marcharon-los-seis-fallecidos-choque-cruce-anguil\\\/\"},\"author\":{\"name\":\"Diario1 Diario1\",\"@id\":\"https:\\\/\\\/diariotextual.com\\\/inicio\\\/#\\\/schema\\\/person\\\/418fc4093c33e86ed41562db3508f958\"},\"headline\":\"Marcharon por los seis fallecidos en un choque en el Cruce de Anguil\",\"datePublished\":\"2019-07-21T21:52:14+00:00\",\"dateModified\":\"2019-07-22T11:46:10+00:00\",\"mainEntityOfPage\":{\"@id\":\"https:\\\/\\\/diariotextual.com\\\/inicio\\\/index.php\\\/2019\\\/07\\\/21\\\/marcharon-los-seis-fallecidos-choque-cruce-anguil\\\/\"},\"wordCount\":692,\"publisher\":{\"@id\":\"https:\\\/\\\/diariotextual.com\\\/inicio\\\/#organization\"},\"image\":{\"@id\":\"https:\\\/\\\/diariotextual.com\\\/inicio\\\/index.php\\\/2019\\\/07\\\/21\\\/marcharon-los-seis-fallecidos-choque-cruce-anguil\\\/#primaryimage\"},\"thumbnailUrl\":\"https:\\\/\\\/diariotextual.com\\\/inicio\\\/wp-content\\\/uploads\\\/2019\\\/07\\\/palaciofamiliamarchasiniestroanguil2019-1.jpg\",\"keywords\":[\"anguil\",\"palacio\",\"tragedia\"],\"articleSection\":[\"A - QUE PASA (al costado)\",\"A - TEMPORALES\",\"SOCIEDAD\"],\"inLanguage\":\"es\"},{\"@type\":\"WebPage\",\"@id\":\"https:\\\/\\\/diariotextual.com\\\/inicio\\\/index.php\\\/2019\\\/07\\\/21\\\/marcharon-los-seis-fallecidos-choque-cruce-anguil\\\/\",\"url\":\"https:\\\/\\\/diariotextual.com\\\/inicio\\\/index.php\\\/2019\\\/07\\\/21\\\/marcharon-los-seis-fallecidos-choque-cruce-anguil\\\/\",\"name\":\"Marcharon por los seis fallecidos en un choque en el Cruce de Anguil - Diario Textual\",\"isPartOf\":{\"@id\":\"https:\\\/\\\/diariotextual.com\\\/inicio\\\/#website\"},\"primaryImageOfPage\":{\"@id\":\"https:\\\/\\\/diariotextual.com\\\/inicio\\\/index.php\\\/2019\\\/07\\\/21\\\/marcharon-los-seis-fallecidos-choque-cruce-anguil\\\/#primaryimage\"},\"image\":{\"@id\":\"https:\\\/\\\/diariotextual.com\\\/inicio\\\/index.php\\\/2019\\\/07\\\/21\\\/marcharon-los-seis-fallecidos-choque-cruce-anguil\\\/#primaryimage\"},\"thumbnailUrl\":\"https:\\\/\\\/diariotextual.com\\\/inicio\\\/wp-content\\\/uploads\\\/2019\\\/07\\\/palaciofamiliamarchasiniestroanguil2019-1.jpg\",\"datePublished\":\"2019-07-21T21:52:14+00:00\",\"dateModified\":\"2019-07-22T11:46:10+00:00\",\"breadcrumb\":{\"@id\":\"https:\\\/\\\/diariotextual.com\\\/inicio\\\/index.php\\\/2019\\\/07\\\/21\\\/marcharon-los-seis-fallecidos-choque-cruce-anguil\\\/#breadcrumb\"},\"inLanguage\":\"es\",\"potentialAction\":[{\"@type\":\"ReadAction\",\"target\":[\"https:\\\/\\\/diariotextual.com\\\/inicio\\\/index.php\\\/2019\\\/07\\\/21\\\/marcharon-los-seis-fallecidos-choque-cruce-anguil\\\/\"]}]},{\"@type\":\"ImageObject\",\"inLanguage\":\"es\",\"@id\":\"https:\\\/\\\/diariotextual.com\\\/inicio\\\/index.php\\\/2019\\\/07\\\/21\\\/marcharon-los-seis-fallecidos-choque-cruce-anguil\\\/#primaryimage\",\"url\":\"https:\\\/\\\/diariotextual.com\\\/inicio\\\/wp-content\\\/uploads\\\/2019\\\/07\\\/palaciofamiliamarchasiniestroanguil2019-1.jpg\",\"contentUrl\":\"https:\\\/\\\/diariotextual.com\\\/inicio\\\/wp-content\\\/uploads\\\/2019\\\/07\\\/palaciofamiliamarchasiniestroanguil2019-1.jpg\",\"width\":1200,\"height\":703},{\"@type\":\"BreadcrumbList\",\"@id\":\"https:\\\/\\\/diariotextual.com\\\/inicio\\\/index.php\\\/2019\\\/07\\\/21\\\/marcharon-los-seis-fallecidos-choque-cruce-anguil\\\/#breadcrumb\",\"itemListElement\":[{\"@type\":\"ListItem\",\"position\":1,\"name\":\"Portada\",\"item\":\"https:\\\/\\\/diariotextual.com\\\/inicio\\\/\"},{\"@type\":\"ListItem\",\"position\":2,\"name\":\"Marcharon por los seis fallecidos en un choque en el Cruce de Anguil\"}]},{\"@type\":\"WebSite\",\"@id\":\"https:\\\/\\\/diariotextual.com\\\/inicio\\\/#website\",\"url\":\"https:\\\/\\\/diariotextual.com\\\/inicio\\\/\",\"name\":\"Diario Textual\",\"description\":\"\",\"publisher\":{\"@id\":\"https:\\\/\\\/diariotextual.com\\\/inicio\\\/#organization\"},\"potentialAction\":[{\"@type\":\"SearchAction\",\"target\":{\"@type\":\"EntryPoint\",\"urlTemplate\":\"https:\\\/\\\/diariotextual.com\\\/inicio\\\/?s={search_term_string}\"},\"query-input\":{\"@type\":\"PropertyValueSpecification\",\"valueRequired\":true,\"valueName\":\"search_term_string\"}}],\"inLanguage\":\"es\"},{\"@type\":\"Organization\",\"@id\":\"https:\\\/\\\/diariotextual.com\\\/inicio\\\/#organization\",\"name\":\"Diario Textual\",\"url\":\"https:\\\/\\\/diariotextual.com\\\/inicio\\\/\",\"logo\":{\"@type\":\"ImageObject\",\"inLanguage\":\"es\",\"@id\":\"https:\\\/\\\/diariotextual.com\\\/inicio\\\/#\\\/schema\\\/logo\\\/image\\\/\",\"url\":\"https:\\\/\\\/diariotextual.com\\\/inicio\\\/wp-content\\\/uploads\\\/2023\\\/05\\\/logotextual1.jpg\",\"contentUrl\":\"https:\\\/\\\/diariotextual.com\\\/inicio\\\/wp-content\\\/uploads\\\/2023\\\/05\\\/logotextual1.jpg\",\"width\":516,\"height\":76,\"caption\":\"Diario Textual\"},\"image\":{\"@id\":\"https:\\\/\\\/diariotextual.com\\\/inicio\\\/#\\\/schema\\\/logo\\\/image\\\/\"},\"sameAs\":[\"https:\\\/\\\/www.facebook.com\\\/eltextual\",\"https:\\\/\\\/x.com\\\/eltextual\",\"http:\\\/\\\/www.instagram.com\\\/eltextual\"]},{\"@type\":\"Person\",\"@id\":\"https:\\\/\\\/diariotextual.com\\\/inicio\\\/#\\\/schema\\\/person\\\/418fc4093c33e86ed41562db3508f958\",\"name\":\"Diario1 Diario1\",\"image\":{\"@type\":\"ImageObject\",\"inLanguage\":\"es\",\"@id\":\"https:\\\/\\\/secure.gravatar.com\\\/avatar\\\/9167d280179c85bc18be67aa7eda765854300033af4896dd779b608640f2ef7a?s=96&d=mm&r=g\",\"url\":\"https:\\\/\\\/secure.gravatar.com\\\/avatar\\\/9167d280179c85bc18be67aa7eda765854300033af4896dd779b608640f2ef7a?s=96&d=mm&r=g\",\"contentUrl\":\"https:\\\/\\\/secure.gravatar.com\\\/avatar\\\/9167d280179c85bc18be67aa7eda765854300033af4896dd779b608640f2ef7a?s=96&d=mm&r=g\",\"caption\":\"Diario1 Diario1\"},\"url\":\"https:\\\/\\\/diariotextual.com\\\/inicio\\\/index.php\\\/author\\\/diario1\\\/\"}]}<\/script>\n<!-- \/ Yoast SEO plugin. -->","yoast_head_json":{"title":"Marcharon por los seis fallecidos en un choque en el Cruce de Anguil - Diario Textual","robots":{"index":"index","follow":"follow","max-snippet":"max-snippet:-1","max-image-preview":"max-image-preview:large","max-video-preview":"max-video-preview:-1"},"canonical":"https:\/\/diariotextual.com\/inicio\/index.php\/2019\/07\/21\/marcharon-los-seis-fallecidos-choque-cruce-anguil\/","og_locale":"es_ES","og_type":"article","og_title":"Marcharon por los seis fallecidos en un choque en el Cruce de Anguil - Diario Textual","og_description":"Las familias Palacio y Abascal marcharon este domingo a la tarde por las calles de Santa Rosa, en reclamo de justicia y para que le pongan fecha al juicio que&hellip;","og_url":"https:\/\/diariotextual.com\/inicio\/index.php\/2019\/07\/21\/marcharon-los-seis-fallecidos-choque-cruce-anguil\/","og_site_name":"Diario Textual","article_publisher":"https:\/\/www.facebook.com\/eltextual","article_published_time":"2019-07-21T21:52:14+00:00","article_modified_time":"2019-07-22T11:46:10+00:00","og_image":[{"width":1200,"height":703,"url":"https:\/\/diariotextual.com\/inicio\/wp-content\/uploads\/2019\/07\/palaciofamiliamarchasiniestroanguil2019-1.jpg","type":"image\/jpeg"}],"author":"Diario1 Diario1","twitter_card":"summary_large_image","twitter_creator":"@eltextual","twitter_site":"@eltextual","twitter_misc":{"Escrito por":"Diario1 Diario1","Tiempo de lectura":"3 minutos"},"schema":{"@context":"https:\/\/schema.org","@graph":[{"@type":"Article","@id":"https:\/\/diariotextual.com\/inicio\/index.php\/2019\/07\/21\/marcharon-los-seis-fallecidos-choque-cruce-anguil\/#article","isPartOf":{"@id":"https:\/\/diariotextual.com\/inicio\/index.php\/2019\/07\/21\/marcharon-los-seis-fallecidos-choque-cruce-anguil\/"},"author":{"name":"Diario1 Diario1","@id":"https:\/\/diariotextual.com\/inicio\/#\/schema\/person\/418fc4093c33e86ed41562db3508f958"},"headline":"Marcharon por los seis fallecidos en un choque en el Cruce de Anguil","datePublished":"2019-07-21T21:52:14+00:00","dateModified":"2019-07-22T11:46:10+00:00","mainEntityOfPage":{"@id":"https:\/\/diariotextual.com\/inicio\/index.php\/2019\/07\/21\/marcharon-los-seis-fallecidos-choque-cruce-anguil\/"},"wordCount":692,"publisher":{"@id":"https:\/\/diariotextual.com\/inicio\/#organization"},"image":{"@id":"https:\/\/diariotextual.com\/inicio\/index.php\/2019\/07\/21\/marcharon-los-seis-fallecidos-choque-cruce-anguil\/#primaryimage"},"thumbnailUrl":"https:\/\/diariotextual.com\/inicio\/wp-content\/uploads\/2019\/07\/palaciofamiliamarchasiniestroanguil2019-1.jpg","keywords":["anguil","palacio","tragedia"],"articleSection":["A - QUE PASA (al costado)","A - TEMPORALES","SOCIEDAD"],"inLanguage":"es"},{"@type":"WebPage","@id":"https:\/\/diariotextual.com\/inicio\/index.php\/2019\/07\/21\/marcharon-los-seis-fallecidos-choque-cruce-anguil\/","url":"https:\/\/diariotextual.com\/inicio\/index.php\/2019\/07\/21\/marcharon-los-seis-fallecidos-choque-cruce-anguil\/","name":"Marcharon por los seis fallecidos en un choque en el Cruce de Anguil - Diario Textual","isPartOf":{"@id":"https:\/\/diariotextual.com\/inicio\/#website"},"primaryImageOfPage":{"@id":"https:\/\/diariotextual.com\/inicio\/index.php\/2019\/07\/21\/marcharon-los-seis-fallecidos-choque-cruce-anguil\/#primaryimage"},"image":{"@id":"https:\/\/diariotextual.com\/inicio\/index.php\/2019\/07\/21\/marcharon-los-seis-fallecidos-choque-cruce-anguil\/#primaryimage"},"thumbnailUrl":"https:\/\/diariotextual.com\/inicio\/wp-content\/uploads\/2019\/07\/palaciofamiliamarchasiniestroanguil2019-1.jpg","datePublished":"2019-07-21T21:52:14+00:00","dateModified":"2019-07-22T11:46:10+00:00","breadcrumb":{"@id":"https:\/\/diariotextual.com\/inicio\/index.php\/2019\/07\/21\/marcharon-los-seis-fallecidos-choque-cruce-anguil\/#breadcrumb"},"inLanguage":"es","potentialAction":[{"@type":"ReadAction","target":["https:\/\/diariotextual.com\/inicio\/index.php\/2019\/07\/21\/marcharon-los-seis-fallecidos-choque-cruce-anguil\/"]}]},{"@type":"ImageObject","inLanguage":"es","@id":"https:\/\/diariotextual.com\/inicio\/index.php\/2019\/07\/21\/marcharon-los-seis-fallecidos-choque-cruce-anguil\/#primaryimage","url":"https:\/\/diariotextual.com\/inicio\/wp-content\/uploads\/2019\/07\/palaciofamiliamarchasiniestroanguil2019-1.jpg","contentUrl":"https:\/\/diariotextual.com\/inicio\/wp-content\/uploads\/2019\/07\/palaciofamiliamarchasiniestroanguil2019-1.jpg","width":1200,"height":703},{"@type":"BreadcrumbList","@id":"https:\/\/diariotextual.com\/inicio\/index.php\/2019\/07\/21\/marcharon-los-seis-fallecidos-choque-cruce-anguil\/#breadcrumb","itemListElement":[{"@type":"ListItem","position":1,"name":"Portada","item":"https:\/\/diariotextual.com\/inicio\/"},{"@type":"ListItem","position":2,"name":"Marcharon por los seis fallecidos en un choque en el Cruce de Anguil"}]},{"@type":"WebSite","@id":"https:\/\/diariotextual.com\/inicio\/#website","url":"https:\/\/diariotextual.com\/inicio\/","name":"Diario Textual","description":"","publisher":{"@id":"https:\/\/diariotextual.com\/inicio\/#organization"},"potentialAction":[{"@type":"SearchAction","target":{"@type":"EntryPoint","urlTemplate":"https:\/\/diariotextual.com\/inicio\/?s={search_term_string}"},"query-input":{"@type":"PropertyValueSpecification","valueRequired":true,"valueName":"search_term_string"}}],"inLanguage":"es"},{"@type":"Organization","@id":"https:\/\/diariotextual.com\/inicio\/#organization","name":"Diario Textual","url":"https:\/\/diariotextual.com\/inicio\/","logo":{"@type":"ImageObject","inLanguage":"es","@id":"https:\/\/diariotextual.com\/inicio\/#\/schema\/logo\/image\/","url":"https:\/\/diariotextual.com\/inicio\/wp-content\/uploads\/2023\/05\/logotextual1.jpg","contentUrl":"https:\/\/diariotextual.com\/inicio\/wp-content\/uploads\/2023\/05\/logotextual1.jpg","width":516,"height":76,"caption":"Diario Textual"},"image":{"@id":"https:\/\/diariotextual.com\/inicio\/#\/schema\/logo\/image\/"},"sameAs":["https:\/\/www.facebook.com\/eltextual","https:\/\/x.com\/eltextual","http:\/\/www.instagram.com\/eltextual"]},{"@type":"Person","@id":"https:\/\/diariotextual.com\/inicio\/#\/schema\/person\/418fc4093c33e86ed41562db3508f958","name":"Diario1 Diario1","image":{"@type":"ImageObject","inLanguage":"es","@id":"https:\/\/secure.gravatar.com\/avatar\/9167d280179c85bc18be67aa7eda765854300033af4896dd779b608640f2ef7a?s=96&d=mm&r=g","url":"https:\/\/secure.gravatar.com\/avatar\/9167d280179c85bc18be67aa7eda765854300033af4896dd779b608640f2ef7a?s=96&d=mm&r=g","contentUrl":"https:\/\/secure.gravatar.com\/avatar\/9167d280179c85bc18be67aa7eda765854300033af4896dd779b608640f2ef7a?s=96&d=mm&r=g","caption":"Diario1 Diario1"},"url":"https:\/\/diariotextual.com\/inicio\/index.php\/author\/diario1\/"}]}},"_links":{"self":[{"href":"https:\/\/diariotextual.com\/inicio\/index.php\/wp-json\/wp\/v2\/posts\/56620","targetHints":{"allow":["GET"]}}],"collection":[{"href":"https:\/\/diariotextual.com\/inicio\/index.php\/wp-json\/wp\/v2\/posts"}],"about":[{"href":"https:\/\/diariotextual.com\/inicio\/index.php\/wp-json\/wp\/v2\/types\/post"}],"author":[{"embeddable":true,"href":"https:\/\/diariotextual.com\/inicio\/index.php\/wp-json\/wp\/v2\/users\/3"}],"replies":[{"embeddable":true,"href":"https:\/\/diariotextual.com\/inicio\/index.php\/wp-json\/wp\/v2\/comments?post=56620"}],"version-history":[{"count":10,"href":"https:\/\/diariotextual.com\/inicio\/index.php\/wp-json\/wp\/v2\/posts\/56620\/revisions"}],"predecessor-version":[{"id":56638,"href":"https:\/\/diariotextual.com\/inicio\/index.php\/wp-json\/wp\/v2\/posts\/56620\/revisions\/56638"}],"wp:featuredmedia":[{"embeddable":true,"href":"https:\/\/diariotextual.com\/inicio\/index.php\/wp-json\/wp\/v2\/media\/56626"}],"wp:attachment":[{"href":"https:\/\/diariotextual.com\/inicio\/index.php\/wp-json\/wp\/v2\/media?parent=56620"}],"wp:term":[{"taxonomy":"category","embeddable":true,"href":"https:\/\/diariotextual.com\/inicio\/index.php\/wp-json\/wp\/v2\/categories?post=56620"},{"taxonomy":"post_tag","embeddable":true,"href":"https:\/\/diariotextual.com\/inicio\/index.php\/wp-json\/wp\/v2\/tags?post=56620"}],"curies":[{"name":"wp","href":"https:\/\/api.w.org\/{rel}","templated":true}]}}