{"id":56652,"date":"2019-08-20T00:03:29","date_gmt":"2019-08-20T03:03:29","guid":{"rendered":"http:\/\/diariotextual.com\/inicio\/?p=56652"},"modified":"2019-08-20T15:49:08","modified_gmt":"2019-08-20T18:49:08","slug":"los-22-camiones-militares-oshkosh-traen-toay","status":"publish","type":"post","link":"https:\/\/diariotextual.com\/inicio\/index.php\/2019\/08\/20\/los-22-camiones-militares-oshkosh-traen-toay\/","title":{"rendered":"C\u00f3mo son los 22 camiones militares OshKosh que traen a Toay"},"content":{"rendered":"<p>El comandante de la X Brigada Mecanizada del Ej\u00e9rcito, coronel <strong>Paulo Pardo<\/strong>, confirm\u00f3 a <strong>Diario Textual<\/strong> que el<strong> Regimiento de Infanter\u00eda 6<\/strong>, con sede en <strong>Toay<\/strong>, recibir\u00e1<strong> los 22 nuevos camiones OshKosh FMTV<\/strong> que recientemente ingresaron al pa\u00eds desde Estados Unidos.<\/p>\n<p>&nbsp;<\/p>\n<p><img fetchpriority=\"high\" decoding=\"async\" class=\"alignnone wp-image-60036 size-large\" src=\"http:\/\/diariotextual.com\/inicio\/wp-content\/uploads\/2019\/07\/oshkoshcamionesejercitotoay2019-3-1024x683.jpg\" alt=\"\" width=\"1024\" height=\"683\" srcset=\"https:\/\/diariotextual.com\/inicio\/wp-content\/uploads\/2019\/07\/oshkoshcamionesejercitotoay2019-3-1024x683.jpg 1024w, https:\/\/diariotextual.com\/inicio\/wp-content\/uploads\/2019\/07\/oshkoshcamionesejercitotoay2019-3-300x200.jpg 300w, https:\/\/diariotextual.com\/inicio\/wp-content\/uploads\/2019\/07\/oshkoshcamionesejercitotoay2019-3-768x512.jpg 768w, https:\/\/diariotextual.com\/inicio\/wp-content\/uploads\/2019\/07\/oshkoshcamionesejercitotoay2019-3-1170x780.jpg 1170w, https:\/\/diariotextual.com\/inicio\/wp-content\/uploads\/2019\/07\/oshkoshcamionesejercitotoay2019-3-585x390.jpg 585w, https:\/\/diariotextual.com\/inicio\/wp-content\/uploads\/2019\/07\/oshkoshcamionesejercitotoay2019-3-263x175.jpg 263w, https:\/\/diariotextual.com\/inicio\/wp-content\/uploads\/2019\/07\/oshkoshcamionesejercitotoay2019-3.jpg 1920w\" sizes=\"(max-width: 1024px) 100vw, 1024px\" \/><\/p>\n<p>Se trata d<strong>e 22 camiones y 8 acoplados del modelo M1083 A1P2<\/strong>. Posteriormente otros camiones similares se incorporar\u00e1n a la brigada y se destinar\u00e1n a diferentes unidades.<\/p>\n<p>Se espera que en las pr\u00f3ximas semanas lleguen a La Pampa estos <strong>camiones 0 km<\/strong>, seg\u00fan dijo el coronel Pardo.<\/p>\n<p>&nbsp;<\/p>\n<p><iframe style=\"border: none; overflow: hidden;\" src=\"https:\/\/www.facebook.com\/plugins\/video.php?href=https%3A%2F%2Fwww.facebook.com%2FEjercitoArgentinoPaginaOficial%2Fvideos%2F407705883180147%2F&amp;show_text=1&amp;width=560\" width=\"560\" height=\"426\" frameborder=\"0\" scrolling=\"no\" allowfullscreen=\"allowfullscreen\"><\/iframe><\/p>\n<p>&nbsp;<\/p>\n<p>El<strong> Ej\u00e9rcito Argentino<\/strong> inform\u00f3 en un comunicado de prensa que son veh\u00edculos blindados fabricados por la firma norteamericana Oshkosh. Es empresa que tiene el contrato de provisi\u00f3n de este tipo de veh\u00edculos livianos, medianos y pesados. Presentan las siguientes capacidades:<\/p>\n<p>\u2022 Alto grado de protecci\u00f3n contra armas autom\u00e1ticas.<\/p>\n<p>\u2022 Flexibilidad de instalar sistemas de protecci\u00f3n adicional (kits de blindaje para reforzar su protecci\u00f3n).<\/p>\n<p>\u2022 Gran potencia (motor) y bajo consumo, lo que le da mayor autonom\u00eda.<\/p>\n<p>\u2022 Capacidad para instalar dispositivos de defensa para la marcha a trav\u00e9s de una escotilla para una ametralladora en la cabina.<\/p>\n<p>\u2022 Sistema central de inflado de llantas.<\/p>\n<p>\u2022 Alta capacidad para superar obst\u00e1culos terrestres y vadeo.<\/p>\n<p>\u2022 Repuestos y partes intercambiables con veh\u00edculos de la misma familia.<\/p>\n<p>\u00abEs por ello que los equipos interdisciplinarios de la Direcci\u00f3n General de Organizaci\u00f3n y Doctrina, la Direcci\u00f3n General de Planes, Programas y Presupuestos, la Direcci\u00f3n General de Material y la Direcci\u00f3n de Arsenales, llegaron a las conclusiones desde el punto de vista operativo y log\u00edstico en la selecci\u00f3n de este tipo de veh\u00edculo\u00bb, asegur\u00f3 el Ej\u00e9rcito en un comunicado de prensa.<\/p>\n<p>El proceso de compra se inici\u00f3 en 2016. Posteriormente comitivas militares de argentinos visitaron la f\u00e1brica que los produce y conocieron el proceso de armado. \u00abEste veh\u00edculo es utilizado actualmente por el Ej\u00e9rcito de Estados Unidos obteniendo destacados resultados en distintos ambientes geogr\u00e1ficos. Asimismo suboficiales mec\u00e1nicos del Batall\u00f3n de Arsenales 601, han participado de la capacitaci\u00f3n inicial en los EE.UU. y pr\u00f3ximamente vendr\u00e1n especialistas norteamericanos a dar cursos a mec\u00e1nicos y conductores. La idea es armar dentro de la cadena log\u00edstica la capacitaci\u00f3n de los distintos niveles de mantenimiento\u00bb, se inform\u00f3.<\/p>\n<p>Los camiones Oshkosh tienen tracci\u00f3n 6&#215;6; pueden cargar m\u00e1s de 4 toneladas y arrastrar casi 10 m\u00e1s, lo que totabiliza un total de 14 toneladas de transporte de carga \u00fatil. En su caja caben 16 soldados con su equipo (armamento de dotaci\u00f3n individual y mochilas) y en la cabina blindada transporta al conductor y a dos acompa\u00f1antes.<\/p>\n<p>El motor diesel Cartepillar 7 de 300 caballos de fuerza, le permite alcanzar los 80 km\/h y una autonom\u00eda superior a los 480 Km.<\/p>\n<p>Los equipos producidos por Oshkosh son reconocidos mundialmente por proporcionar versatilidad, movilidad, protecci\u00f3n y capacidad para mover tropas y suministros. Adem\u00e1s, se destacan a la hora de recuperar otros veh\u00edculos, sistemas de armas o equipos de transporte donde sea que la misi\u00f3n lo requiera.<\/p>\n<p><img decoding=\"async\" class=\"alignnone wp-image-55155 size-full\" src=\"http:\/\/diariotextual.com\/inicio\/wp-content\/uploads\/2019\/07\/oshkoshcamionesejercitotoay2019-2.jpg\" alt=\"\" width=\"960\" height=\"635\" srcset=\"https:\/\/diariotextual.com\/inicio\/wp-content\/uploads\/2019\/07\/oshkoshcamionesejercitotoay2019-2.jpg 960w, https:\/\/diariotextual.com\/inicio\/wp-content\/uploads\/2019\/07\/oshkoshcamionesejercitotoay2019-2-300x198.jpg 300w, https:\/\/diariotextual.com\/inicio\/wp-content\/uploads\/2019\/07\/oshkoshcamionesejercitotoay2019-2-768x508.jpg 768w, https:\/\/diariotextual.com\/inicio\/wp-content\/uploads\/2019\/07\/oshkoshcamionesejercitotoay2019-2-780x516.jpg 780w, https:\/\/diariotextual.com\/inicio\/wp-content\/uploads\/2019\/07\/oshkoshcamionesejercitotoay2019-2-585x387.jpg 585w, https:\/\/diariotextual.com\/inicio\/wp-content\/uploads\/2019\/07\/oshkoshcamionesejercitotoay2019-2-263x175.jpg 263w\" sizes=\"(max-width: 960px) 100vw, 960px\" \/><\/p>\n<p>Conjuntamente a los veh\u00edculos, se recibieron repuestos y se realiz\u00f3 una especializaci\u00f3n a los conductores motoristas y a los mec\u00e1nicos de automotores encargados de realizar el mantenimiento de los veh\u00edculos. Se espera en los pr\u00f3ximos meses el ingreso de 14 camiones del mismo modelo, 7 del modelo FMTV M1148 A1P2, con capacidad de carga de 8 toneladas, y 2 acoplados m\u00e1s.<\/p>\n<p>De esta manera quedar\u00edan un total de 36 veh\u00edculos OshKosh FMTV M1083 de 5 Ton y 7 veh\u00edculos M1148 de 8 Ton, llegando a un total de 43 camiones, representando un salto de calidad tecnol\u00f3gico significativo que busca reemplazar la l\u00ednea de veh\u00edculos que han cumplido su vida \u00fatil y asimismo mejorar ampliamente las capacidades de transporte del Ej\u00e9rcito.<\/p>\n<p>&nbsp;<\/p>\n<p>&nbsp;<\/p>\n","protected":false},"excerpt":{"rendered":"<p>El comandante de la X Brigada Mecanizada del Ej\u00e9rcito, coronel Paulo Pardo, confirm\u00f3 a Diario Textual que el Regimiento de Infanter\u00eda 6, con sede en Toay, recibir\u00e1 los 22 nuevos&hellip;<\/p>\n","protected":false},"author":3,"featured_media":60037,"comment_status":"closed","ping_status":"open","sticky":false,"template":"","format":"standard","meta":{"_acf_changed":false,"footnotes":""},"categories":[319,12],"tags":[2196,2194,2077,2195],"class_list":["post-56652","post","type-post","status-publish","format-standard","has-post-thumbnail","hentry","category-a-temporales","category-sociedad","tag-brigada","tag-camiones","tag-oshkosh","tag-pardo"],"acf":[],"yoast_head":"<!-- This site is optimized with the Yoast SEO plugin v27.5 - https:\/\/yoast.com\/product\/yoast-seo-wordpress\/ -->\n<title>C\u00f3mo son los 22 camiones militares OshKosh que traen a Toay - Diario Textual<\/title>\n<meta name=\"robots\" content=\"index, follow, max-snippet:-1, max-image-preview:large, max-video-preview:-1\" \/>\n<link rel=\"canonical\" href=\"https:\/\/diariotextual.com\/inicio\/index.php\/2019\/08\/20\/los-22-camiones-militares-oshkosh-traen-toay\/\" \/>\n<meta property=\"og:locale\" content=\"es_ES\" \/>\n<meta property=\"og:type\" content=\"article\" \/>\n<meta property=\"og:title\" content=\"C\u00f3mo son los 22 camiones militares OshKosh que traen a Toay - Diario Textual\" \/>\n<meta property=\"og:description\" content=\"El comandante de la X Brigada Mecanizada del Ej\u00e9rcito, coronel Paulo Pardo, confirm\u00f3 a Diario Textual que el Regimiento de Infanter\u00eda 6, con sede en Toay, recibir\u00e1 los 22 nuevos&hellip;\" \/>\n<meta property=\"og:url\" content=\"https:\/\/diariotextual.com\/inicio\/index.php\/2019\/08\/20\/los-22-camiones-militares-oshkosh-traen-toay\/\" \/>\n<meta property=\"og:site_name\" content=\"Diario Textual\" \/>\n<meta property=\"article:publisher\" content=\"https:\/\/www.facebook.com\/eltextual\" \/>\n<meta property=\"article:published_time\" content=\"2019-08-20T03:03:29+00:00\" \/>\n<meta property=\"article:modified_time\" content=\"2019-08-20T18:49:08+00:00\" \/>\n<meta property=\"og:image\" content=\"https:\/\/diariotextual.com\/inicio\/wp-content\/uploads\/2019\/07\/oshkoshcamionesejercitotoay2019-4.jpg\" \/>\n\t<meta property=\"og:image:width\" content=\"2880\" \/>\n\t<meta property=\"og:image:height\" content=\"1920\" \/>\n\t<meta property=\"og:image:type\" content=\"image\/jpeg\" \/>\n<meta name=\"author\" content=\"Diario1 Diario1\" \/>\n<meta name=\"twitter:card\" content=\"summary_large_image\" \/>\n<meta name=\"twitter:creator\" content=\"@eltextual\" \/>\n<meta name=\"twitter:site\" content=\"@eltextual\" \/>\n<meta name=\"twitter:label1\" content=\"Escrito por\" \/>\n\t<meta name=\"twitter:data1\" content=\"Diario1 Diario1\" \/>\n\t<meta name=\"twitter:label2\" content=\"Tiempo de lectura\" \/>\n\t<meta name=\"twitter:data2\" content=\"3 minutos\" \/>\n<script type=\"application\/ld+json\" class=\"yoast-schema-graph\">{\"@context\":\"https:\\\/\\\/schema.org\",\"@graph\":[{\"@type\":\"Article\",\"@id\":\"https:\\\/\\\/diariotextual.com\\\/inicio\\\/index.php\\\/2019\\\/08\\\/20\\\/los-22-camiones-militares-oshkosh-traen-toay\\\/#article\",\"isPartOf\":{\"@id\":\"https:\\\/\\\/diariotextual.com\\\/inicio\\\/index.php\\\/2019\\\/08\\\/20\\\/los-22-camiones-militares-oshkosh-traen-toay\\\/\"},\"author\":{\"name\":\"Diario1 Diario1\",\"@id\":\"https:\\\/\\\/diariotextual.com\\\/inicio\\\/#\\\/schema\\\/person\\\/418fc4093c33e86ed41562db3508f958\"},\"headline\":\"C\u00f3mo son los 22 camiones militares OshKosh que traen a Toay\",\"datePublished\":\"2019-08-20T03:03:29+00:00\",\"dateModified\":\"2019-08-20T18:49:08+00:00\",\"mainEntityOfPage\":{\"@id\":\"https:\\\/\\\/diariotextual.com\\\/inicio\\\/index.php\\\/2019\\\/08\\\/20\\\/los-22-camiones-militares-oshkosh-traen-toay\\\/\"},\"wordCount\":661,\"publisher\":{\"@id\":\"https:\\\/\\\/diariotextual.com\\\/inicio\\\/#organization\"},\"image\":{\"@id\":\"https:\\\/\\\/diariotextual.com\\\/inicio\\\/index.php\\\/2019\\\/08\\\/20\\\/los-22-camiones-militares-oshkosh-traen-toay\\\/#primaryimage\"},\"thumbnailUrl\":\"https:\\\/\\\/diariotextual.com\\\/inicio\\\/wp-content\\\/uploads\\\/2019\\\/07\\\/oshkoshcamionesejercitotoay2019-4.jpg\",\"keywords\":[\"brigada\",\"camiones\",\"Oshkosh\",\"pardo\"],\"articleSection\":[\"A - TEMPORALES\",\"SOCIEDAD\"],\"inLanguage\":\"es\"},{\"@type\":\"WebPage\",\"@id\":\"https:\\\/\\\/diariotextual.com\\\/inicio\\\/index.php\\\/2019\\\/08\\\/20\\\/los-22-camiones-militares-oshkosh-traen-toay\\\/\",\"url\":\"https:\\\/\\\/diariotextual.com\\\/inicio\\\/index.php\\\/2019\\\/08\\\/20\\\/los-22-camiones-militares-oshkosh-traen-toay\\\/\",\"name\":\"C\u00f3mo son los 22 camiones militares OshKosh que traen a Toay - Diario Textual\",\"isPartOf\":{\"@id\":\"https:\\\/\\\/diariotextual.com\\\/inicio\\\/#website\"},\"primaryImageOfPage\":{\"@id\":\"https:\\\/\\\/diariotextual.com\\\/inicio\\\/index.php\\\/2019\\\/08\\\/20\\\/los-22-camiones-militares-oshkosh-traen-toay\\\/#primaryimage\"},\"image\":{\"@id\":\"https:\\\/\\\/diariotextual.com\\\/inicio\\\/index.php\\\/2019\\\/08\\\/20\\\/los-22-camiones-militares-oshkosh-traen-toay\\\/#primaryimage\"},\"thumbnailUrl\":\"https:\\\/\\\/diariotextual.com\\\/inicio\\\/wp-content\\\/uploads\\\/2019\\\/07\\\/oshkoshcamionesejercitotoay2019-4.jpg\",\"datePublished\":\"2019-08-20T03:03:29+00:00\",\"dateModified\":\"2019-08-20T18:49:08+00:00\",\"breadcrumb\":{\"@id\":\"https:\\\/\\\/diariotextual.com\\\/inicio\\\/index.php\\\/2019\\\/08\\\/20\\\/los-22-camiones-militares-oshkosh-traen-toay\\\/#breadcrumb\"},\"inLanguage\":\"es\",\"potentialAction\":[{\"@type\":\"ReadAction\",\"target\":[\"https:\\\/\\\/diariotextual.com\\\/inicio\\\/index.php\\\/2019\\\/08\\\/20\\\/los-22-camiones-militares-oshkosh-traen-toay\\\/\"]}]},{\"@type\":\"ImageObject\",\"inLanguage\":\"es\",\"@id\":\"https:\\\/\\\/diariotextual.com\\\/inicio\\\/index.php\\\/2019\\\/08\\\/20\\\/los-22-camiones-militares-oshkosh-traen-toay\\\/#primaryimage\",\"url\":\"https:\\\/\\\/diariotextual.com\\\/inicio\\\/wp-content\\\/uploads\\\/2019\\\/07\\\/oshkoshcamionesejercitotoay2019-4.jpg\",\"contentUrl\":\"https:\\\/\\\/diariotextual.com\\\/inicio\\\/wp-content\\\/uploads\\\/2019\\\/07\\\/oshkoshcamionesejercitotoay2019-4.jpg\",\"width\":2880,\"height\":1920},{\"@type\":\"BreadcrumbList\",\"@id\":\"https:\\\/\\\/diariotextual.com\\\/inicio\\\/index.php\\\/2019\\\/08\\\/20\\\/los-22-camiones-militares-oshkosh-traen-toay\\\/#breadcrumb\",\"itemListElement\":[{\"@type\":\"ListItem\",\"position\":1,\"name\":\"Portada\",\"item\":\"https:\\\/\\\/diariotextual.com\\\/inicio\\\/\"},{\"@type\":\"ListItem\",\"position\":2,\"name\":\"C\u00f3mo son los 22 camiones militares OshKosh que traen a Toay\"}]},{\"@type\":\"WebSite\",\"@id\":\"https:\\\/\\\/diariotextual.com\\\/inicio\\\/#website\",\"url\":\"https:\\\/\\\/diariotextual.com\\\/inicio\\\/\",\"name\":\"Diario Textual\",\"description\":\"\",\"publisher\":{\"@id\":\"https:\\\/\\\/diariotextual.com\\\/inicio\\\/#organization\"},\"potentialAction\":[{\"@type\":\"SearchAction\",\"target\":{\"@type\":\"EntryPoint\",\"urlTemplate\":\"https:\\\/\\\/diariotextual.com\\\/inicio\\\/?s={search_term_string}\"},\"query-input\":{\"@type\":\"PropertyValueSpecification\",\"valueRequired\":true,\"valueName\":\"search_term_string\"}}],\"inLanguage\":\"es\"},{\"@type\":\"Organization\",\"@id\":\"https:\\\/\\\/diariotextual.com\\\/inicio\\\/#organization\",\"name\":\"Diario Textual\",\"url\":\"https:\\\/\\\/diariotextual.com\\\/inicio\\\/\",\"logo\":{\"@type\":\"ImageObject\",\"inLanguage\":\"es\",\"@id\":\"https:\\\/\\\/diariotextual.com\\\/inicio\\\/#\\\/schema\\\/logo\\\/image\\\/\",\"url\":\"https:\\\/\\\/diariotextual.com\\\/inicio\\\/wp-content\\\/uploads\\\/2023\\\/05\\\/logotextual1.jpg\",\"contentUrl\":\"https:\\\/\\\/diariotextual.com\\\/inicio\\\/wp-content\\\/uploads\\\/2023\\\/05\\\/logotextual1.jpg\",\"width\":516,\"height\":76,\"caption\":\"Diario Textual\"},\"image\":{\"@id\":\"https:\\\/\\\/diariotextual.com\\\/inicio\\\/#\\\/schema\\\/logo\\\/image\\\/\"},\"sameAs\":[\"https:\\\/\\\/www.facebook.com\\\/eltextual\",\"https:\\\/\\\/x.com\\\/eltextual\",\"http:\\\/\\\/www.instagram.com\\\/eltextual\"]},{\"@type\":\"Person\",\"@id\":\"https:\\\/\\\/diariotextual.com\\\/inicio\\\/#\\\/schema\\\/person\\\/418fc4093c33e86ed41562db3508f958\",\"name\":\"Diario1 Diario1\",\"image\":{\"@type\":\"ImageObject\",\"inLanguage\":\"es\",\"@id\":\"https:\\\/\\\/secure.gravatar.com\\\/avatar\\\/9167d280179c85bc18be67aa7eda765854300033af4896dd779b608640f2ef7a?s=96&d=mm&r=g\",\"url\":\"https:\\\/\\\/secure.gravatar.com\\\/avatar\\\/9167d280179c85bc18be67aa7eda765854300033af4896dd779b608640f2ef7a?s=96&d=mm&r=g\",\"contentUrl\":\"https:\\\/\\\/secure.gravatar.com\\\/avatar\\\/9167d280179c85bc18be67aa7eda765854300033af4896dd779b608640f2ef7a?s=96&d=mm&r=g\",\"caption\":\"Diario1 Diario1\"},\"url\":\"https:\\\/\\\/diariotextual.com\\\/inicio\\\/index.php\\\/author\\\/diario1\\\/\"}]}<\/script>\n<!-- \/ Yoast SEO plugin. -->","yoast_head_json":{"title":"C\u00f3mo son los 22 camiones militares OshKosh que traen a Toay - Diario Textual","robots":{"index":"index","follow":"follow","max-snippet":"max-snippet:-1","max-image-preview":"max-image-preview:large","max-video-preview":"max-video-preview:-1"},"canonical":"https:\/\/diariotextual.com\/inicio\/index.php\/2019\/08\/20\/los-22-camiones-militares-oshkosh-traen-toay\/","og_locale":"es_ES","og_type":"article","og_title":"C\u00f3mo son los 22 camiones militares OshKosh que traen a Toay - Diario Textual","og_description":"El comandante de la X Brigada Mecanizada del Ej\u00e9rcito, coronel Paulo Pardo, confirm\u00f3 a Diario Textual que el Regimiento de Infanter\u00eda 6, con sede en Toay, recibir\u00e1 los 22 nuevos&hellip;","og_url":"https:\/\/diariotextual.com\/inicio\/index.php\/2019\/08\/20\/los-22-camiones-militares-oshkosh-traen-toay\/","og_site_name":"Diario Textual","article_publisher":"https:\/\/www.facebook.com\/eltextual","article_published_time":"2019-08-20T03:03:29+00:00","article_modified_time":"2019-08-20T18:49:08+00:00","og_image":[{"width":2880,"height":1920,"url":"https:\/\/diariotextual.com\/inicio\/wp-content\/uploads\/2019\/07\/oshkoshcamionesejercitotoay2019-4.jpg","type":"image\/jpeg"}],"author":"Diario1 Diario1","twitter_card":"summary_large_image","twitter_creator":"@eltextual","twitter_site":"@eltextual","twitter_misc":{"Escrito por":"Diario1 Diario1","Tiempo de lectura":"3 minutos"},"schema":{"@context":"https:\/\/schema.org","@graph":[{"@type":"Article","@id":"https:\/\/diariotextual.com\/inicio\/index.php\/2019\/08\/20\/los-22-camiones-militares-oshkosh-traen-toay\/#article","isPartOf":{"@id":"https:\/\/diariotextual.com\/inicio\/index.php\/2019\/08\/20\/los-22-camiones-militares-oshkosh-traen-toay\/"},"author":{"name":"Diario1 Diario1","@id":"https:\/\/diariotextual.com\/inicio\/#\/schema\/person\/418fc4093c33e86ed41562db3508f958"},"headline":"C\u00f3mo son los 22 camiones militares OshKosh que traen a Toay","datePublished":"2019-08-20T03:03:29+00:00","dateModified":"2019-08-20T18:49:08+00:00","mainEntityOfPage":{"@id":"https:\/\/diariotextual.com\/inicio\/index.php\/2019\/08\/20\/los-22-camiones-militares-oshkosh-traen-toay\/"},"wordCount":661,"publisher":{"@id":"https:\/\/diariotextual.com\/inicio\/#organization"},"image":{"@id":"https:\/\/diariotextual.com\/inicio\/index.php\/2019\/08\/20\/los-22-camiones-militares-oshkosh-traen-toay\/#primaryimage"},"thumbnailUrl":"https:\/\/diariotextual.com\/inicio\/wp-content\/uploads\/2019\/07\/oshkoshcamionesejercitotoay2019-4.jpg","keywords":["brigada","camiones","Oshkosh","pardo"],"articleSection":["A - TEMPORALES","SOCIEDAD"],"inLanguage":"es"},{"@type":"WebPage","@id":"https:\/\/diariotextual.com\/inicio\/index.php\/2019\/08\/20\/los-22-camiones-militares-oshkosh-traen-toay\/","url":"https:\/\/diariotextual.com\/inicio\/index.php\/2019\/08\/20\/los-22-camiones-militares-oshkosh-traen-toay\/","name":"C\u00f3mo son los 22 camiones militares OshKosh que traen a Toay - Diario Textual","isPartOf":{"@id":"https:\/\/diariotextual.com\/inicio\/#website"},"primaryImageOfPage":{"@id":"https:\/\/diariotextual.com\/inicio\/index.php\/2019\/08\/20\/los-22-camiones-militares-oshkosh-traen-toay\/#primaryimage"},"image":{"@id":"https:\/\/diariotextual.com\/inicio\/index.php\/2019\/08\/20\/los-22-camiones-militares-oshkosh-traen-toay\/#primaryimage"},"thumbnailUrl":"https:\/\/diariotextual.com\/inicio\/wp-content\/uploads\/2019\/07\/oshkoshcamionesejercitotoay2019-4.jpg","datePublished":"2019-08-20T03:03:29+00:00","dateModified":"2019-08-20T18:49:08+00:00","breadcrumb":{"@id":"https:\/\/diariotextual.com\/inicio\/index.php\/2019\/08\/20\/los-22-camiones-militares-oshkosh-traen-toay\/#breadcrumb"},"inLanguage":"es","potentialAction":[{"@type":"ReadAction","target":["https:\/\/diariotextual.com\/inicio\/index.php\/2019\/08\/20\/los-22-camiones-militares-oshkosh-traen-toay\/"]}]},{"@type":"ImageObject","inLanguage":"es","@id":"https:\/\/diariotextual.com\/inicio\/index.php\/2019\/08\/20\/los-22-camiones-militares-oshkosh-traen-toay\/#primaryimage","url":"https:\/\/diariotextual.com\/inicio\/wp-content\/uploads\/2019\/07\/oshkoshcamionesejercitotoay2019-4.jpg","contentUrl":"https:\/\/diariotextual.com\/inicio\/wp-content\/uploads\/2019\/07\/oshkoshcamionesejercitotoay2019-4.jpg","width":2880,"height":1920},{"@type":"BreadcrumbList","@id":"https:\/\/diariotextual.com\/inicio\/index.php\/2019\/08\/20\/los-22-camiones-militares-oshkosh-traen-toay\/#breadcrumb","itemListElement":[{"@type":"ListItem","position":1,"name":"Portada","item":"https:\/\/diariotextual.com\/inicio\/"},{"@type":"ListItem","position":2,"name":"C\u00f3mo son los 22 camiones militares OshKosh que traen a Toay"}]},{"@type":"WebSite","@id":"https:\/\/diariotextual.com\/inicio\/#website","url":"https:\/\/diariotextual.com\/inicio\/","name":"Diario Textual","description":"","publisher":{"@id":"https:\/\/diariotextual.com\/inicio\/#organization"},"potentialAction":[{"@type":"SearchAction","target":{"@type":"EntryPoint","urlTemplate":"https:\/\/diariotextual.com\/inicio\/?s={search_term_string}"},"query-input":{"@type":"PropertyValueSpecification","valueRequired":true,"valueName":"search_term_string"}}],"inLanguage":"es"},{"@type":"Organization","@id":"https:\/\/diariotextual.com\/inicio\/#organization","name":"Diario Textual","url":"https:\/\/diariotextual.com\/inicio\/","logo":{"@type":"ImageObject","inLanguage":"es","@id":"https:\/\/diariotextual.com\/inicio\/#\/schema\/logo\/image\/","url":"https:\/\/diariotextual.com\/inicio\/wp-content\/uploads\/2023\/05\/logotextual1.jpg","contentUrl":"https:\/\/diariotextual.com\/inicio\/wp-content\/uploads\/2023\/05\/logotextual1.jpg","width":516,"height":76,"caption":"Diario Textual"},"image":{"@id":"https:\/\/diariotextual.com\/inicio\/#\/schema\/logo\/image\/"},"sameAs":["https:\/\/www.facebook.com\/eltextual","https:\/\/x.com\/eltextual","http:\/\/www.instagram.com\/eltextual"]},{"@type":"Person","@id":"https:\/\/diariotextual.com\/inicio\/#\/schema\/person\/418fc4093c33e86ed41562db3508f958","name":"Diario1 Diario1","image":{"@type":"ImageObject","inLanguage":"es","@id":"https:\/\/secure.gravatar.com\/avatar\/9167d280179c85bc18be67aa7eda765854300033af4896dd779b608640f2ef7a?s=96&d=mm&r=g","url":"https:\/\/secure.gravatar.com\/avatar\/9167d280179c85bc18be67aa7eda765854300033af4896dd779b608640f2ef7a?s=96&d=mm&r=g","contentUrl":"https:\/\/secure.gravatar.com\/avatar\/9167d280179c85bc18be67aa7eda765854300033af4896dd779b608640f2ef7a?s=96&d=mm&r=g","caption":"Diario1 Diario1"},"url":"https:\/\/diariotextual.com\/inicio\/index.php\/author\/diario1\/"}]}},"_links":{"self":[{"href":"https:\/\/diariotextual.com\/inicio\/index.php\/wp-json\/wp\/v2\/posts\/56652","targetHints":{"allow":["GET"]}}],"collection":[{"href":"https:\/\/diariotextual.com\/inicio\/index.php\/wp-json\/wp\/v2\/posts"}],"about":[{"href":"https:\/\/diariotextual.com\/inicio\/index.php\/wp-json\/wp\/v2\/types\/post"}],"author":[{"embeddable":true,"href":"https:\/\/diariotextual.com\/inicio\/index.php\/wp-json\/wp\/v2\/users\/3"}],"replies":[{"embeddable":true,"href":"https:\/\/diariotextual.com\/inicio\/index.php\/wp-json\/wp\/v2\/comments?post=56652"}],"version-history":[{"count":3,"href":"https:\/\/diariotextual.com\/inicio\/index.php\/wp-json\/wp\/v2\/posts\/56652\/revisions"}],"predecessor-version":[{"id":60039,"href":"https:\/\/diariotextual.com\/inicio\/index.php\/wp-json\/wp\/v2\/posts\/56652\/revisions\/60039"}],"wp:featuredmedia":[{"embeddable":true,"href":"https:\/\/diariotextual.com\/inicio\/index.php\/wp-json\/wp\/v2\/media\/60037"}],"wp:attachment":[{"href":"https:\/\/diariotextual.com\/inicio\/index.php\/wp-json\/wp\/v2\/media?parent=56652"}],"wp:term":[{"taxonomy":"category","embeddable":true,"href":"https:\/\/diariotextual.com\/inicio\/index.php\/wp-json\/wp\/v2\/categories?post=56652"},{"taxonomy":"post_tag","embeddable":true,"href":"https:\/\/diariotextual.com\/inicio\/index.php\/wp-json\/wp\/v2\/tags?post=56652"}],"curies":[{"name":"wp","href":"https:\/\/api.w.org\/{rel}","templated":true}]}}