{"id":56668,"date":"2019-07-22T23:28:00","date_gmt":"2019-07-23T02:28:00","guid":{"rendered":"http:\/\/diariotextual.com\/inicio\/?p=56668"},"modified":"2019-07-23T10:05:38","modified_gmt":"2019-07-23T13:05:38","slug":"paso-la-pampa-campana-austera-la-sombra-la-presidencial","status":"publish","type":"post","link":"https:\/\/diariotextual.com\/inicio\/index.php\/2019\/07\/22\/paso-la-pampa-campana-austera-la-sombra-la-presidencial\/","title":{"rendered":"PASO en La Pampa: campa\u00f1a austera a la sombra de la presidencial"},"content":{"rendered":"<h3><strong>Por Norberto G. Asquini<\/strong><\/h3>\n<p>&nbsp;<\/p>\n<p><!--more--><\/p>\n<p>&nbsp;<\/p>\n<p>La actual campa\u00f1a para las Primarias en La Pampa quedar\u00e1 en la historia pol\u00edtica provincial como<strong> una de las menos trascendentales<\/strong>. Todo lo que se juega pasa a nivel pa\u00eds y <strong>en lo local est\u00e1 casi todo dicho<\/strong>, adem\u00e1s de los dirigentes desmovilizados luego de la elecci\u00f3n provincial del 19 de mayo. <strong>El 11 de agosto no se define nada, porque la verdadera campa\u00f1a, la que vale por los cargos, ser\u00e1 la del 27 de octubre<\/strong>.<\/p>\n<p>&nbsp;<\/p>\n<p><strong>Polarizados<\/strong><\/p>\n<p>La elecci\u00f3n a presidente es la que manda. Todo parece reducirse al primer tramo de la boleta, y es as\u00ed. Ni carteles se ven por ahora en las calles. En La Pampa es todo austeridad. \u00bfPara qu\u00e9 gastar, si adem\u00e1s no hay plata?<\/p>\n<p>El escenario nacional marca la polarizaci\u00f3n entre la f\u00f3rmula del Frente de Todos, Alberto Fern\u00e1ndez y CFK, y la de Juntos por el Cambio, la ex Cambiemos, de Macri y Pichetto.<strong> Las encuestas marcan que FF est\u00e1n arriba desplegando la estrategia del \u00abbolsillo\u00bb frente a la crisis econ\u00f3mica actual. Pero que a su vez se detuvo la ca\u00edda de la imagen presidencial con un d\u00f3lar quieto y la llegada del aguinaldo y luego que se despleg\u00f3 al decir del consultor Mario Riorda una campa\u00f1a del miedo<\/strong> que le sirve a Macri. Ninguno de los dos frentes por ahora gana en primera vuelta y todos hacen n\u00fameros para la segunda vuelta. La clave de ambas f\u00f3rmulas est\u00e1 en lo que cuesta sumar nuevos votos ante la imagen negativa y el rechazo a un lado y al otro de la polarizaci\u00f3n.<\/p>\n<p>&nbsp;<\/p>\n<p><strong>El tanque oficial<\/strong><\/p>\n<p><strong>El despliegue de la campa\u00f1a nacional no llega a La Pampa, una provincia que no es decisiva.<\/strong> Los candidatos del PJ pampeano y sus aliados en el Frente de Todos, Hern\u00e1n P\u00e9rez Araujo y Carmina Besga, son los m\u00e1s visibles. Recorren la provincia con un mensaje claro y sin fisuras: en lo nacional el apoyo a la f\u00f3rmula FF y la confrontaci\u00f3n con Macri y en lo provincial la continuidad del gobierno peronista de Verna-Ziliotto y la defensa de La Pampa frente a Naci\u00f3n. Uno de los m\u00e1s finos analistas del peronismo resalta al ser consultado: \u00ab<strong>Una encuesta local marc\u00f3 que en La Pampa la boleta es un tanque que llega con el impulso del 53% obtenido por el PJ en las elecciones de mayo y de la mano de Fern\u00e1ndez-Fern\u00e1ndez que en la provincia est\u00e1 cerca de ese porcentaje en intenci\u00f3n de voto<\/strong>\u00ab. Aunque los n\u00fameros sean dif\u00edciles de conseguir en las urnas,<strong> el peronismo pampeano quiere meter los dos diputados en juego<\/strong> en estas elecciones. <strong>Tendr\u00eda que doblar a la UCR-PRO para lograrlo<\/strong>. Es la \u00fanica meta en la provincia, adem\u00e1s de aportar lo que pueda para la f\u00f3rmula nacional.<\/p>\n<p>&nbsp;<\/p>\n<p><strong>La boleta con y sin Macri<\/strong><\/p>\n<p><strong>La estrategia de campa\u00f1a de Juntos por el Cambio, con Mart\u00edn Berhongaray a la cabeza ser\u00e1 la boleta de Macri en La Pampa. Pero en esta campa\u00f1a los radicales, al menos el candidato, refinaron a\u00fan m\u00e1s la distancia con el macrismo<\/strong>. El momento en que el candidato radical va pegado a la boleta de Macri, es tambi\u00e9n el del mayor intento por despegarse sin hacer evidente esa alianza y de licuar su pertenencia.<strong> Propio de su estilo pol\u00edtico, Berhongaray tiene un discurso autorreferencial volcado directamente a su labor legislativa y moderado en el que plantea consensos, tema este que lo acerca al que usan en clave republicana Macri-Pichetto<\/strong>. Hay posicionamientos sobre la cuesti\u00f3n h\u00eddrica, pero le escapa a cualquier referencia al gobierno nacional o al provincial. Ni a favor de uno, ni en contra del otro. Entrampado en lo discursivo, de sus declaraciones no se desprende qu\u00e9 har\u00e1 como representante en el Congreso de un futuro gobierno de Macri si el presidente es reelecto. Es una campa\u00f1a cerrada a obtener el voto del radicalismo, mientras el macrismo hace campa\u00f1a en la provincia por el mandatario.<\/p>\n<p>&nbsp;<\/p>\n<p><strong>Lo que queda<\/strong><\/p>\n<p>Frente a la polarizaci\u00f3n y a la densidad nacional de esta campa\u00f1a habr\u00e1 otras tres boletas que juegan a fortalecer sus espacios. Como marcan las encuestas, el tercer lugar hoy es el de Roberto Lavagna con Consenso Federal como alternativa a la grieta, con un lugar dif\u00edcil que es \u00a0el de disputar la sinuosa avenida del medio. El candidato de la boleta local ser\u00e1 Luis Solana. Y despu\u00e9s est\u00e1n presentes las izquierdas con el Frente de Izquierda Unido y el MAS disputando el voto ideol\u00f3gico.<\/p>\n<p>Se vienen las PASO, que solo servir\u00e1n como una encuesta p\u00fablica de cara al 27 de octubre, y para saber si las fuerzas minoritarias obtendr\u00e1n los votos necesarios para seguir en carrera. Una elecci\u00f3n que est\u00e1 casi de m\u00e1s, cuando la mayor\u00eda de los votantes ya tiene definido su voto a presidente y est\u00e1n desentendidos de lo que ocurra a nivel local.<\/p>\n<p>Bien puede usarse para esta campa\u00f1a\u00a0 uno de los di\u00e1logos m\u00e1s famosos del cine argentino. En la pel\u00edcula Esperando la carroza Antonio Musicardi (Luis Brandoni) le plantea a su hermano Sergio (Juan Manuel Tenuta) la indeleble, risue\u00f1a y c\u00ednica frase de las \u00abtres empanadas\u00bb. \u00ab\u00a1Qu\u00e9 miseria, che, qu\u00e9 miseria!\u00bb, nos dir\u00eda Antonio mirando el escenario local.<\/p>\n<p>&nbsp;<\/p>\n<p>&nbsp;<\/p>\n<p>&nbsp;<\/p>\n<p>&nbsp;<\/p>\n","protected":false},"excerpt":{"rendered":"<p>Por Norberto G. Asquini &nbsp;<\/p>\n","protected":false},"author":3,"featured_media":49256,"comment_status":"closed","ping_status":"open","sticky":false,"template":"","format":"standard","meta":{"_acf_changed":false,"footnotes":""},"categories":[319,8],"tags":[124],"class_list":["post-56668","post","type-post","status-publish","format-standard","has-post-thumbnail","hentry","category-a-temporales","category-politica","tag-asquini"],"acf":[],"yoast_head":"<!-- This site is optimized with the Yoast SEO plugin v27.5 - https:\/\/yoast.com\/product\/yoast-seo-wordpress\/ -->\n<title>PASO en La Pampa: campa\u00f1a austera a la sombra de la presidencial - Diario Textual<\/title>\n<meta name=\"robots\" content=\"index, follow, max-snippet:-1, max-image-preview:large, max-video-preview:-1\" \/>\n<link rel=\"canonical\" href=\"https:\/\/diariotextual.com\/inicio\/index.php\/2019\/07\/22\/paso-la-pampa-campana-austera-la-sombra-la-presidencial\/\" \/>\n<meta property=\"og:locale\" content=\"es_ES\" \/>\n<meta property=\"og:type\" content=\"article\" \/>\n<meta property=\"og:title\" content=\"PASO en La Pampa: campa\u00f1a austera a la sombra de la presidencial - Diario Textual\" \/>\n<meta property=\"og:description\" content=\"Por Norberto G. Asquini &nbsp;\" \/>\n<meta property=\"og:url\" content=\"https:\/\/diariotextual.com\/inicio\/index.php\/2019\/07\/22\/paso-la-pampa-campana-austera-la-sombra-la-presidencial\/\" \/>\n<meta property=\"og:site_name\" content=\"Diario Textual\" \/>\n<meta property=\"article:publisher\" content=\"https:\/\/www.facebook.com\/eltextual\" \/>\n<meta property=\"article:published_time\" content=\"2019-07-23T02:28:00+00:00\" \/>\n<meta property=\"article:modified_time\" content=\"2019-07-23T13:05:38+00:00\" \/>\n<meta property=\"og:image\" content=\"https:\/\/diariotextual.com\/inicio\/wp-content\/uploads\/2019\/05\/elecciones19mayo2019-4.jpg\" \/>\n\t<meta property=\"og:image:width\" content=\"1100\" \/>\n\t<meta property=\"og:image:height\" content=\"764\" \/>\n\t<meta property=\"og:image:type\" content=\"image\/jpeg\" \/>\n<meta name=\"author\" content=\"Diario1 Diario1\" \/>\n<meta name=\"twitter:card\" content=\"summary_large_image\" \/>\n<meta name=\"twitter:creator\" content=\"@eltextual\" \/>\n<meta name=\"twitter:site\" content=\"@eltextual\" \/>\n<meta name=\"twitter:label1\" content=\"Escrito por\" \/>\n\t<meta name=\"twitter:data1\" content=\"Diario1 Diario1\" \/>\n\t<meta name=\"twitter:label2\" content=\"Tiempo de lectura\" \/>\n\t<meta name=\"twitter:data2\" content=\"5 minutos\" \/>\n<script type=\"application\/ld+json\" class=\"yoast-schema-graph\">{\"@context\":\"https:\\\/\\\/schema.org\",\"@graph\":[{\"@type\":\"Article\",\"@id\":\"https:\\\/\\\/diariotextual.com\\\/inicio\\\/index.php\\\/2019\\\/07\\\/22\\\/paso-la-pampa-campana-austera-la-sombra-la-presidencial\\\/#article\",\"isPartOf\":{\"@id\":\"https:\\\/\\\/diariotextual.com\\\/inicio\\\/index.php\\\/2019\\\/07\\\/22\\\/paso-la-pampa-campana-austera-la-sombra-la-presidencial\\\/\"},\"author\":{\"name\":\"Diario1 Diario1\",\"@id\":\"https:\\\/\\\/diariotextual.com\\\/inicio\\\/#\\\/schema\\\/person\\\/418fc4093c33e86ed41562db3508f958\"},\"headline\":\"PASO en La Pampa: campa\u00f1a austera a la sombra de la presidencial\",\"datePublished\":\"2019-07-23T02:28:00+00:00\",\"dateModified\":\"2019-07-23T13:05:38+00:00\",\"mainEntityOfPage\":{\"@id\":\"https:\\\/\\\/diariotextual.com\\\/inicio\\\/index.php\\\/2019\\\/07\\\/22\\\/paso-la-pampa-campana-austera-la-sombra-la-presidencial\\\/\"},\"wordCount\":939,\"publisher\":{\"@id\":\"https:\\\/\\\/diariotextual.com\\\/inicio\\\/#organization\"},\"image\":{\"@id\":\"https:\\\/\\\/diariotextual.com\\\/inicio\\\/index.php\\\/2019\\\/07\\\/22\\\/paso-la-pampa-campana-austera-la-sombra-la-presidencial\\\/#primaryimage\"},\"thumbnailUrl\":\"https:\\\/\\\/diariotextual.com\\\/inicio\\\/wp-content\\\/uploads\\\/2019\\\/05\\\/elecciones19mayo2019-4.jpg\",\"keywords\":[\"asquini\"],\"articleSection\":[\"A - TEMPORALES\",\"POLITICA\"],\"inLanguage\":\"es\"},{\"@type\":\"WebPage\",\"@id\":\"https:\\\/\\\/diariotextual.com\\\/inicio\\\/index.php\\\/2019\\\/07\\\/22\\\/paso-la-pampa-campana-austera-la-sombra-la-presidencial\\\/\",\"url\":\"https:\\\/\\\/diariotextual.com\\\/inicio\\\/index.php\\\/2019\\\/07\\\/22\\\/paso-la-pampa-campana-austera-la-sombra-la-presidencial\\\/\",\"name\":\"PASO en La Pampa: campa\u00f1a austera a la sombra de la presidencial - Diario Textual\",\"isPartOf\":{\"@id\":\"https:\\\/\\\/diariotextual.com\\\/inicio\\\/#website\"},\"primaryImageOfPage\":{\"@id\":\"https:\\\/\\\/diariotextual.com\\\/inicio\\\/index.php\\\/2019\\\/07\\\/22\\\/paso-la-pampa-campana-austera-la-sombra-la-presidencial\\\/#primaryimage\"},\"image\":{\"@id\":\"https:\\\/\\\/diariotextual.com\\\/inicio\\\/index.php\\\/2019\\\/07\\\/22\\\/paso-la-pampa-campana-austera-la-sombra-la-presidencial\\\/#primaryimage\"},\"thumbnailUrl\":\"https:\\\/\\\/diariotextual.com\\\/inicio\\\/wp-content\\\/uploads\\\/2019\\\/05\\\/elecciones19mayo2019-4.jpg\",\"datePublished\":\"2019-07-23T02:28:00+00:00\",\"dateModified\":\"2019-07-23T13:05:38+00:00\",\"breadcrumb\":{\"@id\":\"https:\\\/\\\/diariotextual.com\\\/inicio\\\/index.php\\\/2019\\\/07\\\/22\\\/paso-la-pampa-campana-austera-la-sombra-la-presidencial\\\/#breadcrumb\"},\"inLanguage\":\"es\",\"potentialAction\":[{\"@type\":\"ReadAction\",\"target\":[\"https:\\\/\\\/diariotextual.com\\\/inicio\\\/index.php\\\/2019\\\/07\\\/22\\\/paso-la-pampa-campana-austera-la-sombra-la-presidencial\\\/\"]}]},{\"@type\":\"ImageObject\",\"inLanguage\":\"es\",\"@id\":\"https:\\\/\\\/diariotextual.com\\\/inicio\\\/index.php\\\/2019\\\/07\\\/22\\\/paso-la-pampa-campana-austera-la-sombra-la-presidencial\\\/#primaryimage\",\"url\":\"https:\\\/\\\/diariotextual.com\\\/inicio\\\/wp-content\\\/uploads\\\/2019\\\/05\\\/elecciones19mayo2019-4.jpg\",\"contentUrl\":\"https:\\\/\\\/diariotextual.com\\\/inicio\\\/wp-content\\\/uploads\\\/2019\\\/05\\\/elecciones19mayo2019-4.jpg\",\"width\":1100,\"height\":764},{\"@type\":\"BreadcrumbList\",\"@id\":\"https:\\\/\\\/diariotextual.com\\\/inicio\\\/index.php\\\/2019\\\/07\\\/22\\\/paso-la-pampa-campana-austera-la-sombra-la-presidencial\\\/#breadcrumb\",\"itemListElement\":[{\"@type\":\"ListItem\",\"position\":1,\"name\":\"Portada\",\"item\":\"https:\\\/\\\/diariotextual.com\\\/inicio\\\/\"},{\"@type\":\"ListItem\",\"position\":2,\"name\":\"PASO en La Pampa: campa\u00f1a austera a la sombra de la presidencial\"}]},{\"@type\":\"WebSite\",\"@id\":\"https:\\\/\\\/diariotextual.com\\\/inicio\\\/#website\",\"url\":\"https:\\\/\\\/diariotextual.com\\\/inicio\\\/\",\"name\":\"Diario Textual\",\"description\":\"\",\"publisher\":{\"@id\":\"https:\\\/\\\/diariotextual.com\\\/inicio\\\/#organization\"},\"potentialAction\":[{\"@type\":\"SearchAction\",\"target\":{\"@type\":\"EntryPoint\",\"urlTemplate\":\"https:\\\/\\\/diariotextual.com\\\/inicio\\\/?s={search_term_string}\"},\"query-input\":{\"@type\":\"PropertyValueSpecification\",\"valueRequired\":true,\"valueName\":\"search_term_string\"}}],\"inLanguage\":\"es\"},{\"@type\":\"Organization\",\"@id\":\"https:\\\/\\\/diariotextual.com\\\/inicio\\\/#organization\",\"name\":\"Diario Textual\",\"url\":\"https:\\\/\\\/diariotextual.com\\\/inicio\\\/\",\"logo\":{\"@type\":\"ImageObject\",\"inLanguage\":\"es\",\"@id\":\"https:\\\/\\\/diariotextual.com\\\/inicio\\\/#\\\/schema\\\/logo\\\/image\\\/\",\"url\":\"https:\\\/\\\/diariotextual.com\\\/inicio\\\/wp-content\\\/uploads\\\/2023\\\/05\\\/logotextual1.jpg\",\"contentUrl\":\"https:\\\/\\\/diariotextual.com\\\/inicio\\\/wp-content\\\/uploads\\\/2023\\\/05\\\/logotextual1.jpg\",\"width\":516,\"height\":76,\"caption\":\"Diario Textual\"},\"image\":{\"@id\":\"https:\\\/\\\/diariotextual.com\\\/inicio\\\/#\\\/schema\\\/logo\\\/image\\\/\"},\"sameAs\":[\"https:\\\/\\\/www.facebook.com\\\/eltextual\",\"https:\\\/\\\/x.com\\\/eltextual\",\"http:\\\/\\\/www.instagram.com\\\/eltextual\"]},{\"@type\":\"Person\",\"@id\":\"https:\\\/\\\/diariotextual.com\\\/inicio\\\/#\\\/schema\\\/person\\\/418fc4093c33e86ed41562db3508f958\",\"name\":\"Diario1 Diario1\",\"image\":{\"@type\":\"ImageObject\",\"inLanguage\":\"es\",\"@id\":\"https:\\\/\\\/secure.gravatar.com\\\/avatar\\\/9167d280179c85bc18be67aa7eda765854300033af4896dd779b608640f2ef7a?s=96&d=mm&r=g\",\"url\":\"https:\\\/\\\/secure.gravatar.com\\\/avatar\\\/9167d280179c85bc18be67aa7eda765854300033af4896dd779b608640f2ef7a?s=96&d=mm&r=g\",\"contentUrl\":\"https:\\\/\\\/secure.gravatar.com\\\/avatar\\\/9167d280179c85bc18be67aa7eda765854300033af4896dd779b608640f2ef7a?s=96&d=mm&r=g\",\"caption\":\"Diario1 Diario1\"},\"url\":\"https:\\\/\\\/diariotextual.com\\\/inicio\\\/index.php\\\/author\\\/diario1\\\/\"}]}<\/script>\n<!-- \/ Yoast SEO plugin. -->","yoast_head_json":{"title":"PASO en La Pampa: campa\u00f1a austera a la sombra de la presidencial - Diario Textual","robots":{"index":"index","follow":"follow","max-snippet":"max-snippet:-1","max-image-preview":"max-image-preview:large","max-video-preview":"max-video-preview:-1"},"canonical":"https:\/\/diariotextual.com\/inicio\/index.php\/2019\/07\/22\/paso-la-pampa-campana-austera-la-sombra-la-presidencial\/","og_locale":"es_ES","og_type":"article","og_title":"PASO en La Pampa: campa\u00f1a austera a la sombra de la presidencial - Diario Textual","og_description":"Por Norberto G. Asquini &nbsp;","og_url":"https:\/\/diariotextual.com\/inicio\/index.php\/2019\/07\/22\/paso-la-pampa-campana-austera-la-sombra-la-presidencial\/","og_site_name":"Diario Textual","article_publisher":"https:\/\/www.facebook.com\/eltextual","article_published_time":"2019-07-23T02:28:00+00:00","article_modified_time":"2019-07-23T13:05:38+00:00","og_image":[{"width":1100,"height":764,"url":"https:\/\/diariotextual.com\/inicio\/wp-content\/uploads\/2019\/05\/elecciones19mayo2019-4.jpg","type":"image\/jpeg"}],"author":"Diario1 Diario1","twitter_card":"summary_large_image","twitter_creator":"@eltextual","twitter_site":"@eltextual","twitter_misc":{"Escrito por":"Diario1 Diario1","Tiempo de lectura":"5 minutos"},"schema":{"@context":"https:\/\/schema.org","@graph":[{"@type":"Article","@id":"https:\/\/diariotextual.com\/inicio\/index.php\/2019\/07\/22\/paso-la-pampa-campana-austera-la-sombra-la-presidencial\/#article","isPartOf":{"@id":"https:\/\/diariotextual.com\/inicio\/index.php\/2019\/07\/22\/paso-la-pampa-campana-austera-la-sombra-la-presidencial\/"},"author":{"name":"Diario1 Diario1","@id":"https:\/\/diariotextual.com\/inicio\/#\/schema\/person\/418fc4093c33e86ed41562db3508f958"},"headline":"PASO en La Pampa: campa\u00f1a austera a la sombra de la presidencial","datePublished":"2019-07-23T02:28:00+00:00","dateModified":"2019-07-23T13:05:38+00:00","mainEntityOfPage":{"@id":"https:\/\/diariotextual.com\/inicio\/index.php\/2019\/07\/22\/paso-la-pampa-campana-austera-la-sombra-la-presidencial\/"},"wordCount":939,"publisher":{"@id":"https:\/\/diariotextual.com\/inicio\/#organization"},"image":{"@id":"https:\/\/diariotextual.com\/inicio\/index.php\/2019\/07\/22\/paso-la-pampa-campana-austera-la-sombra-la-presidencial\/#primaryimage"},"thumbnailUrl":"https:\/\/diariotextual.com\/inicio\/wp-content\/uploads\/2019\/05\/elecciones19mayo2019-4.jpg","keywords":["asquini"],"articleSection":["A - TEMPORALES","POLITICA"],"inLanguage":"es"},{"@type":"WebPage","@id":"https:\/\/diariotextual.com\/inicio\/index.php\/2019\/07\/22\/paso-la-pampa-campana-austera-la-sombra-la-presidencial\/","url":"https:\/\/diariotextual.com\/inicio\/index.php\/2019\/07\/22\/paso-la-pampa-campana-austera-la-sombra-la-presidencial\/","name":"PASO en La Pampa: campa\u00f1a austera a la sombra de la presidencial - Diario Textual","isPartOf":{"@id":"https:\/\/diariotextual.com\/inicio\/#website"},"primaryImageOfPage":{"@id":"https:\/\/diariotextual.com\/inicio\/index.php\/2019\/07\/22\/paso-la-pampa-campana-austera-la-sombra-la-presidencial\/#primaryimage"},"image":{"@id":"https:\/\/diariotextual.com\/inicio\/index.php\/2019\/07\/22\/paso-la-pampa-campana-austera-la-sombra-la-presidencial\/#primaryimage"},"thumbnailUrl":"https:\/\/diariotextual.com\/inicio\/wp-content\/uploads\/2019\/05\/elecciones19mayo2019-4.jpg","datePublished":"2019-07-23T02:28:00+00:00","dateModified":"2019-07-23T13:05:38+00:00","breadcrumb":{"@id":"https:\/\/diariotextual.com\/inicio\/index.php\/2019\/07\/22\/paso-la-pampa-campana-austera-la-sombra-la-presidencial\/#breadcrumb"},"inLanguage":"es","potentialAction":[{"@type":"ReadAction","target":["https:\/\/diariotextual.com\/inicio\/index.php\/2019\/07\/22\/paso-la-pampa-campana-austera-la-sombra-la-presidencial\/"]}]},{"@type":"ImageObject","inLanguage":"es","@id":"https:\/\/diariotextual.com\/inicio\/index.php\/2019\/07\/22\/paso-la-pampa-campana-austera-la-sombra-la-presidencial\/#primaryimage","url":"https:\/\/diariotextual.com\/inicio\/wp-content\/uploads\/2019\/05\/elecciones19mayo2019-4.jpg","contentUrl":"https:\/\/diariotextual.com\/inicio\/wp-content\/uploads\/2019\/05\/elecciones19mayo2019-4.jpg","width":1100,"height":764},{"@type":"BreadcrumbList","@id":"https:\/\/diariotextual.com\/inicio\/index.php\/2019\/07\/22\/paso-la-pampa-campana-austera-la-sombra-la-presidencial\/#breadcrumb","itemListElement":[{"@type":"ListItem","position":1,"name":"Portada","item":"https:\/\/diariotextual.com\/inicio\/"},{"@type":"ListItem","position":2,"name":"PASO en La Pampa: campa\u00f1a austera a la sombra de la presidencial"}]},{"@type":"WebSite","@id":"https:\/\/diariotextual.com\/inicio\/#website","url":"https:\/\/diariotextual.com\/inicio\/","name":"Diario Textual","description":"","publisher":{"@id":"https:\/\/diariotextual.com\/inicio\/#organization"},"potentialAction":[{"@type":"SearchAction","target":{"@type":"EntryPoint","urlTemplate":"https:\/\/diariotextual.com\/inicio\/?s={search_term_string}"},"query-input":{"@type":"PropertyValueSpecification","valueRequired":true,"valueName":"search_term_string"}}],"inLanguage":"es"},{"@type":"Organization","@id":"https:\/\/diariotextual.com\/inicio\/#organization","name":"Diario Textual","url":"https:\/\/diariotextual.com\/inicio\/","logo":{"@type":"ImageObject","inLanguage":"es","@id":"https:\/\/diariotextual.com\/inicio\/#\/schema\/logo\/image\/","url":"https:\/\/diariotextual.com\/inicio\/wp-content\/uploads\/2023\/05\/logotextual1.jpg","contentUrl":"https:\/\/diariotextual.com\/inicio\/wp-content\/uploads\/2023\/05\/logotextual1.jpg","width":516,"height":76,"caption":"Diario Textual"},"image":{"@id":"https:\/\/diariotextual.com\/inicio\/#\/schema\/logo\/image\/"},"sameAs":["https:\/\/www.facebook.com\/eltextual","https:\/\/x.com\/eltextual","http:\/\/www.instagram.com\/eltextual"]},{"@type":"Person","@id":"https:\/\/diariotextual.com\/inicio\/#\/schema\/person\/418fc4093c33e86ed41562db3508f958","name":"Diario1 Diario1","image":{"@type":"ImageObject","inLanguage":"es","@id":"https:\/\/secure.gravatar.com\/avatar\/9167d280179c85bc18be67aa7eda765854300033af4896dd779b608640f2ef7a?s=96&d=mm&r=g","url":"https:\/\/secure.gravatar.com\/avatar\/9167d280179c85bc18be67aa7eda765854300033af4896dd779b608640f2ef7a?s=96&d=mm&r=g","contentUrl":"https:\/\/secure.gravatar.com\/avatar\/9167d280179c85bc18be67aa7eda765854300033af4896dd779b608640f2ef7a?s=96&d=mm&r=g","caption":"Diario1 Diario1"},"url":"https:\/\/diariotextual.com\/inicio\/index.php\/author\/diario1\/"}]}},"_links":{"self":[{"href":"https:\/\/diariotextual.com\/inicio\/index.php\/wp-json\/wp\/v2\/posts\/56668","targetHints":{"allow":["GET"]}}],"collection":[{"href":"https:\/\/diariotextual.com\/inicio\/index.php\/wp-json\/wp\/v2\/posts"}],"about":[{"href":"https:\/\/diariotextual.com\/inicio\/index.php\/wp-json\/wp\/v2\/types\/post"}],"author":[{"embeddable":true,"href":"https:\/\/diariotextual.com\/inicio\/index.php\/wp-json\/wp\/v2\/users\/3"}],"replies":[{"embeddable":true,"href":"https:\/\/diariotextual.com\/inicio\/index.php\/wp-json\/wp\/v2\/comments?post=56668"}],"version-history":[{"count":2,"href":"https:\/\/diariotextual.com\/inicio\/index.php\/wp-json\/wp\/v2\/posts\/56668\/revisions"}],"predecessor-version":[{"id":56671,"href":"https:\/\/diariotextual.com\/inicio\/index.php\/wp-json\/wp\/v2\/posts\/56668\/revisions\/56671"}],"wp:featuredmedia":[{"embeddable":true,"href":"https:\/\/diariotextual.com\/inicio\/index.php\/wp-json\/wp\/v2\/media\/49256"}],"wp:attachment":[{"href":"https:\/\/diariotextual.com\/inicio\/index.php\/wp-json\/wp\/v2\/media?parent=56668"}],"wp:term":[{"taxonomy":"category","embeddable":true,"href":"https:\/\/diariotextual.com\/inicio\/index.php\/wp-json\/wp\/v2\/categories?post=56668"},{"taxonomy":"post_tag","embeddable":true,"href":"https:\/\/diariotextual.com\/inicio\/index.php\/wp-json\/wp\/v2\/tags?post=56668"}],"curies":[{"name":"wp","href":"https:\/\/api.w.org\/{rel}","templated":true}]}}