{"id":56694,"date":"2019-07-22T09:19:32","date_gmt":"2019-07-22T12:19:32","guid":{"rendered":"http:\/\/diariotextual.com\/inicio\/?p=56694"},"modified":"2019-07-22T18:00:25","modified_gmt":"2019-07-22T21:00:25","slug":"ranocchia-renuncio-al-cargo-gobierno-provincial","status":"publish","type":"post","link":"https:\/\/diariotextual.com\/inicio\/index.php\/2019\/07\/22\/ranocchia-renuncio-al-cargo-gobierno-provincial\/","title":{"rendered":"Ranocchia renunci\u00f3 al cargo en el Gobierno provincial"},"content":{"rendered":"<p><strong>Lisandro Ranocchia<\/strong>, quien\u00a0tiene 36 cheques rechazados y una deuda bancaria de<strong> 1,5 millones de pesos<\/strong>,<strong> present\u00f3 este lunes su renuncia al cargo de subsecretario de Protecci\u00f3n Ciudadana.<\/strong> \u00abYa present\u00e9 mi renuncia\u00bb, dijo antes de las 9 horas de este lunes a <strong>Diario Textual<\/strong>. Se descuenta que en las pr\u00f3ximas horas ser\u00e1 aceptada.<\/p>\n<p>Ranocchia es un dirigente del vernismo de Santa Rosa. En varias oportunidades, sonde\u00f3 la posibilidad de postularse a la intendencia. Adem\u00e1s fue abogado del Banco de La Pampa y presidente del Club Santa Rosa.<\/p>\n<p>En 2015, con el regreso de Carlos Verna a la gobernaci\u00f3n, fue nombrado asesor gubernamental y posteriormente subsecretario general de la Gobernaci\u00f3n provincial.<\/p>\n<p>Ranocchia, posteriormente, renunci\u00f3. Lo hizo cuando Verna ech\u00f3 a Juan Carlos Tierno de Seguridad y nombr\u00f3 como nuevo ministro a Julio Gonz\u00e1lez. \u00abLisandro consideraba que \u00e9l deb\u00eda ser el nuevo ministro\u00bb, contaron en ese momento fuentes de Casa de Gobierno.<\/p>\n<p>Posteriormente regres\u00f3 a la funci\u00f3n p\u00fablica: Verna le dio el cargo de subsecretario de Protecci\u00f3n Ciudadana.<\/p>\n<p><strong>En este fin de semana, se conoci\u00f3 que emiti\u00f3 cheques sin fondos.<\/strong> Eso desemboc\u00f3 en la decisi\u00f3n de dar un paso al costado.<\/p>\n<p>Los chueques sin fondos fueron liberados bajo cuentas en Banco de La Pampa y el Banco Santander R\u00edo. Seg\u00fan cont\u00f3,<strong> las deudas fueron generadas por actividades econ\u00f3micas privadas -como la puesta en marcha de un pub junto a su hermano y la actividad agropecuaria- y asegur\u00f3 que est\u00e1 en proceso de pagar.<\/strong><\/p>\n<p>El ahora exfuncionario aparece en el sitio de informaci\u00f3n del BCRA (Banco Central) con 36 cheques rechazados. Esto engloba una deuda de 1.486.652 pesos. Los tres cheques pagados fueron por una suma de 94.158 pesos. Es decir que solamente el 8,33 por ciento de los cheques fue abonado sobre los emitidos.<\/p>\n<p>&nbsp;<\/p>\n<p>&nbsp;<\/p>\n<p>&nbsp;<\/p>\n","protected":false},"excerpt":{"rendered":"<p>Lisandro Ranocchia, quien\u00a0tiene 36 cheques rechazados y una deuda bancaria de 1,5 millones de pesos, present\u00f3 este lunes su renuncia al cargo de subsecretario de Protecci\u00f3n Ciudadana. \u00abYa present\u00e9 mi&hellip;<\/p>\n","protected":false},"author":3,"featured_media":27744,"comment_status":"closed","ping_status":"open","sticky":false,"template":"","format":"standard","meta":{"_acf_changed":false,"footnotes":""},"categories":[11,319,8],"tags":[],"class_list":["post-56694","post","type-post","status-publish","format-standard","has-post-thumbnail","hentry","category-que-pasa","category-a-temporales","category-politica"],"acf":[],"yoast_head":"<!-- This site is optimized with the Yoast SEO plugin v27.5 - https:\/\/yoast.com\/product\/yoast-seo-wordpress\/ -->\n<title>Ranocchia renunci\u00f3 al cargo en el Gobierno provincial - Diario Textual<\/title>\n<meta name=\"robots\" content=\"index, follow, max-snippet:-1, max-image-preview:large, max-video-preview:-1\" \/>\n<link rel=\"canonical\" href=\"https:\/\/diariotextual.com\/inicio\/index.php\/2019\/07\/22\/ranocchia-renuncio-al-cargo-gobierno-provincial\/\" \/>\n<meta property=\"og:locale\" content=\"es_ES\" \/>\n<meta property=\"og:type\" content=\"article\" \/>\n<meta property=\"og:title\" content=\"Ranocchia renunci\u00f3 al cargo en el Gobierno provincial - Diario Textual\" \/>\n<meta property=\"og:description\" content=\"Lisandro Ranocchia, quien\u00a0tiene 36 cheques rechazados y una deuda bancaria de 1,5 millones de pesos, present\u00f3 este lunes su renuncia al cargo de subsecretario de Protecci\u00f3n Ciudadana. \u00abYa present\u00e9 mi&hellip;\" \/>\n<meta property=\"og:url\" content=\"https:\/\/diariotextual.com\/inicio\/index.php\/2019\/07\/22\/ranocchia-renuncio-al-cargo-gobierno-provincial\/\" \/>\n<meta property=\"og:site_name\" content=\"Diario Textual\" \/>\n<meta property=\"article:publisher\" content=\"https:\/\/www.facebook.com\/eltextual\" \/>\n<meta property=\"article:published_time\" content=\"2019-07-22T12:19:32+00:00\" \/>\n<meta property=\"article:modified_time\" content=\"2019-07-22T21:00:25+00:00\" \/>\n<meta property=\"og:image\" content=\"https:\/\/diariotextual.com\/inicio\/wp-content\/uploads\/2018\/11\/ranocchialisandro2111.jpg\" \/>\n\t<meta property=\"og:image:width\" content=\"1134\" \/>\n\t<meta property=\"og:image:height\" content=\"757\" \/>\n\t<meta property=\"og:image:type\" content=\"image\/jpeg\" \/>\n<meta name=\"author\" content=\"Diario1 Diario1\" \/>\n<meta name=\"twitter:card\" content=\"summary_large_image\" \/>\n<meta name=\"twitter:creator\" content=\"@eltextual\" \/>\n<meta name=\"twitter:site\" content=\"@eltextual\" \/>\n<meta name=\"twitter:label1\" content=\"Escrito por\" \/>\n\t<meta name=\"twitter:data1\" content=\"Diario1 Diario1\" \/>\n\t<meta name=\"twitter:label2\" content=\"Tiempo de lectura\" \/>\n\t<meta name=\"twitter:data2\" content=\"2 minutos\" \/>\n<script type=\"application\/ld+json\" class=\"yoast-schema-graph\">{\"@context\":\"https:\\\/\\\/schema.org\",\"@graph\":[{\"@type\":\"Article\",\"@id\":\"https:\\\/\\\/diariotextual.com\\\/inicio\\\/index.php\\\/2019\\\/07\\\/22\\\/ranocchia-renuncio-al-cargo-gobierno-provincial\\\/#article\",\"isPartOf\":{\"@id\":\"https:\\\/\\\/diariotextual.com\\\/inicio\\\/index.php\\\/2019\\\/07\\\/22\\\/ranocchia-renuncio-al-cargo-gobierno-provincial\\\/\"},\"author\":{\"name\":\"Diario1 Diario1\",\"@id\":\"https:\\\/\\\/diariotextual.com\\\/inicio\\\/#\\\/schema\\\/person\\\/418fc4093c33e86ed41562db3508f958\"},\"headline\":\"Ranocchia renunci\u00f3 al cargo en el Gobierno provincial\",\"datePublished\":\"2019-07-22T12:19:32+00:00\",\"dateModified\":\"2019-07-22T21:00:25+00:00\",\"mainEntityOfPage\":{\"@id\":\"https:\\\/\\\/diariotextual.com\\\/inicio\\\/index.php\\\/2019\\\/07\\\/22\\\/ranocchia-renuncio-al-cargo-gobierno-provincial\\\/\"},\"wordCount\":310,\"publisher\":{\"@id\":\"https:\\\/\\\/diariotextual.com\\\/inicio\\\/#organization\"},\"image\":{\"@id\":\"https:\\\/\\\/diariotextual.com\\\/inicio\\\/index.php\\\/2019\\\/07\\\/22\\\/ranocchia-renuncio-al-cargo-gobierno-provincial\\\/#primaryimage\"},\"thumbnailUrl\":\"https:\\\/\\\/diariotextual.com\\\/inicio\\\/wp-content\\\/uploads\\\/2018\\\/11\\\/ranocchialisandro2111.jpg\",\"articleSection\":[\"A - QUE PASA (al costado)\",\"A - TEMPORALES\",\"POLITICA\"],\"inLanguage\":\"es\"},{\"@type\":\"WebPage\",\"@id\":\"https:\\\/\\\/diariotextual.com\\\/inicio\\\/index.php\\\/2019\\\/07\\\/22\\\/ranocchia-renuncio-al-cargo-gobierno-provincial\\\/\",\"url\":\"https:\\\/\\\/diariotextual.com\\\/inicio\\\/index.php\\\/2019\\\/07\\\/22\\\/ranocchia-renuncio-al-cargo-gobierno-provincial\\\/\",\"name\":\"Ranocchia renunci\u00f3 al cargo en el Gobierno provincial - Diario Textual\",\"isPartOf\":{\"@id\":\"https:\\\/\\\/diariotextual.com\\\/inicio\\\/#website\"},\"primaryImageOfPage\":{\"@id\":\"https:\\\/\\\/diariotextual.com\\\/inicio\\\/index.php\\\/2019\\\/07\\\/22\\\/ranocchia-renuncio-al-cargo-gobierno-provincial\\\/#primaryimage\"},\"image\":{\"@id\":\"https:\\\/\\\/diariotextual.com\\\/inicio\\\/index.php\\\/2019\\\/07\\\/22\\\/ranocchia-renuncio-al-cargo-gobierno-provincial\\\/#primaryimage\"},\"thumbnailUrl\":\"https:\\\/\\\/diariotextual.com\\\/inicio\\\/wp-content\\\/uploads\\\/2018\\\/11\\\/ranocchialisandro2111.jpg\",\"datePublished\":\"2019-07-22T12:19:32+00:00\",\"dateModified\":\"2019-07-22T21:00:25+00:00\",\"breadcrumb\":{\"@id\":\"https:\\\/\\\/diariotextual.com\\\/inicio\\\/index.php\\\/2019\\\/07\\\/22\\\/ranocchia-renuncio-al-cargo-gobierno-provincial\\\/#breadcrumb\"},\"inLanguage\":\"es\",\"potentialAction\":[{\"@type\":\"ReadAction\",\"target\":[\"https:\\\/\\\/diariotextual.com\\\/inicio\\\/index.php\\\/2019\\\/07\\\/22\\\/ranocchia-renuncio-al-cargo-gobierno-provincial\\\/\"]}]},{\"@type\":\"ImageObject\",\"inLanguage\":\"es\",\"@id\":\"https:\\\/\\\/diariotextual.com\\\/inicio\\\/index.php\\\/2019\\\/07\\\/22\\\/ranocchia-renuncio-al-cargo-gobierno-provincial\\\/#primaryimage\",\"url\":\"https:\\\/\\\/diariotextual.com\\\/inicio\\\/wp-content\\\/uploads\\\/2018\\\/11\\\/ranocchialisandro2111.jpg\",\"contentUrl\":\"https:\\\/\\\/diariotextual.com\\\/inicio\\\/wp-content\\\/uploads\\\/2018\\\/11\\\/ranocchialisandro2111.jpg\",\"width\":1134,\"height\":757},{\"@type\":\"BreadcrumbList\",\"@id\":\"https:\\\/\\\/diariotextual.com\\\/inicio\\\/index.php\\\/2019\\\/07\\\/22\\\/ranocchia-renuncio-al-cargo-gobierno-provincial\\\/#breadcrumb\",\"itemListElement\":[{\"@type\":\"ListItem\",\"position\":1,\"name\":\"Portada\",\"item\":\"https:\\\/\\\/diariotextual.com\\\/inicio\\\/\"},{\"@type\":\"ListItem\",\"position\":2,\"name\":\"Ranocchia renunci\u00f3 al cargo en el Gobierno provincial\"}]},{\"@type\":\"WebSite\",\"@id\":\"https:\\\/\\\/diariotextual.com\\\/inicio\\\/#website\",\"url\":\"https:\\\/\\\/diariotextual.com\\\/inicio\\\/\",\"name\":\"Diario Textual\",\"description\":\"\",\"publisher\":{\"@id\":\"https:\\\/\\\/diariotextual.com\\\/inicio\\\/#organization\"},\"potentialAction\":[{\"@type\":\"SearchAction\",\"target\":{\"@type\":\"EntryPoint\",\"urlTemplate\":\"https:\\\/\\\/diariotextual.com\\\/inicio\\\/?s={search_term_string}\"},\"query-input\":{\"@type\":\"PropertyValueSpecification\",\"valueRequired\":true,\"valueName\":\"search_term_string\"}}],\"inLanguage\":\"es\"},{\"@type\":\"Organization\",\"@id\":\"https:\\\/\\\/diariotextual.com\\\/inicio\\\/#organization\",\"name\":\"Diario Textual\",\"url\":\"https:\\\/\\\/diariotextual.com\\\/inicio\\\/\",\"logo\":{\"@type\":\"ImageObject\",\"inLanguage\":\"es\",\"@id\":\"https:\\\/\\\/diariotextual.com\\\/inicio\\\/#\\\/schema\\\/logo\\\/image\\\/\",\"url\":\"https:\\\/\\\/diariotextual.com\\\/inicio\\\/wp-content\\\/uploads\\\/2023\\\/05\\\/logotextual1.jpg\",\"contentUrl\":\"https:\\\/\\\/diariotextual.com\\\/inicio\\\/wp-content\\\/uploads\\\/2023\\\/05\\\/logotextual1.jpg\",\"width\":516,\"height\":76,\"caption\":\"Diario Textual\"},\"image\":{\"@id\":\"https:\\\/\\\/diariotextual.com\\\/inicio\\\/#\\\/schema\\\/logo\\\/image\\\/\"},\"sameAs\":[\"https:\\\/\\\/www.facebook.com\\\/eltextual\",\"https:\\\/\\\/x.com\\\/eltextual\",\"http:\\\/\\\/www.instagram.com\\\/eltextual\"]},{\"@type\":\"Person\",\"@id\":\"https:\\\/\\\/diariotextual.com\\\/inicio\\\/#\\\/schema\\\/person\\\/418fc4093c33e86ed41562db3508f958\",\"name\":\"Diario1 Diario1\",\"image\":{\"@type\":\"ImageObject\",\"inLanguage\":\"es\",\"@id\":\"https:\\\/\\\/secure.gravatar.com\\\/avatar\\\/9167d280179c85bc18be67aa7eda765854300033af4896dd779b608640f2ef7a?s=96&d=mm&r=g\",\"url\":\"https:\\\/\\\/secure.gravatar.com\\\/avatar\\\/9167d280179c85bc18be67aa7eda765854300033af4896dd779b608640f2ef7a?s=96&d=mm&r=g\",\"contentUrl\":\"https:\\\/\\\/secure.gravatar.com\\\/avatar\\\/9167d280179c85bc18be67aa7eda765854300033af4896dd779b608640f2ef7a?s=96&d=mm&r=g\",\"caption\":\"Diario1 Diario1\"},\"url\":\"https:\\\/\\\/diariotextual.com\\\/inicio\\\/index.php\\\/author\\\/diario1\\\/\"}]}<\/script>\n<!-- \/ Yoast SEO plugin. -->","yoast_head_json":{"title":"Ranocchia renunci\u00f3 al cargo en el Gobierno provincial - Diario Textual","robots":{"index":"index","follow":"follow","max-snippet":"max-snippet:-1","max-image-preview":"max-image-preview:large","max-video-preview":"max-video-preview:-1"},"canonical":"https:\/\/diariotextual.com\/inicio\/index.php\/2019\/07\/22\/ranocchia-renuncio-al-cargo-gobierno-provincial\/","og_locale":"es_ES","og_type":"article","og_title":"Ranocchia renunci\u00f3 al cargo en el Gobierno provincial - Diario Textual","og_description":"Lisandro Ranocchia, quien\u00a0tiene 36 cheques rechazados y una deuda bancaria de 1,5 millones de pesos, present\u00f3 este lunes su renuncia al cargo de subsecretario de Protecci\u00f3n Ciudadana. \u00abYa present\u00e9 mi&hellip;","og_url":"https:\/\/diariotextual.com\/inicio\/index.php\/2019\/07\/22\/ranocchia-renuncio-al-cargo-gobierno-provincial\/","og_site_name":"Diario Textual","article_publisher":"https:\/\/www.facebook.com\/eltextual","article_published_time":"2019-07-22T12:19:32+00:00","article_modified_time":"2019-07-22T21:00:25+00:00","og_image":[{"width":1134,"height":757,"url":"https:\/\/diariotextual.com\/inicio\/wp-content\/uploads\/2018\/11\/ranocchialisandro2111.jpg","type":"image\/jpeg"}],"author":"Diario1 Diario1","twitter_card":"summary_large_image","twitter_creator":"@eltextual","twitter_site":"@eltextual","twitter_misc":{"Escrito por":"Diario1 Diario1","Tiempo de lectura":"2 minutos"},"schema":{"@context":"https:\/\/schema.org","@graph":[{"@type":"Article","@id":"https:\/\/diariotextual.com\/inicio\/index.php\/2019\/07\/22\/ranocchia-renuncio-al-cargo-gobierno-provincial\/#article","isPartOf":{"@id":"https:\/\/diariotextual.com\/inicio\/index.php\/2019\/07\/22\/ranocchia-renuncio-al-cargo-gobierno-provincial\/"},"author":{"name":"Diario1 Diario1","@id":"https:\/\/diariotextual.com\/inicio\/#\/schema\/person\/418fc4093c33e86ed41562db3508f958"},"headline":"Ranocchia renunci\u00f3 al cargo en el Gobierno provincial","datePublished":"2019-07-22T12:19:32+00:00","dateModified":"2019-07-22T21:00:25+00:00","mainEntityOfPage":{"@id":"https:\/\/diariotextual.com\/inicio\/index.php\/2019\/07\/22\/ranocchia-renuncio-al-cargo-gobierno-provincial\/"},"wordCount":310,"publisher":{"@id":"https:\/\/diariotextual.com\/inicio\/#organization"},"image":{"@id":"https:\/\/diariotextual.com\/inicio\/index.php\/2019\/07\/22\/ranocchia-renuncio-al-cargo-gobierno-provincial\/#primaryimage"},"thumbnailUrl":"https:\/\/diariotextual.com\/inicio\/wp-content\/uploads\/2018\/11\/ranocchialisandro2111.jpg","articleSection":["A - QUE PASA (al costado)","A - TEMPORALES","POLITICA"],"inLanguage":"es"},{"@type":"WebPage","@id":"https:\/\/diariotextual.com\/inicio\/index.php\/2019\/07\/22\/ranocchia-renuncio-al-cargo-gobierno-provincial\/","url":"https:\/\/diariotextual.com\/inicio\/index.php\/2019\/07\/22\/ranocchia-renuncio-al-cargo-gobierno-provincial\/","name":"Ranocchia renunci\u00f3 al cargo en el Gobierno provincial - Diario Textual","isPartOf":{"@id":"https:\/\/diariotextual.com\/inicio\/#website"},"primaryImageOfPage":{"@id":"https:\/\/diariotextual.com\/inicio\/index.php\/2019\/07\/22\/ranocchia-renuncio-al-cargo-gobierno-provincial\/#primaryimage"},"image":{"@id":"https:\/\/diariotextual.com\/inicio\/index.php\/2019\/07\/22\/ranocchia-renuncio-al-cargo-gobierno-provincial\/#primaryimage"},"thumbnailUrl":"https:\/\/diariotextual.com\/inicio\/wp-content\/uploads\/2018\/11\/ranocchialisandro2111.jpg","datePublished":"2019-07-22T12:19:32+00:00","dateModified":"2019-07-22T21:00:25+00:00","breadcrumb":{"@id":"https:\/\/diariotextual.com\/inicio\/index.php\/2019\/07\/22\/ranocchia-renuncio-al-cargo-gobierno-provincial\/#breadcrumb"},"inLanguage":"es","potentialAction":[{"@type":"ReadAction","target":["https:\/\/diariotextual.com\/inicio\/index.php\/2019\/07\/22\/ranocchia-renuncio-al-cargo-gobierno-provincial\/"]}]},{"@type":"ImageObject","inLanguage":"es","@id":"https:\/\/diariotextual.com\/inicio\/index.php\/2019\/07\/22\/ranocchia-renuncio-al-cargo-gobierno-provincial\/#primaryimage","url":"https:\/\/diariotextual.com\/inicio\/wp-content\/uploads\/2018\/11\/ranocchialisandro2111.jpg","contentUrl":"https:\/\/diariotextual.com\/inicio\/wp-content\/uploads\/2018\/11\/ranocchialisandro2111.jpg","width":1134,"height":757},{"@type":"BreadcrumbList","@id":"https:\/\/diariotextual.com\/inicio\/index.php\/2019\/07\/22\/ranocchia-renuncio-al-cargo-gobierno-provincial\/#breadcrumb","itemListElement":[{"@type":"ListItem","position":1,"name":"Portada","item":"https:\/\/diariotextual.com\/inicio\/"},{"@type":"ListItem","position":2,"name":"Ranocchia renunci\u00f3 al cargo en el Gobierno provincial"}]},{"@type":"WebSite","@id":"https:\/\/diariotextual.com\/inicio\/#website","url":"https:\/\/diariotextual.com\/inicio\/","name":"Diario Textual","description":"","publisher":{"@id":"https:\/\/diariotextual.com\/inicio\/#organization"},"potentialAction":[{"@type":"SearchAction","target":{"@type":"EntryPoint","urlTemplate":"https:\/\/diariotextual.com\/inicio\/?s={search_term_string}"},"query-input":{"@type":"PropertyValueSpecification","valueRequired":true,"valueName":"search_term_string"}}],"inLanguage":"es"},{"@type":"Organization","@id":"https:\/\/diariotextual.com\/inicio\/#organization","name":"Diario Textual","url":"https:\/\/diariotextual.com\/inicio\/","logo":{"@type":"ImageObject","inLanguage":"es","@id":"https:\/\/diariotextual.com\/inicio\/#\/schema\/logo\/image\/","url":"https:\/\/diariotextual.com\/inicio\/wp-content\/uploads\/2023\/05\/logotextual1.jpg","contentUrl":"https:\/\/diariotextual.com\/inicio\/wp-content\/uploads\/2023\/05\/logotextual1.jpg","width":516,"height":76,"caption":"Diario Textual"},"image":{"@id":"https:\/\/diariotextual.com\/inicio\/#\/schema\/logo\/image\/"},"sameAs":["https:\/\/www.facebook.com\/eltextual","https:\/\/x.com\/eltextual","http:\/\/www.instagram.com\/eltextual"]},{"@type":"Person","@id":"https:\/\/diariotextual.com\/inicio\/#\/schema\/person\/418fc4093c33e86ed41562db3508f958","name":"Diario1 Diario1","image":{"@type":"ImageObject","inLanguage":"es","@id":"https:\/\/secure.gravatar.com\/avatar\/9167d280179c85bc18be67aa7eda765854300033af4896dd779b608640f2ef7a?s=96&d=mm&r=g","url":"https:\/\/secure.gravatar.com\/avatar\/9167d280179c85bc18be67aa7eda765854300033af4896dd779b608640f2ef7a?s=96&d=mm&r=g","contentUrl":"https:\/\/secure.gravatar.com\/avatar\/9167d280179c85bc18be67aa7eda765854300033af4896dd779b608640f2ef7a?s=96&d=mm&r=g","caption":"Diario1 Diario1"},"url":"https:\/\/diariotextual.com\/inicio\/index.php\/author\/diario1\/"}]}},"_links":{"self":[{"href":"https:\/\/diariotextual.com\/inicio\/index.php\/wp-json\/wp\/v2\/posts\/56694","targetHints":{"allow":["GET"]}}],"collection":[{"href":"https:\/\/diariotextual.com\/inicio\/index.php\/wp-json\/wp\/v2\/posts"}],"about":[{"href":"https:\/\/diariotextual.com\/inicio\/index.php\/wp-json\/wp\/v2\/types\/post"}],"author":[{"embeddable":true,"href":"https:\/\/diariotextual.com\/inicio\/index.php\/wp-json\/wp\/v2\/users\/3"}],"replies":[{"embeddable":true,"href":"https:\/\/diariotextual.com\/inicio\/index.php\/wp-json\/wp\/v2\/comments?post=56694"}],"version-history":[{"count":5,"href":"https:\/\/diariotextual.com\/inicio\/index.php\/wp-json\/wp\/v2\/posts\/56694\/revisions"}],"predecessor-version":[{"id":56699,"href":"https:\/\/diariotextual.com\/inicio\/index.php\/wp-json\/wp\/v2\/posts\/56694\/revisions\/56699"}],"wp:featuredmedia":[{"embeddable":true,"href":"https:\/\/diariotextual.com\/inicio\/index.php\/wp-json\/wp\/v2\/media\/27744"}],"wp:attachment":[{"href":"https:\/\/diariotextual.com\/inicio\/index.php\/wp-json\/wp\/v2\/media?parent=56694"}],"wp:term":[{"taxonomy":"category","embeddable":true,"href":"https:\/\/diariotextual.com\/inicio\/index.php\/wp-json\/wp\/v2\/categories?post=56694"},{"taxonomy":"post_tag","embeddable":true,"href":"https:\/\/diariotextual.com\/inicio\/index.php\/wp-json\/wp\/v2\/tags?post=56694"}],"curies":[{"name":"wp","href":"https:\/\/api.w.org\/{rel}","templated":true}]}}