{"id":56741,"date":"2019-07-22T12:16:01","date_gmt":"2019-07-22T15:16:01","guid":{"rendered":"http:\/\/diariotextual.com\/inicio\/?p=56741"},"modified":"2019-07-23T08:38:44","modified_gmt":"2019-07-23T11:38:44","slug":"john-foos-se-radicara-la-pampa-mejora-la-economia-reforma-laboral","status":"publish","type":"post","link":"https:\/\/diariotextual.com\/inicio\/index.php\/2019\/07\/22\/john-foos-se-radicara-la-pampa-mejora-la-economia-reforma-laboral\/","title":{"rendered":"John Foos se radicar\u00e1 en La Pampa \u00absi mejora la econom\u00eda y hay reforma laboral\u00bb"},"content":{"rendered":"<p>El director comercial de John Foos,<strong> Ricardo Fern\u00e1ndez<\/strong>, en di\u00e1logo con Diario Textual <strong>condicion\u00f3 la radicaci\u00f3n de la empresa en La Pampa a una \u00abmejora\u00bb de la econom\u00eda y a la eventual sanci\u00f3n de una reforma laboral.<\/strong> \u00abHoy es prematuro confirmar nada, sea por s\u00ed o por no\u00bb, dijo.<\/p>\n<blockquote class=\"wp-embedded-content\" data-secret=\"jinHpvyNoz\"><p><a href=\"http:\/\/diariotextual.com\/inicio\/index.php\/2019\/07\/09\/dueno-john-foos-negocia-la-compra-flecha-confirma-radicacion-la-pampa\/\">Due\u00f1o de John Foos dice que su &#171;sue\u00f1o&#187; es radicarse en La Pampa<\/a><\/p><\/blockquote>\n<p><iframe class=\"wp-embedded-content\" sandbox=\"allow-scripts\" security=\"restricted\" style=\"position: absolute; clip: rect(1px, 1px, 1px, 1px);\" src=\"http:\/\/diariotextual.com\/inicio\/index.php\/2019\/07\/09\/dueno-john-foos-negocia-la-compra-flecha-confirma-radicacion-la-pampa\/embed\/#?secret=jinHpvyNoz\" data-secret=\"jinHpvyNoz\" width=\"600\" height=\"338\" title=\"&#171;Due\u00f1o de John Foos dice que su &#171;sue\u00f1o&#187; es radicarse en La Pampa&#187; &#8212; Diario Textual\" frameborder=\"0\" marginwidth=\"0\" marginheight=\"0\" scrolling=\"no\"><\/iframe><\/p>\n<p>John Foos produce zapatillas y su propietario, Miguel Fosati, manifest\u00f3 sus intenciones de abrir una planta fabril en Santa Rosa, utilizando como mano de obra los exoperarios y operarias de Alpargatas, la textil que cerr\u00f3 el a\u00f1o pasado y ech\u00f3 a todo el personal.<\/p>\n<p>El mes pasado, John Foos le tom\u00f3 una prueba de aptitud t\u00e9cnica a los extrabajadores y se comprometi\u00f3 a dar una respuesta en \u00ab20 o 30 d\u00edas\u00bb, seg\u00fan dijo en aquel momento el ministro de la Producci\u00f3n, Ricardo Moralejo. Pero esa respuesta se demora y tanto Casa de Gobierno como los trabajadores y trabajadoras est\u00e1n inquietos.<\/p>\n<p><strong>\u00abEstamos evaluando. Tuvimos una\u00a0primera muy buena noticia que tiene que ver con que el recurso humano que fuimos a evaluar dio muy positivo. Esa es la variable que m\u00e1s pesa, m\u00e1s all\u00e1 del predio donde funcionar\u00e1. Hay varias opciones: podemos construir un galp\u00f3n con ayuda de cr\u00e9dito de la gobernaci\u00f3n o alquilar otro lugar\u00bb<\/strong>, dijo el director comercial de John Foos, Ricardo Fern\u00e1ndez.<\/p>\n<p><strong>-\u00bfPuede confirmar si se van a radicar?<\/strong><\/p>\n<p>-El primer paso como le dije fue el recurso humano, que fue satisfactorio. El segundo paso que hicimos fueron las ofertas por algunos predios que estamos negociando. Y el tercero es que tenemos que ver c\u00f3mo se resuelve la situaci\u00f3n econ\u00f3mica que impulse a tomar esta decisi\u00f3n de altos n\u00fameros de inversi\u00f3n. No hay nada confirmado ni cerrado.<\/p>\n<p><strong>-\u00bfDe cu\u00e1nto es la\u00a0inversi\u00f3n que est\u00e1n pensando?<\/strong><\/p>\n<p>-Depende el predio y la cantidad de gente que tenemos que tomar. Pero tambi\u00e9n depende de cuestiones que se est\u00e1n por definir, porque estamos ante una inminente elecci\u00f3n y se habla de reforma laboral. Hoy es prematuro confirmar nada por s\u00ed o por no.<\/p>\n<p><strong>-Es decir que no pueden asegurar que van a venir, pero no lo descartan<\/strong><\/p>\n<p>-Es positivo lo que evaluamos, el recurso humano. Si cerramos lo del predio y vemos que la econom\u00eda mejora y hay reforma laboral, el primer lugar que vamos es ah\u00ed (a Santa Rosa).<\/p>\n<p><strong>-\u00bfPusieron alg\u00fan plazo?<\/strong><\/p>\n<p>-No, este tipo de decisiones no hay que apresurarlas, hay que masticarlas bien. Cuando se invierte es para el largo plazo.<\/p>\n","protected":false},"excerpt":{"rendered":"<p>El director comercial de John Foos, Ricardo Fern\u00e1ndez, en di\u00e1logo con Diario Textual condicion\u00f3 la radicaci\u00f3n de la empresa en La Pampa a una \u00abmejora\u00bb de la econom\u00eda y a&hellip;<\/p>\n","protected":false},"author":7,"featured_media":56751,"comment_status":"closed","ping_status":"open","sticky":false,"template":"","format":"standard","meta":{"_acf_changed":false,"footnotes":""},"categories":[319,12],"tags":[],"class_list":["post-56741","post","type-post","status-publish","format-standard","has-post-thumbnail","hentry","category-a-temporales","category-sociedad"],"acf":[],"yoast_head":"<!-- This site is optimized with the Yoast SEO plugin v27.5 - https:\/\/yoast.com\/product\/yoast-seo-wordpress\/ -->\n<title>John Foos se radicar\u00e1 en La Pampa &quot;si mejora la econom\u00eda y hay reforma laboral&quot; - Diario Textual<\/title>\n<meta name=\"robots\" content=\"index, follow, max-snippet:-1, max-image-preview:large, max-video-preview:-1\" \/>\n<link rel=\"canonical\" href=\"https:\/\/diariotextual.com\/inicio\/index.php\/2019\/07\/22\/john-foos-se-radicara-la-pampa-mejora-la-economia-reforma-laboral\/\" \/>\n<meta property=\"og:locale\" content=\"es_ES\" \/>\n<meta property=\"og:type\" content=\"article\" \/>\n<meta property=\"og:title\" content=\"John Foos se radicar\u00e1 en La Pampa &quot;si mejora la econom\u00eda y hay reforma laboral&quot; - Diario Textual\" \/>\n<meta property=\"og:description\" content=\"El director comercial de John Foos, Ricardo Fern\u00e1ndez, en di\u00e1logo con Diario Textual condicion\u00f3 la radicaci\u00f3n de la empresa en La Pampa a una \u00abmejora\u00bb de la econom\u00eda y a&hellip;\" \/>\n<meta property=\"og:url\" content=\"https:\/\/diariotextual.com\/inicio\/index.php\/2019\/07\/22\/john-foos-se-radicara-la-pampa-mejora-la-economia-reforma-laboral\/\" \/>\n<meta property=\"og:site_name\" content=\"Diario Textual\" \/>\n<meta property=\"article:publisher\" content=\"https:\/\/www.facebook.com\/eltextual\" \/>\n<meta property=\"article:published_time\" content=\"2019-07-22T15:16:01+00:00\" \/>\n<meta property=\"article:modified_time\" content=\"2019-07-23T11:38:44+00:00\" \/>\n<meta property=\"og:image\" content=\"https:\/\/diariotextual.com\/inicio\/wp-content\/uploads\/2019\/07\/2145971.jpg\" \/>\n\t<meta property=\"og:image:width\" content=\"1167\" \/>\n\t<meta property=\"og:image:height\" content=\"779\" \/>\n\t<meta property=\"og:image:type\" content=\"image\/jpeg\" \/>\n<meta name=\"author\" content=\"diario5\" \/>\n<meta name=\"twitter:card\" content=\"summary_large_image\" \/>\n<meta name=\"twitter:creator\" content=\"@eltextual\" \/>\n<meta name=\"twitter:site\" content=\"@eltextual\" \/>\n<meta name=\"twitter:label1\" content=\"Escrito por\" \/>\n\t<meta name=\"twitter:data1\" content=\"diario5\" \/>\n\t<meta name=\"twitter:label2\" content=\"Tiempo de lectura\" \/>\n\t<meta name=\"twitter:data2\" content=\"2 minutos\" \/>\n<script type=\"application\/ld+json\" class=\"yoast-schema-graph\">{\"@context\":\"https:\\\/\\\/schema.org\",\"@graph\":[{\"@type\":\"Article\",\"@id\":\"https:\\\/\\\/diariotextual.com\\\/inicio\\\/index.php\\\/2019\\\/07\\\/22\\\/john-foos-se-radicara-la-pampa-mejora-la-economia-reforma-laboral\\\/#article\",\"isPartOf\":{\"@id\":\"https:\\\/\\\/diariotextual.com\\\/inicio\\\/index.php\\\/2019\\\/07\\\/22\\\/john-foos-se-radicara-la-pampa-mejora-la-economia-reforma-laboral\\\/\"},\"author\":{\"name\":\"diario5\",\"@id\":\"https:\\\/\\\/diariotextual.com\\\/inicio\\\/#\\\/schema\\\/person\\\/c7834961ad8b29b1d9cdbf4571299067\"},\"headline\":\"John Foos se radicar\u00e1 en La Pampa \u00absi mejora la econom\u00eda y hay reforma laboral\u00bb\",\"datePublished\":\"2019-07-22T15:16:01+00:00\",\"dateModified\":\"2019-07-23T11:38:44+00:00\",\"mainEntityOfPage\":{\"@id\":\"https:\\\/\\\/diariotextual.com\\\/inicio\\\/index.php\\\/2019\\\/07\\\/22\\\/john-foos-se-radicara-la-pampa-mejora-la-economia-reforma-laboral\\\/\"},\"wordCount\":456,\"publisher\":{\"@id\":\"https:\\\/\\\/diariotextual.com\\\/inicio\\\/#organization\"},\"image\":{\"@id\":\"https:\\\/\\\/diariotextual.com\\\/inicio\\\/index.php\\\/2019\\\/07\\\/22\\\/john-foos-se-radicara-la-pampa-mejora-la-economia-reforma-laboral\\\/#primaryimage\"},\"thumbnailUrl\":\"https:\\\/\\\/diariotextual.com\\\/inicio\\\/wp-content\\\/uploads\\\/2019\\\/07\\\/2145971.jpg\",\"articleSection\":[\"A - TEMPORALES\",\"SOCIEDAD\"],\"inLanguage\":\"es\"},{\"@type\":\"WebPage\",\"@id\":\"https:\\\/\\\/diariotextual.com\\\/inicio\\\/index.php\\\/2019\\\/07\\\/22\\\/john-foos-se-radicara-la-pampa-mejora-la-economia-reforma-laboral\\\/\",\"url\":\"https:\\\/\\\/diariotextual.com\\\/inicio\\\/index.php\\\/2019\\\/07\\\/22\\\/john-foos-se-radicara-la-pampa-mejora-la-economia-reforma-laboral\\\/\",\"name\":\"John Foos se radicar\u00e1 en La Pampa \\\"si mejora la econom\u00eda y hay reforma laboral\\\" - Diario Textual\",\"isPartOf\":{\"@id\":\"https:\\\/\\\/diariotextual.com\\\/inicio\\\/#website\"},\"primaryImageOfPage\":{\"@id\":\"https:\\\/\\\/diariotextual.com\\\/inicio\\\/index.php\\\/2019\\\/07\\\/22\\\/john-foos-se-radicara-la-pampa-mejora-la-economia-reforma-laboral\\\/#primaryimage\"},\"image\":{\"@id\":\"https:\\\/\\\/diariotextual.com\\\/inicio\\\/index.php\\\/2019\\\/07\\\/22\\\/john-foos-se-radicara-la-pampa-mejora-la-economia-reforma-laboral\\\/#primaryimage\"},\"thumbnailUrl\":\"https:\\\/\\\/diariotextual.com\\\/inicio\\\/wp-content\\\/uploads\\\/2019\\\/07\\\/2145971.jpg\",\"datePublished\":\"2019-07-22T15:16:01+00:00\",\"dateModified\":\"2019-07-23T11:38:44+00:00\",\"breadcrumb\":{\"@id\":\"https:\\\/\\\/diariotextual.com\\\/inicio\\\/index.php\\\/2019\\\/07\\\/22\\\/john-foos-se-radicara-la-pampa-mejora-la-economia-reforma-laboral\\\/#breadcrumb\"},\"inLanguage\":\"es\",\"potentialAction\":[{\"@type\":\"ReadAction\",\"target\":[\"https:\\\/\\\/diariotextual.com\\\/inicio\\\/index.php\\\/2019\\\/07\\\/22\\\/john-foos-se-radicara-la-pampa-mejora-la-economia-reforma-laboral\\\/\"]}]},{\"@type\":\"ImageObject\",\"inLanguage\":\"es\",\"@id\":\"https:\\\/\\\/diariotextual.com\\\/inicio\\\/index.php\\\/2019\\\/07\\\/22\\\/john-foos-se-radicara-la-pampa-mejora-la-economia-reforma-laboral\\\/#primaryimage\",\"url\":\"https:\\\/\\\/diariotextual.com\\\/inicio\\\/wp-content\\\/uploads\\\/2019\\\/07\\\/2145971.jpg\",\"contentUrl\":\"https:\\\/\\\/diariotextual.com\\\/inicio\\\/wp-content\\\/uploads\\\/2019\\\/07\\\/2145971.jpg\",\"width\":1167,\"height\":779},{\"@type\":\"BreadcrumbList\",\"@id\":\"https:\\\/\\\/diariotextual.com\\\/inicio\\\/index.php\\\/2019\\\/07\\\/22\\\/john-foos-se-radicara-la-pampa-mejora-la-economia-reforma-laboral\\\/#breadcrumb\",\"itemListElement\":[{\"@type\":\"ListItem\",\"position\":1,\"name\":\"Portada\",\"item\":\"https:\\\/\\\/diariotextual.com\\\/inicio\\\/\"},{\"@type\":\"ListItem\",\"position\":2,\"name\":\"John Foos se radicar\u00e1 en La Pampa \u00absi mejora la econom\u00eda y hay reforma laboral\u00bb\"}]},{\"@type\":\"WebSite\",\"@id\":\"https:\\\/\\\/diariotextual.com\\\/inicio\\\/#website\",\"url\":\"https:\\\/\\\/diariotextual.com\\\/inicio\\\/\",\"name\":\"Diario Textual\",\"description\":\"\",\"publisher\":{\"@id\":\"https:\\\/\\\/diariotextual.com\\\/inicio\\\/#organization\"},\"potentialAction\":[{\"@type\":\"SearchAction\",\"target\":{\"@type\":\"EntryPoint\",\"urlTemplate\":\"https:\\\/\\\/diariotextual.com\\\/inicio\\\/?s={search_term_string}\"},\"query-input\":{\"@type\":\"PropertyValueSpecification\",\"valueRequired\":true,\"valueName\":\"search_term_string\"}}],\"inLanguage\":\"es\"},{\"@type\":\"Organization\",\"@id\":\"https:\\\/\\\/diariotextual.com\\\/inicio\\\/#organization\",\"name\":\"Diario Textual\",\"url\":\"https:\\\/\\\/diariotextual.com\\\/inicio\\\/\",\"logo\":{\"@type\":\"ImageObject\",\"inLanguage\":\"es\",\"@id\":\"https:\\\/\\\/diariotextual.com\\\/inicio\\\/#\\\/schema\\\/logo\\\/image\\\/\",\"url\":\"https:\\\/\\\/diariotextual.com\\\/inicio\\\/wp-content\\\/uploads\\\/2023\\\/05\\\/logotextual1.jpg\",\"contentUrl\":\"https:\\\/\\\/diariotextual.com\\\/inicio\\\/wp-content\\\/uploads\\\/2023\\\/05\\\/logotextual1.jpg\",\"width\":516,\"height\":76,\"caption\":\"Diario Textual\"},\"image\":{\"@id\":\"https:\\\/\\\/diariotextual.com\\\/inicio\\\/#\\\/schema\\\/logo\\\/image\\\/\"},\"sameAs\":[\"https:\\\/\\\/www.facebook.com\\\/eltextual\",\"https:\\\/\\\/x.com\\\/eltextual\",\"http:\\\/\\\/www.instagram.com\\\/eltextual\"]},{\"@type\":\"Person\",\"@id\":\"https:\\\/\\\/diariotextual.com\\\/inicio\\\/#\\\/schema\\\/person\\\/c7834961ad8b29b1d9cdbf4571299067\",\"name\":\"diario5\",\"image\":{\"@type\":\"ImageObject\",\"inLanguage\":\"es\",\"@id\":\"https:\\\/\\\/secure.gravatar.com\\\/avatar\\\/948c893b847ca6df68216ead81b63f363408ec9b0f600fefc0641ce78613b111?s=96&d=mm&r=g\",\"url\":\"https:\\\/\\\/secure.gravatar.com\\\/avatar\\\/948c893b847ca6df68216ead81b63f363408ec9b0f600fefc0641ce78613b111?s=96&d=mm&r=g\",\"contentUrl\":\"https:\\\/\\\/secure.gravatar.com\\\/avatar\\\/948c893b847ca6df68216ead81b63f363408ec9b0f600fefc0641ce78613b111?s=96&d=mm&r=g\",\"caption\":\"diario5\"},\"url\":\"https:\\\/\\\/diariotextual.com\\\/inicio\\\/index.php\\\/author\\\/diario5\\\/\"}]}<\/script>\n<!-- \/ Yoast SEO plugin. -->","yoast_head_json":{"title":"John Foos se radicar\u00e1 en La Pampa \"si mejora la econom\u00eda y hay reforma laboral\" - Diario Textual","robots":{"index":"index","follow":"follow","max-snippet":"max-snippet:-1","max-image-preview":"max-image-preview:large","max-video-preview":"max-video-preview:-1"},"canonical":"https:\/\/diariotextual.com\/inicio\/index.php\/2019\/07\/22\/john-foos-se-radicara-la-pampa-mejora-la-economia-reforma-laboral\/","og_locale":"es_ES","og_type":"article","og_title":"John Foos se radicar\u00e1 en La Pampa \"si mejora la econom\u00eda y hay reforma laboral\" - Diario Textual","og_description":"El director comercial de John Foos, Ricardo Fern\u00e1ndez, en di\u00e1logo con Diario Textual condicion\u00f3 la radicaci\u00f3n de la empresa en La Pampa a una \u00abmejora\u00bb de la econom\u00eda y a&hellip;","og_url":"https:\/\/diariotextual.com\/inicio\/index.php\/2019\/07\/22\/john-foos-se-radicara-la-pampa-mejora-la-economia-reforma-laboral\/","og_site_name":"Diario Textual","article_publisher":"https:\/\/www.facebook.com\/eltextual","article_published_time":"2019-07-22T15:16:01+00:00","article_modified_time":"2019-07-23T11:38:44+00:00","og_image":[{"width":1167,"height":779,"url":"https:\/\/diariotextual.com\/inicio\/wp-content\/uploads\/2019\/07\/2145971.jpg","type":"image\/jpeg"}],"author":"diario5","twitter_card":"summary_large_image","twitter_creator":"@eltextual","twitter_site":"@eltextual","twitter_misc":{"Escrito por":"diario5","Tiempo de lectura":"2 minutos"},"schema":{"@context":"https:\/\/schema.org","@graph":[{"@type":"Article","@id":"https:\/\/diariotextual.com\/inicio\/index.php\/2019\/07\/22\/john-foos-se-radicara-la-pampa-mejora-la-economia-reforma-laboral\/#article","isPartOf":{"@id":"https:\/\/diariotextual.com\/inicio\/index.php\/2019\/07\/22\/john-foos-se-radicara-la-pampa-mejora-la-economia-reforma-laboral\/"},"author":{"name":"diario5","@id":"https:\/\/diariotextual.com\/inicio\/#\/schema\/person\/c7834961ad8b29b1d9cdbf4571299067"},"headline":"John Foos se radicar\u00e1 en La Pampa \u00absi mejora la econom\u00eda y hay reforma laboral\u00bb","datePublished":"2019-07-22T15:16:01+00:00","dateModified":"2019-07-23T11:38:44+00:00","mainEntityOfPage":{"@id":"https:\/\/diariotextual.com\/inicio\/index.php\/2019\/07\/22\/john-foos-se-radicara-la-pampa-mejora-la-economia-reforma-laboral\/"},"wordCount":456,"publisher":{"@id":"https:\/\/diariotextual.com\/inicio\/#organization"},"image":{"@id":"https:\/\/diariotextual.com\/inicio\/index.php\/2019\/07\/22\/john-foos-se-radicara-la-pampa-mejora-la-economia-reforma-laboral\/#primaryimage"},"thumbnailUrl":"https:\/\/diariotextual.com\/inicio\/wp-content\/uploads\/2019\/07\/2145971.jpg","articleSection":["A - TEMPORALES","SOCIEDAD"],"inLanguage":"es"},{"@type":"WebPage","@id":"https:\/\/diariotextual.com\/inicio\/index.php\/2019\/07\/22\/john-foos-se-radicara-la-pampa-mejora-la-economia-reforma-laboral\/","url":"https:\/\/diariotextual.com\/inicio\/index.php\/2019\/07\/22\/john-foos-se-radicara-la-pampa-mejora-la-economia-reforma-laboral\/","name":"John Foos se radicar\u00e1 en La Pampa \"si mejora la econom\u00eda y hay reforma laboral\" - Diario Textual","isPartOf":{"@id":"https:\/\/diariotextual.com\/inicio\/#website"},"primaryImageOfPage":{"@id":"https:\/\/diariotextual.com\/inicio\/index.php\/2019\/07\/22\/john-foos-se-radicara-la-pampa-mejora-la-economia-reforma-laboral\/#primaryimage"},"image":{"@id":"https:\/\/diariotextual.com\/inicio\/index.php\/2019\/07\/22\/john-foos-se-radicara-la-pampa-mejora-la-economia-reforma-laboral\/#primaryimage"},"thumbnailUrl":"https:\/\/diariotextual.com\/inicio\/wp-content\/uploads\/2019\/07\/2145971.jpg","datePublished":"2019-07-22T15:16:01+00:00","dateModified":"2019-07-23T11:38:44+00:00","breadcrumb":{"@id":"https:\/\/diariotextual.com\/inicio\/index.php\/2019\/07\/22\/john-foos-se-radicara-la-pampa-mejora-la-economia-reforma-laboral\/#breadcrumb"},"inLanguage":"es","potentialAction":[{"@type":"ReadAction","target":["https:\/\/diariotextual.com\/inicio\/index.php\/2019\/07\/22\/john-foos-se-radicara-la-pampa-mejora-la-economia-reforma-laboral\/"]}]},{"@type":"ImageObject","inLanguage":"es","@id":"https:\/\/diariotextual.com\/inicio\/index.php\/2019\/07\/22\/john-foos-se-radicara-la-pampa-mejora-la-economia-reforma-laboral\/#primaryimage","url":"https:\/\/diariotextual.com\/inicio\/wp-content\/uploads\/2019\/07\/2145971.jpg","contentUrl":"https:\/\/diariotextual.com\/inicio\/wp-content\/uploads\/2019\/07\/2145971.jpg","width":1167,"height":779},{"@type":"BreadcrumbList","@id":"https:\/\/diariotextual.com\/inicio\/index.php\/2019\/07\/22\/john-foos-se-radicara-la-pampa-mejora-la-economia-reforma-laboral\/#breadcrumb","itemListElement":[{"@type":"ListItem","position":1,"name":"Portada","item":"https:\/\/diariotextual.com\/inicio\/"},{"@type":"ListItem","position":2,"name":"John Foos se radicar\u00e1 en La Pampa \u00absi mejora la econom\u00eda y hay reforma laboral\u00bb"}]},{"@type":"WebSite","@id":"https:\/\/diariotextual.com\/inicio\/#website","url":"https:\/\/diariotextual.com\/inicio\/","name":"Diario Textual","description":"","publisher":{"@id":"https:\/\/diariotextual.com\/inicio\/#organization"},"potentialAction":[{"@type":"SearchAction","target":{"@type":"EntryPoint","urlTemplate":"https:\/\/diariotextual.com\/inicio\/?s={search_term_string}"},"query-input":{"@type":"PropertyValueSpecification","valueRequired":true,"valueName":"search_term_string"}}],"inLanguage":"es"},{"@type":"Organization","@id":"https:\/\/diariotextual.com\/inicio\/#organization","name":"Diario Textual","url":"https:\/\/diariotextual.com\/inicio\/","logo":{"@type":"ImageObject","inLanguage":"es","@id":"https:\/\/diariotextual.com\/inicio\/#\/schema\/logo\/image\/","url":"https:\/\/diariotextual.com\/inicio\/wp-content\/uploads\/2023\/05\/logotextual1.jpg","contentUrl":"https:\/\/diariotextual.com\/inicio\/wp-content\/uploads\/2023\/05\/logotextual1.jpg","width":516,"height":76,"caption":"Diario Textual"},"image":{"@id":"https:\/\/diariotextual.com\/inicio\/#\/schema\/logo\/image\/"},"sameAs":["https:\/\/www.facebook.com\/eltextual","https:\/\/x.com\/eltextual","http:\/\/www.instagram.com\/eltextual"]},{"@type":"Person","@id":"https:\/\/diariotextual.com\/inicio\/#\/schema\/person\/c7834961ad8b29b1d9cdbf4571299067","name":"diario5","image":{"@type":"ImageObject","inLanguage":"es","@id":"https:\/\/secure.gravatar.com\/avatar\/948c893b847ca6df68216ead81b63f363408ec9b0f600fefc0641ce78613b111?s=96&d=mm&r=g","url":"https:\/\/secure.gravatar.com\/avatar\/948c893b847ca6df68216ead81b63f363408ec9b0f600fefc0641ce78613b111?s=96&d=mm&r=g","contentUrl":"https:\/\/secure.gravatar.com\/avatar\/948c893b847ca6df68216ead81b63f363408ec9b0f600fefc0641ce78613b111?s=96&d=mm&r=g","caption":"diario5"},"url":"https:\/\/diariotextual.com\/inicio\/index.php\/author\/diario5\/"}]}},"_links":{"self":[{"href":"https:\/\/diariotextual.com\/inicio\/index.php\/wp-json\/wp\/v2\/posts\/56741","targetHints":{"allow":["GET"]}}],"collection":[{"href":"https:\/\/diariotextual.com\/inicio\/index.php\/wp-json\/wp\/v2\/posts"}],"about":[{"href":"https:\/\/diariotextual.com\/inicio\/index.php\/wp-json\/wp\/v2\/types\/post"}],"author":[{"embeddable":true,"href":"https:\/\/diariotextual.com\/inicio\/index.php\/wp-json\/wp\/v2\/users\/7"}],"replies":[{"embeddable":true,"href":"https:\/\/diariotextual.com\/inicio\/index.php\/wp-json\/wp\/v2\/comments?post=56741"}],"version-history":[{"count":3,"href":"https:\/\/diariotextual.com\/inicio\/index.php\/wp-json\/wp\/v2\/posts\/56741\/revisions"}],"predecessor-version":[{"id":56756,"href":"https:\/\/diariotextual.com\/inicio\/index.php\/wp-json\/wp\/v2\/posts\/56741\/revisions\/56756"}],"wp:featuredmedia":[{"embeddable":true,"href":"https:\/\/diariotextual.com\/inicio\/index.php\/wp-json\/wp\/v2\/media\/56751"}],"wp:attachment":[{"href":"https:\/\/diariotextual.com\/inicio\/index.php\/wp-json\/wp\/v2\/media?parent=56741"}],"wp:term":[{"taxonomy":"category","embeddable":true,"href":"https:\/\/diariotextual.com\/inicio\/index.php\/wp-json\/wp\/v2\/categories?post=56741"},{"taxonomy":"post_tag","embeddable":true,"href":"https:\/\/diariotextual.com\/inicio\/index.php\/wp-json\/wp\/v2\/tags?post=56741"}],"curies":[{"name":"wp","href":"https:\/\/api.w.org\/{rel}","templated":true}]}}