{"id":56809,"date":"2019-07-23T08:29:40","date_gmt":"2019-07-23T11:29:40","guid":{"rendered":"http:\/\/diariotextual.com\/inicio\/?p=56809"},"modified":"2019-07-23T10:44:00","modified_gmt":"2019-07-23T13:44:00","slug":"se-recibio-escribio-una-carta-emociono-dolor-espalda-viejo","status":"publish","type":"post","link":"https:\/\/diariotextual.com\/inicio\/index.php\/2019\/07\/23\/se-recibio-escribio-una-carta-emociono-dolor-espalda-viejo\/","title":{"rendered":"Se recibi\u00f3 y escribi\u00f3 una carta que emocion\u00f3: \u00abSoy el dolor de espalda de mi viejo\u00bb"},"content":{"rendered":"<p><strong>Christian Amarilla<\/strong> se recibi\u00f3 de licenciado en Qu\u00edmica luego de 8 a\u00f1os en la <strong>Universidad Nacional del Sur (Bah\u00eda Blanca)<\/strong> y <strong>tiene memoria<\/strong>: escribi\u00f3 <strong>una dedicatoria a todos los que lo ayudaron a terminar<\/strong> la carrera.<\/p>\n<p>Estuvo ocho a\u00f1os cursando la carrera e involucr\u00e1ndose en la gesti\u00f3n de la universidad pero sent\u00eda que no se hab\u00eda abierto, que su historia no hab\u00eda sido contada. En mayo se recibi\u00f3 y escribi\u00f3 una carta. Una amiga pidi\u00f3 compartirla en las redes sociales y poco despu\u00e9s se viraliz\u00f3.<\/p>\n<p>Christian tiene\u00a026 a\u00f1os y es hijo de Cecilio y Marta. <strong>Su escrito es una recopilaci\u00f3n de recuerdos emotivos: rememora sus meriendas regaladas, sus botines de f\u00fatbol para jugar el b\u00e1squet, su ropa prestada, su viaje de egresados, su piel oscura, la bicicleta, la hernia y los calambres de su viejo, el manjar de arroz blanco, la beca, las u\u00f1as, el da\u00f1o.\u00a0<\/strong><\/p>\n<p>La carta es la siguiente:<\/p>\n<p><em>Soy la bolsa de pan con mermelada que me daban las porteras al terminar la escuela para que me lleve a mi casa.<\/em><\/p>\n<p><em>Soy el club de barrio que me permiti\u00f3 entrenar b\u00e1squet durante 11 a\u00f1os sin cobrarme cuota social y pag\u00e1ndome el transporte para pueda ir a los partidos. Tambi\u00e9n soy los botines de f\u00fatbol 5 que usaba de ni\u00f1o para jugar al b\u00e1squet por no tener otras zapatillas. <\/em><\/p>\n<p><em>Soy ropa prestada de mis amigos para salir a bailar.<\/em><\/p>\n<p><em>Soy las actividades que hicieron mis compa\u00f1eros del secundario para pagarme el viaje de egresados. <\/em><\/p>\n<p><em>Soy el bullying que sufr\u00ed en la adolescencia por tener la piel m\u00e1s oscura que el resto.<\/em><\/p>\n<p><em>Soy los 30 kil\u00f3metros en bicicleta que hac\u00eda mi viejo todos los d\u00edas para ir a dos trabajos por migajas de pan. Soy el dolor de espalda que hoy siente por las noches por tener que seguir laburando a pesar de su hernia de disco, soy tambi\u00e9n sus calambres.<\/em><\/p>\n<p><em>Soy los inventos de mi mam\u00e1 para que un arroz blanco sea el plato m\u00e1s delicioso del mundo. Soy la preocupaci\u00f3n de ella cuando de pibe llegaba tarde a casa, y tambi\u00e9n su ocupaci\u00f3n para que yo siga estudiando a medida que fui creciendo.<\/em><\/p>\n<p><em>Soy el hambre que pasaron muchas veces los dos, para que mis hermanos y yo comi\u00e9ramos la poca comida que hab\u00eda.<\/em><\/p>\n<p><em>Soy la beca que me dio la oportunidad de ir a la Universidad. Soy carpetas prestadas. Soy el tiempo que me regalaron mis amigos prepar\u00e1ndome para que llegue bien a un examen. Soy horas en la sala de lectura.<\/em><\/p>\n<p><em>Soy un machete que hizo que mucha gente me prejuzgue. Soy quienes me buchonearon antes de advertirme que no lo haga. <\/em><br \/>\n<em>Soy mis u\u00f1as comidas por el miedo y la ansiedad de no llegar a terminar la carrera.<\/em><\/p>\n<p><em>Soy el da\u00f1o que les provoque a personas que me han querido incondicionalmente. <\/em><\/p>\n<p><em>Para hoy ser \u00ablicenciado\u201d, primero tuve que ser todas las otras cosas. Por eso hoy disfruto mucho serlo, porque es muy dif\u00edcil llegar, y porque a m\u00ed particularmente me ha costado un mont\u00f3n. <\/em><\/p>\n<p><em>Que venga lo sea, porque estoy preparado.<\/em><\/p>\n<p>&nbsp;<\/p>\n<p>&nbsp;<\/p>\n","protected":false},"excerpt":{"rendered":"<p>Christian Amarilla se recibi\u00f3 de licenciado en Qu\u00edmica luego de 8 a\u00f1os en la Universidad Nacional del Sur (Bah\u00eda Blanca) y tiene memoria: escribi\u00f3 una dedicatoria a todos los que&hellip;<\/p>\n","protected":false},"author":3,"featured_media":56810,"comment_status":"closed","ping_status":"open","sticky":false,"template":"","format":"standard","meta":{"_acf_changed":false,"footnotes":""},"categories":[11,319,12],"tags":[2113],"class_list":["post-56809","post","type-post","status-publish","format-standard","has-post-thumbnail","hentry","category-que-pasa","category-a-temporales","category-sociedad","tag-amarilla"],"acf":[],"yoast_head":"<!-- This site is optimized with the Yoast SEO plugin v27.5 - https:\/\/yoast.com\/product\/yoast-seo-wordpress\/ -->\n<title>Se recibi\u00f3 y escribi\u00f3 una carta que emocion\u00f3: &quot;Soy el dolor de espalda de mi viejo&quot; - Diario Textual<\/title>\n<meta name=\"robots\" content=\"index, follow, max-snippet:-1, max-image-preview:large, max-video-preview:-1\" \/>\n<link rel=\"canonical\" href=\"https:\/\/diariotextual.com\/inicio\/index.php\/2019\/07\/23\/se-recibio-escribio-una-carta-emociono-dolor-espalda-viejo\/\" \/>\n<meta property=\"og:locale\" content=\"es_ES\" \/>\n<meta property=\"og:type\" content=\"article\" \/>\n<meta property=\"og:title\" content=\"Se recibi\u00f3 y escribi\u00f3 una carta que emocion\u00f3: &quot;Soy el dolor de espalda de mi viejo&quot; - Diario Textual\" \/>\n<meta property=\"og:description\" content=\"Christian Amarilla se recibi\u00f3 de licenciado en Qu\u00edmica luego de 8 a\u00f1os en la Universidad Nacional del Sur (Bah\u00eda Blanca) y tiene memoria: escribi\u00f3 una dedicatoria a todos los que&hellip;\" \/>\n<meta property=\"og:url\" content=\"https:\/\/diariotextual.com\/inicio\/index.php\/2019\/07\/23\/se-recibio-escribio-una-carta-emociono-dolor-espalda-viejo\/\" \/>\n<meta property=\"og:site_name\" content=\"Diario Textual\" \/>\n<meta property=\"article:publisher\" content=\"https:\/\/www.facebook.com\/eltextual\" \/>\n<meta property=\"article:published_time\" content=\"2019-07-23T11:29:40+00:00\" \/>\n<meta property=\"article:modified_time\" content=\"2019-07-23T13:44:00+00:00\" \/>\n<meta property=\"og:image\" content=\"https:\/\/diariotextual.com\/inicio\/wp-content\/uploads\/2019\/07\/amarillachristiangraduacion2019-1.jpg\" \/>\n\t<meta property=\"og:image:width\" content=\"791\" \/>\n\t<meta property=\"og:image:height\" content=\"617\" \/>\n\t<meta property=\"og:image:type\" content=\"image\/jpeg\" \/>\n<meta name=\"author\" content=\"Diario1 Diario1\" \/>\n<meta name=\"twitter:card\" content=\"summary_large_image\" \/>\n<meta name=\"twitter:creator\" content=\"@eltextual\" \/>\n<meta name=\"twitter:site\" content=\"@eltextual\" \/>\n<meta name=\"twitter:label1\" content=\"Escrito por\" \/>\n\t<meta name=\"twitter:data1\" content=\"Diario1 Diario1\" \/>\n\t<meta name=\"twitter:label2\" content=\"Tiempo de lectura\" \/>\n\t<meta name=\"twitter:data2\" content=\"3 minutos\" \/>\n<script type=\"application\/ld+json\" class=\"yoast-schema-graph\">{\"@context\":\"https:\\\/\\\/schema.org\",\"@graph\":[{\"@type\":\"Article\",\"@id\":\"https:\\\/\\\/diariotextual.com\\\/inicio\\\/index.php\\\/2019\\\/07\\\/23\\\/se-recibio-escribio-una-carta-emociono-dolor-espalda-viejo\\\/#article\",\"isPartOf\":{\"@id\":\"https:\\\/\\\/diariotextual.com\\\/inicio\\\/index.php\\\/2019\\\/07\\\/23\\\/se-recibio-escribio-una-carta-emociono-dolor-espalda-viejo\\\/\"},\"author\":{\"name\":\"Diario1 Diario1\",\"@id\":\"https:\\\/\\\/diariotextual.com\\\/inicio\\\/#\\\/schema\\\/person\\\/418fc4093c33e86ed41562db3508f958\"},\"headline\":\"Se recibi\u00f3 y escribi\u00f3 una carta que emocion\u00f3: \u00abSoy el dolor de espalda de mi viejo\u00bb\",\"datePublished\":\"2019-07-23T11:29:40+00:00\",\"dateModified\":\"2019-07-23T13:44:00+00:00\",\"mainEntityOfPage\":{\"@id\":\"https:\\\/\\\/diariotextual.com\\\/inicio\\\/index.php\\\/2019\\\/07\\\/23\\\/se-recibio-escribio-una-carta-emociono-dolor-espalda-viejo\\\/\"},\"wordCount\":561,\"publisher\":{\"@id\":\"https:\\\/\\\/diariotextual.com\\\/inicio\\\/#organization\"},\"image\":{\"@id\":\"https:\\\/\\\/diariotextual.com\\\/inicio\\\/index.php\\\/2019\\\/07\\\/23\\\/se-recibio-escribio-una-carta-emociono-dolor-espalda-viejo\\\/#primaryimage\"},\"thumbnailUrl\":\"https:\\\/\\\/diariotextual.com\\\/inicio\\\/wp-content\\\/uploads\\\/2019\\\/07\\\/amarillachristiangraduacion2019-1.jpg\",\"keywords\":[\"amarilla\"],\"articleSection\":[\"A - QUE PASA (al costado)\",\"A - TEMPORALES\",\"SOCIEDAD\"],\"inLanguage\":\"es\"},{\"@type\":\"WebPage\",\"@id\":\"https:\\\/\\\/diariotextual.com\\\/inicio\\\/index.php\\\/2019\\\/07\\\/23\\\/se-recibio-escribio-una-carta-emociono-dolor-espalda-viejo\\\/\",\"url\":\"https:\\\/\\\/diariotextual.com\\\/inicio\\\/index.php\\\/2019\\\/07\\\/23\\\/se-recibio-escribio-una-carta-emociono-dolor-espalda-viejo\\\/\",\"name\":\"Se recibi\u00f3 y escribi\u00f3 una carta que emocion\u00f3: \\\"Soy el dolor de espalda de mi viejo\\\" - Diario Textual\",\"isPartOf\":{\"@id\":\"https:\\\/\\\/diariotextual.com\\\/inicio\\\/#website\"},\"primaryImageOfPage\":{\"@id\":\"https:\\\/\\\/diariotextual.com\\\/inicio\\\/index.php\\\/2019\\\/07\\\/23\\\/se-recibio-escribio-una-carta-emociono-dolor-espalda-viejo\\\/#primaryimage\"},\"image\":{\"@id\":\"https:\\\/\\\/diariotextual.com\\\/inicio\\\/index.php\\\/2019\\\/07\\\/23\\\/se-recibio-escribio-una-carta-emociono-dolor-espalda-viejo\\\/#primaryimage\"},\"thumbnailUrl\":\"https:\\\/\\\/diariotextual.com\\\/inicio\\\/wp-content\\\/uploads\\\/2019\\\/07\\\/amarillachristiangraduacion2019-1.jpg\",\"datePublished\":\"2019-07-23T11:29:40+00:00\",\"dateModified\":\"2019-07-23T13:44:00+00:00\",\"breadcrumb\":{\"@id\":\"https:\\\/\\\/diariotextual.com\\\/inicio\\\/index.php\\\/2019\\\/07\\\/23\\\/se-recibio-escribio-una-carta-emociono-dolor-espalda-viejo\\\/#breadcrumb\"},\"inLanguage\":\"es\",\"potentialAction\":[{\"@type\":\"ReadAction\",\"target\":[\"https:\\\/\\\/diariotextual.com\\\/inicio\\\/index.php\\\/2019\\\/07\\\/23\\\/se-recibio-escribio-una-carta-emociono-dolor-espalda-viejo\\\/\"]}]},{\"@type\":\"ImageObject\",\"inLanguage\":\"es\",\"@id\":\"https:\\\/\\\/diariotextual.com\\\/inicio\\\/index.php\\\/2019\\\/07\\\/23\\\/se-recibio-escribio-una-carta-emociono-dolor-espalda-viejo\\\/#primaryimage\",\"url\":\"https:\\\/\\\/diariotextual.com\\\/inicio\\\/wp-content\\\/uploads\\\/2019\\\/07\\\/amarillachristiangraduacion2019-1.jpg\",\"contentUrl\":\"https:\\\/\\\/diariotextual.com\\\/inicio\\\/wp-content\\\/uploads\\\/2019\\\/07\\\/amarillachristiangraduacion2019-1.jpg\",\"width\":791,\"height\":617},{\"@type\":\"BreadcrumbList\",\"@id\":\"https:\\\/\\\/diariotextual.com\\\/inicio\\\/index.php\\\/2019\\\/07\\\/23\\\/se-recibio-escribio-una-carta-emociono-dolor-espalda-viejo\\\/#breadcrumb\",\"itemListElement\":[{\"@type\":\"ListItem\",\"position\":1,\"name\":\"Portada\",\"item\":\"https:\\\/\\\/diariotextual.com\\\/inicio\\\/\"},{\"@type\":\"ListItem\",\"position\":2,\"name\":\"Se recibi\u00f3 y escribi\u00f3 una carta que emocion\u00f3: \u00abSoy el dolor de espalda de mi viejo\u00bb\"}]},{\"@type\":\"WebSite\",\"@id\":\"https:\\\/\\\/diariotextual.com\\\/inicio\\\/#website\",\"url\":\"https:\\\/\\\/diariotextual.com\\\/inicio\\\/\",\"name\":\"Diario Textual\",\"description\":\"\",\"publisher\":{\"@id\":\"https:\\\/\\\/diariotextual.com\\\/inicio\\\/#organization\"},\"potentialAction\":[{\"@type\":\"SearchAction\",\"target\":{\"@type\":\"EntryPoint\",\"urlTemplate\":\"https:\\\/\\\/diariotextual.com\\\/inicio\\\/?s={search_term_string}\"},\"query-input\":{\"@type\":\"PropertyValueSpecification\",\"valueRequired\":true,\"valueName\":\"search_term_string\"}}],\"inLanguage\":\"es\"},{\"@type\":\"Organization\",\"@id\":\"https:\\\/\\\/diariotextual.com\\\/inicio\\\/#organization\",\"name\":\"Diario Textual\",\"url\":\"https:\\\/\\\/diariotextual.com\\\/inicio\\\/\",\"logo\":{\"@type\":\"ImageObject\",\"inLanguage\":\"es\",\"@id\":\"https:\\\/\\\/diariotextual.com\\\/inicio\\\/#\\\/schema\\\/logo\\\/image\\\/\",\"url\":\"https:\\\/\\\/diariotextual.com\\\/inicio\\\/wp-content\\\/uploads\\\/2023\\\/05\\\/logotextual1.jpg\",\"contentUrl\":\"https:\\\/\\\/diariotextual.com\\\/inicio\\\/wp-content\\\/uploads\\\/2023\\\/05\\\/logotextual1.jpg\",\"width\":516,\"height\":76,\"caption\":\"Diario Textual\"},\"image\":{\"@id\":\"https:\\\/\\\/diariotextual.com\\\/inicio\\\/#\\\/schema\\\/logo\\\/image\\\/\"},\"sameAs\":[\"https:\\\/\\\/www.facebook.com\\\/eltextual\",\"https:\\\/\\\/x.com\\\/eltextual\",\"http:\\\/\\\/www.instagram.com\\\/eltextual\"]},{\"@type\":\"Person\",\"@id\":\"https:\\\/\\\/diariotextual.com\\\/inicio\\\/#\\\/schema\\\/person\\\/418fc4093c33e86ed41562db3508f958\",\"name\":\"Diario1 Diario1\",\"image\":{\"@type\":\"ImageObject\",\"inLanguage\":\"es\",\"@id\":\"https:\\\/\\\/secure.gravatar.com\\\/avatar\\\/9167d280179c85bc18be67aa7eda765854300033af4896dd779b608640f2ef7a?s=96&d=mm&r=g\",\"url\":\"https:\\\/\\\/secure.gravatar.com\\\/avatar\\\/9167d280179c85bc18be67aa7eda765854300033af4896dd779b608640f2ef7a?s=96&d=mm&r=g\",\"contentUrl\":\"https:\\\/\\\/secure.gravatar.com\\\/avatar\\\/9167d280179c85bc18be67aa7eda765854300033af4896dd779b608640f2ef7a?s=96&d=mm&r=g\",\"caption\":\"Diario1 Diario1\"},\"url\":\"https:\\\/\\\/diariotextual.com\\\/inicio\\\/index.php\\\/author\\\/diario1\\\/\"}]}<\/script>\n<!-- \/ Yoast SEO plugin. -->","yoast_head_json":{"title":"Se recibi\u00f3 y escribi\u00f3 una carta que emocion\u00f3: \"Soy el dolor de espalda de mi viejo\" - Diario Textual","robots":{"index":"index","follow":"follow","max-snippet":"max-snippet:-1","max-image-preview":"max-image-preview:large","max-video-preview":"max-video-preview:-1"},"canonical":"https:\/\/diariotextual.com\/inicio\/index.php\/2019\/07\/23\/se-recibio-escribio-una-carta-emociono-dolor-espalda-viejo\/","og_locale":"es_ES","og_type":"article","og_title":"Se recibi\u00f3 y escribi\u00f3 una carta que emocion\u00f3: \"Soy el dolor de espalda de mi viejo\" - Diario Textual","og_description":"Christian Amarilla se recibi\u00f3 de licenciado en Qu\u00edmica luego de 8 a\u00f1os en la Universidad Nacional del Sur (Bah\u00eda Blanca) y tiene memoria: escribi\u00f3 una dedicatoria a todos los que&hellip;","og_url":"https:\/\/diariotextual.com\/inicio\/index.php\/2019\/07\/23\/se-recibio-escribio-una-carta-emociono-dolor-espalda-viejo\/","og_site_name":"Diario Textual","article_publisher":"https:\/\/www.facebook.com\/eltextual","article_published_time":"2019-07-23T11:29:40+00:00","article_modified_time":"2019-07-23T13:44:00+00:00","og_image":[{"width":791,"height":617,"url":"https:\/\/diariotextual.com\/inicio\/wp-content\/uploads\/2019\/07\/amarillachristiangraduacion2019-1.jpg","type":"image\/jpeg"}],"author":"Diario1 Diario1","twitter_card":"summary_large_image","twitter_creator":"@eltextual","twitter_site":"@eltextual","twitter_misc":{"Escrito por":"Diario1 Diario1","Tiempo de lectura":"3 minutos"},"schema":{"@context":"https:\/\/schema.org","@graph":[{"@type":"Article","@id":"https:\/\/diariotextual.com\/inicio\/index.php\/2019\/07\/23\/se-recibio-escribio-una-carta-emociono-dolor-espalda-viejo\/#article","isPartOf":{"@id":"https:\/\/diariotextual.com\/inicio\/index.php\/2019\/07\/23\/se-recibio-escribio-una-carta-emociono-dolor-espalda-viejo\/"},"author":{"name":"Diario1 Diario1","@id":"https:\/\/diariotextual.com\/inicio\/#\/schema\/person\/418fc4093c33e86ed41562db3508f958"},"headline":"Se recibi\u00f3 y escribi\u00f3 una carta que emocion\u00f3: \u00abSoy el dolor de espalda de mi viejo\u00bb","datePublished":"2019-07-23T11:29:40+00:00","dateModified":"2019-07-23T13:44:00+00:00","mainEntityOfPage":{"@id":"https:\/\/diariotextual.com\/inicio\/index.php\/2019\/07\/23\/se-recibio-escribio-una-carta-emociono-dolor-espalda-viejo\/"},"wordCount":561,"publisher":{"@id":"https:\/\/diariotextual.com\/inicio\/#organization"},"image":{"@id":"https:\/\/diariotextual.com\/inicio\/index.php\/2019\/07\/23\/se-recibio-escribio-una-carta-emociono-dolor-espalda-viejo\/#primaryimage"},"thumbnailUrl":"https:\/\/diariotextual.com\/inicio\/wp-content\/uploads\/2019\/07\/amarillachristiangraduacion2019-1.jpg","keywords":["amarilla"],"articleSection":["A - QUE PASA (al costado)","A - TEMPORALES","SOCIEDAD"],"inLanguage":"es"},{"@type":"WebPage","@id":"https:\/\/diariotextual.com\/inicio\/index.php\/2019\/07\/23\/se-recibio-escribio-una-carta-emociono-dolor-espalda-viejo\/","url":"https:\/\/diariotextual.com\/inicio\/index.php\/2019\/07\/23\/se-recibio-escribio-una-carta-emociono-dolor-espalda-viejo\/","name":"Se recibi\u00f3 y escribi\u00f3 una carta que emocion\u00f3: \"Soy el dolor de espalda de mi viejo\" - Diario Textual","isPartOf":{"@id":"https:\/\/diariotextual.com\/inicio\/#website"},"primaryImageOfPage":{"@id":"https:\/\/diariotextual.com\/inicio\/index.php\/2019\/07\/23\/se-recibio-escribio-una-carta-emociono-dolor-espalda-viejo\/#primaryimage"},"image":{"@id":"https:\/\/diariotextual.com\/inicio\/index.php\/2019\/07\/23\/se-recibio-escribio-una-carta-emociono-dolor-espalda-viejo\/#primaryimage"},"thumbnailUrl":"https:\/\/diariotextual.com\/inicio\/wp-content\/uploads\/2019\/07\/amarillachristiangraduacion2019-1.jpg","datePublished":"2019-07-23T11:29:40+00:00","dateModified":"2019-07-23T13:44:00+00:00","breadcrumb":{"@id":"https:\/\/diariotextual.com\/inicio\/index.php\/2019\/07\/23\/se-recibio-escribio-una-carta-emociono-dolor-espalda-viejo\/#breadcrumb"},"inLanguage":"es","potentialAction":[{"@type":"ReadAction","target":["https:\/\/diariotextual.com\/inicio\/index.php\/2019\/07\/23\/se-recibio-escribio-una-carta-emociono-dolor-espalda-viejo\/"]}]},{"@type":"ImageObject","inLanguage":"es","@id":"https:\/\/diariotextual.com\/inicio\/index.php\/2019\/07\/23\/se-recibio-escribio-una-carta-emociono-dolor-espalda-viejo\/#primaryimage","url":"https:\/\/diariotextual.com\/inicio\/wp-content\/uploads\/2019\/07\/amarillachristiangraduacion2019-1.jpg","contentUrl":"https:\/\/diariotextual.com\/inicio\/wp-content\/uploads\/2019\/07\/amarillachristiangraduacion2019-1.jpg","width":791,"height":617},{"@type":"BreadcrumbList","@id":"https:\/\/diariotextual.com\/inicio\/index.php\/2019\/07\/23\/se-recibio-escribio-una-carta-emociono-dolor-espalda-viejo\/#breadcrumb","itemListElement":[{"@type":"ListItem","position":1,"name":"Portada","item":"https:\/\/diariotextual.com\/inicio\/"},{"@type":"ListItem","position":2,"name":"Se recibi\u00f3 y escribi\u00f3 una carta que emocion\u00f3: \u00abSoy el dolor de espalda de mi viejo\u00bb"}]},{"@type":"WebSite","@id":"https:\/\/diariotextual.com\/inicio\/#website","url":"https:\/\/diariotextual.com\/inicio\/","name":"Diario Textual","description":"","publisher":{"@id":"https:\/\/diariotextual.com\/inicio\/#organization"},"potentialAction":[{"@type":"SearchAction","target":{"@type":"EntryPoint","urlTemplate":"https:\/\/diariotextual.com\/inicio\/?s={search_term_string}"},"query-input":{"@type":"PropertyValueSpecification","valueRequired":true,"valueName":"search_term_string"}}],"inLanguage":"es"},{"@type":"Organization","@id":"https:\/\/diariotextual.com\/inicio\/#organization","name":"Diario Textual","url":"https:\/\/diariotextual.com\/inicio\/","logo":{"@type":"ImageObject","inLanguage":"es","@id":"https:\/\/diariotextual.com\/inicio\/#\/schema\/logo\/image\/","url":"https:\/\/diariotextual.com\/inicio\/wp-content\/uploads\/2023\/05\/logotextual1.jpg","contentUrl":"https:\/\/diariotextual.com\/inicio\/wp-content\/uploads\/2023\/05\/logotextual1.jpg","width":516,"height":76,"caption":"Diario Textual"},"image":{"@id":"https:\/\/diariotextual.com\/inicio\/#\/schema\/logo\/image\/"},"sameAs":["https:\/\/www.facebook.com\/eltextual","https:\/\/x.com\/eltextual","http:\/\/www.instagram.com\/eltextual"]},{"@type":"Person","@id":"https:\/\/diariotextual.com\/inicio\/#\/schema\/person\/418fc4093c33e86ed41562db3508f958","name":"Diario1 Diario1","image":{"@type":"ImageObject","inLanguage":"es","@id":"https:\/\/secure.gravatar.com\/avatar\/9167d280179c85bc18be67aa7eda765854300033af4896dd779b608640f2ef7a?s=96&d=mm&r=g","url":"https:\/\/secure.gravatar.com\/avatar\/9167d280179c85bc18be67aa7eda765854300033af4896dd779b608640f2ef7a?s=96&d=mm&r=g","contentUrl":"https:\/\/secure.gravatar.com\/avatar\/9167d280179c85bc18be67aa7eda765854300033af4896dd779b608640f2ef7a?s=96&d=mm&r=g","caption":"Diario1 Diario1"},"url":"https:\/\/diariotextual.com\/inicio\/index.php\/author\/diario1\/"}]}},"_links":{"self":[{"href":"https:\/\/diariotextual.com\/inicio\/index.php\/wp-json\/wp\/v2\/posts\/56809","targetHints":{"allow":["GET"]}}],"collection":[{"href":"https:\/\/diariotextual.com\/inicio\/index.php\/wp-json\/wp\/v2\/posts"}],"about":[{"href":"https:\/\/diariotextual.com\/inicio\/index.php\/wp-json\/wp\/v2\/types\/post"}],"author":[{"embeddable":true,"href":"https:\/\/diariotextual.com\/inicio\/index.php\/wp-json\/wp\/v2\/users\/3"}],"replies":[{"embeddable":true,"href":"https:\/\/diariotextual.com\/inicio\/index.php\/wp-json\/wp\/v2\/comments?post=56809"}],"version-history":[{"count":2,"href":"https:\/\/diariotextual.com\/inicio\/index.php\/wp-json\/wp\/v2\/posts\/56809\/revisions"}],"predecessor-version":[{"id":56848,"href":"https:\/\/diariotextual.com\/inicio\/index.php\/wp-json\/wp\/v2\/posts\/56809\/revisions\/56848"}],"wp:featuredmedia":[{"embeddable":true,"href":"https:\/\/diariotextual.com\/inicio\/index.php\/wp-json\/wp\/v2\/media\/56810"}],"wp:attachment":[{"href":"https:\/\/diariotextual.com\/inicio\/index.php\/wp-json\/wp\/v2\/media?parent=56809"}],"wp:term":[{"taxonomy":"category","embeddable":true,"href":"https:\/\/diariotextual.com\/inicio\/index.php\/wp-json\/wp\/v2\/categories?post=56809"},{"taxonomy":"post_tag","embeddable":true,"href":"https:\/\/diariotextual.com\/inicio\/index.php\/wp-json\/wp\/v2\/tags?post=56809"}],"curies":[{"name":"wp","href":"https:\/\/api.w.org\/{rel}","templated":true}]}}