{"id":56812,"date":"2019-07-23T08:38:21","date_gmt":"2019-07-23T11:38:21","guid":{"rendered":"http:\/\/diariotextual.com\/inicio\/?p=56812"},"modified":"2019-07-23T17:36:14","modified_gmt":"2019-07-23T20:36:14","slug":"ate-pacto-upcn-macri-modificar-convenio-colectivo-trabajo","status":"publish","type":"post","link":"https:\/\/diariotextual.com\/inicio\/index.php\/2019\/07\/23\/ate-pacto-upcn-macri-modificar-convenio-colectivo-trabajo\/","title":{"rendered":"ATE contra \u00abpacto\u00bb de UPCN con Macri para modificar el convenio colectivo de trabajo"},"content":{"rendered":"<p>El secretario general de ATE nacional, <strong>Hugo Godoy<\/strong>, arremeti\u00f3 contra la modificaci\u00f3n al <strong>Convenio Colectivo de Trabajo General de la Administraci\u00f3n P\u00fablica Nacional (214\/06)<\/strong> que crea un <strong>escalaf\u00f3n de privilegio para funcionarios de Alta Direcci\u00f3n P\u00fablica (ADP)<\/strong> y modifica el Convenio Sectorial SINEP. Sostuvo que fue un <strong>\u201cpacto\u201d<\/strong> que estableci\u00f3 el presidente Macri con <strong>\u201csu gremio amigo UPCN\u201d<\/strong> y advirti\u00f3 que va a generar <strong>\u201cun tap\u00f3n\u201d para la carrera administrativa.<\/strong><\/p>\n<p>Godoy, entrevistado por el programa \u201cAmanece que no es poco\u201d, de FM Sonar, afirm\u00f3 que el pacto firmado por UPCN con el Gobierno de Cambiemos perjudica a los trabajadores de la administraci\u00f3n p\u00fablica nacional porque \u201ccoarta y limita la carrera administrativa\u201d.<\/p>\n<p>\u201cEs un convenio colectivo que crearon sin el acuerdo de ATE para 2500 personas, que son los funcionarios jer\u00e1rquicos que nombr\u00f3 Macri. El con su sindicato amigo les elevar\u00e1n los sueldos de 150 mil a 250 mil pesos y les garantizar\u00e1n estabilidad laboral por 5 a\u00f1os para perpetuarse en el control del estado como gerentes\u201d, sostuvo Godoy.<\/p>\n<p>\u201cEs un convenio colectivo que afecta a la absoluta mayor\u00eda y su \u00fanico objeto es beneficiar a unos pocos que buscan perpetuarse en el estado para boicotear el funcionamiento en el futuro\u201d, insisti\u00f3.<\/p>\n<p>\u201cLo que ha hecho Macri con la complicidad de UPCN fue romper el convenio colectivo general, hacer un convenio exclusivamente para cargos jer\u00e1rquicos y darles prebendas y aumentos de sueldos por encima del conjunto de la administraci\u00f3n central. Esto va a ser un tap\u00f3n para el resto de la carrera administrativa\u201d, alert\u00f3.<\/p>\n","protected":false},"excerpt":{"rendered":"<p>El secretario general de ATE nacional, Hugo Godoy, arremeti\u00f3 contra la modificaci\u00f3n al Convenio Colectivo de Trabajo General de la Administraci\u00f3n P\u00fablica Nacional (214\/06) que crea un escalaf\u00f3n de privilegio&hellip;<\/p>\n","protected":false},"author":7,"featured_media":56813,"comment_status":"closed","ping_status":"open","sticky":false,"template":"","format":"standard","meta":{"_acf_changed":false,"footnotes":""},"categories":[319,8],"tags":[],"class_list":["post-56812","post","type-post","status-publish","format-standard","has-post-thumbnail","hentry","category-a-temporales","category-politica"],"acf":[],"yoast_head":"<!-- This site is optimized with the Yoast SEO plugin v27.5 - https:\/\/yoast.com\/product\/yoast-seo-wordpress\/ -->\n<title>ATE contra &quot;pacto&quot; de UPCN con Macri para modificar el convenio colectivo de trabajo - Diario Textual<\/title>\n<meta name=\"robots\" content=\"index, follow, max-snippet:-1, max-image-preview:large, max-video-preview:-1\" \/>\n<link rel=\"canonical\" href=\"https:\/\/diariotextual.com\/inicio\/index.php\/2019\/07\/23\/ate-pacto-upcn-macri-modificar-convenio-colectivo-trabajo\/\" \/>\n<meta property=\"og:locale\" content=\"es_ES\" \/>\n<meta property=\"og:type\" content=\"article\" \/>\n<meta property=\"og:title\" content=\"ATE contra &quot;pacto&quot; de UPCN con Macri para modificar el convenio colectivo de trabajo - Diario Textual\" \/>\n<meta property=\"og:description\" content=\"El secretario general de ATE nacional, Hugo Godoy, arremeti\u00f3 contra la modificaci\u00f3n al Convenio Colectivo de Trabajo General de la Administraci\u00f3n P\u00fablica Nacional (214\/06) que crea un escalaf\u00f3n de privilegio&hellip;\" \/>\n<meta property=\"og:url\" content=\"https:\/\/diariotextual.com\/inicio\/index.php\/2019\/07\/23\/ate-pacto-upcn-macri-modificar-convenio-colectivo-trabajo\/\" \/>\n<meta property=\"og:site_name\" content=\"Diario Textual\" \/>\n<meta property=\"article:publisher\" content=\"https:\/\/www.facebook.com\/eltextual\" \/>\n<meta property=\"article:published_time\" content=\"2019-07-23T11:38:21+00:00\" \/>\n<meta property=\"article:modified_time\" content=\"2019-07-23T20:36:14+00:00\" \/>\n<meta property=\"og:image\" content=\"https:\/\/diariotextual.com\/inicio\/wp-content\/uploads\/2019\/07\/godoycachorro.jpg\" \/>\n\t<meta property=\"og:image:width\" content=\"790\" \/>\n\t<meta property=\"og:image:height\" content=\"440\" \/>\n\t<meta property=\"og:image:type\" content=\"image\/jpeg\" \/>\n<meta name=\"author\" content=\"diario5\" \/>\n<meta name=\"twitter:card\" content=\"summary_large_image\" \/>\n<meta name=\"twitter:creator\" content=\"@eltextual\" \/>\n<meta name=\"twitter:site\" content=\"@eltextual\" \/>\n<meta name=\"twitter:label1\" content=\"Escrito por\" \/>\n\t<meta name=\"twitter:data1\" content=\"diario5\" \/>\n\t<meta name=\"twitter:label2\" content=\"Tiempo de lectura\" \/>\n\t<meta name=\"twitter:data2\" content=\"1 minuto\" \/>\n<script type=\"application\/ld+json\" class=\"yoast-schema-graph\">{\"@context\":\"https:\\\/\\\/schema.org\",\"@graph\":[{\"@type\":\"Article\",\"@id\":\"https:\\\/\\\/diariotextual.com\\\/inicio\\\/index.php\\\/2019\\\/07\\\/23\\\/ate-pacto-upcn-macri-modificar-convenio-colectivo-trabajo\\\/#article\",\"isPartOf\":{\"@id\":\"https:\\\/\\\/diariotextual.com\\\/inicio\\\/index.php\\\/2019\\\/07\\\/23\\\/ate-pacto-upcn-macri-modificar-convenio-colectivo-trabajo\\\/\"},\"author\":{\"name\":\"diario5\",\"@id\":\"https:\\\/\\\/diariotextual.com\\\/inicio\\\/#\\\/schema\\\/person\\\/c7834961ad8b29b1d9cdbf4571299067\"},\"headline\":\"ATE contra \u00abpacto\u00bb de UPCN con Macri para modificar el convenio colectivo de trabajo\",\"datePublished\":\"2019-07-23T11:38:21+00:00\",\"dateModified\":\"2019-07-23T20:36:14+00:00\",\"mainEntityOfPage\":{\"@id\":\"https:\\\/\\\/diariotextual.com\\\/inicio\\\/index.php\\\/2019\\\/07\\\/23\\\/ate-pacto-upcn-macri-modificar-convenio-colectivo-trabajo\\\/\"},\"wordCount\":279,\"publisher\":{\"@id\":\"https:\\\/\\\/diariotextual.com\\\/inicio\\\/#organization\"},\"image\":{\"@id\":\"https:\\\/\\\/diariotextual.com\\\/inicio\\\/index.php\\\/2019\\\/07\\\/23\\\/ate-pacto-upcn-macri-modificar-convenio-colectivo-trabajo\\\/#primaryimage\"},\"thumbnailUrl\":\"https:\\\/\\\/diariotextual.com\\\/inicio\\\/wp-content\\\/uploads\\\/2019\\\/07\\\/godoycachorro.jpg\",\"articleSection\":[\"A - TEMPORALES\",\"POLITICA\"],\"inLanguage\":\"es\"},{\"@type\":\"WebPage\",\"@id\":\"https:\\\/\\\/diariotextual.com\\\/inicio\\\/index.php\\\/2019\\\/07\\\/23\\\/ate-pacto-upcn-macri-modificar-convenio-colectivo-trabajo\\\/\",\"url\":\"https:\\\/\\\/diariotextual.com\\\/inicio\\\/index.php\\\/2019\\\/07\\\/23\\\/ate-pacto-upcn-macri-modificar-convenio-colectivo-trabajo\\\/\",\"name\":\"ATE contra \\\"pacto\\\" de UPCN con Macri para modificar el convenio colectivo de trabajo - Diario Textual\",\"isPartOf\":{\"@id\":\"https:\\\/\\\/diariotextual.com\\\/inicio\\\/#website\"},\"primaryImageOfPage\":{\"@id\":\"https:\\\/\\\/diariotextual.com\\\/inicio\\\/index.php\\\/2019\\\/07\\\/23\\\/ate-pacto-upcn-macri-modificar-convenio-colectivo-trabajo\\\/#primaryimage\"},\"image\":{\"@id\":\"https:\\\/\\\/diariotextual.com\\\/inicio\\\/index.php\\\/2019\\\/07\\\/23\\\/ate-pacto-upcn-macri-modificar-convenio-colectivo-trabajo\\\/#primaryimage\"},\"thumbnailUrl\":\"https:\\\/\\\/diariotextual.com\\\/inicio\\\/wp-content\\\/uploads\\\/2019\\\/07\\\/godoycachorro.jpg\",\"datePublished\":\"2019-07-23T11:38:21+00:00\",\"dateModified\":\"2019-07-23T20:36:14+00:00\",\"breadcrumb\":{\"@id\":\"https:\\\/\\\/diariotextual.com\\\/inicio\\\/index.php\\\/2019\\\/07\\\/23\\\/ate-pacto-upcn-macri-modificar-convenio-colectivo-trabajo\\\/#breadcrumb\"},\"inLanguage\":\"es\",\"potentialAction\":[{\"@type\":\"ReadAction\",\"target\":[\"https:\\\/\\\/diariotextual.com\\\/inicio\\\/index.php\\\/2019\\\/07\\\/23\\\/ate-pacto-upcn-macri-modificar-convenio-colectivo-trabajo\\\/\"]}]},{\"@type\":\"ImageObject\",\"inLanguage\":\"es\",\"@id\":\"https:\\\/\\\/diariotextual.com\\\/inicio\\\/index.php\\\/2019\\\/07\\\/23\\\/ate-pacto-upcn-macri-modificar-convenio-colectivo-trabajo\\\/#primaryimage\",\"url\":\"https:\\\/\\\/diariotextual.com\\\/inicio\\\/wp-content\\\/uploads\\\/2019\\\/07\\\/godoycachorro.jpg\",\"contentUrl\":\"https:\\\/\\\/diariotextual.com\\\/inicio\\\/wp-content\\\/uploads\\\/2019\\\/07\\\/godoycachorro.jpg\",\"width\":790,\"height\":440},{\"@type\":\"BreadcrumbList\",\"@id\":\"https:\\\/\\\/diariotextual.com\\\/inicio\\\/index.php\\\/2019\\\/07\\\/23\\\/ate-pacto-upcn-macri-modificar-convenio-colectivo-trabajo\\\/#breadcrumb\",\"itemListElement\":[{\"@type\":\"ListItem\",\"position\":1,\"name\":\"Portada\",\"item\":\"https:\\\/\\\/diariotextual.com\\\/inicio\\\/\"},{\"@type\":\"ListItem\",\"position\":2,\"name\":\"ATE contra \u00abpacto\u00bb de UPCN con Macri para modificar el convenio colectivo de trabajo\"}]},{\"@type\":\"WebSite\",\"@id\":\"https:\\\/\\\/diariotextual.com\\\/inicio\\\/#website\",\"url\":\"https:\\\/\\\/diariotextual.com\\\/inicio\\\/\",\"name\":\"Diario Textual\",\"description\":\"\",\"publisher\":{\"@id\":\"https:\\\/\\\/diariotextual.com\\\/inicio\\\/#organization\"},\"potentialAction\":[{\"@type\":\"SearchAction\",\"target\":{\"@type\":\"EntryPoint\",\"urlTemplate\":\"https:\\\/\\\/diariotextual.com\\\/inicio\\\/?s={search_term_string}\"},\"query-input\":{\"@type\":\"PropertyValueSpecification\",\"valueRequired\":true,\"valueName\":\"search_term_string\"}}],\"inLanguage\":\"es\"},{\"@type\":\"Organization\",\"@id\":\"https:\\\/\\\/diariotextual.com\\\/inicio\\\/#organization\",\"name\":\"Diario Textual\",\"url\":\"https:\\\/\\\/diariotextual.com\\\/inicio\\\/\",\"logo\":{\"@type\":\"ImageObject\",\"inLanguage\":\"es\",\"@id\":\"https:\\\/\\\/diariotextual.com\\\/inicio\\\/#\\\/schema\\\/logo\\\/image\\\/\",\"url\":\"https:\\\/\\\/diariotextual.com\\\/inicio\\\/wp-content\\\/uploads\\\/2023\\\/05\\\/logotextual1.jpg\",\"contentUrl\":\"https:\\\/\\\/diariotextual.com\\\/inicio\\\/wp-content\\\/uploads\\\/2023\\\/05\\\/logotextual1.jpg\",\"width\":516,\"height\":76,\"caption\":\"Diario Textual\"},\"image\":{\"@id\":\"https:\\\/\\\/diariotextual.com\\\/inicio\\\/#\\\/schema\\\/logo\\\/image\\\/\"},\"sameAs\":[\"https:\\\/\\\/www.facebook.com\\\/eltextual\",\"https:\\\/\\\/x.com\\\/eltextual\",\"http:\\\/\\\/www.instagram.com\\\/eltextual\"]},{\"@type\":\"Person\",\"@id\":\"https:\\\/\\\/diariotextual.com\\\/inicio\\\/#\\\/schema\\\/person\\\/c7834961ad8b29b1d9cdbf4571299067\",\"name\":\"diario5\",\"image\":{\"@type\":\"ImageObject\",\"inLanguage\":\"es\",\"@id\":\"https:\\\/\\\/secure.gravatar.com\\\/avatar\\\/948c893b847ca6df68216ead81b63f363408ec9b0f600fefc0641ce78613b111?s=96&d=mm&r=g\",\"url\":\"https:\\\/\\\/secure.gravatar.com\\\/avatar\\\/948c893b847ca6df68216ead81b63f363408ec9b0f600fefc0641ce78613b111?s=96&d=mm&r=g\",\"contentUrl\":\"https:\\\/\\\/secure.gravatar.com\\\/avatar\\\/948c893b847ca6df68216ead81b63f363408ec9b0f600fefc0641ce78613b111?s=96&d=mm&r=g\",\"caption\":\"diario5\"},\"url\":\"https:\\\/\\\/diariotextual.com\\\/inicio\\\/index.php\\\/author\\\/diario5\\\/\"}]}<\/script>\n<!-- \/ Yoast SEO plugin. -->","yoast_head_json":{"title":"ATE contra \"pacto\" de UPCN con Macri para modificar el convenio colectivo de trabajo - Diario Textual","robots":{"index":"index","follow":"follow","max-snippet":"max-snippet:-1","max-image-preview":"max-image-preview:large","max-video-preview":"max-video-preview:-1"},"canonical":"https:\/\/diariotextual.com\/inicio\/index.php\/2019\/07\/23\/ate-pacto-upcn-macri-modificar-convenio-colectivo-trabajo\/","og_locale":"es_ES","og_type":"article","og_title":"ATE contra \"pacto\" de UPCN con Macri para modificar el convenio colectivo de trabajo - Diario Textual","og_description":"El secretario general de ATE nacional, Hugo Godoy, arremeti\u00f3 contra la modificaci\u00f3n al Convenio Colectivo de Trabajo General de la Administraci\u00f3n P\u00fablica Nacional (214\/06) que crea un escalaf\u00f3n de privilegio&hellip;","og_url":"https:\/\/diariotextual.com\/inicio\/index.php\/2019\/07\/23\/ate-pacto-upcn-macri-modificar-convenio-colectivo-trabajo\/","og_site_name":"Diario Textual","article_publisher":"https:\/\/www.facebook.com\/eltextual","article_published_time":"2019-07-23T11:38:21+00:00","article_modified_time":"2019-07-23T20:36:14+00:00","og_image":[{"width":790,"height":440,"url":"https:\/\/diariotextual.com\/inicio\/wp-content\/uploads\/2019\/07\/godoycachorro.jpg","type":"image\/jpeg"}],"author":"diario5","twitter_card":"summary_large_image","twitter_creator":"@eltextual","twitter_site":"@eltextual","twitter_misc":{"Escrito por":"diario5","Tiempo de lectura":"1 minuto"},"schema":{"@context":"https:\/\/schema.org","@graph":[{"@type":"Article","@id":"https:\/\/diariotextual.com\/inicio\/index.php\/2019\/07\/23\/ate-pacto-upcn-macri-modificar-convenio-colectivo-trabajo\/#article","isPartOf":{"@id":"https:\/\/diariotextual.com\/inicio\/index.php\/2019\/07\/23\/ate-pacto-upcn-macri-modificar-convenio-colectivo-trabajo\/"},"author":{"name":"diario5","@id":"https:\/\/diariotextual.com\/inicio\/#\/schema\/person\/c7834961ad8b29b1d9cdbf4571299067"},"headline":"ATE contra \u00abpacto\u00bb de UPCN con Macri para modificar el convenio colectivo de trabajo","datePublished":"2019-07-23T11:38:21+00:00","dateModified":"2019-07-23T20:36:14+00:00","mainEntityOfPage":{"@id":"https:\/\/diariotextual.com\/inicio\/index.php\/2019\/07\/23\/ate-pacto-upcn-macri-modificar-convenio-colectivo-trabajo\/"},"wordCount":279,"publisher":{"@id":"https:\/\/diariotextual.com\/inicio\/#organization"},"image":{"@id":"https:\/\/diariotextual.com\/inicio\/index.php\/2019\/07\/23\/ate-pacto-upcn-macri-modificar-convenio-colectivo-trabajo\/#primaryimage"},"thumbnailUrl":"https:\/\/diariotextual.com\/inicio\/wp-content\/uploads\/2019\/07\/godoycachorro.jpg","articleSection":["A - TEMPORALES","POLITICA"],"inLanguage":"es"},{"@type":"WebPage","@id":"https:\/\/diariotextual.com\/inicio\/index.php\/2019\/07\/23\/ate-pacto-upcn-macri-modificar-convenio-colectivo-trabajo\/","url":"https:\/\/diariotextual.com\/inicio\/index.php\/2019\/07\/23\/ate-pacto-upcn-macri-modificar-convenio-colectivo-trabajo\/","name":"ATE contra \"pacto\" de UPCN con Macri para modificar el convenio colectivo de trabajo - Diario Textual","isPartOf":{"@id":"https:\/\/diariotextual.com\/inicio\/#website"},"primaryImageOfPage":{"@id":"https:\/\/diariotextual.com\/inicio\/index.php\/2019\/07\/23\/ate-pacto-upcn-macri-modificar-convenio-colectivo-trabajo\/#primaryimage"},"image":{"@id":"https:\/\/diariotextual.com\/inicio\/index.php\/2019\/07\/23\/ate-pacto-upcn-macri-modificar-convenio-colectivo-trabajo\/#primaryimage"},"thumbnailUrl":"https:\/\/diariotextual.com\/inicio\/wp-content\/uploads\/2019\/07\/godoycachorro.jpg","datePublished":"2019-07-23T11:38:21+00:00","dateModified":"2019-07-23T20:36:14+00:00","breadcrumb":{"@id":"https:\/\/diariotextual.com\/inicio\/index.php\/2019\/07\/23\/ate-pacto-upcn-macri-modificar-convenio-colectivo-trabajo\/#breadcrumb"},"inLanguage":"es","potentialAction":[{"@type":"ReadAction","target":["https:\/\/diariotextual.com\/inicio\/index.php\/2019\/07\/23\/ate-pacto-upcn-macri-modificar-convenio-colectivo-trabajo\/"]}]},{"@type":"ImageObject","inLanguage":"es","@id":"https:\/\/diariotextual.com\/inicio\/index.php\/2019\/07\/23\/ate-pacto-upcn-macri-modificar-convenio-colectivo-trabajo\/#primaryimage","url":"https:\/\/diariotextual.com\/inicio\/wp-content\/uploads\/2019\/07\/godoycachorro.jpg","contentUrl":"https:\/\/diariotextual.com\/inicio\/wp-content\/uploads\/2019\/07\/godoycachorro.jpg","width":790,"height":440},{"@type":"BreadcrumbList","@id":"https:\/\/diariotextual.com\/inicio\/index.php\/2019\/07\/23\/ate-pacto-upcn-macri-modificar-convenio-colectivo-trabajo\/#breadcrumb","itemListElement":[{"@type":"ListItem","position":1,"name":"Portada","item":"https:\/\/diariotextual.com\/inicio\/"},{"@type":"ListItem","position":2,"name":"ATE contra \u00abpacto\u00bb de UPCN con Macri para modificar el convenio colectivo de trabajo"}]},{"@type":"WebSite","@id":"https:\/\/diariotextual.com\/inicio\/#website","url":"https:\/\/diariotextual.com\/inicio\/","name":"Diario Textual","description":"","publisher":{"@id":"https:\/\/diariotextual.com\/inicio\/#organization"},"potentialAction":[{"@type":"SearchAction","target":{"@type":"EntryPoint","urlTemplate":"https:\/\/diariotextual.com\/inicio\/?s={search_term_string}"},"query-input":{"@type":"PropertyValueSpecification","valueRequired":true,"valueName":"search_term_string"}}],"inLanguage":"es"},{"@type":"Organization","@id":"https:\/\/diariotextual.com\/inicio\/#organization","name":"Diario Textual","url":"https:\/\/diariotextual.com\/inicio\/","logo":{"@type":"ImageObject","inLanguage":"es","@id":"https:\/\/diariotextual.com\/inicio\/#\/schema\/logo\/image\/","url":"https:\/\/diariotextual.com\/inicio\/wp-content\/uploads\/2023\/05\/logotextual1.jpg","contentUrl":"https:\/\/diariotextual.com\/inicio\/wp-content\/uploads\/2023\/05\/logotextual1.jpg","width":516,"height":76,"caption":"Diario Textual"},"image":{"@id":"https:\/\/diariotextual.com\/inicio\/#\/schema\/logo\/image\/"},"sameAs":["https:\/\/www.facebook.com\/eltextual","https:\/\/x.com\/eltextual","http:\/\/www.instagram.com\/eltextual"]},{"@type":"Person","@id":"https:\/\/diariotextual.com\/inicio\/#\/schema\/person\/c7834961ad8b29b1d9cdbf4571299067","name":"diario5","image":{"@type":"ImageObject","inLanguage":"es","@id":"https:\/\/secure.gravatar.com\/avatar\/948c893b847ca6df68216ead81b63f363408ec9b0f600fefc0641ce78613b111?s=96&d=mm&r=g","url":"https:\/\/secure.gravatar.com\/avatar\/948c893b847ca6df68216ead81b63f363408ec9b0f600fefc0641ce78613b111?s=96&d=mm&r=g","contentUrl":"https:\/\/secure.gravatar.com\/avatar\/948c893b847ca6df68216ead81b63f363408ec9b0f600fefc0641ce78613b111?s=96&d=mm&r=g","caption":"diario5"},"url":"https:\/\/diariotextual.com\/inicio\/index.php\/author\/diario5\/"}]}},"_links":{"self":[{"href":"https:\/\/diariotextual.com\/inicio\/index.php\/wp-json\/wp\/v2\/posts\/56812","targetHints":{"allow":["GET"]}}],"collection":[{"href":"https:\/\/diariotextual.com\/inicio\/index.php\/wp-json\/wp\/v2\/posts"}],"about":[{"href":"https:\/\/diariotextual.com\/inicio\/index.php\/wp-json\/wp\/v2\/types\/post"}],"author":[{"embeddable":true,"href":"https:\/\/diariotextual.com\/inicio\/index.php\/wp-json\/wp\/v2\/users\/7"}],"replies":[{"embeddable":true,"href":"https:\/\/diariotextual.com\/inicio\/index.php\/wp-json\/wp\/v2\/comments?post=56812"}],"version-history":[{"count":1,"href":"https:\/\/diariotextual.com\/inicio\/index.php\/wp-json\/wp\/v2\/posts\/56812\/revisions"}],"predecessor-version":[{"id":56814,"href":"https:\/\/diariotextual.com\/inicio\/index.php\/wp-json\/wp\/v2\/posts\/56812\/revisions\/56814"}],"wp:featuredmedia":[{"embeddable":true,"href":"https:\/\/diariotextual.com\/inicio\/index.php\/wp-json\/wp\/v2\/media\/56813"}],"wp:attachment":[{"href":"https:\/\/diariotextual.com\/inicio\/index.php\/wp-json\/wp\/v2\/media?parent=56812"}],"wp:term":[{"taxonomy":"category","embeddable":true,"href":"https:\/\/diariotextual.com\/inicio\/index.php\/wp-json\/wp\/v2\/categories?post=56812"},{"taxonomy":"post_tag","embeddable":true,"href":"https:\/\/diariotextual.com\/inicio\/index.php\/wp-json\/wp\/v2\/tags?post=56812"}],"curies":[{"name":"wp","href":"https:\/\/api.w.org\/{rel}","templated":true}]}}