{"id":56833,"date":"2019-07-23T09:52:10","date_gmt":"2019-07-23T12:52:10","guid":{"rendered":"http:\/\/diariotextual.com\/inicio\/?p=56833"},"modified":"2019-07-23T11:13:28","modified_gmt":"2019-07-23T14:13:28","slug":"gobierno-definira-los-pueblos-originarios-destino-del-craneo-hallado-telen","status":"publish","type":"post","link":"https:\/\/diariotextual.com\/inicio\/index.php\/2019\/07\/23\/gobierno-definira-los-pueblos-originarios-destino-del-craneo-hallado-telen\/","title":{"rendered":"El Gobierno definir\u00e1 con los pueblos originarios el destino del cr\u00e1neo hallado en Tel\u00e9n"},"content":{"rendered":"<p>La Secretar\u00eda de Cultura del Gobierno de La Pampa inform\u00f3 este martes que, junto los pueblos originarios, definir\u00e1n el destino del<a href=\"http:\/\/diariotextual.com\/inicio\/index.php\/2019\/07\/22\/craneo-hallado-telen-al-menos-2100-anos\/\" target=\"_blank\" rel=\"noopener\"><strong> cr\u00e1neo y otros huesos humanos que tienen al menos 2100 a\u00f1os<\/strong> <\/a>y que fueron hallados el a\u00f1o pasado en un campo en proximidades del pueblo de Tel\u00e9n.<\/p>\n<p>\u00abLa Secretar\u00eda de Cultura, autoridad de aplicaci\u00f3n de la Ley 3.104 de Protecci\u00f3n del Patrimonio Arqueol\u00f3gico y Paleontol\u00f3gico tomar\u00e1 intervenci\u00f3n a partir de este momento, definiendo el destino de los restos extra\u00eddos, acordando con los Pueblos Originarios de la regi\u00f3n y con los investigadores que tienen a su cargo el estudio arqueol\u00f3gico del \u00e1rea el procedimiento a seguir, priorizando la conservaci\u00f3n de los restos y el debido respeto por los fallecidos de estas comunidades ancestrales\u00bb, inform\u00f3.<\/p>\n<p>El informe remitido el 18 de julio de 2019 por el Laboratorio de Radiocarbono (LATYR) del Centro de Investigaciones Geol\u00f3gicas, ha permitido datar las muestras \u00f3seas que fueron extra\u00eddas de la Estancia San Enrique por el equipo de la Direcci\u00f3n Provincial de Patrimonio Cultural (DPPC) en noviembre de 2018, por pedido de la fiscal Alejandra Moyano Gonz\u00e1lez (Oficina P\u00fablica del Ministerio P\u00fablico Fiscal IV Circunscripci\u00f3n Judicial de la Provincia de La Pampa):<strong> el rango cronol\u00f3gico para las mismas se ubica entre los a\u00f1os 385 a.C. al 112 a.C.\u00a0<\/strong><\/p>\n<blockquote class=\"wp-embedded-content\" data-secret=\"toC2keFkdK\"><p><a href=\"http:\/\/diariotextual.com\/inicio\/index.php\/2019\/07\/22\/craneo-hallado-telen-al-menos-2100-anos\/\">El cr\u00e1neo hallado en Tel\u00e9n tiene al menos 2100 a\u00f1os<\/a><\/p><\/blockquote>\n<p><iframe class=\"wp-embedded-content\" sandbox=\"allow-scripts\" security=\"restricted\" style=\"position: absolute; clip: rect(1px, 1px, 1px, 1px);\" src=\"http:\/\/diariotextual.com\/inicio\/index.php\/2019\/07\/22\/craneo-hallado-telen-al-menos-2100-anos\/embed\/#?secret=toC2keFkdK\" data-secret=\"toC2keFkdK\" width=\"600\" height=\"338\" title=\"&#171;El cr\u00e1neo hallado en Tel\u00e9n tiene al menos 2100 a\u00f1os&#187; &#8212; Diario Textual\" frameborder=\"0\" marginwidth=\"0\" marginheight=\"0\" scrolling=\"no\"><\/iframe><\/p>\n<p>&nbsp;<\/p>\n<p>&nbsp;<\/p>\n","protected":false},"excerpt":{"rendered":"<p>La Secretar\u00eda de Cultura del Gobierno de La Pampa inform\u00f3 este martes que, junto los pueblos originarios, definir\u00e1n el destino del cr\u00e1neo y otros huesos humanos que tienen al menos&hellip;<\/p>\n","protected":false},"author":3,"featured_media":56761,"comment_status":"closed","ping_status":"open","sticky":false,"template":"","format":"standard","meta":{"_acf_changed":false,"footnotes":""},"categories":[11,319,2],"tags":[2114,1292],"class_list":["post-56833","post","type-post","status-publish","format-standard","has-post-thumbnail","hentry","category-que-pasa","category-a-temporales","category-cultura","tag-craneo","tag-telen"],"acf":[],"yoast_head":"<!-- This site is optimized with the Yoast SEO plugin v27.5 - https:\/\/yoast.com\/product\/yoast-seo-wordpress\/ -->\n<title>El Gobierno definir\u00e1 con los pueblos originarios el destino del cr\u00e1neo hallado en Tel\u00e9n - Diario Textual<\/title>\n<meta name=\"robots\" content=\"index, follow, max-snippet:-1, max-image-preview:large, max-video-preview:-1\" \/>\n<link rel=\"canonical\" href=\"https:\/\/diariotextual.com\/inicio\/index.php\/2019\/07\/23\/gobierno-definira-los-pueblos-originarios-destino-del-craneo-hallado-telen\/\" \/>\n<meta property=\"og:locale\" content=\"es_ES\" \/>\n<meta property=\"og:type\" content=\"article\" \/>\n<meta property=\"og:title\" content=\"El Gobierno definir\u00e1 con los pueblos originarios el destino del cr\u00e1neo hallado en Tel\u00e9n - Diario Textual\" \/>\n<meta property=\"og:description\" content=\"La Secretar\u00eda de Cultura del Gobierno de La Pampa inform\u00f3 este martes que, junto los pueblos originarios, definir\u00e1n el destino del cr\u00e1neo y otros huesos humanos que tienen al menos&hellip;\" \/>\n<meta property=\"og:url\" content=\"https:\/\/diariotextual.com\/inicio\/index.php\/2019\/07\/23\/gobierno-definira-los-pueblos-originarios-destino-del-craneo-hallado-telen\/\" \/>\n<meta property=\"og:site_name\" content=\"Diario Textual\" \/>\n<meta property=\"article:publisher\" content=\"https:\/\/www.facebook.com\/eltextual\" \/>\n<meta property=\"article:published_time\" content=\"2019-07-23T12:52:10+00:00\" \/>\n<meta property=\"article:modified_time\" content=\"2019-07-23T14:13:28+00:00\" \/>\n<meta property=\"og:image\" content=\"https:\/\/diariotextual.com\/inicio\/wp-content\/uploads\/2019\/07\/multimedia.normal.b8080a93d7c1fdb6.6361726e656f6f64645f6e6f726d616c2e6a7067.jpg\" \/>\n\t<meta property=\"og:image:width\" content=\"900\" \/>\n\t<meta property=\"og:image:height\" content=\"547\" \/>\n\t<meta property=\"og:image:type\" content=\"image\/jpeg\" \/>\n<meta name=\"author\" content=\"Diario1 Diario1\" \/>\n<meta name=\"twitter:card\" content=\"summary_large_image\" \/>\n<meta name=\"twitter:creator\" content=\"@eltextual\" \/>\n<meta name=\"twitter:site\" content=\"@eltextual\" \/>\n<meta name=\"twitter:label1\" content=\"Escrito por\" \/>\n\t<meta name=\"twitter:data1\" content=\"Diario1 Diario1\" \/>\n\t<meta name=\"twitter:label2\" content=\"Tiempo de lectura\" \/>\n\t<meta name=\"twitter:data2\" content=\"1 minuto\" \/>\n<script type=\"application\/ld+json\" class=\"yoast-schema-graph\">{\"@context\":\"https:\\\/\\\/schema.org\",\"@graph\":[{\"@type\":\"Article\",\"@id\":\"https:\\\/\\\/diariotextual.com\\\/inicio\\\/index.php\\\/2019\\\/07\\\/23\\\/gobierno-definira-los-pueblos-originarios-destino-del-craneo-hallado-telen\\\/#article\",\"isPartOf\":{\"@id\":\"https:\\\/\\\/diariotextual.com\\\/inicio\\\/index.php\\\/2019\\\/07\\\/23\\\/gobierno-definira-los-pueblos-originarios-destino-del-craneo-hallado-telen\\\/\"},\"author\":{\"name\":\"Diario1 Diario1\",\"@id\":\"https:\\\/\\\/diariotextual.com\\\/inicio\\\/#\\\/schema\\\/person\\\/418fc4093c33e86ed41562db3508f958\"},\"headline\":\"El Gobierno definir\u00e1 con los pueblos originarios el destino del cr\u00e1neo hallado en Tel\u00e9n\",\"datePublished\":\"2019-07-23T12:52:10+00:00\",\"dateModified\":\"2019-07-23T14:13:28+00:00\",\"mainEntityOfPage\":{\"@id\":\"https:\\\/\\\/diariotextual.com\\\/inicio\\\/index.php\\\/2019\\\/07\\\/23\\\/gobierno-definira-los-pueblos-originarios-destino-del-craneo-hallado-telen\\\/\"},\"wordCount\":258,\"publisher\":{\"@id\":\"https:\\\/\\\/diariotextual.com\\\/inicio\\\/#organization\"},\"image\":{\"@id\":\"https:\\\/\\\/diariotextual.com\\\/inicio\\\/index.php\\\/2019\\\/07\\\/23\\\/gobierno-definira-los-pueblos-originarios-destino-del-craneo-hallado-telen\\\/#primaryimage\"},\"thumbnailUrl\":\"https:\\\/\\\/diariotextual.com\\\/inicio\\\/wp-content\\\/uploads\\\/2019\\\/07\\\/multimedia.normal.b8080a93d7c1fdb6.6361726e656f6f64645f6e6f726d616c2e6a7067.jpg\",\"keywords\":[\"craneo\",\"Tel\u00e9n\"],\"articleSection\":[\"A - QUE PASA (al costado)\",\"A - TEMPORALES\",\"CULTURA\"],\"inLanguage\":\"es\"},{\"@type\":\"WebPage\",\"@id\":\"https:\\\/\\\/diariotextual.com\\\/inicio\\\/index.php\\\/2019\\\/07\\\/23\\\/gobierno-definira-los-pueblos-originarios-destino-del-craneo-hallado-telen\\\/\",\"url\":\"https:\\\/\\\/diariotextual.com\\\/inicio\\\/index.php\\\/2019\\\/07\\\/23\\\/gobierno-definira-los-pueblos-originarios-destino-del-craneo-hallado-telen\\\/\",\"name\":\"El Gobierno definir\u00e1 con los pueblos originarios el destino del cr\u00e1neo hallado en Tel\u00e9n - Diario Textual\",\"isPartOf\":{\"@id\":\"https:\\\/\\\/diariotextual.com\\\/inicio\\\/#website\"},\"primaryImageOfPage\":{\"@id\":\"https:\\\/\\\/diariotextual.com\\\/inicio\\\/index.php\\\/2019\\\/07\\\/23\\\/gobierno-definira-los-pueblos-originarios-destino-del-craneo-hallado-telen\\\/#primaryimage\"},\"image\":{\"@id\":\"https:\\\/\\\/diariotextual.com\\\/inicio\\\/index.php\\\/2019\\\/07\\\/23\\\/gobierno-definira-los-pueblos-originarios-destino-del-craneo-hallado-telen\\\/#primaryimage\"},\"thumbnailUrl\":\"https:\\\/\\\/diariotextual.com\\\/inicio\\\/wp-content\\\/uploads\\\/2019\\\/07\\\/multimedia.normal.b8080a93d7c1fdb6.6361726e656f6f64645f6e6f726d616c2e6a7067.jpg\",\"datePublished\":\"2019-07-23T12:52:10+00:00\",\"dateModified\":\"2019-07-23T14:13:28+00:00\",\"breadcrumb\":{\"@id\":\"https:\\\/\\\/diariotextual.com\\\/inicio\\\/index.php\\\/2019\\\/07\\\/23\\\/gobierno-definira-los-pueblos-originarios-destino-del-craneo-hallado-telen\\\/#breadcrumb\"},\"inLanguage\":\"es\",\"potentialAction\":[{\"@type\":\"ReadAction\",\"target\":[\"https:\\\/\\\/diariotextual.com\\\/inicio\\\/index.php\\\/2019\\\/07\\\/23\\\/gobierno-definira-los-pueblos-originarios-destino-del-craneo-hallado-telen\\\/\"]}]},{\"@type\":\"ImageObject\",\"inLanguage\":\"es\",\"@id\":\"https:\\\/\\\/diariotextual.com\\\/inicio\\\/index.php\\\/2019\\\/07\\\/23\\\/gobierno-definira-los-pueblos-originarios-destino-del-craneo-hallado-telen\\\/#primaryimage\",\"url\":\"https:\\\/\\\/diariotextual.com\\\/inicio\\\/wp-content\\\/uploads\\\/2019\\\/07\\\/multimedia.normal.b8080a93d7c1fdb6.6361726e656f6f64645f6e6f726d616c2e6a7067.jpg\",\"contentUrl\":\"https:\\\/\\\/diariotextual.com\\\/inicio\\\/wp-content\\\/uploads\\\/2019\\\/07\\\/multimedia.normal.b8080a93d7c1fdb6.6361726e656f6f64645f6e6f726d616c2e6a7067.jpg\",\"width\":900,\"height\":547},{\"@type\":\"BreadcrumbList\",\"@id\":\"https:\\\/\\\/diariotextual.com\\\/inicio\\\/index.php\\\/2019\\\/07\\\/23\\\/gobierno-definira-los-pueblos-originarios-destino-del-craneo-hallado-telen\\\/#breadcrumb\",\"itemListElement\":[{\"@type\":\"ListItem\",\"position\":1,\"name\":\"Portada\",\"item\":\"https:\\\/\\\/diariotextual.com\\\/inicio\\\/\"},{\"@type\":\"ListItem\",\"position\":2,\"name\":\"El Gobierno definir\u00e1 con los pueblos originarios el destino del cr\u00e1neo hallado en Tel\u00e9n\"}]},{\"@type\":\"WebSite\",\"@id\":\"https:\\\/\\\/diariotextual.com\\\/inicio\\\/#website\",\"url\":\"https:\\\/\\\/diariotextual.com\\\/inicio\\\/\",\"name\":\"Diario Textual\",\"description\":\"\",\"publisher\":{\"@id\":\"https:\\\/\\\/diariotextual.com\\\/inicio\\\/#organization\"},\"potentialAction\":[{\"@type\":\"SearchAction\",\"target\":{\"@type\":\"EntryPoint\",\"urlTemplate\":\"https:\\\/\\\/diariotextual.com\\\/inicio\\\/?s={search_term_string}\"},\"query-input\":{\"@type\":\"PropertyValueSpecification\",\"valueRequired\":true,\"valueName\":\"search_term_string\"}}],\"inLanguage\":\"es\"},{\"@type\":\"Organization\",\"@id\":\"https:\\\/\\\/diariotextual.com\\\/inicio\\\/#organization\",\"name\":\"Diario Textual\",\"url\":\"https:\\\/\\\/diariotextual.com\\\/inicio\\\/\",\"logo\":{\"@type\":\"ImageObject\",\"inLanguage\":\"es\",\"@id\":\"https:\\\/\\\/diariotextual.com\\\/inicio\\\/#\\\/schema\\\/logo\\\/image\\\/\",\"url\":\"https:\\\/\\\/diariotextual.com\\\/inicio\\\/wp-content\\\/uploads\\\/2023\\\/05\\\/logotextual1.jpg\",\"contentUrl\":\"https:\\\/\\\/diariotextual.com\\\/inicio\\\/wp-content\\\/uploads\\\/2023\\\/05\\\/logotextual1.jpg\",\"width\":516,\"height\":76,\"caption\":\"Diario Textual\"},\"image\":{\"@id\":\"https:\\\/\\\/diariotextual.com\\\/inicio\\\/#\\\/schema\\\/logo\\\/image\\\/\"},\"sameAs\":[\"https:\\\/\\\/www.facebook.com\\\/eltextual\",\"https:\\\/\\\/x.com\\\/eltextual\",\"http:\\\/\\\/www.instagram.com\\\/eltextual\"]},{\"@type\":\"Person\",\"@id\":\"https:\\\/\\\/diariotextual.com\\\/inicio\\\/#\\\/schema\\\/person\\\/418fc4093c33e86ed41562db3508f958\",\"name\":\"Diario1 Diario1\",\"image\":{\"@type\":\"ImageObject\",\"inLanguage\":\"es\",\"@id\":\"https:\\\/\\\/secure.gravatar.com\\\/avatar\\\/9167d280179c85bc18be67aa7eda765854300033af4896dd779b608640f2ef7a?s=96&d=mm&r=g\",\"url\":\"https:\\\/\\\/secure.gravatar.com\\\/avatar\\\/9167d280179c85bc18be67aa7eda765854300033af4896dd779b608640f2ef7a?s=96&d=mm&r=g\",\"contentUrl\":\"https:\\\/\\\/secure.gravatar.com\\\/avatar\\\/9167d280179c85bc18be67aa7eda765854300033af4896dd779b608640f2ef7a?s=96&d=mm&r=g\",\"caption\":\"Diario1 Diario1\"},\"url\":\"https:\\\/\\\/diariotextual.com\\\/inicio\\\/index.php\\\/author\\\/diario1\\\/\"}]}<\/script>\n<!-- \/ Yoast SEO plugin. -->","yoast_head_json":{"title":"El Gobierno definir\u00e1 con los pueblos originarios el destino del cr\u00e1neo hallado en Tel\u00e9n - Diario Textual","robots":{"index":"index","follow":"follow","max-snippet":"max-snippet:-1","max-image-preview":"max-image-preview:large","max-video-preview":"max-video-preview:-1"},"canonical":"https:\/\/diariotextual.com\/inicio\/index.php\/2019\/07\/23\/gobierno-definira-los-pueblos-originarios-destino-del-craneo-hallado-telen\/","og_locale":"es_ES","og_type":"article","og_title":"El Gobierno definir\u00e1 con los pueblos originarios el destino del cr\u00e1neo hallado en Tel\u00e9n - Diario Textual","og_description":"La Secretar\u00eda de Cultura del Gobierno de La Pampa inform\u00f3 este martes que, junto los pueblos originarios, definir\u00e1n el destino del cr\u00e1neo y otros huesos humanos que tienen al menos&hellip;","og_url":"https:\/\/diariotextual.com\/inicio\/index.php\/2019\/07\/23\/gobierno-definira-los-pueblos-originarios-destino-del-craneo-hallado-telen\/","og_site_name":"Diario Textual","article_publisher":"https:\/\/www.facebook.com\/eltextual","article_published_time":"2019-07-23T12:52:10+00:00","article_modified_time":"2019-07-23T14:13:28+00:00","og_image":[{"width":900,"height":547,"url":"https:\/\/diariotextual.com\/inicio\/wp-content\/uploads\/2019\/07\/multimedia.normal.b8080a93d7c1fdb6.6361726e656f6f64645f6e6f726d616c2e6a7067.jpg","type":"image\/jpeg"}],"author":"Diario1 Diario1","twitter_card":"summary_large_image","twitter_creator":"@eltextual","twitter_site":"@eltextual","twitter_misc":{"Escrito por":"Diario1 Diario1","Tiempo de lectura":"1 minuto"},"schema":{"@context":"https:\/\/schema.org","@graph":[{"@type":"Article","@id":"https:\/\/diariotextual.com\/inicio\/index.php\/2019\/07\/23\/gobierno-definira-los-pueblos-originarios-destino-del-craneo-hallado-telen\/#article","isPartOf":{"@id":"https:\/\/diariotextual.com\/inicio\/index.php\/2019\/07\/23\/gobierno-definira-los-pueblos-originarios-destino-del-craneo-hallado-telen\/"},"author":{"name":"Diario1 Diario1","@id":"https:\/\/diariotextual.com\/inicio\/#\/schema\/person\/418fc4093c33e86ed41562db3508f958"},"headline":"El Gobierno definir\u00e1 con los pueblos originarios el destino del cr\u00e1neo hallado en Tel\u00e9n","datePublished":"2019-07-23T12:52:10+00:00","dateModified":"2019-07-23T14:13:28+00:00","mainEntityOfPage":{"@id":"https:\/\/diariotextual.com\/inicio\/index.php\/2019\/07\/23\/gobierno-definira-los-pueblos-originarios-destino-del-craneo-hallado-telen\/"},"wordCount":258,"publisher":{"@id":"https:\/\/diariotextual.com\/inicio\/#organization"},"image":{"@id":"https:\/\/diariotextual.com\/inicio\/index.php\/2019\/07\/23\/gobierno-definira-los-pueblos-originarios-destino-del-craneo-hallado-telen\/#primaryimage"},"thumbnailUrl":"https:\/\/diariotextual.com\/inicio\/wp-content\/uploads\/2019\/07\/multimedia.normal.b8080a93d7c1fdb6.6361726e656f6f64645f6e6f726d616c2e6a7067.jpg","keywords":["craneo","Tel\u00e9n"],"articleSection":["A - QUE PASA (al costado)","A - TEMPORALES","CULTURA"],"inLanguage":"es"},{"@type":"WebPage","@id":"https:\/\/diariotextual.com\/inicio\/index.php\/2019\/07\/23\/gobierno-definira-los-pueblos-originarios-destino-del-craneo-hallado-telen\/","url":"https:\/\/diariotextual.com\/inicio\/index.php\/2019\/07\/23\/gobierno-definira-los-pueblos-originarios-destino-del-craneo-hallado-telen\/","name":"El Gobierno definir\u00e1 con los pueblos originarios el destino del cr\u00e1neo hallado en Tel\u00e9n - Diario Textual","isPartOf":{"@id":"https:\/\/diariotextual.com\/inicio\/#website"},"primaryImageOfPage":{"@id":"https:\/\/diariotextual.com\/inicio\/index.php\/2019\/07\/23\/gobierno-definira-los-pueblos-originarios-destino-del-craneo-hallado-telen\/#primaryimage"},"image":{"@id":"https:\/\/diariotextual.com\/inicio\/index.php\/2019\/07\/23\/gobierno-definira-los-pueblos-originarios-destino-del-craneo-hallado-telen\/#primaryimage"},"thumbnailUrl":"https:\/\/diariotextual.com\/inicio\/wp-content\/uploads\/2019\/07\/multimedia.normal.b8080a93d7c1fdb6.6361726e656f6f64645f6e6f726d616c2e6a7067.jpg","datePublished":"2019-07-23T12:52:10+00:00","dateModified":"2019-07-23T14:13:28+00:00","breadcrumb":{"@id":"https:\/\/diariotextual.com\/inicio\/index.php\/2019\/07\/23\/gobierno-definira-los-pueblos-originarios-destino-del-craneo-hallado-telen\/#breadcrumb"},"inLanguage":"es","potentialAction":[{"@type":"ReadAction","target":["https:\/\/diariotextual.com\/inicio\/index.php\/2019\/07\/23\/gobierno-definira-los-pueblos-originarios-destino-del-craneo-hallado-telen\/"]}]},{"@type":"ImageObject","inLanguage":"es","@id":"https:\/\/diariotextual.com\/inicio\/index.php\/2019\/07\/23\/gobierno-definira-los-pueblos-originarios-destino-del-craneo-hallado-telen\/#primaryimage","url":"https:\/\/diariotextual.com\/inicio\/wp-content\/uploads\/2019\/07\/multimedia.normal.b8080a93d7c1fdb6.6361726e656f6f64645f6e6f726d616c2e6a7067.jpg","contentUrl":"https:\/\/diariotextual.com\/inicio\/wp-content\/uploads\/2019\/07\/multimedia.normal.b8080a93d7c1fdb6.6361726e656f6f64645f6e6f726d616c2e6a7067.jpg","width":900,"height":547},{"@type":"BreadcrumbList","@id":"https:\/\/diariotextual.com\/inicio\/index.php\/2019\/07\/23\/gobierno-definira-los-pueblos-originarios-destino-del-craneo-hallado-telen\/#breadcrumb","itemListElement":[{"@type":"ListItem","position":1,"name":"Portada","item":"https:\/\/diariotextual.com\/inicio\/"},{"@type":"ListItem","position":2,"name":"El Gobierno definir\u00e1 con los pueblos originarios el destino del cr\u00e1neo hallado en Tel\u00e9n"}]},{"@type":"WebSite","@id":"https:\/\/diariotextual.com\/inicio\/#website","url":"https:\/\/diariotextual.com\/inicio\/","name":"Diario Textual","description":"","publisher":{"@id":"https:\/\/diariotextual.com\/inicio\/#organization"},"potentialAction":[{"@type":"SearchAction","target":{"@type":"EntryPoint","urlTemplate":"https:\/\/diariotextual.com\/inicio\/?s={search_term_string}"},"query-input":{"@type":"PropertyValueSpecification","valueRequired":true,"valueName":"search_term_string"}}],"inLanguage":"es"},{"@type":"Organization","@id":"https:\/\/diariotextual.com\/inicio\/#organization","name":"Diario Textual","url":"https:\/\/diariotextual.com\/inicio\/","logo":{"@type":"ImageObject","inLanguage":"es","@id":"https:\/\/diariotextual.com\/inicio\/#\/schema\/logo\/image\/","url":"https:\/\/diariotextual.com\/inicio\/wp-content\/uploads\/2023\/05\/logotextual1.jpg","contentUrl":"https:\/\/diariotextual.com\/inicio\/wp-content\/uploads\/2023\/05\/logotextual1.jpg","width":516,"height":76,"caption":"Diario Textual"},"image":{"@id":"https:\/\/diariotextual.com\/inicio\/#\/schema\/logo\/image\/"},"sameAs":["https:\/\/www.facebook.com\/eltextual","https:\/\/x.com\/eltextual","http:\/\/www.instagram.com\/eltextual"]},{"@type":"Person","@id":"https:\/\/diariotextual.com\/inicio\/#\/schema\/person\/418fc4093c33e86ed41562db3508f958","name":"Diario1 Diario1","image":{"@type":"ImageObject","inLanguage":"es","@id":"https:\/\/secure.gravatar.com\/avatar\/9167d280179c85bc18be67aa7eda765854300033af4896dd779b608640f2ef7a?s=96&d=mm&r=g","url":"https:\/\/secure.gravatar.com\/avatar\/9167d280179c85bc18be67aa7eda765854300033af4896dd779b608640f2ef7a?s=96&d=mm&r=g","contentUrl":"https:\/\/secure.gravatar.com\/avatar\/9167d280179c85bc18be67aa7eda765854300033af4896dd779b608640f2ef7a?s=96&d=mm&r=g","caption":"Diario1 Diario1"},"url":"https:\/\/diariotextual.com\/inicio\/index.php\/author\/diario1\/"}]}},"_links":{"self":[{"href":"https:\/\/diariotextual.com\/inicio\/index.php\/wp-json\/wp\/v2\/posts\/56833","targetHints":{"allow":["GET"]}}],"collection":[{"href":"https:\/\/diariotextual.com\/inicio\/index.php\/wp-json\/wp\/v2\/posts"}],"about":[{"href":"https:\/\/diariotextual.com\/inicio\/index.php\/wp-json\/wp\/v2\/types\/post"}],"author":[{"embeddable":true,"href":"https:\/\/diariotextual.com\/inicio\/index.php\/wp-json\/wp\/v2\/users\/3"}],"replies":[{"embeddable":true,"href":"https:\/\/diariotextual.com\/inicio\/index.php\/wp-json\/wp\/v2\/comments?post=56833"}],"version-history":[{"count":1,"href":"https:\/\/diariotextual.com\/inicio\/index.php\/wp-json\/wp\/v2\/posts\/56833\/revisions"}],"predecessor-version":[{"id":56835,"href":"https:\/\/diariotextual.com\/inicio\/index.php\/wp-json\/wp\/v2\/posts\/56833\/revisions\/56835"}],"wp:featuredmedia":[{"embeddable":true,"href":"https:\/\/diariotextual.com\/inicio\/index.php\/wp-json\/wp\/v2\/media\/56761"}],"wp:attachment":[{"href":"https:\/\/diariotextual.com\/inicio\/index.php\/wp-json\/wp\/v2\/media?parent=56833"}],"wp:term":[{"taxonomy":"category","embeddable":true,"href":"https:\/\/diariotextual.com\/inicio\/index.php\/wp-json\/wp\/v2\/categories?post=56833"},{"taxonomy":"post_tag","embeddable":true,"href":"https:\/\/diariotextual.com\/inicio\/index.php\/wp-json\/wp\/v2\/tags?post=56833"}],"curies":[{"name":"wp","href":"https:\/\/api.w.org\/{rel}","templated":true}]}}