{"id":56903,"date":"2019-07-23T21:23:03","date_gmt":"2019-07-24T00:23:03","guid":{"rendered":"http:\/\/diariotextual.com\/inicio\/?p=56903"},"modified":"2019-07-25T11:11:53","modified_gmt":"2019-07-25T14:11:53","slug":"25-mayo-aliaga-denuncio-la-situacion-asentamiento-la-toma","status":"publish","type":"post","link":"https:\/\/diariotextual.com\/inicio\/index.php\/2019\/07\/23\/25-mayo-aliaga-denuncio-la-situacion-asentamiento-la-toma\/","title":{"rendered":"25 de Mayo: Aliaga denunci\u00f3 la situaci\u00f3n en el asentamiento \u00abLa Toma\u00bb"},"content":{"rendered":"<p>El diputado Maximiliano Aliaga (Cambiemos), ante los <strong><a href=\"http:\/\/diariotextual.com\/inicio\/index.php\/2019\/07\/23\/cuatro-familias-tomaron-baldio-municipal-villa-uhalde\/\">distintos hechos de toma de terrenos municipales en Santa Rosa en las \u00faltimas semanas<\/a><\/strong>, <strong>denunci\u00f3 p\u00fablicamente, a trav\u00e9s de im\u00e1genes en el red social Facebook, que desde hace siete a\u00f1os se viene afincando cada vez m\u00e1s gente en el asentamiento que denomin\u00f3 \u201cLa Toma\u201d de 25 de Mayo<\/strong>.<\/p>\n<p><!--more--><\/p>\n<p>\u201cAtenci\u00f3n se\u00f1ores gobernantes de La Pampa:\u00a0<strong>las siguientes im\u00e1genes corresponden al asentamiento &#8216;La Toma&#8217; ubicado en la localidad de 25 de Mayo,<\/strong>\u00a0una de las zonas m\u00e1s ricas de la provincia, que aporta m\u00e1s de 3.000 millones de pesos en regal\u00edas petroleras\u201d, dijo Aliaga, quien hizo varias tomas de las precarias casas que se fueron levantando en la zona del sur pampeano.<\/p>\n<p>\u201cAll\u00ed se encuentran <strong>estas familias a pocas cuadras del centro de la localidad hacia el Este y pocos metros del R\u00edo Colorado,<\/strong> en uno de los climas m\u00e1s hostiles de la provincia. <strong>Hace m\u00e1s de 7 a\u00f1os que mes tras mes se suman familias sin techo<\/strong>\u201d, expres\u00f3. \u201cAv\u00edsenle tambi\u00e9n al exgobernador (Rub\u00e9n) Mar\u00edn por si hace algunos a\u00f1itos que no se pega una vueltita\u201d, expres\u00f3, llamativamente, en referencia al exmandatario.\u00a0<strong>\u201c\u00a1H\u00e1ganse cargo!\u201d, concluy\u00f3 en su posteo<\/strong> el diputado provincial de Cambiemos.<\/p>\n<blockquote class=\"wp-embedded-content\" data-secret=\"gh28jVzJtu\"><p><a href=\"http:\/\/diariotextual.com\/inicio\/index.php\/2019\/07\/25\/la-intendencia-25-mayo-una-dura-respuesta-al-diputado-aliaga\/\">La intendencia de 25 de Mayo, con una dura respuesta al diputado Aliaga<\/a><\/p><\/blockquote>\n<p><iframe class=\"wp-embedded-content\" sandbox=\"allow-scripts\" security=\"restricted\" style=\"position: absolute; clip: rect(1px, 1px, 1px, 1px);\" src=\"http:\/\/diariotextual.com\/inicio\/index.php\/2019\/07\/25\/la-intendencia-25-mayo-una-dura-respuesta-al-diputado-aliaga\/embed\/#?secret=gh28jVzJtu\" data-secret=\"gh28jVzJtu\" width=\"600\" height=\"338\" title=\"&#171;La intendencia de 25 de Mayo, con una dura respuesta al diputado Aliaga&#187; &#8212; Diario Textual\" frameborder=\"0\" marginwidth=\"0\" marginheight=\"0\" scrolling=\"no\"><\/iframe><\/p>\n<p>&nbsp;<\/p>\n<p>&nbsp;<\/p>\n<p>&nbsp;<\/p>\n","protected":false},"excerpt":{"rendered":"<p>El diputado Maximiliano Aliaga (Cambiemos), ante los distintos hechos de toma de terrenos municipales en Santa Rosa en las \u00faltimas semanas, denunci\u00f3 p\u00fablicamente, a trav\u00e9s de im\u00e1genes en el red&hellip;<\/p>\n","protected":false},"author":5,"featured_media":56904,"comment_status":"closed","ping_status":"open","sticky":false,"template":"","format":"standard","meta":{"_acf_changed":false,"footnotes":""},"categories":[319,12],"tags":[],"class_list":["post-56903","post","type-post","status-publish","format-standard","has-post-thumbnail","hentry","category-a-temporales","category-sociedad"],"acf":[],"yoast_head":"<!-- This site is optimized with the Yoast SEO plugin v27.5 - https:\/\/yoast.com\/product\/yoast-seo-wordpress\/ -->\n<title>25 de Mayo: Aliaga denunci\u00f3 la situaci\u00f3n en el asentamiento &quot;La Toma&quot; - Diario Textual<\/title>\n<meta name=\"robots\" content=\"index, follow, max-snippet:-1, max-image-preview:large, max-video-preview:-1\" \/>\n<link rel=\"canonical\" href=\"https:\/\/diariotextual.com\/inicio\/index.php\/2019\/07\/23\/25-mayo-aliaga-denuncio-la-situacion-asentamiento-la-toma\/\" \/>\n<meta property=\"og:locale\" content=\"es_ES\" \/>\n<meta property=\"og:type\" content=\"article\" \/>\n<meta property=\"og:title\" content=\"25 de Mayo: Aliaga denunci\u00f3 la situaci\u00f3n en el asentamiento &quot;La Toma&quot; - Diario Textual\" \/>\n<meta property=\"og:description\" content=\"El diputado Maximiliano Aliaga (Cambiemos), ante los distintos hechos de toma de terrenos municipales en Santa Rosa en las \u00faltimas semanas, denunci\u00f3 p\u00fablicamente, a trav\u00e9s de im\u00e1genes en el red&hellip;\" \/>\n<meta property=\"og:url\" content=\"https:\/\/diariotextual.com\/inicio\/index.php\/2019\/07\/23\/25-mayo-aliaga-denuncio-la-situacion-asentamiento-la-toma\/\" \/>\n<meta property=\"og:site_name\" content=\"Diario Textual\" \/>\n<meta property=\"article:publisher\" content=\"https:\/\/www.facebook.com\/eltextual\" \/>\n<meta property=\"article:published_time\" content=\"2019-07-24T00:23:03+00:00\" \/>\n<meta property=\"article:modified_time\" content=\"2019-07-25T14:11:53+00:00\" \/>\n<meta property=\"og:image\" content=\"https:\/\/diariotextual.com\/inicio\/wp-content\/uploads\/2019\/07\/aliagadenuncia.jpg\" \/>\n\t<meta property=\"og:image:width\" content=\"960\" \/>\n\t<meta property=\"og:image:height\" content=\"540\" \/>\n\t<meta property=\"og:image:type\" content=\"image\/jpeg\" \/>\n<meta name=\"author\" content=\"diario3\" \/>\n<meta name=\"twitter:card\" content=\"summary_large_image\" \/>\n<meta name=\"twitter:creator\" content=\"@eltextual\" \/>\n<meta name=\"twitter:site\" content=\"@eltextual\" \/>\n<meta name=\"twitter:label1\" content=\"Escrito por\" \/>\n\t<meta name=\"twitter:data1\" content=\"diario3\" \/>\n\t<meta name=\"twitter:label2\" content=\"Tiempo de lectura\" \/>\n\t<meta name=\"twitter:data2\" content=\"1 minuto\" \/>\n<script type=\"application\/ld+json\" class=\"yoast-schema-graph\">{\"@context\":\"https:\\\/\\\/schema.org\",\"@graph\":[{\"@type\":\"Article\",\"@id\":\"https:\\\/\\\/diariotextual.com\\\/inicio\\\/index.php\\\/2019\\\/07\\\/23\\\/25-mayo-aliaga-denuncio-la-situacion-asentamiento-la-toma\\\/#article\",\"isPartOf\":{\"@id\":\"https:\\\/\\\/diariotextual.com\\\/inicio\\\/index.php\\\/2019\\\/07\\\/23\\\/25-mayo-aliaga-denuncio-la-situacion-asentamiento-la-toma\\\/\"},\"author\":{\"name\":\"diario3\",\"@id\":\"https:\\\/\\\/diariotextual.com\\\/inicio\\\/#\\\/schema\\\/person\\\/a1b6f563e0ee944c60f98119389a4d9f\"},\"headline\":\"25 de Mayo: Aliaga denunci\u00f3 la situaci\u00f3n en el asentamiento \u00abLa Toma\u00bb\",\"datePublished\":\"2019-07-24T00:23:03+00:00\",\"dateModified\":\"2019-07-25T14:11:53+00:00\",\"mainEntityOfPage\":{\"@id\":\"https:\\\/\\\/diariotextual.com\\\/inicio\\\/index.php\\\/2019\\\/07\\\/23\\\/25-mayo-aliaga-denuncio-la-situacion-asentamiento-la-toma\\\/\"},\"wordCount\":238,\"publisher\":{\"@id\":\"https:\\\/\\\/diariotextual.com\\\/inicio\\\/#organization\"},\"image\":{\"@id\":\"https:\\\/\\\/diariotextual.com\\\/inicio\\\/index.php\\\/2019\\\/07\\\/23\\\/25-mayo-aliaga-denuncio-la-situacion-asentamiento-la-toma\\\/#primaryimage\"},\"thumbnailUrl\":\"https:\\\/\\\/diariotextual.com\\\/inicio\\\/wp-content\\\/uploads\\\/2019\\\/07\\\/aliagadenuncia.jpg\",\"articleSection\":[\"A - TEMPORALES\",\"SOCIEDAD\"],\"inLanguage\":\"es\"},{\"@type\":\"WebPage\",\"@id\":\"https:\\\/\\\/diariotextual.com\\\/inicio\\\/index.php\\\/2019\\\/07\\\/23\\\/25-mayo-aliaga-denuncio-la-situacion-asentamiento-la-toma\\\/\",\"url\":\"https:\\\/\\\/diariotextual.com\\\/inicio\\\/index.php\\\/2019\\\/07\\\/23\\\/25-mayo-aliaga-denuncio-la-situacion-asentamiento-la-toma\\\/\",\"name\":\"25 de Mayo: Aliaga denunci\u00f3 la situaci\u00f3n en el asentamiento \\\"La Toma\\\" - Diario Textual\",\"isPartOf\":{\"@id\":\"https:\\\/\\\/diariotextual.com\\\/inicio\\\/#website\"},\"primaryImageOfPage\":{\"@id\":\"https:\\\/\\\/diariotextual.com\\\/inicio\\\/index.php\\\/2019\\\/07\\\/23\\\/25-mayo-aliaga-denuncio-la-situacion-asentamiento-la-toma\\\/#primaryimage\"},\"image\":{\"@id\":\"https:\\\/\\\/diariotextual.com\\\/inicio\\\/index.php\\\/2019\\\/07\\\/23\\\/25-mayo-aliaga-denuncio-la-situacion-asentamiento-la-toma\\\/#primaryimage\"},\"thumbnailUrl\":\"https:\\\/\\\/diariotextual.com\\\/inicio\\\/wp-content\\\/uploads\\\/2019\\\/07\\\/aliagadenuncia.jpg\",\"datePublished\":\"2019-07-24T00:23:03+00:00\",\"dateModified\":\"2019-07-25T14:11:53+00:00\",\"breadcrumb\":{\"@id\":\"https:\\\/\\\/diariotextual.com\\\/inicio\\\/index.php\\\/2019\\\/07\\\/23\\\/25-mayo-aliaga-denuncio-la-situacion-asentamiento-la-toma\\\/#breadcrumb\"},\"inLanguage\":\"es\",\"potentialAction\":[{\"@type\":\"ReadAction\",\"target\":[\"https:\\\/\\\/diariotextual.com\\\/inicio\\\/index.php\\\/2019\\\/07\\\/23\\\/25-mayo-aliaga-denuncio-la-situacion-asentamiento-la-toma\\\/\"]}]},{\"@type\":\"ImageObject\",\"inLanguage\":\"es\",\"@id\":\"https:\\\/\\\/diariotextual.com\\\/inicio\\\/index.php\\\/2019\\\/07\\\/23\\\/25-mayo-aliaga-denuncio-la-situacion-asentamiento-la-toma\\\/#primaryimage\",\"url\":\"https:\\\/\\\/diariotextual.com\\\/inicio\\\/wp-content\\\/uploads\\\/2019\\\/07\\\/aliagadenuncia.jpg\",\"contentUrl\":\"https:\\\/\\\/diariotextual.com\\\/inicio\\\/wp-content\\\/uploads\\\/2019\\\/07\\\/aliagadenuncia.jpg\",\"width\":960,\"height\":540},{\"@type\":\"BreadcrumbList\",\"@id\":\"https:\\\/\\\/diariotextual.com\\\/inicio\\\/index.php\\\/2019\\\/07\\\/23\\\/25-mayo-aliaga-denuncio-la-situacion-asentamiento-la-toma\\\/#breadcrumb\",\"itemListElement\":[{\"@type\":\"ListItem\",\"position\":1,\"name\":\"Portada\",\"item\":\"https:\\\/\\\/diariotextual.com\\\/inicio\\\/\"},{\"@type\":\"ListItem\",\"position\":2,\"name\":\"25 de Mayo: Aliaga denunci\u00f3 la situaci\u00f3n en el asentamiento \u00abLa Toma\u00bb\"}]},{\"@type\":\"WebSite\",\"@id\":\"https:\\\/\\\/diariotextual.com\\\/inicio\\\/#website\",\"url\":\"https:\\\/\\\/diariotextual.com\\\/inicio\\\/\",\"name\":\"Diario Textual\",\"description\":\"\",\"publisher\":{\"@id\":\"https:\\\/\\\/diariotextual.com\\\/inicio\\\/#organization\"},\"potentialAction\":[{\"@type\":\"SearchAction\",\"target\":{\"@type\":\"EntryPoint\",\"urlTemplate\":\"https:\\\/\\\/diariotextual.com\\\/inicio\\\/?s={search_term_string}\"},\"query-input\":{\"@type\":\"PropertyValueSpecification\",\"valueRequired\":true,\"valueName\":\"search_term_string\"}}],\"inLanguage\":\"es\"},{\"@type\":\"Organization\",\"@id\":\"https:\\\/\\\/diariotextual.com\\\/inicio\\\/#organization\",\"name\":\"Diario Textual\",\"url\":\"https:\\\/\\\/diariotextual.com\\\/inicio\\\/\",\"logo\":{\"@type\":\"ImageObject\",\"inLanguage\":\"es\",\"@id\":\"https:\\\/\\\/diariotextual.com\\\/inicio\\\/#\\\/schema\\\/logo\\\/image\\\/\",\"url\":\"https:\\\/\\\/diariotextual.com\\\/inicio\\\/wp-content\\\/uploads\\\/2023\\\/05\\\/logotextual1.jpg\",\"contentUrl\":\"https:\\\/\\\/diariotextual.com\\\/inicio\\\/wp-content\\\/uploads\\\/2023\\\/05\\\/logotextual1.jpg\",\"width\":516,\"height\":76,\"caption\":\"Diario Textual\"},\"image\":{\"@id\":\"https:\\\/\\\/diariotextual.com\\\/inicio\\\/#\\\/schema\\\/logo\\\/image\\\/\"},\"sameAs\":[\"https:\\\/\\\/www.facebook.com\\\/eltextual\",\"https:\\\/\\\/x.com\\\/eltextual\",\"http:\\\/\\\/www.instagram.com\\\/eltextual\"]},{\"@type\":\"Person\",\"@id\":\"https:\\\/\\\/diariotextual.com\\\/inicio\\\/#\\\/schema\\\/person\\\/a1b6f563e0ee944c60f98119389a4d9f\",\"name\":\"diario3\",\"image\":{\"@type\":\"ImageObject\",\"inLanguage\":\"es\",\"@id\":\"https:\\\/\\\/secure.gravatar.com\\\/avatar\\\/5e7ee62c82fc04d9dd79d746a390d93c69c43223e5faeeb3ea9461ef752bfc5d?s=96&d=mm&r=g\",\"url\":\"https:\\\/\\\/secure.gravatar.com\\\/avatar\\\/5e7ee62c82fc04d9dd79d746a390d93c69c43223e5faeeb3ea9461ef752bfc5d?s=96&d=mm&r=g\",\"contentUrl\":\"https:\\\/\\\/secure.gravatar.com\\\/avatar\\\/5e7ee62c82fc04d9dd79d746a390d93c69c43223e5faeeb3ea9461ef752bfc5d?s=96&d=mm&r=g\",\"caption\":\"diario3\"},\"url\":\"https:\\\/\\\/diariotextual.com\\\/inicio\\\/index.php\\\/author\\\/diario3\\\/\"}]}<\/script>\n<!-- \/ Yoast SEO plugin. -->","yoast_head_json":{"title":"25 de Mayo: Aliaga denunci\u00f3 la situaci\u00f3n en el asentamiento \"La Toma\" - Diario Textual","robots":{"index":"index","follow":"follow","max-snippet":"max-snippet:-1","max-image-preview":"max-image-preview:large","max-video-preview":"max-video-preview:-1"},"canonical":"https:\/\/diariotextual.com\/inicio\/index.php\/2019\/07\/23\/25-mayo-aliaga-denuncio-la-situacion-asentamiento-la-toma\/","og_locale":"es_ES","og_type":"article","og_title":"25 de Mayo: Aliaga denunci\u00f3 la situaci\u00f3n en el asentamiento \"La Toma\" - Diario Textual","og_description":"El diputado Maximiliano Aliaga (Cambiemos), ante los distintos hechos de toma de terrenos municipales en Santa Rosa en las \u00faltimas semanas, denunci\u00f3 p\u00fablicamente, a trav\u00e9s de im\u00e1genes en el red&hellip;","og_url":"https:\/\/diariotextual.com\/inicio\/index.php\/2019\/07\/23\/25-mayo-aliaga-denuncio-la-situacion-asentamiento-la-toma\/","og_site_name":"Diario Textual","article_publisher":"https:\/\/www.facebook.com\/eltextual","article_published_time":"2019-07-24T00:23:03+00:00","article_modified_time":"2019-07-25T14:11:53+00:00","og_image":[{"width":960,"height":540,"url":"https:\/\/diariotextual.com\/inicio\/wp-content\/uploads\/2019\/07\/aliagadenuncia.jpg","type":"image\/jpeg"}],"author":"diario3","twitter_card":"summary_large_image","twitter_creator":"@eltextual","twitter_site":"@eltextual","twitter_misc":{"Escrito por":"diario3","Tiempo de lectura":"1 minuto"},"schema":{"@context":"https:\/\/schema.org","@graph":[{"@type":"Article","@id":"https:\/\/diariotextual.com\/inicio\/index.php\/2019\/07\/23\/25-mayo-aliaga-denuncio-la-situacion-asentamiento-la-toma\/#article","isPartOf":{"@id":"https:\/\/diariotextual.com\/inicio\/index.php\/2019\/07\/23\/25-mayo-aliaga-denuncio-la-situacion-asentamiento-la-toma\/"},"author":{"name":"diario3","@id":"https:\/\/diariotextual.com\/inicio\/#\/schema\/person\/a1b6f563e0ee944c60f98119389a4d9f"},"headline":"25 de Mayo: Aliaga denunci\u00f3 la situaci\u00f3n en el asentamiento \u00abLa Toma\u00bb","datePublished":"2019-07-24T00:23:03+00:00","dateModified":"2019-07-25T14:11:53+00:00","mainEntityOfPage":{"@id":"https:\/\/diariotextual.com\/inicio\/index.php\/2019\/07\/23\/25-mayo-aliaga-denuncio-la-situacion-asentamiento-la-toma\/"},"wordCount":238,"publisher":{"@id":"https:\/\/diariotextual.com\/inicio\/#organization"},"image":{"@id":"https:\/\/diariotextual.com\/inicio\/index.php\/2019\/07\/23\/25-mayo-aliaga-denuncio-la-situacion-asentamiento-la-toma\/#primaryimage"},"thumbnailUrl":"https:\/\/diariotextual.com\/inicio\/wp-content\/uploads\/2019\/07\/aliagadenuncia.jpg","articleSection":["A - TEMPORALES","SOCIEDAD"],"inLanguage":"es"},{"@type":"WebPage","@id":"https:\/\/diariotextual.com\/inicio\/index.php\/2019\/07\/23\/25-mayo-aliaga-denuncio-la-situacion-asentamiento-la-toma\/","url":"https:\/\/diariotextual.com\/inicio\/index.php\/2019\/07\/23\/25-mayo-aliaga-denuncio-la-situacion-asentamiento-la-toma\/","name":"25 de Mayo: Aliaga denunci\u00f3 la situaci\u00f3n en el asentamiento \"La Toma\" - Diario Textual","isPartOf":{"@id":"https:\/\/diariotextual.com\/inicio\/#website"},"primaryImageOfPage":{"@id":"https:\/\/diariotextual.com\/inicio\/index.php\/2019\/07\/23\/25-mayo-aliaga-denuncio-la-situacion-asentamiento-la-toma\/#primaryimage"},"image":{"@id":"https:\/\/diariotextual.com\/inicio\/index.php\/2019\/07\/23\/25-mayo-aliaga-denuncio-la-situacion-asentamiento-la-toma\/#primaryimage"},"thumbnailUrl":"https:\/\/diariotextual.com\/inicio\/wp-content\/uploads\/2019\/07\/aliagadenuncia.jpg","datePublished":"2019-07-24T00:23:03+00:00","dateModified":"2019-07-25T14:11:53+00:00","breadcrumb":{"@id":"https:\/\/diariotextual.com\/inicio\/index.php\/2019\/07\/23\/25-mayo-aliaga-denuncio-la-situacion-asentamiento-la-toma\/#breadcrumb"},"inLanguage":"es","potentialAction":[{"@type":"ReadAction","target":["https:\/\/diariotextual.com\/inicio\/index.php\/2019\/07\/23\/25-mayo-aliaga-denuncio-la-situacion-asentamiento-la-toma\/"]}]},{"@type":"ImageObject","inLanguage":"es","@id":"https:\/\/diariotextual.com\/inicio\/index.php\/2019\/07\/23\/25-mayo-aliaga-denuncio-la-situacion-asentamiento-la-toma\/#primaryimage","url":"https:\/\/diariotextual.com\/inicio\/wp-content\/uploads\/2019\/07\/aliagadenuncia.jpg","contentUrl":"https:\/\/diariotextual.com\/inicio\/wp-content\/uploads\/2019\/07\/aliagadenuncia.jpg","width":960,"height":540},{"@type":"BreadcrumbList","@id":"https:\/\/diariotextual.com\/inicio\/index.php\/2019\/07\/23\/25-mayo-aliaga-denuncio-la-situacion-asentamiento-la-toma\/#breadcrumb","itemListElement":[{"@type":"ListItem","position":1,"name":"Portada","item":"https:\/\/diariotextual.com\/inicio\/"},{"@type":"ListItem","position":2,"name":"25 de Mayo: Aliaga denunci\u00f3 la situaci\u00f3n en el asentamiento \u00abLa Toma\u00bb"}]},{"@type":"WebSite","@id":"https:\/\/diariotextual.com\/inicio\/#website","url":"https:\/\/diariotextual.com\/inicio\/","name":"Diario Textual","description":"","publisher":{"@id":"https:\/\/diariotextual.com\/inicio\/#organization"},"potentialAction":[{"@type":"SearchAction","target":{"@type":"EntryPoint","urlTemplate":"https:\/\/diariotextual.com\/inicio\/?s={search_term_string}"},"query-input":{"@type":"PropertyValueSpecification","valueRequired":true,"valueName":"search_term_string"}}],"inLanguage":"es"},{"@type":"Organization","@id":"https:\/\/diariotextual.com\/inicio\/#organization","name":"Diario Textual","url":"https:\/\/diariotextual.com\/inicio\/","logo":{"@type":"ImageObject","inLanguage":"es","@id":"https:\/\/diariotextual.com\/inicio\/#\/schema\/logo\/image\/","url":"https:\/\/diariotextual.com\/inicio\/wp-content\/uploads\/2023\/05\/logotextual1.jpg","contentUrl":"https:\/\/diariotextual.com\/inicio\/wp-content\/uploads\/2023\/05\/logotextual1.jpg","width":516,"height":76,"caption":"Diario Textual"},"image":{"@id":"https:\/\/diariotextual.com\/inicio\/#\/schema\/logo\/image\/"},"sameAs":["https:\/\/www.facebook.com\/eltextual","https:\/\/x.com\/eltextual","http:\/\/www.instagram.com\/eltextual"]},{"@type":"Person","@id":"https:\/\/diariotextual.com\/inicio\/#\/schema\/person\/a1b6f563e0ee944c60f98119389a4d9f","name":"diario3","image":{"@type":"ImageObject","inLanguage":"es","@id":"https:\/\/secure.gravatar.com\/avatar\/5e7ee62c82fc04d9dd79d746a390d93c69c43223e5faeeb3ea9461ef752bfc5d?s=96&d=mm&r=g","url":"https:\/\/secure.gravatar.com\/avatar\/5e7ee62c82fc04d9dd79d746a390d93c69c43223e5faeeb3ea9461ef752bfc5d?s=96&d=mm&r=g","contentUrl":"https:\/\/secure.gravatar.com\/avatar\/5e7ee62c82fc04d9dd79d746a390d93c69c43223e5faeeb3ea9461ef752bfc5d?s=96&d=mm&r=g","caption":"diario3"},"url":"https:\/\/diariotextual.com\/inicio\/index.php\/author\/diario3\/"}]}},"_links":{"self":[{"href":"https:\/\/diariotextual.com\/inicio\/index.php\/wp-json\/wp\/v2\/posts\/56903","targetHints":{"allow":["GET"]}}],"collection":[{"href":"https:\/\/diariotextual.com\/inicio\/index.php\/wp-json\/wp\/v2\/posts"}],"about":[{"href":"https:\/\/diariotextual.com\/inicio\/index.php\/wp-json\/wp\/v2\/types\/post"}],"author":[{"embeddable":true,"href":"https:\/\/diariotextual.com\/inicio\/index.php\/wp-json\/wp\/v2\/users\/5"}],"replies":[{"embeddable":true,"href":"https:\/\/diariotextual.com\/inicio\/index.php\/wp-json\/wp\/v2\/comments?post=56903"}],"version-history":[{"count":4,"href":"https:\/\/diariotextual.com\/inicio\/index.php\/wp-json\/wp\/v2\/posts\/56903\/revisions"}],"predecessor-version":[{"id":57074,"href":"https:\/\/diariotextual.com\/inicio\/index.php\/wp-json\/wp\/v2\/posts\/56903\/revisions\/57074"}],"wp:featuredmedia":[{"embeddable":true,"href":"https:\/\/diariotextual.com\/inicio\/index.php\/wp-json\/wp\/v2\/media\/56904"}],"wp:attachment":[{"href":"https:\/\/diariotextual.com\/inicio\/index.php\/wp-json\/wp\/v2\/media?parent=56903"}],"wp:term":[{"taxonomy":"category","embeddable":true,"href":"https:\/\/diariotextual.com\/inicio\/index.php\/wp-json\/wp\/v2\/categories?post=56903"},{"taxonomy":"post_tag","embeddable":true,"href":"https:\/\/diariotextual.com\/inicio\/index.php\/wp-json\/wp\/v2\/tags?post=56903"}],"curies":[{"name":"wp","href":"https:\/\/api.w.org\/{rel}","templated":true}]}}