{"id":56909,"date":"2019-07-24T08:19:40","date_gmt":"2019-07-24T11:19:40","guid":{"rendered":"http:\/\/diariotextual.com\/inicio\/?p=56909"},"modified":"2019-07-24T18:33:12","modified_gmt":"2019-07-24T21:33:12","slug":"transporte-medidas-estudia-provincia-ayudar-empresas","status":"publish","type":"post","link":"https:\/\/diariotextual.com\/inicio\/index.php\/2019\/07\/24\/transporte-medidas-estudia-provincia-ayudar-empresas\/","title":{"rendered":"Transporte: qu\u00e9 medidas estudia Provincia para ayudar a empresas"},"content":{"rendered":"<p>El subsecretario de Obras P\u00fablicas, <strong>Juan Carlos Guzm\u00e1n<\/strong>, recibi\u00f3 a <strong>empresarios<\/strong> pampeanos del transporte de pasajeros para analizar la situaci\u00f3n del sector y posibles <strong>medidas que permitan paliar la crisis que atraviesan por la quita de subsidios de Naci\u00f3n.<\/strong> El funcionario les dijo que dinero para subsidiar las l\u00edneas no hay, pero van a <strong>estudiar alg\u00fan tipo de rebaja impositiva y un eventual ajuste de tarifas.<\/strong><\/p>\n<blockquote class=\"wp-embedded-content\" data-secret=\"NWqf4GBZDI\"><p><a href=\"http:\/\/diariotextual.com\/inicio\/index.php\/2019\/07\/15\/expreso-alvarez-tecnicamente-estoy-fundido-dijo-dueno\/\">Expreso Alvarez: \u201ct\u00e9cnicamente estoy fundido\u201d, dijo el due\u00f1o<\/a><\/p><\/blockquote>\n<p><iframe class=\"wp-embedded-content\" sandbox=\"allow-scripts\" security=\"restricted\" style=\"position: absolute; clip: rect(1px, 1px, 1px, 1px);\" src=\"http:\/\/diariotextual.com\/inicio\/index.php\/2019\/07\/15\/expreso-alvarez-tecnicamente-estoy-fundido-dijo-dueno\/embed\/#?secret=NWqf4GBZDI\" data-secret=\"NWqf4GBZDI\" width=\"600\" height=\"338\" title=\"&#171;Expreso Alvarez: \u201ct\u00e9cnicamente estoy fundido\u201d, dijo el due\u00f1o&#187; &#8212; Diario Textual\" frameborder=\"0\" marginwidth=\"0\" marginheight=\"0\" scrolling=\"no\"><\/iframe><\/p>\n<p>De la reuni\u00f3n con Guzm\u00e1n participaron <strong>Dante Benav\u00eddez (Dumas), Alberto Osorio (Transur), Hugo Sagrado (Expreso Alvarez) y Pablo Capell\u00e1n (Autotransporte Pico).<\/strong> Todos ellos representan a empresas que prestan servicios interurbanos en la provincia.<\/p>\n<p>\u00bfQu\u00e9 se habl\u00f3 en el encuentro? Las dificultades que tienen las empresas para sostener los servicios que prestan sin subsidios de Naci\u00f3n.<\/p>\n<p><strong>Guzm\u00e1n les reiter\u00f3 lo que ya hab\u00eda dicho Provincia p\u00fablicamente: dinero para subsidios provinciales no hay, pero se comprometi\u00f3 a estudiar alg\u00fan tipo de medida impositiva que permita paliar la crisis de las firmas.<\/strong><\/p>\n<p>\u00bfCu\u00e1les ser\u00edan esas medidas? Se habl\u00f3 de un <strong>ajuste de tarifas<\/strong>, que desde enero no se tocan. Pero los empresarios le dijeron al funcionario que esa suba deber\u00eda ser medida porque un aumento fuerte har\u00eda que la gente no viaje. Tambi\u00e9n se analiz\u00f3 la posibilidad de <strong>reducir el costo de la tarifa que se cobra por atraque<\/strong> a las terminales y explorar la alternativa de <strong>bajar la carga impositiva de patente<\/strong>, entre otros paliativos.<\/p>\n<p>Los empresarios se fueron medianamente conformes con lo conversado con Guzm\u00e1n y quedaron en continuar el di\u00e1logo para definir alg\u00fan tipo de medida que ayude a amortiguar la crisis que atraviesan las compa\u00f1\u00edas.<\/p>\n","protected":false},"excerpt":{"rendered":"<p>El subsecretario de Obras P\u00fablicas, Juan Carlos Guzm\u00e1n, recibi\u00f3 a empresarios pampeanos del transporte de pasajeros para analizar la situaci\u00f3n del sector y posibles medidas que permitan paliar la crisis&hellip;<\/p>\n","protected":false},"author":7,"featured_media":33421,"comment_status":"closed","ping_status":"open","sticky":false,"template":"","format":"standard","meta":{"_acf_changed":false,"footnotes":""},"categories":[319,12],"tags":[],"class_list":["post-56909","post","type-post","status-publish","format-standard","has-post-thumbnail","hentry","category-a-temporales","category-sociedad"],"acf":[],"yoast_head":"<!-- This site is optimized with the Yoast SEO plugin v27.5 - https:\/\/yoast.com\/product\/yoast-seo-wordpress\/ -->\n<title>Transporte: qu\u00e9 medidas estudia Provincia para ayudar a empresas - Diario Textual<\/title>\n<meta name=\"robots\" content=\"index, follow, max-snippet:-1, max-image-preview:large, max-video-preview:-1\" \/>\n<link rel=\"canonical\" href=\"https:\/\/diariotextual.com\/inicio\/index.php\/2019\/07\/24\/transporte-medidas-estudia-provincia-ayudar-empresas\/\" \/>\n<meta property=\"og:locale\" content=\"es_ES\" \/>\n<meta property=\"og:type\" content=\"article\" \/>\n<meta property=\"og:title\" content=\"Transporte: qu\u00e9 medidas estudia Provincia para ayudar a empresas - Diario Textual\" \/>\n<meta property=\"og:description\" content=\"El subsecretario de Obras P\u00fablicas, Juan Carlos Guzm\u00e1n, recibi\u00f3 a empresarios pampeanos del transporte de pasajeros para analizar la situaci\u00f3n del sector y posibles medidas que permitan paliar la crisis&hellip;\" \/>\n<meta property=\"og:url\" content=\"https:\/\/diariotextual.com\/inicio\/index.php\/2019\/07\/24\/transporte-medidas-estudia-provincia-ayudar-empresas\/\" \/>\n<meta property=\"og:site_name\" content=\"Diario Textual\" \/>\n<meta property=\"article:publisher\" content=\"https:\/\/www.facebook.com\/eltextual\" \/>\n<meta property=\"article:published_time\" content=\"2019-07-24T11:19:40+00:00\" \/>\n<meta property=\"article:modified_time\" content=\"2019-07-24T21:33:12+00:00\" \/>\n<meta property=\"og:image\" content=\"https:\/\/diariotextual.com\/inicio\/wp-content\/uploads\/2019\/01\/terminalomnibussanta4.jpg\" \/>\n\t<meta property=\"og:image:width\" content=\"1000\" \/>\n\t<meta property=\"og:image:height\" content=\"660\" \/>\n\t<meta property=\"og:image:type\" content=\"image\/jpeg\" \/>\n<meta name=\"author\" content=\"diario5\" \/>\n<meta name=\"twitter:card\" content=\"summary_large_image\" \/>\n<meta name=\"twitter:creator\" content=\"@eltextual\" \/>\n<meta name=\"twitter:site\" content=\"@eltextual\" \/>\n<meta name=\"twitter:label1\" content=\"Escrito por\" \/>\n\t<meta name=\"twitter:data1\" content=\"diario5\" \/>\n\t<meta name=\"twitter:label2\" content=\"Tiempo de lectura\" \/>\n\t<meta name=\"twitter:data2\" content=\"1 minuto\" \/>\n<script type=\"application\/ld+json\" class=\"yoast-schema-graph\">{\"@context\":\"https:\\\/\\\/schema.org\",\"@graph\":[{\"@type\":\"Article\",\"@id\":\"https:\\\/\\\/diariotextual.com\\\/inicio\\\/index.php\\\/2019\\\/07\\\/24\\\/transporte-medidas-estudia-provincia-ayudar-empresas\\\/#article\",\"isPartOf\":{\"@id\":\"https:\\\/\\\/diariotextual.com\\\/inicio\\\/index.php\\\/2019\\\/07\\\/24\\\/transporte-medidas-estudia-provincia-ayudar-empresas\\\/\"},\"author\":{\"name\":\"diario5\",\"@id\":\"https:\\\/\\\/diariotextual.com\\\/inicio\\\/#\\\/schema\\\/person\\\/c7834961ad8b29b1d9cdbf4571299067\"},\"headline\":\"Transporte: qu\u00e9 medidas estudia Provincia para ayudar a empresas\",\"datePublished\":\"2019-07-24T11:19:40+00:00\",\"dateModified\":\"2019-07-24T21:33:12+00:00\",\"mainEntityOfPage\":{\"@id\":\"https:\\\/\\\/diariotextual.com\\\/inicio\\\/index.php\\\/2019\\\/07\\\/24\\\/transporte-medidas-estudia-provincia-ayudar-empresas\\\/\"},\"wordCount\":302,\"publisher\":{\"@id\":\"https:\\\/\\\/diariotextual.com\\\/inicio\\\/#organization\"},\"image\":{\"@id\":\"https:\\\/\\\/diariotextual.com\\\/inicio\\\/index.php\\\/2019\\\/07\\\/24\\\/transporte-medidas-estudia-provincia-ayudar-empresas\\\/#primaryimage\"},\"thumbnailUrl\":\"https:\\\/\\\/diariotextual.com\\\/inicio\\\/wp-content\\\/uploads\\\/2019\\\/01\\\/terminalomnibussanta4.jpg\",\"articleSection\":[\"A - TEMPORALES\",\"SOCIEDAD\"],\"inLanguage\":\"es\"},{\"@type\":\"WebPage\",\"@id\":\"https:\\\/\\\/diariotextual.com\\\/inicio\\\/index.php\\\/2019\\\/07\\\/24\\\/transporte-medidas-estudia-provincia-ayudar-empresas\\\/\",\"url\":\"https:\\\/\\\/diariotextual.com\\\/inicio\\\/index.php\\\/2019\\\/07\\\/24\\\/transporte-medidas-estudia-provincia-ayudar-empresas\\\/\",\"name\":\"Transporte: qu\u00e9 medidas estudia Provincia para ayudar a empresas - Diario Textual\",\"isPartOf\":{\"@id\":\"https:\\\/\\\/diariotextual.com\\\/inicio\\\/#website\"},\"primaryImageOfPage\":{\"@id\":\"https:\\\/\\\/diariotextual.com\\\/inicio\\\/index.php\\\/2019\\\/07\\\/24\\\/transporte-medidas-estudia-provincia-ayudar-empresas\\\/#primaryimage\"},\"image\":{\"@id\":\"https:\\\/\\\/diariotextual.com\\\/inicio\\\/index.php\\\/2019\\\/07\\\/24\\\/transporte-medidas-estudia-provincia-ayudar-empresas\\\/#primaryimage\"},\"thumbnailUrl\":\"https:\\\/\\\/diariotextual.com\\\/inicio\\\/wp-content\\\/uploads\\\/2019\\\/01\\\/terminalomnibussanta4.jpg\",\"datePublished\":\"2019-07-24T11:19:40+00:00\",\"dateModified\":\"2019-07-24T21:33:12+00:00\",\"breadcrumb\":{\"@id\":\"https:\\\/\\\/diariotextual.com\\\/inicio\\\/index.php\\\/2019\\\/07\\\/24\\\/transporte-medidas-estudia-provincia-ayudar-empresas\\\/#breadcrumb\"},\"inLanguage\":\"es\",\"potentialAction\":[{\"@type\":\"ReadAction\",\"target\":[\"https:\\\/\\\/diariotextual.com\\\/inicio\\\/index.php\\\/2019\\\/07\\\/24\\\/transporte-medidas-estudia-provincia-ayudar-empresas\\\/\"]}]},{\"@type\":\"ImageObject\",\"inLanguage\":\"es\",\"@id\":\"https:\\\/\\\/diariotextual.com\\\/inicio\\\/index.php\\\/2019\\\/07\\\/24\\\/transporte-medidas-estudia-provincia-ayudar-empresas\\\/#primaryimage\",\"url\":\"https:\\\/\\\/diariotextual.com\\\/inicio\\\/wp-content\\\/uploads\\\/2019\\\/01\\\/terminalomnibussanta4.jpg\",\"contentUrl\":\"https:\\\/\\\/diariotextual.com\\\/inicio\\\/wp-content\\\/uploads\\\/2019\\\/01\\\/terminalomnibussanta4.jpg\",\"width\":1000,\"height\":660},{\"@type\":\"BreadcrumbList\",\"@id\":\"https:\\\/\\\/diariotextual.com\\\/inicio\\\/index.php\\\/2019\\\/07\\\/24\\\/transporte-medidas-estudia-provincia-ayudar-empresas\\\/#breadcrumb\",\"itemListElement\":[{\"@type\":\"ListItem\",\"position\":1,\"name\":\"Portada\",\"item\":\"https:\\\/\\\/diariotextual.com\\\/inicio\\\/\"},{\"@type\":\"ListItem\",\"position\":2,\"name\":\"Transporte: qu\u00e9 medidas estudia Provincia para ayudar a empresas\"}]},{\"@type\":\"WebSite\",\"@id\":\"https:\\\/\\\/diariotextual.com\\\/inicio\\\/#website\",\"url\":\"https:\\\/\\\/diariotextual.com\\\/inicio\\\/\",\"name\":\"Diario Textual\",\"description\":\"\",\"publisher\":{\"@id\":\"https:\\\/\\\/diariotextual.com\\\/inicio\\\/#organization\"},\"potentialAction\":[{\"@type\":\"SearchAction\",\"target\":{\"@type\":\"EntryPoint\",\"urlTemplate\":\"https:\\\/\\\/diariotextual.com\\\/inicio\\\/?s={search_term_string}\"},\"query-input\":{\"@type\":\"PropertyValueSpecification\",\"valueRequired\":true,\"valueName\":\"search_term_string\"}}],\"inLanguage\":\"es\"},{\"@type\":\"Organization\",\"@id\":\"https:\\\/\\\/diariotextual.com\\\/inicio\\\/#organization\",\"name\":\"Diario Textual\",\"url\":\"https:\\\/\\\/diariotextual.com\\\/inicio\\\/\",\"logo\":{\"@type\":\"ImageObject\",\"inLanguage\":\"es\",\"@id\":\"https:\\\/\\\/diariotextual.com\\\/inicio\\\/#\\\/schema\\\/logo\\\/image\\\/\",\"url\":\"https:\\\/\\\/diariotextual.com\\\/inicio\\\/wp-content\\\/uploads\\\/2023\\\/05\\\/logotextual1.jpg\",\"contentUrl\":\"https:\\\/\\\/diariotextual.com\\\/inicio\\\/wp-content\\\/uploads\\\/2023\\\/05\\\/logotextual1.jpg\",\"width\":516,\"height\":76,\"caption\":\"Diario Textual\"},\"image\":{\"@id\":\"https:\\\/\\\/diariotextual.com\\\/inicio\\\/#\\\/schema\\\/logo\\\/image\\\/\"},\"sameAs\":[\"https:\\\/\\\/www.facebook.com\\\/eltextual\",\"https:\\\/\\\/x.com\\\/eltextual\",\"http:\\\/\\\/www.instagram.com\\\/eltextual\"]},{\"@type\":\"Person\",\"@id\":\"https:\\\/\\\/diariotextual.com\\\/inicio\\\/#\\\/schema\\\/person\\\/c7834961ad8b29b1d9cdbf4571299067\",\"name\":\"diario5\",\"image\":{\"@type\":\"ImageObject\",\"inLanguage\":\"es\",\"@id\":\"https:\\\/\\\/secure.gravatar.com\\\/avatar\\\/948c893b847ca6df68216ead81b63f363408ec9b0f600fefc0641ce78613b111?s=96&d=mm&r=g\",\"url\":\"https:\\\/\\\/secure.gravatar.com\\\/avatar\\\/948c893b847ca6df68216ead81b63f363408ec9b0f600fefc0641ce78613b111?s=96&d=mm&r=g\",\"contentUrl\":\"https:\\\/\\\/secure.gravatar.com\\\/avatar\\\/948c893b847ca6df68216ead81b63f363408ec9b0f600fefc0641ce78613b111?s=96&d=mm&r=g\",\"caption\":\"diario5\"},\"url\":\"https:\\\/\\\/diariotextual.com\\\/inicio\\\/index.php\\\/author\\\/diario5\\\/\"}]}<\/script>\n<!-- \/ Yoast SEO plugin. -->","yoast_head_json":{"title":"Transporte: qu\u00e9 medidas estudia Provincia para ayudar a empresas - Diario Textual","robots":{"index":"index","follow":"follow","max-snippet":"max-snippet:-1","max-image-preview":"max-image-preview:large","max-video-preview":"max-video-preview:-1"},"canonical":"https:\/\/diariotextual.com\/inicio\/index.php\/2019\/07\/24\/transporte-medidas-estudia-provincia-ayudar-empresas\/","og_locale":"es_ES","og_type":"article","og_title":"Transporte: qu\u00e9 medidas estudia Provincia para ayudar a empresas - Diario Textual","og_description":"El subsecretario de Obras P\u00fablicas, Juan Carlos Guzm\u00e1n, recibi\u00f3 a empresarios pampeanos del transporte de pasajeros para analizar la situaci\u00f3n del sector y posibles medidas que permitan paliar la crisis&hellip;","og_url":"https:\/\/diariotextual.com\/inicio\/index.php\/2019\/07\/24\/transporte-medidas-estudia-provincia-ayudar-empresas\/","og_site_name":"Diario Textual","article_publisher":"https:\/\/www.facebook.com\/eltextual","article_published_time":"2019-07-24T11:19:40+00:00","article_modified_time":"2019-07-24T21:33:12+00:00","og_image":[{"width":1000,"height":660,"url":"https:\/\/diariotextual.com\/inicio\/wp-content\/uploads\/2019\/01\/terminalomnibussanta4.jpg","type":"image\/jpeg"}],"author":"diario5","twitter_card":"summary_large_image","twitter_creator":"@eltextual","twitter_site":"@eltextual","twitter_misc":{"Escrito por":"diario5","Tiempo de lectura":"1 minuto"},"schema":{"@context":"https:\/\/schema.org","@graph":[{"@type":"Article","@id":"https:\/\/diariotextual.com\/inicio\/index.php\/2019\/07\/24\/transporte-medidas-estudia-provincia-ayudar-empresas\/#article","isPartOf":{"@id":"https:\/\/diariotextual.com\/inicio\/index.php\/2019\/07\/24\/transporte-medidas-estudia-provincia-ayudar-empresas\/"},"author":{"name":"diario5","@id":"https:\/\/diariotextual.com\/inicio\/#\/schema\/person\/c7834961ad8b29b1d9cdbf4571299067"},"headline":"Transporte: qu\u00e9 medidas estudia Provincia para ayudar a empresas","datePublished":"2019-07-24T11:19:40+00:00","dateModified":"2019-07-24T21:33:12+00:00","mainEntityOfPage":{"@id":"https:\/\/diariotextual.com\/inicio\/index.php\/2019\/07\/24\/transporte-medidas-estudia-provincia-ayudar-empresas\/"},"wordCount":302,"publisher":{"@id":"https:\/\/diariotextual.com\/inicio\/#organization"},"image":{"@id":"https:\/\/diariotextual.com\/inicio\/index.php\/2019\/07\/24\/transporte-medidas-estudia-provincia-ayudar-empresas\/#primaryimage"},"thumbnailUrl":"https:\/\/diariotextual.com\/inicio\/wp-content\/uploads\/2019\/01\/terminalomnibussanta4.jpg","articleSection":["A - TEMPORALES","SOCIEDAD"],"inLanguage":"es"},{"@type":"WebPage","@id":"https:\/\/diariotextual.com\/inicio\/index.php\/2019\/07\/24\/transporte-medidas-estudia-provincia-ayudar-empresas\/","url":"https:\/\/diariotextual.com\/inicio\/index.php\/2019\/07\/24\/transporte-medidas-estudia-provincia-ayudar-empresas\/","name":"Transporte: qu\u00e9 medidas estudia Provincia para ayudar a empresas - Diario Textual","isPartOf":{"@id":"https:\/\/diariotextual.com\/inicio\/#website"},"primaryImageOfPage":{"@id":"https:\/\/diariotextual.com\/inicio\/index.php\/2019\/07\/24\/transporte-medidas-estudia-provincia-ayudar-empresas\/#primaryimage"},"image":{"@id":"https:\/\/diariotextual.com\/inicio\/index.php\/2019\/07\/24\/transporte-medidas-estudia-provincia-ayudar-empresas\/#primaryimage"},"thumbnailUrl":"https:\/\/diariotextual.com\/inicio\/wp-content\/uploads\/2019\/01\/terminalomnibussanta4.jpg","datePublished":"2019-07-24T11:19:40+00:00","dateModified":"2019-07-24T21:33:12+00:00","breadcrumb":{"@id":"https:\/\/diariotextual.com\/inicio\/index.php\/2019\/07\/24\/transporte-medidas-estudia-provincia-ayudar-empresas\/#breadcrumb"},"inLanguage":"es","potentialAction":[{"@type":"ReadAction","target":["https:\/\/diariotextual.com\/inicio\/index.php\/2019\/07\/24\/transporte-medidas-estudia-provincia-ayudar-empresas\/"]}]},{"@type":"ImageObject","inLanguage":"es","@id":"https:\/\/diariotextual.com\/inicio\/index.php\/2019\/07\/24\/transporte-medidas-estudia-provincia-ayudar-empresas\/#primaryimage","url":"https:\/\/diariotextual.com\/inicio\/wp-content\/uploads\/2019\/01\/terminalomnibussanta4.jpg","contentUrl":"https:\/\/diariotextual.com\/inicio\/wp-content\/uploads\/2019\/01\/terminalomnibussanta4.jpg","width":1000,"height":660},{"@type":"BreadcrumbList","@id":"https:\/\/diariotextual.com\/inicio\/index.php\/2019\/07\/24\/transporte-medidas-estudia-provincia-ayudar-empresas\/#breadcrumb","itemListElement":[{"@type":"ListItem","position":1,"name":"Portada","item":"https:\/\/diariotextual.com\/inicio\/"},{"@type":"ListItem","position":2,"name":"Transporte: qu\u00e9 medidas estudia Provincia para ayudar a empresas"}]},{"@type":"WebSite","@id":"https:\/\/diariotextual.com\/inicio\/#website","url":"https:\/\/diariotextual.com\/inicio\/","name":"Diario Textual","description":"","publisher":{"@id":"https:\/\/diariotextual.com\/inicio\/#organization"},"potentialAction":[{"@type":"SearchAction","target":{"@type":"EntryPoint","urlTemplate":"https:\/\/diariotextual.com\/inicio\/?s={search_term_string}"},"query-input":{"@type":"PropertyValueSpecification","valueRequired":true,"valueName":"search_term_string"}}],"inLanguage":"es"},{"@type":"Organization","@id":"https:\/\/diariotextual.com\/inicio\/#organization","name":"Diario Textual","url":"https:\/\/diariotextual.com\/inicio\/","logo":{"@type":"ImageObject","inLanguage":"es","@id":"https:\/\/diariotextual.com\/inicio\/#\/schema\/logo\/image\/","url":"https:\/\/diariotextual.com\/inicio\/wp-content\/uploads\/2023\/05\/logotextual1.jpg","contentUrl":"https:\/\/diariotextual.com\/inicio\/wp-content\/uploads\/2023\/05\/logotextual1.jpg","width":516,"height":76,"caption":"Diario Textual"},"image":{"@id":"https:\/\/diariotextual.com\/inicio\/#\/schema\/logo\/image\/"},"sameAs":["https:\/\/www.facebook.com\/eltextual","https:\/\/x.com\/eltextual","http:\/\/www.instagram.com\/eltextual"]},{"@type":"Person","@id":"https:\/\/diariotextual.com\/inicio\/#\/schema\/person\/c7834961ad8b29b1d9cdbf4571299067","name":"diario5","image":{"@type":"ImageObject","inLanguage":"es","@id":"https:\/\/secure.gravatar.com\/avatar\/948c893b847ca6df68216ead81b63f363408ec9b0f600fefc0641ce78613b111?s=96&d=mm&r=g","url":"https:\/\/secure.gravatar.com\/avatar\/948c893b847ca6df68216ead81b63f363408ec9b0f600fefc0641ce78613b111?s=96&d=mm&r=g","contentUrl":"https:\/\/secure.gravatar.com\/avatar\/948c893b847ca6df68216ead81b63f363408ec9b0f600fefc0641ce78613b111?s=96&d=mm&r=g","caption":"diario5"},"url":"https:\/\/diariotextual.com\/inicio\/index.php\/author\/diario5\/"}]}},"_links":{"self":[{"href":"https:\/\/diariotextual.com\/inicio\/index.php\/wp-json\/wp\/v2\/posts\/56909","targetHints":{"allow":["GET"]}}],"collection":[{"href":"https:\/\/diariotextual.com\/inicio\/index.php\/wp-json\/wp\/v2\/posts"}],"about":[{"href":"https:\/\/diariotextual.com\/inicio\/index.php\/wp-json\/wp\/v2\/types\/post"}],"author":[{"embeddable":true,"href":"https:\/\/diariotextual.com\/inicio\/index.php\/wp-json\/wp\/v2\/users\/7"}],"replies":[{"embeddable":true,"href":"https:\/\/diariotextual.com\/inicio\/index.php\/wp-json\/wp\/v2\/comments?post=56909"}],"version-history":[{"count":2,"href":"https:\/\/diariotextual.com\/inicio\/index.php\/wp-json\/wp\/v2\/posts\/56909\/revisions"}],"predecessor-version":[{"id":56923,"href":"https:\/\/diariotextual.com\/inicio\/index.php\/wp-json\/wp\/v2\/posts\/56909\/revisions\/56923"}],"wp:featuredmedia":[{"embeddable":true,"href":"https:\/\/diariotextual.com\/inicio\/index.php\/wp-json\/wp\/v2\/media\/33421"}],"wp:attachment":[{"href":"https:\/\/diariotextual.com\/inicio\/index.php\/wp-json\/wp\/v2\/media?parent=56909"}],"wp:term":[{"taxonomy":"category","embeddable":true,"href":"https:\/\/diariotextual.com\/inicio\/index.php\/wp-json\/wp\/v2\/categories?post=56909"},{"taxonomy":"post_tag","embeddable":true,"href":"https:\/\/diariotextual.com\/inicio\/index.php\/wp-json\/wp\/v2\/tags?post=56909"}],"curies":[{"name":"wp","href":"https:\/\/api.w.org\/{rel}","templated":true}]}}