{"id":56929,"date":"2019-07-25T06:47:30","date_gmt":"2019-07-25T09:47:30","guid":{"rendered":"http:\/\/diariotextual.com\/inicio\/?p=56929"},"modified":"2019-07-25T16:49:30","modified_gmt":"2019-07-25T19:49:30","slug":"mes-del-femicidio-valeria-coggiola-tamboras-pidio-perpetua","status":"publish","type":"post","link":"https:\/\/diariotextual.com\/inicio\/index.php\/2019\/07\/25\/mes-del-femicidio-valeria-coggiola-tamboras-pidio-perpetua\/","title":{"rendered":"Un mes del femicidio de Valeria Coggiola: Tamboras pidi\u00f3 perpetua"},"content":{"rendered":"<p>La organizaci\u00f3n feminista Tamboras del Viento pidi\u00f3, a un mes del femicidio de Valeria Coggiola, la prisi\u00f3n perpetua al acusado Enzo Gauna.<\/p>\n<p>\u00abNo estamos todas, un mes sin Valeria.\u00a0Hoy hace un mes que General Pico amanec\u00eda con otra muerta m\u00e1s, v\u00edctima de femicidio. Valeria Coggiola muri\u00f3 brutalmente a manos de Enzo Gauna, quien por este hecho actualmente se encuentra a la espera de juicio, por \u00e9poca de feria judicial\u00bb, sostuvo la agrupaci\u00f3n en un comunicado de prensa. \u00abDesde Tamboras del Viento, en conjunto con la sociedad, gritamos justicia por Valeria y exigimos cadena perpetua para el femicida\u00bb.<\/p>\n<p>\u00abNi una menos, Vivas nos queremos, no debe ser s\u00f3lo un slogan vac\u00edo, necesitamos real protecci\u00f3n y toma de conciencia social, para vivir seguras, con el compromiso y sororidad de quienes somos testigos y conocemos v\u00edctimas de violencia machista, acompa\u00f1ando, denunciando, visibilizando, creyendo en la voz de las mujeres, que son violentadas, agraviadas, maltratadas y hasta juzgadas por el s\u00f3lo hecho de ser mujer\u00bb, sostuvo Tamboras. \u00abAunque nos duela Valeria, no les daremos nunca m\u00e1s la comodidad de nuestro silencio, seguiremos saliendo a las calles, gritando, reclamando y acompa\u00f1ando a cada una de nuestras hermanas que nos necesiten, invitando que toda la comunidad nos acompa\u00f1e en cada reclamo\u00bb, finaliz\u00f3.<\/p>\n<p>Valeria fue asesinada el martes 25 de junio en su casa de Pico a\u00a0<strong>cuchillazos<\/strong>\u00a0por\u00a0<strong>Enzo Gauna<\/strong>, un changar\u00edn y boxeador de Catril\u00f3.<\/p>\n<p>\u00bfQu\u00e9 se conoce p\u00fablicamente hasta ahora? Que Gauna estaba de novio o en pareja con Valeria desde noviembre de 2018.\u00a0<strong>Nunca hubo denuncias por violencia de g\u00e9nero en esa relaci\u00f3n. Tampoco los familiares o amigos de Valeria mencionaron que hayan observado situaciones de violencia entre ellos.<\/strong><\/p>\n<p>Gauna es de Catril\u00f3, donde hace changas. El lunes 24 viaj\u00f3 desde su pueblo a Pico a visitar a Valeria, quien era mam\u00e1 de tres nenes de entre 3 y 13 a\u00f1os, de otra relaci\u00f3n.<\/p>\n<p>Estuvo desde las 9 horas de la ma\u00f1ana de ese lunes hasta las 5 de la madrugada del martes, minutos despu\u00e9s de cometer el asesinato, en la casa de la calle 106 entre 23 y 25, en el barrio\u00a0<strong>El Molino<\/strong>.<\/p>\n<p><strong>Le dio unas 20 pu\u00f1aladas, con una cuchilla de cocina:<\/strong>\u00a016 en el cuello, dos en el torso y dos en el abdomen. \u00abFue de una sa\u00f1a indescriptible\u00bb, dijeron investigadores.<\/p>\n<p>En la casa estaban dos de los tres hijos de Valeria. Se encontraban durmiendo en una habitaci\u00f3n contigua.<\/p>\n<p><strong>Gauna huy\u00f3 del lugar. Cerr\u00f3 la puerta de ingreso y dej\u00f3 la llave fuera.<\/strong>\u00a0Tom\u00f3<strong>\u00a0la moto de Valeria, con la que se traslad\u00f3 a la terminal de \u00f3mnibus.<\/strong>\u00a0Desde all\u00ed\u00a0<strong>se comunic\u00f3, por tel\u00e9fono, con un conocido o amigo de Catril\u00f3<\/strong>.<strong>\u00a0Le confes\u00f3 el asesinato y le pidi\u00f3 que lo fuera a buscar a Quem\u00fa<\/strong>. Ya en Catril\u00f3, fue detenido.<\/p>\n<p>&nbsp;<\/p>\n<p>&nbsp;<\/p>\n<p>&nbsp;<\/p>\n","protected":false},"excerpt":{"rendered":"<p>La organizaci\u00f3n feminista Tamboras del Viento pidi\u00f3, a un mes del femicidio de Valeria Coggiola, la prisi\u00f3n perpetua al acusado Enzo Gauna. \u00abNo estamos todas, un mes sin Valeria.\u00a0Hoy hace&hellip;<\/p>\n","protected":false},"author":3,"featured_media":54050,"comment_status":"closed","ping_status":"open","sticky":false,"template":"","format":"standard","meta":{"_acf_changed":false,"footnotes":""},"categories":[319,12],"tags":[2048],"class_list":["post-56929","post","type-post","status-publish","format-standard","has-post-thumbnail","hentry","category-a-temporales","category-sociedad","tag-coggiola"],"acf":[],"yoast_head":"<!-- This site is optimized with the Yoast SEO plugin v27.5 - https:\/\/yoast.com\/product\/yoast-seo-wordpress\/ -->\n<title>Un mes del femicidio de Valeria Coggiola: Tamboras pidi\u00f3 perpetua - Diario Textual<\/title>\n<meta name=\"robots\" content=\"index, follow, max-snippet:-1, max-image-preview:large, max-video-preview:-1\" \/>\n<link rel=\"canonical\" href=\"https:\/\/diariotextual.com\/inicio\/index.php\/2019\/07\/25\/mes-del-femicidio-valeria-coggiola-tamboras-pidio-perpetua\/\" \/>\n<meta property=\"og:locale\" content=\"es_ES\" \/>\n<meta property=\"og:type\" content=\"article\" \/>\n<meta property=\"og:title\" content=\"Un mes del femicidio de Valeria Coggiola: Tamboras pidi\u00f3 perpetua - Diario Textual\" \/>\n<meta property=\"og:description\" content=\"La organizaci\u00f3n feminista Tamboras del Viento pidi\u00f3, a un mes del femicidio de Valeria Coggiola, la prisi\u00f3n perpetua al acusado Enzo Gauna. \u00abNo estamos todas, un mes sin Valeria.\u00a0Hoy hace&hellip;\" \/>\n<meta property=\"og:url\" content=\"https:\/\/diariotextual.com\/inicio\/index.php\/2019\/07\/25\/mes-del-femicidio-valeria-coggiola-tamboras-pidio-perpetua\/\" \/>\n<meta property=\"og:site_name\" content=\"Diario Textual\" \/>\n<meta property=\"article:publisher\" content=\"https:\/\/www.facebook.com\/eltextual\" \/>\n<meta property=\"article:published_time\" content=\"2019-07-25T09:47:30+00:00\" \/>\n<meta property=\"article:modified_time\" content=\"2019-07-25T19:49:30+00:00\" \/>\n<meta property=\"og:image\" content=\"https:\/\/diariotextual.com\/inicio\/wp-content\/uploads\/2019\/06\/coggiolavaleriamarchapicopampadiario2019-1.jpeg\" \/>\n\t<meta property=\"og:image:width\" content=\"1280\" \/>\n\t<meta property=\"og:image:height\" content=\"853\" \/>\n\t<meta property=\"og:image:type\" content=\"image\/jpeg\" \/>\n<meta name=\"author\" content=\"Diario1 Diario1\" \/>\n<meta name=\"twitter:card\" content=\"summary_large_image\" \/>\n<meta name=\"twitter:creator\" content=\"@eltextual\" \/>\n<meta name=\"twitter:site\" content=\"@eltextual\" \/>\n<meta name=\"twitter:label1\" content=\"Escrito por\" \/>\n\t<meta name=\"twitter:data1\" content=\"Diario1 Diario1\" \/>\n\t<meta name=\"twitter:label2\" content=\"Tiempo de lectura\" \/>\n\t<meta name=\"twitter:data2\" content=\"2 minutos\" \/>\n<script type=\"application\/ld+json\" class=\"yoast-schema-graph\">{\"@context\":\"https:\\\/\\\/schema.org\",\"@graph\":[{\"@type\":\"Article\",\"@id\":\"https:\\\/\\\/diariotextual.com\\\/inicio\\\/index.php\\\/2019\\\/07\\\/25\\\/mes-del-femicidio-valeria-coggiola-tamboras-pidio-perpetua\\\/#article\",\"isPartOf\":{\"@id\":\"https:\\\/\\\/diariotextual.com\\\/inicio\\\/index.php\\\/2019\\\/07\\\/25\\\/mes-del-femicidio-valeria-coggiola-tamboras-pidio-perpetua\\\/\"},\"author\":{\"name\":\"Diario1 Diario1\",\"@id\":\"https:\\\/\\\/diariotextual.com\\\/inicio\\\/#\\\/schema\\\/person\\\/418fc4093c33e86ed41562db3508f958\"},\"headline\":\"Un mes del femicidio de Valeria Coggiola: Tamboras pidi\u00f3 perpetua\",\"datePublished\":\"2019-07-25T09:47:30+00:00\",\"dateModified\":\"2019-07-25T19:49:30+00:00\",\"mainEntityOfPage\":{\"@id\":\"https:\\\/\\\/diariotextual.com\\\/inicio\\\/index.php\\\/2019\\\/07\\\/25\\\/mes-del-femicidio-valeria-coggiola-tamboras-pidio-perpetua\\\/\"},\"wordCount\":490,\"publisher\":{\"@id\":\"https:\\\/\\\/diariotextual.com\\\/inicio\\\/#organization\"},\"image\":{\"@id\":\"https:\\\/\\\/diariotextual.com\\\/inicio\\\/index.php\\\/2019\\\/07\\\/25\\\/mes-del-femicidio-valeria-coggiola-tamboras-pidio-perpetua\\\/#primaryimage\"},\"thumbnailUrl\":\"https:\\\/\\\/diariotextual.com\\\/inicio\\\/wp-content\\\/uploads\\\/2019\\\/06\\\/coggiolavaleriamarchapicopampadiario2019-1.jpeg\",\"keywords\":[\"coggiola\"],\"articleSection\":[\"A - TEMPORALES\",\"SOCIEDAD\"],\"inLanguage\":\"es\"},{\"@type\":\"WebPage\",\"@id\":\"https:\\\/\\\/diariotextual.com\\\/inicio\\\/index.php\\\/2019\\\/07\\\/25\\\/mes-del-femicidio-valeria-coggiola-tamboras-pidio-perpetua\\\/\",\"url\":\"https:\\\/\\\/diariotextual.com\\\/inicio\\\/index.php\\\/2019\\\/07\\\/25\\\/mes-del-femicidio-valeria-coggiola-tamboras-pidio-perpetua\\\/\",\"name\":\"Un mes del femicidio de Valeria Coggiola: Tamboras pidi\u00f3 perpetua - Diario Textual\",\"isPartOf\":{\"@id\":\"https:\\\/\\\/diariotextual.com\\\/inicio\\\/#website\"},\"primaryImageOfPage\":{\"@id\":\"https:\\\/\\\/diariotextual.com\\\/inicio\\\/index.php\\\/2019\\\/07\\\/25\\\/mes-del-femicidio-valeria-coggiola-tamboras-pidio-perpetua\\\/#primaryimage\"},\"image\":{\"@id\":\"https:\\\/\\\/diariotextual.com\\\/inicio\\\/index.php\\\/2019\\\/07\\\/25\\\/mes-del-femicidio-valeria-coggiola-tamboras-pidio-perpetua\\\/#primaryimage\"},\"thumbnailUrl\":\"https:\\\/\\\/diariotextual.com\\\/inicio\\\/wp-content\\\/uploads\\\/2019\\\/06\\\/coggiolavaleriamarchapicopampadiario2019-1.jpeg\",\"datePublished\":\"2019-07-25T09:47:30+00:00\",\"dateModified\":\"2019-07-25T19:49:30+00:00\",\"breadcrumb\":{\"@id\":\"https:\\\/\\\/diariotextual.com\\\/inicio\\\/index.php\\\/2019\\\/07\\\/25\\\/mes-del-femicidio-valeria-coggiola-tamboras-pidio-perpetua\\\/#breadcrumb\"},\"inLanguage\":\"es\",\"potentialAction\":[{\"@type\":\"ReadAction\",\"target\":[\"https:\\\/\\\/diariotextual.com\\\/inicio\\\/index.php\\\/2019\\\/07\\\/25\\\/mes-del-femicidio-valeria-coggiola-tamboras-pidio-perpetua\\\/\"]}]},{\"@type\":\"ImageObject\",\"inLanguage\":\"es\",\"@id\":\"https:\\\/\\\/diariotextual.com\\\/inicio\\\/index.php\\\/2019\\\/07\\\/25\\\/mes-del-femicidio-valeria-coggiola-tamboras-pidio-perpetua\\\/#primaryimage\",\"url\":\"https:\\\/\\\/diariotextual.com\\\/inicio\\\/wp-content\\\/uploads\\\/2019\\\/06\\\/coggiolavaleriamarchapicopampadiario2019-1.jpeg\",\"contentUrl\":\"https:\\\/\\\/diariotextual.com\\\/inicio\\\/wp-content\\\/uploads\\\/2019\\\/06\\\/coggiolavaleriamarchapicopampadiario2019-1.jpeg\",\"width\":1280,\"height\":853,\"caption\":\"Liliana Alvarez, la madre de Valeria Coggiola (Foto gentileza de Pampa Diario)\"},{\"@type\":\"BreadcrumbList\",\"@id\":\"https:\\\/\\\/diariotextual.com\\\/inicio\\\/index.php\\\/2019\\\/07\\\/25\\\/mes-del-femicidio-valeria-coggiola-tamboras-pidio-perpetua\\\/#breadcrumb\",\"itemListElement\":[{\"@type\":\"ListItem\",\"position\":1,\"name\":\"Portada\",\"item\":\"https:\\\/\\\/diariotextual.com\\\/inicio\\\/\"},{\"@type\":\"ListItem\",\"position\":2,\"name\":\"Un mes del femicidio de Valeria Coggiola: Tamboras pidi\u00f3 perpetua\"}]},{\"@type\":\"WebSite\",\"@id\":\"https:\\\/\\\/diariotextual.com\\\/inicio\\\/#website\",\"url\":\"https:\\\/\\\/diariotextual.com\\\/inicio\\\/\",\"name\":\"Diario Textual\",\"description\":\"\",\"publisher\":{\"@id\":\"https:\\\/\\\/diariotextual.com\\\/inicio\\\/#organization\"},\"potentialAction\":[{\"@type\":\"SearchAction\",\"target\":{\"@type\":\"EntryPoint\",\"urlTemplate\":\"https:\\\/\\\/diariotextual.com\\\/inicio\\\/?s={search_term_string}\"},\"query-input\":{\"@type\":\"PropertyValueSpecification\",\"valueRequired\":true,\"valueName\":\"search_term_string\"}}],\"inLanguage\":\"es\"},{\"@type\":\"Organization\",\"@id\":\"https:\\\/\\\/diariotextual.com\\\/inicio\\\/#organization\",\"name\":\"Diario Textual\",\"url\":\"https:\\\/\\\/diariotextual.com\\\/inicio\\\/\",\"logo\":{\"@type\":\"ImageObject\",\"inLanguage\":\"es\",\"@id\":\"https:\\\/\\\/diariotextual.com\\\/inicio\\\/#\\\/schema\\\/logo\\\/image\\\/\",\"url\":\"https:\\\/\\\/diariotextual.com\\\/inicio\\\/wp-content\\\/uploads\\\/2023\\\/05\\\/logotextual1.jpg\",\"contentUrl\":\"https:\\\/\\\/diariotextual.com\\\/inicio\\\/wp-content\\\/uploads\\\/2023\\\/05\\\/logotextual1.jpg\",\"width\":516,\"height\":76,\"caption\":\"Diario Textual\"},\"image\":{\"@id\":\"https:\\\/\\\/diariotextual.com\\\/inicio\\\/#\\\/schema\\\/logo\\\/image\\\/\"},\"sameAs\":[\"https:\\\/\\\/www.facebook.com\\\/eltextual\",\"https:\\\/\\\/x.com\\\/eltextual\",\"http:\\\/\\\/www.instagram.com\\\/eltextual\"]},{\"@type\":\"Person\",\"@id\":\"https:\\\/\\\/diariotextual.com\\\/inicio\\\/#\\\/schema\\\/person\\\/418fc4093c33e86ed41562db3508f958\",\"name\":\"Diario1 Diario1\",\"image\":{\"@type\":\"ImageObject\",\"inLanguage\":\"es\",\"@id\":\"https:\\\/\\\/secure.gravatar.com\\\/avatar\\\/9167d280179c85bc18be67aa7eda765854300033af4896dd779b608640f2ef7a?s=96&d=mm&r=g\",\"url\":\"https:\\\/\\\/secure.gravatar.com\\\/avatar\\\/9167d280179c85bc18be67aa7eda765854300033af4896dd779b608640f2ef7a?s=96&d=mm&r=g\",\"contentUrl\":\"https:\\\/\\\/secure.gravatar.com\\\/avatar\\\/9167d280179c85bc18be67aa7eda765854300033af4896dd779b608640f2ef7a?s=96&d=mm&r=g\",\"caption\":\"Diario1 Diario1\"},\"url\":\"https:\\\/\\\/diariotextual.com\\\/inicio\\\/index.php\\\/author\\\/diario1\\\/\"}]}<\/script>\n<!-- \/ Yoast SEO plugin. -->","yoast_head_json":{"title":"Un mes del femicidio de Valeria Coggiola: Tamboras pidi\u00f3 perpetua - Diario Textual","robots":{"index":"index","follow":"follow","max-snippet":"max-snippet:-1","max-image-preview":"max-image-preview:large","max-video-preview":"max-video-preview:-1"},"canonical":"https:\/\/diariotextual.com\/inicio\/index.php\/2019\/07\/25\/mes-del-femicidio-valeria-coggiola-tamboras-pidio-perpetua\/","og_locale":"es_ES","og_type":"article","og_title":"Un mes del femicidio de Valeria Coggiola: Tamboras pidi\u00f3 perpetua - Diario Textual","og_description":"La organizaci\u00f3n feminista Tamboras del Viento pidi\u00f3, a un mes del femicidio de Valeria Coggiola, la prisi\u00f3n perpetua al acusado Enzo Gauna. \u00abNo estamos todas, un mes sin Valeria.\u00a0Hoy hace&hellip;","og_url":"https:\/\/diariotextual.com\/inicio\/index.php\/2019\/07\/25\/mes-del-femicidio-valeria-coggiola-tamboras-pidio-perpetua\/","og_site_name":"Diario Textual","article_publisher":"https:\/\/www.facebook.com\/eltextual","article_published_time":"2019-07-25T09:47:30+00:00","article_modified_time":"2019-07-25T19:49:30+00:00","og_image":[{"width":1280,"height":853,"url":"https:\/\/diariotextual.com\/inicio\/wp-content\/uploads\/2019\/06\/coggiolavaleriamarchapicopampadiario2019-1.jpeg","type":"image\/jpeg"}],"author":"Diario1 Diario1","twitter_card":"summary_large_image","twitter_creator":"@eltextual","twitter_site":"@eltextual","twitter_misc":{"Escrito por":"Diario1 Diario1","Tiempo de lectura":"2 minutos"},"schema":{"@context":"https:\/\/schema.org","@graph":[{"@type":"Article","@id":"https:\/\/diariotextual.com\/inicio\/index.php\/2019\/07\/25\/mes-del-femicidio-valeria-coggiola-tamboras-pidio-perpetua\/#article","isPartOf":{"@id":"https:\/\/diariotextual.com\/inicio\/index.php\/2019\/07\/25\/mes-del-femicidio-valeria-coggiola-tamboras-pidio-perpetua\/"},"author":{"name":"Diario1 Diario1","@id":"https:\/\/diariotextual.com\/inicio\/#\/schema\/person\/418fc4093c33e86ed41562db3508f958"},"headline":"Un mes del femicidio de Valeria Coggiola: Tamboras pidi\u00f3 perpetua","datePublished":"2019-07-25T09:47:30+00:00","dateModified":"2019-07-25T19:49:30+00:00","mainEntityOfPage":{"@id":"https:\/\/diariotextual.com\/inicio\/index.php\/2019\/07\/25\/mes-del-femicidio-valeria-coggiola-tamboras-pidio-perpetua\/"},"wordCount":490,"publisher":{"@id":"https:\/\/diariotextual.com\/inicio\/#organization"},"image":{"@id":"https:\/\/diariotextual.com\/inicio\/index.php\/2019\/07\/25\/mes-del-femicidio-valeria-coggiola-tamboras-pidio-perpetua\/#primaryimage"},"thumbnailUrl":"https:\/\/diariotextual.com\/inicio\/wp-content\/uploads\/2019\/06\/coggiolavaleriamarchapicopampadiario2019-1.jpeg","keywords":["coggiola"],"articleSection":["A - TEMPORALES","SOCIEDAD"],"inLanguage":"es"},{"@type":"WebPage","@id":"https:\/\/diariotextual.com\/inicio\/index.php\/2019\/07\/25\/mes-del-femicidio-valeria-coggiola-tamboras-pidio-perpetua\/","url":"https:\/\/diariotextual.com\/inicio\/index.php\/2019\/07\/25\/mes-del-femicidio-valeria-coggiola-tamboras-pidio-perpetua\/","name":"Un mes del femicidio de Valeria Coggiola: Tamboras pidi\u00f3 perpetua - Diario Textual","isPartOf":{"@id":"https:\/\/diariotextual.com\/inicio\/#website"},"primaryImageOfPage":{"@id":"https:\/\/diariotextual.com\/inicio\/index.php\/2019\/07\/25\/mes-del-femicidio-valeria-coggiola-tamboras-pidio-perpetua\/#primaryimage"},"image":{"@id":"https:\/\/diariotextual.com\/inicio\/index.php\/2019\/07\/25\/mes-del-femicidio-valeria-coggiola-tamboras-pidio-perpetua\/#primaryimage"},"thumbnailUrl":"https:\/\/diariotextual.com\/inicio\/wp-content\/uploads\/2019\/06\/coggiolavaleriamarchapicopampadiario2019-1.jpeg","datePublished":"2019-07-25T09:47:30+00:00","dateModified":"2019-07-25T19:49:30+00:00","breadcrumb":{"@id":"https:\/\/diariotextual.com\/inicio\/index.php\/2019\/07\/25\/mes-del-femicidio-valeria-coggiola-tamboras-pidio-perpetua\/#breadcrumb"},"inLanguage":"es","potentialAction":[{"@type":"ReadAction","target":["https:\/\/diariotextual.com\/inicio\/index.php\/2019\/07\/25\/mes-del-femicidio-valeria-coggiola-tamboras-pidio-perpetua\/"]}]},{"@type":"ImageObject","inLanguage":"es","@id":"https:\/\/diariotextual.com\/inicio\/index.php\/2019\/07\/25\/mes-del-femicidio-valeria-coggiola-tamboras-pidio-perpetua\/#primaryimage","url":"https:\/\/diariotextual.com\/inicio\/wp-content\/uploads\/2019\/06\/coggiolavaleriamarchapicopampadiario2019-1.jpeg","contentUrl":"https:\/\/diariotextual.com\/inicio\/wp-content\/uploads\/2019\/06\/coggiolavaleriamarchapicopampadiario2019-1.jpeg","width":1280,"height":853,"caption":"Liliana Alvarez, la madre de Valeria Coggiola (Foto gentileza de Pampa Diario)"},{"@type":"BreadcrumbList","@id":"https:\/\/diariotextual.com\/inicio\/index.php\/2019\/07\/25\/mes-del-femicidio-valeria-coggiola-tamboras-pidio-perpetua\/#breadcrumb","itemListElement":[{"@type":"ListItem","position":1,"name":"Portada","item":"https:\/\/diariotextual.com\/inicio\/"},{"@type":"ListItem","position":2,"name":"Un mes del femicidio de Valeria Coggiola: Tamboras pidi\u00f3 perpetua"}]},{"@type":"WebSite","@id":"https:\/\/diariotextual.com\/inicio\/#website","url":"https:\/\/diariotextual.com\/inicio\/","name":"Diario Textual","description":"","publisher":{"@id":"https:\/\/diariotextual.com\/inicio\/#organization"},"potentialAction":[{"@type":"SearchAction","target":{"@type":"EntryPoint","urlTemplate":"https:\/\/diariotextual.com\/inicio\/?s={search_term_string}"},"query-input":{"@type":"PropertyValueSpecification","valueRequired":true,"valueName":"search_term_string"}}],"inLanguage":"es"},{"@type":"Organization","@id":"https:\/\/diariotextual.com\/inicio\/#organization","name":"Diario Textual","url":"https:\/\/diariotextual.com\/inicio\/","logo":{"@type":"ImageObject","inLanguage":"es","@id":"https:\/\/diariotextual.com\/inicio\/#\/schema\/logo\/image\/","url":"https:\/\/diariotextual.com\/inicio\/wp-content\/uploads\/2023\/05\/logotextual1.jpg","contentUrl":"https:\/\/diariotextual.com\/inicio\/wp-content\/uploads\/2023\/05\/logotextual1.jpg","width":516,"height":76,"caption":"Diario Textual"},"image":{"@id":"https:\/\/diariotextual.com\/inicio\/#\/schema\/logo\/image\/"},"sameAs":["https:\/\/www.facebook.com\/eltextual","https:\/\/x.com\/eltextual","http:\/\/www.instagram.com\/eltextual"]},{"@type":"Person","@id":"https:\/\/diariotextual.com\/inicio\/#\/schema\/person\/418fc4093c33e86ed41562db3508f958","name":"Diario1 Diario1","image":{"@type":"ImageObject","inLanguage":"es","@id":"https:\/\/secure.gravatar.com\/avatar\/9167d280179c85bc18be67aa7eda765854300033af4896dd779b608640f2ef7a?s=96&d=mm&r=g","url":"https:\/\/secure.gravatar.com\/avatar\/9167d280179c85bc18be67aa7eda765854300033af4896dd779b608640f2ef7a?s=96&d=mm&r=g","contentUrl":"https:\/\/secure.gravatar.com\/avatar\/9167d280179c85bc18be67aa7eda765854300033af4896dd779b608640f2ef7a?s=96&d=mm&r=g","caption":"Diario1 Diario1"},"url":"https:\/\/diariotextual.com\/inicio\/index.php\/author\/diario1\/"}]}},"_links":{"self":[{"href":"https:\/\/diariotextual.com\/inicio\/index.php\/wp-json\/wp\/v2\/posts\/56929","targetHints":{"allow":["GET"]}}],"collection":[{"href":"https:\/\/diariotextual.com\/inicio\/index.php\/wp-json\/wp\/v2\/posts"}],"about":[{"href":"https:\/\/diariotextual.com\/inicio\/index.php\/wp-json\/wp\/v2\/types\/post"}],"author":[{"embeddable":true,"href":"https:\/\/diariotextual.com\/inicio\/index.php\/wp-json\/wp\/v2\/users\/3"}],"replies":[{"embeddable":true,"href":"https:\/\/diariotextual.com\/inicio\/index.php\/wp-json\/wp\/v2\/comments?post=56929"}],"version-history":[{"count":2,"href":"https:\/\/diariotextual.com\/inicio\/index.php\/wp-json\/wp\/v2\/posts\/56929\/revisions"}],"predecessor-version":[{"id":57007,"href":"https:\/\/diariotextual.com\/inicio\/index.php\/wp-json\/wp\/v2\/posts\/56929\/revisions\/57007"}],"wp:featuredmedia":[{"embeddable":true,"href":"https:\/\/diariotextual.com\/inicio\/index.php\/wp-json\/wp\/v2\/media\/54050"}],"wp:attachment":[{"href":"https:\/\/diariotextual.com\/inicio\/index.php\/wp-json\/wp\/v2\/media?parent=56929"}],"wp:term":[{"taxonomy":"category","embeddable":true,"href":"https:\/\/diariotextual.com\/inicio\/index.php\/wp-json\/wp\/v2\/categories?post=56929"},{"taxonomy":"post_tag","embeddable":true,"href":"https:\/\/diariotextual.com\/inicio\/index.php\/wp-json\/wp\/v2\/tags?post=56929"}],"curies":[{"name":"wp","href":"https:\/\/api.w.org\/{rel}","templated":true}]}}