{"id":56953,"date":"2019-07-24T12:54:21","date_gmt":"2019-07-24T15:54:21","guid":{"rendered":"http:\/\/diariotextual.com\/inicio\/?p=56953"},"modified":"2019-07-24T18:16:37","modified_gmt":"2019-07-24T21:16:37","slug":"ano-carcel-golpear-pareja","status":"publish","type":"post","link":"https:\/\/diariotextual.com\/inicio\/index.php\/2019\/07\/24\/ano-carcel-golpear-pareja\/","title":{"rendered":"Un a\u00f1o de c\u00e1rcel por golpear a su pareja"},"content":{"rendered":"<p>Edgar Jos\u00e9 Ben\u00edtez, un panadero y carpintero de 33 a\u00f1os, fue condenado hoy a un a\u00f1o de prisi\u00f3n de cumplimiento efectivo, manteni\u00e9ndosele la condici\u00f3n de reincidente, por golpear y amenazar a su pareja, inform\u00f3 el \u00e1rea de Prensa de la Justicia pampeana.<\/p>\n<p>Ben\u00edtez fue encontrado autor de los delitos de lesiones leves calificadas por la relaci\u00f3n de pareja, en concurso real con amenazas simples; y lesiones leves, en perjuicio de dos v\u00edctimas; hechos que fueron enmarcados en las normas de la ley 26.485 de Protecci\u00f3n integral para prevenir, sancionar y erradicar la violencia contra las mujeres en los \u00e1mbitos en que desarrollen sus relaciones interpersonales.<\/p>\n<p>Ello pas\u00f3 hace menos de un mes, en la madrugada del jueves 20 de junio, cuando Ben\u00edtez -en la vivienda que compart\u00edan- inici\u00f3 una discusi\u00f3n con su pareja, que al intensificarse continu\u00f3 \u201ccon agresiones f\u00edsicas\u201d violentas hacia ella. Paralelamente le exigi\u00f3 \u201cdinero para irse de la casa\u201d, seg\u00fan dice el fallo dictado hoy por la jueza de audiencia de Santa Rosa, Alejandra Ongaro.<\/p>\n<p>En esas circunstancias, en el domicilio tambi\u00e9n estaba la nuera de la v\u00edctima, quien fue a pedirle ayuda a los vecinos. \u201cAnd\u00e1 a buscarla porque si me denuncia, los mato a todos\u201d, le dijo el acusado a su pareja. Adem\u00e1s, cuando quiso interceder para evitar que siguiera golpeando a la v\u00edctima, Ben\u00edtez le dio un golpe en el rostro a ella. Finalmente lleg\u00f3 la Polic\u00eda y detuvo al agresor.<\/p>\n<p>La sentencia de Ongaro fue dispuesta en el marco de un acuerdo de juicio abreviado firmado por el fiscal Marcos Hern\u00e1n Sacco, la defensora oficial Paula Arrigone y el propio imputado, quien ten\u00eda antecedentes penales registrables.<\/p>\n<p>\u201cAnalizada la prueba y valorada conforme las reglas de la sana cr\u00edtica, tengo la certeza de la existencia de los hechos investigados que fueran puntualmente fijados en el acuerdo, como as\u00ed tambi\u00e9n que el acusado Ben\u00edtez result\u00f3 ser el autor material\u201d, se\u00f1al\u00f3 la magistrada.<\/p>\n<p>\u201cEl marco en el que se produjeron ambos sucesos, y especialmente el v\u00ednculo de pareja existente, impone que estos hechos sean valorados conforme a las pautas que se establecen en la ley 26.485\u201d de Protecci\u00f3n Integral contras las Mujeres, concluy\u00f3 Ongaro.<\/p>\n<p>Ben\u00edtez hab\u00eda sido condenado por la propia jueza, en otro abreviado, el 1 de marzo de este a\u00f1o por robo simple en grado de tentativa, por querer resultarle en la v\u00eda p\u00fablica a un hombre la suma de 1.900 pesos.<\/p>\n<p>&nbsp;<\/p>\n<p>&nbsp;<\/p>\n","protected":false},"excerpt":{"rendered":"<p>Edgar Jos\u00e9 Ben\u00edtez, un panadero y carpintero de 33 a\u00f1os, fue condenado hoy a un a\u00f1o de prisi\u00f3n de cumplimiento efectivo, manteni\u00e9ndosele la condici\u00f3n de reincidente, por golpear y amenazar&hellip;<\/p>\n","protected":false},"author":3,"featured_media":26851,"comment_status":"closed","ping_status":"open","sticky":false,"template":"","format":"standard","meta":{"_acf_changed":false,"footnotes":""},"categories":[319,12],"tags":[],"class_list":["post-56953","post","type-post","status-publish","format-standard","has-post-thumbnail","hentry","category-a-temporales","category-sociedad"],"acf":[],"yoast_head":"<!-- This site is optimized with the Yoast SEO plugin v27.5 - https:\/\/yoast.com\/product\/yoast-seo-wordpress\/ -->\n<title>Un a\u00f1o de c\u00e1rcel por golpear a su pareja - Diario Textual<\/title>\n<meta name=\"robots\" content=\"index, follow, max-snippet:-1, max-image-preview:large, max-video-preview:-1\" \/>\n<link rel=\"canonical\" href=\"https:\/\/diariotextual.com\/inicio\/index.php\/2019\/07\/24\/ano-carcel-golpear-pareja\/\" \/>\n<meta property=\"og:locale\" content=\"es_ES\" \/>\n<meta property=\"og:type\" content=\"article\" \/>\n<meta property=\"og:title\" content=\"Un a\u00f1o de c\u00e1rcel por golpear a su pareja - Diario Textual\" \/>\n<meta property=\"og:description\" content=\"Edgar Jos\u00e9 Ben\u00edtez, un panadero y carpintero de 33 a\u00f1os, fue condenado hoy a un a\u00f1o de prisi\u00f3n de cumplimiento efectivo, manteni\u00e9ndosele la condici\u00f3n de reincidente, por golpear y amenazar&hellip;\" \/>\n<meta property=\"og:url\" content=\"https:\/\/diariotextual.com\/inicio\/index.php\/2019\/07\/24\/ano-carcel-golpear-pareja\/\" \/>\n<meta property=\"og:site_name\" content=\"Diario Textual\" \/>\n<meta property=\"article:publisher\" content=\"https:\/\/www.facebook.com\/eltextual\" \/>\n<meta property=\"article:published_time\" content=\"2019-07-24T15:54:21+00:00\" \/>\n<meta property=\"article:modified_time\" content=\"2019-07-24T21:16:37+00:00\" \/>\n<meta property=\"og:image\" content=\"https:\/\/diariotextual.com\/inicio\/wp-content\/uploads\/2018\/11\/niunamenos9121111.jpg\" \/>\n\t<meta property=\"og:image:width\" content=\"580\" \/>\n\t<meta property=\"og:image:height\" content=\"350\" \/>\n\t<meta property=\"og:image:type\" content=\"image\/jpeg\" \/>\n<meta name=\"author\" content=\"Diario1 Diario1\" \/>\n<meta name=\"twitter:card\" content=\"summary_large_image\" \/>\n<meta name=\"twitter:creator\" content=\"@eltextual\" \/>\n<meta name=\"twitter:site\" content=\"@eltextual\" \/>\n<meta name=\"twitter:label1\" content=\"Escrito por\" \/>\n\t<meta name=\"twitter:data1\" content=\"Diario1 Diario1\" \/>\n\t<meta name=\"twitter:label2\" content=\"Tiempo de lectura\" \/>\n\t<meta name=\"twitter:data2\" content=\"2 minutos\" \/>\n<script type=\"application\/ld+json\" class=\"yoast-schema-graph\">{\"@context\":\"https:\\\/\\\/schema.org\",\"@graph\":[{\"@type\":\"Article\",\"@id\":\"https:\\\/\\\/diariotextual.com\\\/inicio\\\/index.php\\\/2019\\\/07\\\/24\\\/ano-carcel-golpear-pareja\\\/#article\",\"isPartOf\":{\"@id\":\"https:\\\/\\\/diariotextual.com\\\/inicio\\\/index.php\\\/2019\\\/07\\\/24\\\/ano-carcel-golpear-pareja\\\/\"},\"author\":{\"name\":\"Diario1 Diario1\",\"@id\":\"https:\\\/\\\/diariotextual.com\\\/inicio\\\/#\\\/schema\\\/person\\\/418fc4093c33e86ed41562db3508f958\"},\"headline\":\"Un a\u00f1o de c\u00e1rcel por golpear a su pareja\",\"datePublished\":\"2019-07-24T15:54:21+00:00\",\"dateModified\":\"2019-07-24T21:16:37+00:00\",\"mainEntityOfPage\":{\"@id\":\"https:\\\/\\\/diariotextual.com\\\/inicio\\\/index.php\\\/2019\\\/07\\\/24\\\/ano-carcel-golpear-pareja\\\/\"},\"wordCount\":439,\"publisher\":{\"@id\":\"https:\\\/\\\/diariotextual.com\\\/inicio\\\/#organization\"},\"image\":{\"@id\":\"https:\\\/\\\/diariotextual.com\\\/inicio\\\/index.php\\\/2019\\\/07\\\/24\\\/ano-carcel-golpear-pareja\\\/#primaryimage\"},\"thumbnailUrl\":\"https:\\\/\\\/diariotextual.com\\\/inicio\\\/wp-content\\\/uploads\\\/2018\\\/11\\\/niunamenos9121111.jpg\",\"articleSection\":[\"A - TEMPORALES\",\"SOCIEDAD\"],\"inLanguage\":\"es\"},{\"@type\":\"WebPage\",\"@id\":\"https:\\\/\\\/diariotextual.com\\\/inicio\\\/index.php\\\/2019\\\/07\\\/24\\\/ano-carcel-golpear-pareja\\\/\",\"url\":\"https:\\\/\\\/diariotextual.com\\\/inicio\\\/index.php\\\/2019\\\/07\\\/24\\\/ano-carcel-golpear-pareja\\\/\",\"name\":\"Un a\u00f1o de c\u00e1rcel por golpear a su pareja - Diario Textual\",\"isPartOf\":{\"@id\":\"https:\\\/\\\/diariotextual.com\\\/inicio\\\/#website\"},\"primaryImageOfPage\":{\"@id\":\"https:\\\/\\\/diariotextual.com\\\/inicio\\\/index.php\\\/2019\\\/07\\\/24\\\/ano-carcel-golpear-pareja\\\/#primaryimage\"},\"image\":{\"@id\":\"https:\\\/\\\/diariotextual.com\\\/inicio\\\/index.php\\\/2019\\\/07\\\/24\\\/ano-carcel-golpear-pareja\\\/#primaryimage\"},\"thumbnailUrl\":\"https:\\\/\\\/diariotextual.com\\\/inicio\\\/wp-content\\\/uploads\\\/2018\\\/11\\\/niunamenos9121111.jpg\",\"datePublished\":\"2019-07-24T15:54:21+00:00\",\"dateModified\":\"2019-07-24T21:16:37+00:00\",\"breadcrumb\":{\"@id\":\"https:\\\/\\\/diariotextual.com\\\/inicio\\\/index.php\\\/2019\\\/07\\\/24\\\/ano-carcel-golpear-pareja\\\/#breadcrumb\"},\"inLanguage\":\"es\",\"potentialAction\":[{\"@type\":\"ReadAction\",\"target\":[\"https:\\\/\\\/diariotextual.com\\\/inicio\\\/index.php\\\/2019\\\/07\\\/24\\\/ano-carcel-golpear-pareja\\\/\"]}]},{\"@type\":\"ImageObject\",\"inLanguage\":\"es\",\"@id\":\"https:\\\/\\\/diariotextual.com\\\/inicio\\\/index.php\\\/2019\\\/07\\\/24\\\/ano-carcel-golpear-pareja\\\/#primaryimage\",\"url\":\"https:\\\/\\\/diariotextual.com\\\/inicio\\\/wp-content\\\/uploads\\\/2018\\\/11\\\/niunamenos9121111.jpg\",\"contentUrl\":\"https:\\\/\\\/diariotextual.com\\\/inicio\\\/wp-content\\\/uploads\\\/2018\\\/11\\\/niunamenos9121111.jpg\",\"width\":580,\"height\":350},{\"@type\":\"BreadcrumbList\",\"@id\":\"https:\\\/\\\/diariotextual.com\\\/inicio\\\/index.php\\\/2019\\\/07\\\/24\\\/ano-carcel-golpear-pareja\\\/#breadcrumb\",\"itemListElement\":[{\"@type\":\"ListItem\",\"position\":1,\"name\":\"Portada\",\"item\":\"https:\\\/\\\/diariotextual.com\\\/inicio\\\/\"},{\"@type\":\"ListItem\",\"position\":2,\"name\":\"Un a\u00f1o de c\u00e1rcel por golpear a su pareja\"}]},{\"@type\":\"WebSite\",\"@id\":\"https:\\\/\\\/diariotextual.com\\\/inicio\\\/#website\",\"url\":\"https:\\\/\\\/diariotextual.com\\\/inicio\\\/\",\"name\":\"Diario Textual\",\"description\":\"\",\"publisher\":{\"@id\":\"https:\\\/\\\/diariotextual.com\\\/inicio\\\/#organization\"},\"potentialAction\":[{\"@type\":\"SearchAction\",\"target\":{\"@type\":\"EntryPoint\",\"urlTemplate\":\"https:\\\/\\\/diariotextual.com\\\/inicio\\\/?s={search_term_string}\"},\"query-input\":{\"@type\":\"PropertyValueSpecification\",\"valueRequired\":true,\"valueName\":\"search_term_string\"}}],\"inLanguage\":\"es\"},{\"@type\":\"Organization\",\"@id\":\"https:\\\/\\\/diariotextual.com\\\/inicio\\\/#organization\",\"name\":\"Diario Textual\",\"url\":\"https:\\\/\\\/diariotextual.com\\\/inicio\\\/\",\"logo\":{\"@type\":\"ImageObject\",\"inLanguage\":\"es\",\"@id\":\"https:\\\/\\\/diariotextual.com\\\/inicio\\\/#\\\/schema\\\/logo\\\/image\\\/\",\"url\":\"https:\\\/\\\/diariotextual.com\\\/inicio\\\/wp-content\\\/uploads\\\/2023\\\/05\\\/logotextual1.jpg\",\"contentUrl\":\"https:\\\/\\\/diariotextual.com\\\/inicio\\\/wp-content\\\/uploads\\\/2023\\\/05\\\/logotextual1.jpg\",\"width\":516,\"height\":76,\"caption\":\"Diario Textual\"},\"image\":{\"@id\":\"https:\\\/\\\/diariotextual.com\\\/inicio\\\/#\\\/schema\\\/logo\\\/image\\\/\"},\"sameAs\":[\"https:\\\/\\\/www.facebook.com\\\/eltextual\",\"https:\\\/\\\/x.com\\\/eltextual\",\"http:\\\/\\\/www.instagram.com\\\/eltextual\"]},{\"@type\":\"Person\",\"@id\":\"https:\\\/\\\/diariotextual.com\\\/inicio\\\/#\\\/schema\\\/person\\\/418fc4093c33e86ed41562db3508f958\",\"name\":\"Diario1 Diario1\",\"image\":{\"@type\":\"ImageObject\",\"inLanguage\":\"es\",\"@id\":\"https:\\\/\\\/secure.gravatar.com\\\/avatar\\\/9167d280179c85bc18be67aa7eda765854300033af4896dd779b608640f2ef7a?s=96&d=mm&r=g\",\"url\":\"https:\\\/\\\/secure.gravatar.com\\\/avatar\\\/9167d280179c85bc18be67aa7eda765854300033af4896dd779b608640f2ef7a?s=96&d=mm&r=g\",\"contentUrl\":\"https:\\\/\\\/secure.gravatar.com\\\/avatar\\\/9167d280179c85bc18be67aa7eda765854300033af4896dd779b608640f2ef7a?s=96&d=mm&r=g\",\"caption\":\"Diario1 Diario1\"},\"url\":\"https:\\\/\\\/diariotextual.com\\\/inicio\\\/index.php\\\/author\\\/diario1\\\/\"}]}<\/script>\n<!-- \/ Yoast SEO plugin. -->","yoast_head_json":{"title":"Un a\u00f1o de c\u00e1rcel por golpear a su pareja - Diario Textual","robots":{"index":"index","follow":"follow","max-snippet":"max-snippet:-1","max-image-preview":"max-image-preview:large","max-video-preview":"max-video-preview:-1"},"canonical":"https:\/\/diariotextual.com\/inicio\/index.php\/2019\/07\/24\/ano-carcel-golpear-pareja\/","og_locale":"es_ES","og_type":"article","og_title":"Un a\u00f1o de c\u00e1rcel por golpear a su pareja - Diario Textual","og_description":"Edgar Jos\u00e9 Ben\u00edtez, un panadero y carpintero de 33 a\u00f1os, fue condenado hoy a un a\u00f1o de prisi\u00f3n de cumplimiento efectivo, manteni\u00e9ndosele la condici\u00f3n de reincidente, por golpear y amenazar&hellip;","og_url":"https:\/\/diariotextual.com\/inicio\/index.php\/2019\/07\/24\/ano-carcel-golpear-pareja\/","og_site_name":"Diario Textual","article_publisher":"https:\/\/www.facebook.com\/eltextual","article_published_time":"2019-07-24T15:54:21+00:00","article_modified_time":"2019-07-24T21:16:37+00:00","og_image":[{"width":580,"height":350,"url":"https:\/\/diariotextual.com\/inicio\/wp-content\/uploads\/2018\/11\/niunamenos9121111.jpg","type":"image\/jpeg"}],"author":"Diario1 Diario1","twitter_card":"summary_large_image","twitter_creator":"@eltextual","twitter_site":"@eltextual","twitter_misc":{"Escrito por":"Diario1 Diario1","Tiempo de lectura":"2 minutos"},"schema":{"@context":"https:\/\/schema.org","@graph":[{"@type":"Article","@id":"https:\/\/diariotextual.com\/inicio\/index.php\/2019\/07\/24\/ano-carcel-golpear-pareja\/#article","isPartOf":{"@id":"https:\/\/diariotextual.com\/inicio\/index.php\/2019\/07\/24\/ano-carcel-golpear-pareja\/"},"author":{"name":"Diario1 Diario1","@id":"https:\/\/diariotextual.com\/inicio\/#\/schema\/person\/418fc4093c33e86ed41562db3508f958"},"headline":"Un a\u00f1o de c\u00e1rcel por golpear a su pareja","datePublished":"2019-07-24T15:54:21+00:00","dateModified":"2019-07-24T21:16:37+00:00","mainEntityOfPage":{"@id":"https:\/\/diariotextual.com\/inicio\/index.php\/2019\/07\/24\/ano-carcel-golpear-pareja\/"},"wordCount":439,"publisher":{"@id":"https:\/\/diariotextual.com\/inicio\/#organization"},"image":{"@id":"https:\/\/diariotextual.com\/inicio\/index.php\/2019\/07\/24\/ano-carcel-golpear-pareja\/#primaryimage"},"thumbnailUrl":"https:\/\/diariotextual.com\/inicio\/wp-content\/uploads\/2018\/11\/niunamenos9121111.jpg","articleSection":["A - TEMPORALES","SOCIEDAD"],"inLanguage":"es"},{"@type":"WebPage","@id":"https:\/\/diariotextual.com\/inicio\/index.php\/2019\/07\/24\/ano-carcel-golpear-pareja\/","url":"https:\/\/diariotextual.com\/inicio\/index.php\/2019\/07\/24\/ano-carcel-golpear-pareja\/","name":"Un a\u00f1o de c\u00e1rcel por golpear a su pareja - Diario Textual","isPartOf":{"@id":"https:\/\/diariotextual.com\/inicio\/#website"},"primaryImageOfPage":{"@id":"https:\/\/diariotextual.com\/inicio\/index.php\/2019\/07\/24\/ano-carcel-golpear-pareja\/#primaryimage"},"image":{"@id":"https:\/\/diariotextual.com\/inicio\/index.php\/2019\/07\/24\/ano-carcel-golpear-pareja\/#primaryimage"},"thumbnailUrl":"https:\/\/diariotextual.com\/inicio\/wp-content\/uploads\/2018\/11\/niunamenos9121111.jpg","datePublished":"2019-07-24T15:54:21+00:00","dateModified":"2019-07-24T21:16:37+00:00","breadcrumb":{"@id":"https:\/\/diariotextual.com\/inicio\/index.php\/2019\/07\/24\/ano-carcel-golpear-pareja\/#breadcrumb"},"inLanguage":"es","potentialAction":[{"@type":"ReadAction","target":["https:\/\/diariotextual.com\/inicio\/index.php\/2019\/07\/24\/ano-carcel-golpear-pareja\/"]}]},{"@type":"ImageObject","inLanguage":"es","@id":"https:\/\/diariotextual.com\/inicio\/index.php\/2019\/07\/24\/ano-carcel-golpear-pareja\/#primaryimage","url":"https:\/\/diariotextual.com\/inicio\/wp-content\/uploads\/2018\/11\/niunamenos9121111.jpg","contentUrl":"https:\/\/diariotextual.com\/inicio\/wp-content\/uploads\/2018\/11\/niunamenos9121111.jpg","width":580,"height":350},{"@type":"BreadcrumbList","@id":"https:\/\/diariotextual.com\/inicio\/index.php\/2019\/07\/24\/ano-carcel-golpear-pareja\/#breadcrumb","itemListElement":[{"@type":"ListItem","position":1,"name":"Portada","item":"https:\/\/diariotextual.com\/inicio\/"},{"@type":"ListItem","position":2,"name":"Un a\u00f1o de c\u00e1rcel por golpear a su pareja"}]},{"@type":"WebSite","@id":"https:\/\/diariotextual.com\/inicio\/#website","url":"https:\/\/diariotextual.com\/inicio\/","name":"Diario Textual","description":"","publisher":{"@id":"https:\/\/diariotextual.com\/inicio\/#organization"},"potentialAction":[{"@type":"SearchAction","target":{"@type":"EntryPoint","urlTemplate":"https:\/\/diariotextual.com\/inicio\/?s={search_term_string}"},"query-input":{"@type":"PropertyValueSpecification","valueRequired":true,"valueName":"search_term_string"}}],"inLanguage":"es"},{"@type":"Organization","@id":"https:\/\/diariotextual.com\/inicio\/#organization","name":"Diario Textual","url":"https:\/\/diariotextual.com\/inicio\/","logo":{"@type":"ImageObject","inLanguage":"es","@id":"https:\/\/diariotextual.com\/inicio\/#\/schema\/logo\/image\/","url":"https:\/\/diariotextual.com\/inicio\/wp-content\/uploads\/2023\/05\/logotextual1.jpg","contentUrl":"https:\/\/diariotextual.com\/inicio\/wp-content\/uploads\/2023\/05\/logotextual1.jpg","width":516,"height":76,"caption":"Diario Textual"},"image":{"@id":"https:\/\/diariotextual.com\/inicio\/#\/schema\/logo\/image\/"},"sameAs":["https:\/\/www.facebook.com\/eltextual","https:\/\/x.com\/eltextual","http:\/\/www.instagram.com\/eltextual"]},{"@type":"Person","@id":"https:\/\/diariotextual.com\/inicio\/#\/schema\/person\/418fc4093c33e86ed41562db3508f958","name":"Diario1 Diario1","image":{"@type":"ImageObject","inLanguage":"es","@id":"https:\/\/secure.gravatar.com\/avatar\/9167d280179c85bc18be67aa7eda765854300033af4896dd779b608640f2ef7a?s=96&d=mm&r=g","url":"https:\/\/secure.gravatar.com\/avatar\/9167d280179c85bc18be67aa7eda765854300033af4896dd779b608640f2ef7a?s=96&d=mm&r=g","contentUrl":"https:\/\/secure.gravatar.com\/avatar\/9167d280179c85bc18be67aa7eda765854300033af4896dd779b608640f2ef7a?s=96&d=mm&r=g","caption":"Diario1 Diario1"},"url":"https:\/\/diariotextual.com\/inicio\/index.php\/author\/diario1\/"}]}},"_links":{"self":[{"href":"https:\/\/diariotextual.com\/inicio\/index.php\/wp-json\/wp\/v2\/posts\/56953","targetHints":{"allow":["GET"]}}],"collection":[{"href":"https:\/\/diariotextual.com\/inicio\/index.php\/wp-json\/wp\/v2\/posts"}],"about":[{"href":"https:\/\/diariotextual.com\/inicio\/index.php\/wp-json\/wp\/v2\/types\/post"}],"author":[{"embeddable":true,"href":"https:\/\/diariotextual.com\/inicio\/index.php\/wp-json\/wp\/v2\/users\/3"}],"replies":[{"embeddable":true,"href":"https:\/\/diariotextual.com\/inicio\/index.php\/wp-json\/wp\/v2\/comments?post=56953"}],"version-history":[{"count":1,"href":"https:\/\/diariotextual.com\/inicio\/index.php\/wp-json\/wp\/v2\/posts\/56953\/revisions"}],"predecessor-version":[{"id":56954,"href":"https:\/\/diariotextual.com\/inicio\/index.php\/wp-json\/wp\/v2\/posts\/56953\/revisions\/56954"}],"wp:featuredmedia":[{"embeddable":true,"href":"https:\/\/diariotextual.com\/inicio\/index.php\/wp-json\/wp\/v2\/media\/26851"}],"wp:attachment":[{"href":"https:\/\/diariotextual.com\/inicio\/index.php\/wp-json\/wp\/v2\/media?parent=56953"}],"wp:term":[{"taxonomy":"category","embeddable":true,"href":"https:\/\/diariotextual.com\/inicio\/index.php\/wp-json\/wp\/v2\/categories?post=56953"},{"taxonomy":"post_tag","embeddable":true,"href":"https:\/\/diariotextual.com\/inicio\/index.php\/wp-json\/wp\/v2\/tags?post=56953"}],"curies":[{"name":"wp","href":"https:\/\/api.w.org\/{rel}","templated":true}]}}