{"id":56961,"date":"2019-07-24T14:33:00","date_gmt":"2019-07-24T17:33:00","guid":{"rendered":"http:\/\/diariotextual.com\/inicio\/?p=56961"},"modified":"2019-07-25T11:09:41","modified_gmt":"2019-07-25T14:09:41","slug":"hola-mauricio-presidente-arranco-campana-la-pampa-audio-empresario","status":"publish","type":"post","link":"https:\/\/diariotextual.com\/inicio\/index.php\/2019\/07\/24\/hola-mauricio-presidente-arranco-campana-la-pampa-audio-empresario\/","title":{"rendered":"\u00abHola, soy Mauricio\u00bb: el presidente arranc\u00f3 su campa\u00f1a en La Pampa con un audio a un empresario"},"content":{"rendered":"<p><strong>No tendr\u00eda nada de espont\u00e1neo ni de genuino, p<\/strong><strong>ero lo parece.<\/strong> La <strong>estrategia comunicacional<\/strong> de la Casa Rosada, <strong>aceitad\u00edsima<\/strong> como ninguna otra,<strong> hizo pie en La Pampa con todo<\/strong>: el mism\u00edsimo presidente<strong> Mauricio Macri le envi\u00f3 en la ma\u00f1ana de este mi\u00e9rcoles 24 un breve mensaje por Whatsapp a uno de los due\u00f1os de la empresa de casillas El Im\u00e1n<\/strong>, de la localidad norte\u00f1a de Alta Italia. <strong>En minutos, ese audio se viraliz\u00f3 en la provincia<\/strong>. Tambi\u00e9n, la respuesta de <strong>Mat\u00edas Prat<\/strong>, el encargado de la gerencia de la firma.<\/p>\n<p><iframe src=\"https:\/\/w.soundcloud.com\/player\/?url=https%3A\/\/api.soundcloud.com\/tracks\/655802096&amp;color=%23ff5500&amp;auto_play=false&amp;hide_related=false&amp;show_comments=true&amp;show_user=true&amp;show_reposts=false&amp;show_teaser=true&amp;visual=true\" width=\"100%\" height=\"300\" frameborder=\"no\" scrolling=\"no\"><\/iframe><\/p>\n<p>&nbsp;<\/p>\n<p><strong>\u201cHola Mat\u00edas. Soy Mauricio Macri. Felicitarte a vos y tu familia por apostar al crecimiento de pueblo y desearles \u00e9xito para cuando empiecen a exportar. Un abrazo grande para todos los trabajadores. Vamos a llenar de casillas el sector petrolero\u201d<\/strong>, dice el jefe de Estado en ese mensaje.<\/p>\n<p>El audio fue replicado por los contactos del empresario y, en minutos, tambi\u00e9n por dirigentes del macrismo y el radicalismo pampeano.<\/p>\n<p>Mat\u00edas Prat le respondi\u00f3 por el mismo medio. \u00abMauricio\u2026 Buenos d\u00edas, \u00bfc\u00f3mo le va presidente? La verdad que no todas las ma\u00f1anas se recibe un mensaje del presidente de la naci\u00f3n. Cuando lo vi en la pantalla de mi celular, la verdad que qued\u00e9 shockeado\u00bb, dijo. \u00abLe agradezco much\u00edsimo en nombre m\u00edo y en nombre de toda mi familia que compone el grupo familiar de la empresa casillas El Im\u00e1n. Le agradecemos mucho el saludo, su apoyo y esperemos que todas las cosas funcionen de ac\u00e1 para adelante y vamos a trabajar para que eso suceda. Le deseamos toda la suerte del mundo y todo el apoyo necesario de parte nuestra. Estamos muy orgullosos de fabricar lo que fabricamos y de poder exportarlo a otros pa\u00edses desde ac\u00e1 desde nuestro pueblo, Alta Italia La Pampa, y con la gente que tenemos justamente ocupada\u00bb.<\/p>\n<p>&nbsp;<\/p>\n<p><strong>El \u00abdetr\u00e1s\u00bb de este mensaje<\/strong><\/p>\n<p>Este parece un saludo m\u00e1s. Pero es uno de los cerca de 30 mensajes que Macri env\u00eda, por d\u00eda, a diferentes empresarios y referentes de instituciones de diferentes puntos del pa\u00eds.<\/p>\n<p>Todo tiene un detr\u00e1s. En el caso de La Pampa, la pareja de Mat\u00edas Prat es<strong> Celina Rivas<\/strong>. Es una activa militante e incluso <strong>funcionaria de Cambiemos<\/strong>: est\u00e1 a cargo de la Oficina del Pami en Realic\u00f3.<\/p>\n<p>&nbsp;<\/p>\n<p><strong>Por fuera del radar de los medios tradicionales<\/strong><\/p>\n<p>Macri, por fuera del radar de los medios tradicionales, empez\u00f3 hace m\u00e1s de dos meses la campa\u00f1a de microsegmentaci\u00f3n en WhatsApp. Audios, selfies y textos son enviados todos los d\u00edas por el presidente de forma personalizada a destinatarios elegidos estrat\u00e9gicamente por el comando electoral de Juntos por el Cambio. Cuando le contestan, seg\u00fan el Gobierno, es \u00e9l mismo quien vuelve a responder, public\u00f3 hace unos d\u00edas el sitio web<strong> LetraP<\/strong>.<\/p>\n<p>\u00abEl objetivo es generar conversaciones en segmentos espec\u00edficos de la sociedad sobre sus temas de inter\u00e9s\u00bb, explic\u00f3 un funcionario de trato cotidiano con Marcos Pe\u00f1a. \u00abLa idea es que ellos reenv\u00eden los mensajes a sus grupos y que tambi\u00e9n los hagan p\u00fablicos. Son un contenido f\u00e1cil de viralizar\u00bb, agreg\u00f3. Hasta el mes pasado, Macri manten\u00eda por lo menos quince de estos chats por d\u00eda pero durante la campa\u00f1a ese n\u00famero se va a, por lo menos, duplicar. El equipo dirigido por Pe\u00f1a es el encargado de seleccionar a estas personalidades neur\u00e1lgicas mediante el cruce de sus bases de datos. Es una apuesta al mismo recurso que utiliz\u00f3 Ja\u00edr Bolsonaro en su mete\u00f3rica campa\u00f1a para convertirse en el actual presidente de Brasil.<\/p>\n<p>\u201cPrimero se elige a alguien que tenga su propia red de contactos dentro de la parte de la poblaci\u00f3n a la cual se quiere apuntar\u201d, explicaron desde el equipo comunicacional del oficialismo. \u201cEntonces, Mauricio le graba un audio donde le agradece por lo que hace d\u00eda a d\u00eda, le cuenta c\u00f3mo la gesti\u00f3n de este gobierno benefici\u00f3 a su sector y le explica las medidas concretas que se van a tomar en el futuro para facilitar su trabajo y su vida cotidiana\u201d.<\/p>\n<p>No es la primera vez que se ponen en circulaci\u00f3n mensajes de candidatos como contenido para que se reenv\u00ede de manera genuina. El oficialismo lo ensay\u00f3 en campa\u00f1as municipales como la del diputado nacional del PRO Mart\u00edn Maquieyra para disputar la intendencia de General Pico durante mayo de este a\u00f1o. \u201cLe dimos el tel\u00e9fono de Mart\u00edn a toda la ciudad\u201d, record\u00f3 alguien que trabaj\u00f3 codo a codo con Maquieyra en ese proceso. \u201cA medida que le mandaban mensajes con consultas, \u00e9l las iba contestando y muchas de esas respuestas circularon bastante en grupos diversos\u201d. Ahora, lo novedoso es la forma de elegir a los destinatarios, la llamada microsegmentaci\u00f3n.<\/p>\n<p>El uso de Whatsapp como herramienta comunicacional se sum\u00f3 a los llamados a vecinos y a la difusi\u00f3n tradicional en medios y redes sociales. <strong>Se intenta llegar al votante indeciso con contenido org\u00e1nico y espont\u00e1neo<\/strong>.<\/p>\n<p>&nbsp;<\/p>\n","protected":false},"excerpt":{"rendered":"<p>No tendr\u00eda nada de espont\u00e1neo ni de genuino, pero lo parece. La estrategia comunicacional de la Casa Rosada, aceitad\u00edsima como ninguna otra, hizo pie en La Pampa con todo: el&hellip;<\/p>\n","protected":false},"author":3,"featured_media":49331,"comment_status":"closed","ping_status":"open","sticky":false,"template":"","format":"standard","meta":{"_acf_changed":false,"footnotes":""},"categories":[319,8],"tags":[2117,120],"class_list":["post-56961","post","type-post","status-publish","format-standard","has-post-thumbnail","hentry","category-a-temporales","category-politica","tag-audio","tag-macri"],"acf":[],"yoast_head":"<!-- This site is optimized with the Yoast SEO plugin v27.5 - https:\/\/yoast.com\/product\/yoast-seo-wordpress\/ -->\n<title>&quot;Hola, soy Mauricio&quot;: el presidente arranc\u00f3 su campa\u00f1a en La Pampa con un audio a un empresario - Diario Textual<\/title>\n<meta name=\"robots\" content=\"index, follow, max-snippet:-1, max-image-preview:large, max-video-preview:-1\" \/>\n<link rel=\"canonical\" href=\"https:\/\/diariotextual.com\/inicio\/index.php\/2019\/07\/24\/hola-mauricio-presidente-arranco-campana-la-pampa-audio-empresario\/\" \/>\n<meta property=\"og:locale\" content=\"es_ES\" \/>\n<meta property=\"og:type\" content=\"article\" \/>\n<meta property=\"og:title\" content=\"&quot;Hola, soy Mauricio&quot;: el presidente arranc\u00f3 su campa\u00f1a en La Pampa con un audio a un empresario - Diario Textual\" \/>\n<meta property=\"og:description\" content=\"No tendr\u00eda nada de espont\u00e1neo ni de genuino, pero lo parece. La estrategia comunicacional de la Casa Rosada, aceitad\u00edsima como ninguna otra, hizo pie en La Pampa con todo: el&hellip;\" \/>\n<meta property=\"og:url\" content=\"https:\/\/diariotextual.com\/inicio\/index.php\/2019\/07\/24\/hola-mauricio-presidente-arranco-campana-la-pampa-audio-empresario\/\" \/>\n<meta property=\"og:site_name\" content=\"Diario Textual\" \/>\n<meta property=\"article:publisher\" content=\"https:\/\/www.facebook.com\/eltextual\" \/>\n<meta property=\"article:published_time\" content=\"2019-07-24T17:33:00+00:00\" \/>\n<meta property=\"article:modified_time\" content=\"2019-07-25T14:09:41+00:00\" \/>\n<meta property=\"og:image\" content=\"https:\/\/diariotextual.com\/inicio\/wp-content\/uploads\/2019\/05\/macrimauricio00003.png\" \/>\n\t<meta property=\"og:image:width\" content=\"764\" \/>\n\t<meta property=\"og:image:height\" content=\"480\" \/>\n\t<meta property=\"og:image:type\" content=\"image\/png\" \/>\n<meta name=\"author\" content=\"Diario1 Diario1\" \/>\n<meta name=\"twitter:card\" content=\"summary_large_image\" \/>\n<meta name=\"twitter:creator\" content=\"@eltextual\" \/>\n<meta name=\"twitter:site\" content=\"@eltextual\" \/>\n<meta name=\"twitter:label1\" content=\"Escrito por\" \/>\n\t<meta name=\"twitter:data1\" content=\"Diario1 Diario1\" \/>\n\t<meta name=\"twitter:label2\" content=\"Tiempo de lectura\" \/>\n\t<meta name=\"twitter:data2\" content=\"4 minutos\" \/>\n<script type=\"application\/ld+json\" class=\"yoast-schema-graph\">{\"@context\":\"https:\\\/\\\/schema.org\",\"@graph\":[{\"@type\":\"Article\",\"@id\":\"https:\\\/\\\/diariotextual.com\\\/inicio\\\/index.php\\\/2019\\\/07\\\/24\\\/hola-mauricio-presidente-arranco-campana-la-pampa-audio-empresario\\\/#article\",\"isPartOf\":{\"@id\":\"https:\\\/\\\/diariotextual.com\\\/inicio\\\/index.php\\\/2019\\\/07\\\/24\\\/hola-mauricio-presidente-arranco-campana-la-pampa-audio-empresario\\\/\"},\"author\":{\"name\":\"Diario1 Diario1\",\"@id\":\"https:\\\/\\\/diariotextual.com\\\/inicio\\\/#\\\/schema\\\/person\\\/418fc4093c33e86ed41562db3508f958\"},\"headline\":\"\u00abHola, soy Mauricio\u00bb: el presidente arranc\u00f3 su campa\u00f1a en La Pampa con un audio a un empresario\",\"datePublished\":\"2019-07-24T17:33:00+00:00\",\"dateModified\":\"2019-07-25T14:09:41+00:00\",\"mainEntityOfPage\":{\"@id\":\"https:\\\/\\\/diariotextual.com\\\/inicio\\\/index.php\\\/2019\\\/07\\\/24\\\/hola-mauricio-presidente-arranco-campana-la-pampa-audio-empresario\\\/\"},\"wordCount\":888,\"publisher\":{\"@id\":\"https:\\\/\\\/diariotextual.com\\\/inicio\\\/#organization\"},\"image\":{\"@id\":\"https:\\\/\\\/diariotextual.com\\\/inicio\\\/index.php\\\/2019\\\/07\\\/24\\\/hola-mauricio-presidente-arranco-campana-la-pampa-audio-empresario\\\/#primaryimage\"},\"thumbnailUrl\":\"https:\\\/\\\/diariotextual.com\\\/inicio\\\/wp-content\\\/uploads\\\/2019\\\/05\\\/macrimauricio00003.png\",\"keywords\":[\"audio\",\"macri\"],\"articleSection\":[\"A - TEMPORALES\",\"POLITICA\"],\"inLanguage\":\"es\"},{\"@type\":\"WebPage\",\"@id\":\"https:\\\/\\\/diariotextual.com\\\/inicio\\\/index.php\\\/2019\\\/07\\\/24\\\/hola-mauricio-presidente-arranco-campana-la-pampa-audio-empresario\\\/\",\"url\":\"https:\\\/\\\/diariotextual.com\\\/inicio\\\/index.php\\\/2019\\\/07\\\/24\\\/hola-mauricio-presidente-arranco-campana-la-pampa-audio-empresario\\\/\",\"name\":\"\\\"Hola, soy Mauricio\\\": el presidente arranc\u00f3 su campa\u00f1a en La Pampa con un audio a un empresario - Diario Textual\",\"isPartOf\":{\"@id\":\"https:\\\/\\\/diariotextual.com\\\/inicio\\\/#website\"},\"primaryImageOfPage\":{\"@id\":\"https:\\\/\\\/diariotextual.com\\\/inicio\\\/index.php\\\/2019\\\/07\\\/24\\\/hola-mauricio-presidente-arranco-campana-la-pampa-audio-empresario\\\/#primaryimage\"},\"image\":{\"@id\":\"https:\\\/\\\/diariotextual.com\\\/inicio\\\/index.php\\\/2019\\\/07\\\/24\\\/hola-mauricio-presidente-arranco-campana-la-pampa-audio-empresario\\\/#primaryimage\"},\"thumbnailUrl\":\"https:\\\/\\\/diariotextual.com\\\/inicio\\\/wp-content\\\/uploads\\\/2019\\\/05\\\/macrimauricio00003.png\",\"datePublished\":\"2019-07-24T17:33:00+00:00\",\"dateModified\":\"2019-07-25T14:09:41+00:00\",\"breadcrumb\":{\"@id\":\"https:\\\/\\\/diariotextual.com\\\/inicio\\\/index.php\\\/2019\\\/07\\\/24\\\/hola-mauricio-presidente-arranco-campana-la-pampa-audio-empresario\\\/#breadcrumb\"},\"inLanguage\":\"es\",\"potentialAction\":[{\"@type\":\"ReadAction\",\"target\":[\"https:\\\/\\\/diariotextual.com\\\/inicio\\\/index.php\\\/2019\\\/07\\\/24\\\/hola-mauricio-presidente-arranco-campana-la-pampa-audio-empresario\\\/\"]}]},{\"@type\":\"ImageObject\",\"inLanguage\":\"es\",\"@id\":\"https:\\\/\\\/diariotextual.com\\\/inicio\\\/index.php\\\/2019\\\/07\\\/24\\\/hola-mauricio-presidente-arranco-campana-la-pampa-audio-empresario\\\/#primaryimage\",\"url\":\"https:\\\/\\\/diariotextual.com\\\/inicio\\\/wp-content\\\/uploads\\\/2019\\\/05\\\/macrimauricio00003.png\",\"contentUrl\":\"https:\\\/\\\/diariotextual.com\\\/inicio\\\/wp-content\\\/uploads\\\/2019\\\/05\\\/macrimauricio00003.png\",\"width\":764,\"height\":480},{\"@type\":\"BreadcrumbList\",\"@id\":\"https:\\\/\\\/diariotextual.com\\\/inicio\\\/index.php\\\/2019\\\/07\\\/24\\\/hola-mauricio-presidente-arranco-campana-la-pampa-audio-empresario\\\/#breadcrumb\",\"itemListElement\":[{\"@type\":\"ListItem\",\"position\":1,\"name\":\"Portada\",\"item\":\"https:\\\/\\\/diariotextual.com\\\/inicio\\\/\"},{\"@type\":\"ListItem\",\"position\":2,\"name\":\"\u00abHola, soy Mauricio\u00bb: el presidente arranc\u00f3 su campa\u00f1a en La Pampa con un audio a un empresario\"}]},{\"@type\":\"WebSite\",\"@id\":\"https:\\\/\\\/diariotextual.com\\\/inicio\\\/#website\",\"url\":\"https:\\\/\\\/diariotextual.com\\\/inicio\\\/\",\"name\":\"Diario Textual\",\"description\":\"\",\"publisher\":{\"@id\":\"https:\\\/\\\/diariotextual.com\\\/inicio\\\/#organization\"},\"potentialAction\":[{\"@type\":\"SearchAction\",\"target\":{\"@type\":\"EntryPoint\",\"urlTemplate\":\"https:\\\/\\\/diariotextual.com\\\/inicio\\\/?s={search_term_string}\"},\"query-input\":{\"@type\":\"PropertyValueSpecification\",\"valueRequired\":true,\"valueName\":\"search_term_string\"}}],\"inLanguage\":\"es\"},{\"@type\":\"Organization\",\"@id\":\"https:\\\/\\\/diariotextual.com\\\/inicio\\\/#organization\",\"name\":\"Diario Textual\",\"url\":\"https:\\\/\\\/diariotextual.com\\\/inicio\\\/\",\"logo\":{\"@type\":\"ImageObject\",\"inLanguage\":\"es\",\"@id\":\"https:\\\/\\\/diariotextual.com\\\/inicio\\\/#\\\/schema\\\/logo\\\/image\\\/\",\"url\":\"https:\\\/\\\/diariotextual.com\\\/inicio\\\/wp-content\\\/uploads\\\/2023\\\/05\\\/logotextual1.jpg\",\"contentUrl\":\"https:\\\/\\\/diariotextual.com\\\/inicio\\\/wp-content\\\/uploads\\\/2023\\\/05\\\/logotextual1.jpg\",\"width\":516,\"height\":76,\"caption\":\"Diario Textual\"},\"image\":{\"@id\":\"https:\\\/\\\/diariotextual.com\\\/inicio\\\/#\\\/schema\\\/logo\\\/image\\\/\"},\"sameAs\":[\"https:\\\/\\\/www.facebook.com\\\/eltextual\",\"https:\\\/\\\/x.com\\\/eltextual\",\"http:\\\/\\\/www.instagram.com\\\/eltextual\"]},{\"@type\":\"Person\",\"@id\":\"https:\\\/\\\/diariotextual.com\\\/inicio\\\/#\\\/schema\\\/person\\\/418fc4093c33e86ed41562db3508f958\",\"name\":\"Diario1 Diario1\",\"image\":{\"@type\":\"ImageObject\",\"inLanguage\":\"es\",\"@id\":\"https:\\\/\\\/secure.gravatar.com\\\/avatar\\\/9167d280179c85bc18be67aa7eda765854300033af4896dd779b608640f2ef7a?s=96&d=mm&r=g\",\"url\":\"https:\\\/\\\/secure.gravatar.com\\\/avatar\\\/9167d280179c85bc18be67aa7eda765854300033af4896dd779b608640f2ef7a?s=96&d=mm&r=g\",\"contentUrl\":\"https:\\\/\\\/secure.gravatar.com\\\/avatar\\\/9167d280179c85bc18be67aa7eda765854300033af4896dd779b608640f2ef7a?s=96&d=mm&r=g\",\"caption\":\"Diario1 Diario1\"},\"url\":\"https:\\\/\\\/diariotextual.com\\\/inicio\\\/index.php\\\/author\\\/diario1\\\/\"}]}<\/script>\n<!-- \/ Yoast SEO plugin. -->","yoast_head_json":{"title":"\"Hola, soy Mauricio\": el presidente arranc\u00f3 su campa\u00f1a en La Pampa con un audio a un empresario - Diario Textual","robots":{"index":"index","follow":"follow","max-snippet":"max-snippet:-1","max-image-preview":"max-image-preview:large","max-video-preview":"max-video-preview:-1"},"canonical":"https:\/\/diariotextual.com\/inicio\/index.php\/2019\/07\/24\/hola-mauricio-presidente-arranco-campana-la-pampa-audio-empresario\/","og_locale":"es_ES","og_type":"article","og_title":"\"Hola, soy Mauricio\": el presidente arranc\u00f3 su campa\u00f1a en La Pampa con un audio a un empresario - Diario Textual","og_description":"No tendr\u00eda nada de espont\u00e1neo ni de genuino, pero lo parece. La estrategia comunicacional de la Casa Rosada, aceitad\u00edsima como ninguna otra, hizo pie en La Pampa con todo: el&hellip;","og_url":"https:\/\/diariotextual.com\/inicio\/index.php\/2019\/07\/24\/hola-mauricio-presidente-arranco-campana-la-pampa-audio-empresario\/","og_site_name":"Diario Textual","article_publisher":"https:\/\/www.facebook.com\/eltextual","article_published_time":"2019-07-24T17:33:00+00:00","article_modified_time":"2019-07-25T14:09:41+00:00","og_image":[{"width":764,"height":480,"url":"https:\/\/diariotextual.com\/inicio\/wp-content\/uploads\/2019\/05\/macrimauricio00003.png","type":"image\/png"}],"author":"Diario1 Diario1","twitter_card":"summary_large_image","twitter_creator":"@eltextual","twitter_site":"@eltextual","twitter_misc":{"Escrito por":"Diario1 Diario1","Tiempo de lectura":"4 minutos"},"schema":{"@context":"https:\/\/schema.org","@graph":[{"@type":"Article","@id":"https:\/\/diariotextual.com\/inicio\/index.php\/2019\/07\/24\/hola-mauricio-presidente-arranco-campana-la-pampa-audio-empresario\/#article","isPartOf":{"@id":"https:\/\/diariotextual.com\/inicio\/index.php\/2019\/07\/24\/hola-mauricio-presidente-arranco-campana-la-pampa-audio-empresario\/"},"author":{"name":"Diario1 Diario1","@id":"https:\/\/diariotextual.com\/inicio\/#\/schema\/person\/418fc4093c33e86ed41562db3508f958"},"headline":"\u00abHola, soy Mauricio\u00bb: el presidente arranc\u00f3 su campa\u00f1a en La Pampa con un audio a un empresario","datePublished":"2019-07-24T17:33:00+00:00","dateModified":"2019-07-25T14:09:41+00:00","mainEntityOfPage":{"@id":"https:\/\/diariotextual.com\/inicio\/index.php\/2019\/07\/24\/hola-mauricio-presidente-arranco-campana-la-pampa-audio-empresario\/"},"wordCount":888,"publisher":{"@id":"https:\/\/diariotextual.com\/inicio\/#organization"},"image":{"@id":"https:\/\/diariotextual.com\/inicio\/index.php\/2019\/07\/24\/hola-mauricio-presidente-arranco-campana-la-pampa-audio-empresario\/#primaryimage"},"thumbnailUrl":"https:\/\/diariotextual.com\/inicio\/wp-content\/uploads\/2019\/05\/macrimauricio00003.png","keywords":["audio","macri"],"articleSection":["A - TEMPORALES","POLITICA"],"inLanguage":"es"},{"@type":"WebPage","@id":"https:\/\/diariotextual.com\/inicio\/index.php\/2019\/07\/24\/hola-mauricio-presidente-arranco-campana-la-pampa-audio-empresario\/","url":"https:\/\/diariotextual.com\/inicio\/index.php\/2019\/07\/24\/hola-mauricio-presidente-arranco-campana-la-pampa-audio-empresario\/","name":"\"Hola, soy Mauricio\": el presidente arranc\u00f3 su campa\u00f1a en La Pampa con un audio a un empresario - Diario Textual","isPartOf":{"@id":"https:\/\/diariotextual.com\/inicio\/#website"},"primaryImageOfPage":{"@id":"https:\/\/diariotextual.com\/inicio\/index.php\/2019\/07\/24\/hola-mauricio-presidente-arranco-campana-la-pampa-audio-empresario\/#primaryimage"},"image":{"@id":"https:\/\/diariotextual.com\/inicio\/index.php\/2019\/07\/24\/hola-mauricio-presidente-arranco-campana-la-pampa-audio-empresario\/#primaryimage"},"thumbnailUrl":"https:\/\/diariotextual.com\/inicio\/wp-content\/uploads\/2019\/05\/macrimauricio00003.png","datePublished":"2019-07-24T17:33:00+00:00","dateModified":"2019-07-25T14:09:41+00:00","breadcrumb":{"@id":"https:\/\/diariotextual.com\/inicio\/index.php\/2019\/07\/24\/hola-mauricio-presidente-arranco-campana-la-pampa-audio-empresario\/#breadcrumb"},"inLanguage":"es","potentialAction":[{"@type":"ReadAction","target":["https:\/\/diariotextual.com\/inicio\/index.php\/2019\/07\/24\/hola-mauricio-presidente-arranco-campana-la-pampa-audio-empresario\/"]}]},{"@type":"ImageObject","inLanguage":"es","@id":"https:\/\/diariotextual.com\/inicio\/index.php\/2019\/07\/24\/hola-mauricio-presidente-arranco-campana-la-pampa-audio-empresario\/#primaryimage","url":"https:\/\/diariotextual.com\/inicio\/wp-content\/uploads\/2019\/05\/macrimauricio00003.png","contentUrl":"https:\/\/diariotextual.com\/inicio\/wp-content\/uploads\/2019\/05\/macrimauricio00003.png","width":764,"height":480},{"@type":"BreadcrumbList","@id":"https:\/\/diariotextual.com\/inicio\/index.php\/2019\/07\/24\/hola-mauricio-presidente-arranco-campana-la-pampa-audio-empresario\/#breadcrumb","itemListElement":[{"@type":"ListItem","position":1,"name":"Portada","item":"https:\/\/diariotextual.com\/inicio\/"},{"@type":"ListItem","position":2,"name":"\u00abHola, soy Mauricio\u00bb: el presidente arranc\u00f3 su campa\u00f1a en La Pampa con un audio a un empresario"}]},{"@type":"WebSite","@id":"https:\/\/diariotextual.com\/inicio\/#website","url":"https:\/\/diariotextual.com\/inicio\/","name":"Diario Textual","description":"","publisher":{"@id":"https:\/\/diariotextual.com\/inicio\/#organization"},"potentialAction":[{"@type":"SearchAction","target":{"@type":"EntryPoint","urlTemplate":"https:\/\/diariotextual.com\/inicio\/?s={search_term_string}"},"query-input":{"@type":"PropertyValueSpecification","valueRequired":true,"valueName":"search_term_string"}}],"inLanguage":"es"},{"@type":"Organization","@id":"https:\/\/diariotextual.com\/inicio\/#organization","name":"Diario Textual","url":"https:\/\/diariotextual.com\/inicio\/","logo":{"@type":"ImageObject","inLanguage":"es","@id":"https:\/\/diariotextual.com\/inicio\/#\/schema\/logo\/image\/","url":"https:\/\/diariotextual.com\/inicio\/wp-content\/uploads\/2023\/05\/logotextual1.jpg","contentUrl":"https:\/\/diariotextual.com\/inicio\/wp-content\/uploads\/2023\/05\/logotextual1.jpg","width":516,"height":76,"caption":"Diario Textual"},"image":{"@id":"https:\/\/diariotextual.com\/inicio\/#\/schema\/logo\/image\/"},"sameAs":["https:\/\/www.facebook.com\/eltextual","https:\/\/x.com\/eltextual","http:\/\/www.instagram.com\/eltextual"]},{"@type":"Person","@id":"https:\/\/diariotextual.com\/inicio\/#\/schema\/person\/418fc4093c33e86ed41562db3508f958","name":"Diario1 Diario1","image":{"@type":"ImageObject","inLanguage":"es","@id":"https:\/\/secure.gravatar.com\/avatar\/9167d280179c85bc18be67aa7eda765854300033af4896dd779b608640f2ef7a?s=96&d=mm&r=g","url":"https:\/\/secure.gravatar.com\/avatar\/9167d280179c85bc18be67aa7eda765854300033af4896dd779b608640f2ef7a?s=96&d=mm&r=g","contentUrl":"https:\/\/secure.gravatar.com\/avatar\/9167d280179c85bc18be67aa7eda765854300033af4896dd779b608640f2ef7a?s=96&d=mm&r=g","caption":"Diario1 Diario1"},"url":"https:\/\/diariotextual.com\/inicio\/index.php\/author\/diario1\/"}]}},"_links":{"self":[{"href":"https:\/\/diariotextual.com\/inicio\/index.php\/wp-json\/wp\/v2\/posts\/56961","targetHints":{"allow":["GET"]}}],"collection":[{"href":"https:\/\/diariotextual.com\/inicio\/index.php\/wp-json\/wp\/v2\/posts"}],"about":[{"href":"https:\/\/diariotextual.com\/inicio\/index.php\/wp-json\/wp\/v2\/types\/post"}],"author":[{"embeddable":true,"href":"https:\/\/diariotextual.com\/inicio\/index.php\/wp-json\/wp\/v2\/users\/3"}],"replies":[{"embeddable":true,"href":"https:\/\/diariotextual.com\/inicio\/index.php\/wp-json\/wp\/v2\/comments?post=56961"}],"version-history":[{"count":8,"href":"https:\/\/diariotextual.com\/inicio\/index.php\/wp-json\/wp\/v2\/posts\/56961\/revisions"}],"predecessor-version":[{"id":56969,"href":"https:\/\/diariotextual.com\/inicio\/index.php\/wp-json\/wp\/v2\/posts\/56961\/revisions\/56969"}],"wp:featuredmedia":[{"embeddable":true,"href":"https:\/\/diariotextual.com\/inicio\/index.php\/wp-json\/wp\/v2\/media\/49331"}],"wp:attachment":[{"href":"https:\/\/diariotextual.com\/inicio\/index.php\/wp-json\/wp\/v2\/media?parent=56961"}],"wp:term":[{"taxonomy":"category","embeddable":true,"href":"https:\/\/diariotextual.com\/inicio\/index.php\/wp-json\/wp\/v2\/categories?post=56961"},{"taxonomy":"post_tag","embeddable":true,"href":"https:\/\/diariotextual.com\/inicio\/index.php\/wp-json\/wp\/v2\/tags?post=56961"}],"curies":[{"name":"wp","href":"https:\/\/api.w.org\/{rel}","templated":true}]}}