{"id":56975,"date":"2019-07-24T18:28:43","date_gmt":"2019-07-24T21:28:43","guid":{"rendered":"http:\/\/diariotextual.com\/inicio\/?p=56975"},"modified":"2019-07-25T09:33:01","modified_gmt":"2019-07-25T12:33:01","slug":"fiscal-advierte-podria-llamar-indagatoria-usurpacion-la-toma-villa-uhalde","status":"publish","type":"post","link":"https:\/\/diariotextual.com\/inicio\/index.php\/2019\/07\/24\/fiscal-advierte-podria-llamar-indagatoria-usurpacion-la-toma-villa-uhalde\/","title":{"rendered":"Fiscal advierte que podr\u00eda llamar a indagatoria por la \u00abusurpaci\u00f3n\u00bb en la toma en Villa Uhalde"},"content":{"rendered":"<p>El fiscal <strong>Facundo Bon Derham<\/strong> pidi\u00f3 las actuaciones policiales por la toma de un terreno bald\u00edo de la municipal en el barrio de<strong> Villa Uhalde<\/strong>, al lado del cementerio de Santa Rosa, y advirti\u00f3 que podr\u00eda llamar a declarar a los acusados del delito de <strong>\u00abusurpaci\u00f3n\u00bb<\/strong>. Hasta ahora, en tanto, <strong>la Justicia no se ha metido con los otras tomas de terrenos de unas 300 familias<\/strong>.<\/p>\n<blockquote class=\"wp-embedded-content\" data-secret=\"JzWJhqVJQN\"><p><a href=\"http:\/\/diariotextual.com\/inicio\/index.php\/2019\/07\/24\/una-espiral-tomas-terrenos-ahora-al-lado-del-ex-molino-werner\/\">Hay una espiral de tomas de terrenos: ahora al lado del ex Molino Werner<\/a><\/p><\/blockquote>\n<p><iframe class=\"wp-embedded-content\" sandbox=\"allow-scripts\" security=\"restricted\" style=\"position: absolute; clip: rect(1px, 1px, 1px, 1px);\" src=\"http:\/\/diariotextual.com\/inicio\/index.php\/2019\/07\/24\/una-espiral-tomas-terrenos-ahora-al-lado-del-ex-molino-werner\/embed\/#?secret=JzWJhqVJQN\" data-secret=\"JzWJhqVJQN\" width=\"600\" height=\"338\" title=\"&#171;Hay una espiral de tomas de terrenos: ahora al lado del ex Molino Werner&#187; &#8212; Diario Textual\" frameborder=\"0\" marginwidth=\"0\" marginheight=\"0\" scrolling=\"no\"><\/iframe><\/p>\n<p>Este es una de las cuatro tomas de terrenos que se produjeron en el \u00faltimo mes en la capital provincial. Se trata de un peque\u00f1o terreno, que ocuparon cuatro familias, ubicado en Tom\u00e1s Mason y Discepolo.\u00a0 \u00abEl caso en concreto que dio motivo a la instrucci\u00f3n fiscal, corresponde a un predio ubicado sobre calle Discepolo y Tom\u00e1s Mason de la Ciudad Capital, el cual ha sido recientemente ocupado por varias personas.\u00a0El delito investigado es el delito de usurpaci\u00f3n previsto por el art. 181 inc. 1\u00b0 del CP el cual prev\u00e9 una pena privativa de la libertad de 6 meses a 3 a\u00f1os de prisi\u00f3n\u00bb, inform\u00f3 el fiscal.<\/p>\n<p>Adem\u00e1s, hay tomas de terrenos en otros puntos de la ciudad. Pero mucho m\u00e1s grandes: hay unas 150 familias en el asentamiento Nuevo Salitral -al lado de la laguna Don Tom\u00e1s, al noroeste- y otras 150 en el asentamiento Micaela Garc\u00eda -contiguo al barrio Santa Mar\u00eda de la Pampa, al noreste-. Tambi\u00e9n unas diez familias tomaron terrenos -aunque sin instalarse- en Italia y Farinatti, en Villa Germinal.<\/p>\n<p>El fiscal, en un comunicado, dijo que est\u00e1 actuando sobre el caso de Villa Uhalde. \u00abSe ha dado curso a una denuncia efectuada por el municipio y una vez acreditados los extremos legales pertinentes, no se descarta una pronta citaci\u00f3n a declaraci\u00f3n de imputados de las personas que de manera clandestina se encuentran ocupando dichos predios\u00bb, sostuvo.<\/p>\n<p>&nbsp;<\/p>\n<p>&nbsp;<\/p>\n","protected":false},"excerpt":{"rendered":"<p>El fiscal Facundo Bon Derham pidi\u00f3 las actuaciones policiales por la toma de un terreno bald\u00edo de la municipal en el barrio de Villa Uhalde, al lado del cementerio de&hellip;<\/p>\n","protected":false},"author":3,"featured_media":56873,"comment_status":"closed","ping_status":"open","sticky":false,"template":"","format":"standard","meta":{"_acf_changed":false,"footnotes":""},"categories":[319,12],"tags":[2101,2119,2118],"class_list":["post-56975","post","type-post","status-publish","format-standard","has-post-thumbnail","hentry","category-a-temporales","category-sociedad","tag-asentamientos","tag-fiscal","tag-uhalde"],"acf":[],"yoast_head":"<!-- This site is optimized with the Yoast SEO plugin v27.5 - https:\/\/yoast.com\/product\/yoast-seo-wordpress\/ -->\n<title>Fiscal advierte que podr\u00eda llamar a indagatoria por la &quot;usurpaci\u00f3n&quot; en la toma en Villa Uhalde - Diario Textual<\/title>\n<meta name=\"robots\" content=\"index, follow, max-snippet:-1, max-image-preview:large, max-video-preview:-1\" \/>\n<link rel=\"canonical\" href=\"https:\/\/diariotextual.com\/inicio\/index.php\/2019\/07\/24\/fiscal-advierte-podria-llamar-indagatoria-usurpacion-la-toma-villa-uhalde\/\" \/>\n<meta property=\"og:locale\" content=\"es_ES\" \/>\n<meta property=\"og:type\" content=\"article\" \/>\n<meta property=\"og:title\" content=\"Fiscal advierte que podr\u00eda llamar a indagatoria por la &quot;usurpaci\u00f3n&quot; en la toma en Villa Uhalde - Diario Textual\" \/>\n<meta property=\"og:description\" content=\"El fiscal Facundo Bon Derham pidi\u00f3 las actuaciones policiales por la toma de un terreno bald\u00edo de la municipal en el barrio de Villa Uhalde, al lado del cementerio de&hellip;\" \/>\n<meta property=\"og:url\" content=\"https:\/\/diariotextual.com\/inicio\/index.php\/2019\/07\/24\/fiscal-advierte-podria-llamar-indagatoria-usurpacion-la-toma-villa-uhalde\/\" \/>\n<meta property=\"og:site_name\" content=\"Diario Textual\" \/>\n<meta property=\"article:publisher\" content=\"https:\/\/www.facebook.com\/eltextual\" \/>\n<meta property=\"article:published_time\" content=\"2019-07-24T21:28:43+00:00\" \/>\n<meta property=\"article:modified_time\" content=\"2019-07-25T12:33:01+00:00\" \/>\n<meta property=\"og:image\" content=\"https:\/\/diariotextual.com\/inicio\/wp-content\/uploads\/2019\/07\/IMG-20190723-WA0016.jpg\" \/>\n\t<meta property=\"og:image:width\" content=\"1032\" \/>\n\t<meta property=\"og:image:height\" content=\"581\" \/>\n\t<meta property=\"og:image:type\" content=\"image\/jpeg\" \/>\n<meta name=\"author\" content=\"Diario1 Diario1\" \/>\n<meta name=\"twitter:card\" content=\"summary_large_image\" \/>\n<meta name=\"twitter:creator\" content=\"@eltextual\" \/>\n<meta name=\"twitter:site\" content=\"@eltextual\" \/>\n<meta name=\"twitter:label1\" content=\"Escrito por\" \/>\n\t<meta name=\"twitter:data1\" content=\"Diario1 Diario1\" \/>\n\t<meta name=\"twitter:label2\" content=\"Tiempo de lectura\" \/>\n\t<meta name=\"twitter:data2\" content=\"2 minutos\" \/>\n<script type=\"application\/ld+json\" class=\"yoast-schema-graph\">{\"@context\":\"https:\\\/\\\/schema.org\",\"@graph\":[{\"@type\":\"Article\",\"@id\":\"https:\\\/\\\/diariotextual.com\\\/inicio\\\/index.php\\\/2019\\\/07\\\/24\\\/fiscal-advierte-podria-llamar-indagatoria-usurpacion-la-toma-villa-uhalde\\\/#article\",\"isPartOf\":{\"@id\":\"https:\\\/\\\/diariotextual.com\\\/inicio\\\/index.php\\\/2019\\\/07\\\/24\\\/fiscal-advierte-podria-llamar-indagatoria-usurpacion-la-toma-villa-uhalde\\\/\"},\"author\":{\"name\":\"Diario1 Diario1\",\"@id\":\"https:\\\/\\\/diariotextual.com\\\/inicio\\\/#\\\/schema\\\/person\\\/418fc4093c33e86ed41562db3508f958\"},\"headline\":\"Fiscal advierte que podr\u00eda llamar a indagatoria por la \u00abusurpaci\u00f3n\u00bb en la toma en Villa Uhalde\",\"datePublished\":\"2019-07-24T21:28:43+00:00\",\"dateModified\":\"2019-07-25T12:33:01+00:00\",\"mainEntityOfPage\":{\"@id\":\"https:\\\/\\\/diariotextual.com\\\/inicio\\\/index.php\\\/2019\\\/07\\\/24\\\/fiscal-advierte-podria-llamar-indagatoria-usurpacion-la-toma-villa-uhalde\\\/\"},\"wordCount\":336,\"publisher\":{\"@id\":\"https:\\\/\\\/diariotextual.com\\\/inicio\\\/#organization\"},\"image\":{\"@id\":\"https:\\\/\\\/diariotextual.com\\\/inicio\\\/index.php\\\/2019\\\/07\\\/24\\\/fiscal-advierte-podria-llamar-indagatoria-usurpacion-la-toma-villa-uhalde\\\/#primaryimage\"},\"thumbnailUrl\":\"https:\\\/\\\/diariotextual.com\\\/inicio\\\/wp-content\\\/uploads\\\/2019\\\/07\\\/IMG-20190723-WA0016.jpg\",\"keywords\":[\"asentamientos\",\"fiscal\",\"uhalde\"],\"articleSection\":[\"A - TEMPORALES\",\"SOCIEDAD\"],\"inLanguage\":\"es\"},{\"@type\":\"WebPage\",\"@id\":\"https:\\\/\\\/diariotextual.com\\\/inicio\\\/index.php\\\/2019\\\/07\\\/24\\\/fiscal-advierte-podria-llamar-indagatoria-usurpacion-la-toma-villa-uhalde\\\/\",\"url\":\"https:\\\/\\\/diariotextual.com\\\/inicio\\\/index.php\\\/2019\\\/07\\\/24\\\/fiscal-advierte-podria-llamar-indagatoria-usurpacion-la-toma-villa-uhalde\\\/\",\"name\":\"Fiscal advierte que podr\u00eda llamar a indagatoria por la \\\"usurpaci\u00f3n\\\" en la toma en Villa Uhalde - Diario Textual\",\"isPartOf\":{\"@id\":\"https:\\\/\\\/diariotextual.com\\\/inicio\\\/#website\"},\"primaryImageOfPage\":{\"@id\":\"https:\\\/\\\/diariotextual.com\\\/inicio\\\/index.php\\\/2019\\\/07\\\/24\\\/fiscal-advierte-podria-llamar-indagatoria-usurpacion-la-toma-villa-uhalde\\\/#primaryimage\"},\"image\":{\"@id\":\"https:\\\/\\\/diariotextual.com\\\/inicio\\\/index.php\\\/2019\\\/07\\\/24\\\/fiscal-advierte-podria-llamar-indagatoria-usurpacion-la-toma-villa-uhalde\\\/#primaryimage\"},\"thumbnailUrl\":\"https:\\\/\\\/diariotextual.com\\\/inicio\\\/wp-content\\\/uploads\\\/2019\\\/07\\\/IMG-20190723-WA0016.jpg\",\"datePublished\":\"2019-07-24T21:28:43+00:00\",\"dateModified\":\"2019-07-25T12:33:01+00:00\",\"breadcrumb\":{\"@id\":\"https:\\\/\\\/diariotextual.com\\\/inicio\\\/index.php\\\/2019\\\/07\\\/24\\\/fiscal-advierte-podria-llamar-indagatoria-usurpacion-la-toma-villa-uhalde\\\/#breadcrumb\"},\"inLanguage\":\"es\",\"potentialAction\":[{\"@type\":\"ReadAction\",\"target\":[\"https:\\\/\\\/diariotextual.com\\\/inicio\\\/index.php\\\/2019\\\/07\\\/24\\\/fiscal-advierte-podria-llamar-indagatoria-usurpacion-la-toma-villa-uhalde\\\/\"]}]},{\"@type\":\"ImageObject\",\"inLanguage\":\"es\",\"@id\":\"https:\\\/\\\/diariotextual.com\\\/inicio\\\/index.php\\\/2019\\\/07\\\/24\\\/fiscal-advierte-podria-llamar-indagatoria-usurpacion-la-toma-villa-uhalde\\\/#primaryimage\",\"url\":\"https:\\\/\\\/diariotextual.com\\\/inicio\\\/wp-content\\\/uploads\\\/2019\\\/07\\\/IMG-20190723-WA0016.jpg\",\"contentUrl\":\"https:\\\/\\\/diariotextual.com\\\/inicio\\\/wp-content\\\/uploads\\\/2019\\\/07\\\/IMG-20190723-WA0016.jpg\",\"width\":1032,\"height\":581},{\"@type\":\"BreadcrumbList\",\"@id\":\"https:\\\/\\\/diariotextual.com\\\/inicio\\\/index.php\\\/2019\\\/07\\\/24\\\/fiscal-advierte-podria-llamar-indagatoria-usurpacion-la-toma-villa-uhalde\\\/#breadcrumb\",\"itemListElement\":[{\"@type\":\"ListItem\",\"position\":1,\"name\":\"Portada\",\"item\":\"https:\\\/\\\/diariotextual.com\\\/inicio\\\/\"},{\"@type\":\"ListItem\",\"position\":2,\"name\":\"Fiscal advierte que podr\u00eda llamar a indagatoria por la \u00abusurpaci\u00f3n\u00bb en la toma en Villa Uhalde\"}]},{\"@type\":\"WebSite\",\"@id\":\"https:\\\/\\\/diariotextual.com\\\/inicio\\\/#website\",\"url\":\"https:\\\/\\\/diariotextual.com\\\/inicio\\\/\",\"name\":\"Diario Textual\",\"description\":\"\",\"publisher\":{\"@id\":\"https:\\\/\\\/diariotextual.com\\\/inicio\\\/#organization\"},\"potentialAction\":[{\"@type\":\"SearchAction\",\"target\":{\"@type\":\"EntryPoint\",\"urlTemplate\":\"https:\\\/\\\/diariotextual.com\\\/inicio\\\/?s={search_term_string}\"},\"query-input\":{\"@type\":\"PropertyValueSpecification\",\"valueRequired\":true,\"valueName\":\"search_term_string\"}}],\"inLanguage\":\"es\"},{\"@type\":\"Organization\",\"@id\":\"https:\\\/\\\/diariotextual.com\\\/inicio\\\/#organization\",\"name\":\"Diario Textual\",\"url\":\"https:\\\/\\\/diariotextual.com\\\/inicio\\\/\",\"logo\":{\"@type\":\"ImageObject\",\"inLanguage\":\"es\",\"@id\":\"https:\\\/\\\/diariotextual.com\\\/inicio\\\/#\\\/schema\\\/logo\\\/image\\\/\",\"url\":\"https:\\\/\\\/diariotextual.com\\\/inicio\\\/wp-content\\\/uploads\\\/2023\\\/05\\\/logotextual1.jpg\",\"contentUrl\":\"https:\\\/\\\/diariotextual.com\\\/inicio\\\/wp-content\\\/uploads\\\/2023\\\/05\\\/logotextual1.jpg\",\"width\":516,\"height\":76,\"caption\":\"Diario Textual\"},\"image\":{\"@id\":\"https:\\\/\\\/diariotextual.com\\\/inicio\\\/#\\\/schema\\\/logo\\\/image\\\/\"},\"sameAs\":[\"https:\\\/\\\/www.facebook.com\\\/eltextual\",\"https:\\\/\\\/x.com\\\/eltextual\",\"http:\\\/\\\/www.instagram.com\\\/eltextual\"]},{\"@type\":\"Person\",\"@id\":\"https:\\\/\\\/diariotextual.com\\\/inicio\\\/#\\\/schema\\\/person\\\/418fc4093c33e86ed41562db3508f958\",\"name\":\"Diario1 Diario1\",\"image\":{\"@type\":\"ImageObject\",\"inLanguage\":\"es\",\"@id\":\"https:\\\/\\\/secure.gravatar.com\\\/avatar\\\/9167d280179c85bc18be67aa7eda765854300033af4896dd779b608640f2ef7a?s=96&d=mm&r=g\",\"url\":\"https:\\\/\\\/secure.gravatar.com\\\/avatar\\\/9167d280179c85bc18be67aa7eda765854300033af4896dd779b608640f2ef7a?s=96&d=mm&r=g\",\"contentUrl\":\"https:\\\/\\\/secure.gravatar.com\\\/avatar\\\/9167d280179c85bc18be67aa7eda765854300033af4896dd779b608640f2ef7a?s=96&d=mm&r=g\",\"caption\":\"Diario1 Diario1\"},\"url\":\"https:\\\/\\\/diariotextual.com\\\/inicio\\\/index.php\\\/author\\\/diario1\\\/\"}]}<\/script>\n<!-- \/ Yoast SEO plugin. -->","yoast_head_json":{"title":"Fiscal advierte que podr\u00eda llamar a indagatoria por la \"usurpaci\u00f3n\" en la toma en Villa Uhalde - Diario Textual","robots":{"index":"index","follow":"follow","max-snippet":"max-snippet:-1","max-image-preview":"max-image-preview:large","max-video-preview":"max-video-preview:-1"},"canonical":"https:\/\/diariotextual.com\/inicio\/index.php\/2019\/07\/24\/fiscal-advierte-podria-llamar-indagatoria-usurpacion-la-toma-villa-uhalde\/","og_locale":"es_ES","og_type":"article","og_title":"Fiscal advierte que podr\u00eda llamar a indagatoria por la \"usurpaci\u00f3n\" en la toma en Villa Uhalde - Diario Textual","og_description":"El fiscal Facundo Bon Derham pidi\u00f3 las actuaciones policiales por la toma de un terreno bald\u00edo de la municipal en el barrio de Villa Uhalde, al lado del cementerio de&hellip;","og_url":"https:\/\/diariotextual.com\/inicio\/index.php\/2019\/07\/24\/fiscal-advierte-podria-llamar-indagatoria-usurpacion-la-toma-villa-uhalde\/","og_site_name":"Diario Textual","article_publisher":"https:\/\/www.facebook.com\/eltextual","article_published_time":"2019-07-24T21:28:43+00:00","article_modified_time":"2019-07-25T12:33:01+00:00","og_image":[{"width":1032,"height":581,"url":"https:\/\/diariotextual.com\/inicio\/wp-content\/uploads\/2019\/07\/IMG-20190723-WA0016.jpg","type":"image\/jpeg"}],"author":"Diario1 Diario1","twitter_card":"summary_large_image","twitter_creator":"@eltextual","twitter_site":"@eltextual","twitter_misc":{"Escrito por":"Diario1 Diario1","Tiempo de lectura":"2 minutos"},"schema":{"@context":"https:\/\/schema.org","@graph":[{"@type":"Article","@id":"https:\/\/diariotextual.com\/inicio\/index.php\/2019\/07\/24\/fiscal-advierte-podria-llamar-indagatoria-usurpacion-la-toma-villa-uhalde\/#article","isPartOf":{"@id":"https:\/\/diariotextual.com\/inicio\/index.php\/2019\/07\/24\/fiscal-advierte-podria-llamar-indagatoria-usurpacion-la-toma-villa-uhalde\/"},"author":{"name":"Diario1 Diario1","@id":"https:\/\/diariotextual.com\/inicio\/#\/schema\/person\/418fc4093c33e86ed41562db3508f958"},"headline":"Fiscal advierte que podr\u00eda llamar a indagatoria por la \u00abusurpaci\u00f3n\u00bb en la toma en Villa Uhalde","datePublished":"2019-07-24T21:28:43+00:00","dateModified":"2019-07-25T12:33:01+00:00","mainEntityOfPage":{"@id":"https:\/\/diariotextual.com\/inicio\/index.php\/2019\/07\/24\/fiscal-advierte-podria-llamar-indagatoria-usurpacion-la-toma-villa-uhalde\/"},"wordCount":336,"publisher":{"@id":"https:\/\/diariotextual.com\/inicio\/#organization"},"image":{"@id":"https:\/\/diariotextual.com\/inicio\/index.php\/2019\/07\/24\/fiscal-advierte-podria-llamar-indagatoria-usurpacion-la-toma-villa-uhalde\/#primaryimage"},"thumbnailUrl":"https:\/\/diariotextual.com\/inicio\/wp-content\/uploads\/2019\/07\/IMG-20190723-WA0016.jpg","keywords":["asentamientos","fiscal","uhalde"],"articleSection":["A - TEMPORALES","SOCIEDAD"],"inLanguage":"es"},{"@type":"WebPage","@id":"https:\/\/diariotextual.com\/inicio\/index.php\/2019\/07\/24\/fiscal-advierte-podria-llamar-indagatoria-usurpacion-la-toma-villa-uhalde\/","url":"https:\/\/diariotextual.com\/inicio\/index.php\/2019\/07\/24\/fiscal-advierte-podria-llamar-indagatoria-usurpacion-la-toma-villa-uhalde\/","name":"Fiscal advierte que podr\u00eda llamar a indagatoria por la \"usurpaci\u00f3n\" en la toma en Villa Uhalde - Diario Textual","isPartOf":{"@id":"https:\/\/diariotextual.com\/inicio\/#website"},"primaryImageOfPage":{"@id":"https:\/\/diariotextual.com\/inicio\/index.php\/2019\/07\/24\/fiscal-advierte-podria-llamar-indagatoria-usurpacion-la-toma-villa-uhalde\/#primaryimage"},"image":{"@id":"https:\/\/diariotextual.com\/inicio\/index.php\/2019\/07\/24\/fiscal-advierte-podria-llamar-indagatoria-usurpacion-la-toma-villa-uhalde\/#primaryimage"},"thumbnailUrl":"https:\/\/diariotextual.com\/inicio\/wp-content\/uploads\/2019\/07\/IMG-20190723-WA0016.jpg","datePublished":"2019-07-24T21:28:43+00:00","dateModified":"2019-07-25T12:33:01+00:00","breadcrumb":{"@id":"https:\/\/diariotextual.com\/inicio\/index.php\/2019\/07\/24\/fiscal-advierte-podria-llamar-indagatoria-usurpacion-la-toma-villa-uhalde\/#breadcrumb"},"inLanguage":"es","potentialAction":[{"@type":"ReadAction","target":["https:\/\/diariotextual.com\/inicio\/index.php\/2019\/07\/24\/fiscal-advierte-podria-llamar-indagatoria-usurpacion-la-toma-villa-uhalde\/"]}]},{"@type":"ImageObject","inLanguage":"es","@id":"https:\/\/diariotextual.com\/inicio\/index.php\/2019\/07\/24\/fiscal-advierte-podria-llamar-indagatoria-usurpacion-la-toma-villa-uhalde\/#primaryimage","url":"https:\/\/diariotextual.com\/inicio\/wp-content\/uploads\/2019\/07\/IMG-20190723-WA0016.jpg","contentUrl":"https:\/\/diariotextual.com\/inicio\/wp-content\/uploads\/2019\/07\/IMG-20190723-WA0016.jpg","width":1032,"height":581},{"@type":"BreadcrumbList","@id":"https:\/\/diariotextual.com\/inicio\/index.php\/2019\/07\/24\/fiscal-advierte-podria-llamar-indagatoria-usurpacion-la-toma-villa-uhalde\/#breadcrumb","itemListElement":[{"@type":"ListItem","position":1,"name":"Portada","item":"https:\/\/diariotextual.com\/inicio\/"},{"@type":"ListItem","position":2,"name":"Fiscal advierte que podr\u00eda llamar a indagatoria por la \u00abusurpaci\u00f3n\u00bb en la toma en Villa Uhalde"}]},{"@type":"WebSite","@id":"https:\/\/diariotextual.com\/inicio\/#website","url":"https:\/\/diariotextual.com\/inicio\/","name":"Diario Textual","description":"","publisher":{"@id":"https:\/\/diariotextual.com\/inicio\/#organization"},"potentialAction":[{"@type":"SearchAction","target":{"@type":"EntryPoint","urlTemplate":"https:\/\/diariotextual.com\/inicio\/?s={search_term_string}"},"query-input":{"@type":"PropertyValueSpecification","valueRequired":true,"valueName":"search_term_string"}}],"inLanguage":"es"},{"@type":"Organization","@id":"https:\/\/diariotextual.com\/inicio\/#organization","name":"Diario Textual","url":"https:\/\/diariotextual.com\/inicio\/","logo":{"@type":"ImageObject","inLanguage":"es","@id":"https:\/\/diariotextual.com\/inicio\/#\/schema\/logo\/image\/","url":"https:\/\/diariotextual.com\/inicio\/wp-content\/uploads\/2023\/05\/logotextual1.jpg","contentUrl":"https:\/\/diariotextual.com\/inicio\/wp-content\/uploads\/2023\/05\/logotextual1.jpg","width":516,"height":76,"caption":"Diario Textual"},"image":{"@id":"https:\/\/diariotextual.com\/inicio\/#\/schema\/logo\/image\/"},"sameAs":["https:\/\/www.facebook.com\/eltextual","https:\/\/x.com\/eltextual","http:\/\/www.instagram.com\/eltextual"]},{"@type":"Person","@id":"https:\/\/diariotextual.com\/inicio\/#\/schema\/person\/418fc4093c33e86ed41562db3508f958","name":"Diario1 Diario1","image":{"@type":"ImageObject","inLanguage":"es","@id":"https:\/\/secure.gravatar.com\/avatar\/9167d280179c85bc18be67aa7eda765854300033af4896dd779b608640f2ef7a?s=96&d=mm&r=g","url":"https:\/\/secure.gravatar.com\/avatar\/9167d280179c85bc18be67aa7eda765854300033af4896dd779b608640f2ef7a?s=96&d=mm&r=g","contentUrl":"https:\/\/secure.gravatar.com\/avatar\/9167d280179c85bc18be67aa7eda765854300033af4896dd779b608640f2ef7a?s=96&d=mm&r=g","caption":"Diario1 Diario1"},"url":"https:\/\/diariotextual.com\/inicio\/index.php\/author\/diario1\/"}]}},"_links":{"self":[{"href":"https:\/\/diariotextual.com\/inicio\/index.php\/wp-json\/wp\/v2\/posts\/56975","targetHints":{"allow":["GET"]}}],"collection":[{"href":"https:\/\/diariotextual.com\/inicio\/index.php\/wp-json\/wp\/v2\/posts"}],"about":[{"href":"https:\/\/diariotextual.com\/inicio\/index.php\/wp-json\/wp\/v2\/types\/post"}],"author":[{"embeddable":true,"href":"https:\/\/diariotextual.com\/inicio\/index.php\/wp-json\/wp\/v2\/users\/3"}],"replies":[{"embeddable":true,"href":"https:\/\/diariotextual.com\/inicio\/index.php\/wp-json\/wp\/v2\/comments?post=56975"}],"version-history":[{"count":7,"href":"https:\/\/diariotextual.com\/inicio\/index.php\/wp-json\/wp\/v2\/posts\/56975\/revisions"}],"predecessor-version":[{"id":56992,"href":"https:\/\/diariotextual.com\/inicio\/index.php\/wp-json\/wp\/v2\/posts\/56975\/revisions\/56992"}],"wp:featuredmedia":[{"embeddable":true,"href":"https:\/\/diariotextual.com\/inicio\/index.php\/wp-json\/wp\/v2\/media\/56873"}],"wp:attachment":[{"href":"https:\/\/diariotextual.com\/inicio\/index.php\/wp-json\/wp\/v2\/media?parent=56975"}],"wp:term":[{"taxonomy":"category","embeddable":true,"href":"https:\/\/diariotextual.com\/inicio\/index.php\/wp-json\/wp\/v2\/categories?post=56975"},{"taxonomy":"post_tag","embeddable":true,"href":"https:\/\/diariotextual.com\/inicio\/index.php\/wp-json\/wp\/v2\/tags?post=56975"}],"curies":[{"name":"wp","href":"https:\/\/api.w.org\/{rel}","templated":true}]}}