{"id":56981,"date":"2019-07-24T21:45:18","date_gmt":"2019-07-25T00:45:18","guid":{"rendered":"http:\/\/diariotextual.com\/inicio\/?p=56981"},"modified":"2019-07-25T09:33:07","modified_gmt":"2019-07-25T12:33:07","slug":"una-espiral-tomas-terrenos-ahora-al-lado-del-ex-molino-werner","status":"publish","type":"post","link":"https:\/\/diariotextual.com\/inicio\/index.php\/2019\/07\/24\/una-espiral-tomas-terrenos-ahora-al-lado-del-ex-molino-werner\/","title":{"rendered":"Hay una espiral de tomas de terrenos: ahora al lado del ex Molino Werner"},"content":{"rendered":"<p><strong>La toma de terrenos fiscales en Santa Rosa no se detiene.<\/strong> En la noche de este mi\u00e9rcoles 24<strong> tomaron dos cuadras municipales<\/strong>, en Stieben y 1\u00b0 de Mayo, a metros del Megaestadio y del predio del ex Molino Werner. <strong>Es la quinta toma de terrenos en la capital<\/strong>, en medio del reclamo por faltas de viviendas sociales.<\/p>\n<blockquote class=\"wp-embedded-content\" data-secret=\"Olw21seeIb\"><p><a href=\"http:\/\/diariotextual.com\/inicio\/index.php\/2019\/07\/24\/fiscal-advierte-podria-llamar-indagatoria-usurpacion-la-toma-villa-uhalde\/\">Fiscal advierte que podr\u00eda llamar a indagatoria por la &#171;usurpaci\u00f3n&#187; en la toma en Villa Uhalde<\/a><\/p><\/blockquote>\n<p><iframe class=\"wp-embedded-content\" sandbox=\"allow-scripts\" security=\"restricted\" style=\"position: absolute; clip: rect(1px, 1px, 1px, 1px);\" src=\"http:\/\/diariotextual.com\/inicio\/index.php\/2019\/07\/24\/fiscal-advierte-podria-llamar-indagatoria-usurpacion-la-toma-villa-uhalde\/embed\/#?secret=Olw21seeIb\" data-secret=\"Olw21seeIb\" width=\"600\" height=\"338\" title=\"&#171;Fiscal advierte que podr\u00eda llamar a indagatoria por la &#171;usurpaci\u00f3n&#187; en la toma en Villa Uhalde&#187; &#8212; Diario Textual\" frameborder=\"0\" marginwidth=\"0\" marginheight=\"0\" scrolling=\"no\"><\/iframe><\/p>\n<p>Un total de 9 familias reclaman ese sector del barrio El Molino, donde funcion\u00f3 la<strong> Escuela 92<\/strong> -ya demolida-. <strong>Precisamente hoy el concejal radical en Cambiemos, Miguel Bravo, propuso que el municipio venda ese sector para atender la demanda de tierras a precio social de las familias<\/strong>\u00a0que est\u00e1n desesperadas por el d\u00e9ficit habitacional de la ciudad. El edil lo hab\u00eda presentado antes del receso invernal, cuando no se hab\u00edan desencadenado las tomas en diferentes puntos de Santa Rosa.<\/p>\n<p><strong>\u00abSomos por el momento nueve familias, que no tenemos casa\u00bb, dijo a Diario Textual un vecino, Daniel. \u00abTengo dos nenas y vivo en la casa de mis padres, ac\u00e1 nom\u00e1s\u00bb, sostuvo.<\/strong><\/p>\n<p>Los vecinos, a las 19.30 horas, <strong>quemaron los pastizales del lugar y colocaron alambres<\/strong>. Polic\u00edas concurrieron al lugar para identificar a los ocupantes. \u00abDe ac\u00e1 no nos movemos\u00bb, dijo Daniel.<\/p>\n<p>Paralelamente,<strong> el\u00a0fiscal Facundo Bon Derham pidi\u00f3 las actuaciones policiales por la toma de un terreno bald\u00edo de la municipal en el barrio de Villa Uhalde<\/strong>, al lado del cementerio de Santa Rosa, y advirti\u00f3 que podr\u00eda llamar a declarar a los acusados del delito de usurpaci\u00f3n.\u00a0Se trata de un peque\u00f1o terreno, que ocuparon cuatro familias, ubicado en Tom\u00e1s Mason y Discepolo.<\/p>\n<p>A su vez, unas 150 familias se ubicaron en el asentamiento<strong> Nuevo Salitral &#8211;<\/strong>al lado de la laguna Don Tom\u00e1s, al noroeste- y otras 150 en el asentamiento<strong> Micaela Garc\u00eda<\/strong> -contiguo al barrio Santa Mar\u00eda de la Pampa, al noreste-. Tambi\u00e9n unas diez familias tomaron terrenos -aunque sin instalarse- en Italia y Farinatti, en Villa Germinal.<\/p>\n<p>La respuesta oficial, hasta el momento, ha sido m\u00ednima: solo relevamientos. Y, seg\u00fan contaron algunos vecinos, se han realizado ofrecimientos de subsidios para que se retiren.<\/p>\n<p>Las historias de estas familias son similares: est\u00e1n golpeados por la crisis econ\u00f3mica y se encuentran desocupados y haciendo changas; viven hacinados en casas de familiares; se encuentran alquilando o directamente ya han sido echados o no pueden afrontar el pago de los alquileres.<\/p>\n<p>Dan otro dato: no quieren que les regalen las tierras. Pretenden una cuota accesible por esos terrenos.<\/p>\n<p>&nbsp;<\/p>\n<p>&nbsp;<\/p>\n<p>&nbsp;<\/p>\n","protected":false},"excerpt":{"rendered":"<p>La toma de terrenos fiscales en Santa Rosa no se detiene. En la noche de este mi\u00e9rcoles 24 tomaron dos cuadras municipales, en Stieben y 1\u00b0 de Mayo, a metros&hellip;<\/p>\n","protected":false},"author":3,"featured_media":56985,"comment_status":"closed","ping_status":"open","sticky":false,"template":"","format":"standard","meta":{"_acf_changed":false,"footnotes":""},"categories":[319,12],"tags":[2101],"class_list":["post-56981","post","type-post","status-publish","format-standard","has-post-thumbnail","hentry","category-a-temporales","category-sociedad","tag-asentamientos"],"acf":[],"yoast_head":"<!-- This site is optimized with the Yoast SEO plugin v27.5 - https:\/\/yoast.com\/product\/yoast-seo-wordpress\/ -->\n<title>Hay una espiral de tomas de terrenos: ahora al lado del ex Molino Werner - Diario Textual<\/title>\n<meta name=\"robots\" content=\"index, follow, max-snippet:-1, max-image-preview:large, max-video-preview:-1\" \/>\n<link rel=\"canonical\" href=\"https:\/\/diariotextual.com\/inicio\/index.php\/2019\/07\/24\/una-espiral-tomas-terrenos-ahora-al-lado-del-ex-molino-werner\/\" \/>\n<meta property=\"og:locale\" content=\"es_ES\" \/>\n<meta property=\"og:type\" content=\"article\" \/>\n<meta property=\"og:title\" content=\"Hay una espiral de tomas de terrenos: ahora al lado del ex Molino Werner - Diario Textual\" \/>\n<meta property=\"og:description\" content=\"La toma de terrenos fiscales en Santa Rosa no se detiene. En la noche de este mi\u00e9rcoles 24 tomaron dos cuadras municipales, en Stieben y 1\u00b0 de Mayo, a metros&hellip;\" \/>\n<meta property=\"og:url\" content=\"https:\/\/diariotextual.com\/inicio\/index.php\/2019\/07\/24\/una-espiral-tomas-terrenos-ahora-al-lado-del-ex-molino-werner\/\" \/>\n<meta property=\"og:site_name\" content=\"Diario Textual\" \/>\n<meta property=\"article:publisher\" content=\"https:\/\/www.facebook.com\/eltextual\" \/>\n<meta property=\"article:published_time\" content=\"2019-07-25T00:45:18+00:00\" \/>\n<meta property=\"article:modified_time\" content=\"2019-07-25T12:33:07+00:00\" \/>\n<meta property=\"og:image\" content=\"https:\/\/diariotextual.com\/inicio\/wp-content\/uploads\/2019\/07\/asentamientoelmolino2019-1.jpg\" \/>\n\t<meta property=\"og:image:width\" content=\"1200\" \/>\n\t<meta property=\"og:image:height\" content=\"757\" \/>\n\t<meta property=\"og:image:type\" content=\"image\/jpeg\" \/>\n<meta name=\"author\" content=\"Diario1 Diario1\" \/>\n<meta name=\"twitter:card\" content=\"summary_large_image\" \/>\n<meta name=\"twitter:creator\" content=\"@eltextual\" \/>\n<meta name=\"twitter:site\" content=\"@eltextual\" \/>\n<meta name=\"twitter:label1\" content=\"Escrito por\" \/>\n\t<meta name=\"twitter:data1\" content=\"Diario1 Diario1\" \/>\n\t<meta name=\"twitter:label2\" content=\"Tiempo de lectura\" \/>\n\t<meta name=\"twitter:data2\" content=\"2 minutos\" \/>\n<script type=\"application\/ld+json\" class=\"yoast-schema-graph\">{\"@context\":\"https:\\\/\\\/schema.org\",\"@graph\":[{\"@type\":\"Article\",\"@id\":\"https:\\\/\\\/diariotextual.com\\\/inicio\\\/index.php\\\/2019\\\/07\\\/24\\\/una-espiral-tomas-terrenos-ahora-al-lado-del-ex-molino-werner\\\/#article\",\"isPartOf\":{\"@id\":\"https:\\\/\\\/diariotextual.com\\\/inicio\\\/index.php\\\/2019\\\/07\\\/24\\\/una-espiral-tomas-terrenos-ahora-al-lado-del-ex-molino-werner\\\/\"},\"author\":{\"name\":\"Diario1 Diario1\",\"@id\":\"https:\\\/\\\/diariotextual.com\\\/inicio\\\/#\\\/schema\\\/person\\\/418fc4093c33e86ed41562db3508f958\"},\"headline\":\"Hay una espiral de tomas de terrenos: ahora al lado del ex Molino Werner\",\"datePublished\":\"2019-07-25T00:45:18+00:00\",\"dateModified\":\"2019-07-25T12:33:07+00:00\",\"mainEntityOfPage\":{\"@id\":\"https:\\\/\\\/diariotextual.com\\\/inicio\\\/index.php\\\/2019\\\/07\\\/24\\\/una-espiral-tomas-terrenos-ahora-al-lado-del-ex-molino-werner\\\/\"},\"wordCount\":440,\"publisher\":{\"@id\":\"https:\\\/\\\/diariotextual.com\\\/inicio\\\/#organization\"},\"image\":{\"@id\":\"https:\\\/\\\/diariotextual.com\\\/inicio\\\/index.php\\\/2019\\\/07\\\/24\\\/una-espiral-tomas-terrenos-ahora-al-lado-del-ex-molino-werner\\\/#primaryimage\"},\"thumbnailUrl\":\"https:\\\/\\\/diariotextual.com\\\/inicio\\\/wp-content\\\/uploads\\\/2019\\\/07\\\/asentamientoelmolino2019-1.jpg\",\"keywords\":[\"asentamientos\"],\"articleSection\":[\"A - TEMPORALES\",\"SOCIEDAD\"],\"inLanguage\":\"es\"},{\"@type\":\"WebPage\",\"@id\":\"https:\\\/\\\/diariotextual.com\\\/inicio\\\/index.php\\\/2019\\\/07\\\/24\\\/una-espiral-tomas-terrenos-ahora-al-lado-del-ex-molino-werner\\\/\",\"url\":\"https:\\\/\\\/diariotextual.com\\\/inicio\\\/index.php\\\/2019\\\/07\\\/24\\\/una-espiral-tomas-terrenos-ahora-al-lado-del-ex-molino-werner\\\/\",\"name\":\"Hay una espiral de tomas de terrenos: ahora al lado del ex Molino Werner - Diario Textual\",\"isPartOf\":{\"@id\":\"https:\\\/\\\/diariotextual.com\\\/inicio\\\/#website\"},\"primaryImageOfPage\":{\"@id\":\"https:\\\/\\\/diariotextual.com\\\/inicio\\\/index.php\\\/2019\\\/07\\\/24\\\/una-espiral-tomas-terrenos-ahora-al-lado-del-ex-molino-werner\\\/#primaryimage\"},\"image\":{\"@id\":\"https:\\\/\\\/diariotextual.com\\\/inicio\\\/index.php\\\/2019\\\/07\\\/24\\\/una-espiral-tomas-terrenos-ahora-al-lado-del-ex-molino-werner\\\/#primaryimage\"},\"thumbnailUrl\":\"https:\\\/\\\/diariotextual.com\\\/inicio\\\/wp-content\\\/uploads\\\/2019\\\/07\\\/asentamientoelmolino2019-1.jpg\",\"datePublished\":\"2019-07-25T00:45:18+00:00\",\"dateModified\":\"2019-07-25T12:33:07+00:00\",\"breadcrumb\":{\"@id\":\"https:\\\/\\\/diariotextual.com\\\/inicio\\\/index.php\\\/2019\\\/07\\\/24\\\/una-espiral-tomas-terrenos-ahora-al-lado-del-ex-molino-werner\\\/#breadcrumb\"},\"inLanguage\":\"es\",\"potentialAction\":[{\"@type\":\"ReadAction\",\"target\":[\"https:\\\/\\\/diariotextual.com\\\/inicio\\\/index.php\\\/2019\\\/07\\\/24\\\/una-espiral-tomas-terrenos-ahora-al-lado-del-ex-molino-werner\\\/\"]}]},{\"@type\":\"ImageObject\",\"inLanguage\":\"es\",\"@id\":\"https:\\\/\\\/diariotextual.com\\\/inicio\\\/index.php\\\/2019\\\/07\\\/24\\\/una-espiral-tomas-terrenos-ahora-al-lado-del-ex-molino-werner\\\/#primaryimage\",\"url\":\"https:\\\/\\\/diariotextual.com\\\/inicio\\\/wp-content\\\/uploads\\\/2019\\\/07\\\/asentamientoelmolino2019-1.jpg\",\"contentUrl\":\"https:\\\/\\\/diariotextual.com\\\/inicio\\\/wp-content\\\/uploads\\\/2019\\\/07\\\/asentamientoelmolino2019-1.jpg\",\"width\":1200,\"height\":757},{\"@type\":\"BreadcrumbList\",\"@id\":\"https:\\\/\\\/diariotextual.com\\\/inicio\\\/index.php\\\/2019\\\/07\\\/24\\\/una-espiral-tomas-terrenos-ahora-al-lado-del-ex-molino-werner\\\/#breadcrumb\",\"itemListElement\":[{\"@type\":\"ListItem\",\"position\":1,\"name\":\"Portada\",\"item\":\"https:\\\/\\\/diariotextual.com\\\/inicio\\\/\"},{\"@type\":\"ListItem\",\"position\":2,\"name\":\"Hay una espiral de tomas de terrenos: ahora al lado del ex Molino Werner\"}]},{\"@type\":\"WebSite\",\"@id\":\"https:\\\/\\\/diariotextual.com\\\/inicio\\\/#website\",\"url\":\"https:\\\/\\\/diariotextual.com\\\/inicio\\\/\",\"name\":\"Diario Textual\",\"description\":\"\",\"publisher\":{\"@id\":\"https:\\\/\\\/diariotextual.com\\\/inicio\\\/#organization\"},\"potentialAction\":[{\"@type\":\"SearchAction\",\"target\":{\"@type\":\"EntryPoint\",\"urlTemplate\":\"https:\\\/\\\/diariotextual.com\\\/inicio\\\/?s={search_term_string}\"},\"query-input\":{\"@type\":\"PropertyValueSpecification\",\"valueRequired\":true,\"valueName\":\"search_term_string\"}}],\"inLanguage\":\"es\"},{\"@type\":\"Organization\",\"@id\":\"https:\\\/\\\/diariotextual.com\\\/inicio\\\/#organization\",\"name\":\"Diario Textual\",\"url\":\"https:\\\/\\\/diariotextual.com\\\/inicio\\\/\",\"logo\":{\"@type\":\"ImageObject\",\"inLanguage\":\"es\",\"@id\":\"https:\\\/\\\/diariotextual.com\\\/inicio\\\/#\\\/schema\\\/logo\\\/image\\\/\",\"url\":\"https:\\\/\\\/diariotextual.com\\\/inicio\\\/wp-content\\\/uploads\\\/2023\\\/05\\\/logotextual1.jpg\",\"contentUrl\":\"https:\\\/\\\/diariotextual.com\\\/inicio\\\/wp-content\\\/uploads\\\/2023\\\/05\\\/logotextual1.jpg\",\"width\":516,\"height\":76,\"caption\":\"Diario Textual\"},\"image\":{\"@id\":\"https:\\\/\\\/diariotextual.com\\\/inicio\\\/#\\\/schema\\\/logo\\\/image\\\/\"},\"sameAs\":[\"https:\\\/\\\/www.facebook.com\\\/eltextual\",\"https:\\\/\\\/x.com\\\/eltextual\",\"http:\\\/\\\/www.instagram.com\\\/eltextual\"]},{\"@type\":\"Person\",\"@id\":\"https:\\\/\\\/diariotextual.com\\\/inicio\\\/#\\\/schema\\\/person\\\/418fc4093c33e86ed41562db3508f958\",\"name\":\"Diario1 Diario1\",\"image\":{\"@type\":\"ImageObject\",\"inLanguage\":\"es\",\"@id\":\"https:\\\/\\\/secure.gravatar.com\\\/avatar\\\/9167d280179c85bc18be67aa7eda765854300033af4896dd779b608640f2ef7a?s=96&d=mm&r=g\",\"url\":\"https:\\\/\\\/secure.gravatar.com\\\/avatar\\\/9167d280179c85bc18be67aa7eda765854300033af4896dd779b608640f2ef7a?s=96&d=mm&r=g\",\"contentUrl\":\"https:\\\/\\\/secure.gravatar.com\\\/avatar\\\/9167d280179c85bc18be67aa7eda765854300033af4896dd779b608640f2ef7a?s=96&d=mm&r=g\",\"caption\":\"Diario1 Diario1\"},\"url\":\"https:\\\/\\\/diariotextual.com\\\/inicio\\\/index.php\\\/author\\\/diario1\\\/\"}]}<\/script>\n<!-- \/ Yoast SEO plugin. -->","yoast_head_json":{"title":"Hay una espiral de tomas de terrenos: ahora al lado del ex Molino Werner - Diario Textual","robots":{"index":"index","follow":"follow","max-snippet":"max-snippet:-1","max-image-preview":"max-image-preview:large","max-video-preview":"max-video-preview:-1"},"canonical":"https:\/\/diariotextual.com\/inicio\/index.php\/2019\/07\/24\/una-espiral-tomas-terrenos-ahora-al-lado-del-ex-molino-werner\/","og_locale":"es_ES","og_type":"article","og_title":"Hay una espiral de tomas de terrenos: ahora al lado del ex Molino Werner - Diario Textual","og_description":"La toma de terrenos fiscales en Santa Rosa no se detiene. En la noche de este mi\u00e9rcoles 24 tomaron dos cuadras municipales, en Stieben y 1\u00b0 de Mayo, a metros&hellip;","og_url":"https:\/\/diariotextual.com\/inicio\/index.php\/2019\/07\/24\/una-espiral-tomas-terrenos-ahora-al-lado-del-ex-molino-werner\/","og_site_name":"Diario Textual","article_publisher":"https:\/\/www.facebook.com\/eltextual","article_published_time":"2019-07-25T00:45:18+00:00","article_modified_time":"2019-07-25T12:33:07+00:00","og_image":[{"width":1200,"height":757,"url":"https:\/\/diariotextual.com\/inicio\/wp-content\/uploads\/2019\/07\/asentamientoelmolino2019-1.jpg","type":"image\/jpeg"}],"author":"Diario1 Diario1","twitter_card":"summary_large_image","twitter_creator":"@eltextual","twitter_site":"@eltextual","twitter_misc":{"Escrito por":"Diario1 Diario1","Tiempo de lectura":"2 minutos"},"schema":{"@context":"https:\/\/schema.org","@graph":[{"@type":"Article","@id":"https:\/\/diariotextual.com\/inicio\/index.php\/2019\/07\/24\/una-espiral-tomas-terrenos-ahora-al-lado-del-ex-molino-werner\/#article","isPartOf":{"@id":"https:\/\/diariotextual.com\/inicio\/index.php\/2019\/07\/24\/una-espiral-tomas-terrenos-ahora-al-lado-del-ex-molino-werner\/"},"author":{"name":"Diario1 Diario1","@id":"https:\/\/diariotextual.com\/inicio\/#\/schema\/person\/418fc4093c33e86ed41562db3508f958"},"headline":"Hay una espiral de tomas de terrenos: ahora al lado del ex Molino Werner","datePublished":"2019-07-25T00:45:18+00:00","dateModified":"2019-07-25T12:33:07+00:00","mainEntityOfPage":{"@id":"https:\/\/diariotextual.com\/inicio\/index.php\/2019\/07\/24\/una-espiral-tomas-terrenos-ahora-al-lado-del-ex-molino-werner\/"},"wordCount":440,"publisher":{"@id":"https:\/\/diariotextual.com\/inicio\/#organization"},"image":{"@id":"https:\/\/diariotextual.com\/inicio\/index.php\/2019\/07\/24\/una-espiral-tomas-terrenos-ahora-al-lado-del-ex-molino-werner\/#primaryimage"},"thumbnailUrl":"https:\/\/diariotextual.com\/inicio\/wp-content\/uploads\/2019\/07\/asentamientoelmolino2019-1.jpg","keywords":["asentamientos"],"articleSection":["A - TEMPORALES","SOCIEDAD"],"inLanguage":"es"},{"@type":"WebPage","@id":"https:\/\/diariotextual.com\/inicio\/index.php\/2019\/07\/24\/una-espiral-tomas-terrenos-ahora-al-lado-del-ex-molino-werner\/","url":"https:\/\/diariotextual.com\/inicio\/index.php\/2019\/07\/24\/una-espiral-tomas-terrenos-ahora-al-lado-del-ex-molino-werner\/","name":"Hay una espiral de tomas de terrenos: ahora al lado del ex Molino Werner - Diario Textual","isPartOf":{"@id":"https:\/\/diariotextual.com\/inicio\/#website"},"primaryImageOfPage":{"@id":"https:\/\/diariotextual.com\/inicio\/index.php\/2019\/07\/24\/una-espiral-tomas-terrenos-ahora-al-lado-del-ex-molino-werner\/#primaryimage"},"image":{"@id":"https:\/\/diariotextual.com\/inicio\/index.php\/2019\/07\/24\/una-espiral-tomas-terrenos-ahora-al-lado-del-ex-molino-werner\/#primaryimage"},"thumbnailUrl":"https:\/\/diariotextual.com\/inicio\/wp-content\/uploads\/2019\/07\/asentamientoelmolino2019-1.jpg","datePublished":"2019-07-25T00:45:18+00:00","dateModified":"2019-07-25T12:33:07+00:00","breadcrumb":{"@id":"https:\/\/diariotextual.com\/inicio\/index.php\/2019\/07\/24\/una-espiral-tomas-terrenos-ahora-al-lado-del-ex-molino-werner\/#breadcrumb"},"inLanguage":"es","potentialAction":[{"@type":"ReadAction","target":["https:\/\/diariotextual.com\/inicio\/index.php\/2019\/07\/24\/una-espiral-tomas-terrenos-ahora-al-lado-del-ex-molino-werner\/"]}]},{"@type":"ImageObject","inLanguage":"es","@id":"https:\/\/diariotextual.com\/inicio\/index.php\/2019\/07\/24\/una-espiral-tomas-terrenos-ahora-al-lado-del-ex-molino-werner\/#primaryimage","url":"https:\/\/diariotextual.com\/inicio\/wp-content\/uploads\/2019\/07\/asentamientoelmolino2019-1.jpg","contentUrl":"https:\/\/diariotextual.com\/inicio\/wp-content\/uploads\/2019\/07\/asentamientoelmolino2019-1.jpg","width":1200,"height":757},{"@type":"BreadcrumbList","@id":"https:\/\/diariotextual.com\/inicio\/index.php\/2019\/07\/24\/una-espiral-tomas-terrenos-ahora-al-lado-del-ex-molino-werner\/#breadcrumb","itemListElement":[{"@type":"ListItem","position":1,"name":"Portada","item":"https:\/\/diariotextual.com\/inicio\/"},{"@type":"ListItem","position":2,"name":"Hay una espiral de tomas de terrenos: ahora al lado del ex Molino Werner"}]},{"@type":"WebSite","@id":"https:\/\/diariotextual.com\/inicio\/#website","url":"https:\/\/diariotextual.com\/inicio\/","name":"Diario Textual","description":"","publisher":{"@id":"https:\/\/diariotextual.com\/inicio\/#organization"},"potentialAction":[{"@type":"SearchAction","target":{"@type":"EntryPoint","urlTemplate":"https:\/\/diariotextual.com\/inicio\/?s={search_term_string}"},"query-input":{"@type":"PropertyValueSpecification","valueRequired":true,"valueName":"search_term_string"}}],"inLanguage":"es"},{"@type":"Organization","@id":"https:\/\/diariotextual.com\/inicio\/#organization","name":"Diario Textual","url":"https:\/\/diariotextual.com\/inicio\/","logo":{"@type":"ImageObject","inLanguage":"es","@id":"https:\/\/diariotextual.com\/inicio\/#\/schema\/logo\/image\/","url":"https:\/\/diariotextual.com\/inicio\/wp-content\/uploads\/2023\/05\/logotextual1.jpg","contentUrl":"https:\/\/diariotextual.com\/inicio\/wp-content\/uploads\/2023\/05\/logotextual1.jpg","width":516,"height":76,"caption":"Diario Textual"},"image":{"@id":"https:\/\/diariotextual.com\/inicio\/#\/schema\/logo\/image\/"},"sameAs":["https:\/\/www.facebook.com\/eltextual","https:\/\/x.com\/eltextual","http:\/\/www.instagram.com\/eltextual"]},{"@type":"Person","@id":"https:\/\/diariotextual.com\/inicio\/#\/schema\/person\/418fc4093c33e86ed41562db3508f958","name":"Diario1 Diario1","image":{"@type":"ImageObject","inLanguage":"es","@id":"https:\/\/secure.gravatar.com\/avatar\/9167d280179c85bc18be67aa7eda765854300033af4896dd779b608640f2ef7a?s=96&d=mm&r=g","url":"https:\/\/secure.gravatar.com\/avatar\/9167d280179c85bc18be67aa7eda765854300033af4896dd779b608640f2ef7a?s=96&d=mm&r=g","contentUrl":"https:\/\/secure.gravatar.com\/avatar\/9167d280179c85bc18be67aa7eda765854300033af4896dd779b608640f2ef7a?s=96&d=mm&r=g","caption":"Diario1 Diario1"},"url":"https:\/\/diariotextual.com\/inicio\/index.php\/author\/diario1\/"}]}},"_links":{"self":[{"href":"https:\/\/diariotextual.com\/inicio\/index.php\/wp-json\/wp\/v2\/posts\/56981","targetHints":{"allow":["GET"]}}],"collection":[{"href":"https:\/\/diariotextual.com\/inicio\/index.php\/wp-json\/wp\/v2\/posts"}],"about":[{"href":"https:\/\/diariotextual.com\/inicio\/index.php\/wp-json\/wp\/v2\/types\/post"}],"author":[{"embeddable":true,"href":"https:\/\/diariotextual.com\/inicio\/index.php\/wp-json\/wp\/v2\/users\/3"}],"replies":[{"embeddable":true,"href":"https:\/\/diariotextual.com\/inicio\/index.php\/wp-json\/wp\/v2\/comments?post=56981"}],"version-history":[{"count":8,"href":"https:\/\/diariotextual.com\/inicio\/index.php\/wp-json\/wp\/v2\/posts\/56981\/revisions"}],"predecessor-version":[{"id":56993,"href":"https:\/\/diariotextual.com\/inicio\/index.php\/wp-json\/wp\/v2\/posts\/56981\/revisions\/56993"}],"wp:featuredmedia":[{"embeddable":true,"href":"https:\/\/diariotextual.com\/inicio\/index.php\/wp-json\/wp\/v2\/media\/56985"}],"wp:attachment":[{"href":"https:\/\/diariotextual.com\/inicio\/index.php\/wp-json\/wp\/v2\/media?parent=56981"}],"wp:term":[{"taxonomy":"category","embeddable":true,"href":"https:\/\/diariotextual.com\/inicio\/index.php\/wp-json\/wp\/v2\/categories?post=56981"},{"taxonomy":"post_tag","embeddable":true,"href":"https:\/\/diariotextual.com\/inicio\/index.php\/wp-json\/wp\/v2\/tags?post=56981"}],"curies":[{"name":"wp","href":"https:\/\/api.w.org\/{rel}","templated":true}]}}